{"id":4483,"date":"2018-08-10T09:55:33","date_gmt":"2018-08-10T07:55:33","guid":{"rendered":"https:\/\/casal.puntzero.cat\/noticies\/les-escoles-i-instituts-la-clau-de-leducacio-en-xarxa\/"},"modified":"2023-04-04T12:47:51","modified_gmt":"2023-04-04T10:47:51","slug":"les-escoles-i-instituts-la-clau-de-leducacio-en-xarxa","status":"publish","type":"post","link":"https:\/\/www.casaldelsinfants.org\/es\/actualidad\/las-escuelas-y-los-institutos-la-clave-de-la-educacion-en-red\/","title":{"rendered":"Las escuelas y los institutos, la clave de la educaci\u00f3n en red"},"content":{"rendered":"<p><span style=\"color: #000000;\">Mediados de julio. El patio est\u00e1 en silencio, vaci\u00f3 de ni\u00f1os y ni\u00f1as y lleno de un sol de justicia. Pero parte del equipo educativo de la escuela Cascavell del barrio del Bes\u00f2s de Sant Adri\u00e0 de Bes\u00f2s todav\u00eda no est\u00e1 de vacaciones. \u00c0ngels P\u00e9rez, la directora del centro, sale de una sala del profesorado con dos sillas y las coloca en un refugio de sombra cerca de una de las canastas de b\u00e1squet. La acompa\u00f1a Juan Manuel Mart\u00edn, director del Casal dels Infants del Bes\u00f2s y La Mina. El par\u00e9ntesis del verano es un buen momento para hacer balance de los dos cursos que la escuela y la asociaci\u00f3n llevan sumando esfuerzos para mejorar el servicio educativo en el barrio.<\/span><\/p>\n<p><span style=\"color: #000000;\">Durante el curso, cuando las clases acaban, a las 17 h, el equipo educativo de Entorn Escolar Prim\u00e0ria del Casal dels Infants ya est\u00e1 en la escuela Cascavell para empezar el servicio. Participan unos cuarenta ni\u00f1os y ni\u00f1as, algunos escolarizados en la misma escuela, otros que vienen de distintos centros del bario o de los dos barrios vecinos: el Bes\u00f2s-Mares \u2014a una calle de la escuela y que forma parte de Barcelona\u2014 y el de La Mina. \u201cDe 17h a 19h nuestro objetivo es ofrecer un espacio seguro y de aprendizaje para que ni\u00f1os y ni\u00f1as en situaci\u00f3n de vulnerabilidad consoliden los conocimientos que aprenden en la escuela, y lo hacemos con un mayor peso de las actividades l\u00fadicas\u201d, explica Juan Manuel. \u201cPara impulsar el servicio, la mayor parte de la financiaci\u00f3n proviene del programa Caixa ProInf\u00e0ncia de la Obra Social \u201cla Caixa\u201d.<\/span><\/p>\n<div>\n<p class=\"destacat-noticia\">\u00c0ngels P\u00e9rez: \u00abCuantos m\u00e1s agentes educativos seamos en el territorio y m\u00e1s esfuerzos sumemos, mejor ser\u00e1 la atenci\u00f3n a los ni\u00f1os y ni\u00f1as y sus familias\u201d<\/p>\n<\/div>\n<p><span style=\"color: #000000;\">\u00bfPero por qu\u00e9 decidi\u00f3 la escuela Cascavell abrir las puertas a Entorn Escolar? Hay que tener en cuenta que este centro acoge familias en situaci\u00f3n de socioecon\u00f3mica desfavorecida, entre las cuales hay muchas reci\u00e9n llegadas, dos factores que hacen que el Departament d\u2019Ensenyament considere la escuela de alta complejidad. Ante este contexto, \u00c0ngels lo tiene claro: \u201cCuantos m\u00e1s agentes educativos seamos en el territorio y m\u00e1s esfuerzos sumemos, mejor ser\u00e1 la atenci\u00f3n a los ni\u00f1os y ni\u00f1as y sus familias\u201d.<\/span><\/p>\n<p><span style=\"font-size: 11pt;\"><span style=\"background: white;\"><span style=\"line-height: normal;\"><span style=\"font-family: Calibri,sans-serif;\"><span style=\"font-size: 13.0pt;\"><span style=\"font-family: 'MyriadPro-Semibold','serif';\"><span style=\"color: #006450;\">Familias participativas<\/span><\/span><\/span><\/span><\/span><\/span><\/span><\/p>\n<p><span style=\"color: #000000;\">La menci\u00f3n a las familias se repite durante la conversaci\u00f3n entre \u00c0ngels y Juan Manuel. Y es que, para ambas partes, el papel de los padres y madres es clave en el proceso educativo. Desde el curso 2015-2016, la escuela Cascavell forma parte del proyecto Comunitats d\u2019Aprenentatge, que aposta por una educaci\u00f3n m\u00e1s participativa y con un papel protagonista de las familias. Uno de los cambios metodol\u00f3gicos aplicado desde entonces ha sido crear grupos interactivos, en los que peque\u00f1os grupos de estudiantes, familias y maestros aprenden dialogando, as\u00ed como las tertulias literarias, que refuerzan la escucha activa, el l\u00e9xico y la capacidad de comunicaci\u00f3n.<\/span><\/p>\n<p><span style=\"color: #000000;\">Uno de los esfuerzos del claustro est\u00e1 siendo consolidar un grupo de madres que participen semanalmente en un espacio en la escuela, se involucren en la organizaci\u00f3n de actividades l\u00fadicas en fiestas se\u00f1aladas e intercambien propuestas con el profesorado. \u201cEste es uno de los aspectos en los que m\u00e1s nos ha ayudado el equipo de Entorn Escolar. Nos facilitan trabajar el v\u00ednculo afectivo con las familias y que haya continuidad de las madres participantes\u201d.<\/span><\/p>\n<figure class=\"align-center\" role=\"group\"><img decoding=\"async\" src=\"\/wp-content\/uploads\/inline-images\/CasalXef%20frame.jpg\" alt=\"Nens i nenes d'Entorn Escolar i les seves fam\u00edlies fent un concurs de cuina a l'escola Cascavell\" width=\"480\" height=\"270\" data-entity-type=\"file\" data-entity-uuid=\"4e3cb529-0d2c-4a8a-a0a1-738a0c6713af\" data-image-style=\"large\" \/><figcaption>Ni\u00f1os y ni\u00f1as de Entorn Escolar y sus familias haciendo un concurso de cocino en la escuela Cascavell<\/figcaption><\/figure>\n<p><span style=\"color: #000000;\">El intercambio entre el centro y el Casal dels Infants tambi\u00e9n ha dado frutos. Ha facilitado detectar situaciones de riesgo que en la escuela pod\u00edan pasar desapercibidas y que en Entorn Escolar el ni\u00f1o o la ni\u00f1a ha manifestado, o viceversa. Tambi\u00e9n ha permitido transmitir m\u00e1s y mejor informaci\u00f3n a las familias sobre los recursos a su alcance. Juan Manuel recuerda un caso en el que la escuela y el Casal se reunieron con una madre que no quer\u00eda acceder a los servicios sociales municipales: \u201cElla no confiaba en estos servicios, pero le hicimos entender que usarlos era su derecho y pod\u00eda beneficiar la situaci\u00f3n de su familia\u201d.<\/span><\/p>\n<p class=\"pregunta-entrevista\">Coordinaci\u00f3n<\/p>\n<p><span style=\"color: #000000;\">Coordinar un mismo espacio dos veces que acompa\u00f1an ni\u00f1os y ni\u00f1as, con muchas actividades y mucha energ\u00eda, puede parecer dif\u00edcil, aunque no coincidan en horario. La clave para que las cosas funcionen es una buena comunicaci\u00f3n y la capacidad de adaptaci\u00f3n. \u201cNo venimos a colonizar las aulas\u201d, comenta Juan Manuel haciendo broma. No obstante, en un inicio fue necesario sentarse y acordar aspectos pr\u00e1cticos, como \u201cla gesti\u00f3n de los accesos a la escuela, las entradas y salidas a las 17 h\u201d, comenta. <\/span><\/p>\n<figure class=\"align-center\" role=\"group\"><img decoding=\"async\" class=\"alignnone size-full wp-image-9543\" src=\"https:\/\/casaldelsinfants.org\/wp-content\/uploads\/angels-perez-1.webp\" alt=\"\" width=\"480\" height=\"270\" srcset=\"https:\/\/www.casaldelsinfants.org\/wp-content\/uploads\/angels-perez-1.webp 1920w, https:\/\/www.casaldelsinfants.org\/wp-content\/uploads\/angels-perez-1-768x432.webp 768w, https:\/\/www.casaldelsinfants.org\/wp-content\/uploads\/angels-perez-1-1536x864.webp 1536w, https:\/\/www.casaldelsinfants.org\/wp-content\/uploads\/angels-perez-1-1080x608.webp 1080w, https:\/\/www.casaldelsinfants.org\/wp-content\/uploads\/angels-perez-1-1280x720.webp 1280w, https:\/\/www.casaldelsinfants.org\/wp-content\/uploads\/angels-perez-1-980x551.webp 980w, https:\/\/www.casaldelsinfants.org\/wp-content\/uploads\/angels-perez-1-480x270.webp 480w\" sizes=\"(max-width: 480px) 100vw, 480px\" \/><figcaption>\u00c0ngels P\u00e9rez durante la conversaci\u00f3n con Juan Manuel Mart\u00edn<\/figcaption><\/figure>\n<p><span style=\"color: #000000;\">\u00c0ngels recuerda que en un principio la escuela no lo ten\u00eda claro: \u201cDud\u00e1bamos, no sab\u00edamos como encajar\u00eda Entorn Escolar\u201d, comenta. \u201cPero las dudas se deb\u00edan a nuestro propio desconocimiento del servicio. Enseguida vimos que ten\u00edamos el mismo objetivo y que yendo de la mano ser\u00eda m\u00e1s f\u00e1cil conseguirlo\u201d.<\/span><\/p>\n<div>\n<p class=\"destacat-noticia\">Juan Manuel Mart\u00edn: \u201cEs muy\u00a0importante encontrarnos un centro p\u00fablico que va m\u00e1s all\u00e1 del curr\u00edculum escolar. Que apuesta por la educaci\u00f3n comunitaria, dentro y fuera del horario lectivo\u201d.<\/p>\n<\/div>\n<p><span style=\"color: #000000;\">En cuanto al mantenimiento de los espacios, el equipo de Entorn Escolar y los ni\u00f1os y ni\u00f1as participantes son muy cuidadosos con dejar las aulas recogidas y listas para el d\u00eda siguiente. Un cuidado que el grupo aplica all\u00ed donde va: \u201cAyer fuimos a ver a los ni\u00f1os y ni\u00f1as a la casa de colonias y al director me dijo que estaba muy contento porque el grupo es muy ordenado. Eva, una de las educadoras, enseguida le coment\u00f3 que era un h\u00e1bito adquirido\u201d.<\/span><\/p>\n<p><span style=\"color: #000000;\">Cuando vuelvan de colonias, los ni\u00f1os y ni\u00f1as de Entorn Escolar que est\u00e1n participando en las actividades de verano del Casal dels Infants pasar\u00e1n lo que queda de agosto en el casal d\u2019estiu en la escuela Cascavell. Muy pronto, pues, se acabar\u00e1 la tranquilidad en el patio donde ahora se acaba la conversaci\u00f3n entre \u00c0ngels y Juan Manuel. Antes de irse, \u00e9l hace un \u00faltimo agradecimiento, extensivo a todas las escuelas e institutos que nos abren las puertas: \u201cPara nosotros es muy importante encontrarnos un centro p\u00fablico con una visi\u00f3n de la ense\u00f1anza que va m\u00e1s all\u00e1 del curr\u00edculum escolar. Que apuesto por la educaci\u00f3n comunitaria, dentro y fuera del horario lectivo\u201d.<\/span><\/p>\n","protected":false},"excerpt":{"rendered":"<div class=\"video-embed-field-responsive-video form-group\"><iframe loading=\"lazy\" width=\"854\" height=\"480\" frameborder=\"0\" allowfullscreen=\"allowfullscreen\" src=\"https:\/\/www.youtube.com\/embed\/xXegixm1Mfs?autoplay=0&amp;start=0&amp;rel=0\"><\/iframe>\n<\/div>\n<p class=\"text-align-center\">\u00a0<\/p>\n<p class=\"text-align-center\">Cuando acaba el horario lectivo, muchas escuelas e institutos abren las puertas de sus instalaciones a nuestros servicios educativos y l\u00fadicos. No se trata solo de una cesi\u00f3n de espacios, sino de una colaboraci\u00f3n que se traduce en el incremento del \u00e9xito de los ni\u00f1os y ni\u00f1as en el\u00a0aprendizaje. Las familias tienen as\u00ed dos referentes educativos especializados, m\u00e1s recursos para la crianza de sus hijos e hijas y m\u00e1s est\u00edmulos para participar en actividades comunitarias. Hablamos de ello con \u00c0ngels P\u00e9rez, la directora de la escuela Cascavell de Sant Adri\u00e0 de Bes\u00f2s, donde desarrollamos el servicio Entorn Escolar del Casal dels Infants del Bes\u00f2s y La Mina.<\/p>\n<p class=\"text-align-center\">\u00a0<\/p>\n","protected":false},"author":1,"featured_media":0,"comment_status":"open","ping_status":"open","sticky":false,"template":"","format":"standard","meta":{"_acf_changed":false,"_et_pb_use_builder":"","_et_pb_old_content":"","_et_gb_content_width":"","inline_featured_image":false,"footnotes":""},"categories":[105],"tags":[],"seus":[],"eixos":[99],"class_list":["post-4483","post","type-post","status-publish","format-standard","hentry","category-reportaje","eixos-infancia-y-adolescencia"],"acf":[],"yoast_head":"<!-- This site is optimized with the Yoast SEO plugin v27.4 - https:\/\/yoast.com\/product\/yoast-seo-wordpress\/ -->\n<title>Las escuelas y los institutos, la clave de la educaci\u00f3n en red - Casal dels Infants<\/title>\n<meta name=\"robots\" content=\"index, follow, max-snippet:-1, max-image-preview:large, max-video-preview:-1\" \/>\n<link rel=\"canonical\" href=\"https:\/\/www.casaldelsinfants.org\/es\/actualidad\/las-escuelas-y-los-institutos-la-clave-de-la-educacion-en-red\/\" \/>\n<meta property=\"og:locale\" content=\"es_ES\" \/>\n<meta property=\"og:type\" content=\"article\" \/>\n<meta property=\"og:title\" content=\"Las escuelas y los institutos, la clave de la educaci\u00f3n en red - Casal dels Infants\" \/>\n<meta property=\"og:description\" content=\"\u00a0  Cuando acaba el horario lectivo, muchas escuelas e institutos abren las puertas de sus instalaciones a nuestros servicios educativos y l\u00fadicos. No se trata solo de una cesi\u00f3n de espacios, sino de una colaboraci\u00f3n que se traduce en el incremento del \u00e9xito de los ni\u00f1os y ni\u00f1as en el\u00a0aprendizaje. Las familias tienen as\u00ed dos referentes educativos especializados, m\u00e1s recursos para la crianza de sus hijos e hijas y m\u00e1s est\u00edmulos para participar en actividades comunitarias. Hablamos de ello con \u00c0ngels P\u00e9rez, la directora de la escuela Cascavell de Sant Adri\u00e0 de Bes\u00f2s, donde desarrollamos el servicio Entorn Escolar del Casal dels Infants del Bes\u00f2s y La Mina.  \u00a0\" \/>\n<meta property=\"og:url\" content=\"https:\/\/www.casaldelsinfants.org\/es\/actualidad\/las-escuelas-y-los-institutos-la-clave-de-la-educacion-en-red\/\" \/>\n<meta property=\"og:site_name\" content=\"Casal dels Infants\" \/>\n<meta property=\"article:publisher\" content=\"https:\/\/www.facebook.com\/casalinfants\" \/>\n<meta property=\"article:published_time\" content=\"2018-08-10T07:55:33+00:00\" \/>\n<meta property=\"article:modified_time\" content=\"2023-04-04T10:47:51+00:00\" \/>\n<meta property=\"og:image\" content=\"https:\/\/casaldelsinfants.org\/wp-content\/uploads\/angels-perez-1.webp\" \/>\n<meta name=\"author\" content=\"cdiAdmin\" \/>\n<meta name=\"twitter:card\" content=\"summary_large_image\" \/>\n<meta name=\"twitter:creator\" content=\"@casalinfants\" \/>\n<meta name=\"twitter:site\" content=\"@casalinfants\" \/>\n<meta name=\"twitter:label1\" content=\"Escrito por\" \/>\n\t<meta name=\"twitter:data1\" content=\"cdiAdmin\" \/>\n\t<meta name=\"twitter:label2\" content=\"Tiempo de lectura\" \/>\n\t<meta name=\"twitter:data2\" content=\"6 minutos\" \/>\n<script type=\"application\/ld+json\" class=\"yoast-schema-graph\">{\"@context\":\"https:\\\/\\\/schema.org\",\"@graph\":[{\"@type\":\"Article\",\"@id\":\"https:\\\/\\\/www.casaldelsinfants.org\\\/es\\\/actualidad\\\/las-escuelas-y-los-institutos-la-clave-de-la-educacion-en-red\\\/#article\",\"isPartOf\":{\"@id\":\"https:\\\/\\\/www.casaldelsinfants.org\\\/es\\\/actualidad\\\/las-escuelas-y-los-institutos-la-clave-de-la-educacion-en-red\\\/\"},\"author\":{\"name\":\"cdiAdmin\",\"@id\":\"https:\\\/\\\/www.casaldelsinfants.org\\\/es\\\/#\\\/schema\\\/person\\\/97707fc8c64900cf36891127dbf9fba8\"},\"headline\":\"Las escuelas y los institutos, la clave de la educaci\u00f3n en red\",\"datePublished\":\"2018-08-10T07:55:33+00:00\",\"dateModified\":\"2023-04-04T10:47:51+00:00\",\"mainEntityOfPage\":{\"@id\":\"https:\\\/\\\/www.casaldelsinfants.org\\\/es\\\/actualidad\\\/las-escuelas-y-los-institutos-la-clave-de-la-educacion-en-red\\\/\"},\"wordCount\":1159,\"commentCount\":0,\"publisher\":{\"@id\":\"https:\\\/\\\/www.casaldelsinfants.org\\\/es\\\/#organization\"},\"image\":{\"@id\":\"https:\\\/\\\/www.casaldelsinfants.org\\\/es\\\/actualidad\\\/las-escuelas-y-los-institutos-la-clave-de-la-educacion-en-red\\\/#primaryimage\"},\"thumbnailUrl\":\"https:\\\/\\\/casaldelsinfants.org\\\/wp-content\\\/uploads\\\/angels-perez-1.webp\",\"articleSection\":[\"Reportaje\"],\"inLanguage\":\"es\",\"potentialAction\":[{\"@type\":\"CommentAction\",\"name\":\"Comment\",\"target\":[\"https:\\\/\\\/www.casaldelsinfants.org\\\/es\\\/actualidad\\\/las-escuelas-y-los-institutos-la-clave-de-la-educacion-en-red\\\/#respond\"]}]},{\"@type\":\"WebPage\",\"@id\":\"https:\\\/\\\/www.casaldelsinfants.org\\\/es\\\/actualidad\\\/las-escuelas-y-los-institutos-la-clave-de-la-educacion-en-red\\\/\",\"url\":\"https:\\\/\\\/www.casaldelsinfants.org\\\/es\\\/actualidad\\\/las-escuelas-y-los-institutos-la-clave-de-la-educacion-en-red\\\/\",\"name\":\"Las escuelas y los institutos, la clave de la educaci\u00f3n en red - Casal dels Infants\",\"isPartOf\":{\"@id\":\"https:\\\/\\\/www.casaldelsinfants.org\\\/es\\\/#website\"},\"primaryImageOfPage\":{\"@id\":\"https:\\\/\\\/www.casaldelsinfants.org\\\/es\\\/actualidad\\\/las-escuelas-y-los-institutos-la-clave-de-la-educacion-en-red\\\/#primaryimage\"},\"image\":{\"@id\":\"https:\\\/\\\/www.casaldelsinfants.org\\\/es\\\/actualidad\\\/las-escuelas-y-los-institutos-la-clave-de-la-educacion-en-red\\\/#primaryimage\"},\"thumbnailUrl\":\"https:\\\/\\\/casaldelsinfants.org\\\/wp-content\\\/uploads\\\/angels-perez-1.webp\",\"datePublished\":\"2018-08-10T07:55:33+00:00\",\"dateModified\":\"2023-04-04T10:47:51+00:00\",\"breadcrumb\":{\"@id\":\"https:\\\/\\\/www.casaldelsinfants.org\\\/es\\\/actualidad\\\/las-escuelas-y-los-institutos-la-clave-de-la-educacion-en-red\\\/#breadcrumb\"},\"inLanguage\":\"es\",\"potentialAction\":[{\"@type\":\"ReadAction\",\"target\":[\"https:\\\/\\\/www.casaldelsinfants.org\\\/es\\\/actualidad\\\/las-escuelas-y-los-institutos-la-clave-de-la-educacion-en-red\\\/\"]}]},{\"@type\":\"ImageObject\",\"inLanguage\":\"es\",\"@id\":\"https:\\\/\\\/www.casaldelsinfants.org\\\/es\\\/actualidad\\\/las-escuelas-y-los-institutos-la-clave-de-la-educacion-en-red\\\/#primaryimage\",\"url\":\"https:\\\/\\\/casaldelsinfants.org\\\/wp-content\\\/uploads\\\/angels-perez-1.webp\",\"contentUrl\":\"https:\\\/\\\/casaldelsinfants.org\\\/wp-content\\\/uploads\\\/angels-perez-1.webp\"},{\"@type\":\"BreadcrumbList\",\"@id\":\"https:\\\/\\\/www.casaldelsinfants.org\\\/es\\\/actualidad\\\/las-escuelas-y-los-institutos-la-clave-de-la-educacion-en-red\\\/#breadcrumb\",\"itemListElement\":[{\"@type\":\"ListItem\",\"position\":1,\"name\":\"Inici\",\"item\":\"https:\\\/\\\/www.casaldelsinfants.org\\\/es\\\/\"},{\"@type\":\"ListItem\",\"position\":2,\"name\":\"Las escuelas y los institutos, la clave de la educaci\u00f3n en red\"}]},{\"@type\":\"WebSite\",\"@id\":\"https:\\\/\\\/www.casaldelsinfants.org\\\/es\\\/#website\",\"url\":\"https:\\\/\\\/www.casaldelsinfants.org\\\/es\\\/\",\"name\":\"Casal dels Infants\",\"description\":\"\",\"publisher\":{\"@id\":\"https:\\\/\\\/www.casaldelsinfants.org\\\/es\\\/#organization\"},\"potentialAction\":[{\"@type\":\"SearchAction\",\"target\":{\"@type\":\"EntryPoint\",\"urlTemplate\":\"https:\\\/\\\/www.casaldelsinfants.org\\\/es\\\/?s={search_term_string}\"},\"query-input\":{\"@type\":\"PropertyValueSpecification\",\"valueRequired\":true,\"valueName\":\"search_term_string\"}}],\"inLanguage\":\"es\"},{\"@type\":\"Organization\",\"@id\":\"https:\\\/\\\/www.casaldelsinfants.org\\\/es\\\/#organization\",\"name\":\"Casal dels Infants\",\"url\":\"https:\\\/\\\/www.casaldelsinfants.org\\\/es\\\/\",\"logo\":{\"@type\":\"ImageObject\",\"inLanguage\":\"es\",\"@id\":\"https:\\\/\\\/www.casaldelsinfants.org\\\/es\\\/#\\\/schema\\\/logo\\\/image\\\/\",\"url\":\"https:\\\/\\\/www.casaldelsinfants.org\\\/wp-content\\\/uploads\\\/logo-mail.png\",\"contentUrl\":\"https:\\\/\\\/www.casaldelsinfants.org\\\/wp-content\\\/uploads\\\/logo-mail.png\",\"width\":380,\"height\":158,\"caption\":\"Casal dels Infants\"},\"image\":{\"@id\":\"https:\\\/\\\/www.casaldelsinfants.org\\\/es\\\/#\\\/schema\\\/logo\\\/image\\\/\"},\"sameAs\":[\"https:\\\/\\\/www.facebook.com\\\/casalinfants\",\"https:\\\/\\\/x.com\\\/casalinfants\",\"https:\\\/\\\/www.youtube.com\\\/user\\\/CasaldelsInfants1\",\"https:\\\/\\\/www.instagram.com\\\/casalinfants\\\/\",\"https:\\\/\\\/www.linkedin.com\\\/company\\\/casaldelsinfants?trk=organization-update_share-update_actor-text\"]},{\"@type\":\"Person\",\"@id\":\"https:\\\/\\\/www.casaldelsinfants.org\\\/es\\\/#\\\/schema\\\/person\\\/97707fc8c64900cf36891127dbf9fba8\",\"name\":\"cdiAdmin\",\"sameAs\":[\"https:\\\/\\\/casaldelsinfants.org\"]}]}<\/script>\n<!-- \/ Yoast SEO plugin. -->","yoast_head_json":{"title":"Las escuelas y los institutos, la clave de la educaci\u00f3n en red - Casal dels Infants","robots":{"index":"index","follow":"follow","max-snippet":"max-snippet:-1","max-image-preview":"max-image-preview:large","max-video-preview":"max-video-preview:-1"},"canonical":"https:\/\/www.casaldelsinfants.org\/es\/actualidad\/las-escuelas-y-los-institutos-la-clave-de-la-educacion-en-red\/","og_locale":"es_ES","og_type":"article","og_title":"Las escuelas y los institutos, la clave de la educaci\u00f3n en red - Casal dels Infants","og_description":"\u00a0  Cuando acaba el horario lectivo, muchas escuelas e institutos abren las puertas de sus instalaciones a nuestros servicios educativos y l\u00fadicos. No se trata solo de una cesi\u00f3n de espacios, sino de una colaboraci\u00f3n que se traduce en el incremento del \u00e9xito de los ni\u00f1os y ni\u00f1as en el\u00a0aprendizaje. Las familias tienen as\u00ed dos referentes educativos especializados, m\u00e1s recursos para la crianza de sus hijos e hijas y m\u00e1s est\u00edmulos para participar en actividades comunitarias. Hablamos de ello con \u00c0ngels P\u00e9rez, la directora de la escuela Cascavell de Sant Adri\u00e0 de Bes\u00f2s, donde desarrollamos el servicio Entorn Escolar del Casal dels Infants del Bes\u00f2s y La Mina.  \u00a0","og_url":"https:\/\/www.casaldelsinfants.org\/es\/actualidad\/las-escuelas-y-los-institutos-la-clave-de-la-educacion-en-red\/","og_site_name":"Casal dels Infants","article_publisher":"https:\/\/www.facebook.com\/casalinfants","article_published_time":"2018-08-10T07:55:33+00:00","article_modified_time":"2023-04-04T10:47:51+00:00","og_image":[{"url":"https:\/\/casaldelsinfants.org\/wp-content\/uploads\/angels-perez-1.webp","type":"","width":"","height":""}],"author":"cdiAdmin","twitter_card":"summary_large_image","twitter_creator":"@casalinfants","twitter_site":"@casalinfants","twitter_misc":{"Escrito por":"cdiAdmin","Tiempo de lectura":"6 minutos"},"schema":{"@context":"https:\/\/schema.org","@graph":[{"@type":"Article","@id":"https:\/\/www.casaldelsinfants.org\/es\/actualidad\/las-escuelas-y-los-institutos-la-clave-de-la-educacion-en-red\/#article","isPartOf":{"@id":"https:\/\/www.casaldelsinfants.org\/es\/actualidad\/las-escuelas-y-los-institutos-la-clave-de-la-educacion-en-red\/"},"author":{"name":"cdiAdmin","@id":"https:\/\/www.casaldelsinfants.org\/es\/#\/schema\/person\/97707fc8c64900cf36891127dbf9fba8"},"headline":"Las escuelas y los institutos, la clave de la educaci\u00f3n en red","datePublished":"2018-08-10T07:55:33+00:00","dateModified":"2023-04-04T10:47:51+00:00","mainEntityOfPage":{"@id":"https:\/\/www.casaldelsinfants.org\/es\/actualidad\/las-escuelas-y-los-institutos-la-clave-de-la-educacion-en-red\/"},"wordCount":1159,"commentCount":0,"publisher":{"@id":"https:\/\/www.casaldelsinfants.org\/es\/#organization"},"image":{"@id":"https:\/\/www.casaldelsinfants.org\/es\/actualidad\/las-escuelas-y-los-institutos-la-clave-de-la-educacion-en-red\/#primaryimage"},"thumbnailUrl":"https:\/\/casaldelsinfants.org\/wp-content\/uploads\/angels-perez-1.webp","articleSection":["Reportaje"],"inLanguage":"es","potentialAction":[{"@type":"CommentAction","name":"Comment","target":["https:\/\/www.casaldelsinfants.org\/es\/actualidad\/las-escuelas-y-los-institutos-la-clave-de-la-educacion-en-red\/#respond"]}]},{"@type":"WebPage","@id":"https:\/\/www.casaldelsinfants.org\/es\/actualidad\/las-escuelas-y-los-institutos-la-clave-de-la-educacion-en-red\/","url":"https:\/\/www.casaldelsinfants.org\/es\/actualidad\/las-escuelas-y-los-institutos-la-clave-de-la-educacion-en-red\/","name":"Las escuelas y los institutos, la clave de la educaci\u00f3n en red - Casal dels Infants","isPartOf":{"@id":"https:\/\/www.casaldelsinfants.org\/es\/#website"},"primaryImageOfPage":{"@id":"https:\/\/www.casaldelsinfants.org\/es\/actualidad\/las-escuelas-y-los-institutos-la-clave-de-la-educacion-en-red\/#primaryimage"},"image":{"@id":"https:\/\/www.casaldelsinfants.org\/es\/actualidad\/las-escuelas-y-los-institutos-la-clave-de-la-educacion-en-red\/#primaryimage"},"thumbnailUrl":"https:\/\/casaldelsinfants.org\/wp-content\/uploads\/angels-perez-1.webp","datePublished":"2018-08-10T07:55:33+00:00","dateModified":"2023-04-04T10:47:51+00:00","breadcrumb":{"@id":"https:\/\/www.casaldelsinfants.org\/es\/actualidad\/las-escuelas-y-los-institutos-la-clave-de-la-educacion-en-red\/#breadcrumb"},"inLanguage":"es","potentialAction":[{"@type":"ReadAction","target":["https:\/\/www.casaldelsinfants.org\/es\/actualidad\/las-escuelas-y-los-institutos-la-clave-de-la-educacion-en-red\/"]}]},{"@type":"ImageObject","inLanguage":"es","@id":"https:\/\/www.casaldelsinfants.org\/es\/actualidad\/las-escuelas-y-los-institutos-la-clave-de-la-educacion-en-red\/#primaryimage","url":"https:\/\/casaldelsinfants.org\/wp-content\/uploads\/angels-perez-1.webp","contentUrl":"https:\/\/casaldelsinfants.org\/wp-content\/uploads\/angels-perez-1.webp"},{"@type":"BreadcrumbList","@id":"https:\/\/www.casaldelsinfants.org\/es\/actualidad\/las-escuelas-y-los-institutos-la-clave-de-la-educacion-en-red\/#breadcrumb","itemListElement":[{"@type":"ListItem","position":1,"name":"Inici","item":"https:\/\/www.casaldelsinfants.org\/es\/"},{"@type":"ListItem","position":2,"name":"Las escuelas y los institutos, la clave de la educaci\u00f3n en red"}]},{"@type":"WebSite","@id":"https:\/\/www.casaldelsinfants.org\/es\/#website","url":"https:\/\/www.casaldelsinfants.org\/es\/","name":"Casal dels Infants","description":"","publisher":{"@id":"https:\/\/www.casaldelsinfants.org\/es\/#organization"},"potentialAction":[{"@type":"SearchAction","target":{"@type":"EntryPoint","urlTemplate":"https:\/\/www.casaldelsinfants.org\/es\/?s={search_term_string}"},"query-input":{"@type":"PropertyValueSpecification","valueRequired":true,"valueName":"search_term_string"}}],"inLanguage":"es"},{"@type":"Organization","@id":"https:\/\/www.casaldelsinfants.org\/es\/#organization","name":"Casal dels Infants","url":"https:\/\/www.casaldelsinfants.org\/es\/","logo":{"@type":"ImageObject","inLanguage":"es","@id":"https:\/\/www.casaldelsinfants.org\/es\/#\/schema\/logo\/image\/","url":"https:\/\/www.casaldelsinfants.org\/wp-content\/uploads\/logo-mail.png","contentUrl":"https:\/\/www.casaldelsinfants.org\/wp-content\/uploads\/logo-mail.png","width":380,"height":158,"caption":"Casal dels Infants"},"image":{"@id":"https:\/\/www.casaldelsinfants.org\/es\/#\/schema\/logo\/image\/"},"sameAs":["https:\/\/www.facebook.com\/casalinfants","https:\/\/x.com\/casalinfants","https:\/\/www.youtube.com\/user\/CasaldelsInfants1","https:\/\/www.instagram.com\/casalinfants\/","https:\/\/www.linkedin.com\/company\/casaldelsinfants?trk=organization-update_share-update_actor-text"]},{"@type":"Person","@id":"https:\/\/www.casaldelsinfants.org\/es\/#\/schema\/person\/97707fc8c64900cf36891127dbf9fba8","name":"cdiAdmin","sameAs":["https:\/\/casaldelsinfants.org"]}]}},"publishpress_future_action":{"enabled":false,"date":"2026-05-06 21:59:46","action":"change-status","newStatus":"draft","terms":[],"taxonomy":"category","extraData":[]},"publishpress_future_workflow_manual_trigger":{"enabledWorkflows":[]},"_links":{"self":[{"href":"https:\/\/www.casaldelsinfants.org\/es\/wp-json\/wp\/v2\/posts\/4483","targetHints":{"allow":["GET"]}}],"collection":[{"href":"https:\/\/www.casaldelsinfants.org\/es\/wp-json\/wp\/v2\/posts"}],"about":[{"href":"https:\/\/www.casaldelsinfants.org\/es\/wp-json\/wp\/v2\/types\/post"}],"author":[{"embeddable":true,"href":"https:\/\/www.casaldelsinfants.org\/es\/wp-json\/wp\/v2\/users\/1"}],"replies":[{"embeddable":true,"href":"https:\/\/www.casaldelsinfants.org\/es\/wp-json\/wp\/v2\/comments?post=4483"}],"version-history":[{"count":2,"href":"https:\/\/www.casaldelsinfants.org\/es\/wp-json\/wp\/v2\/posts\/4483\/revisions"}],"predecessor-version":[{"id":9549,"href":"https:\/\/www.casaldelsinfants.org\/es\/wp-json\/wp\/v2\/posts\/4483\/revisions\/9549"}],"wp:attachment":[{"href":"https:\/\/www.casaldelsinfants.org\/es\/wp-json\/wp\/v2\/media?parent=4483"}],"wp:term":[{"taxonomy":"category","embeddable":true,"href":"https:\/\/www.casaldelsinfants.org\/es\/wp-json\/wp\/v2\/categories?post=4483"},{"taxonomy":"post_tag","embeddable":true,"href":"https:\/\/www.casaldelsinfants.org\/es\/wp-json\/wp\/v2\/tags?post=4483"},{"taxonomy":"seus","embeddable":true,"href":"https:\/\/www.casaldelsinfants.org\/es\/wp-json\/wp\/v2\/seus?post=4483"},{"taxonomy":"eixos","embeddable":true,"href":"https:\/\/www.casaldelsinfants.org\/es\/wp-json\/wp\/v2\/eixos?post=4483"}],"curies":[{"name":"wp","href":"https:\/\/api.w.org\/{rel}","templated":true}]}}