{"id":44830,"date":"2025-11-21T15:25:01","date_gmt":"2025-11-21T13:25:01","guid":{"rendered":"https:\/\/www.casaldelsinfants.org\/?p=44830"},"modified":"2025-11-21T15:25:01","modified_gmt":"2025-11-21T13:25:01","slug":"la-mina-derechos-de-la-infancia","status":"publish","type":"post","link":"https:\/\/www.casaldelsinfants.org\/es\/actualidad\/la-mina-derechos-de-la-infancia\/","title":{"rendered":"La Mina se ilumina en defensa de los derechos de la infancia"},"content":{"rendered":"<p data-start=\"42\" data-end=\"379\">Con motivo del <strong>D\u00eda Mundial de la Infancia<\/strong>, el jueves 20 de noviembre los ni\u00f1os, ni\u00f1as y adolescentes del Casal dels Infants Bes\u00f2s-La Mina salieron a la calle, junto con otras entidades y la comunidad infantil del barrio de La Mina, para hacer una r\u00faa con farolillos y <strong>alzar su voz a favor de los derechos de todos los ni\u00f1os y ni\u00f1as<\/strong>.<\/p>\n<p data-start=\"381\" data-end=\"806\">Ni\u00f1os, ni\u00f1as, j\u00f3venes y familias se concentraron delante del local del Casal en la Rambla de La Mina para caminar hasta el <strong>edificio Venus<\/strong>, con farolillos creados por los propios ni\u00f1os y ni\u00f1as con la ayuda de las familias, que iluminaban su camino. La luz de cada farolillo simbolizaba c\u00f3mo <strong>peque\u00f1as luces pueden formar una muy grande<\/strong>, del mismo modo que la comunidad se agrupa en defensa de los derechos de los ni\u00f1os y ni\u00f1as.<\/p>\n<p data-start=\"808\" data-end=\"1124\">Delante del edificio Venus, los portavoces escogidos entre los ni\u00f1os y adolescentes de las entidades participantes \u2014Fundaci\u00f3 Pere Closa, Associaci\u00f3 Casal Infantil La Mina, La Capsa dels Jocs, Fem Fam\u00edlia, PES La Mina y el Casal dels Infants\u2014 leyeron <strong>el manifiesto que ellos y ellas mismas hab\u00edan escrito para el 20N<\/strong>.<\/p>\n<p data-start=\"1126\" data-end=\"1443\">Reclamaron espacios verdes, parques infantiles y calles en buen estado en el barrio, haciendo referencia al <strong>derecho al juego<\/strong>, tal como est\u00e1 recogido en la <span style=\"text-decoration: underline;\"><a href=\"https:\/\/jocdelsdrets.gencat.cat\/assets\/pdf\/Convencio_drets_infancia.pdf\" target=\"_blank\" rel=\"noopener\">Convenci\u00f3n sobre los Derechos del Ni\u00f1o<\/a><\/span>. Tambi\u00e9n reivindicaron el derecho a \u201cser escuchados, a jugar y a aprender en paz\u201d y a crecer \u201ccon oportunidades y respeto\u201d.<\/p>\n<p data-start=\"1445\" data-end=\"1702\">\u201cAs\u00ed es como queremos crecer, y as\u00ed es como queremos que crezcan todos los ni\u00f1os y ni\u00f1as del mundo\u201d, afirmaron los ni\u00f1os y ni\u00f1as de la Fundaci\u00f3 Pere Closa. \u201c<strong>Nuestros derechos no son un regalo, son una necesidad<\/strong>\u201d, sentenciaron los y las portavoces del Casal.<\/p>\n<p data-start=\"1445\" data-end=\"1702\">\n<h1 data-start=\"1704\" data-end=\"2049\"><strong data-start=\"1704\" data-end=\"1790\">1 de cada 3 ni\u00f1os en situaci\u00f3n de riesgo de pobreza o exclusi\u00f3n social en Catalunya<\/strong><\/h1>\n<p data-start=\"1704\" data-end=\"2049\">Alzar la voz para defender los derechos de la infancia sigue siendo muy necesario. <strong>En Catalunya, 467.000 ni\u00f1os y ni\u00f1as, 1 de cada 3, viven en riesgo de pobreza o exclusi\u00f3n social<\/strong>, seg\u00fan la Encuesta de Condiciones de Vida de 2024. Son 25.000 m\u00e1s que en 2023.<\/p>\n<p data-start=\"2051\" data-end=\"2262\"><strong>La infancia es la franja de edad que m\u00e1s sufre esta situaci\u00f3n<\/strong>, y con los a\u00f1os se ha cronificado. En la \u00faltima d\u00e9cada, la proporci\u00f3n de ni\u00f1os y ni\u00f1as afectados se ha mantenido por encima del 30%, excepto en 2016.<\/p>\n<p data-start=\"2264\" data-end=\"2654\">Esencialmente, el 20N es un d\u00eda para recordar a escala mundial la importancia de proteger y promover los derechos de la infancia, para exigir a gobiernos y organizaciones su compromiso de velar por el bienestar de los ni\u00f1os y ni\u00f1as mediante pol\u00edticas y leyes, para educar a las personas, tanto j\u00f3venes como adultas, sobre los derechos de la infancia, y para empoderar a los ni\u00f1os y ni\u00f1as.<\/p>\n","protected":false},"excerpt":{"rendered":"<p>Con motivo del D\u00eda Mundial de la Infancia, el jueves 20 de noviembre los ni\u00f1os, ni\u00f1as y adolescentes del Casal dels Infants Bes\u00f2s-La Mina salieron a la calle, junto con otras entidades y la comunidad infantil del barrio de La Mina, para hacer una r\u00faa con farolillos y alzar su voz a favor de los [&hellip;]<\/p>\n","protected":false},"author":9,"featured_media":44827,"comment_status":"open","ping_status":"open","sticky":false,"template":"","format":"standard","meta":{"_acf_changed":false,"_et_pb_use_builder":"","_et_pb_old_content":"","_et_gb_content_width":"","inline_featured_image":false,"footnotes":""},"categories":[125],"tags":[],"seus":[208],"eixos":[110,205],"class_list":["post-44830","post","type-post","status-publish","format-standard","has-post-thumbnail","hentry","category-noticias","seus-el-casal-dels-infants-del-besos-i-la-mina-es","eixos-comunidad-casal-dels-infants","eixos-infancia-y-adolescencia-es"],"acf":[],"yoast_head":"<!-- This site is optimized with the Yoast SEO plugin v27.4 - https:\/\/yoast.com\/product\/yoast-seo-wordpress\/ -->\n<title>La Mina se ilumina en defensa de los derechos de la infancia - Casal dels Infants<\/title>\n<meta name=\"description\" content=\"La Mina se ilumina en defensa de los derechos de la infancia, en una r\u00faa y lectura del manifiesto con ni\u00f1os, ni\u00f1as y familias del barrio.\" \/>\n<meta name=\"robots\" content=\"index, follow, max-snippet:-1, max-image-preview:large, max-video-preview:-1\" \/>\n<link rel=\"canonical\" href=\"https:\/\/www.casaldelsinfants.org\/es\/actualidad\/la-mina-derechos-de-la-infancia\/\" \/>\n<meta property=\"og:locale\" content=\"es_ES\" \/>\n<meta property=\"og:type\" content=\"article\" \/>\n<meta property=\"og:title\" content=\"La Mina se ilumina en defensa de los derechos de la infancia - Casal dels Infants\" \/>\n<meta property=\"og:description\" content=\"La Mina se ilumina en defensa de los derechos de la infancia, en una r\u00faa y lectura del manifiesto con ni\u00f1os, ni\u00f1as y familias del barrio.\" \/>\n<meta property=\"og:url\" content=\"https:\/\/www.casaldelsinfants.org\/es\/actualidad\/la-mina-derechos-de-la-infancia\/\" \/>\n<meta property=\"og:site_name\" content=\"Casal dels Infants\" \/>\n<meta property=\"article:publisher\" content=\"https:\/\/www.facebook.com\/casalinfants\" \/>\n<meta property=\"article:published_time\" content=\"2025-11-21T13:25:01+00:00\" \/>\n<meta property=\"og:image\" content=\"https:\/\/www.casaldelsinfants.org\/wp-content\/uploads\/posts-xarxes-instagram-3-png.webp\" \/>\n\t<meta property=\"og:image:width\" content=\"940\" \/>\n\t<meta property=\"og:image:height\" content=\"788\" \/>\n\t<meta property=\"og:image:type\" content=\"image\/png\" \/>\n<meta name=\"author\" content=\"julia\" \/>\n<meta name=\"twitter:card\" content=\"summary_large_image\" \/>\n<meta name=\"twitter:creator\" content=\"@casalinfants\" \/>\n<meta name=\"twitter:site\" content=\"@casalinfants\" \/>\n<meta name=\"twitter:label1\" content=\"Escrito por\" \/>\n\t<meta name=\"twitter:data1\" content=\"julia\" \/>\n\t<meta name=\"twitter:label2\" content=\"Tiempo de lectura\" \/>\n\t<meta name=\"twitter:data2\" content=\"3 minutos\" \/>\n<script type=\"application\/ld+json\" class=\"yoast-schema-graph\">{\"@context\":\"https:\\\/\\\/schema.org\",\"@graph\":[{\"@type\":\"Article\",\"@id\":\"https:\\\/\\\/www.casaldelsinfants.org\\\/es\\\/actualidad\\\/la-mina-derechos-de-la-infancia\\\/#article\",\"isPartOf\":{\"@id\":\"https:\\\/\\\/www.casaldelsinfants.org\\\/es\\\/actualidad\\\/la-mina-derechos-de-la-infancia\\\/\"},\"author\":{\"name\":\"julia\",\"@id\":\"https:\\\/\\\/www.casaldelsinfants.org\\\/es\\\/#\\\/schema\\\/person\\\/e870791b50f03fd60f872e1cd83910fc\"},\"headline\":\"La Mina se ilumina en defensa de los derechos de la infancia\",\"datePublished\":\"2025-11-21T13:25:01+00:00\",\"mainEntityOfPage\":{\"@id\":\"https:\\\/\\\/www.casaldelsinfants.org\\\/es\\\/actualidad\\\/la-mina-derechos-de-la-infancia\\\/\"},\"wordCount\":504,\"commentCount\":0,\"publisher\":{\"@id\":\"https:\\\/\\\/www.casaldelsinfants.org\\\/es\\\/#organization\"},\"image\":{\"@id\":\"https:\\\/\\\/www.casaldelsinfants.org\\\/es\\\/actualidad\\\/la-mina-derechos-de-la-infancia\\\/#primaryimage\"},\"thumbnailUrl\":\"https:\\\/\\\/www.casaldelsinfants.org\\\/wp-content\\\/uploads\\\/posts-xarxes-instagram-3-png.webp\",\"articleSection\":[\"Noticia\"],\"inLanguage\":\"es\",\"potentialAction\":[{\"@type\":\"CommentAction\",\"name\":\"Comment\",\"target\":[\"https:\\\/\\\/www.casaldelsinfants.org\\\/es\\\/actualidad\\\/la-mina-derechos-de-la-infancia\\\/#respond\"]}]},{\"@type\":\"WebPage\",\"@id\":\"https:\\\/\\\/www.casaldelsinfants.org\\\/es\\\/actualidad\\\/la-mina-derechos-de-la-infancia\\\/\",\"url\":\"https:\\\/\\\/www.casaldelsinfants.org\\\/es\\\/actualidad\\\/la-mina-derechos-de-la-infancia\\\/\",\"name\":\"La Mina se ilumina en defensa de los derechos de la infancia - Casal dels Infants\",\"isPartOf\":{\"@id\":\"https:\\\/\\\/www.casaldelsinfants.org\\\/es\\\/#website\"},\"primaryImageOfPage\":{\"@id\":\"https:\\\/\\\/www.casaldelsinfants.org\\\/es\\\/actualidad\\\/la-mina-derechos-de-la-infancia\\\/#primaryimage\"},\"image\":{\"@id\":\"https:\\\/\\\/www.casaldelsinfants.org\\\/es\\\/actualidad\\\/la-mina-derechos-de-la-infancia\\\/#primaryimage\"},\"thumbnailUrl\":\"https:\\\/\\\/www.casaldelsinfants.org\\\/wp-content\\\/uploads\\\/posts-xarxes-instagram-3-png.webp\",\"datePublished\":\"2025-11-21T13:25:01+00:00\",\"description\":\"La Mina se ilumina en defensa de los derechos de la infancia, en una r\u00faa y lectura del manifiesto con ni\u00f1os, ni\u00f1as y familias del barrio.\",\"breadcrumb\":{\"@id\":\"https:\\\/\\\/www.casaldelsinfants.org\\\/es\\\/actualidad\\\/la-mina-derechos-de-la-infancia\\\/#breadcrumb\"},\"inLanguage\":\"es\",\"potentialAction\":[{\"@type\":\"ReadAction\",\"target\":[\"https:\\\/\\\/www.casaldelsinfants.org\\\/es\\\/actualidad\\\/la-mina-derechos-de-la-infancia\\\/\"]}]},{\"@type\":\"ImageObject\",\"inLanguage\":\"es\",\"@id\":\"https:\\\/\\\/www.casaldelsinfants.org\\\/es\\\/actualidad\\\/la-mina-derechos-de-la-infancia\\\/#primaryimage\",\"url\":\"https:\\\/\\\/www.casaldelsinfants.org\\\/wp-content\\\/uploads\\\/posts-xarxes-instagram-3-png.webp\",\"contentUrl\":\"https:\\\/\\\/www.casaldelsinfants.org\\\/wp-content\\\/uploads\\\/posts-xarxes-instagram-3-png.webp\",\"width\":940,\"height\":788,\"caption\":\"20N a La Mina\"},{\"@type\":\"BreadcrumbList\",\"@id\":\"https:\\\/\\\/www.casaldelsinfants.org\\\/es\\\/actualidad\\\/la-mina-derechos-de-la-infancia\\\/#breadcrumb\",\"itemListElement\":[{\"@type\":\"ListItem\",\"position\":1,\"name\":\"Inici\",\"item\":\"https:\\\/\\\/www.casaldelsinfants.org\\\/es\\\/\"},{\"@type\":\"ListItem\",\"position\":2,\"name\":\"La Mina se ilumina en defensa de los derechos de la infancia\"}]},{\"@type\":\"WebSite\",\"@id\":\"https:\\\/\\\/www.casaldelsinfants.org\\\/es\\\/#website\",\"url\":\"https:\\\/\\\/www.casaldelsinfants.org\\\/es\\\/\",\"name\":\"Casal dels Infants\",\"description\":\"\",\"publisher\":{\"@id\":\"https:\\\/\\\/www.casaldelsinfants.org\\\/es\\\/#organization\"},\"potentialAction\":[{\"@type\":\"SearchAction\",\"target\":{\"@type\":\"EntryPoint\",\"urlTemplate\":\"https:\\\/\\\/www.casaldelsinfants.org\\\/es\\\/?s={search_term_string}\"},\"query-input\":{\"@type\":\"PropertyValueSpecification\",\"valueRequired\":true,\"valueName\":\"search_term_string\"}}],\"inLanguage\":\"es\"},{\"@type\":\"Organization\",\"@id\":\"https:\\\/\\\/www.casaldelsinfants.org\\\/es\\\/#organization\",\"name\":\"Casal dels Infants\",\"url\":\"https:\\\/\\\/www.casaldelsinfants.org\\\/es\\\/\",\"logo\":{\"@type\":\"ImageObject\",\"inLanguage\":\"es\",\"@id\":\"https:\\\/\\\/www.casaldelsinfants.org\\\/es\\\/#\\\/schema\\\/logo\\\/image\\\/\",\"url\":\"https:\\\/\\\/www.casaldelsinfants.org\\\/wp-content\\\/uploads\\\/logo-mail.png\",\"contentUrl\":\"https:\\\/\\\/www.casaldelsinfants.org\\\/wp-content\\\/uploads\\\/logo-mail.png\",\"width\":380,\"height\":158,\"caption\":\"Casal dels Infants\"},\"image\":{\"@id\":\"https:\\\/\\\/www.casaldelsinfants.org\\\/es\\\/#\\\/schema\\\/logo\\\/image\\\/\"},\"sameAs\":[\"https:\\\/\\\/www.facebook.com\\\/casalinfants\",\"https:\\\/\\\/x.com\\\/casalinfants\",\"https:\\\/\\\/www.youtube.com\\\/user\\\/CasaldelsInfants1\",\"https:\\\/\\\/www.instagram.com\\\/casalinfants\\\/\",\"https:\\\/\\\/www.linkedin.com\\\/company\\\/casaldelsinfants?trk=organization-update_share-update_actor-text\"]},{\"@type\":\"Person\",\"@id\":\"https:\\\/\\\/www.casaldelsinfants.org\\\/es\\\/#\\\/schema\\\/person\\\/e870791b50f03fd60f872e1cd83910fc\",\"name\":\"julia\"}]}<\/script>\n<!-- \/ Yoast SEO plugin. -->","yoast_head_json":{"title":"La Mina se ilumina en defensa de los derechos de la infancia - Casal dels Infants","description":"La Mina se ilumina en defensa de los derechos de la infancia, en una r\u00faa y lectura del manifiesto con ni\u00f1os, ni\u00f1as y familias del barrio.","robots":{"index":"index","follow":"follow","max-snippet":"max-snippet:-1","max-image-preview":"max-image-preview:large","max-video-preview":"max-video-preview:-1"},"canonical":"https:\/\/www.casaldelsinfants.org\/es\/actualidad\/la-mina-derechos-de-la-infancia\/","og_locale":"es_ES","og_type":"article","og_title":"La Mina se ilumina en defensa de los derechos de la infancia - Casal dels Infants","og_description":"La Mina se ilumina en defensa de los derechos de la infancia, en una r\u00faa y lectura del manifiesto con ni\u00f1os, ni\u00f1as y familias del barrio.","og_url":"https:\/\/www.casaldelsinfants.org\/es\/actualidad\/la-mina-derechos-de-la-infancia\/","og_site_name":"Casal dels Infants","article_publisher":"https:\/\/www.facebook.com\/casalinfants","article_published_time":"2025-11-21T13:25:01+00:00","og_image":[{"width":940,"height":788,"url":"https:\/\/www.casaldelsinfants.org\/wp-content\/uploads\/posts-xarxes-instagram-3-png.webp","type":"image\/png"}],"author":"julia","twitter_card":"summary_large_image","twitter_creator":"@casalinfants","twitter_site":"@casalinfants","twitter_misc":{"Escrito por":"julia","Tiempo de lectura":"3 minutos"},"schema":{"@context":"https:\/\/schema.org","@graph":[{"@type":"Article","@id":"https:\/\/www.casaldelsinfants.org\/es\/actualidad\/la-mina-derechos-de-la-infancia\/#article","isPartOf":{"@id":"https:\/\/www.casaldelsinfants.org\/es\/actualidad\/la-mina-derechos-de-la-infancia\/"},"author":{"name":"julia","@id":"https:\/\/www.casaldelsinfants.org\/es\/#\/schema\/person\/e870791b50f03fd60f872e1cd83910fc"},"headline":"La Mina se ilumina en defensa de los derechos de la infancia","datePublished":"2025-11-21T13:25:01+00:00","mainEntityOfPage":{"@id":"https:\/\/www.casaldelsinfants.org\/es\/actualidad\/la-mina-derechos-de-la-infancia\/"},"wordCount":504,"commentCount":0,"publisher":{"@id":"https:\/\/www.casaldelsinfants.org\/es\/#organization"},"image":{"@id":"https:\/\/www.casaldelsinfants.org\/es\/actualidad\/la-mina-derechos-de-la-infancia\/#primaryimage"},"thumbnailUrl":"https:\/\/www.casaldelsinfants.org\/wp-content\/uploads\/posts-xarxes-instagram-3-png.webp","articleSection":["Noticia"],"inLanguage":"es","potentialAction":[{"@type":"CommentAction","name":"Comment","target":["https:\/\/www.casaldelsinfants.org\/es\/actualidad\/la-mina-derechos-de-la-infancia\/#respond"]}]},{"@type":"WebPage","@id":"https:\/\/www.casaldelsinfants.org\/es\/actualidad\/la-mina-derechos-de-la-infancia\/","url":"https:\/\/www.casaldelsinfants.org\/es\/actualidad\/la-mina-derechos-de-la-infancia\/","name":"La Mina se ilumina en defensa de los derechos de la infancia - Casal dels Infants","isPartOf":{"@id":"https:\/\/www.casaldelsinfants.org\/es\/#website"},"primaryImageOfPage":{"@id":"https:\/\/www.casaldelsinfants.org\/es\/actualidad\/la-mina-derechos-de-la-infancia\/#primaryimage"},"image":{"@id":"https:\/\/www.casaldelsinfants.org\/es\/actualidad\/la-mina-derechos-de-la-infancia\/#primaryimage"},"thumbnailUrl":"https:\/\/www.casaldelsinfants.org\/wp-content\/uploads\/posts-xarxes-instagram-3-png.webp","datePublished":"2025-11-21T13:25:01+00:00","description":"La Mina se ilumina en defensa de los derechos de la infancia, en una r\u00faa y lectura del manifiesto con ni\u00f1os, ni\u00f1as y familias del barrio.","breadcrumb":{"@id":"https:\/\/www.casaldelsinfants.org\/es\/actualidad\/la-mina-derechos-de-la-infancia\/#breadcrumb"},"inLanguage":"es","potentialAction":[{"@type":"ReadAction","target":["https:\/\/www.casaldelsinfants.org\/es\/actualidad\/la-mina-derechos-de-la-infancia\/"]}]},{"@type":"ImageObject","inLanguage":"es","@id":"https:\/\/www.casaldelsinfants.org\/es\/actualidad\/la-mina-derechos-de-la-infancia\/#primaryimage","url":"https:\/\/www.casaldelsinfants.org\/wp-content\/uploads\/posts-xarxes-instagram-3-png.webp","contentUrl":"https:\/\/www.casaldelsinfants.org\/wp-content\/uploads\/posts-xarxes-instagram-3-png.webp","width":940,"height":788,"caption":"20N a La Mina"},{"@type":"BreadcrumbList","@id":"https:\/\/www.casaldelsinfants.org\/es\/actualidad\/la-mina-derechos-de-la-infancia\/#breadcrumb","itemListElement":[{"@type":"ListItem","position":1,"name":"Inici","item":"https:\/\/www.casaldelsinfants.org\/es\/"},{"@type":"ListItem","position":2,"name":"La Mina se ilumina en defensa de los derechos de la infancia"}]},{"@type":"WebSite","@id":"https:\/\/www.casaldelsinfants.org\/es\/#website","url":"https:\/\/www.casaldelsinfants.org\/es\/","name":"Casal dels Infants","description":"","publisher":{"@id":"https:\/\/www.casaldelsinfants.org\/es\/#organization"},"potentialAction":[{"@type":"SearchAction","target":{"@type":"EntryPoint","urlTemplate":"https:\/\/www.casaldelsinfants.org\/es\/?s={search_term_string}"},"query-input":{"@type":"PropertyValueSpecification","valueRequired":true,"valueName":"search_term_string"}}],"inLanguage":"es"},{"@type":"Organization","@id":"https:\/\/www.casaldelsinfants.org\/es\/#organization","name":"Casal dels Infants","url":"https:\/\/www.casaldelsinfants.org\/es\/","logo":{"@type":"ImageObject","inLanguage":"es","@id":"https:\/\/www.casaldelsinfants.org\/es\/#\/schema\/logo\/image\/","url":"https:\/\/www.casaldelsinfants.org\/wp-content\/uploads\/logo-mail.png","contentUrl":"https:\/\/www.casaldelsinfants.org\/wp-content\/uploads\/logo-mail.png","width":380,"height":158,"caption":"Casal dels Infants"},"image":{"@id":"https:\/\/www.casaldelsinfants.org\/es\/#\/schema\/logo\/image\/"},"sameAs":["https:\/\/www.facebook.com\/casalinfants","https:\/\/x.com\/casalinfants","https:\/\/www.youtube.com\/user\/CasaldelsInfants1","https:\/\/www.instagram.com\/casalinfants\/","https:\/\/www.linkedin.com\/company\/casaldelsinfants?trk=organization-update_share-update_actor-text"]},{"@type":"Person","@id":"https:\/\/www.casaldelsinfants.org\/es\/#\/schema\/person\/e870791b50f03fd60f872e1cd83910fc","name":"julia"}]}},"publishpress_future_action":{"enabled":false,"date":"2026-05-05 18:15:22","action":"change-status","newStatus":"draft","terms":[],"taxonomy":"category","extraData":[]},"publishpress_future_workflow_manual_trigger":{"enabledWorkflows":[]},"_links":{"self":[{"href":"https:\/\/www.casaldelsinfants.org\/es\/wp-json\/wp\/v2\/posts\/44830","targetHints":{"allow":["GET"]}}],"collection":[{"href":"https:\/\/www.casaldelsinfants.org\/es\/wp-json\/wp\/v2\/posts"}],"about":[{"href":"https:\/\/www.casaldelsinfants.org\/es\/wp-json\/wp\/v2\/types\/post"}],"author":[{"embeddable":true,"href":"https:\/\/www.casaldelsinfants.org\/es\/wp-json\/wp\/v2\/users\/9"}],"replies":[{"embeddable":true,"href":"https:\/\/www.casaldelsinfants.org\/es\/wp-json\/wp\/v2\/comments?post=44830"}],"version-history":[{"count":1,"href":"https:\/\/www.casaldelsinfants.org\/es\/wp-json\/wp\/v2\/posts\/44830\/revisions"}],"predecessor-version":[{"id":44831,"href":"https:\/\/www.casaldelsinfants.org\/es\/wp-json\/wp\/v2\/posts\/44830\/revisions\/44831"}],"wp:featuredmedia":[{"embeddable":true,"href":"https:\/\/www.casaldelsinfants.org\/es\/wp-json\/wp\/v2\/media\/44827"}],"wp:attachment":[{"href":"https:\/\/www.casaldelsinfants.org\/es\/wp-json\/wp\/v2\/media?parent=44830"}],"wp:term":[{"taxonomy":"category","embeddable":true,"href":"https:\/\/www.casaldelsinfants.org\/es\/wp-json\/wp\/v2\/categories?post=44830"},{"taxonomy":"post_tag","embeddable":true,"href":"https:\/\/www.casaldelsinfants.org\/es\/wp-json\/wp\/v2\/tags?post=44830"},{"taxonomy":"seus","embeddable":true,"href":"https:\/\/www.casaldelsinfants.org\/es\/wp-json\/wp\/v2\/seus?post=44830"},{"taxonomy":"eixos","embeddable":true,"href":"https:\/\/www.casaldelsinfants.org\/es\/wp-json\/wp\/v2\/eixos?post=44830"}],"curies":[{"name":"wp","href":"https:\/\/api.w.org\/{rel}","templated":true}]}}