{"id":4485,"date":"2018-08-10T09:45:04","date_gmt":"2018-08-10T07:45:04","guid":{"rendered":"https:\/\/casal.puntzero.cat\/noticies\/prodema-acompanya-mes-de-450-noies-al-marroc-garantir-el-seu-dret-leducacio\/"},"modified":"2023-05-25T00:16:01","modified_gmt":"2023-05-24T22:16:01","slug":"prodema-acompanya-mes-de-450-noies-al-marroc-garantir-el-seu-dret-leducacio","status":"publish","type":"post","link":"https:\/\/www.casaldelsinfants.org\/es\/actualidad\/prodema-acompana-mas-de-450-chicas-en-marruecos-para-garantizar-su-derecho-la-educacion\/","title":{"rendered":"Prodema acompa\u00f1a m\u00e1s de 450 chicas en Marruecos para garantizar su derecho a la educaci\u00f3n"},"content":{"rendered":"<p>El proyecto <a href=\"https:\/\/www.casaldelsinfants.org\/es\/actualidad\/casal-dels-infants-marruecos\/\"><strong>Prodema<\/strong><\/a> del <strong>Casal dels Infants<\/strong> ha acompa\u00f1ado este a\u00f1o m\u00e1s de <strong>450 chicas<\/strong> del barrio de Beni Makada de <strong>T\u00e1nger<\/strong>, en Marruecos. El proyecto consiste en la intervenci\u00f3n en<strong> ocho escuelas <\/strong>del barrio, atendiendo chicas que tienen dificultades en su proceso de escolarizaci\u00f3n.<\/p>\n<p>Para evitar el fracaso escolar y el abandono prematuro de los estudios, las chicas cuentan con el apoyo de una <strong>trabajadora social<\/strong> y el respaldo de varias <strong>madres<\/strong>, siendo estas \u00faltimas uno de los ejes del proyecto. Estas mujeres se reparten en grupos de cinco entre los ocho centros del proyecto y se encargan de procesos de mediaci\u00f3n con otras familias y de trabajar una interlocuci\u00f3n efectiva y digna con el profesorado. Todo ello con el objetivo de <strong>superar la discriminaci\u00f3n de g\u00e9nero<\/strong> que sufren muchas chicas al estudiar.<\/p>\n<p>Para empoderar las chicas y sus madres, Prodema realiza <strong>formaciones<\/strong> para reforzar su liderazgo, su capacidad de expresi\u00f3n y la confianza en s\u00ed mismas. \u201cEs especialmente relevante el papel de las madres. Su participaci\u00f3n es el motor de cambio en el contexto familiar y educativo para que las mujeres superen la discriminaci\u00f3n\u201d, comenta Claire Trichot, directora del Casal dels Infants al Marroc. El proyecto tambi\u00e9n tiene como finalidad incidir en la agenda p\u00fablica para transformar la situaci\u00f3n de las mujeres en Marruecos en el acceso a la educaci\u00f3n.<\/p>\n<p>El 29 de junio se celebr\u00f3 un encuentro en T\u00e1nger con representantes de las entidades y escuelas involucradas en Prodema, asociaciones de madres y representantes institucionales de Marruecos. En el acto, las madres participantes en el proyecto recibieron un <strong>t\u00edtulo<\/strong> como reconocimiento a su labor comunitaria.<\/p>\n<p>La acci\u00f3n social de Prodema se lleva a cabo en convenio con la Direcci\u00f3n Provincial de Educaci\u00f3n de T\u00e1nger y dos asociaciones locales, <strong>Nahda <\/strong>y <strong>Jiwar<\/strong>. La financiaci\u00f3n del proyecto proviene de la<a href=\"http:\/\/cooperaciocatalana.gencat.cat\/ca\/inici\"> Agencia Catalana de Cooperaci\u00f3n al Desarrollo (ACCD)<\/a>, la<a href=\"http:\/\/roviralta.org\/\"> Fundaci\u00f3n Roviralta<\/a> y el <a href=\"http:\/\/www.sant-adria.net\/\">Ayuntamiento de Sant Adri\u00e0 de Bes\u00f2s<\/a>.<\/p>\n","protected":false},"excerpt":{"rendered":"<p>El proyecto Prodema del Casal dels Infants ha acompa\u00f1ado este a\u00f1o m\u00e1s de 450 chicas del barrio de Beni Makada de T\u00e1nger, en Marruecos. El proyecto consiste en la intervenci\u00f3n en ocho escuelas del barrio, atendiendo chicas que tienen dificultades en su proceso de escolarizaci\u00f3n. Para evitar el fracaso escolar y el abandono prematuro de [&hellip;]<\/p>\n","protected":false},"author":1,"featured_media":3456,"comment_status":"open","ping_status":"open","sticky":false,"template":"","format":"standard","meta":{"_acf_changed":false,"_et_pb_use_builder":"","_et_pb_old_content":"","_et_gb_content_width":"","inline_featured_image":false,"footnotes":""},"categories":[125],"tags":[],"seus":[158],"eixos":[110],"class_list":["post-4485","post","type-post","status-publish","format-standard","has-post-thumbnail","hentry","category-noticias","seus-marruecos","eixos-comunidad-casal-dels-infants"],"acf":[],"yoast_head":"<!-- This site is optimized with the Yoast SEO plugin v27.4 - https:\/\/yoast.com\/product\/yoast-seo-wordpress\/ -->\n<title>Prodema acompa\u00f1a m\u00e1s de 450 chicas en Marruecos para garantizar su derecho a la educaci\u00f3n - Casal dels Infants<\/title>\n<meta name=\"robots\" content=\"index, follow, max-snippet:-1, max-image-preview:large, max-video-preview:-1\" \/>\n<link rel=\"canonical\" href=\"https:\/\/www.casaldelsinfants.org\/es\/actualidad\/prodema-acompana-mas-de-450-chicas-en-marruecos-para-garantizar-su-derecho-la-educacion\/\" \/>\n<meta property=\"og:locale\" content=\"es_ES\" \/>\n<meta property=\"og:type\" content=\"article\" \/>\n<meta property=\"og:title\" content=\"Prodema acompa\u00f1a m\u00e1s de 450 chicas en Marruecos para garantizar su derecho a la educaci\u00f3n - Casal dels Infants\" \/>\n<meta property=\"og:description\" content=\"El proyecto Prodema del Casal dels Infants ha acompa\u00f1ado este a\u00f1o m\u00e1s de 450 chicas del barrio de Beni Makada de T\u00e1nger, en Marruecos. El proyecto consiste en la intervenci\u00f3n en ocho escuelas del barrio, atendiendo chicas que tienen dificultades en su proceso de escolarizaci\u00f3n. Para evitar el fracaso escolar y el abandono prematuro de [&hellip;]\" \/>\n<meta property=\"og:url\" content=\"https:\/\/www.casaldelsinfants.org\/es\/actualidad\/prodema-acompana-mas-de-450-chicas-en-marruecos-para-garantizar-su-derecho-la-educacion\/\" \/>\n<meta property=\"og:site_name\" content=\"Casal dels Infants\" \/>\n<meta property=\"article:publisher\" content=\"https:\/\/www.facebook.com\/casalinfants\" \/>\n<meta property=\"article:published_time\" content=\"2018-08-10T07:45:04+00:00\" \/>\n<meta property=\"article:modified_time\" content=\"2023-05-24T22:16:01+00:00\" \/>\n<meta property=\"og:image\" content=\"https:\/\/www.casaldelsinfants.org\/wp-content\/uploads\/28619371_1918622548451611_6584042125686555575_o.jpg\" \/>\n\t<meta property=\"og:image:width\" content=\"2048\" \/>\n\t<meta property=\"og:image:height\" content=\"1365\" \/>\n\t<meta property=\"og:image:type\" content=\"image\/jpeg\" \/>\n<meta name=\"author\" content=\"cdiAdmin\" \/>\n<meta name=\"twitter:card\" content=\"summary_large_image\" \/>\n<meta name=\"twitter:creator\" content=\"@casalinfants\" \/>\n<meta name=\"twitter:site\" content=\"@casalinfants\" \/>\n<meta name=\"twitter:label1\" content=\"Escrito por\" \/>\n\t<meta name=\"twitter:data1\" content=\"cdiAdmin\" \/>\n\t<meta name=\"twitter:label2\" content=\"Tiempo de lectura\" \/>\n\t<meta name=\"twitter:data2\" content=\"2 minutos\" \/>\n<script type=\"application\/ld+json\" class=\"yoast-schema-graph\">{\"@context\":\"https:\\\/\\\/schema.org\",\"@graph\":[{\"@type\":\"Article\",\"@id\":\"https:\\\/\\\/www.casaldelsinfants.org\\\/es\\\/actualidad\\\/prodema-acompana-mas-de-450-chicas-en-marruecos-para-garantizar-su-derecho-la-educacion\\\/#article\",\"isPartOf\":{\"@id\":\"https:\\\/\\\/www.casaldelsinfants.org\\\/es\\\/actualidad\\\/prodema-acompana-mas-de-450-chicas-en-marruecos-para-garantizar-su-derecho-la-educacion\\\/\"},\"author\":{\"name\":\"cdiAdmin\",\"@id\":\"https:\\\/\\\/www.casaldelsinfants.org\\\/es\\\/#\\\/schema\\\/person\\\/97707fc8c64900cf36891127dbf9fba8\"},\"headline\":\"Prodema acompa\u00f1a m\u00e1s de 450 chicas en Marruecos para garantizar su derecho a la educaci\u00f3n\",\"datePublished\":\"2018-08-10T07:45:04+00:00\",\"dateModified\":\"2023-05-24T22:16:01+00:00\",\"mainEntityOfPage\":{\"@id\":\"https:\\\/\\\/www.casaldelsinfants.org\\\/es\\\/actualidad\\\/prodema-acompana-mas-de-450-chicas-en-marruecos-para-garantizar-su-derecho-la-educacion\\\/\"},\"wordCount\":361,\"commentCount\":0,\"publisher\":{\"@id\":\"https:\\\/\\\/www.casaldelsinfants.org\\\/es\\\/#organization\"},\"image\":{\"@id\":\"https:\\\/\\\/www.casaldelsinfants.org\\\/es\\\/actualidad\\\/prodema-acompana-mas-de-450-chicas-en-marruecos-para-garantizar-su-derecho-la-educacion\\\/#primaryimage\"},\"thumbnailUrl\":\"https:\\\/\\\/www.casaldelsinfants.org\\\/wp-content\\\/uploads\\\/28619371_1918622548451611_6584042125686555575_o.jpg\",\"articleSection\":[\"Noticia\"],\"inLanguage\":\"es\",\"potentialAction\":[{\"@type\":\"CommentAction\",\"name\":\"Comment\",\"target\":[\"https:\\\/\\\/www.casaldelsinfants.org\\\/es\\\/actualidad\\\/prodema-acompana-mas-de-450-chicas-en-marruecos-para-garantizar-su-derecho-la-educacion\\\/#respond\"]}]},{\"@type\":\"WebPage\",\"@id\":\"https:\\\/\\\/www.casaldelsinfants.org\\\/es\\\/actualidad\\\/prodema-acompana-mas-de-450-chicas-en-marruecos-para-garantizar-su-derecho-la-educacion\\\/\",\"url\":\"https:\\\/\\\/www.casaldelsinfants.org\\\/es\\\/actualidad\\\/prodema-acompana-mas-de-450-chicas-en-marruecos-para-garantizar-su-derecho-la-educacion\\\/\",\"name\":\"Prodema acompa\u00f1a m\u00e1s de 450 chicas en Marruecos para garantizar su derecho a la educaci\u00f3n - Casal dels Infants\",\"isPartOf\":{\"@id\":\"https:\\\/\\\/www.casaldelsinfants.org\\\/es\\\/#website\"},\"primaryImageOfPage\":{\"@id\":\"https:\\\/\\\/www.casaldelsinfants.org\\\/es\\\/actualidad\\\/prodema-acompana-mas-de-450-chicas-en-marruecos-para-garantizar-su-derecho-la-educacion\\\/#primaryimage\"},\"image\":{\"@id\":\"https:\\\/\\\/www.casaldelsinfants.org\\\/es\\\/actualidad\\\/prodema-acompana-mas-de-450-chicas-en-marruecos-para-garantizar-su-derecho-la-educacion\\\/#primaryimage\"},\"thumbnailUrl\":\"https:\\\/\\\/www.casaldelsinfants.org\\\/wp-content\\\/uploads\\\/28619371_1918622548451611_6584042125686555575_o.jpg\",\"datePublished\":\"2018-08-10T07:45:04+00:00\",\"dateModified\":\"2023-05-24T22:16:01+00:00\",\"breadcrumb\":{\"@id\":\"https:\\\/\\\/www.casaldelsinfants.org\\\/es\\\/actualidad\\\/prodema-acompana-mas-de-450-chicas-en-marruecos-para-garantizar-su-derecho-la-educacion\\\/#breadcrumb\"},\"inLanguage\":\"es\",\"potentialAction\":[{\"@type\":\"ReadAction\",\"target\":[\"https:\\\/\\\/www.casaldelsinfants.org\\\/es\\\/actualidad\\\/prodema-acompana-mas-de-450-chicas-en-marruecos-para-garantizar-su-derecho-la-educacion\\\/\"]}]},{\"@type\":\"ImageObject\",\"inLanguage\":\"es\",\"@id\":\"https:\\\/\\\/www.casaldelsinfants.org\\\/es\\\/actualidad\\\/prodema-acompana-mas-de-450-chicas-en-marruecos-para-garantizar-su-derecho-la-educacion\\\/#primaryimage\",\"url\":\"https:\\\/\\\/www.casaldelsinfants.org\\\/wp-content\\\/uploads\\\/28619371_1918622548451611_6584042125686555575_o.jpg\",\"contentUrl\":\"https:\\\/\\\/www.casaldelsinfants.org\\\/wp-content\\\/uploads\\\/28619371_1918622548451611_6584042125686555575_o.jpg\",\"width\":2048,\"height\":1365,\"caption\":\"Prodema acompanya m\u00e9s de 450 noies al Marroc per garantir el seu dret a l\u2019educaci\u00f3\"},{\"@type\":\"BreadcrumbList\",\"@id\":\"https:\\\/\\\/www.casaldelsinfants.org\\\/es\\\/actualidad\\\/prodema-acompana-mas-de-450-chicas-en-marruecos-para-garantizar-su-derecho-la-educacion\\\/#breadcrumb\",\"itemListElement\":[{\"@type\":\"ListItem\",\"position\":1,\"name\":\"Inici\",\"item\":\"https:\\\/\\\/www.casaldelsinfants.org\\\/es\\\/\"},{\"@type\":\"ListItem\",\"position\":2,\"name\":\"Prodema acompa\u00f1a m\u00e1s de 450 chicas en Marruecos para garantizar su derecho a la educaci\u00f3n\"}]},{\"@type\":\"WebSite\",\"@id\":\"https:\\\/\\\/www.casaldelsinfants.org\\\/es\\\/#website\",\"url\":\"https:\\\/\\\/www.casaldelsinfants.org\\\/es\\\/\",\"name\":\"Casal dels Infants\",\"description\":\"\",\"publisher\":{\"@id\":\"https:\\\/\\\/www.casaldelsinfants.org\\\/es\\\/#organization\"},\"potentialAction\":[{\"@type\":\"SearchAction\",\"target\":{\"@type\":\"EntryPoint\",\"urlTemplate\":\"https:\\\/\\\/www.casaldelsinfants.org\\\/es\\\/?s={search_term_string}\"},\"query-input\":{\"@type\":\"PropertyValueSpecification\",\"valueRequired\":true,\"valueName\":\"search_term_string\"}}],\"inLanguage\":\"es\"},{\"@type\":\"Organization\",\"@id\":\"https:\\\/\\\/www.casaldelsinfants.org\\\/es\\\/#organization\",\"name\":\"Casal dels Infants\",\"url\":\"https:\\\/\\\/www.casaldelsinfants.org\\\/es\\\/\",\"logo\":{\"@type\":\"ImageObject\",\"inLanguage\":\"es\",\"@id\":\"https:\\\/\\\/www.casaldelsinfants.org\\\/es\\\/#\\\/schema\\\/logo\\\/image\\\/\",\"url\":\"https:\\\/\\\/www.casaldelsinfants.org\\\/wp-content\\\/uploads\\\/logo-mail.png\",\"contentUrl\":\"https:\\\/\\\/www.casaldelsinfants.org\\\/wp-content\\\/uploads\\\/logo-mail.png\",\"width\":380,\"height\":158,\"caption\":\"Casal dels Infants\"},\"image\":{\"@id\":\"https:\\\/\\\/www.casaldelsinfants.org\\\/es\\\/#\\\/schema\\\/logo\\\/image\\\/\"},\"sameAs\":[\"https:\\\/\\\/www.facebook.com\\\/casalinfants\",\"https:\\\/\\\/x.com\\\/casalinfants\",\"https:\\\/\\\/www.youtube.com\\\/user\\\/CasaldelsInfants1\",\"https:\\\/\\\/www.instagram.com\\\/casalinfants\\\/\",\"https:\\\/\\\/www.linkedin.com\\\/company\\\/casaldelsinfants?trk=organization-update_share-update_actor-text\"]},{\"@type\":\"Person\",\"@id\":\"https:\\\/\\\/www.casaldelsinfants.org\\\/es\\\/#\\\/schema\\\/person\\\/97707fc8c64900cf36891127dbf9fba8\",\"name\":\"cdiAdmin\",\"sameAs\":[\"https:\\\/\\\/casaldelsinfants.org\"]}]}<\/script>\n<!-- \/ Yoast SEO plugin. -->","yoast_head_json":{"title":"Prodema acompa\u00f1a m\u00e1s de 450 chicas en Marruecos para garantizar su derecho a la educaci\u00f3n - Casal dels Infants","robots":{"index":"index","follow":"follow","max-snippet":"max-snippet:-1","max-image-preview":"max-image-preview:large","max-video-preview":"max-video-preview:-1"},"canonical":"https:\/\/www.casaldelsinfants.org\/es\/actualidad\/prodema-acompana-mas-de-450-chicas-en-marruecos-para-garantizar-su-derecho-la-educacion\/","og_locale":"es_ES","og_type":"article","og_title":"Prodema acompa\u00f1a m\u00e1s de 450 chicas en Marruecos para garantizar su derecho a la educaci\u00f3n - Casal dels Infants","og_description":"El proyecto Prodema del Casal dels Infants ha acompa\u00f1ado este a\u00f1o m\u00e1s de 450 chicas del barrio de Beni Makada de T\u00e1nger, en Marruecos. El proyecto consiste en la intervenci\u00f3n en ocho escuelas del barrio, atendiendo chicas que tienen dificultades en su proceso de escolarizaci\u00f3n. Para evitar el fracaso escolar y el abandono prematuro de [&hellip;]","og_url":"https:\/\/www.casaldelsinfants.org\/es\/actualidad\/prodema-acompana-mas-de-450-chicas-en-marruecos-para-garantizar-su-derecho-la-educacion\/","og_site_name":"Casal dels Infants","article_publisher":"https:\/\/www.facebook.com\/casalinfants","article_published_time":"2018-08-10T07:45:04+00:00","article_modified_time":"2023-05-24T22:16:01+00:00","og_image":[{"width":2048,"height":1365,"url":"https:\/\/www.casaldelsinfants.org\/wp-content\/uploads\/28619371_1918622548451611_6584042125686555575_o.jpg","type":"image\/jpeg"}],"author":"cdiAdmin","twitter_card":"summary_large_image","twitter_creator":"@casalinfants","twitter_site":"@casalinfants","twitter_misc":{"Escrito por":"cdiAdmin","Tiempo de lectura":"2 minutos"},"schema":{"@context":"https:\/\/schema.org","@graph":[{"@type":"Article","@id":"https:\/\/www.casaldelsinfants.org\/es\/actualidad\/prodema-acompana-mas-de-450-chicas-en-marruecos-para-garantizar-su-derecho-la-educacion\/#article","isPartOf":{"@id":"https:\/\/www.casaldelsinfants.org\/es\/actualidad\/prodema-acompana-mas-de-450-chicas-en-marruecos-para-garantizar-su-derecho-la-educacion\/"},"author":{"name":"cdiAdmin","@id":"https:\/\/www.casaldelsinfants.org\/es\/#\/schema\/person\/97707fc8c64900cf36891127dbf9fba8"},"headline":"Prodema acompa\u00f1a m\u00e1s de 450 chicas en Marruecos para garantizar su derecho a la educaci\u00f3n","datePublished":"2018-08-10T07:45:04+00:00","dateModified":"2023-05-24T22:16:01+00:00","mainEntityOfPage":{"@id":"https:\/\/www.casaldelsinfants.org\/es\/actualidad\/prodema-acompana-mas-de-450-chicas-en-marruecos-para-garantizar-su-derecho-la-educacion\/"},"wordCount":361,"commentCount":0,"publisher":{"@id":"https:\/\/www.casaldelsinfants.org\/es\/#organization"},"image":{"@id":"https:\/\/www.casaldelsinfants.org\/es\/actualidad\/prodema-acompana-mas-de-450-chicas-en-marruecos-para-garantizar-su-derecho-la-educacion\/#primaryimage"},"thumbnailUrl":"https:\/\/www.casaldelsinfants.org\/wp-content\/uploads\/28619371_1918622548451611_6584042125686555575_o.jpg","articleSection":["Noticia"],"inLanguage":"es","potentialAction":[{"@type":"CommentAction","name":"Comment","target":["https:\/\/www.casaldelsinfants.org\/es\/actualidad\/prodema-acompana-mas-de-450-chicas-en-marruecos-para-garantizar-su-derecho-la-educacion\/#respond"]}]},{"@type":"WebPage","@id":"https:\/\/www.casaldelsinfants.org\/es\/actualidad\/prodema-acompana-mas-de-450-chicas-en-marruecos-para-garantizar-su-derecho-la-educacion\/","url":"https:\/\/www.casaldelsinfants.org\/es\/actualidad\/prodema-acompana-mas-de-450-chicas-en-marruecos-para-garantizar-su-derecho-la-educacion\/","name":"Prodema acompa\u00f1a m\u00e1s de 450 chicas en Marruecos para garantizar su derecho a la educaci\u00f3n - Casal dels Infants","isPartOf":{"@id":"https:\/\/www.casaldelsinfants.org\/es\/#website"},"primaryImageOfPage":{"@id":"https:\/\/www.casaldelsinfants.org\/es\/actualidad\/prodema-acompana-mas-de-450-chicas-en-marruecos-para-garantizar-su-derecho-la-educacion\/#primaryimage"},"image":{"@id":"https:\/\/www.casaldelsinfants.org\/es\/actualidad\/prodema-acompana-mas-de-450-chicas-en-marruecos-para-garantizar-su-derecho-la-educacion\/#primaryimage"},"thumbnailUrl":"https:\/\/www.casaldelsinfants.org\/wp-content\/uploads\/28619371_1918622548451611_6584042125686555575_o.jpg","datePublished":"2018-08-10T07:45:04+00:00","dateModified":"2023-05-24T22:16:01+00:00","breadcrumb":{"@id":"https:\/\/www.casaldelsinfants.org\/es\/actualidad\/prodema-acompana-mas-de-450-chicas-en-marruecos-para-garantizar-su-derecho-la-educacion\/#breadcrumb"},"inLanguage":"es","potentialAction":[{"@type":"ReadAction","target":["https:\/\/www.casaldelsinfants.org\/es\/actualidad\/prodema-acompana-mas-de-450-chicas-en-marruecos-para-garantizar-su-derecho-la-educacion\/"]}]},{"@type":"ImageObject","inLanguage":"es","@id":"https:\/\/www.casaldelsinfants.org\/es\/actualidad\/prodema-acompana-mas-de-450-chicas-en-marruecos-para-garantizar-su-derecho-la-educacion\/#primaryimage","url":"https:\/\/www.casaldelsinfants.org\/wp-content\/uploads\/28619371_1918622548451611_6584042125686555575_o.jpg","contentUrl":"https:\/\/www.casaldelsinfants.org\/wp-content\/uploads\/28619371_1918622548451611_6584042125686555575_o.jpg","width":2048,"height":1365,"caption":"Prodema acompanya m\u00e9s de 450 noies al Marroc per garantir el seu dret a l\u2019educaci\u00f3"},{"@type":"BreadcrumbList","@id":"https:\/\/www.casaldelsinfants.org\/es\/actualidad\/prodema-acompana-mas-de-450-chicas-en-marruecos-para-garantizar-su-derecho-la-educacion\/#breadcrumb","itemListElement":[{"@type":"ListItem","position":1,"name":"Inici","item":"https:\/\/www.casaldelsinfants.org\/es\/"},{"@type":"ListItem","position":2,"name":"Prodema acompa\u00f1a m\u00e1s de 450 chicas en Marruecos para garantizar su derecho a la educaci\u00f3n"}]},{"@type":"WebSite","@id":"https:\/\/www.casaldelsinfants.org\/es\/#website","url":"https:\/\/www.casaldelsinfants.org\/es\/","name":"Casal dels Infants","description":"","publisher":{"@id":"https:\/\/www.casaldelsinfants.org\/es\/#organization"},"potentialAction":[{"@type":"SearchAction","target":{"@type":"EntryPoint","urlTemplate":"https:\/\/www.casaldelsinfants.org\/es\/?s={search_term_string}"},"query-input":{"@type":"PropertyValueSpecification","valueRequired":true,"valueName":"search_term_string"}}],"inLanguage":"es"},{"@type":"Organization","@id":"https:\/\/www.casaldelsinfants.org\/es\/#organization","name":"Casal dels Infants","url":"https:\/\/www.casaldelsinfants.org\/es\/","logo":{"@type":"ImageObject","inLanguage":"es","@id":"https:\/\/www.casaldelsinfants.org\/es\/#\/schema\/logo\/image\/","url":"https:\/\/www.casaldelsinfants.org\/wp-content\/uploads\/logo-mail.png","contentUrl":"https:\/\/www.casaldelsinfants.org\/wp-content\/uploads\/logo-mail.png","width":380,"height":158,"caption":"Casal dels Infants"},"image":{"@id":"https:\/\/www.casaldelsinfants.org\/es\/#\/schema\/logo\/image\/"},"sameAs":["https:\/\/www.facebook.com\/casalinfants","https:\/\/x.com\/casalinfants","https:\/\/www.youtube.com\/user\/CasaldelsInfants1","https:\/\/www.instagram.com\/casalinfants\/","https:\/\/www.linkedin.com\/company\/casaldelsinfants?trk=organization-update_share-update_actor-text"]},{"@type":"Person","@id":"https:\/\/www.casaldelsinfants.org\/es\/#\/schema\/person\/97707fc8c64900cf36891127dbf9fba8","name":"cdiAdmin","sameAs":["https:\/\/casaldelsinfants.org"]}]}},"publishpress_future_action":{"enabled":false,"date":"2026-05-07 09:15:00","action":"change-status","newStatus":"draft","terms":[],"taxonomy":"category","extraData":[]},"publishpress_future_workflow_manual_trigger":{"enabledWorkflows":[]},"_links":{"self":[{"href":"https:\/\/www.casaldelsinfants.org\/es\/wp-json\/wp\/v2\/posts\/4485","targetHints":{"allow":["GET"]}}],"collection":[{"href":"https:\/\/www.casaldelsinfants.org\/es\/wp-json\/wp\/v2\/posts"}],"about":[{"href":"https:\/\/www.casaldelsinfants.org\/es\/wp-json\/wp\/v2\/types\/post"}],"author":[{"embeddable":true,"href":"https:\/\/www.casaldelsinfants.org\/es\/wp-json\/wp\/v2\/users\/1"}],"replies":[{"embeddable":true,"href":"https:\/\/www.casaldelsinfants.org\/es\/wp-json\/wp\/v2\/comments?post=4485"}],"version-history":[{"count":1,"href":"https:\/\/www.casaldelsinfants.org\/es\/wp-json\/wp\/v2\/posts\/4485\/revisions"}],"predecessor-version":[{"id":6412,"href":"https:\/\/www.casaldelsinfants.org\/es\/wp-json\/wp\/v2\/posts\/4485\/revisions\/6412"}],"wp:featuredmedia":[{"embeddable":true,"href":"https:\/\/www.casaldelsinfants.org\/es\/wp-json\/wp\/v2\/media\/3456"}],"wp:attachment":[{"href":"https:\/\/www.casaldelsinfants.org\/es\/wp-json\/wp\/v2\/media?parent=4485"}],"wp:term":[{"taxonomy":"category","embeddable":true,"href":"https:\/\/www.casaldelsinfants.org\/es\/wp-json\/wp\/v2\/categories?post=4485"},{"taxonomy":"post_tag","embeddable":true,"href":"https:\/\/www.casaldelsinfants.org\/es\/wp-json\/wp\/v2\/tags?post=4485"},{"taxonomy":"seus","embeddable":true,"href":"https:\/\/www.casaldelsinfants.org\/es\/wp-json\/wp\/v2\/seus?post=4485"},{"taxonomy":"eixos","embeddable":true,"href":"https:\/\/www.casaldelsinfants.org\/es\/wp-json\/wp\/v2\/eixos?post=4485"}],"curies":[{"name":"wp","href":"https:\/\/api.w.org\/{rel}","templated":true}]}}