{"id":4486,"date":"2018-08-10T09:25:01","date_gmt":"2018-08-10T07:25:01","guid":{"rendered":"https:\/\/casal.puntzero.cat\/noticies\/lhotel-arts-10-anys-de-compromis-amb-la-igualtat-doportunitats\/"},"modified":"2022-08-17T11:21:43","modified_gmt":"2022-08-17T09:21:43","slug":"lhotel-arts-10-anys-de-compromis-amb-la-igualtat-doportunitats","status":"publish","type":"post","link":"https:\/\/www.casaldelsinfants.org\/es\/actualidad\/hotel-arts-10-anos-de-compromiso-con-la-igualdad-de-oportunidades\/","title":{"rendered":"Hotel Arts: 10 a\u00f1os de compromiso con la igualdad de oportunidades"},"content":{"rendered":"","protected":false},"excerpt":{"rendered":"<p class=\"text-align-center\">Estamos de aniversario. Dos grandes aliados de la asociaci\u00f3n, el <a href=\"https:\/\/www.hotelartsbarcelona.com\/\">Hotel Arts<\/a> y el <a href=\"http:\/\/www.grupandilana.com\/\">Grupo Andilana<\/a>, hace 10 a\u00f1os que nos acompa\u00f1an. Para ver qu\u00e9 hemos conseguido trabajando codo con codo, entramos en sus cocinas. En este reportaje empezamos con el Hotel Arts y el testimonio de Manish, que mediante el programa de Formaci\u00f3 en Empresa del Casal dels Infants se form\u00f3 como ayudante de cocinero e hizo las pr\u00e1cticas en el hotel. Hoy lo encontramos en los fogones preparando el room service, con un contrato indefinido y orgulloso de haber hecho realidad su sue\u00f1o: ser cocinero profesional. \u00c9l y las personas que lo han acompa\u00f1ado en el camino nos explican las claves de este \u00e9xito.<\/p>\n<p class=\"text-align-center\">\u00a0<\/p>\n<div class=\"video-embed-field-responsive-video form-group\"><iframe loading=\"lazy\" width=\"854\" height=\"480\" frameborder=\"0\" allowfullscreen=\"allowfullscreen\" src=\"https:\/\/www.youtube.com\/embed\/SXaoOdxb90M?autoplay=0&amp;start=0&amp;rel=0\"><\/iframe>\n<\/div>\n","protected":false},"author":1,"featured_media":0,"comment_status":"open","ping_status":"open","sticky":false,"template":"","format":"standard","meta":{"_acf_changed":false,"_et_pb_use_builder":"","_et_pb_old_content":"","_et_gb_content_width":"","inline_featured_image":false,"footnotes":""},"categories":[105],"tags":[115,83],"seus":[],"eixos":[102],"class_list":["post-4486","post","type-post","status-publish","format-standard","hentry","category-reportaje","tag-formacion","tag-formacion-en-empresa","eixos-jovenes"],"acf":[],"yoast_head":"<!-- This site is optimized with the Yoast SEO plugin v27.4 - https:\/\/yoast.com\/product\/yoast-seo-wordpress\/ -->\n<title>Hotel Arts |Noticias| Casal dels Infants<\/title>\n<meta name=\"description\" content=\"Estamos de celebraci\u00f3n, el Hotel Arts colabora con el Casal dels Infants desde hace 10 a\u00f1os, a trav\u00e9s de nuestro programa de Formaci\u00f3n e Inserci\u00f3n laboral. Manish fue participante de este programa, hizo las pr\u00e1cticas en el hotel y ahora trabaja all\u00ed de cocinero con un contrato indefinido. Conoce su historia.\" \/>\n<meta name=\"robots\" content=\"index, follow, max-snippet:-1, max-image-preview:large, max-video-preview:-1\" \/>\n<link rel=\"canonical\" href=\"https:\/\/www.casaldelsinfants.org\/es\/actualidad\/hotel-arts-10-anos-de-compromiso-con-la-igualdad-de-oportunidades\/\" \/>\n<meta property=\"og:locale\" content=\"es_ES\" \/>\n<meta property=\"og:type\" content=\"article\" \/>\n<meta property=\"og:title\" content=\"Hotel Arts |Noticias| Casal dels Infants\" \/>\n<meta property=\"og:description\" content=\"Estamos de celebraci\u00f3n, el Hotel Arts colabora con el Casal dels Infants desde hace 10 a\u00f1os, a trav\u00e9s de nuestro programa de Formaci\u00f3n e Inserci\u00f3n laboral. Manish fue participante de este programa, hizo las pr\u00e1cticas en el hotel y ahora trabaja all\u00ed de cocinero con un contrato indefinido. Conoce su historia.\" \/>\n<meta property=\"og:url\" content=\"https:\/\/www.casaldelsinfants.org\/es\/actualidad\/hotel-arts-10-anos-de-compromiso-con-la-igualdad-de-oportunidades\/\" \/>\n<meta property=\"og:site_name\" content=\"Casal dels Infants\" \/>\n<meta property=\"article:publisher\" content=\"https:\/\/www.facebook.com\/casalinfants\" \/>\n<meta property=\"article:published_time\" content=\"2018-08-10T07:25:01+00:00\" \/>\n<meta property=\"article:modified_time\" content=\"2022-08-17T09:21:43+00:00\" \/>\n<meta name=\"author\" content=\"cdiAdmin\" \/>\n<meta name=\"twitter:card\" content=\"summary_large_image\" \/>\n<meta name=\"twitter:creator\" content=\"@casalinfants\" \/>\n<meta name=\"twitter:site\" content=\"@casalinfants\" \/>\n<meta name=\"twitter:label1\" content=\"Escrito por\" \/>\n\t<meta name=\"twitter:data1\" content=\"cdiAdmin\" \/>\n<script type=\"application\/ld+json\" class=\"yoast-schema-graph\">{\"@context\":\"https:\\\/\\\/schema.org\",\"@graph\":[{\"@type\":\"Article\",\"@id\":\"https:\\\/\\\/www.casaldelsinfants.org\\\/es\\\/actualidad\\\/hotel-arts-10-anos-de-compromiso-con-la-igualdad-de-oportunidades\\\/#article\",\"isPartOf\":{\"@id\":\"https:\\\/\\\/www.casaldelsinfants.org\\\/es\\\/actualidad\\\/hotel-arts-10-anos-de-compromiso-con-la-igualdad-de-oportunidades\\\/\"},\"author\":{\"name\":\"cdiAdmin\",\"@id\":\"https:\\\/\\\/www.casaldelsinfants.org\\\/es\\\/#\\\/schema\\\/person\\\/97707fc8c64900cf36891127dbf9fba8\"},\"headline\":\"Hotel Arts: 10 a\u00f1os de compromiso con la igualdad de oportunidades\",\"datePublished\":\"2018-08-10T07:25:01+00:00\",\"dateModified\":\"2022-08-17T09:21:43+00:00\",\"mainEntityOfPage\":{\"@id\":\"https:\\\/\\\/www.casaldelsinfants.org\\\/es\\\/actualidad\\\/hotel-arts-10-anos-de-compromiso-con-la-igualdad-de-oportunidades\\\/\"},\"wordCount\":11,\"commentCount\":0,\"publisher\":{\"@id\":\"https:\\\/\\\/www.casaldelsinfants.org\\\/es\\\/#organization\"},\"keywords\":[\"formaci\u00f3n\",\"Formaci\u00f3n en Empresa\"],\"articleSection\":[\"Reportaje\"],\"inLanguage\":\"es\",\"potentialAction\":[{\"@type\":\"CommentAction\",\"name\":\"Comment\",\"target\":[\"https:\\\/\\\/www.casaldelsinfants.org\\\/es\\\/actualidad\\\/hotel-arts-10-anos-de-compromiso-con-la-igualdad-de-oportunidades\\\/#respond\"]}]},{\"@type\":\"WebPage\",\"@id\":\"https:\\\/\\\/www.casaldelsinfants.org\\\/es\\\/actualidad\\\/hotel-arts-10-anos-de-compromiso-con-la-igualdad-de-oportunidades\\\/\",\"url\":\"https:\\\/\\\/www.casaldelsinfants.org\\\/es\\\/actualidad\\\/hotel-arts-10-anos-de-compromiso-con-la-igualdad-de-oportunidades\\\/\",\"name\":\"Hotel Arts |Noticias| Casal dels Infants\",\"isPartOf\":{\"@id\":\"https:\\\/\\\/www.casaldelsinfants.org\\\/es\\\/#website\"},\"datePublished\":\"2018-08-10T07:25:01+00:00\",\"dateModified\":\"2022-08-17T09:21:43+00:00\",\"description\":\"Estamos de celebraci\u00f3n, el Hotel Arts colabora con el Casal dels Infants desde hace 10 a\u00f1os, a trav\u00e9s de nuestro programa de Formaci\u00f3n e Inserci\u00f3n laboral. Manish fue participante de este programa, hizo las pr\u00e1cticas en el hotel y ahora trabaja all\u00ed de cocinero con un contrato indefinido. Conoce su historia.\",\"breadcrumb\":{\"@id\":\"https:\\\/\\\/www.casaldelsinfants.org\\\/es\\\/actualidad\\\/hotel-arts-10-anos-de-compromiso-con-la-igualdad-de-oportunidades\\\/#breadcrumb\"},\"inLanguage\":\"es\",\"potentialAction\":[{\"@type\":\"ReadAction\",\"target\":[\"https:\\\/\\\/www.casaldelsinfants.org\\\/es\\\/actualidad\\\/hotel-arts-10-anos-de-compromiso-con-la-igualdad-de-oportunidades\\\/\"]}]},{\"@type\":\"BreadcrumbList\",\"@id\":\"https:\\\/\\\/www.casaldelsinfants.org\\\/es\\\/actualidad\\\/hotel-arts-10-anos-de-compromiso-con-la-igualdad-de-oportunidades\\\/#breadcrumb\",\"itemListElement\":[{\"@type\":\"ListItem\",\"position\":1,\"name\":\"Inici\",\"item\":\"https:\\\/\\\/www.casaldelsinfants.org\\\/es\\\/\"},{\"@type\":\"ListItem\",\"position\":2,\"name\":\"Hotel Arts: 10 a\u00f1os de compromiso con la igualdad de oportunidades\"}]},{\"@type\":\"WebSite\",\"@id\":\"https:\\\/\\\/www.casaldelsinfants.org\\\/es\\\/#website\",\"url\":\"https:\\\/\\\/www.casaldelsinfants.org\\\/es\\\/\",\"name\":\"Casal dels Infants\",\"description\":\"\",\"publisher\":{\"@id\":\"https:\\\/\\\/www.casaldelsinfants.org\\\/es\\\/#organization\"},\"potentialAction\":[{\"@type\":\"SearchAction\",\"target\":{\"@type\":\"EntryPoint\",\"urlTemplate\":\"https:\\\/\\\/www.casaldelsinfants.org\\\/es\\\/?s={search_term_string}\"},\"query-input\":{\"@type\":\"PropertyValueSpecification\",\"valueRequired\":true,\"valueName\":\"search_term_string\"}}],\"inLanguage\":\"es\"},{\"@type\":\"Organization\",\"@id\":\"https:\\\/\\\/www.casaldelsinfants.org\\\/es\\\/#organization\",\"name\":\"Casal dels Infants\",\"url\":\"https:\\\/\\\/www.casaldelsinfants.org\\\/es\\\/\",\"logo\":{\"@type\":\"ImageObject\",\"inLanguage\":\"es\",\"@id\":\"https:\\\/\\\/www.casaldelsinfants.org\\\/es\\\/#\\\/schema\\\/logo\\\/image\\\/\",\"url\":\"https:\\\/\\\/www.casaldelsinfants.org\\\/wp-content\\\/uploads\\\/logo-mail.png\",\"contentUrl\":\"https:\\\/\\\/www.casaldelsinfants.org\\\/wp-content\\\/uploads\\\/logo-mail.png\",\"width\":380,\"height\":158,\"caption\":\"Casal dels Infants\"},\"image\":{\"@id\":\"https:\\\/\\\/www.casaldelsinfants.org\\\/es\\\/#\\\/schema\\\/logo\\\/image\\\/\"},\"sameAs\":[\"https:\\\/\\\/www.facebook.com\\\/casalinfants\",\"https:\\\/\\\/x.com\\\/casalinfants\",\"https:\\\/\\\/www.youtube.com\\\/user\\\/CasaldelsInfants1\",\"https:\\\/\\\/www.instagram.com\\\/casalinfants\\\/\",\"https:\\\/\\\/www.linkedin.com\\\/company\\\/casaldelsinfants?trk=organization-update_share-update_actor-text\"]},{\"@type\":\"Person\",\"@id\":\"https:\\\/\\\/www.casaldelsinfants.org\\\/es\\\/#\\\/schema\\\/person\\\/97707fc8c64900cf36891127dbf9fba8\",\"name\":\"cdiAdmin\",\"sameAs\":[\"https:\\\/\\\/casaldelsinfants.org\"]}]}<\/script>\n<!-- \/ Yoast SEO plugin. -->","yoast_head_json":{"title":"Hotel Arts |Noticias| Casal dels Infants","description":"Estamos de celebraci\u00f3n, el Hotel Arts colabora con el Casal dels Infants desde hace 10 a\u00f1os, a trav\u00e9s de nuestro programa de Formaci\u00f3n e Inserci\u00f3n laboral. Manish fue participante de este programa, hizo las pr\u00e1cticas en el hotel y ahora trabaja all\u00ed de cocinero con un contrato indefinido. Conoce su historia.","robots":{"index":"index","follow":"follow","max-snippet":"max-snippet:-1","max-image-preview":"max-image-preview:large","max-video-preview":"max-video-preview:-1"},"canonical":"https:\/\/www.casaldelsinfants.org\/es\/actualidad\/hotel-arts-10-anos-de-compromiso-con-la-igualdad-de-oportunidades\/","og_locale":"es_ES","og_type":"article","og_title":"Hotel Arts |Noticias| Casal dels Infants","og_description":"Estamos de celebraci\u00f3n, el Hotel Arts colabora con el Casal dels Infants desde hace 10 a\u00f1os, a trav\u00e9s de nuestro programa de Formaci\u00f3n e Inserci\u00f3n laboral. Manish fue participante de este programa, hizo las pr\u00e1cticas en el hotel y ahora trabaja all\u00ed de cocinero con un contrato indefinido. Conoce su historia.","og_url":"https:\/\/www.casaldelsinfants.org\/es\/actualidad\/hotel-arts-10-anos-de-compromiso-con-la-igualdad-de-oportunidades\/","og_site_name":"Casal dels Infants","article_publisher":"https:\/\/www.facebook.com\/casalinfants","article_published_time":"2018-08-10T07:25:01+00:00","article_modified_time":"2022-08-17T09:21:43+00:00","author":"cdiAdmin","twitter_card":"summary_large_image","twitter_creator":"@casalinfants","twitter_site":"@casalinfants","twitter_misc":{"Escrito por":"cdiAdmin"},"schema":{"@context":"https:\/\/schema.org","@graph":[{"@type":"Article","@id":"https:\/\/www.casaldelsinfants.org\/es\/actualidad\/hotel-arts-10-anos-de-compromiso-con-la-igualdad-de-oportunidades\/#article","isPartOf":{"@id":"https:\/\/www.casaldelsinfants.org\/es\/actualidad\/hotel-arts-10-anos-de-compromiso-con-la-igualdad-de-oportunidades\/"},"author":{"name":"cdiAdmin","@id":"https:\/\/www.casaldelsinfants.org\/es\/#\/schema\/person\/97707fc8c64900cf36891127dbf9fba8"},"headline":"Hotel Arts: 10 a\u00f1os de compromiso con la igualdad de oportunidades","datePublished":"2018-08-10T07:25:01+00:00","dateModified":"2022-08-17T09:21:43+00:00","mainEntityOfPage":{"@id":"https:\/\/www.casaldelsinfants.org\/es\/actualidad\/hotel-arts-10-anos-de-compromiso-con-la-igualdad-de-oportunidades\/"},"wordCount":11,"commentCount":0,"publisher":{"@id":"https:\/\/www.casaldelsinfants.org\/es\/#organization"},"keywords":["formaci\u00f3n","Formaci\u00f3n en Empresa"],"articleSection":["Reportaje"],"inLanguage":"es","potentialAction":[{"@type":"CommentAction","name":"Comment","target":["https:\/\/www.casaldelsinfants.org\/es\/actualidad\/hotel-arts-10-anos-de-compromiso-con-la-igualdad-de-oportunidades\/#respond"]}]},{"@type":"WebPage","@id":"https:\/\/www.casaldelsinfants.org\/es\/actualidad\/hotel-arts-10-anos-de-compromiso-con-la-igualdad-de-oportunidades\/","url":"https:\/\/www.casaldelsinfants.org\/es\/actualidad\/hotel-arts-10-anos-de-compromiso-con-la-igualdad-de-oportunidades\/","name":"Hotel Arts |Noticias| Casal dels Infants","isPartOf":{"@id":"https:\/\/www.casaldelsinfants.org\/es\/#website"},"datePublished":"2018-08-10T07:25:01+00:00","dateModified":"2022-08-17T09:21:43+00:00","description":"Estamos de celebraci\u00f3n, el Hotel Arts colabora con el Casal dels Infants desde hace 10 a\u00f1os, a trav\u00e9s de nuestro programa de Formaci\u00f3n e Inserci\u00f3n laboral. Manish fue participante de este programa, hizo las pr\u00e1cticas en el hotel y ahora trabaja all\u00ed de cocinero con un contrato indefinido. Conoce su historia.","breadcrumb":{"@id":"https:\/\/www.casaldelsinfants.org\/es\/actualidad\/hotel-arts-10-anos-de-compromiso-con-la-igualdad-de-oportunidades\/#breadcrumb"},"inLanguage":"es","potentialAction":[{"@type":"ReadAction","target":["https:\/\/www.casaldelsinfants.org\/es\/actualidad\/hotel-arts-10-anos-de-compromiso-con-la-igualdad-de-oportunidades\/"]}]},{"@type":"BreadcrumbList","@id":"https:\/\/www.casaldelsinfants.org\/es\/actualidad\/hotel-arts-10-anos-de-compromiso-con-la-igualdad-de-oportunidades\/#breadcrumb","itemListElement":[{"@type":"ListItem","position":1,"name":"Inici","item":"https:\/\/www.casaldelsinfants.org\/es\/"},{"@type":"ListItem","position":2,"name":"Hotel Arts: 10 a\u00f1os de compromiso con la igualdad de oportunidades"}]},{"@type":"WebSite","@id":"https:\/\/www.casaldelsinfants.org\/es\/#website","url":"https:\/\/www.casaldelsinfants.org\/es\/","name":"Casal dels Infants","description":"","publisher":{"@id":"https:\/\/www.casaldelsinfants.org\/es\/#organization"},"potentialAction":[{"@type":"SearchAction","target":{"@type":"EntryPoint","urlTemplate":"https:\/\/www.casaldelsinfants.org\/es\/?s={search_term_string}"},"query-input":{"@type":"PropertyValueSpecification","valueRequired":true,"valueName":"search_term_string"}}],"inLanguage":"es"},{"@type":"Organization","@id":"https:\/\/www.casaldelsinfants.org\/es\/#organization","name":"Casal dels Infants","url":"https:\/\/www.casaldelsinfants.org\/es\/","logo":{"@type":"ImageObject","inLanguage":"es","@id":"https:\/\/www.casaldelsinfants.org\/es\/#\/schema\/logo\/image\/","url":"https:\/\/www.casaldelsinfants.org\/wp-content\/uploads\/logo-mail.png","contentUrl":"https:\/\/www.casaldelsinfants.org\/wp-content\/uploads\/logo-mail.png","width":380,"height":158,"caption":"Casal dels Infants"},"image":{"@id":"https:\/\/www.casaldelsinfants.org\/es\/#\/schema\/logo\/image\/"},"sameAs":["https:\/\/www.facebook.com\/casalinfants","https:\/\/x.com\/casalinfants","https:\/\/www.youtube.com\/user\/CasaldelsInfants1","https:\/\/www.instagram.com\/casalinfants\/","https:\/\/www.linkedin.com\/company\/casaldelsinfants?trk=organization-update_share-update_actor-text"]},{"@type":"Person","@id":"https:\/\/www.casaldelsinfants.org\/es\/#\/schema\/person\/97707fc8c64900cf36891127dbf9fba8","name":"cdiAdmin","sameAs":["https:\/\/casaldelsinfants.org"]}]}},"publishpress_future_action":{"enabled":false,"date":"2026-05-07 09:15:29","action":"change-status","newStatus":"draft","terms":[],"taxonomy":"category","extraData":[]},"publishpress_future_workflow_manual_trigger":{"enabledWorkflows":[]},"_links":{"self":[{"href":"https:\/\/www.casaldelsinfants.org\/es\/wp-json\/wp\/v2\/posts\/4486","targetHints":{"allow":["GET"]}}],"collection":[{"href":"https:\/\/www.casaldelsinfants.org\/es\/wp-json\/wp\/v2\/posts"}],"about":[{"href":"https:\/\/www.casaldelsinfants.org\/es\/wp-json\/wp\/v2\/types\/post"}],"author":[{"embeddable":true,"href":"https:\/\/www.casaldelsinfants.org\/es\/wp-json\/wp\/v2\/users\/1"}],"replies":[{"embeddable":true,"href":"https:\/\/www.casaldelsinfants.org\/es\/wp-json\/wp\/v2\/comments?post=4486"}],"version-history":[{"count":1,"href":"https:\/\/www.casaldelsinfants.org\/es\/wp-json\/wp\/v2\/posts\/4486\/revisions"}],"predecessor-version":[{"id":6413,"href":"https:\/\/www.casaldelsinfants.org\/es\/wp-json\/wp\/v2\/posts\/4486\/revisions\/6413"}],"wp:attachment":[{"href":"https:\/\/www.casaldelsinfants.org\/es\/wp-json\/wp\/v2\/media?parent=4486"}],"wp:term":[{"taxonomy":"category","embeddable":true,"href":"https:\/\/www.casaldelsinfants.org\/es\/wp-json\/wp\/v2\/categories?post=4486"},{"taxonomy":"post_tag","embeddable":true,"href":"https:\/\/www.casaldelsinfants.org\/es\/wp-json\/wp\/v2\/tags?post=4486"},{"taxonomy":"seus","embeddable":true,"href":"https:\/\/www.casaldelsinfants.org\/es\/wp-json\/wp\/v2\/seus?post=4486"},{"taxonomy":"eixos","embeddable":true,"href":"https:\/\/www.casaldelsinfants.org\/es\/wp-json\/wp\/v2\/eixos?post=4486"}],"curies":[{"name":"wp","href":"https:\/\/api.w.org\/{rel}","templated":true}]}}