{"id":4489,"date":"2018-07-17T15:45:42","date_gmt":"2018-07-17T13:45:42","guid":{"rendered":"https:\/\/casal.puntzero.cat\/noticies\/educant-perque-les-nenes-tambe-vulguin-dedicar-se-la-tecnologia\/"},"modified":"2023-08-29T16:52:18","modified_gmt":"2023-08-29T14:52:18","slug":"educant-perque-les-nenes-tambe-vulguin-dedicar-se-la-tecnologia","status":"publish","type":"post","link":"https:\/\/www.casaldelsinfants.org\/es\/actualidad\/educant-perque-les-nenes-tambe-vulguin-dedicar-se-la-tecnologia\/","title":{"rendered":"Educando para que las ni\u00f1as tambi\u00e9n quieran dedicarse a la tecnolog\u00eda"},"content":{"rendered":"<p>Los ni\u00f1os y ni\u00f1as del Espai Tecnol\u00f2gic Comunitari del Raval visitaron el lunes 9 de julio <span style=\"color: #000000;\">el <\/span><strong><a href=\"https:\/\/www.bsc.es\/ca\"><span style=\"color: #000000;\">Barcelona Supercomputing Center<\/span><\/a><\/strong><span style=\"color: #000000;\">. El objetivo de la visita, m\u00e1s all\u00e1 de conocer el supercomputador m\u00e1s potente de Espa\u00f1a, el 5\u00ba de Europa y el 22\u00ba del mundo, fue descubrir el proyecto \u00abSom investigadores\u00bb, que pretende fomentar la vocaci\u00f3n por la tecnolog\u00eda y la ciencia en la infancia, especialmente entre las ni\u00f1as.<\/span><\/p>\n<p>Seg\u00fan informa el portal de la<span style=\"color: #000000;\">\u00a0<a href=\"http:\/\/punttic.gencat.cat\/article\/infants-dels-omnia-de-santa-coloma-de-cervello-i\"><strong>Xarxa Punt Tic<\/strong><\/a>, distintos estudios apuntan que la menor presencia de las chicas en las carreras STEM (acr\u00f3nimo en ingl\u00e9s de Ciencia, Tecnolog\u00eda, Enginier\u00eda y Matem\u00e1ticas) tiene su ra\u00edz en la creencia que las ni\u00f1as adoptan en edades muy primerizas. Por ello, el centro ha dise\u00f1ado unas visitas que ponen especial \u00e9nfasis en hacer visible que trabajar con supercomputadores tambi\u00e9n puede ser un trabajo de mujeres. Y para conseguir una mayor difusi\u00f3n, el grupo infantil <\/span><strong><span style=\"color: #000000;\"><a href=\"https:\/\/grupmacedonia.net\/\">Maced\u00f2nia<\/a>\u00a0<\/span><\/strong><span style=\"color: #000000;\">ha creado la canci\u00f3n \u00abMare Nostrum\u00bb, otra de las piezas claves de las visitas del proyecto.<\/span><\/p>\n<p><span style=\"color: #000000;\">Los ni\u00f1os y ni\u00f1as del <strong>Espai Tecnol\u00f2gic Comunitari<\/strong> vivieron la fiesta de lanzamiento del proyecto \u00abSom investigadores\u00bb acompa\u00f1ados de compa\u00f1eros y compa\u00f1eras del <strong>\u00d2mnia de Santa Coloma de Cervell\u00f3<\/strong>. Los <strong>espacios \u00d2mnia<\/strong>, como el Espai Tecnol\u00f2gic Comunitari, forman parte de un programa universal de intervenci\u00f3n social que, utilizando como instrumento las herramientas TIC, buscan mejorar y favorecer, tanto individual como colectivamete, <strong>la inclusi\u00f3n y la vinculaci\u00f3n de las personas en riesgo de exclusi\u00f3n social en la comunidad<\/strong>.<\/span><\/p>\n<p><span style=\"color: #000000;\">Els nens i nenes de l\u2019Espai Tecnol\u00f2gic Comunitari van viure la festa de llan\u00e7ament del projecte \u201cSom investigadores\u201d acompanyats de companys i companyes de l\u2019\u00d2mnia de Santa Coloma de Cervell\u00f3. Els <strong>espais \u00d2mnia<\/strong>, com l\u2019Espai Tecnol\u00f2gic Comunitari, formen part d\u2019un programa universal d\u2019intervenci\u00f3 social que, utilitzant com a instrument les <strong>eines TIC<\/strong>, cerca millorar i afavorir, tan\u00a0individual com col\u00b7lectivament, la <strong>inclusi\u00f3 i la vinculaci\u00f3 de les persones en risc d\u2019exclusi\u00f3 social<\/strong> a la comunitat.<\/span><\/p>\n<p>Video de la visita realitzado por el portal PuntTic.<\/p>\n<div class=\"video-embed-field-responsive-video form-group\"><iframe loading=\"lazy\" src=\"https:\/\/www.youtube.com\/embed\/lIfvaJ5jg-I?autoplay=0&amp;start=0&amp;rel=0\" width=\"854\" height=\"480\" frameborder=\"0\" allowfullscreen=\"allowfullscreen\"><\/iframe><\/div>\n","protected":false},"excerpt":{"rendered":"<p>Los ni\u00f1os y ni\u00f1as del Espai Tecnol\u00f2gic Comunitari del Raval visitaron el lunes 9 de julio el Barcelona Supercomputing Center. El objetivo de la visita, m\u00e1s all\u00e1 de conocer el supercomputador m\u00e1s potente de Espa\u00f1a, el 5\u00ba de Europa y el 22\u00ba del mundo, fue descubrir el proyecto \u00abSom investigadores\u00bb, que pretende fomentar la vocaci\u00f3n [&hellip;]<\/p>\n","protected":false},"author":1,"featured_media":3463,"comment_status":"open","ping_status":"open","sticky":false,"template":"","format":"standard","meta":{"_acf_changed":false,"_et_pb_use_builder":"","_et_pb_old_content":"","_et_gb_content_width":"","inline_featured_image":false,"footnotes":""},"categories":[125],"tags":[],"seus":[157],"eixos":[99],"class_list":["post-4489","post","type-post","status-publish","format-standard","has-post-thumbnail","hentry","category-noticias","seus-el-raval","eixos-infancia-y-adolescencia"],"acf":[],"yoast_head":"<!-- This site is optimized with the Yoast SEO plugin v27.4 - https:\/\/yoast.com\/product\/yoast-seo-wordpress\/ -->\n<title>Educando para que las ni\u00f1as tambi\u00e9n quieran dedicarse a la tecnolog\u00eda - Casal dels Infants<\/title>\n<meta name=\"robots\" content=\"index, follow, max-snippet:-1, max-image-preview:large, max-video-preview:-1\" \/>\n<link rel=\"canonical\" href=\"https:\/\/www.casaldelsinfants.org\/es\/actualidad\/educant-perque-les-nenes-tambe-vulguin-dedicar-se-la-tecnologia\/\" \/>\n<meta property=\"og:locale\" content=\"es_ES\" \/>\n<meta property=\"og:type\" content=\"article\" \/>\n<meta property=\"og:title\" content=\"Educando para que las ni\u00f1as tambi\u00e9n quieran dedicarse a la tecnolog\u00eda - Casal dels Infants\" \/>\n<meta property=\"og:description\" content=\"Los ni\u00f1os y ni\u00f1as del Espai Tecnol\u00f2gic Comunitari del Raval visitaron el lunes 9 de julio el Barcelona Supercomputing Center. El objetivo de la visita, m\u00e1s all\u00e1 de conocer el supercomputador m\u00e1s potente de Espa\u00f1a, el 5\u00ba de Europa y el 22\u00ba del mundo, fue descubrir el proyecto \u00abSom investigadores\u00bb, que pretende fomentar la vocaci\u00f3n [&hellip;]\" \/>\n<meta property=\"og:url\" content=\"https:\/\/www.casaldelsinfants.org\/es\/actualidad\/educant-perque-les-nenes-tambe-vulguin-dedicar-se-la-tecnologia\/\" \/>\n<meta property=\"og:site_name\" content=\"Casal dels Infants\" \/>\n<meta property=\"article:publisher\" content=\"https:\/\/www.facebook.com\/casalinfants\" \/>\n<meta property=\"article:published_time\" content=\"2018-07-17T13:45:42+00:00\" \/>\n<meta property=\"article:modified_time\" content=\"2023-08-29T14:52:18+00:00\" \/>\n<meta property=\"og:image\" content=\"https:\/\/www.casaldelsinfants.org\/wp-content\/uploads\/espai_tecnologic_mare_nostrum.jpg\" \/>\n\t<meta property=\"og:image:width\" content=\"1024\" \/>\n\t<meta property=\"og:image:height\" content=\"768\" \/>\n\t<meta property=\"og:image:type\" content=\"image\/jpeg\" \/>\n<meta name=\"author\" content=\"cdiAdmin\" \/>\n<meta name=\"twitter:card\" content=\"summary_large_image\" \/>\n<meta name=\"twitter:creator\" content=\"@casalinfants\" \/>\n<meta name=\"twitter:site\" content=\"@casalinfants\" \/>\n<meta name=\"twitter:label1\" content=\"Escrito por\" \/>\n\t<meta name=\"twitter:data1\" content=\"cdiAdmin\" \/>\n\t<meta name=\"twitter:label2\" content=\"Tiempo de lectura\" \/>\n\t<meta name=\"twitter:data2\" content=\"2 minutos\" \/>\n<script type=\"application\/ld+json\" class=\"yoast-schema-graph\">{\"@context\":\"https:\\\/\\\/schema.org\",\"@graph\":[{\"@type\":\"Article\",\"@id\":\"https:\\\/\\\/www.casaldelsinfants.org\\\/es\\\/actualidad\\\/educant-perque-les-nenes-tambe-vulguin-dedicar-se-la-tecnologia\\\/#article\",\"isPartOf\":{\"@id\":\"https:\\\/\\\/www.casaldelsinfants.org\\\/es\\\/actualidad\\\/educant-perque-les-nenes-tambe-vulguin-dedicar-se-la-tecnologia\\\/\"},\"author\":{\"name\":\"cdiAdmin\",\"@id\":\"https:\\\/\\\/www.casaldelsinfants.org\\\/es\\\/#\\\/schema\\\/person\\\/97707fc8c64900cf36891127dbf9fba8\"},\"headline\":\"Educando para que las ni\u00f1as tambi\u00e9n quieran dedicarse a la tecnolog\u00eda\",\"datePublished\":\"2018-07-17T13:45:42+00:00\",\"dateModified\":\"2023-08-29T14:52:18+00:00\",\"mainEntityOfPage\":{\"@id\":\"https:\\\/\\\/www.casaldelsinfants.org\\\/es\\\/actualidad\\\/educant-perque-les-nenes-tambe-vulguin-dedicar-se-la-tecnologia\\\/\"},\"wordCount\":381,\"commentCount\":0,\"publisher\":{\"@id\":\"https:\\\/\\\/www.casaldelsinfants.org\\\/es\\\/#organization\"},\"image\":{\"@id\":\"https:\\\/\\\/www.casaldelsinfants.org\\\/es\\\/actualidad\\\/educant-perque-les-nenes-tambe-vulguin-dedicar-se-la-tecnologia\\\/#primaryimage\"},\"thumbnailUrl\":\"https:\\\/\\\/www.casaldelsinfants.org\\\/wp-content\\\/uploads\\\/espai_tecnologic_mare_nostrum.jpg\",\"articleSection\":[\"Noticia\"],\"inLanguage\":\"es\",\"potentialAction\":[{\"@type\":\"CommentAction\",\"name\":\"Comment\",\"target\":[\"https:\\\/\\\/www.casaldelsinfants.org\\\/es\\\/actualidad\\\/educant-perque-les-nenes-tambe-vulguin-dedicar-se-la-tecnologia\\\/#respond\"]}]},{\"@type\":\"WebPage\",\"@id\":\"https:\\\/\\\/www.casaldelsinfants.org\\\/es\\\/actualidad\\\/educant-perque-les-nenes-tambe-vulguin-dedicar-se-la-tecnologia\\\/\",\"url\":\"https:\\\/\\\/www.casaldelsinfants.org\\\/es\\\/actualidad\\\/educant-perque-les-nenes-tambe-vulguin-dedicar-se-la-tecnologia\\\/\",\"name\":\"Educando para que las ni\u00f1as tambi\u00e9n quieran dedicarse a la tecnolog\u00eda - Casal dels Infants\",\"isPartOf\":{\"@id\":\"https:\\\/\\\/www.casaldelsinfants.org\\\/es\\\/#website\"},\"primaryImageOfPage\":{\"@id\":\"https:\\\/\\\/www.casaldelsinfants.org\\\/es\\\/actualidad\\\/educant-perque-les-nenes-tambe-vulguin-dedicar-se-la-tecnologia\\\/#primaryimage\"},\"image\":{\"@id\":\"https:\\\/\\\/www.casaldelsinfants.org\\\/es\\\/actualidad\\\/educant-perque-les-nenes-tambe-vulguin-dedicar-se-la-tecnologia\\\/#primaryimage\"},\"thumbnailUrl\":\"https:\\\/\\\/www.casaldelsinfants.org\\\/wp-content\\\/uploads\\\/espai_tecnologic_mare_nostrum.jpg\",\"datePublished\":\"2018-07-17T13:45:42+00:00\",\"dateModified\":\"2023-08-29T14:52:18+00:00\",\"breadcrumb\":{\"@id\":\"https:\\\/\\\/www.casaldelsinfants.org\\\/es\\\/actualidad\\\/educant-perque-les-nenes-tambe-vulguin-dedicar-se-la-tecnologia\\\/#breadcrumb\"},\"inLanguage\":\"es\",\"potentialAction\":[{\"@type\":\"ReadAction\",\"target\":[\"https:\\\/\\\/www.casaldelsinfants.org\\\/es\\\/actualidad\\\/educant-perque-les-nenes-tambe-vulguin-dedicar-se-la-tecnologia\\\/\"]}]},{\"@type\":\"ImageObject\",\"inLanguage\":\"es\",\"@id\":\"https:\\\/\\\/www.casaldelsinfants.org\\\/es\\\/actualidad\\\/educant-perque-les-nenes-tambe-vulguin-dedicar-se-la-tecnologia\\\/#primaryimage\",\"url\":\"https:\\\/\\\/www.casaldelsinfants.org\\\/wp-content\\\/uploads\\\/espai_tecnologic_mare_nostrum.jpg\",\"contentUrl\":\"https:\\\/\\\/www.casaldelsinfants.org\\\/wp-content\\\/uploads\\\/espai_tecnologic_mare_nostrum.jpg\",\"width\":1024,\"height\":768,\"caption\":\"Nens i nenes a l'espai tecnol\u00f2gic Mare Nostrum\"},{\"@type\":\"BreadcrumbList\",\"@id\":\"https:\\\/\\\/www.casaldelsinfants.org\\\/es\\\/actualidad\\\/educant-perque-les-nenes-tambe-vulguin-dedicar-se-la-tecnologia\\\/#breadcrumb\",\"itemListElement\":[{\"@type\":\"ListItem\",\"position\":1,\"name\":\"Inici\",\"item\":\"https:\\\/\\\/www.casaldelsinfants.org\\\/es\\\/\"},{\"@type\":\"ListItem\",\"position\":2,\"name\":\"Educando para que las ni\u00f1as tambi\u00e9n quieran dedicarse a la tecnolog\u00eda\"}]},{\"@type\":\"WebSite\",\"@id\":\"https:\\\/\\\/www.casaldelsinfants.org\\\/es\\\/#website\",\"url\":\"https:\\\/\\\/www.casaldelsinfants.org\\\/es\\\/\",\"name\":\"Casal dels Infants\",\"description\":\"\",\"publisher\":{\"@id\":\"https:\\\/\\\/www.casaldelsinfants.org\\\/es\\\/#organization\"},\"potentialAction\":[{\"@type\":\"SearchAction\",\"target\":{\"@type\":\"EntryPoint\",\"urlTemplate\":\"https:\\\/\\\/www.casaldelsinfants.org\\\/es\\\/?s={search_term_string}\"},\"query-input\":{\"@type\":\"PropertyValueSpecification\",\"valueRequired\":true,\"valueName\":\"search_term_string\"}}],\"inLanguage\":\"es\"},{\"@type\":\"Organization\",\"@id\":\"https:\\\/\\\/www.casaldelsinfants.org\\\/es\\\/#organization\",\"name\":\"Casal dels Infants\",\"url\":\"https:\\\/\\\/www.casaldelsinfants.org\\\/es\\\/\",\"logo\":{\"@type\":\"ImageObject\",\"inLanguage\":\"es\",\"@id\":\"https:\\\/\\\/www.casaldelsinfants.org\\\/es\\\/#\\\/schema\\\/logo\\\/image\\\/\",\"url\":\"https:\\\/\\\/www.casaldelsinfants.org\\\/wp-content\\\/uploads\\\/logo-mail.png\",\"contentUrl\":\"https:\\\/\\\/www.casaldelsinfants.org\\\/wp-content\\\/uploads\\\/logo-mail.png\",\"width\":380,\"height\":158,\"caption\":\"Casal dels Infants\"},\"image\":{\"@id\":\"https:\\\/\\\/www.casaldelsinfants.org\\\/es\\\/#\\\/schema\\\/logo\\\/image\\\/\"},\"sameAs\":[\"https:\\\/\\\/www.facebook.com\\\/casalinfants\",\"https:\\\/\\\/x.com\\\/casalinfants\",\"https:\\\/\\\/www.youtube.com\\\/user\\\/CasaldelsInfants1\",\"https:\\\/\\\/www.instagram.com\\\/casalinfants\\\/\",\"https:\\\/\\\/www.linkedin.com\\\/company\\\/casaldelsinfants?trk=organization-update_share-update_actor-text\"]},{\"@type\":\"Person\",\"@id\":\"https:\\\/\\\/www.casaldelsinfants.org\\\/es\\\/#\\\/schema\\\/person\\\/97707fc8c64900cf36891127dbf9fba8\",\"name\":\"cdiAdmin\",\"sameAs\":[\"https:\\\/\\\/casaldelsinfants.org\"]}]}<\/script>\n<!-- \/ Yoast SEO plugin. -->","yoast_head_json":{"title":"Educando para que las ni\u00f1as tambi\u00e9n quieran dedicarse a la tecnolog\u00eda - Casal dels Infants","robots":{"index":"index","follow":"follow","max-snippet":"max-snippet:-1","max-image-preview":"max-image-preview:large","max-video-preview":"max-video-preview:-1"},"canonical":"https:\/\/www.casaldelsinfants.org\/es\/actualidad\/educant-perque-les-nenes-tambe-vulguin-dedicar-se-la-tecnologia\/","og_locale":"es_ES","og_type":"article","og_title":"Educando para que las ni\u00f1as tambi\u00e9n quieran dedicarse a la tecnolog\u00eda - Casal dels Infants","og_description":"Los ni\u00f1os y ni\u00f1as del Espai Tecnol\u00f2gic Comunitari del Raval visitaron el lunes 9 de julio el Barcelona Supercomputing Center. El objetivo de la visita, m\u00e1s all\u00e1 de conocer el supercomputador m\u00e1s potente de Espa\u00f1a, el 5\u00ba de Europa y el 22\u00ba del mundo, fue descubrir el proyecto \u00abSom investigadores\u00bb, que pretende fomentar la vocaci\u00f3n [&hellip;]","og_url":"https:\/\/www.casaldelsinfants.org\/es\/actualidad\/educant-perque-les-nenes-tambe-vulguin-dedicar-se-la-tecnologia\/","og_site_name":"Casal dels Infants","article_publisher":"https:\/\/www.facebook.com\/casalinfants","article_published_time":"2018-07-17T13:45:42+00:00","article_modified_time":"2023-08-29T14:52:18+00:00","og_image":[{"width":1024,"height":768,"url":"https:\/\/www.casaldelsinfants.org\/wp-content\/uploads\/espai_tecnologic_mare_nostrum.jpg","type":"image\/jpeg"}],"author":"cdiAdmin","twitter_card":"summary_large_image","twitter_creator":"@casalinfants","twitter_site":"@casalinfants","twitter_misc":{"Escrito por":"cdiAdmin","Tiempo de lectura":"2 minutos"},"schema":{"@context":"https:\/\/schema.org","@graph":[{"@type":"Article","@id":"https:\/\/www.casaldelsinfants.org\/es\/actualidad\/educant-perque-les-nenes-tambe-vulguin-dedicar-se-la-tecnologia\/#article","isPartOf":{"@id":"https:\/\/www.casaldelsinfants.org\/es\/actualidad\/educant-perque-les-nenes-tambe-vulguin-dedicar-se-la-tecnologia\/"},"author":{"name":"cdiAdmin","@id":"https:\/\/www.casaldelsinfants.org\/es\/#\/schema\/person\/97707fc8c64900cf36891127dbf9fba8"},"headline":"Educando para que las ni\u00f1as tambi\u00e9n quieran dedicarse a la tecnolog\u00eda","datePublished":"2018-07-17T13:45:42+00:00","dateModified":"2023-08-29T14:52:18+00:00","mainEntityOfPage":{"@id":"https:\/\/www.casaldelsinfants.org\/es\/actualidad\/educant-perque-les-nenes-tambe-vulguin-dedicar-se-la-tecnologia\/"},"wordCount":381,"commentCount":0,"publisher":{"@id":"https:\/\/www.casaldelsinfants.org\/es\/#organization"},"image":{"@id":"https:\/\/www.casaldelsinfants.org\/es\/actualidad\/educant-perque-les-nenes-tambe-vulguin-dedicar-se-la-tecnologia\/#primaryimage"},"thumbnailUrl":"https:\/\/www.casaldelsinfants.org\/wp-content\/uploads\/espai_tecnologic_mare_nostrum.jpg","articleSection":["Noticia"],"inLanguage":"es","potentialAction":[{"@type":"CommentAction","name":"Comment","target":["https:\/\/www.casaldelsinfants.org\/es\/actualidad\/educant-perque-les-nenes-tambe-vulguin-dedicar-se-la-tecnologia\/#respond"]}]},{"@type":"WebPage","@id":"https:\/\/www.casaldelsinfants.org\/es\/actualidad\/educant-perque-les-nenes-tambe-vulguin-dedicar-se-la-tecnologia\/","url":"https:\/\/www.casaldelsinfants.org\/es\/actualidad\/educant-perque-les-nenes-tambe-vulguin-dedicar-se-la-tecnologia\/","name":"Educando para que las ni\u00f1as tambi\u00e9n quieran dedicarse a la tecnolog\u00eda - Casal dels Infants","isPartOf":{"@id":"https:\/\/www.casaldelsinfants.org\/es\/#website"},"primaryImageOfPage":{"@id":"https:\/\/www.casaldelsinfants.org\/es\/actualidad\/educant-perque-les-nenes-tambe-vulguin-dedicar-se-la-tecnologia\/#primaryimage"},"image":{"@id":"https:\/\/www.casaldelsinfants.org\/es\/actualidad\/educant-perque-les-nenes-tambe-vulguin-dedicar-se-la-tecnologia\/#primaryimage"},"thumbnailUrl":"https:\/\/www.casaldelsinfants.org\/wp-content\/uploads\/espai_tecnologic_mare_nostrum.jpg","datePublished":"2018-07-17T13:45:42+00:00","dateModified":"2023-08-29T14:52:18+00:00","breadcrumb":{"@id":"https:\/\/www.casaldelsinfants.org\/es\/actualidad\/educant-perque-les-nenes-tambe-vulguin-dedicar-se-la-tecnologia\/#breadcrumb"},"inLanguage":"es","potentialAction":[{"@type":"ReadAction","target":["https:\/\/www.casaldelsinfants.org\/es\/actualidad\/educant-perque-les-nenes-tambe-vulguin-dedicar-se-la-tecnologia\/"]}]},{"@type":"ImageObject","inLanguage":"es","@id":"https:\/\/www.casaldelsinfants.org\/es\/actualidad\/educant-perque-les-nenes-tambe-vulguin-dedicar-se-la-tecnologia\/#primaryimage","url":"https:\/\/www.casaldelsinfants.org\/wp-content\/uploads\/espai_tecnologic_mare_nostrum.jpg","contentUrl":"https:\/\/www.casaldelsinfants.org\/wp-content\/uploads\/espai_tecnologic_mare_nostrum.jpg","width":1024,"height":768,"caption":"Nens i nenes a l'espai tecnol\u00f2gic Mare Nostrum"},{"@type":"BreadcrumbList","@id":"https:\/\/www.casaldelsinfants.org\/es\/actualidad\/educant-perque-les-nenes-tambe-vulguin-dedicar-se-la-tecnologia\/#breadcrumb","itemListElement":[{"@type":"ListItem","position":1,"name":"Inici","item":"https:\/\/www.casaldelsinfants.org\/es\/"},{"@type":"ListItem","position":2,"name":"Educando para que las ni\u00f1as tambi\u00e9n quieran dedicarse a la tecnolog\u00eda"}]},{"@type":"WebSite","@id":"https:\/\/www.casaldelsinfants.org\/es\/#website","url":"https:\/\/www.casaldelsinfants.org\/es\/","name":"Casal dels Infants","description":"","publisher":{"@id":"https:\/\/www.casaldelsinfants.org\/es\/#organization"},"potentialAction":[{"@type":"SearchAction","target":{"@type":"EntryPoint","urlTemplate":"https:\/\/www.casaldelsinfants.org\/es\/?s={search_term_string}"},"query-input":{"@type":"PropertyValueSpecification","valueRequired":true,"valueName":"search_term_string"}}],"inLanguage":"es"},{"@type":"Organization","@id":"https:\/\/www.casaldelsinfants.org\/es\/#organization","name":"Casal dels Infants","url":"https:\/\/www.casaldelsinfants.org\/es\/","logo":{"@type":"ImageObject","inLanguage":"es","@id":"https:\/\/www.casaldelsinfants.org\/es\/#\/schema\/logo\/image\/","url":"https:\/\/www.casaldelsinfants.org\/wp-content\/uploads\/logo-mail.png","contentUrl":"https:\/\/www.casaldelsinfants.org\/wp-content\/uploads\/logo-mail.png","width":380,"height":158,"caption":"Casal dels Infants"},"image":{"@id":"https:\/\/www.casaldelsinfants.org\/es\/#\/schema\/logo\/image\/"},"sameAs":["https:\/\/www.facebook.com\/casalinfants","https:\/\/x.com\/casalinfants","https:\/\/www.youtube.com\/user\/CasaldelsInfants1","https:\/\/www.instagram.com\/casalinfants\/","https:\/\/www.linkedin.com\/company\/casaldelsinfants?trk=organization-update_share-update_actor-text"]},{"@type":"Person","@id":"https:\/\/www.casaldelsinfants.org\/es\/#\/schema\/person\/97707fc8c64900cf36891127dbf9fba8","name":"cdiAdmin","sameAs":["https:\/\/casaldelsinfants.org"]}]}},"publishpress_future_action":{"enabled":false,"date":"2026-05-07 10:24:51","action":"change-status","newStatus":"draft","terms":[],"taxonomy":"category","extraData":[]},"publishpress_future_workflow_manual_trigger":{"enabledWorkflows":[]},"_links":{"self":[{"href":"https:\/\/www.casaldelsinfants.org\/es\/wp-json\/wp\/v2\/posts\/4489","targetHints":{"allow":["GET"]}}],"collection":[{"href":"https:\/\/www.casaldelsinfants.org\/es\/wp-json\/wp\/v2\/posts"}],"about":[{"href":"https:\/\/www.casaldelsinfants.org\/es\/wp-json\/wp\/v2\/types\/post"}],"author":[{"embeddable":true,"href":"https:\/\/www.casaldelsinfants.org\/es\/wp-json\/wp\/v2\/users\/1"}],"replies":[{"embeddable":true,"href":"https:\/\/www.casaldelsinfants.org\/es\/wp-json\/wp\/v2\/comments?post=4489"}],"version-history":[{"count":2,"href":"https:\/\/www.casaldelsinfants.org\/es\/wp-json\/wp\/v2\/posts\/4489\/revisions"}],"predecessor-version":[{"id":13461,"href":"https:\/\/www.casaldelsinfants.org\/es\/wp-json\/wp\/v2\/posts\/4489\/revisions\/13461"}],"wp:featuredmedia":[{"embeddable":true,"href":"https:\/\/www.casaldelsinfants.org\/es\/wp-json\/wp\/v2\/media\/3463"}],"wp:attachment":[{"href":"https:\/\/www.casaldelsinfants.org\/es\/wp-json\/wp\/v2\/media?parent=4489"}],"wp:term":[{"taxonomy":"category","embeddable":true,"href":"https:\/\/www.casaldelsinfants.org\/es\/wp-json\/wp\/v2\/categories?post=4489"},{"taxonomy":"post_tag","embeddable":true,"href":"https:\/\/www.casaldelsinfants.org\/es\/wp-json\/wp\/v2\/tags?post=4489"},{"taxonomy":"seus","embeddable":true,"href":"https:\/\/www.casaldelsinfants.org\/es\/wp-json\/wp\/v2\/seus?post=4489"},{"taxonomy":"eixos","embeddable":true,"href":"https:\/\/www.casaldelsinfants.org\/es\/wp-json\/wp\/v2\/eixos?post=4489"}],"curies":[{"name":"wp","href":"https:\/\/api.w.org\/{rel}","templated":true}]}}