{"id":4491,"date":"2018-07-17T15:19:02","date_gmt":"2018-07-17T13:19:02","guid":{"rendered":"https:\/\/casal.puntzero.cat\/noticies\/els-ravals-viuen-la-festa\/"},"modified":"2023-05-01T19:02:42","modified_gmt":"2023-05-01T17:02:42","slug":"els-ravals-viuen-la-festa","status":"publish","type":"post","link":"https:\/\/www.casaldelsinfants.org\/es\/actualidad\/los-ravales-viven-la-fiesta\/","title":{"rendered":"Los \u201d Ravales\u201d viven la fiesta"},"content":{"rendered":"<p>En las \u00faltimas semanas, el barrio del Raval de Barcelona y el del Raval de Santa Coloma de Gramenet han vivido su Fiesta Mayor, y en ambas celebraciones han participado activamente los ni\u00f1os y ni\u00f1as, j\u00f3venes y familias del Casal dels Infants.<\/p>\n<p><span style=\"color:#000000;\">La \u00faltima de ellas ha sido la del Raval del Barcelona, del 13 al 15 de julio. Las personas acompa\u00f1adas por el Casal gozaron de\u00a0<strong><em>cercaviles<\/em><\/strong>, <strong>almuerzos y cenas populares<\/strong>, <strong>calles decoradas<\/strong>, <strong>actividades deportivas<\/strong>&#8230; \u00a1y de su propio protagonismo!<\/span><\/p>\n<p><font color=\"#000000\">En la <strong>calle<\/strong>\u00a0<\/font><span style=\"color:#000000;\"><strong>de la Junta de Comer\u00e7<\/strong>\u00a0se celebraron actividades para reivindicar una calle inclusiva, y se pudo ver un mural participativo realizado por ni\u00f1os y ni\u00f1as del <strong>Espai Tecnol\u00f2gic Comunitari<\/strong> con el apoyo de vecinos y vecinas. En la plaza <strong>Folch i Torres<\/strong>, el s\u00e1bado por la ma\u00f1ana se realizaron experimentos y juegos con agua, dinamizados por el equipo educativo y las familias del Casal. Los ni\u00f1os y ni\u00f1as de <strong>Vincles<\/strong>,<strong> Min\u00fascula<\/strong> y el <strong>Casal Familiar<\/strong> disfrutaron refresc\u00e1ndose.<\/span><\/p>\n<p><font color=\"#000000\">Chicos y chicas del <strong>Casl Jove Atles del Raval<\/strong> participaron\u00a0<\/font><span style=\"color:#000000;\">en el KN60Lab, un espacio de encuentro para j\u00f3venes de Ciutat Vella en el que se proyectaron cortometrajes hechos en el barrio. Algunos de ellos tambi\u00e9n se sumaron a de los <em>cercaviles<\/em> cargando <strong>cabezudos<\/strong>.<\/span><\/p>\n<p>\u00a0<\/p>\n<p><img decoding=\"async\" alt=\"Un dels capgrossos portats per joves del Casal dels Infants\" data-entity-type=\"file\" data-entity-uuid=\"132a9ce3-1cda-4335-99fb-43d2aa983f04\" data-image-style=\"large\" src=\"\/wp-content\/uploads\/inline-images\/IMG-20180717-WA0004.jpg\" width=\"270\" height=\"480\" typeof=\"foaf:Image\" class=\"align-center\" \/><\/p>\n<p>\u00a0<\/p>\n<p><span style=\"color:#000000;\">En cuanto a las fiestas del Raval de Santa Coloma de Gramenet, el Casal dels Infants particip\u00f3 especialmente la ma\u00f1ana del s\u00e1bado 30 de junio, organizando el <strong>Mat\u00ed intercultural<\/strong> en memoria de la activista vecinal <strong>Mar Aubeso<\/strong>.<\/span><\/p>\n<p><span style=\"color:#000000;\">Las actividades de este espacio consistieron en una clase magistral de diferentes estilos de <strong>baile<\/strong>, un intercambio de <strong>recetas culinarias<\/strong> con degustaci\u00f3n de dules y t\u00e9s, un taller de henna, trenzas y <strong>maquillaje<\/strong> para todas las edades, un <strong>mural participativo<\/strong> para explicar las fiestas mediante dibujos y <strong>juegos para compartir en familia<\/strong> en la <strong>Caseta del Barri<\/strong>, el espacio de ocio comunitario dinamizado por el Casal dels Infants.<\/span><\/p>\n<p><font color=\"#000000\">Durante la ma\u00f1ana se hizo un reconocimiento a las ni\u00f1as y los ni\u00f1os participantes en la segunda edici\u00f3n del Concurs Literari Intercultural Mar Aubeso, organizado por la Associaci\u00f3 de Ve\u00efns del Raval y\u00a0que este a\u00f1o ten\u00eda como tem\u00e1tica la paz. Participaron m\u00e1s de 80 ni\u00f1os y ni\u00f1as, entre ellos los del proyecto Tornem, que cada tarde\u00a0usan el espacio de la Escola Gaud\u00ed. Dos de estos \u00faltimos, Albert y Salimou, fueron finalistas\u00a0y recibieron un diploma y un libro que recoje todos los cuentos presentados en el concurso.<\/font><\/p>\n","protected":false},"excerpt":{"rendered":"<p>En las \u00faltimas semanas, el barrio del Raval de Barcelona y el del Raval de Santa Coloma de Gramenet han vivido su Fiesta Mayor, y en ambas celebraciones han participado activamente los ni\u00f1os y ni\u00f1as, j\u00f3venes y familias del Casal dels Infants. La \u00faltima de ellas ha sido la del Raval del Barcelona, del 13 [&hellip;]<\/p>\n","protected":false},"author":1,"featured_media":3466,"comment_status":"open","ping_status":"open","sticky":false,"template":"","format":"standard","meta":{"_acf_changed":false,"_et_pb_use_builder":"","_et_pb_old_content":"","_et_gb_content_width":"","inline_featured_image":false,"footnotes":""},"categories":[125],"tags":[],"seus":[],"eixos":[107],"class_list":["post-4491","post","type-post","status-publish","format-standard","has-post-thumbnail","hentry","category-noticias","eixos-pequena-infancia"],"acf":[],"yoast_head":"<!-- This site is optimized with the Yoast SEO plugin v27.4 - https:\/\/yoast.com\/product\/yoast-seo-wordpress\/ -->\n<title>Los \u201d Ravales\u201d viven la fiesta - Casal dels Infants<\/title>\n<meta name=\"robots\" content=\"index, follow, max-snippet:-1, max-image-preview:large, max-video-preview:-1\" \/>\n<link rel=\"canonical\" href=\"https:\/\/www.casaldelsinfants.org\/es\/actualidad\/los-ravales-viven-la-fiesta\/\" \/>\n<meta property=\"og:locale\" content=\"es_ES\" \/>\n<meta property=\"og:type\" content=\"article\" \/>\n<meta property=\"og:title\" content=\"Los \u201d Ravales\u201d viven la fiesta - Casal dels Infants\" \/>\n<meta property=\"og:description\" content=\"En las \u00faltimas semanas, el barrio del Raval de Barcelona y el del Raval de Santa Coloma de Gramenet han vivido su Fiesta Mayor, y en ambas celebraciones han participado activamente los ni\u00f1os y ni\u00f1as, j\u00f3venes y familias del Casal dels Infants. La \u00faltima de ellas ha sido la del Raval del Barcelona, del 13 [&hellip;]\" \/>\n<meta property=\"og:url\" content=\"https:\/\/www.casaldelsinfants.org\/es\/actualidad\/los-ravales-viven-la-fiesta\/\" \/>\n<meta property=\"og:site_name\" content=\"Casal dels Infants\" \/>\n<meta property=\"article:publisher\" content=\"https:\/\/www.facebook.com\/casalinfants\" \/>\n<meta property=\"article:published_time\" content=\"2018-07-17T13:19:02+00:00\" \/>\n<meta property=\"article:modified_time\" content=\"2023-05-01T17:02:42+00:00\" \/>\n<meta property=\"og:image\" content=\"https:\/\/www.casaldelsinfants.org\/wp-content\/uploads\/img-20180702-wa0066.jpg\" \/>\n\t<meta property=\"og:image:width\" content=\"1600\" \/>\n\t<meta property=\"og:image:height\" content=\"903\" \/>\n\t<meta property=\"og:image:type\" content=\"image\/jpeg\" \/>\n<meta name=\"author\" content=\"cdiAdmin\" \/>\n<meta name=\"twitter:card\" content=\"summary_large_image\" \/>\n<meta name=\"twitter:creator\" content=\"@casalinfants\" \/>\n<meta name=\"twitter:site\" content=\"@casalinfants\" \/>\n<meta name=\"twitter:label1\" content=\"Escrito por\" \/>\n\t<meta name=\"twitter:data1\" content=\"cdiAdmin\" \/>\n\t<meta name=\"twitter:label2\" content=\"Tiempo de lectura\" \/>\n\t<meta name=\"twitter:data2\" content=\"2 minutos\" \/>\n<script type=\"application\/ld+json\" class=\"yoast-schema-graph\">{\"@context\":\"https:\\\/\\\/schema.org\",\"@graph\":[{\"@type\":\"Article\",\"@id\":\"https:\\\/\\\/www.casaldelsinfants.org\\\/es\\\/actualidad\\\/los-ravales-viven-la-fiesta\\\/#article\",\"isPartOf\":{\"@id\":\"https:\\\/\\\/www.casaldelsinfants.org\\\/es\\\/actualidad\\\/los-ravales-viven-la-fiesta\\\/\"},\"author\":{\"name\":\"cdiAdmin\",\"@id\":\"https:\\\/\\\/www.casaldelsinfants.org\\\/es\\\/#\\\/schema\\\/person\\\/97707fc8c64900cf36891127dbf9fba8\"},\"headline\":\"Los \u201d Ravales\u201d viven la fiesta\",\"datePublished\":\"2018-07-17T13:19:02+00:00\",\"dateModified\":\"2023-05-01T17:02:42+00:00\",\"mainEntityOfPage\":{\"@id\":\"https:\\\/\\\/www.casaldelsinfants.org\\\/es\\\/actualidad\\\/los-ravales-viven-la-fiesta\\\/\"},\"wordCount\":431,\"commentCount\":0,\"publisher\":{\"@id\":\"https:\\\/\\\/www.casaldelsinfants.org\\\/es\\\/#organization\"},\"image\":{\"@id\":\"https:\\\/\\\/www.casaldelsinfants.org\\\/es\\\/actualidad\\\/los-ravales-viven-la-fiesta\\\/#primaryimage\"},\"thumbnailUrl\":\"https:\\\/\\\/www.casaldelsinfants.org\\\/wp-content\\\/uploads\\\/img-20180702-wa0066.jpg\",\"articleSection\":[\"Noticia\"],\"inLanguage\":\"es\",\"potentialAction\":[{\"@type\":\"CommentAction\",\"name\":\"Comment\",\"target\":[\"https:\\\/\\\/www.casaldelsinfants.org\\\/es\\\/actualidad\\\/los-ravales-viven-la-fiesta\\\/#respond\"]}]},{\"@type\":\"WebPage\",\"@id\":\"https:\\\/\\\/www.casaldelsinfants.org\\\/es\\\/actualidad\\\/los-ravales-viven-la-fiesta\\\/\",\"url\":\"https:\\\/\\\/www.casaldelsinfants.org\\\/es\\\/actualidad\\\/los-ravales-viven-la-fiesta\\\/\",\"name\":\"Los \u201d Ravales\u201d viven la fiesta - Casal dels Infants\",\"isPartOf\":{\"@id\":\"https:\\\/\\\/www.casaldelsinfants.org\\\/es\\\/#website\"},\"primaryImageOfPage\":{\"@id\":\"https:\\\/\\\/www.casaldelsinfants.org\\\/es\\\/actualidad\\\/los-ravales-viven-la-fiesta\\\/#primaryimage\"},\"image\":{\"@id\":\"https:\\\/\\\/www.casaldelsinfants.org\\\/es\\\/actualidad\\\/los-ravales-viven-la-fiesta\\\/#primaryimage\"},\"thumbnailUrl\":\"https:\\\/\\\/www.casaldelsinfants.org\\\/wp-content\\\/uploads\\\/img-20180702-wa0066.jpg\",\"datePublished\":\"2018-07-17T13:19:02+00:00\",\"dateModified\":\"2023-05-01T17:02:42+00:00\",\"breadcrumb\":{\"@id\":\"https:\\\/\\\/www.casaldelsinfants.org\\\/es\\\/actualidad\\\/los-ravales-viven-la-fiesta\\\/#breadcrumb\"},\"inLanguage\":\"es\",\"potentialAction\":[{\"@type\":\"ReadAction\",\"target\":[\"https:\\\/\\\/www.casaldelsinfants.org\\\/es\\\/actualidad\\\/los-ravales-viven-la-fiesta\\\/\"]}]},{\"@type\":\"ImageObject\",\"inLanguage\":\"es\",\"@id\":\"https:\\\/\\\/www.casaldelsinfants.org\\\/es\\\/actualidad\\\/los-ravales-viven-la-fiesta\\\/#primaryimage\",\"url\":\"https:\\\/\\\/www.casaldelsinfants.org\\\/wp-content\\\/uploads\\\/img-20180702-wa0066.jpg\",\"contentUrl\":\"https:\\\/\\\/www.casaldelsinfants.org\\\/wp-content\\\/uploads\\\/img-20180702-wa0066.jpg\",\"width\":1600,\"height\":903,\"caption\":\"Festa del Raval infants ballant\"},{\"@type\":\"BreadcrumbList\",\"@id\":\"https:\\\/\\\/www.casaldelsinfants.org\\\/es\\\/actualidad\\\/los-ravales-viven-la-fiesta\\\/#breadcrumb\",\"itemListElement\":[{\"@type\":\"ListItem\",\"position\":1,\"name\":\"Inici\",\"item\":\"https:\\\/\\\/www.casaldelsinfants.org\\\/es\\\/\"},{\"@type\":\"ListItem\",\"position\":2,\"name\":\"Los \u201d Ravales\u201d viven la fiesta\"}]},{\"@type\":\"WebSite\",\"@id\":\"https:\\\/\\\/www.casaldelsinfants.org\\\/es\\\/#website\",\"url\":\"https:\\\/\\\/www.casaldelsinfants.org\\\/es\\\/\",\"name\":\"Casal dels Infants\",\"description\":\"\",\"publisher\":{\"@id\":\"https:\\\/\\\/www.casaldelsinfants.org\\\/es\\\/#organization\"},\"potentialAction\":[{\"@type\":\"SearchAction\",\"target\":{\"@type\":\"EntryPoint\",\"urlTemplate\":\"https:\\\/\\\/www.casaldelsinfants.org\\\/es\\\/?s={search_term_string}\"},\"query-input\":{\"@type\":\"PropertyValueSpecification\",\"valueRequired\":true,\"valueName\":\"search_term_string\"}}],\"inLanguage\":\"es\"},{\"@type\":\"Organization\",\"@id\":\"https:\\\/\\\/www.casaldelsinfants.org\\\/es\\\/#organization\",\"name\":\"Casal dels Infants\",\"url\":\"https:\\\/\\\/www.casaldelsinfants.org\\\/es\\\/\",\"logo\":{\"@type\":\"ImageObject\",\"inLanguage\":\"es\",\"@id\":\"https:\\\/\\\/www.casaldelsinfants.org\\\/es\\\/#\\\/schema\\\/logo\\\/image\\\/\",\"url\":\"https:\\\/\\\/www.casaldelsinfants.org\\\/wp-content\\\/uploads\\\/logo-mail.png\",\"contentUrl\":\"https:\\\/\\\/www.casaldelsinfants.org\\\/wp-content\\\/uploads\\\/logo-mail.png\",\"width\":380,\"height\":158,\"caption\":\"Casal dels Infants\"},\"image\":{\"@id\":\"https:\\\/\\\/www.casaldelsinfants.org\\\/es\\\/#\\\/schema\\\/logo\\\/image\\\/\"},\"sameAs\":[\"https:\\\/\\\/www.facebook.com\\\/casalinfants\",\"https:\\\/\\\/x.com\\\/casalinfants\",\"https:\\\/\\\/www.youtube.com\\\/user\\\/CasaldelsInfants1\",\"https:\\\/\\\/www.instagram.com\\\/casalinfants\\\/\",\"https:\\\/\\\/www.linkedin.com\\\/company\\\/casaldelsinfants?trk=organization-update_share-update_actor-text\"]},{\"@type\":\"Person\",\"@id\":\"https:\\\/\\\/www.casaldelsinfants.org\\\/es\\\/#\\\/schema\\\/person\\\/97707fc8c64900cf36891127dbf9fba8\",\"name\":\"cdiAdmin\",\"sameAs\":[\"https:\\\/\\\/casaldelsinfants.org\"]}]}<\/script>\n<!-- \/ Yoast SEO plugin. -->","yoast_head_json":{"title":"Los \u201d Ravales\u201d viven la fiesta - Casal dels Infants","robots":{"index":"index","follow":"follow","max-snippet":"max-snippet:-1","max-image-preview":"max-image-preview:large","max-video-preview":"max-video-preview:-1"},"canonical":"https:\/\/www.casaldelsinfants.org\/es\/actualidad\/los-ravales-viven-la-fiesta\/","og_locale":"es_ES","og_type":"article","og_title":"Los \u201d Ravales\u201d viven la fiesta - Casal dels Infants","og_description":"En las \u00faltimas semanas, el barrio del Raval de Barcelona y el del Raval de Santa Coloma de Gramenet han vivido su Fiesta Mayor, y en ambas celebraciones han participado activamente los ni\u00f1os y ni\u00f1as, j\u00f3venes y familias del Casal dels Infants. La \u00faltima de ellas ha sido la del Raval del Barcelona, del 13 [&hellip;]","og_url":"https:\/\/www.casaldelsinfants.org\/es\/actualidad\/los-ravales-viven-la-fiesta\/","og_site_name":"Casal dels Infants","article_publisher":"https:\/\/www.facebook.com\/casalinfants","article_published_time":"2018-07-17T13:19:02+00:00","article_modified_time":"2023-05-01T17:02:42+00:00","og_image":[{"width":1600,"height":903,"url":"https:\/\/www.casaldelsinfants.org\/wp-content\/uploads\/img-20180702-wa0066.jpg","type":"image\/jpeg"}],"author":"cdiAdmin","twitter_card":"summary_large_image","twitter_creator":"@casalinfants","twitter_site":"@casalinfants","twitter_misc":{"Escrito por":"cdiAdmin","Tiempo de lectura":"2 minutos"},"schema":{"@context":"https:\/\/schema.org","@graph":[{"@type":"Article","@id":"https:\/\/www.casaldelsinfants.org\/es\/actualidad\/los-ravales-viven-la-fiesta\/#article","isPartOf":{"@id":"https:\/\/www.casaldelsinfants.org\/es\/actualidad\/los-ravales-viven-la-fiesta\/"},"author":{"name":"cdiAdmin","@id":"https:\/\/www.casaldelsinfants.org\/es\/#\/schema\/person\/97707fc8c64900cf36891127dbf9fba8"},"headline":"Los \u201d Ravales\u201d viven la fiesta","datePublished":"2018-07-17T13:19:02+00:00","dateModified":"2023-05-01T17:02:42+00:00","mainEntityOfPage":{"@id":"https:\/\/www.casaldelsinfants.org\/es\/actualidad\/los-ravales-viven-la-fiesta\/"},"wordCount":431,"commentCount":0,"publisher":{"@id":"https:\/\/www.casaldelsinfants.org\/es\/#organization"},"image":{"@id":"https:\/\/www.casaldelsinfants.org\/es\/actualidad\/los-ravales-viven-la-fiesta\/#primaryimage"},"thumbnailUrl":"https:\/\/www.casaldelsinfants.org\/wp-content\/uploads\/img-20180702-wa0066.jpg","articleSection":["Noticia"],"inLanguage":"es","potentialAction":[{"@type":"CommentAction","name":"Comment","target":["https:\/\/www.casaldelsinfants.org\/es\/actualidad\/los-ravales-viven-la-fiesta\/#respond"]}]},{"@type":"WebPage","@id":"https:\/\/www.casaldelsinfants.org\/es\/actualidad\/los-ravales-viven-la-fiesta\/","url":"https:\/\/www.casaldelsinfants.org\/es\/actualidad\/los-ravales-viven-la-fiesta\/","name":"Los \u201d Ravales\u201d viven la fiesta - Casal dels Infants","isPartOf":{"@id":"https:\/\/www.casaldelsinfants.org\/es\/#website"},"primaryImageOfPage":{"@id":"https:\/\/www.casaldelsinfants.org\/es\/actualidad\/los-ravales-viven-la-fiesta\/#primaryimage"},"image":{"@id":"https:\/\/www.casaldelsinfants.org\/es\/actualidad\/los-ravales-viven-la-fiesta\/#primaryimage"},"thumbnailUrl":"https:\/\/www.casaldelsinfants.org\/wp-content\/uploads\/img-20180702-wa0066.jpg","datePublished":"2018-07-17T13:19:02+00:00","dateModified":"2023-05-01T17:02:42+00:00","breadcrumb":{"@id":"https:\/\/www.casaldelsinfants.org\/es\/actualidad\/los-ravales-viven-la-fiesta\/#breadcrumb"},"inLanguage":"es","potentialAction":[{"@type":"ReadAction","target":["https:\/\/www.casaldelsinfants.org\/es\/actualidad\/los-ravales-viven-la-fiesta\/"]}]},{"@type":"ImageObject","inLanguage":"es","@id":"https:\/\/www.casaldelsinfants.org\/es\/actualidad\/los-ravales-viven-la-fiesta\/#primaryimage","url":"https:\/\/www.casaldelsinfants.org\/wp-content\/uploads\/img-20180702-wa0066.jpg","contentUrl":"https:\/\/www.casaldelsinfants.org\/wp-content\/uploads\/img-20180702-wa0066.jpg","width":1600,"height":903,"caption":"Festa del Raval infants ballant"},{"@type":"BreadcrumbList","@id":"https:\/\/www.casaldelsinfants.org\/es\/actualidad\/los-ravales-viven-la-fiesta\/#breadcrumb","itemListElement":[{"@type":"ListItem","position":1,"name":"Inici","item":"https:\/\/www.casaldelsinfants.org\/es\/"},{"@type":"ListItem","position":2,"name":"Los \u201d Ravales\u201d viven la fiesta"}]},{"@type":"WebSite","@id":"https:\/\/www.casaldelsinfants.org\/es\/#website","url":"https:\/\/www.casaldelsinfants.org\/es\/","name":"Casal dels Infants","description":"","publisher":{"@id":"https:\/\/www.casaldelsinfants.org\/es\/#organization"},"potentialAction":[{"@type":"SearchAction","target":{"@type":"EntryPoint","urlTemplate":"https:\/\/www.casaldelsinfants.org\/es\/?s={search_term_string}"},"query-input":{"@type":"PropertyValueSpecification","valueRequired":true,"valueName":"search_term_string"}}],"inLanguage":"es"},{"@type":"Organization","@id":"https:\/\/www.casaldelsinfants.org\/es\/#organization","name":"Casal dels Infants","url":"https:\/\/www.casaldelsinfants.org\/es\/","logo":{"@type":"ImageObject","inLanguage":"es","@id":"https:\/\/www.casaldelsinfants.org\/es\/#\/schema\/logo\/image\/","url":"https:\/\/www.casaldelsinfants.org\/wp-content\/uploads\/logo-mail.png","contentUrl":"https:\/\/www.casaldelsinfants.org\/wp-content\/uploads\/logo-mail.png","width":380,"height":158,"caption":"Casal dels Infants"},"image":{"@id":"https:\/\/www.casaldelsinfants.org\/es\/#\/schema\/logo\/image\/"},"sameAs":["https:\/\/www.facebook.com\/casalinfants","https:\/\/x.com\/casalinfants","https:\/\/www.youtube.com\/user\/CasaldelsInfants1","https:\/\/www.instagram.com\/casalinfants\/","https:\/\/www.linkedin.com\/company\/casaldelsinfants?trk=organization-update_share-update_actor-text"]},{"@type":"Person","@id":"https:\/\/www.casaldelsinfants.org\/es\/#\/schema\/person\/97707fc8c64900cf36891127dbf9fba8","name":"cdiAdmin","sameAs":["https:\/\/casaldelsinfants.org"]}]}},"publishpress_future_action":{"enabled":false,"date":"2026-05-07 09:14:58","action":"change-status","newStatus":"draft","terms":[],"taxonomy":"category","extraData":[]},"publishpress_future_workflow_manual_trigger":{"enabledWorkflows":[]},"_links":{"self":[{"href":"https:\/\/www.casaldelsinfants.org\/es\/wp-json\/wp\/v2\/posts\/4491","targetHints":{"allow":["GET"]}}],"collection":[{"href":"https:\/\/www.casaldelsinfants.org\/es\/wp-json\/wp\/v2\/posts"}],"about":[{"href":"https:\/\/www.casaldelsinfants.org\/es\/wp-json\/wp\/v2\/types\/post"}],"author":[{"embeddable":true,"href":"https:\/\/www.casaldelsinfants.org\/es\/wp-json\/wp\/v2\/users\/1"}],"replies":[{"embeddable":true,"href":"https:\/\/www.casaldelsinfants.org\/es\/wp-json\/wp\/v2\/comments?post=4491"}],"version-history":[{"count":1,"href":"https:\/\/www.casaldelsinfants.org\/es\/wp-json\/wp\/v2\/posts\/4491\/revisions"}],"predecessor-version":[{"id":6416,"href":"https:\/\/www.casaldelsinfants.org\/es\/wp-json\/wp\/v2\/posts\/4491\/revisions\/6416"}],"wp:featuredmedia":[{"embeddable":true,"href":"https:\/\/www.casaldelsinfants.org\/es\/wp-json\/wp\/v2\/media\/3466"}],"wp:attachment":[{"href":"https:\/\/www.casaldelsinfants.org\/es\/wp-json\/wp\/v2\/media?parent=4491"}],"wp:term":[{"taxonomy":"category","embeddable":true,"href":"https:\/\/www.casaldelsinfants.org\/es\/wp-json\/wp\/v2\/categories?post=4491"},{"taxonomy":"post_tag","embeddable":true,"href":"https:\/\/www.casaldelsinfants.org\/es\/wp-json\/wp\/v2\/tags?post=4491"},{"taxonomy":"seus","embeddable":true,"href":"https:\/\/www.casaldelsinfants.org\/es\/wp-json\/wp\/v2\/seus?post=4491"},{"taxonomy":"eixos","embeddable":true,"href":"https:\/\/www.casaldelsinfants.org\/es\/wp-json\/wp\/v2\/eixos?post=4491"}],"curies":[{"name":"wp","href":"https:\/\/api.w.org\/{rel}","templated":true}]}}