{"id":4492,"date":"2018-07-13T13:25:26","date_gmt":"2018-07-13T11:25:26","guid":{"rendered":"https:\/\/casal.puntzero.cat\/noticies\/un-estiu-obert-les-oportunitats\/"},"modified":"2023-06-08T13:02:21","modified_gmt":"2023-06-08T11:02:21","slug":"un-estiu-obert-les-oportunitats","status":"publish","type":"post","link":"https:\/\/www.casaldelsinfants.org\/es\/actualidad\/un-verano-abierto-a-las-oportunidades\/","title":{"rendered":"Un verano abierto a las oportunidades"},"content":{"rendered":"<p><span style=\"color: #000000;\">Al\u00a0<strong>Casal dels Infants<\/strong>\u00a0vam celebrar el 4 de juliol l&#8217;<strong>inici de les nostres activitats d&#8217;estiu<\/strong>\u00a0amb\u00a0una\u00a0<em>gran festa<\/em>\u00a0a l&#8217;escola Rafael Alberti i a l&#8217;institut Rafael Casanova\u00a0de\u00a0<strong>Badalona<\/strong>.\u00a0Va ser un dia fant\u00e0stic, en qu\u00e8 els nois i noies de tots els municipis on actuem van poder gaudir de <strong>tallers l\u00fadics<\/strong>: esport, manualitats, circ, zumba, experiments\u2026 <\/span><\/p>\n<p><span style=\"color: #000000;\">Durant la jornada, vam llan\u00e7ar\u00a0una crida perqu\u00e8\u00a0la ciutadania col\u00b7labori per fer possibles els\u00a0<strong>casals d&#8217;estiu, les\u00a0col\u00f2nies, els camps de treball\u00a0i\u00a0el projecte de refor\u00e7 del catal\u00e0\u00a0CAT-Estiu<\/strong>\u00a0que organitzem durant les vacances. Tenint en compte aquestes activitats i altres\u00a0serveis de l&#8217;associaci\u00f3 que un cop acabat el curs\u00a0adapten els seus continguts,\u00a0<strong>prop\u00a0de 2.000\u00a0infants i joves en situaci\u00f3 de vulnerabilitat<\/strong>\u00a0participaran en el Casal dels Infants\u00a0durant l&#8217;estiu.<\/span><\/p>\n<p>La directora general del Casal dels Infants, <strong>Rosa Balaguer<\/strong>, va destacar la import\u00e0ncia de seguir oferint un acompanyament social i educatiu als nois i noies que m\u00e9s ho necessiten durant els tres mesos de vacances d&#8217;estiu: \u00abS\u00f3n setmanes en qu\u00e8 la majoria dels centres educatius tanquen, i\u00a0\u00e9s fonamental sumar esfor\u00e7os per garantir un estiu en igualtat d&#8217;oportunitats\u00bb.<\/p>\n<p>Amb un donatiu puntual de\u00a0<strong>20 euros<\/strong>, per exemple, un infant podr\u00e0 gaudir d&#8217;un dia d&#8217;excursi\u00f3; amb<strong>\u00a050 euros<\/strong>, tindr\u00e0 garantit un dia de col\u00f2nies: amb\u00a0<strong>100 euros<\/strong>, viur\u00e0 una setmana de casal d&#8217;estiu amb dinar,\u00a0i amb\u00a0<strong>350 euros<\/strong>, marxar\u00e0\u00a0una setmana de col\u00f2nies. Fes un <strong>donatiu<\/strong> <a href=\"https:\/\/www.casaldelsinfants.org\/es\/que-puedes-hacer-tu\/haz-un-donativo\/\"><span style=\"color: #000000;\">aqu\u00ed<\/span><\/a><span style=\"color: #000000;\">.<\/span><\/p>\n<figure class=\"align-center\" role=\"group\"><img decoding=\"async\" src=\"\/wp-content\/uploads\/inline-images\/Festa%20Estiu%201.jpg\" alt=\"Una educadora i dos infants durant la gran festa de l'estiu\" width=\"480\" height=\"320\" data-entity-type=\"file\" data-entity-uuid=\"2ec2555a-aeb3-4509-b161-09e150f3b312\" data-image-style=\"large\" \/><figcaption>Una educadora i dos infants durant la gran festa de l&#8217;estiu<\/figcaption><\/figure>\n<p><span style=\"color: #000000;\">Balaguer va valorar que mantenir el Casal dels Infants <strong>obert per vacances<\/strong> permet a molts infants i joves<strong>\u00a0gaudir\u00a0del lleure i\u00a0consolidar\u00a0coneixements adquirits durant el curs<\/strong> en les estones de refor\u00e7 escolar.\u00a0A m\u00e9s a m\u00e9s, els permet\u00a0<strong>guanyar autonomia,\u00a0relacionar-se millor amb els altres i entrar\u00a0en contacte amb la natura<\/strong>.<\/span><\/p>\n<p>Al<strong>\u00a0juliol<\/strong>,\u00a0oferirem<strong>\u00a01.550\u00a0places<\/strong>\u00a0per a infants, adolescents i joves. A\u00a0l<strong>&#8216;agost<\/strong>, comptarem amb\u00a0<strong>675 places<\/strong>\u00a0per donar continu\u00eftat a l&#8217;acompanyament d&#8217;infants i adolescents\u00a0que hagin participat en les activitats del\u00a0juliol o, en cas que quedin places\u00a0lliures, acollir-ne de nous. D&#8217;altra banda,\u00a0disposarem tamb\u00e9 de\u00a0<strong>350 places<\/strong>\u00a0de\u00a0serveis que oferim durant el curs i que a l&#8217;estiu adapten els seus continguts, com ara el projecte maternoinfantil\u00a0<strong>Vincles<\/strong>, l&#8217;<strong>Espai Tecnol\u00f2gic Comunitari<\/strong>\u00a0i\u00a0el\u00a0<strong>Casal Familiar<\/strong>.<\/p>\n<p>Els infants i joves que participaran de les activitats d&#8217;estiu provenen\u00a0dels barris on tenim presencia durant tot l&#8217;any: <strong>el Raval i el Bes\u00f2s Maresme<\/strong> de\u00a0Barcelona;\u00a0Sant Roc i Llefi\u00e0 (<strong>Badalona<\/strong>); el Raval-Santa Rosa i Fondo (<strong>Santa Coloma de Gramenet<\/strong>); el Bes\u00f2s i La Mina (<strong>Sant Adri\u00e0 de Bes\u00f2s<\/strong>) i el municipi giron\u00ed de\u00a0<strong>Salt<\/strong>.<\/p>\n","protected":false},"excerpt":{"rendered":"<div class=\"video-embed-field-responsive-video form-group\"><iframe loading=\"lazy\" width=\"854\" height=\"480\" frameborder=\"0\" allowfullscreen=\"allowfullscreen\" src=\"https:\/\/www.youtube.com\/embed\/me4zHkf37HE?autoplay=0&amp;start=0&amp;rel=0\"><\/iframe>\n<\/div>\n<p class=\"text-align-center\">\u00a0<\/p>\n<p class=\"text-align-center\">Al Casal dels Infants hem comen\u00e7at l\u2019estiu carregats d\u2019il\u00b7lusi\u00f3 i de ganes de reivindicar el que viurem fins a finals d\u2019agost: unes vacances plenes de diversi\u00f3 i aprenentatge en igualtat d\u2019oportunitats! A comen\u00e7aments de juliol vam organitzar amb els infants i joves de tots els municipis on actuem la nostra gran festa de l\u2019estiu, celebrant aix\u00ed l\u2019inici del casal d\u2019estiu, les col\u00f2nies, els camps de treball i el projecte de refor\u00e7 del catal\u00e0 Cat-Estiu. Amb la suma d\u2019esfor\u00e7os de tots i totes, viurem un estiu inoblidable! Ens fas costat?<\/p>\n","protected":false},"author":1,"featured_media":0,"comment_status":"open","ping_status":"open","sticky":false,"template":"","format":"standard","meta":{"_acf_changed":false,"_et_pb_use_builder":"","_et_pb_old_content":"","_et_gb_content_width":"","inline_featured_image":false,"footnotes":""},"categories":[105],"tags":[],"seus":[],"eixos":[],"class_list":["post-4492","post","type-post","status-publish","format-standard","hentry","category-reportaje"],"acf":[],"yoast_head":"<!-- This site is optimized with the Yoast SEO plugin v27.4 - https:\/\/yoast.com\/product\/yoast-seo-wordpress\/ -->\n<title>Un verano abierto a las oportunidades - Casal dels Infants<\/title>\n<meta name=\"robots\" content=\"index, follow, max-snippet:-1, max-image-preview:large, max-video-preview:-1\" \/>\n<link rel=\"canonical\" href=\"https:\/\/www.casaldelsinfants.org\/es\/actualidad\/un-verano-abierto-a-las-oportunidades\/\" \/>\n<meta property=\"og:locale\" content=\"es_ES\" \/>\n<meta property=\"og:type\" content=\"article\" \/>\n<meta property=\"og:title\" content=\"Un verano abierto a las oportunidades - Casal dels Infants\" \/>\n<meta property=\"og:description\" content=\"\u00a0  Al Casal dels Infants hem comen\u00e7at l\u2019estiu carregats d\u2019il\u00b7lusi\u00f3 i de ganes de reivindicar el que viurem fins a finals d\u2019agost: unes vacances plenes de diversi\u00f3 i aprenentatge en igualtat d\u2019oportunitats! A comen\u00e7aments de juliol vam organitzar amb els infants i joves de tots els municipis on actuem la nostra gran festa de l\u2019estiu, celebrant aix\u00ed l\u2019inici del casal d\u2019estiu, les col\u00f2nies, els camps de treball i el projecte de refor\u00e7 del catal\u00e0 Cat-Estiu. Amb la suma d\u2019esfor\u00e7os de tots i totes, viurem un estiu inoblidable! Ens fas costat?\" \/>\n<meta property=\"og:url\" content=\"https:\/\/www.casaldelsinfants.org\/es\/actualidad\/un-verano-abierto-a-las-oportunidades\/\" \/>\n<meta property=\"og:site_name\" content=\"Casal dels Infants\" \/>\n<meta property=\"article:publisher\" content=\"https:\/\/www.facebook.com\/casalinfants\" \/>\n<meta property=\"article:published_time\" content=\"2018-07-13T11:25:26+00:00\" \/>\n<meta property=\"article:modified_time\" content=\"2023-06-08T11:02:21+00:00\" \/>\n<meta name=\"author\" content=\"cdiAdmin\" \/>\n<meta name=\"twitter:card\" content=\"summary_large_image\" \/>\n<meta name=\"twitter:creator\" content=\"@casalinfants\" \/>\n<meta name=\"twitter:site\" content=\"@casalinfants\" \/>\n<meta name=\"twitter:label1\" content=\"Escrito por\" \/>\n\t<meta name=\"twitter:data1\" content=\"cdiAdmin\" \/>\n\t<meta name=\"twitter:label2\" content=\"Tiempo de lectura\" \/>\n\t<meta name=\"twitter:data2\" content=\"3 minutos\" \/>\n<script type=\"application\/ld+json\" class=\"yoast-schema-graph\">{\"@context\":\"https:\\\/\\\/schema.org\",\"@graph\":[{\"@type\":\"Article\",\"@id\":\"https:\\\/\\\/www.casaldelsinfants.org\\\/es\\\/actualidad\\\/un-verano-abierto-a-las-oportunidades\\\/#article\",\"isPartOf\":{\"@id\":\"https:\\\/\\\/www.casaldelsinfants.org\\\/es\\\/actualidad\\\/un-verano-abierto-a-las-oportunidades\\\/\"},\"author\":{\"name\":\"cdiAdmin\",\"@id\":\"https:\\\/\\\/www.casaldelsinfants.org\\\/es\\\/#\\\/schema\\\/person\\\/97707fc8c64900cf36891127dbf9fba8\"},\"headline\":\"Un verano abierto a las oportunidades\",\"datePublished\":\"2018-07-13T11:25:26+00:00\",\"dateModified\":\"2023-06-08T11:02:21+00:00\",\"mainEntityOfPage\":{\"@id\":\"https:\\\/\\\/www.casaldelsinfants.org\\\/es\\\/actualidad\\\/un-verano-abierto-a-las-oportunidades\\\/\"},\"wordCount\":475,\"commentCount\":0,\"publisher\":{\"@id\":\"https:\\\/\\\/www.casaldelsinfants.org\\\/es\\\/#organization\"},\"articleSection\":[\"Reportaje\"],\"inLanguage\":\"es\",\"potentialAction\":[{\"@type\":\"CommentAction\",\"name\":\"Comment\",\"target\":[\"https:\\\/\\\/www.casaldelsinfants.org\\\/es\\\/actualidad\\\/un-verano-abierto-a-las-oportunidades\\\/#respond\"]}]},{\"@type\":\"WebPage\",\"@id\":\"https:\\\/\\\/www.casaldelsinfants.org\\\/es\\\/actualidad\\\/un-verano-abierto-a-las-oportunidades\\\/\",\"url\":\"https:\\\/\\\/www.casaldelsinfants.org\\\/es\\\/actualidad\\\/un-verano-abierto-a-las-oportunidades\\\/\",\"name\":\"Un verano abierto a las oportunidades - Casal dels Infants\",\"isPartOf\":{\"@id\":\"https:\\\/\\\/www.casaldelsinfants.org\\\/es\\\/#website\"},\"datePublished\":\"2018-07-13T11:25:26+00:00\",\"dateModified\":\"2023-06-08T11:02:21+00:00\",\"breadcrumb\":{\"@id\":\"https:\\\/\\\/www.casaldelsinfants.org\\\/es\\\/actualidad\\\/un-verano-abierto-a-las-oportunidades\\\/#breadcrumb\"},\"inLanguage\":\"es\",\"potentialAction\":[{\"@type\":\"ReadAction\",\"target\":[\"https:\\\/\\\/www.casaldelsinfants.org\\\/es\\\/actualidad\\\/un-verano-abierto-a-las-oportunidades\\\/\"]}]},{\"@type\":\"BreadcrumbList\",\"@id\":\"https:\\\/\\\/www.casaldelsinfants.org\\\/es\\\/actualidad\\\/un-verano-abierto-a-las-oportunidades\\\/#breadcrumb\",\"itemListElement\":[{\"@type\":\"ListItem\",\"position\":1,\"name\":\"Inici\",\"item\":\"https:\\\/\\\/www.casaldelsinfants.org\\\/es\\\/\"},{\"@type\":\"ListItem\",\"position\":2,\"name\":\"Un verano abierto a las oportunidades\"}]},{\"@type\":\"WebSite\",\"@id\":\"https:\\\/\\\/www.casaldelsinfants.org\\\/es\\\/#website\",\"url\":\"https:\\\/\\\/www.casaldelsinfants.org\\\/es\\\/\",\"name\":\"Casal dels Infants\",\"description\":\"\",\"publisher\":{\"@id\":\"https:\\\/\\\/www.casaldelsinfants.org\\\/es\\\/#organization\"},\"potentialAction\":[{\"@type\":\"SearchAction\",\"target\":{\"@type\":\"EntryPoint\",\"urlTemplate\":\"https:\\\/\\\/www.casaldelsinfants.org\\\/es\\\/?s={search_term_string}\"},\"query-input\":{\"@type\":\"PropertyValueSpecification\",\"valueRequired\":true,\"valueName\":\"search_term_string\"}}],\"inLanguage\":\"es\"},{\"@type\":\"Organization\",\"@id\":\"https:\\\/\\\/www.casaldelsinfants.org\\\/es\\\/#organization\",\"name\":\"Casal dels Infants\",\"url\":\"https:\\\/\\\/www.casaldelsinfants.org\\\/es\\\/\",\"logo\":{\"@type\":\"ImageObject\",\"inLanguage\":\"es\",\"@id\":\"https:\\\/\\\/www.casaldelsinfants.org\\\/es\\\/#\\\/schema\\\/logo\\\/image\\\/\",\"url\":\"https:\\\/\\\/www.casaldelsinfants.org\\\/wp-content\\\/uploads\\\/logo-mail.png\",\"contentUrl\":\"https:\\\/\\\/www.casaldelsinfants.org\\\/wp-content\\\/uploads\\\/logo-mail.png\",\"width\":380,\"height\":158,\"caption\":\"Casal dels Infants\"},\"image\":{\"@id\":\"https:\\\/\\\/www.casaldelsinfants.org\\\/es\\\/#\\\/schema\\\/logo\\\/image\\\/\"},\"sameAs\":[\"https:\\\/\\\/www.facebook.com\\\/casalinfants\",\"https:\\\/\\\/x.com\\\/casalinfants\",\"https:\\\/\\\/www.youtube.com\\\/user\\\/CasaldelsInfants1\",\"https:\\\/\\\/www.instagram.com\\\/casalinfants\\\/\",\"https:\\\/\\\/www.linkedin.com\\\/company\\\/casaldelsinfants?trk=organization-update_share-update_actor-text\"]},{\"@type\":\"Person\",\"@id\":\"https:\\\/\\\/www.casaldelsinfants.org\\\/es\\\/#\\\/schema\\\/person\\\/97707fc8c64900cf36891127dbf9fba8\",\"name\":\"cdiAdmin\",\"sameAs\":[\"https:\\\/\\\/casaldelsinfants.org\"]}]}<\/script>\n<!-- \/ Yoast SEO plugin. -->","yoast_head_json":{"title":"Un verano abierto a las oportunidades - Casal dels Infants","robots":{"index":"index","follow":"follow","max-snippet":"max-snippet:-1","max-image-preview":"max-image-preview:large","max-video-preview":"max-video-preview:-1"},"canonical":"https:\/\/www.casaldelsinfants.org\/es\/actualidad\/un-verano-abierto-a-las-oportunidades\/","og_locale":"es_ES","og_type":"article","og_title":"Un verano abierto a las oportunidades - Casal dels Infants","og_description":"\u00a0  Al Casal dels Infants hem comen\u00e7at l\u2019estiu carregats d\u2019il\u00b7lusi\u00f3 i de ganes de reivindicar el que viurem fins a finals d\u2019agost: unes vacances plenes de diversi\u00f3 i aprenentatge en igualtat d\u2019oportunitats! A comen\u00e7aments de juliol vam organitzar amb els infants i joves de tots els municipis on actuem la nostra gran festa de l\u2019estiu, celebrant aix\u00ed l\u2019inici del casal d\u2019estiu, les col\u00f2nies, els camps de treball i el projecte de refor\u00e7 del catal\u00e0 Cat-Estiu. Amb la suma d\u2019esfor\u00e7os de tots i totes, viurem un estiu inoblidable! Ens fas costat?","og_url":"https:\/\/www.casaldelsinfants.org\/es\/actualidad\/un-verano-abierto-a-las-oportunidades\/","og_site_name":"Casal dels Infants","article_publisher":"https:\/\/www.facebook.com\/casalinfants","article_published_time":"2018-07-13T11:25:26+00:00","article_modified_time":"2023-06-08T11:02:21+00:00","author":"cdiAdmin","twitter_card":"summary_large_image","twitter_creator":"@casalinfants","twitter_site":"@casalinfants","twitter_misc":{"Escrito por":"cdiAdmin","Tiempo de lectura":"3 minutos"},"schema":{"@context":"https:\/\/schema.org","@graph":[{"@type":"Article","@id":"https:\/\/www.casaldelsinfants.org\/es\/actualidad\/un-verano-abierto-a-las-oportunidades\/#article","isPartOf":{"@id":"https:\/\/www.casaldelsinfants.org\/es\/actualidad\/un-verano-abierto-a-las-oportunidades\/"},"author":{"name":"cdiAdmin","@id":"https:\/\/www.casaldelsinfants.org\/es\/#\/schema\/person\/97707fc8c64900cf36891127dbf9fba8"},"headline":"Un verano abierto a las oportunidades","datePublished":"2018-07-13T11:25:26+00:00","dateModified":"2023-06-08T11:02:21+00:00","mainEntityOfPage":{"@id":"https:\/\/www.casaldelsinfants.org\/es\/actualidad\/un-verano-abierto-a-las-oportunidades\/"},"wordCount":475,"commentCount":0,"publisher":{"@id":"https:\/\/www.casaldelsinfants.org\/es\/#organization"},"articleSection":["Reportaje"],"inLanguage":"es","potentialAction":[{"@type":"CommentAction","name":"Comment","target":["https:\/\/www.casaldelsinfants.org\/es\/actualidad\/un-verano-abierto-a-las-oportunidades\/#respond"]}]},{"@type":"WebPage","@id":"https:\/\/www.casaldelsinfants.org\/es\/actualidad\/un-verano-abierto-a-las-oportunidades\/","url":"https:\/\/www.casaldelsinfants.org\/es\/actualidad\/un-verano-abierto-a-las-oportunidades\/","name":"Un verano abierto a las oportunidades - Casal dels Infants","isPartOf":{"@id":"https:\/\/www.casaldelsinfants.org\/es\/#website"},"datePublished":"2018-07-13T11:25:26+00:00","dateModified":"2023-06-08T11:02:21+00:00","breadcrumb":{"@id":"https:\/\/www.casaldelsinfants.org\/es\/actualidad\/un-verano-abierto-a-las-oportunidades\/#breadcrumb"},"inLanguage":"es","potentialAction":[{"@type":"ReadAction","target":["https:\/\/www.casaldelsinfants.org\/es\/actualidad\/un-verano-abierto-a-las-oportunidades\/"]}]},{"@type":"BreadcrumbList","@id":"https:\/\/www.casaldelsinfants.org\/es\/actualidad\/un-verano-abierto-a-las-oportunidades\/#breadcrumb","itemListElement":[{"@type":"ListItem","position":1,"name":"Inici","item":"https:\/\/www.casaldelsinfants.org\/es\/"},{"@type":"ListItem","position":2,"name":"Un verano abierto a las oportunidades"}]},{"@type":"WebSite","@id":"https:\/\/www.casaldelsinfants.org\/es\/#website","url":"https:\/\/www.casaldelsinfants.org\/es\/","name":"Casal dels Infants","description":"","publisher":{"@id":"https:\/\/www.casaldelsinfants.org\/es\/#organization"},"potentialAction":[{"@type":"SearchAction","target":{"@type":"EntryPoint","urlTemplate":"https:\/\/www.casaldelsinfants.org\/es\/?s={search_term_string}"},"query-input":{"@type":"PropertyValueSpecification","valueRequired":true,"valueName":"search_term_string"}}],"inLanguage":"es"},{"@type":"Organization","@id":"https:\/\/www.casaldelsinfants.org\/es\/#organization","name":"Casal dels Infants","url":"https:\/\/www.casaldelsinfants.org\/es\/","logo":{"@type":"ImageObject","inLanguage":"es","@id":"https:\/\/www.casaldelsinfants.org\/es\/#\/schema\/logo\/image\/","url":"https:\/\/www.casaldelsinfants.org\/wp-content\/uploads\/logo-mail.png","contentUrl":"https:\/\/www.casaldelsinfants.org\/wp-content\/uploads\/logo-mail.png","width":380,"height":158,"caption":"Casal dels Infants"},"image":{"@id":"https:\/\/www.casaldelsinfants.org\/es\/#\/schema\/logo\/image\/"},"sameAs":["https:\/\/www.facebook.com\/casalinfants","https:\/\/x.com\/casalinfants","https:\/\/www.youtube.com\/user\/CasaldelsInfants1","https:\/\/www.instagram.com\/casalinfants\/","https:\/\/www.linkedin.com\/company\/casaldelsinfants?trk=organization-update_share-update_actor-text"]},{"@type":"Person","@id":"https:\/\/www.casaldelsinfants.org\/es\/#\/schema\/person\/97707fc8c64900cf36891127dbf9fba8","name":"cdiAdmin","sameAs":["https:\/\/casaldelsinfants.org"]}]}},"publishpress_future_action":{"enabled":false,"date":"2026-05-07 09:15:26","action":"change-status","newStatus":"draft","terms":[],"taxonomy":"category","extraData":[]},"publishpress_future_workflow_manual_trigger":{"enabledWorkflows":[]},"_links":{"self":[{"href":"https:\/\/www.casaldelsinfants.org\/es\/wp-json\/wp\/v2\/posts\/4492","targetHints":{"allow":["GET"]}}],"collection":[{"href":"https:\/\/www.casaldelsinfants.org\/es\/wp-json\/wp\/v2\/posts"}],"about":[{"href":"https:\/\/www.casaldelsinfants.org\/es\/wp-json\/wp\/v2\/types\/post"}],"author":[{"embeddable":true,"href":"https:\/\/www.casaldelsinfants.org\/es\/wp-json\/wp\/v2\/users\/1"}],"replies":[{"embeddable":true,"href":"https:\/\/www.casaldelsinfants.org\/es\/wp-json\/wp\/v2\/comments?post=4492"}],"version-history":[{"count":8,"href":"https:\/\/www.casaldelsinfants.org\/es\/wp-json\/wp\/v2\/posts\/4492\/revisions"}],"predecessor-version":[{"id":11950,"href":"https:\/\/www.casaldelsinfants.org\/es\/wp-json\/wp\/v2\/posts\/4492\/revisions\/11950"}],"wp:attachment":[{"href":"https:\/\/www.casaldelsinfants.org\/es\/wp-json\/wp\/v2\/media?parent=4492"}],"wp:term":[{"taxonomy":"category","embeddable":true,"href":"https:\/\/www.casaldelsinfants.org\/es\/wp-json\/wp\/v2\/categories?post=4492"},{"taxonomy":"post_tag","embeddable":true,"href":"https:\/\/www.casaldelsinfants.org\/es\/wp-json\/wp\/v2\/tags?post=4492"},{"taxonomy":"seus","embeddable":true,"href":"https:\/\/www.casaldelsinfants.org\/es\/wp-json\/wp\/v2\/seus?post=4492"},{"taxonomy":"eixos","embeddable":true,"href":"https:\/\/www.casaldelsinfants.org\/es\/wp-json\/wp\/v2\/eixos?post=4492"}],"curies":[{"name":"wp","href":"https:\/\/api.w.org\/{rel}","templated":true}]}}