{"id":4494,"date":"2018-06-14T11:18:00","date_gmt":"2018-06-14T09:18:00","guid":{"rendered":"https:\/\/casal.puntzero.cat\/noticies\/la-lectura-la-porta-les-oportunitats\/"},"modified":"2018-06-14T11:18:00","modified_gmt":"2018-06-14T09:18:00","slug":"la-lectura-la-porta-les-oportunitats","status":"publish","type":"post","link":"https:\/\/www.casaldelsinfants.org\/es\/actualidad\/la-lectura-la-porta-les-oportunitats\/","title":{"rendered":"La lectura, la porta a les oportunitats"},"content":{"rendered":"<p style=\"text-align:justify; margin:0cm 0cm 10pt\"><span style=\"color:#000000;\"><span style=\"font-size:11pt\"><span style=\"line-height:115%\"><span style=\"font-family:Calibri,sans-serif\"><span lang=\"CA\" style=\"font-size:12.0pt\" xml_lang=\"CA\"><span style=\"line-height:115%\"><span style=\"font-family:&quot;Myriad Pro&quot;,&quot;sans-serif&quot;\">Els nens i nenes del <strong>Casal Obert de Petita Inf\u00e0ncia (COPI)<\/strong> del <strong>Casal dels Infants<\/strong> del <strong>Raval<\/strong> fan la rotllana, com cada dia quan arriben de l\u2019escola. Avui seu entre ells i elles una cara coneguda. B\u00e9, no per tothom. L\u2019<strong>Andrea<\/strong>, que nom\u00e9 fa un mes que participa a COPI, no sap ben b\u00e9 de qui es tracta ni per qu\u00e8 \u00e9s aqu\u00ed. La seva companya <strong>Joana<\/strong> de seguida li resol el dubte: \u201cLa Montse explica contes\u201d.<\/span><\/span><\/span><\/span><\/span><\/span><\/span><\/p>\n<p style=\"text-align:justify; margin:0cm 0cm 10pt\"><span style=\"color:#000000;\"><span style=\"font-size:11pt\"><span style=\"line-height:115%\"><span style=\"font-family:Calibri,sans-serif\"><span lang=\"CA\" style=\"font-size:12.0pt\" xml_lang=\"CA\"><span style=\"line-height:115%\"><span style=\"font-family:&quot;Myriad Pro&quot;,&quot;sans-serif&quot;\">Cinc menuts m\u00e9s tard, un rac\u00f3 de l\u2019aula s\u2019ha transformat en tot un teatre. A la platea, un munt de cares bocabadades s\u2019escolten la hist\u00f2ria del ratol\u00ed que volia fer una truita per\u00f2 li faltava un ou. Amb el llibre de Davide Cali i Maria Dek entre mans, la <strong>Montse Morera<\/strong>, escriptora i docent,\u00a0alimenta la imaginaci\u00f3 dels nens i nenes. Un cop llegit\u00a0el conte faran grups, es repartiran els personatges i els interpretaran davant els companys i les companyes.<\/span><\/span><\/span><\/span><\/span><\/span><\/span><\/p>\n<p class=\"destacat-noticia\">Montse Morera: \u201cEl primer cop que vaig venir em van dir que era el primer dia que li escoltaven la veu a un dels nens. Per mi, aix\u00f2 \u00e9s el millor que em poden dir.\u201d<\/p>\n<p style=\"text-align:justify; margin:0cm 0cm 10pt\"><span style=\"color:#000000;\"><span style=\"font-size:11pt\"><span style=\"line-height:115%\"><span style=\"font-family:Calibri,sans-serif\"><span lang=\"CA\" style=\"font-size:12.0pt\" xml_lang=\"CA\"><span style=\"line-height:115%\"><span style=\"font-family:&quot;Myriad Pro&quot;,&quot;sans-serif&quot;\">Quan des de l\u2019<strong>Associaci\u00f3 d\u2019Escriptors en Llengua Catalana (AELC)<\/strong> van proposar-li que vingu\u00e9s a explicar contes als nens i nenes del Casal dels Infants amb el projecte <strong>\u201cFoment de la lectura\u201d<\/strong>, la Montse de seguida va dir que s\u00ed. Tenia ganes de tornar la seva passi\u00f3 per la lectura al lloc on la va trobar. \u201cJo he nascut en aquest barri, i, tot i que ja no hi visc, vaig descobrir la lectura aqu\u00ed, a la <strong>biblioteca del carrer Hospital<\/strong>\u201d. De les sessions que ha compartit amb els petits participants del <strong>\u201cCasalet\u201d<\/strong> en tria un moment especial: \u201cEl primer cop que vaig venir em van dir que era el primer dia que li escoltaven la veu a un dels nens. Per mi, aix\u00f2 \u00e9s el millor que em poden dir\u201d.\u00a0<\/span><\/span><\/span><\/span><\/span><\/span><span style=\"font-size:11pt\"><span style=\"line-height:115%\"><span style=\"font-family:Calibri,sans-serif\"><span lang=\"CA\" style=\"font-size:12.0pt\" xml_lang=\"CA\"><span style=\"line-height:115%\"><span style=\"font-family:&quot;Myriad Pro&quot;,&quot;sans-serif&quot;\">La Montse explica que l\u2019afici\u00f3 per la lectura no nom\u00e9s va fer que acab\u00e9s escrivint literatura infantil, sin\u00f3 que la va portar a estudiar i a dedicar-se a la doc\u00e8ncia \u2014va ser professora a instituts i a la Universitat Aut\u00f2noma de Barcelona, fins que es va jubilar\u00ad\u2014. <\/span><\/span><\/span><\/span><\/span><\/span><\/span><\/p>\n<p style=\"text-align:justify; margin:0cm 0cm 10pt\">\u00a0<\/p>\n<div class=\"video-embed-field-responsive-video form-group\"><iframe loading=\"lazy\" width=\"854\" height=\"480\" frameborder=\"0\" allowfullscreen=\"allowfullscreen\" src=\"https:\/\/www.youtube.com\/embed\/NsOHIBrkAIY?autoplay=0&amp;start=0&amp;rel=0\"><\/iframe>\n<\/div>\n<p style=\"text-align:justify; margin:0cm 0cm 10pt\">\u00a0<\/p>\n<p style=\"text-align:justify; margin:0cm 0cm 10pt\"><span style=\"color:#000000;\"><span style=\"font-size:11pt\"><span style=\"line-height:115%\"><span style=\"font-family:Calibri,sans-serif\"><span lang=\"CA\" style=\"font-size:12.0pt\" xml_lang=\"CA\"><span style=\"line-height:115%\"><span style=\"font-family:&quot;Myriad Pro&quot;,&quot;sans-serif&quot;\">Precisament \u00e9s aquesta funci\u00f3 de la literatura, la de <strong>\u201cgran porta cap al coneixement\u201d<\/strong>, la que va trobar m\u00e9s \u00fatil en <strong>Jaume Copons<\/strong>, escriptor i guionista,\u00a0per als nois del Programa de Formaci\u00f3 Inicial (PFI) en auxiliar de muntatges d\u2019instal\u00b7lacions d\u2019aigua, electricitat i gas. \u201cSi ets un bon lector, \u00e9s f\u00e0cil que resolguis els ex\u00e0mens de matem\u00e0tiques o que siguis un bon muntador\u201d, explica avui que tornar a visitar els joves. En con\u00e8ixer el PFI, m<\/span><\/span><\/span><\/span><\/span><\/span><span style=\"font-size:11pt\"><span style=\"line-height:115%\"><span style=\"font-family:Calibri,sans-serif\"><span lang=\"CA\" style=\"font-size:12.0pt\" xml_lang=\"CA\"><span style=\"line-height:115%\"><span style=\"font-family:&quot;Myriad Pro&quot;,&quot;sans-serif&quot;\">entre donava voltes a com la lectura exercita el raonament l\u00f2gic, es va trobar que els\u00a0joves buscaven una sortida pr\u00e0ctica a la literatura fora\u00a0de l\u2019\u00e0mbit acad\u00e8mic o professional. Quan en la primera sessi\u00f3 els va preguntar quin material volien que els port\u00e9s, li van dir que <strong>poesia<\/strong>. Per qu\u00e8? Per agradar\u00a0a les noies.\u00a0\u201cVaig dir d\u2019acord, doncs poesia\u201d. Per aix\u00f2 en la sessi\u00f3 d\u2019avui han escoltat \u201cOjos de gata\u201d, de Los Secretos, aturant-se a analitzar-ne la lletra.<\/span><\/span><\/span><\/span><\/span><\/span><\/span><\/p>\n<p class=\"destacat-noticia\">Jaume Morera:\u00a0\u201cSi ets un bon lector, \u00e9s f\u00e0cil que resolguis els ex\u00e0mens de matem\u00e0tiques o que siguis un bon muntador.\u201d<\/p>\n<p style=\"text-align:justify; margin:0cm 0cm 10pt\"><span style=\"color:#000000;\"><span style=\"font-size:11pt\"><span style=\"line-height:115%\"><span style=\"font-family:Calibri,sans-serif\"><span lang=\"CA\" style=\"font-size:12.0pt\" xml_lang=\"CA\"><span style=\"line-height:115%\"><span style=\"font-family:&quot;Myriad Pro&quot;,&quot;sans-serif&quot;\">Els nois tenen altres inquietuds, m\u00e9s enll\u00e0 de\u00a0la l\u00edrica seductora. L\u2019<strong>Ousmane<\/strong> <strong>Camara <\/strong>va explicar que practica la <strong>boxa<\/strong> i que \u00e9s un dels seus temes d\u2019inter\u00e8s. \u00a0En Jaume va entomar el repte i va apar\u00e8ixer amb \u201cPer un bistec\u201d, de Jack London.\u00a0 \u201c\u00c9s un conte preci\u00f3s, per\u00f2 em vaig adonar que els anava gran. L\u2019hagu\u00e9ssim pogut treballar si hagu\u00e9ssim portat m\u00e9s sessions\u201d. <\/span><\/span><\/span><\/span><\/span><\/span><\/span><\/p>\n<p style=\"text-align:justify; margin:0cm 0cm 10pt\"><span style=\"color:#000000;\"><span style=\"font-size:11pt\"><span style=\"line-height:115%\"><span style=\"font-family:Calibri,sans-serif\"><span lang=\"CA\" style=\"font-size:12.0pt\" xml_lang=\"CA\"><span style=\"line-height:115%\"><span style=\"font-family:&quot;Myriad Pro&quot;,&quot;sans-serif&quot;\">Avui, en el segon assalt, en Jaume puja al quadril\u00e0ter amb el m\u00e9s gran: <strong>Muhammad Al\u00ed<\/strong>. I avisa: \u201cHaureu vist que al cinema i a la literatura pinten el boxador com un tio que ha quedat atontat pels cops, per\u00f2 aquest senyor t\u00e9 el cap molt ben posat i sap molt b\u00e9 de qu\u00e8 parla\u201d. A la pantalla, Al\u00ed seu davant del periodista de la BBC Michael Parkinson i comen\u00e7a a encadenar cops dial\u00e8ctics. Ara un ganxo, ara un directe&#8230; Noqueig hist\u00f2ric del racisme nord-americ\u00e0 dels anys 70. \u00a0\u201cHe triat aquesta entrevista perqu\u00e8 molts de vosaltres sou negres i musulmans, i tothom t\u00e9 el dret a defensar el que pensa i com \u00e9s\u201d, diu en Jaume, que abans de fer sonar la campana recull una altra de les peticions dels joves: el <strong>trap<\/strong>. Sona <strong>\u201cLa Pasta\u201d<\/strong>, de <strong>P.A.W.N. GANG<\/strong>, i toca trencar-se el cap per mirar d\u2019entendre\u2019n la lletra.<\/span><\/span><\/span><\/span><\/span><\/span><\/span><\/p>\n<p style=\"text-align:justify; margin:0cm 0cm 10pt\">\u00a0<\/p>\n<div class=\"video-embed-field-responsive-video form-group\"><iframe loading=\"lazy\" width=\"854\" height=\"480\" frameborder=\"0\" allowfullscreen=\"allowfullscreen\" src=\"https:\/\/www.youtube.com\/embed\/TeoBGldhpSU?autoplay=0&amp;start=0&amp;rel=0\"><\/iframe>\n<\/div>\n<p style=\"text-align:justify; margin:0cm 0cm 10pt\">\u00a0<\/p>\n<p style=\"text-align:justify; margin:0cm 0cm 10pt\"><span style=\"color:#000000;\"><span style=\"font-size:11pt\"><span style=\"line-height:115%\"><span style=\"font-family:Calibri,sans-serif\"><span lang=\"CA\" style=\"font-size:12.0pt\" xml_lang=\"CA\"><span style=\"line-height:115%\"><span style=\"font-family:&quot;Myriad Pro&quot;,&quot;sans-serif&quot;\">La lectura entra ara a l\u2019aula del projecte<strong> Min\u00fascula<\/strong>, un espai per a infants de 0 a 3 anys i de suport a les seves mares, sovint immigrades, en el proc\u00e9s d\u2019inclusi\u00f3 social. La carrega en una bossa la <strong>Bel Olid<\/strong>, escriptora la presidenta de l\u2019Associaci\u00f3 d\u2019Escriptors en Llengua Catalana. Quan ha arribat al n\u00famero 22 del carrer de la Reina Am\u00e0lia\u00a0sabia on era i recordava d\u2019on venia: \u00abVisc al Raval i vaig cr\u00e9ixer en un barri amb unes caracter\u00edstiques semblants a Matar\u00f3. Amb un percentatge d\u2019immigraci\u00f3 molt alt i amb fam\u00edlies amb un capital sociocultural a vegades molt baix.\u00a0A casa meva\u00a0no hi havia llibres, els vaig haver de comprar\u00a0a mesura que m&#8217;anava fent gran\u00bb.<\/span><\/span><\/span><\/span><\/span><\/span><\/span><\/p>\n<p class=\"destacat-noticia\">Bel Olid: \u00abVisc al Raval i vaig cr\u00e9ixer en un barri amb unes caracter\u00edstiques semblants a Matar\u00f3. A casa meva\u00a0no hi havia llibres, els vaig haver de comprar\u00a0a mesura\u00a0que m&#8217;anava\u00a0fent gran.\u00bb<\/p>\n<p style=\"text-align:justify; margin:0cm 0cm 10pt\"><span style=\"color:#000000;\"><span style=\"font-size:11pt\"><span style=\"line-height:115%\"><span style=\"font-family:Calibri,sans-serif\"><span lang=\"CA\" style=\"font-size:12.0pt\" xml_lang=\"CA\"><span style=\"line-height:115%\"><span style=\"font-family:&quot;Myriad Pro&quot;,&quot;sans-serif&quot;\">La Bel t\u00e9 experi\u00e8ncia amb les criatures. Els seus fills ja s\u00f3n adolescents, per\u00f2 somriu quan recorda l\u2019esgotament durant la <strong>crian\u00e7a<\/strong>. Seure una estona a llegir tamb\u00e9 vol dir deixar d\u2019anar amunt i avall i passar una estona tranquil\u00b7la. Ha portat una tria de tradici\u00f3 popular infantil de diferents or\u00edgens, on trobem un dels cl\u00e0ssics del conte il\u00b7lustrat en catal\u00e0, el <strong>\u201cTeo\u201d<\/strong>, i <strong>\u201cA la sombra del olivo\u201d<\/strong>, un recull biling\u00fce, en castell\u00e0 i en \u00e0rab, de 29 can\u00e7ons infantils del <strong>Magreb<\/strong>. Cap al final de la sessi\u00f3, a una de les mares se li il\u00b7luminar\u00e0 la cara quan reconegui una de les can\u00e7ons de falda que cantava quan era petita.<\/span><\/span><\/span><\/span><\/span><\/span><\/span><\/p>\n<p style=\"text-align:justify; margin:0cm 0cm 10pt\">\u00a0<\/p>\n<div class=\"video-embed-field-responsive-video form-group\"><iframe loading=\"lazy\" width=\"854\" height=\"480\" frameborder=\"0\" allowfullscreen=\"allowfullscreen\" src=\"https:\/\/www.youtube.com\/embed\/3VoeT0kBMuE?autoplay=0&amp;start=0&amp;rel=0\"><\/iframe>\n<\/div>\n<p style=\"text-align:justify; margin:0cm 0cm 10pt\">\u00a0<\/p>\n<p><span style=\"color:#000000;\"><span lang=\"CA\" style=\"font-size:12.0pt\" xml_lang=\"CA\"><span style=\"line-height:115%\"><span style=\"font-family:&quot;Myriad Pro&quot;,&quot;sans-serif&quot;\">Aix\u00ed, amb ratolins afamats, boxadors punyents i sons del Magreb, acaba la segona edici\u00f3 del projecte \u201cFoment de la lectura\u201d. La Bel Olid, en Jaume Copons, la Montse Morera i la resta d\u2019escriptors de l\u2019AELC, per\u00f2, sempre tindran un pretext per tornar: retrobar-se amb les hist\u00f2ries que van portar sota el bra\u00e7 i amb els infants, joves i fam\u00edlies amb qui les van compartir. Els llibres de les sessions, adquirits per l\u2019AELC, passaran a formar part de la <strong>biblioteca del Casal dels Infants<\/strong>, esperant caure en altres mans i ser la porta de noves oportunitats. I conte acabat, conte explicat.<\/span><\/span><\/span><\/span><\/p>\n","protected":false},"excerpt":{"rendered":"<p class=\"text-align-center\">\u00a0<\/p>\n<p class=\"text-align-center\">La coberta d\u2019un bon llibre amaga una part desconeguda de la nostra identitat i d\u00f3na sentit al m\u00f3n que ens envolta. M\u00e9s enll\u00e0 de fer-nos gaudir, ens porta a racons insospitats. Tenir acc\u00e9s a la lectura vol dir tenir a l\u2019abast el coneixement, ens diu en Jaume Copons. O passar una estona tranquil\u00b7la amb la Bel Olid compartint els nostres or\u00edgens. O fer sortir paraules d\u2019una boca que s\u2019entossudia a estar tancada, com sap fer la Montse Morera. Tots tres, juntament amb altres integrants de l\u2019Associaci\u00f3 d\u2019Escriptors en Llengua Catalana, han apropat totes aquestes oportunitats a infants, joves i fam\u00edlies del Raval amb el projecte \u201cFoment de la lectura\u201d.<\/p>\n<p class=\"text-align-center\">\u00a0<\/p>\n","protected":false},"author":1,"featured_media":3470,"comment_status":"open","ping_status":"open","sticky":false,"template":"","format":"standard","meta":{"_acf_changed":false,"_et_pb_use_builder":"","_et_pb_old_content":"","_et_gb_content_width":"","inline_featured_image":false,"footnotes":""},"categories":[105,13],"tags":[],"seus":[],"eixos":[110,24],"class_list":["post-4494","post","type-post","status-publish","format-standard","has-post-thumbnail","hentry","category-reportaje","category-reportatge","eixos-comunidad-casal-dels-infants","eixos-comunitat-casal-dels-infants"],"acf":[],"yoast_head":"<!-- This site is optimized with the Yoast SEO plugin v27.4 - https:\/\/yoast.com\/product\/yoast-seo-wordpress\/ -->\n<title>La lectura, la porta a les oportunitats - Casal dels Infants<\/title>\n<meta name=\"robots\" content=\"index, follow, max-snippet:-1, max-image-preview:large, max-video-preview:-1\" \/>\n<link rel=\"canonical\" href=\"https:\/\/www.casaldelsinfants.org\/es\/actualidad\/la-lectura-la-porta-les-oportunitats\/\" \/>\n<meta property=\"og:locale\" content=\"es_ES\" \/>\n<meta property=\"og:type\" content=\"article\" \/>\n<meta property=\"og:title\" content=\"La lectura, la porta a les oportunitats - Casal dels Infants\" \/>\n<meta property=\"og:description\" content=\"\u00a0 La coberta d\u2019un bon llibre amaga una part desconeguda de la nostra identitat i d\u00f3na sentit al m\u00f3n que ens envolta. M\u00e9s enll\u00e0 de fer-nos gaudir, ens porta a racons insospitats. Tenir acc\u00e9s a la lectura vol dir tenir a l\u2019abast el coneixement, ens diu en Jaume Copons. O passar una estona tranquil\u00b7la amb la Bel Olid compartint els nostres or\u00edgens. O fer sortir paraules d\u2019una boca que s\u2019entossudia a estar tancada, com sap fer la Montse Morera. Tots tres, juntament amb altres integrants de l\u2019Associaci\u00f3 d\u2019Escriptors en Llengua Catalana, han apropat totes aquestes oportunitats a infants, joves i fam\u00edlies del Raval amb el projecte \u201cFoment de la lectura\u201d. \u00a0\" \/>\n<meta property=\"og:url\" content=\"https:\/\/www.casaldelsinfants.org\/es\/actualidad\/la-lectura-la-porta-les-oportunitats\/\" \/>\n<meta property=\"og:site_name\" content=\"Casal dels Infants\" \/>\n<meta property=\"article:publisher\" content=\"https:\/\/www.facebook.com\/casalinfants\" \/>\n<meta property=\"article:published_time\" content=\"2018-06-14T09:18:00+00:00\" \/>\n<meta property=\"og:image\" content=\"https:\/\/www.casaldelsinfants.org\/wp-content\/uploads\/bel_olid.jpg\" \/>\n\t<meta property=\"og:image:width\" content=\"1920\" \/>\n\t<meta property=\"og:image:height\" content=\"1080\" \/>\n\t<meta property=\"og:image:type\" content=\"image\/jpeg\" \/>\n<meta name=\"author\" content=\"cdiAdmin\" \/>\n<meta name=\"twitter:card\" content=\"summary_large_image\" \/>\n<meta name=\"twitter:creator\" content=\"@casalinfants\" \/>\n<meta name=\"twitter:site\" content=\"@casalinfants\" \/>\n<meta name=\"twitter:label1\" content=\"Escrito por\" \/>\n\t<meta name=\"twitter:data1\" content=\"cdiAdmin\" \/>\n\t<meta name=\"twitter:label2\" content=\"Tiempo de lectura\" \/>\n\t<meta name=\"twitter:data2\" content=\"6 minutos\" \/>\n<script type=\"application\/ld+json\" class=\"yoast-schema-graph\">{\"@context\":\"https:\\\/\\\/schema.org\",\"@graph\":[{\"@type\":\"Article\",\"@id\":\"https:\\\/\\\/www.casaldelsinfants.org\\\/es\\\/actualidad\\\/la-lectura-la-porta-les-oportunitats\\\/#article\",\"isPartOf\":{\"@id\":\"https:\\\/\\\/www.casaldelsinfants.org\\\/es\\\/actualidad\\\/la-lectura-la-porta-les-oportunitats\\\/\"},\"author\":{\"name\":\"cdiAdmin\",\"@id\":\"https:\\\/\\\/www.casaldelsinfants.org\\\/es\\\/#\\\/schema\\\/person\\\/97707fc8c64900cf36891127dbf9fba8\"},\"headline\":\"La lectura, la porta a les oportunitats\",\"datePublished\":\"2018-06-14T09:18:00+00:00\",\"mainEntityOfPage\":{\"@id\":\"https:\\\/\\\/www.casaldelsinfants.org\\\/es\\\/actualidad\\\/la-lectura-la-porta-les-oportunitats\\\/\"},\"wordCount\":1216,\"commentCount\":0,\"publisher\":{\"@id\":\"https:\\\/\\\/www.casaldelsinfants.org\\\/es\\\/#organization\"},\"image\":{\"@id\":\"https:\\\/\\\/www.casaldelsinfants.org\\\/es\\\/actualidad\\\/la-lectura-la-porta-les-oportunitats\\\/#primaryimage\"},\"thumbnailUrl\":\"https:\\\/\\\/www.casaldelsinfants.org\\\/wp-content\\\/uploads\\\/bel_olid.jpg\",\"articleSection\":[\"Reportaje\",\"Reportatge\"],\"inLanguage\":\"es\",\"potentialAction\":[{\"@type\":\"CommentAction\",\"name\":\"Comment\",\"target\":[\"https:\\\/\\\/www.casaldelsinfants.org\\\/es\\\/actualidad\\\/la-lectura-la-porta-les-oportunitats\\\/#respond\"]}]},{\"@type\":\"WebPage\",\"@id\":\"https:\\\/\\\/www.casaldelsinfants.org\\\/es\\\/actualidad\\\/la-lectura-la-porta-les-oportunitats\\\/\",\"url\":\"https:\\\/\\\/www.casaldelsinfants.org\\\/es\\\/actualidad\\\/la-lectura-la-porta-les-oportunitats\\\/\",\"name\":\"La lectura, la porta a les oportunitats - Casal dels Infants\",\"isPartOf\":{\"@id\":\"https:\\\/\\\/www.casaldelsinfants.org\\\/es\\\/#website\"},\"primaryImageOfPage\":{\"@id\":\"https:\\\/\\\/www.casaldelsinfants.org\\\/es\\\/actualidad\\\/la-lectura-la-porta-les-oportunitats\\\/#primaryimage\"},\"image\":{\"@id\":\"https:\\\/\\\/www.casaldelsinfants.org\\\/es\\\/actualidad\\\/la-lectura-la-porta-les-oportunitats\\\/#primaryimage\"},\"thumbnailUrl\":\"https:\\\/\\\/www.casaldelsinfants.org\\\/wp-content\\\/uploads\\\/bel_olid.jpg\",\"datePublished\":\"2018-06-14T09:18:00+00:00\",\"breadcrumb\":{\"@id\":\"https:\\\/\\\/www.casaldelsinfants.org\\\/es\\\/actualidad\\\/la-lectura-la-porta-les-oportunitats\\\/#breadcrumb\"},\"inLanguage\":\"es\",\"potentialAction\":[{\"@type\":\"ReadAction\",\"target\":[\"https:\\\/\\\/www.casaldelsinfants.org\\\/es\\\/actualidad\\\/la-lectura-la-porta-les-oportunitats\\\/\"]}]},{\"@type\":\"ImageObject\",\"inLanguage\":\"es\",\"@id\":\"https:\\\/\\\/www.casaldelsinfants.org\\\/es\\\/actualidad\\\/la-lectura-la-porta-les-oportunitats\\\/#primaryimage\",\"url\":\"https:\\\/\\\/www.casaldelsinfants.org\\\/wp-content\\\/uploads\\\/bel_olid.jpg\",\"contentUrl\":\"https:\\\/\\\/www.casaldelsinfants.org\\\/wp-content\\\/uploads\\\/bel_olid.jpg\",\"width\":1920,\"height\":1080,\"caption\":\"Educadora llegint un compte a un infant al terra\"},{\"@type\":\"BreadcrumbList\",\"@id\":\"https:\\\/\\\/www.casaldelsinfants.org\\\/es\\\/actualidad\\\/la-lectura-la-porta-les-oportunitats\\\/#breadcrumb\",\"itemListElement\":[{\"@type\":\"ListItem\",\"position\":1,\"name\":\"Inici\",\"item\":\"https:\\\/\\\/www.casaldelsinfants.org\\\/es\\\/\"},{\"@type\":\"ListItem\",\"position\":2,\"name\":\"La lectura, la porta a les oportunitats\"}]},{\"@type\":\"WebSite\",\"@id\":\"https:\\\/\\\/www.casaldelsinfants.org\\\/es\\\/#website\",\"url\":\"https:\\\/\\\/www.casaldelsinfants.org\\\/es\\\/\",\"name\":\"Casal dels Infants\",\"description\":\"\",\"publisher\":{\"@id\":\"https:\\\/\\\/www.casaldelsinfants.org\\\/es\\\/#organization\"},\"potentialAction\":[{\"@type\":\"SearchAction\",\"target\":{\"@type\":\"EntryPoint\",\"urlTemplate\":\"https:\\\/\\\/www.casaldelsinfants.org\\\/es\\\/?s={search_term_string}\"},\"query-input\":{\"@type\":\"PropertyValueSpecification\",\"valueRequired\":true,\"valueName\":\"search_term_string\"}}],\"inLanguage\":\"es\"},{\"@type\":\"Organization\",\"@id\":\"https:\\\/\\\/www.casaldelsinfants.org\\\/es\\\/#organization\",\"name\":\"Casal dels Infants\",\"url\":\"https:\\\/\\\/www.casaldelsinfants.org\\\/es\\\/\",\"logo\":{\"@type\":\"ImageObject\",\"inLanguage\":\"es\",\"@id\":\"https:\\\/\\\/www.casaldelsinfants.org\\\/es\\\/#\\\/schema\\\/logo\\\/image\\\/\",\"url\":\"https:\\\/\\\/www.casaldelsinfants.org\\\/wp-content\\\/uploads\\\/logo-mail.png\",\"contentUrl\":\"https:\\\/\\\/www.casaldelsinfants.org\\\/wp-content\\\/uploads\\\/logo-mail.png\",\"width\":380,\"height\":158,\"caption\":\"Casal dels Infants\"},\"image\":{\"@id\":\"https:\\\/\\\/www.casaldelsinfants.org\\\/es\\\/#\\\/schema\\\/logo\\\/image\\\/\"},\"sameAs\":[\"https:\\\/\\\/www.facebook.com\\\/casalinfants\",\"https:\\\/\\\/x.com\\\/casalinfants\",\"https:\\\/\\\/www.youtube.com\\\/user\\\/CasaldelsInfants1\",\"https:\\\/\\\/www.instagram.com\\\/casalinfants\\\/\",\"https:\\\/\\\/www.linkedin.com\\\/company\\\/casaldelsinfants?trk=organization-update_share-update_actor-text\"]},{\"@type\":\"Person\",\"@id\":\"https:\\\/\\\/www.casaldelsinfants.org\\\/es\\\/#\\\/schema\\\/person\\\/97707fc8c64900cf36891127dbf9fba8\",\"name\":\"cdiAdmin\",\"sameAs\":[\"https:\\\/\\\/casaldelsinfants.org\"]}]}<\/script>\n<!-- \/ Yoast SEO plugin. -->","yoast_head_json":{"title":"La lectura, la porta a les oportunitats - Casal dels Infants","robots":{"index":"index","follow":"follow","max-snippet":"max-snippet:-1","max-image-preview":"max-image-preview:large","max-video-preview":"max-video-preview:-1"},"canonical":"https:\/\/www.casaldelsinfants.org\/es\/actualidad\/la-lectura-la-porta-les-oportunitats\/","og_locale":"es_ES","og_type":"article","og_title":"La lectura, la porta a les oportunitats - Casal dels Infants","og_description":"\u00a0 La coberta d\u2019un bon llibre amaga una part desconeguda de la nostra identitat i d\u00f3na sentit al m\u00f3n que ens envolta. M\u00e9s enll\u00e0 de fer-nos gaudir, ens porta a racons insospitats. Tenir acc\u00e9s a la lectura vol dir tenir a l\u2019abast el coneixement, ens diu en Jaume Copons. O passar una estona tranquil\u00b7la amb la Bel Olid compartint els nostres or\u00edgens. O fer sortir paraules d\u2019una boca que s\u2019entossudia a estar tancada, com sap fer la Montse Morera. Tots tres, juntament amb altres integrants de l\u2019Associaci\u00f3 d\u2019Escriptors en Llengua Catalana, han apropat totes aquestes oportunitats a infants, joves i fam\u00edlies del Raval amb el projecte \u201cFoment de la lectura\u201d. \u00a0","og_url":"https:\/\/www.casaldelsinfants.org\/es\/actualidad\/la-lectura-la-porta-les-oportunitats\/","og_site_name":"Casal dels Infants","article_publisher":"https:\/\/www.facebook.com\/casalinfants","article_published_time":"2018-06-14T09:18:00+00:00","og_image":[{"width":1920,"height":1080,"url":"https:\/\/www.casaldelsinfants.org\/wp-content\/uploads\/bel_olid.jpg","type":"image\/jpeg"}],"author":"cdiAdmin","twitter_card":"summary_large_image","twitter_creator":"@casalinfants","twitter_site":"@casalinfants","twitter_misc":{"Escrito por":"cdiAdmin","Tiempo de lectura":"6 minutos"},"schema":{"@context":"https:\/\/schema.org","@graph":[{"@type":"Article","@id":"https:\/\/www.casaldelsinfants.org\/es\/actualidad\/la-lectura-la-porta-les-oportunitats\/#article","isPartOf":{"@id":"https:\/\/www.casaldelsinfants.org\/es\/actualidad\/la-lectura-la-porta-les-oportunitats\/"},"author":{"name":"cdiAdmin","@id":"https:\/\/www.casaldelsinfants.org\/es\/#\/schema\/person\/97707fc8c64900cf36891127dbf9fba8"},"headline":"La lectura, la porta a les oportunitats","datePublished":"2018-06-14T09:18:00+00:00","mainEntityOfPage":{"@id":"https:\/\/www.casaldelsinfants.org\/es\/actualidad\/la-lectura-la-porta-les-oportunitats\/"},"wordCount":1216,"commentCount":0,"publisher":{"@id":"https:\/\/www.casaldelsinfants.org\/es\/#organization"},"image":{"@id":"https:\/\/www.casaldelsinfants.org\/es\/actualidad\/la-lectura-la-porta-les-oportunitats\/#primaryimage"},"thumbnailUrl":"https:\/\/www.casaldelsinfants.org\/wp-content\/uploads\/bel_olid.jpg","articleSection":["Reportaje","Reportatge"],"inLanguage":"es","potentialAction":[{"@type":"CommentAction","name":"Comment","target":["https:\/\/www.casaldelsinfants.org\/es\/actualidad\/la-lectura-la-porta-les-oportunitats\/#respond"]}]},{"@type":"WebPage","@id":"https:\/\/www.casaldelsinfants.org\/es\/actualidad\/la-lectura-la-porta-les-oportunitats\/","url":"https:\/\/www.casaldelsinfants.org\/es\/actualidad\/la-lectura-la-porta-les-oportunitats\/","name":"La lectura, la porta a les oportunitats - Casal dels Infants","isPartOf":{"@id":"https:\/\/www.casaldelsinfants.org\/es\/#website"},"primaryImageOfPage":{"@id":"https:\/\/www.casaldelsinfants.org\/es\/actualidad\/la-lectura-la-porta-les-oportunitats\/#primaryimage"},"image":{"@id":"https:\/\/www.casaldelsinfants.org\/es\/actualidad\/la-lectura-la-porta-les-oportunitats\/#primaryimage"},"thumbnailUrl":"https:\/\/www.casaldelsinfants.org\/wp-content\/uploads\/bel_olid.jpg","datePublished":"2018-06-14T09:18:00+00:00","breadcrumb":{"@id":"https:\/\/www.casaldelsinfants.org\/es\/actualidad\/la-lectura-la-porta-les-oportunitats\/#breadcrumb"},"inLanguage":"es","potentialAction":[{"@type":"ReadAction","target":["https:\/\/www.casaldelsinfants.org\/es\/actualidad\/la-lectura-la-porta-les-oportunitats\/"]}]},{"@type":"ImageObject","inLanguage":"es","@id":"https:\/\/www.casaldelsinfants.org\/es\/actualidad\/la-lectura-la-porta-les-oportunitats\/#primaryimage","url":"https:\/\/www.casaldelsinfants.org\/wp-content\/uploads\/bel_olid.jpg","contentUrl":"https:\/\/www.casaldelsinfants.org\/wp-content\/uploads\/bel_olid.jpg","width":1920,"height":1080,"caption":"Educadora llegint un compte a un infant al terra"},{"@type":"BreadcrumbList","@id":"https:\/\/www.casaldelsinfants.org\/es\/actualidad\/la-lectura-la-porta-les-oportunitats\/#breadcrumb","itemListElement":[{"@type":"ListItem","position":1,"name":"Inici","item":"https:\/\/www.casaldelsinfants.org\/es\/"},{"@type":"ListItem","position":2,"name":"La lectura, la porta a les oportunitats"}]},{"@type":"WebSite","@id":"https:\/\/www.casaldelsinfants.org\/es\/#website","url":"https:\/\/www.casaldelsinfants.org\/es\/","name":"Casal dels Infants","description":"","publisher":{"@id":"https:\/\/www.casaldelsinfants.org\/es\/#organization"},"potentialAction":[{"@type":"SearchAction","target":{"@type":"EntryPoint","urlTemplate":"https:\/\/www.casaldelsinfants.org\/es\/?s={search_term_string}"},"query-input":{"@type":"PropertyValueSpecification","valueRequired":true,"valueName":"search_term_string"}}],"inLanguage":"es"},{"@type":"Organization","@id":"https:\/\/www.casaldelsinfants.org\/es\/#organization","name":"Casal dels Infants","url":"https:\/\/www.casaldelsinfants.org\/es\/","logo":{"@type":"ImageObject","inLanguage":"es","@id":"https:\/\/www.casaldelsinfants.org\/es\/#\/schema\/logo\/image\/","url":"https:\/\/www.casaldelsinfants.org\/wp-content\/uploads\/logo-mail.png","contentUrl":"https:\/\/www.casaldelsinfants.org\/wp-content\/uploads\/logo-mail.png","width":380,"height":158,"caption":"Casal dels Infants"},"image":{"@id":"https:\/\/www.casaldelsinfants.org\/es\/#\/schema\/logo\/image\/"},"sameAs":["https:\/\/www.facebook.com\/casalinfants","https:\/\/x.com\/casalinfants","https:\/\/www.youtube.com\/user\/CasaldelsInfants1","https:\/\/www.instagram.com\/casalinfants\/","https:\/\/www.linkedin.com\/company\/casaldelsinfants?trk=organization-update_share-update_actor-text"]},{"@type":"Person","@id":"https:\/\/www.casaldelsinfants.org\/es\/#\/schema\/person\/97707fc8c64900cf36891127dbf9fba8","name":"cdiAdmin","sameAs":["https:\/\/casaldelsinfants.org"]}]}},"publishpress_future_action":{"enabled":false,"date":"2026-05-07 09:09:46","action":"change-status","newStatus":"draft","terms":[],"taxonomy":"category","extraData":[]},"publishpress_future_workflow_manual_trigger":{"enabledWorkflows":[]},"_links":{"self":[{"href":"https:\/\/www.casaldelsinfants.org\/es\/wp-json\/wp\/v2\/posts\/4494","targetHints":{"allow":["GET"]}}],"collection":[{"href":"https:\/\/www.casaldelsinfants.org\/es\/wp-json\/wp\/v2\/posts"}],"about":[{"href":"https:\/\/www.casaldelsinfants.org\/es\/wp-json\/wp\/v2\/types\/post"}],"author":[{"embeddable":true,"href":"https:\/\/www.casaldelsinfants.org\/es\/wp-json\/wp\/v2\/users\/1"}],"replies":[{"embeddable":true,"href":"https:\/\/www.casaldelsinfants.org\/es\/wp-json\/wp\/v2\/comments?post=4494"}],"version-history":[{"count":0,"href":"https:\/\/www.casaldelsinfants.org\/es\/wp-json\/wp\/v2\/posts\/4494\/revisions"}],"wp:featuredmedia":[{"embeddable":true,"href":"https:\/\/www.casaldelsinfants.org\/es\/wp-json\/wp\/v2\/media\/3470"}],"wp:attachment":[{"href":"https:\/\/www.casaldelsinfants.org\/es\/wp-json\/wp\/v2\/media?parent=4494"}],"wp:term":[{"taxonomy":"category","embeddable":true,"href":"https:\/\/www.casaldelsinfants.org\/es\/wp-json\/wp\/v2\/categories?post=4494"},{"taxonomy":"post_tag","embeddable":true,"href":"https:\/\/www.casaldelsinfants.org\/es\/wp-json\/wp\/v2\/tags?post=4494"},{"taxonomy":"seus","embeddable":true,"href":"https:\/\/www.casaldelsinfants.org\/es\/wp-json\/wp\/v2\/seus?post=4494"},{"taxonomy":"eixos","embeddable":true,"href":"https:\/\/www.casaldelsinfants.org\/es\/wp-json\/wp\/v2\/eixos?post=4494"}],"curies":[{"name":"wp","href":"https:\/\/api.w.org\/{rel}","templated":true}]}}