{"id":4495,"date":"2018-06-13T13:39:42","date_gmt":"2018-06-13T11:39:42","guid":{"rendered":"https:\/\/casal.puntzero.cat\/noticies\/el-curs-sacaba-celebrem-tot-el-que-hem-compartit\/"},"modified":"2023-05-01T19:02:56","modified_gmt":"2023-05-01T17:02:56","slug":"el-curs-sacaba-celebrem-tot-el-que-hem-compartit","status":"publish","type":"post","link":"https:\/\/www.casaldelsinfants.org\/es\/actualidad\/el-curso-se-acaba-celebramos-todo-lo-que-hemos-compartido\/","title":{"rendered":"El curso se acaba&#8230; \u00a1celebramos todo lo que hemos compartido!"},"content":{"rendered":"<p><span style=\"color:#000000;\">El <strong>Casal dels Infants<\/strong> ha vivido estas \u00faltimas semanas el <strong>cierre del curso 2017-2018<\/strong>. Y es que con la llegada del mes de junio es el momento de poner punto y final a las actividades que arrancaron en septiembre\u2026 \u00a1pero no de cualquier manera! Avanz\u00e1ndose a las verbenas que se nos acercan, los ni\u00f1os y ni\u00f1as, j\u00f3venes y familias han participado en un traca final de<strong> fiestas, salidas, juegos y eventos comunitarios <\/strong>para celebrar cada uno de los momentos compartidos durante los \u00faltimos meses.<\/span><\/p>\n<p><span style=\"color:#000000;\">De esta despedida cabe destacar, por un lado, que en la mayor\u00eda de casos se trata m\u00e1s bien de un \u201chasta pronto\u201d que de un \u201chasta el curso que viene\u201d, ya que entre finales de junio y finales de agosto muchos ni\u00f1os y ni\u00f1as participaran en las<strong> actividades de verano<\/strong> \u2014casales de verano, colonias y campos de trabajo\u2014, como es el caso de los proyectos <strong>Vincles<\/strong> y <strong>Casal Familiar<\/strong>.<\/span><\/p>\n<p><span style=\"color:#000000;\">El otro aspecto importante es que muchas de las actividades de final de curso han sido <strong>consensuadas y organizadas por las mismas personas acompa\u00f1adas<\/strong>. En el <strong>Casal Obert Infantil (COI) de Salt<\/strong>, por ejemplo, los ni\u00f1os y ni\u00f1as celebraron asambleas para decidir como cerrar\u00edan el curso, y una vez se pusieron de acuerdo con las propuestas las calendarizaron. De este debate salieron actividades como pasar una tarde en bicicleta, patines y patinetes; una excursi\u00f3n al parque \u201cdel tobog\u00e1n especial\u201d \u2014uno muy chulo que gusta especialmente en COI\u2014; una excursi\u00f3n al r\u00edo Ter; una gimcana; un taller de baile\u2026 Antes de empezar el casal de verano, se ir\u00e1n de colonias el 28 y 29 de junio.<\/span><\/p>\n<p>\u00a0<\/p>\n<figure role=\"group\" class=\"align-center\">\n<img decoding=\"async\" alt=\"Els nens i nenes del COI de Salt decidint les activitats de fi de curs en assemblea.\" data-entity-type=\"file\" data-entity-uuid=\"ff76aaf7-2ddb-43a8-8b84-dbc90674222d\" data-image-style=\"large\" height=\"360\" src=\"\/wp-content\/uploads\/inline-images\/IMG-20180612-WA0004%5B1%5D.jpg\" typeof=\"foaf:Image\" width=\"480\" \/><figcaption>Los ni\u00f1os y ni\u00f1as del COI de Salt decidiendo las actividades de fin de curso en la asamblea.<\/figcaption><\/figure>\n<p>\u00a0<\/p>\n<p class=\"pregunta-entrevista\">Familias<\/p>\n<p><span style=\"color:#000000;\">Algunos y algunas no quisieron irse de vacaciones sin antes pasar un buen rato con los de casa. Los ni\u00f1os y ni\u00f1as de <strong>COI y del Casal Obert de Petita Inf\u00e0ncia (COPI) del Raval<\/strong>, que durante el curso han realizado actividades en familia cada jueves, montaron una fiesta final con los padres y madres en el patio del <strong>Institut Mil\u00e0 i Fontanals<\/strong>. Hubo m\u00fasica, deporte, cocina, arte\u2026 y un gran ambiente de compa\u00f1erismo.<\/span><\/p>\n<p><span style=\"color:#000000;\">Hay que destacar que algunas familias han estado especialmente involucradas con el Casal dels Infants en los \u00faltimos meses mediante el <strong>Grupo Motor<\/strong>. Este grupo es un espacio en el que madres y padres organizan las actividades de cada jueves y otras que se realizan los fines de semana, con el apoyo del equipo educativo.<\/span>\u00a0<\/p>\n<p>\u00a0<\/p>\n<div class=\"video-embed-field-responsive-video form-group\"><iframe loading=\"lazy\" width=\"854\" height=\"480\" frameborder=\"0\" allowfullscreen=\"allowfullscreen\" src=\"https:\/\/www.youtube.com\/embed\/D8wWUIawBs4?autoplay=0&amp;start=0&amp;rel=0\"><\/iframe>\n<\/div>\n<p>\u00a0<\/p>\n<p class=\"pregunta-entrevista\">Merienda, cosm\u00e9ticos, Iftar, f\u00fatbol\u2026<\/p>\n<p><span style=\"color:#000000;\">En el <em>Casal Obert d\u2019Adolescents (COA) de Santa Coloma de Gramenet<\/em> los chicos y chicas se encargaron de organizar una merienda con muchos alicientes: una pi\u00f1ata, un photocall, un taller de Wii, m\u00fasica, coreograf\u00edas del grupo de hip-hop, pase de fotos y la despedida de quienes han vivido su \u00faltimo a\u00f1o en el COA. Adem\u00e1s, con el grupo del <strong>Casal Jove<\/strong> celebraron la final de la <strong>Lliga de valors de f\u00fatbol<\/strong>, una competici\u00f3n que reivindica el respeto, la cohesi\u00f3n de los equipos y el juego limpio. Participaron tambi\u00e9n el <strong>Centre Obert Rialles<\/strong>, el <strong>Centre Obert Mois\u00e8s-El Far<\/strong>, el <strong>Centre de Recursos Juvenils Mas Fonollar<\/strong> y el <strong>Centre de Recursos Infantils i Juvenils Rellotge XXI<\/strong>. <\/span><\/p>\n<p>\u00a0<\/p>\n<figure role=\"group\" class=\"align-center\">\n<img decoding=\"async\" alt=\"Nois i noies del Casal Jove de Santa Coloma de Gramenet durant la final de la Lliga de valors.\" data-entity-type=\"file\" data-entity-uuid=\"7cc9ddee-cf36-4bda-8fb7-a88ef408dac4\" data-image-style=\"large\" height=\"360\" src=\"\/wp-content\/uploads\/inline-images\/lliga%20valors%20Santaco.png\" typeof=\"foaf:Image\" width=\"480\" \/><figcaption>Chicos y chicas del Casal Jove Atles de Santa Coloma de Gramenet durante la final de la Lliga de valors.<\/figcaption><\/figure>\n<p>\u00a0<\/p>\n<p><span style=\"color:#000000;\">La apuesta de los ni\u00f1os y ni\u00f1as de <strong>Entorn Escolar del Bes\u00f2s y la Mina<\/strong>, que cada tarde hacen refuerzo escolar y actividades de tiempo libre en la <strong>Escola\u00a0Cascavell<\/strong>, fue decir adi\u00f3s al curso con una actividad muy emprendedora. Llevaban d\u00edas conociendo el mundo de la <strong>cosm\u00e9tica natural<\/strong>, haciendo jabones l\u00edquidos y s\u00f3lidos, b\u00e1lsamos labiales y ambientadores de coche. Y no s\u00f3lo salieron bien perfumados, sino que ejercitaron las matem\u00e1ticas, la lengua y las competencias necesarias para ser una persona emprendedora. Los productos generaron mucho inter\u00e9s y m\u00e1s de un donativo, un dinero que los ni\u00f1os y ni\u00f1as decidieron utilizar para ir al cine. En cuanto al grupo de mayores del<strong> Institut Escola Sant Adri\u00e0 de Bes\u00f2s<\/strong>, demostraron su talento culinario organizando el concurso <strong>Casalxef<\/strong>.<\/span><\/p>\n<p>\u00a0<\/p>\n<figure role=\"group\" class=\"align-center\">\n<img decoding=\"async\" alt=\"Nens i nenes d'Entorn Escolar Bes\u00f2s amb els seus productes cosm\u00e8tics naturals\" data-entity-type=\"file\" data-entity-uuid=\"5be11fb6-2825-4f8a-b1ab-a72a2572c0cf\" data-image-style=\"large\" height=\"360\" src=\"\/wp-content\/uploads\/inline-images\/IMG-20180606-WA0008%5B1%5D.jpg\" typeof=\"foaf:Image\" width=\"480\" \/><figcaption>Ni\u00f1os y ni\u00f1as de Entorn Escolas Bes\u00f2s con sus productos cosm\u00e9ticos naturales<\/figcaption><\/figure>\n<p>\u00a0<\/p>\n<p><span style=\"color:#000000;\">Entre los m\u00e1s mayores, algunos aprovecharon la fiesta de final de curso para compartir un rato con el vecindario. Es el caso de los integrantes del <strong>Casal Jove de Badalona<\/strong>, que el 8 de junio participaron en un<strong> Iftar<\/strong>, una cena con la comunidad musulmana en el momento en que termina el ayuno tras un d\u00eda de Ramad\u00e1n. La actividad la organiz\u00f3 el <strong>Ayuntamiento de Badalona<\/strong> y la asociaci\u00f3n <strong>Centre Isl\u00e0mic Cam\u00ed de la Pau<\/strong>.<\/span><\/p>\n<p><span style=\"color:#000000;\">En cuanto a los m\u00e1s peque\u00f1os y peque\u00f1as, los ni\u00f1os y ni\u00f1as de 0-3 a\u00f1os y sus madres de <strong>Vincles<\/strong>, en Salt celebraron la actividad de cierre del curso el 18 y el 19 de junio. El grupo de los lunes decidi\u00f3 ir al campo de f\u00fatbol junto al Institut Vallvera para organizar un partido. El grupo del martes eligi\u00f3 ir al espacio de <strong>Som Salt<\/strong> para jugar con las criaturas y montar un baile. Ambos grupos acabar\u00e1n contentos y con el est\u00f3mago lleno, porque las madres traer\u00e1n comida t\u00edpica de sus pa\u00edses para compartir.<\/span><\/p>\n","protected":false},"excerpt":{"rendered":"<p>El Casal dels Infants ha vivido estas \u00faltimas semanas el cierre del curso 2017-2018. Y es que con la llegada del mes de junio es el momento de poner punto y final a las actividades que arrancaron en septiembre\u2026 \u00a1pero no de cualquier manera! Avanz\u00e1ndose a las verbenas que se nos acercan, los ni\u00f1os y [&hellip;]<\/p>\n","protected":false},"author":1,"featured_media":3473,"comment_status":"open","ping_status":"open","sticky":false,"template":"","format":"standard","meta":{"_acf_changed":false,"_et_pb_use_builder":"","_et_pb_old_content":"","_et_gb_content_width":"","inline_featured_image":false,"footnotes":""},"categories":[125],"tags":[],"seus":[],"eixos":[],"class_list":["post-4495","post","type-post","status-publish","format-standard","has-post-thumbnail","hentry","category-noticias"],"acf":[],"yoast_head":"<!-- This site is optimized with the Yoast SEO plugin v27.4 - https:\/\/yoast.com\/product\/yoast-seo-wordpress\/ -->\n<title>El curso se acaba... \u00a1celebramos todo lo que hemos compartido! - Casal dels Infants<\/title>\n<meta name=\"robots\" content=\"index, follow, max-snippet:-1, max-image-preview:large, max-video-preview:-1\" \/>\n<link rel=\"canonical\" href=\"https:\/\/www.casaldelsinfants.org\/es\/actualidad\/el-curso-se-acaba-celebramos-todo-lo-que-hemos-compartido\/\" \/>\n<meta property=\"og:locale\" content=\"es_ES\" \/>\n<meta property=\"og:type\" content=\"article\" \/>\n<meta property=\"og:title\" content=\"El curso se acaba... \u00a1celebramos todo lo que hemos compartido! - Casal dels Infants\" \/>\n<meta property=\"og:description\" content=\"El Casal dels Infants ha vivido estas \u00faltimas semanas el cierre del curso 2017-2018. Y es que con la llegada del mes de junio es el momento de poner punto y final a las actividades que arrancaron en septiembre\u2026 \u00a1pero no de cualquier manera! Avanz\u00e1ndose a las verbenas que se nos acercan, los ni\u00f1os y [&hellip;]\" \/>\n<meta property=\"og:url\" content=\"https:\/\/www.casaldelsinfants.org\/es\/actualidad\/el-curso-se-acaba-celebramos-todo-lo-que-hemos-compartido\/\" \/>\n<meta property=\"og:site_name\" content=\"Casal dels Infants\" \/>\n<meta property=\"article:publisher\" content=\"https:\/\/www.facebook.com\/casalinfants\" \/>\n<meta property=\"article:published_time\" content=\"2018-06-13T11:39:42+00:00\" \/>\n<meta property=\"article:modified_time\" content=\"2023-05-01T17:02:56+00:00\" \/>\n<meta property=\"og:image\" content=\"https:\/\/www.casaldelsinfants.org\/wp-content\/uploads\/act_amb_families_2.jpg\" \/>\n\t<meta property=\"og:image:width\" content=\"1920\" \/>\n\t<meta property=\"og:image:height\" content=\"1080\" \/>\n\t<meta property=\"og:image:type\" content=\"image\/jpeg\" \/>\n<meta name=\"author\" content=\"cdiAdmin\" \/>\n<meta name=\"twitter:card\" content=\"summary_large_image\" \/>\n<meta name=\"twitter:creator\" content=\"@casalinfants\" \/>\n<meta name=\"twitter:site\" content=\"@casalinfants\" \/>\n<meta name=\"twitter:label1\" content=\"Escrito por\" \/>\n\t<meta name=\"twitter:data1\" content=\"cdiAdmin\" \/>\n\t<meta name=\"twitter:label2\" content=\"Tiempo de lectura\" \/>\n\t<meta name=\"twitter:data2\" content=\"5 minutos\" \/>\n<script type=\"application\/ld+json\" class=\"yoast-schema-graph\">{\"@context\":\"https:\\\/\\\/schema.org\",\"@graph\":[{\"@type\":\"Article\",\"@id\":\"https:\\\/\\\/www.casaldelsinfants.org\\\/es\\\/actualidad\\\/el-curso-se-acaba-celebramos-todo-lo-que-hemos-compartido\\\/#article\",\"isPartOf\":{\"@id\":\"https:\\\/\\\/www.casaldelsinfants.org\\\/es\\\/actualidad\\\/el-curso-se-acaba-celebramos-todo-lo-que-hemos-compartido\\\/\"},\"author\":{\"name\":\"cdiAdmin\",\"@id\":\"https:\\\/\\\/www.casaldelsinfants.org\\\/es\\\/#\\\/schema\\\/person\\\/97707fc8c64900cf36891127dbf9fba8\"},\"headline\":\"El curso se acaba&#8230; \u00a1celebramos todo lo que hemos compartido!\",\"datePublished\":\"2018-06-13T11:39:42+00:00\",\"dateModified\":\"2023-05-01T17:02:56+00:00\",\"mainEntityOfPage\":{\"@id\":\"https:\\\/\\\/www.casaldelsinfants.org\\\/es\\\/actualidad\\\/el-curso-se-acaba-celebramos-todo-lo-que-hemos-compartido\\\/\"},\"wordCount\":940,\"commentCount\":0,\"publisher\":{\"@id\":\"https:\\\/\\\/www.casaldelsinfants.org\\\/es\\\/#organization\"},\"image\":{\"@id\":\"https:\\\/\\\/www.casaldelsinfants.org\\\/es\\\/actualidad\\\/el-curso-se-acaba-celebramos-todo-lo-que-hemos-compartido\\\/#primaryimage\"},\"thumbnailUrl\":\"https:\\\/\\\/www.casaldelsinfants.org\\\/wp-content\\\/uploads\\\/act_amb_families_2.jpg\",\"articleSection\":[\"Noticia\"],\"inLanguage\":\"es\",\"potentialAction\":[{\"@type\":\"CommentAction\",\"name\":\"Comment\",\"target\":[\"https:\\\/\\\/www.casaldelsinfants.org\\\/es\\\/actualidad\\\/el-curso-se-acaba-celebramos-todo-lo-que-hemos-compartido\\\/#respond\"]}]},{\"@type\":\"WebPage\",\"@id\":\"https:\\\/\\\/www.casaldelsinfants.org\\\/es\\\/actualidad\\\/el-curso-se-acaba-celebramos-todo-lo-que-hemos-compartido\\\/\",\"url\":\"https:\\\/\\\/www.casaldelsinfants.org\\\/es\\\/actualidad\\\/el-curso-se-acaba-celebramos-todo-lo-que-hemos-compartido\\\/\",\"name\":\"El curso se acaba... \u00a1celebramos todo lo que hemos compartido! - Casal dels Infants\",\"isPartOf\":{\"@id\":\"https:\\\/\\\/www.casaldelsinfants.org\\\/es\\\/#website\"},\"primaryImageOfPage\":{\"@id\":\"https:\\\/\\\/www.casaldelsinfants.org\\\/es\\\/actualidad\\\/el-curso-se-acaba-celebramos-todo-lo-que-hemos-compartido\\\/#primaryimage\"},\"image\":{\"@id\":\"https:\\\/\\\/www.casaldelsinfants.org\\\/es\\\/actualidad\\\/el-curso-se-acaba-celebramos-todo-lo-que-hemos-compartido\\\/#primaryimage\"},\"thumbnailUrl\":\"https:\\\/\\\/www.casaldelsinfants.org\\\/wp-content\\\/uploads\\\/act_amb_families_2.jpg\",\"datePublished\":\"2018-06-13T11:39:42+00:00\",\"dateModified\":\"2023-05-01T17:02:56+00:00\",\"breadcrumb\":{\"@id\":\"https:\\\/\\\/www.casaldelsinfants.org\\\/es\\\/actualidad\\\/el-curso-se-acaba-celebramos-todo-lo-que-hemos-compartido\\\/#breadcrumb\"},\"inLanguage\":\"es\",\"potentialAction\":[{\"@type\":\"ReadAction\",\"target\":[\"https:\\\/\\\/www.casaldelsinfants.org\\\/es\\\/actualidad\\\/el-curso-se-acaba-celebramos-todo-lo-que-hemos-compartido\\\/\"]}]},{\"@type\":\"ImageObject\",\"inLanguage\":\"es\",\"@id\":\"https:\\\/\\\/www.casaldelsinfants.org\\\/es\\\/actualidad\\\/el-curso-se-acaba-celebramos-todo-lo-que-hemos-compartido\\\/#primaryimage\",\"url\":\"https:\\\/\\\/www.casaldelsinfants.org\\\/wp-content\\\/uploads\\\/act_amb_families_2.jpg\",\"contentUrl\":\"https:\\\/\\\/www.casaldelsinfants.org\\\/wp-content\\\/uploads\\\/act_amb_families_2.jpg\",\"width\":1920,\"height\":1080,\"caption\":\"Nens jugant al pati del Raval durant l'estiu\"},{\"@type\":\"BreadcrumbList\",\"@id\":\"https:\\\/\\\/www.casaldelsinfants.org\\\/es\\\/actualidad\\\/el-curso-se-acaba-celebramos-todo-lo-que-hemos-compartido\\\/#breadcrumb\",\"itemListElement\":[{\"@type\":\"ListItem\",\"position\":1,\"name\":\"Inici\",\"item\":\"https:\\\/\\\/www.casaldelsinfants.org\\\/es\\\/\"},{\"@type\":\"ListItem\",\"position\":2,\"name\":\"El curso se acaba&#8230; \u00a1celebramos todo lo que hemos compartido!\"}]},{\"@type\":\"WebSite\",\"@id\":\"https:\\\/\\\/www.casaldelsinfants.org\\\/es\\\/#website\",\"url\":\"https:\\\/\\\/www.casaldelsinfants.org\\\/es\\\/\",\"name\":\"Casal dels Infants\",\"description\":\"\",\"publisher\":{\"@id\":\"https:\\\/\\\/www.casaldelsinfants.org\\\/es\\\/#organization\"},\"potentialAction\":[{\"@type\":\"SearchAction\",\"target\":{\"@type\":\"EntryPoint\",\"urlTemplate\":\"https:\\\/\\\/www.casaldelsinfants.org\\\/es\\\/?s={search_term_string}\"},\"query-input\":{\"@type\":\"PropertyValueSpecification\",\"valueRequired\":true,\"valueName\":\"search_term_string\"}}],\"inLanguage\":\"es\"},{\"@type\":\"Organization\",\"@id\":\"https:\\\/\\\/www.casaldelsinfants.org\\\/es\\\/#organization\",\"name\":\"Casal dels Infants\",\"url\":\"https:\\\/\\\/www.casaldelsinfants.org\\\/es\\\/\",\"logo\":{\"@type\":\"ImageObject\",\"inLanguage\":\"es\",\"@id\":\"https:\\\/\\\/www.casaldelsinfants.org\\\/es\\\/#\\\/schema\\\/logo\\\/image\\\/\",\"url\":\"https:\\\/\\\/www.casaldelsinfants.org\\\/wp-content\\\/uploads\\\/logo-mail.png\",\"contentUrl\":\"https:\\\/\\\/www.casaldelsinfants.org\\\/wp-content\\\/uploads\\\/logo-mail.png\",\"width\":380,\"height\":158,\"caption\":\"Casal dels Infants\"},\"image\":{\"@id\":\"https:\\\/\\\/www.casaldelsinfants.org\\\/es\\\/#\\\/schema\\\/logo\\\/image\\\/\"},\"sameAs\":[\"https:\\\/\\\/www.facebook.com\\\/casalinfants\",\"https:\\\/\\\/x.com\\\/casalinfants\",\"https:\\\/\\\/www.youtube.com\\\/user\\\/CasaldelsInfants1\",\"https:\\\/\\\/www.instagram.com\\\/casalinfants\\\/\",\"https:\\\/\\\/www.linkedin.com\\\/company\\\/casaldelsinfants?trk=organization-update_share-update_actor-text\"]},{\"@type\":\"Person\",\"@id\":\"https:\\\/\\\/www.casaldelsinfants.org\\\/es\\\/#\\\/schema\\\/person\\\/97707fc8c64900cf36891127dbf9fba8\",\"name\":\"cdiAdmin\",\"sameAs\":[\"https:\\\/\\\/casaldelsinfants.org\"]}]}<\/script>\n<!-- \/ Yoast SEO plugin. -->","yoast_head_json":{"title":"El curso se acaba... \u00a1celebramos todo lo que hemos compartido! - Casal dels Infants","robots":{"index":"index","follow":"follow","max-snippet":"max-snippet:-1","max-image-preview":"max-image-preview:large","max-video-preview":"max-video-preview:-1"},"canonical":"https:\/\/www.casaldelsinfants.org\/es\/actualidad\/el-curso-se-acaba-celebramos-todo-lo-que-hemos-compartido\/","og_locale":"es_ES","og_type":"article","og_title":"El curso se acaba... \u00a1celebramos todo lo que hemos compartido! - Casal dels Infants","og_description":"El Casal dels Infants ha vivido estas \u00faltimas semanas el cierre del curso 2017-2018. Y es que con la llegada del mes de junio es el momento de poner punto y final a las actividades que arrancaron en septiembre\u2026 \u00a1pero no de cualquier manera! Avanz\u00e1ndose a las verbenas que se nos acercan, los ni\u00f1os y [&hellip;]","og_url":"https:\/\/www.casaldelsinfants.org\/es\/actualidad\/el-curso-se-acaba-celebramos-todo-lo-que-hemos-compartido\/","og_site_name":"Casal dels Infants","article_publisher":"https:\/\/www.facebook.com\/casalinfants","article_published_time":"2018-06-13T11:39:42+00:00","article_modified_time":"2023-05-01T17:02:56+00:00","og_image":[{"width":1920,"height":1080,"url":"https:\/\/www.casaldelsinfants.org\/wp-content\/uploads\/act_amb_families_2.jpg","type":"image\/jpeg"}],"author":"cdiAdmin","twitter_card":"summary_large_image","twitter_creator":"@casalinfants","twitter_site":"@casalinfants","twitter_misc":{"Escrito por":"cdiAdmin","Tiempo de lectura":"5 minutos"},"schema":{"@context":"https:\/\/schema.org","@graph":[{"@type":"Article","@id":"https:\/\/www.casaldelsinfants.org\/es\/actualidad\/el-curso-se-acaba-celebramos-todo-lo-que-hemos-compartido\/#article","isPartOf":{"@id":"https:\/\/www.casaldelsinfants.org\/es\/actualidad\/el-curso-se-acaba-celebramos-todo-lo-que-hemos-compartido\/"},"author":{"name":"cdiAdmin","@id":"https:\/\/www.casaldelsinfants.org\/es\/#\/schema\/person\/97707fc8c64900cf36891127dbf9fba8"},"headline":"El curso se acaba&#8230; \u00a1celebramos todo lo que hemos compartido!","datePublished":"2018-06-13T11:39:42+00:00","dateModified":"2023-05-01T17:02:56+00:00","mainEntityOfPage":{"@id":"https:\/\/www.casaldelsinfants.org\/es\/actualidad\/el-curso-se-acaba-celebramos-todo-lo-que-hemos-compartido\/"},"wordCount":940,"commentCount":0,"publisher":{"@id":"https:\/\/www.casaldelsinfants.org\/es\/#organization"},"image":{"@id":"https:\/\/www.casaldelsinfants.org\/es\/actualidad\/el-curso-se-acaba-celebramos-todo-lo-que-hemos-compartido\/#primaryimage"},"thumbnailUrl":"https:\/\/www.casaldelsinfants.org\/wp-content\/uploads\/act_amb_families_2.jpg","articleSection":["Noticia"],"inLanguage":"es","potentialAction":[{"@type":"CommentAction","name":"Comment","target":["https:\/\/www.casaldelsinfants.org\/es\/actualidad\/el-curso-se-acaba-celebramos-todo-lo-que-hemos-compartido\/#respond"]}]},{"@type":"WebPage","@id":"https:\/\/www.casaldelsinfants.org\/es\/actualidad\/el-curso-se-acaba-celebramos-todo-lo-que-hemos-compartido\/","url":"https:\/\/www.casaldelsinfants.org\/es\/actualidad\/el-curso-se-acaba-celebramos-todo-lo-que-hemos-compartido\/","name":"El curso se acaba... \u00a1celebramos todo lo que hemos compartido! - Casal dels Infants","isPartOf":{"@id":"https:\/\/www.casaldelsinfants.org\/es\/#website"},"primaryImageOfPage":{"@id":"https:\/\/www.casaldelsinfants.org\/es\/actualidad\/el-curso-se-acaba-celebramos-todo-lo-que-hemos-compartido\/#primaryimage"},"image":{"@id":"https:\/\/www.casaldelsinfants.org\/es\/actualidad\/el-curso-se-acaba-celebramos-todo-lo-que-hemos-compartido\/#primaryimage"},"thumbnailUrl":"https:\/\/www.casaldelsinfants.org\/wp-content\/uploads\/act_amb_families_2.jpg","datePublished":"2018-06-13T11:39:42+00:00","dateModified":"2023-05-01T17:02:56+00:00","breadcrumb":{"@id":"https:\/\/www.casaldelsinfants.org\/es\/actualidad\/el-curso-se-acaba-celebramos-todo-lo-que-hemos-compartido\/#breadcrumb"},"inLanguage":"es","potentialAction":[{"@type":"ReadAction","target":["https:\/\/www.casaldelsinfants.org\/es\/actualidad\/el-curso-se-acaba-celebramos-todo-lo-que-hemos-compartido\/"]}]},{"@type":"ImageObject","inLanguage":"es","@id":"https:\/\/www.casaldelsinfants.org\/es\/actualidad\/el-curso-se-acaba-celebramos-todo-lo-que-hemos-compartido\/#primaryimage","url":"https:\/\/www.casaldelsinfants.org\/wp-content\/uploads\/act_amb_families_2.jpg","contentUrl":"https:\/\/www.casaldelsinfants.org\/wp-content\/uploads\/act_amb_families_2.jpg","width":1920,"height":1080,"caption":"Nens jugant al pati del Raval durant l'estiu"},{"@type":"BreadcrumbList","@id":"https:\/\/www.casaldelsinfants.org\/es\/actualidad\/el-curso-se-acaba-celebramos-todo-lo-que-hemos-compartido\/#breadcrumb","itemListElement":[{"@type":"ListItem","position":1,"name":"Inici","item":"https:\/\/www.casaldelsinfants.org\/es\/"},{"@type":"ListItem","position":2,"name":"El curso se acaba&#8230; \u00a1celebramos todo lo que hemos compartido!"}]},{"@type":"WebSite","@id":"https:\/\/www.casaldelsinfants.org\/es\/#website","url":"https:\/\/www.casaldelsinfants.org\/es\/","name":"Casal dels Infants","description":"","publisher":{"@id":"https:\/\/www.casaldelsinfants.org\/es\/#organization"},"potentialAction":[{"@type":"SearchAction","target":{"@type":"EntryPoint","urlTemplate":"https:\/\/www.casaldelsinfants.org\/es\/?s={search_term_string}"},"query-input":{"@type":"PropertyValueSpecification","valueRequired":true,"valueName":"search_term_string"}}],"inLanguage":"es"},{"@type":"Organization","@id":"https:\/\/www.casaldelsinfants.org\/es\/#organization","name":"Casal dels Infants","url":"https:\/\/www.casaldelsinfants.org\/es\/","logo":{"@type":"ImageObject","inLanguage":"es","@id":"https:\/\/www.casaldelsinfants.org\/es\/#\/schema\/logo\/image\/","url":"https:\/\/www.casaldelsinfants.org\/wp-content\/uploads\/logo-mail.png","contentUrl":"https:\/\/www.casaldelsinfants.org\/wp-content\/uploads\/logo-mail.png","width":380,"height":158,"caption":"Casal dels Infants"},"image":{"@id":"https:\/\/www.casaldelsinfants.org\/es\/#\/schema\/logo\/image\/"},"sameAs":["https:\/\/www.facebook.com\/casalinfants","https:\/\/x.com\/casalinfants","https:\/\/www.youtube.com\/user\/CasaldelsInfants1","https:\/\/www.instagram.com\/casalinfants\/","https:\/\/www.linkedin.com\/company\/casaldelsinfants?trk=organization-update_share-update_actor-text"]},{"@type":"Person","@id":"https:\/\/www.casaldelsinfants.org\/es\/#\/schema\/person\/97707fc8c64900cf36891127dbf9fba8","name":"cdiAdmin","sameAs":["https:\/\/casaldelsinfants.org"]}]}},"publishpress_future_action":{"enabled":false,"date":"2026-05-07 09:14:55","action":"change-status","newStatus":"draft","terms":[],"taxonomy":"category","extraData":[]},"publishpress_future_workflow_manual_trigger":{"enabledWorkflows":[]},"_links":{"self":[{"href":"https:\/\/www.casaldelsinfants.org\/es\/wp-json\/wp\/v2\/posts\/4495","targetHints":{"allow":["GET"]}}],"collection":[{"href":"https:\/\/www.casaldelsinfants.org\/es\/wp-json\/wp\/v2\/posts"}],"about":[{"href":"https:\/\/www.casaldelsinfants.org\/es\/wp-json\/wp\/v2\/types\/post"}],"author":[{"embeddable":true,"href":"https:\/\/www.casaldelsinfants.org\/es\/wp-json\/wp\/v2\/users\/1"}],"replies":[{"embeddable":true,"href":"https:\/\/www.casaldelsinfants.org\/es\/wp-json\/wp\/v2\/comments?post=4495"}],"version-history":[{"count":1,"href":"https:\/\/www.casaldelsinfants.org\/es\/wp-json\/wp\/v2\/posts\/4495\/revisions"}],"predecessor-version":[{"id":6417,"href":"https:\/\/www.casaldelsinfants.org\/es\/wp-json\/wp\/v2\/posts\/4495\/revisions\/6417"}],"wp:featuredmedia":[{"embeddable":true,"href":"https:\/\/www.casaldelsinfants.org\/es\/wp-json\/wp\/v2\/media\/3473"}],"wp:attachment":[{"href":"https:\/\/www.casaldelsinfants.org\/es\/wp-json\/wp\/v2\/media?parent=4495"}],"wp:term":[{"taxonomy":"category","embeddable":true,"href":"https:\/\/www.casaldelsinfants.org\/es\/wp-json\/wp\/v2\/categories?post=4495"},{"taxonomy":"post_tag","embeddable":true,"href":"https:\/\/www.casaldelsinfants.org\/es\/wp-json\/wp\/v2\/tags?post=4495"},{"taxonomy":"seus","embeddable":true,"href":"https:\/\/www.casaldelsinfants.org\/es\/wp-json\/wp\/v2\/seus?post=4495"},{"taxonomy":"eixos","embeddable":true,"href":"https:\/\/www.casaldelsinfants.org\/es\/wp-json\/wp\/v2\/eixos?post=4495"}],"curies":[{"name":"wp","href":"https:\/\/api.w.org\/{rel}","templated":true}]}}