{"id":4496,"date":"2018-06-08T09:50:53","date_gmt":"2018-06-08T07:50:53","guid":{"rendered":"https:\/\/casal.puntzero.cat\/noticies\/magrada-que-els-nois-i-noies-em-vegin-com-algu-que-els-pot-escoltar-i-ajudar\/"},"modified":"2023-05-01T19:03:02","modified_gmt":"2023-05-01T17:03:02","slug":"magrada-que-els-nois-i-noies-em-vegin-com-algu-que-els-pot-escoltar-i-ajudar","status":"publish","type":"post","link":"https:\/\/www.casaldelsinfants.org\/es\/actualidad\/entrevista-colaborador-casal-dels-infants\/","title":{"rendered":"\u201cMe gusta que los chicos y chicas me vean como alguien que los puede escuchar y ayudar\u201d"},"content":{"rendered":"<p class=\"pregunta-entrevista\">\u00bfCu\u00e1ndo empezaste a participar en el Casal dels Infants?<\/p>\n<p><span style=\"color:#000000;\">Empec\u00e9 en el Casal con 14 o 15 a\u00f1os, participando como ayudante de comedores escolares, muy pocas horas, en el que tambi\u00e9n me ofrecieron una peque\u00f1a formaci\u00f3n la intervenci\u00f3n socioeducativa con ni\u00f1os y ni\u00f1as. Y despu\u00e9s de primeros a\u00f1os como voluntario entr\u00e9 a trabajar en la asociaci\u00f3n. Ahora soy auxiliar educativo al Casal Obert d\u2019Adolescents (COA) del Raval, concretamente con el grupo de 1\u00ba y 2\u00ba de ESO.<\/span><\/p>\n<p class=\"pregunta-entrevista\">\u00bfQu\u00e9 se hace en el Casal Obert d\u2019Adolescents del Casal dels Infants?<\/p>\n<p><span style=\"color:#000000;\">Es un espacio para chicos y chicas de 1\u00ba a 4\u00ba de ESO que vienen tres tardes a la semana. Hacen distintas actividades, que se planifican en funci\u00f3n de sus demandas y de lo que el equipo educativo consideramos que conviene al grupo. Podr\u00e1n hacer, por ejemplo, guitarra, manualidades, refuerzo escolar\u2026 Hay un d\u00eda a la semana que hacemos deporte y otro que hacemos una actividad en la que participa todo el grupo junto.<\/span><\/p>\n<p>\u00a0<\/p>\n<figure role=\"group\" class=\"align-center\">\n<img decoding=\"async\" alt=\"En Miquel en ple partit de b\u00e0squet amb nois i noies de COA Raval.\" data-entity-type=\"file\" data-entity-uuid=\"30c6169b-86f4-490b-abdb-72a9a46aba39\" data-image-style=\"large\" height=\"360\" src=\"\/wp-content\/uploads\/inline-images\/_1030566.JPG\" typeof=\"foaf:Image\" width=\"480\" \/><figcaption>Miquen en pleno partido de b\u00e1squet con chicos y chias del COA Raval.<\/figcaption><\/figure>\n<p class=\"pregunta-entrevista\">\u00a0<\/p>\n<p class=\"pregunta-entrevista\">\u00bfY por qu\u00e9 es importante que los chicos y chicas puedan participar en estas actividades?<\/p>\n<p><span style=\"color:#000000;\">Para m\u00ed, hacemos que los chicos y chicas pasen el tiempo de una manera normal, de la manera en que lo har\u00edan si tuvieran posibilidades de aprovechar el tiempo libre. Si estos chicos y chicas no est\u00e1n aqu\u00ed, no desaparecen, est\u00e1n en otra parte. De la misma manera que todo el mundo tiene en la cabeza los riesgos de las drogas o de estar demasiado tiempo en la calle, me preocupa aquel chico o chica que est\u00e1 todo el d\u00eda metido en casa, que no se relacionan por las tardes. Tenemos muchos casos en los que conseguimos que vengan, que se abran y hacen un proceso impresionante. Es importante ofrecer este espacio seguro a los adolescentes, porque a veces no lo encuentran en otras esferas.<\/span><\/p>\n<p class=\"destacat-noticia\">\u00abMe preocupa aquel chico o chica que est\u00e1 todo el d\u00eda metido en casa, que no se relaciona por las tardes. Tenemos muchos casos en los que conseguimos que vengas, que se abran y hagan un proceso impresionante.\u00bb<\/p>\n<p class=\"pregunta-entrevista\">\u00bfC\u00f3mo te sientes dentro del equipo?<\/p>\n<p><span style=\"color:#000000;\">Siempre me he sentido en casa. Uno de mis grupos de amigos m\u00e1s s\u00f3lido lo he hecho aqu\u00ed, con gente del equipo. El buen trato entre nosotros es muy importante, porque a veces las cosas no van bien. Quiz\u00e1s las actividades no salen como las hab\u00edamos planeado, o los chicos y chicas han tenido un mal d\u00eda en la escuela\u2026 Lo que es importante es que como equipo consensuemos c\u00f3mo intervenir. Y contamos con el apoyo de las personas voluntarias, que vienen con una predisposici\u00f3n brutal para echar una mano.<\/span><\/p>\n<p>\u00a0<\/p>\n<figure role=\"group\" class=\"align-center\">\n<img decoding=\"async\" alt=\"En Miquel jugant al futbol\u00ed a l'espai del COA Raval.\" data-entity-type=\"file\" data-entity-uuid=\"fa893fbc-c816-4119-a8ac-7539d6e5d791\" data-image-style=\"large\" height=\"270\" src=\"\/wp-content\/uploads\/inline-images\/S2850023.JPG\" typeof=\"foaf:Image\" width=\"480\" \/><figcaption>Miquel jugando a futbol\u00edn con chicos chicas del COA Raval.<\/figcaption><\/figure>\n<p class=\"pregunta-entrevista\">\u00a0<\/p>\n<p class=\"pregunta-entrevista\">Hablando de las personas voluntarias, \u00bfcu\u00e1l es su impresi\u00f3n del COA cuando lo conocen?<\/p>\n<p><span style=\"color:#000000;\">A veces vienen inseguras: \u201cC\u00f3mo me portar\u00e9 con los adolescentes?\u201d, piensan. Es esta idea que a veces tenemos de que la adolescencia es un tema a tratar de puntillas\u2026 \u00a1Pero en cuanto entran por la puerta del COA se enamoran del proyecto!<\/span><\/p>\n<p class=\"pregunta-entrevista\">\u00bfSer un educador joven te ayuda en tu trabajo?<\/p>\n<p><span style=\"color:#000000;\">Cada uno tiene sus \u201carmas\u201d. Una persona de 30 a\u00f1os tendr\u00e1 m\u00e1s bagaje, m\u00e1s experiencia en la vida. \u00a1Yo cuando entr\u00e9 al COA ten\u00eda 20 a\u00f1os! Sab\u00eda de Youtubers, de deportes, de las noticias que siguen a los chicos y chicas\u2026 el v\u00ednculo afectivo y de buen rollo fue instant\u00e1neo. Mi parte m\u00e1s dif\u00edcil fue situar el l\u00edmite de este v\u00ednculo con los chicos y chicas.<\/span><\/p>\n<p class=\"destacat-noticia\">\u00abUna persona de 30 a\u00f1os tendr\u00e1 m\u00e1s bagaje. Yo cuando entr\u00e9 en el COA sab\u00eda de Youtubers, de deportes, de las noticias que siguen los chicos y chicas&#8230; \u00a1el v\u00ednculo fue instant\u00e1neo!<\/p>\n<p class=\"pregunta-entrevista\">\u00bfC\u00f3mo ves el barrio del Raval?<\/p>\n<p><span style=\"color:#000000;\">Desde que tengo memoria he visto cambiar mucho el Raval, hacia mejor. Ahora hay muchas entidades que trabajan por la gente de aqu\u00ed, la que vive en el barrio. Pero el estigma de asociarlo a peligros, en parte, sigue. Sobre todo en gente m\u00e1s adulta. Eso s\u00ed, el turismo y las tiendas bonitas no tapan que los pisos est\u00e1n sobreocupados, en malas condiciones y que hay una densidad de poblaci\u00f3n que no te la encuentras en otra parte. La preocupaci\u00f3n que queda es que muchos pisos se reforman, pero despu\u00e9s no entra a vivir en ellos la gente del barrio. Los vecinos y vecinas tienen que irse a la periferia de Barcelona.<\/span><\/p>\n<p class=\"pregunta-entrevista\">Di alguna cosa que te haya marcado durante estos a\u00f1os en el Casal dels Infants.<\/p>\n<p><span style=\"color:#000000;\">Que me vean como un referente, no por el hecho de ser joven y que pueda parecer un monitor guai, sino porque son conscientes que, pese a que discutamos, les escucho y les digo cosas que les pueden ayudar. Despu\u00e9s de tantas batallitas vividas con ellos y ellas, esto me hace saber que hay algo que se les est\u00e1 quedando pegado y que se llevar\u00e1n fuera de aqu\u00ed.<\/span><\/p>\n","protected":false},"excerpt":{"rendered":"<div class=\"video-embed-field-responsive-video form-group\"><iframe loading=\"lazy\" width=\"854\" height=\"480\" frameborder=\"0\" allowfullscreen=\"allowfullscreen\" src=\"https:\/\/www.youtube.com\/embed\/_gF7PFPasxM?autoplay=0&amp;start=0&amp;rel=0\"><\/iframe>\n<\/div>\n<p class=\"text-align-center\">\u00a0<\/p>\n<p class=\"text-align-center\"><span style=\"color:#000000;\">Miquel Hernando, educador del Casal Obert d\u2019Adolescents del Raval(COA) \u00a0\u2014<\/span> Tiene 22 a\u00f1os, pero lleva m\u00e1s de cinco en el Casal dels Infants. Empez\u00f3 en la asociaci\u00f3n como voluntario, atendiendo comedores escolares. Es joven, s\u00ed, pero tambi\u00e9n mucho m\u00e1s que el prototipo de monitor guai . Est\u00e1 orgulloso de poder ser un referente positivo para los chicos y chicas, de ofrecerles un entorno seguro y de formar parte de un equipo de trabajo donde ha hecho buenos amigos y amigas. Del Raval le gusta que ganen peso las entidades, pero querr\u00eda que, adem\u00e1s de ser un lugar bonito para pasear, los vecinos vivieran en mejores condiciones.<\/p>\n<p class=\"text-align-center\">\u00a0<\/p>\n<p class=\"text-align-center\">\n","protected":false},"author":1,"featured_media":0,"comment_status":"open","ping_status":"open","sticky":false,"template":"","format":"standard","meta":{"_acf_changed":false,"_et_pb_use_builder":"","_et_pb_old_content":"","_et_gb_content_width":"","inline_featured_image":false,"footnotes":""},"categories":[127],"tags":[170],"seus":[16],"eixos":[99],"class_list":["post-4496","post","type-post","status-publish","format-standard","hentry","category-entrevista","tag-casal-obert-adolescents-es","seus-el-raval","eixos-infancia-y-adolescencia"],"acf":[],"yoast_head":"<!-- This site is optimized with the Yoast SEO plugin v27.4 - https:\/\/yoast.com\/product\/yoast-seo-wordpress\/ -->\n<title>\u201cMe gusta que los chicos y chicas me vean como alguien que los puede escuchar y ayudar\u201d - Casal dels Infants<\/title>\n<meta name=\"robots\" content=\"index, follow, max-snippet:-1, max-image-preview:large, max-video-preview:-1\" \/>\n<link rel=\"canonical\" href=\"https:\/\/www.casaldelsinfants.org\/es\/actualidad\/entrevista-colaborador-casal-dels-infants\/\" \/>\n<meta property=\"og:locale\" content=\"es_ES\" \/>\n<meta property=\"og:type\" content=\"article\" \/>\n<meta property=\"og:title\" content=\"\u201cMe gusta que los chicos y chicas me vean como alguien que los puede escuchar y ayudar\u201d - Casal dels Infants\" \/>\n<meta property=\"og:description\" content=\"\u00a0 Miquel Hernando, educador del Casal Obert d\u2019Adolescents del Raval(COA) \u00a0\u2014 Tiene 22 a\u00f1os, pero lleva m\u00e1s de cinco en el Casal dels Infants. Empez\u00f3 en la asociaci\u00f3n como voluntario, atendiendo comedores escolares. Es joven, s\u00ed, pero tambi\u00e9n mucho m\u00e1s que el prototipo de monitor guai . Est\u00e1 orgulloso de poder ser un referente positivo para los chicos y chicas, de ofrecerles un entorno seguro y de formar parte de un equipo de trabajo donde ha hecho buenos amigos y amigas. Del Raval le gusta que ganen peso las entidades, pero querr\u00eda que, adem\u00e1s de ser un lugar bonito para pasear, los vecinos vivieran en mejores condiciones. \u00a0\" \/>\n<meta property=\"og:url\" content=\"https:\/\/www.casaldelsinfants.org\/es\/actualidad\/entrevista-colaborador-casal-dels-infants\/\" \/>\n<meta property=\"og:site_name\" content=\"Casal dels Infants\" \/>\n<meta property=\"article:publisher\" content=\"https:\/\/www.facebook.com\/casalinfants\" \/>\n<meta property=\"article:published_time\" content=\"2018-06-08T07:50:53+00:00\" \/>\n<meta property=\"article:modified_time\" content=\"2023-05-01T17:03:02+00:00\" \/>\n<meta name=\"author\" content=\"cdiAdmin\" \/>\n<meta name=\"twitter:card\" content=\"summary_large_image\" \/>\n<meta name=\"twitter:creator\" content=\"@casalinfants\" \/>\n<meta name=\"twitter:site\" content=\"@casalinfants\" \/>\n<meta name=\"twitter:label1\" content=\"Escrito por\" \/>\n\t<meta name=\"twitter:data1\" content=\"cdiAdmin\" \/>\n\t<meta name=\"twitter:label2\" content=\"Tiempo de lectura\" \/>\n\t<meta name=\"twitter:data2\" content=\"4 minutos\" \/>\n<script type=\"application\/ld+json\" class=\"yoast-schema-graph\">{\"@context\":\"https:\\\/\\\/schema.org\",\"@graph\":[{\"@type\":\"Article\",\"@id\":\"https:\\\/\\\/www.casaldelsinfants.org\\\/es\\\/actualidad\\\/entrevista-colaborador-casal-dels-infants\\\/#article\",\"isPartOf\":{\"@id\":\"https:\\\/\\\/www.casaldelsinfants.org\\\/es\\\/actualidad\\\/entrevista-colaborador-casal-dels-infants\\\/\"},\"author\":{\"name\":\"cdiAdmin\",\"@id\":\"https:\\\/\\\/www.casaldelsinfants.org\\\/es\\\/#\\\/schema\\\/person\\\/97707fc8c64900cf36891127dbf9fba8\"},\"headline\":\"\u201cMe gusta que los chicos y chicas me vean como alguien que los puede escuchar y ayudar\u201d\",\"datePublished\":\"2018-06-08T07:50:53+00:00\",\"dateModified\":\"2023-05-01T17:03:02+00:00\",\"mainEntityOfPage\":{\"@id\":\"https:\\\/\\\/www.casaldelsinfants.org\\\/es\\\/actualidad\\\/entrevista-colaborador-casal-dels-infants\\\/\"},\"wordCount\":892,\"commentCount\":0,\"publisher\":{\"@id\":\"https:\\\/\\\/www.casaldelsinfants.org\\\/es\\\/#organization\"},\"keywords\":[\"Casal Obert Adolescents\"],\"articleSection\":[\"Entrevista\"],\"inLanguage\":\"es\",\"potentialAction\":[{\"@type\":\"CommentAction\",\"name\":\"Comment\",\"target\":[\"https:\\\/\\\/www.casaldelsinfants.org\\\/es\\\/actualidad\\\/entrevista-colaborador-casal-dels-infants\\\/#respond\"]}]},{\"@type\":\"WebPage\",\"@id\":\"https:\\\/\\\/www.casaldelsinfants.org\\\/es\\\/actualidad\\\/entrevista-colaborador-casal-dels-infants\\\/\",\"url\":\"https:\\\/\\\/www.casaldelsinfants.org\\\/es\\\/actualidad\\\/entrevista-colaborador-casal-dels-infants\\\/\",\"name\":\"\u201cMe gusta que los chicos y chicas me vean como alguien que los puede escuchar y ayudar\u201d - Casal dels Infants\",\"isPartOf\":{\"@id\":\"https:\\\/\\\/www.casaldelsinfants.org\\\/es\\\/#website\"},\"datePublished\":\"2018-06-08T07:50:53+00:00\",\"dateModified\":\"2023-05-01T17:03:02+00:00\",\"breadcrumb\":{\"@id\":\"https:\\\/\\\/www.casaldelsinfants.org\\\/es\\\/actualidad\\\/entrevista-colaborador-casal-dels-infants\\\/#breadcrumb\"},\"inLanguage\":\"es\",\"potentialAction\":[{\"@type\":\"ReadAction\",\"target\":[\"https:\\\/\\\/www.casaldelsinfants.org\\\/es\\\/actualidad\\\/entrevista-colaborador-casal-dels-infants\\\/\"]}]},{\"@type\":\"BreadcrumbList\",\"@id\":\"https:\\\/\\\/www.casaldelsinfants.org\\\/es\\\/actualidad\\\/entrevista-colaborador-casal-dels-infants\\\/#breadcrumb\",\"itemListElement\":[{\"@type\":\"ListItem\",\"position\":1,\"name\":\"Inici\",\"item\":\"https:\\\/\\\/www.casaldelsinfants.org\\\/es\\\/\"},{\"@type\":\"ListItem\",\"position\":2,\"name\":\"\u201cMe gusta que los chicos y chicas me vean como alguien que los puede escuchar y ayudar\u201d\"}]},{\"@type\":\"WebSite\",\"@id\":\"https:\\\/\\\/www.casaldelsinfants.org\\\/es\\\/#website\",\"url\":\"https:\\\/\\\/www.casaldelsinfants.org\\\/es\\\/\",\"name\":\"Casal dels Infants\",\"description\":\"\",\"publisher\":{\"@id\":\"https:\\\/\\\/www.casaldelsinfants.org\\\/es\\\/#organization\"},\"potentialAction\":[{\"@type\":\"SearchAction\",\"target\":{\"@type\":\"EntryPoint\",\"urlTemplate\":\"https:\\\/\\\/www.casaldelsinfants.org\\\/es\\\/?s={search_term_string}\"},\"query-input\":{\"@type\":\"PropertyValueSpecification\",\"valueRequired\":true,\"valueName\":\"search_term_string\"}}],\"inLanguage\":\"es\"},{\"@type\":\"Organization\",\"@id\":\"https:\\\/\\\/www.casaldelsinfants.org\\\/es\\\/#organization\",\"name\":\"Casal dels Infants\",\"url\":\"https:\\\/\\\/www.casaldelsinfants.org\\\/es\\\/\",\"logo\":{\"@type\":\"ImageObject\",\"inLanguage\":\"es\",\"@id\":\"https:\\\/\\\/www.casaldelsinfants.org\\\/es\\\/#\\\/schema\\\/logo\\\/image\\\/\",\"url\":\"https:\\\/\\\/www.casaldelsinfants.org\\\/wp-content\\\/uploads\\\/logo-mail.png\",\"contentUrl\":\"https:\\\/\\\/www.casaldelsinfants.org\\\/wp-content\\\/uploads\\\/logo-mail.png\",\"width\":380,\"height\":158,\"caption\":\"Casal dels Infants\"},\"image\":{\"@id\":\"https:\\\/\\\/www.casaldelsinfants.org\\\/es\\\/#\\\/schema\\\/logo\\\/image\\\/\"},\"sameAs\":[\"https:\\\/\\\/www.facebook.com\\\/casalinfants\",\"https:\\\/\\\/x.com\\\/casalinfants\",\"https:\\\/\\\/www.youtube.com\\\/user\\\/CasaldelsInfants1\",\"https:\\\/\\\/www.instagram.com\\\/casalinfants\\\/\",\"https:\\\/\\\/www.linkedin.com\\\/company\\\/casaldelsinfants?trk=organization-update_share-update_actor-text\"]},{\"@type\":\"Person\",\"@id\":\"https:\\\/\\\/www.casaldelsinfants.org\\\/es\\\/#\\\/schema\\\/person\\\/97707fc8c64900cf36891127dbf9fba8\",\"name\":\"cdiAdmin\",\"sameAs\":[\"https:\\\/\\\/casaldelsinfants.org\"]}]}<\/script>\n<!-- \/ Yoast SEO plugin. -->","yoast_head_json":{"title":"\u201cMe gusta que los chicos y chicas me vean como alguien que los puede escuchar y ayudar\u201d - Casal dels Infants","robots":{"index":"index","follow":"follow","max-snippet":"max-snippet:-1","max-image-preview":"max-image-preview:large","max-video-preview":"max-video-preview:-1"},"canonical":"https:\/\/www.casaldelsinfants.org\/es\/actualidad\/entrevista-colaborador-casal-dels-infants\/","og_locale":"es_ES","og_type":"article","og_title":"\u201cMe gusta que los chicos y chicas me vean como alguien que los puede escuchar y ayudar\u201d - Casal dels Infants","og_description":"\u00a0 Miquel Hernando, educador del Casal Obert d\u2019Adolescents del Raval(COA) \u00a0\u2014 Tiene 22 a\u00f1os, pero lleva m\u00e1s de cinco en el Casal dels Infants. Empez\u00f3 en la asociaci\u00f3n como voluntario, atendiendo comedores escolares. Es joven, s\u00ed, pero tambi\u00e9n mucho m\u00e1s que el prototipo de monitor guai . Est\u00e1 orgulloso de poder ser un referente positivo para los chicos y chicas, de ofrecerles un entorno seguro y de formar parte de un equipo de trabajo donde ha hecho buenos amigos y amigas. Del Raval le gusta que ganen peso las entidades, pero querr\u00eda que, adem\u00e1s de ser un lugar bonito para pasear, los vecinos vivieran en mejores condiciones. \u00a0","og_url":"https:\/\/www.casaldelsinfants.org\/es\/actualidad\/entrevista-colaborador-casal-dels-infants\/","og_site_name":"Casal dels Infants","article_publisher":"https:\/\/www.facebook.com\/casalinfants","article_published_time":"2018-06-08T07:50:53+00:00","article_modified_time":"2023-05-01T17:03:02+00:00","author":"cdiAdmin","twitter_card":"summary_large_image","twitter_creator":"@casalinfants","twitter_site":"@casalinfants","twitter_misc":{"Escrito por":"cdiAdmin","Tiempo de lectura":"4 minutos"},"schema":{"@context":"https:\/\/schema.org","@graph":[{"@type":"Article","@id":"https:\/\/www.casaldelsinfants.org\/es\/actualidad\/entrevista-colaborador-casal-dels-infants\/#article","isPartOf":{"@id":"https:\/\/www.casaldelsinfants.org\/es\/actualidad\/entrevista-colaborador-casal-dels-infants\/"},"author":{"name":"cdiAdmin","@id":"https:\/\/www.casaldelsinfants.org\/es\/#\/schema\/person\/97707fc8c64900cf36891127dbf9fba8"},"headline":"\u201cMe gusta que los chicos y chicas me vean como alguien que los puede escuchar y ayudar\u201d","datePublished":"2018-06-08T07:50:53+00:00","dateModified":"2023-05-01T17:03:02+00:00","mainEntityOfPage":{"@id":"https:\/\/www.casaldelsinfants.org\/es\/actualidad\/entrevista-colaborador-casal-dels-infants\/"},"wordCount":892,"commentCount":0,"publisher":{"@id":"https:\/\/www.casaldelsinfants.org\/es\/#organization"},"keywords":["Casal Obert Adolescents"],"articleSection":["Entrevista"],"inLanguage":"es","potentialAction":[{"@type":"CommentAction","name":"Comment","target":["https:\/\/www.casaldelsinfants.org\/es\/actualidad\/entrevista-colaborador-casal-dels-infants\/#respond"]}]},{"@type":"WebPage","@id":"https:\/\/www.casaldelsinfants.org\/es\/actualidad\/entrevista-colaborador-casal-dels-infants\/","url":"https:\/\/www.casaldelsinfants.org\/es\/actualidad\/entrevista-colaborador-casal-dels-infants\/","name":"\u201cMe gusta que los chicos y chicas me vean como alguien que los puede escuchar y ayudar\u201d - Casal dels Infants","isPartOf":{"@id":"https:\/\/www.casaldelsinfants.org\/es\/#website"},"datePublished":"2018-06-08T07:50:53+00:00","dateModified":"2023-05-01T17:03:02+00:00","breadcrumb":{"@id":"https:\/\/www.casaldelsinfants.org\/es\/actualidad\/entrevista-colaborador-casal-dels-infants\/#breadcrumb"},"inLanguage":"es","potentialAction":[{"@type":"ReadAction","target":["https:\/\/www.casaldelsinfants.org\/es\/actualidad\/entrevista-colaborador-casal-dels-infants\/"]}]},{"@type":"BreadcrumbList","@id":"https:\/\/www.casaldelsinfants.org\/es\/actualidad\/entrevista-colaborador-casal-dels-infants\/#breadcrumb","itemListElement":[{"@type":"ListItem","position":1,"name":"Inici","item":"https:\/\/www.casaldelsinfants.org\/es\/"},{"@type":"ListItem","position":2,"name":"\u201cMe gusta que los chicos y chicas me vean como alguien que los puede escuchar y ayudar\u201d"}]},{"@type":"WebSite","@id":"https:\/\/www.casaldelsinfants.org\/es\/#website","url":"https:\/\/www.casaldelsinfants.org\/es\/","name":"Casal dels Infants","description":"","publisher":{"@id":"https:\/\/www.casaldelsinfants.org\/es\/#organization"},"potentialAction":[{"@type":"SearchAction","target":{"@type":"EntryPoint","urlTemplate":"https:\/\/www.casaldelsinfants.org\/es\/?s={search_term_string}"},"query-input":{"@type":"PropertyValueSpecification","valueRequired":true,"valueName":"search_term_string"}}],"inLanguage":"es"},{"@type":"Organization","@id":"https:\/\/www.casaldelsinfants.org\/es\/#organization","name":"Casal dels Infants","url":"https:\/\/www.casaldelsinfants.org\/es\/","logo":{"@type":"ImageObject","inLanguage":"es","@id":"https:\/\/www.casaldelsinfants.org\/es\/#\/schema\/logo\/image\/","url":"https:\/\/www.casaldelsinfants.org\/wp-content\/uploads\/logo-mail.png","contentUrl":"https:\/\/www.casaldelsinfants.org\/wp-content\/uploads\/logo-mail.png","width":380,"height":158,"caption":"Casal dels Infants"},"image":{"@id":"https:\/\/www.casaldelsinfants.org\/es\/#\/schema\/logo\/image\/"},"sameAs":["https:\/\/www.facebook.com\/casalinfants","https:\/\/x.com\/casalinfants","https:\/\/www.youtube.com\/user\/CasaldelsInfants1","https:\/\/www.instagram.com\/casalinfants\/","https:\/\/www.linkedin.com\/company\/casaldelsinfants?trk=organization-update_share-update_actor-text"]},{"@type":"Person","@id":"https:\/\/www.casaldelsinfants.org\/es\/#\/schema\/person\/97707fc8c64900cf36891127dbf9fba8","name":"cdiAdmin","sameAs":["https:\/\/casaldelsinfants.org"]}]}},"publishpress_future_action":{"enabled":false,"date":"2026-05-06 22:19:59","action":"change-status","newStatus":"draft","terms":[],"taxonomy":"category","extraData":[]},"publishpress_future_workflow_manual_trigger":{"enabledWorkflows":[]},"_links":{"self":[{"href":"https:\/\/www.casaldelsinfants.org\/es\/wp-json\/wp\/v2\/posts\/4496","targetHints":{"allow":["GET"]}}],"collection":[{"href":"https:\/\/www.casaldelsinfants.org\/es\/wp-json\/wp\/v2\/posts"}],"about":[{"href":"https:\/\/www.casaldelsinfants.org\/es\/wp-json\/wp\/v2\/types\/post"}],"author":[{"embeddable":true,"href":"https:\/\/www.casaldelsinfants.org\/es\/wp-json\/wp\/v2\/users\/1"}],"replies":[{"embeddable":true,"href":"https:\/\/www.casaldelsinfants.org\/es\/wp-json\/wp\/v2\/comments?post=4496"}],"version-history":[{"count":1,"href":"https:\/\/www.casaldelsinfants.org\/es\/wp-json\/wp\/v2\/posts\/4496\/revisions"}],"predecessor-version":[{"id":6418,"href":"https:\/\/www.casaldelsinfants.org\/es\/wp-json\/wp\/v2\/posts\/4496\/revisions\/6418"}],"wp:attachment":[{"href":"https:\/\/www.casaldelsinfants.org\/es\/wp-json\/wp\/v2\/media?parent=4496"}],"wp:term":[{"taxonomy":"category","embeddable":true,"href":"https:\/\/www.casaldelsinfants.org\/es\/wp-json\/wp\/v2\/categories?post=4496"},{"taxonomy":"post_tag","embeddable":true,"href":"https:\/\/www.casaldelsinfants.org\/es\/wp-json\/wp\/v2\/tags?post=4496"},{"taxonomy":"seus","embeddable":true,"href":"https:\/\/www.casaldelsinfants.org\/es\/wp-json\/wp\/v2\/seus?post=4496"},{"taxonomy":"eixos","embeddable":true,"href":"https:\/\/www.casaldelsinfants.org\/es\/wp-json\/wp\/v2\/eixos?post=4496"}],"curies":[{"name":"wp","href":"https:\/\/api.w.org\/{rel}","templated":true}]}}