{"id":4498,"date":"2018-06-04T16:25:43","date_gmt":"2018-06-04T14:25:43","guid":{"rendered":"https:\/\/casal.puntzero.cat\/noticies\/el-cine-infantil-del-raval-entra-en-escena-amb-el-plum-festival\/"},"modified":"2023-05-01T19:03:10","modified_gmt":"2023-05-01T17:03:10","slug":"el-cine-infantil-del-raval-entra-en-escena-amb-el-plum-festival","status":"publish","type":"post","link":"https:\/\/www.casaldelsinfants.org\/es\/actualidad\/el-cine-infantil-del-raval-entra-en-escena-con-el-plum-festival\/","title":{"rendered":"El cine infantil del Raval entra en escena con el PLum Festival"},"content":{"rendered":"<p>La primera edici\u00f3n del<span style=\"color:#000000;\">\u00a0<strong>PLum Festival<\/strong>, el festival de cortometrajes realizados por ni\u00f1os y ni\u00f1as del barrio del\u00a0<strong>Raval<\/strong> de Barcelona, se celebr\u00f3 el viernes 1 de junio en el<strong>\u00a0Casal de barri Folch i Torres, <\/strong>organizada por el<strong> Casal dels Infants<\/strong>\u00a0con el\u00a0<a href=\"http:\/\/treballiaferssocials.gencat.cat\/ca\/inici\"><strong>Departament de Treball, Afers Socials i Fam\u00edlies<\/strong><\/a>\u00a0y\u00a0la <strong><a href=\"http:\/\/xarxaomnia.gencat.cat\/\">Xarxa \u00d2mnia<\/a><\/strong>. Participaron\u00a0<strong>m\u00e1s de 150 ni\u00f1os y ni\u00f1as<\/strong>\u00a0que demostraron <strong>talento, esfuerzo\u00a0y\u00a0capacidad de reflexi\u00f3n<\/strong>\u00a0sobre los fen\u00f3menos sociales que los rodean.<\/span><\/p>\n<p><span style=\"color:#000000;\">Los cortos presentados fueron\u00a0<a href=\"https:\/\/www.youtube.com\/watch?v=4v-q4sevXow\"><strong><em>Puppet Rights<\/em><\/strong><\/a>, realitzado\u00a0por\u00a0ni\u00f1os y ni\u00f1as de\u00a0la\u00a0<a href=\"http:\/\/www.aeiraval.org\/\"><strong>Associaci\u00f3 Educativa Integral del Raval<\/strong><\/a>; <\/span><a href=\"https:\/\/www.youtube.com\/watch?v=6tYSK17Uy8w&amp;t=5s\"><em><strong>Or\u00edgens<\/strong><\/em><\/a><span style=\"color:#000000;\">, del Casal Obert de Petita Inf\u00e0ncia del Casal dels Infants; <a href=\"https:\/\/www.youtube.com\/watch?v=hCm235wixxE\"><em><strong>Zombicaust<\/strong><\/em><\/a>, <a href=\"https:\/\/www.youtube.com\/watch?v=MYtnzffUy4k\"><em><strong>Le Petit Jardin<\/strong><\/em><\/a>, <a href=\"https:\/\/www.youtube.com\/watch?v=qX-BeiAh9Z0\"><em><strong>Prou Bullying<\/strong><\/em><\/a>,<a href=\"https:\/\/www.youtube.com\/watch?v=ZrywtGj6sXs\"><em><strong> Broken Darkness<\/strong><\/em><\/a>\u00a0y\u00a0<em><strong><a href=\"https:\/\/www.youtube.com\/watch?v=MIVHWvUF0aQ\">And now what<\/a><\/strong><\/em>, del Espai Tecnol\u00f2gic Comunitari del Casal dels Infants; <a href=\"https:\/\/www.youtube.com\/watch?v=rH9YGcELb_U\"><em><strong>No more bullying<\/strong><\/em><\/a> del Casal Obert Infantil del Casal dels Infants y\u00a0<a href=\"https:\/\/www.youtube.com\/watch?v=_EXJ9-2bzzE&amp;t=3s\"><em><strong>Respect is Perfect<\/strong><\/em><\/a>, del <a href=\"http:\/\/guia.barcelona.cat\/es\/detall\/casal-infantil-drassanes-centre-civic-drassanes_92211140110.html\">Casal Infantil Drassanes<\/a>.<\/span><\/p>\n<p><span style=\"color:#000000;\">Algunos de los temas abordados en estas creaciones son los derechos de los ni\u00f1os y ni\u00f1as, el acoso escolar, la inclusi\u00f3n social de las personas con enfermedades mentales y el cuidado de los animales. La experiencia ha permitido a los participantes<strong> familiarizarse con el lenguaje audiovisual, reflexionar cr\u00edticamente sobre la realidad y compartir una experiencia copmunitaria con compa\u00f1eros y comp\u00f1eras del barrio.<\/strong><\/span><\/p>\n","protected":false},"excerpt":{"rendered":"<p>La primera edici\u00f3n del\u00a0PLum Festival, el festival de cortometrajes realizados por ni\u00f1os y ni\u00f1as del barrio del\u00a0Raval de Barcelona, se celebr\u00f3 el viernes 1 de junio en el\u00a0Casal de barri Folch i Torres, organizada por el Casal dels Infants\u00a0con el\u00a0Departament de Treball, Afers Socials i Fam\u00edlies\u00a0y\u00a0la Xarxa \u00d2mnia. Participaron\u00a0m\u00e1s de 150 ni\u00f1os y ni\u00f1as\u00a0que demostraron [&hellip;]<\/p>\n","protected":false},"author":1,"featured_media":3477,"comment_status":"open","ping_status":"open","sticky":false,"template":"","format":"standard","meta":{"_acf_changed":false,"_et_pb_use_builder":"","_et_pb_old_content":"","_et_gb_content_width":"","inline_featured_image":false,"footnotes":""},"categories":[125],"tags":[],"seus":[16],"eixos":[107],"class_list":["post-4498","post","type-post","status-publish","format-standard","has-post-thumbnail","hentry","category-noticias","seus-el-raval","eixos-pequena-infancia"],"acf":[],"yoast_head":"<!-- This site is optimized with the Yoast SEO plugin v27.4 - https:\/\/yoast.com\/product\/yoast-seo-wordpress\/ -->\n<title>El cine infantil del Raval entra en escena con el PLum Festival - Casal dels Infants<\/title>\n<meta name=\"robots\" content=\"index, follow, max-snippet:-1, max-image-preview:large, max-video-preview:-1\" \/>\n<link rel=\"canonical\" href=\"https:\/\/www.casaldelsinfants.org\/es\/actualidad\/el-cine-infantil-del-raval-entra-en-escena-con-el-plum-festival\/\" \/>\n<meta property=\"og:locale\" content=\"es_ES\" \/>\n<meta property=\"og:type\" content=\"article\" \/>\n<meta property=\"og:title\" content=\"El cine infantil del Raval entra en escena con el PLum Festival - Casal dels Infants\" \/>\n<meta property=\"og:description\" content=\"La primera edici\u00f3n del\u00a0PLum Festival, el festival de cortometrajes realizados por ni\u00f1os y ni\u00f1as del barrio del\u00a0Raval de Barcelona, se celebr\u00f3 el viernes 1 de junio en el\u00a0Casal de barri Folch i Torres, organizada por el Casal dels Infants\u00a0con el\u00a0Departament de Treball, Afers Socials i Fam\u00edlies\u00a0y\u00a0la Xarxa \u00d2mnia. Participaron\u00a0m\u00e1s de 150 ni\u00f1os y ni\u00f1as\u00a0que demostraron [&hellip;]\" \/>\n<meta property=\"og:url\" content=\"https:\/\/www.casaldelsinfants.org\/es\/actualidad\/el-cine-infantil-del-raval-entra-en-escena-con-el-plum-festival\/\" \/>\n<meta property=\"og:site_name\" content=\"Casal dels Infants\" \/>\n<meta property=\"article:publisher\" content=\"https:\/\/www.facebook.com\/casalinfants\" \/>\n<meta property=\"article:published_time\" content=\"2018-06-04T14:25:43+00:00\" \/>\n<meta property=\"article:modified_time\" content=\"2023-05-01T17:03:10+00:00\" \/>\n<meta property=\"og:image\" content=\"https:\/\/www.casaldelsinfants.org\/wp-content\/uploads\/1030534-scaled.jpg\" \/>\n\t<meta property=\"og:image:width\" content=\"2560\" \/>\n\t<meta property=\"og:image:height\" content=\"1922\" \/>\n\t<meta property=\"og:image:type\" content=\"image\/jpeg\" \/>\n<meta name=\"author\" content=\"cdiAdmin\" \/>\n<meta name=\"twitter:card\" content=\"summary_large_image\" \/>\n<meta name=\"twitter:creator\" content=\"@casalinfants\" \/>\n<meta name=\"twitter:site\" content=\"@casalinfants\" \/>\n<meta name=\"twitter:label1\" content=\"Escrito por\" \/>\n\t<meta name=\"twitter:data1\" content=\"cdiAdmin\" \/>\n\t<meta name=\"twitter:label2\" content=\"Tiempo de lectura\" \/>\n\t<meta name=\"twitter:data2\" content=\"1 minuto\" \/>\n<script type=\"application\/ld+json\" class=\"yoast-schema-graph\">{\"@context\":\"https:\\\/\\\/schema.org\",\"@graph\":[{\"@type\":\"Article\",\"@id\":\"https:\\\/\\\/www.casaldelsinfants.org\\\/es\\\/actualidad\\\/el-cine-infantil-del-raval-entra-en-escena-con-el-plum-festival\\\/#article\",\"isPartOf\":{\"@id\":\"https:\\\/\\\/www.casaldelsinfants.org\\\/es\\\/actualidad\\\/el-cine-infantil-del-raval-entra-en-escena-con-el-plum-festival\\\/\"},\"author\":{\"name\":\"cdiAdmin\",\"@id\":\"https:\\\/\\\/www.casaldelsinfants.org\\\/es\\\/#\\\/schema\\\/person\\\/97707fc8c64900cf36891127dbf9fba8\"},\"headline\":\"El cine infantil del Raval entra en escena con el PLum Festival\",\"datePublished\":\"2018-06-04T14:25:43+00:00\",\"dateModified\":\"2023-05-01T17:03:10+00:00\",\"mainEntityOfPage\":{\"@id\":\"https:\\\/\\\/www.casaldelsinfants.org\\\/es\\\/actualidad\\\/el-cine-infantil-del-raval-entra-en-escena-con-el-plum-festival\\\/\"},\"wordCount\":237,\"commentCount\":0,\"publisher\":{\"@id\":\"https:\\\/\\\/www.casaldelsinfants.org\\\/es\\\/#organization\"},\"image\":{\"@id\":\"https:\\\/\\\/www.casaldelsinfants.org\\\/es\\\/actualidad\\\/el-cine-infantil-del-raval-entra-en-escena-con-el-plum-festival\\\/#primaryimage\"},\"thumbnailUrl\":\"https:\\\/\\\/www.casaldelsinfants.org\\\/wp-content\\\/uploads\\\/1030534-scaled.jpg\",\"articleSection\":[\"Noticia\"],\"inLanguage\":\"es\",\"potentialAction\":[{\"@type\":\"CommentAction\",\"name\":\"Comment\",\"target\":[\"https:\\\/\\\/www.casaldelsinfants.org\\\/es\\\/actualidad\\\/el-cine-infantil-del-raval-entra-en-escena-con-el-plum-festival\\\/#respond\"]}]},{\"@type\":\"WebPage\",\"@id\":\"https:\\\/\\\/www.casaldelsinfants.org\\\/es\\\/actualidad\\\/el-cine-infantil-del-raval-entra-en-escena-con-el-plum-festival\\\/\",\"url\":\"https:\\\/\\\/www.casaldelsinfants.org\\\/es\\\/actualidad\\\/el-cine-infantil-del-raval-entra-en-escena-con-el-plum-festival\\\/\",\"name\":\"El cine infantil del Raval entra en escena con el PLum Festival - Casal dels Infants\",\"isPartOf\":{\"@id\":\"https:\\\/\\\/www.casaldelsinfants.org\\\/es\\\/#website\"},\"primaryImageOfPage\":{\"@id\":\"https:\\\/\\\/www.casaldelsinfants.org\\\/es\\\/actualidad\\\/el-cine-infantil-del-raval-entra-en-escena-con-el-plum-festival\\\/#primaryimage\"},\"image\":{\"@id\":\"https:\\\/\\\/www.casaldelsinfants.org\\\/es\\\/actualidad\\\/el-cine-infantil-del-raval-entra-en-escena-con-el-plum-festival\\\/#primaryimage\"},\"thumbnailUrl\":\"https:\\\/\\\/www.casaldelsinfants.org\\\/wp-content\\\/uploads\\\/1030534-scaled.jpg\",\"datePublished\":\"2018-06-04T14:25:43+00:00\",\"dateModified\":\"2023-05-01T17:03:10+00:00\",\"breadcrumb\":{\"@id\":\"https:\\\/\\\/www.casaldelsinfants.org\\\/es\\\/actualidad\\\/el-cine-infantil-del-raval-entra-en-escena-con-el-plum-festival\\\/#breadcrumb\"},\"inLanguage\":\"es\",\"potentialAction\":[{\"@type\":\"ReadAction\",\"target\":[\"https:\\\/\\\/www.casaldelsinfants.org\\\/es\\\/actualidad\\\/el-cine-infantil-del-raval-entra-en-escena-con-el-plum-festival\\\/\"]}]},{\"@type\":\"ImageObject\",\"inLanguage\":\"es\",\"@id\":\"https:\\\/\\\/www.casaldelsinfants.org\\\/es\\\/actualidad\\\/el-cine-infantil-del-raval-entra-en-escena-con-el-plum-festival\\\/#primaryimage\",\"url\":\"https:\\\/\\\/www.casaldelsinfants.org\\\/wp-content\\\/uploads\\\/1030534-scaled.jpg\",\"contentUrl\":\"https:\\\/\\\/www.casaldelsinfants.org\\\/wp-content\\\/uploads\\\/1030534-scaled.jpg\",\"width\":2560,\"height\":1922,\"caption\":\"Nens veient una pel\u00b7l\u00edcula\"},{\"@type\":\"BreadcrumbList\",\"@id\":\"https:\\\/\\\/www.casaldelsinfants.org\\\/es\\\/actualidad\\\/el-cine-infantil-del-raval-entra-en-escena-con-el-plum-festival\\\/#breadcrumb\",\"itemListElement\":[{\"@type\":\"ListItem\",\"position\":1,\"name\":\"Inici\",\"item\":\"https:\\\/\\\/www.casaldelsinfants.org\\\/es\\\/\"},{\"@type\":\"ListItem\",\"position\":2,\"name\":\"El cine infantil del Raval entra en escena con el PLum Festival\"}]},{\"@type\":\"WebSite\",\"@id\":\"https:\\\/\\\/www.casaldelsinfants.org\\\/es\\\/#website\",\"url\":\"https:\\\/\\\/www.casaldelsinfants.org\\\/es\\\/\",\"name\":\"Casal dels Infants\",\"description\":\"\",\"publisher\":{\"@id\":\"https:\\\/\\\/www.casaldelsinfants.org\\\/es\\\/#organization\"},\"potentialAction\":[{\"@type\":\"SearchAction\",\"target\":{\"@type\":\"EntryPoint\",\"urlTemplate\":\"https:\\\/\\\/www.casaldelsinfants.org\\\/es\\\/?s={search_term_string}\"},\"query-input\":{\"@type\":\"PropertyValueSpecification\",\"valueRequired\":true,\"valueName\":\"search_term_string\"}}],\"inLanguage\":\"es\"},{\"@type\":\"Organization\",\"@id\":\"https:\\\/\\\/www.casaldelsinfants.org\\\/es\\\/#organization\",\"name\":\"Casal dels Infants\",\"url\":\"https:\\\/\\\/www.casaldelsinfants.org\\\/es\\\/\",\"logo\":{\"@type\":\"ImageObject\",\"inLanguage\":\"es\",\"@id\":\"https:\\\/\\\/www.casaldelsinfants.org\\\/es\\\/#\\\/schema\\\/logo\\\/image\\\/\",\"url\":\"https:\\\/\\\/www.casaldelsinfants.org\\\/wp-content\\\/uploads\\\/logo-mail.png\",\"contentUrl\":\"https:\\\/\\\/www.casaldelsinfants.org\\\/wp-content\\\/uploads\\\/logo-mail.png\",\"width\":380,\"height\":158,\"caption\":\"Casal dels Infants\"},\"image\":{\"@id\":\"https:\\\/\\\/www.casaldelsinfants.org\\\/es\\\/#\\\/schema\\\/logo\\\/image\\\/\"},\"sameAs\":[\"https:\\\/\\\/www.facebook.com\\\/casalinfants\",\"https:\\\/\\\/x.com\\\/casalinfants\",\"https:\\\/\\\/www.youtube.com\\\/user\\\/CasaldelsInfants1\",\"https:\\\/\\\/www.instagram.com\\\/casalinfants\\\/\",\"https:\\\/\\\/www.linkedin.com\\\/company\\\/casaldelsinfants?trk=organization-update_share-update_actor-text\"]},{\"@type\":\"Person\",\"@id\":\"https:\\\/\\\/www.casaldelsinfants.org\\\/es\\\/#\\\/schema\\\/person\\\/97707fc8c64900cf36891127dbf9fba8\",\"name\":\"cdiAdmin\",\"sameAs\":[\"https:\\\/\\\/casaldelsinfants.org\"]}]}<\/script>\n<!-- \/ Yoast SEO plugin. -->","yoast_head_json":{"title":"El cine infantil del Raval entra en escena con el PLum Festival - Casal dels Infants","robots":{"index":"index","follow":"follow","max-snippet":"max-snippet:-1","max-image-preview":"max-image-preview:large","max-video-preview":"max-video-preview:-1"},"canonical":"https:\/\/www.casaldelsinfants.org\/es\/actualidad\/el-cine-infantil-del-raval-entra-en-escena-con-el-plum-festival\/","og_locale":"es_ES","og_type":"article","og_title":"El cine infantil del Raval entra en escena con el PLum Festival - Casal dels Infants","og_description":"La primera edici\u00f3n del\u00a0PLum Festival, el festival de cortometrajes realizados por ni\u00f1os y ni\u00f1as del barrio del\u00a0Raval de Barcelona, se celebr\u00f3 el viernes 1 de junio en el\u00a0Casal de barri Folch i Torres, organizada por el Casal dels Infants\u00a0con el\u00a0Departament de Treball, Afers Socials i Fam\u00edlies\u00a0y\u00a0la Xarxa \u00d2mnia. Participaron\u00a0m\u00e1s de 150 ni\u00f1os y ni\u00f1as\u00a0que demostraron [&hellip;]","og_url":"https:\/\/www.casaldelsinfants.org\/es\/actualidad\/el-cine-infantil-del-raval-entra-en-escena-con-el-plum-festival\/","og_site_name":"Casal dels Infants","article_publisher":"https:\/\/www.facebook.com\/casalinfants","article_published_time":"2018-06-04T14:25:43+00:00","article_modified_time":"2023-05-01T17:03:10+00:00","og_image":[{"width":2560,"height":1922,"url":"https:\/\/www.casaldelsinfants.org\/wp-content\/uploads\/1030534-scaled.jpg","type":"image\/jpeg"}],"author":"cdiAdmin","twitter_card":"summary_large_image","twitter_creator":"@casalinfants","twitter_site":"@casalinfants","twitter_misc":{"Escrito por":"cdiAdmin","Tiempo de lectura":"1 minuto"},"schema":{"@context":"https:\/\/schema.org","@graph":[{"@type":"Article","@id":"https:\/\/www.casaldelsinfants.org\/es\/actualidad\/el-cine-infantil-del-raval-entra-en-escena-con-el-plum-festival\/#article","isPartOf":{"@id":"https:\/\/www.casaldelsinfants.org\/es\/actualidad\/el-cine-infantil-del-raval-entra-en-escena-con-el-plum-festival\/"},"author":{"name":"cdiAdmin","@id":"https:\/\/www.casaldelsinfants.org\/es\/#\/schema\/person\/97707fc8c64900cf36891127dbf9fba8"},"headline":"El cine infantil del Raval entra en escena con el PLum Festival","datePublished":"2018-06-04T14:25:43+00:00","dateModified":"2023-05-01T17:03:10+00:00","mainEntityOfPage":{"@id":"https:\/\/www.casaldelsinfants.org\/es\/actualidad\/el-cine-infantil-del-raval-entra-en-escena-con-el-plum-festival\/"},"wordCount":237,"commentCount":0,"publisher":{"@id":"https:\/\/www.casaldelsinfants.org\/es\/#organization"},"image":{"@id":"https:\/\/www.casaldelsinfants.org\/es\/actualidad\/el-cine-infantil-del-raval-entra-en-escena-con-el-plum-festival\/#primaryimage"},"thumbnailUrl":"https:\/\/www.casaldelsinfants.org\/wp-content\/uploads\/1030534-scaled.jpg","articleSection":["Noticia"],"inLanguage":"es","potentialAction":[{"@type":"CommentAction","name":"Comment","target":["https:\/\/www.casaldelsinfants.org\/es\/actualidad\/el-cine-infantil-del-raval-entra-en-escena-con-el-plum-festival\/#respond"]}]},{"@type":"WebPage","@id":"https:\/\/www.casaldelsinfants.org\/es\/actualidad\/el-cine-infantil-del-raval-entra-en-escena-con-el-plum-festival\/","url":"https:\/\/www.casaldelsinfants.org\/es\/actualidad\/el-cine-infantil-del-raval-entra-en-escena-con-el-plum-festival\/","name":"El cine infantil del Raval entra en escena con el PLum Festival - Casal dels Infants","isPartOf":{"@id":"https:\/\/www.casaldelsinfants.org\/es\/#website"},"primaryImageOfPage":{"@id":"https:\/\/www.casaldelsinfants.org\/es\/actualidad\/el-cine-infantil-del-raval-entra-en-escena-con-el-plum-festival\/#primaryimage"},"image":{"@id":"https:\/\/www.casaldelsinfants.org\/es\/actualidad\/el-cine-infantil-del-raval-entra-en-escena-con-el-plum-festival\/#primaryimage"},"thumbnailUrl":"https:\/\/www.casaldelsinfants.org\/wp-content\/uploads\/1030534-scaled.jpg","datePublished":"2018-06-04T14:25:43+00:00","dateModified":"2023-05-01T17:03:10+00:00","breadcrumb":{"@id":"https:\/\/www.casaldelsinfants.org\/es\/actualidad\/el-cine-infantil-del-raval-entra-en-escena-con-el-plum-festival\/#breadcrumb"},"inLanguage":"es","potentialAction":[{"@type":"ReadAction","target":["https:\/\/www.casaldelsinfants.org\/es\/actualidad\/el-cine-infantil-del-raval-entra-en-escena-con-el-plum-festival\/"]}]},{"@type":"ImageObject","inLanguage":"es","@id":"https:\/\/www.casaldelsinfants.org\/es\/actualidad\/el-cine-infantil-del-raval-entra-en-escena-con-el-plum-festival\/#primaryimage","url":"https:\/\/www.casaldelsinfants.org\/wp-content\/uploads\/1030534-scaled.jpg","contentUrl":"https:\/\/www.casaldelsinfants.org\/wp-content\/uploads\/1030534-scaled.jpg","width":2560,"height":1922,"caption":"Nens veient una pel\u00b7l\u00edcula"},{"@type":"BreadcrumbList","@id":"https:\/\/www.casaldelsinfants.org\/es\/actualidad\/el-cine-infantil-del-raval-entra-en-escena-con-el-plum-festival\/#breadcrumb","itemListElement":[{"@type":"ListItem","position":1,"name":"Inici","item":"https:\/\/www.casaldelsinfants.org\/es\/"},{"@type":"ListItem","position":2,"name":"El cine infantil del Raval entra en escena con el PLum Festival"}]},{"@type":"WebSite","@id":"https:\/\/www.casaldelsinfants.org\/es\/#website","url":"https:\/\/www.casaldelsinfants.org\/es\/","name":"Casal dels Infants","description":"","publisher":{"@id":"https:\/\/www.casaldelsinfants.org\/es\/#organization"},"potentialAction":[{"@type":"SearchAction","target":{"@type":"EntryPoint","urlTemplate":"https:\/\/www.casaldelsinfants.org\/es\/?s={search_term_string}"},"query-input":{"@type":"PropertyValueSpecification","valueRequired":true,"valueName":"search_term_string"}}],"inLanguage":"es"},{"@type":"Organization","@id":"https:\/\/www.casaldelsinfants.org\/es\/#organization","name":"Casal dels Infants","url":"https:\/\/www.casaldelsinfants.org\/es\/","logo":{"@type":"ImageObject","inLanguage":"es","@id":"https:\/\/www.casaldelsinfants.org\/es\/#\/schema\/logo\/image\/","url":"https:\/\/www.casaldelsinfants.org\/wp-content\/uploads\/logo-mail.png","contentUrl":"https:\/\/www.casaldelsinfants.org\/wp-content\/uploads\/logo-mail.png","width":380,"height":158,"caption":"Casal dels Infants"},"image":{"@id":"https:\/\/www.casaldelsinfants.org\/es\/#\/schema\/logo\/image\/"},"sameAs":["https:\/\/www.facebook.com\/casalinfants","https:\/\/x.com\/casalinfants","https:\/\/www.youtube.com\/user\/CasaldelsInfants1","https:\/\/www.instagram.com\/casalinfants\/","https:\/\/www.linkedin.com\/company\/casaldelsinfants?trk=organization-update_share-update_actor-text"]},{"@type":"Person","@id":"https:\/\/www.casaldelsinfants.org\/es\/#\/schema\/person\/97707fc8c64900cf36891127dbf9fba8","name":"cdiAdmin","sameAs":["https:\/\/casaldelsinfants.org"]}]}},"publishpress_future_action":{"enabled":false,"date":"2026-05-07 10:36:31","action":"change-status","newStatus":"draft","terms":[],"taxonomy":"category","extraData":[]},"publishpress_future_workflow_manual_trigger":{"enabledWorkflows":[]},"_links":{"self":[{"href":"https:\/\/www.casaldelsinfants.org\/es\/wp-json\/wp\/v2\/posts\/4498","targetHints":{"allow":["GET"]}}],"collection":[{"href":"https:\/\/www.casaldelsinfants.org\/es\/wp-json\/wp\/v2\/posts"}],"about":[{"href":"https:\/\/www.casaldelsinfants.org\/es\/wp-json\/wp\/v2\/types\/post"}],"author":[{"embeddable":true,"href":"https:\/\/www.casaldelsinfants.org\/es\/wp-json\/wp\/v2\/users\/1"}],"replies":[{"embeddable":true,"href":"https:\/\/www.casaldelsinfants.org\/es\/wp-json\/wp\/v2\/comments?post=4498"}],"version-history":[{"count":1,"href":"https:\/\/www.casaldelsinfants.org\/es\/wp-json\/wp\/v2\/posts\/4498\/revisions"}],"predecessor-version":[{"id":6419,"href":"https:\/\/www.casaldelsinfants.org\/es\/wp-json\/wp\/v2\/posts\/4498\/revisions\/6419"}],"wp:featuredmedia":[{"embeddable":true,"href":"https:\/\/www.casaldelsinfants.org\/es\/wp-json\/wp\/v2\/media\/3477"}],"wp:attachment":[{"href":"https:\/\/www.casaldelsinfants.org\/es\/wp-json\/wp\/v2\/media?parent=4498"}],"wp:term":[{"taxonomy":"category","embeddable":true,"href":"https:\/\/www.casaldelsinfants.org\/es\/wp-json\/wp\/v2\/categories?post=4498"},{"taxonomy":"post_tag","embeddable":true,"href":"https:\/\/www.casaldelsinfants.org\/es\/wp-json\/wp\/v2\/tags?post=4498"},{"taxonomy":"seus","embeddable":true,"href":"https:\/\/www.casaldelsinfants.org\/es\/wp-json\/wp\/v2\/seus?post=4498"},{"taxonomy":"eixos","embeddable":true,"href":"https:\/\/www.casaldelsinfants.org\/es\/wp-json\/wp\/v2\/eixos?post=4498"}],"curies":[{"name":"wp","href":"https:\/\/api.w.org\/{rel}","templated":true}]}}