{"id":4500,"date":"2018-05-17T17:47:45","date_gmt":"2018-05-17T15:47:45","guid":{"rendered":"https:\/\/casal.puntzero.cat\/noticies\/ultimes-entrades-gran-nit-solidaria-amb-el-casal-dels-infants-al-liceu\/"},"modified":"2023-05-01T19:03:24","modified_gmt":"2023-05-01T17:03:24","slug":"ultimes-entrades-gran-nit-solidaria-amb-el-casal-dels-infants-al-liceu","status":"publish","type":"post","link":"https:\/\/www.casaldelsinfants.org\/es\/actualidad\/ultimas-entradas-para-la-gran-noche-solidaria-con-el-casal-dels-infants-en-el-liceu\/","title":{"rendered":"\u00daltimas entradas para la gran noche solidaria con el Casal dels Infants en el Liceu"},"content":{"rendered":"<p>La gran noche solidaria con el<span style=\"color:#000000;\"> <strong>Casal dels Infants<\/strong>\u00a0volver\u00e1 el\u00a0<strong>6 de septiembre al Gran Teatro\u00a0del Liceo\u00a0<\/strong>de la mano de los\u00a0chefs <strong>Albert Adri\u00e0, Nandu Jubany, Carles Abellan y\u00a0Carles Gaig<\/strong>. Las \u00faltimas entradas disponibles se pueden comprar en\u00a0<\/span><u><strong><a href=\"https:\/\/www.atrapalo.com\/actividades\/gran-nit-solidaria-al-liceu-abellan-jubany-adria-i-gaig-_e4816071\/\"><span style=\"color:#000000;\">Atr\u00e1palo<\/span><\/a><\/strong><\/u><span style=\"color:#000000;\">.<\/span><\/p>\n<p>Tras el \u00e9xito de las ediciones precedentes<span style=\"color:#000000;\">\u00a0\u2014el Gran Sopar del Liceu de 2015 y\u00a02016 y\u00a0la Festa de les Estrelles de 2017\u2014,\u00a0 los mejores exponentes de la cocina catalana renovar\u00e1n este a\u00f1o su compromiso con los ni\u00f1os y ni\u00f1as, j\u00f3venes y familias en situaci\u00f3n de vulnerabilidad que participan en la asociaci\u00f3n.<\/span><\/p>\n<p><font color=\"#000000\">La gala, organizada por<\/font><span style=\"color:#000000;\">\u00a0<strong><a href=\"http:\/\/www.gramona.com\/\">Gramona<\/a>\u00a0<\/strong>en colaboraci\u00f3n\u00a0con el\u00a0<strong><a href=\"http:\/\/www.liceubarcelona.cat\/ca\/node#\">Gran Teatre del Lic<\/a>eo<\/strong>, <strong><a href=\"https:\/\/www.atrapalo.com\/actividades\/gran-nit-solidaria-al-liceu-abellan-jubany-adria-i-gaig-_e4816071\/\">Atr\u00e1palo<\/a>, <a href=\"http:\/\/dmcomunicacio.com\/maintenance.html\">DMComunicaci\u00f3<\/a>, <a href=\"http:\/\/espacioconsentido.org\/sample-page\/\">ConSentidoCom\u00fan<\/a><\/strong>\u00a0y\u00a0<strong><a href=\"http:\/\/www.grupgsr.com\/ca\/\">Grup GSR<\/a>,\u00a0<\/strong>comenzar\u00e1 en el Foyer con un <strong>c\u00f3ctel de bienvenida<\/strong>, en el que los chefs servir\u00e1n sus creaciones desde bufets independientes. Un magn\u00edfico inicio antes de dar paso a la cena sobre el escenario del Gran Teatro del Liceu con un <strong>men\u00fa creado\u00a0en exclusiva perar la ocasi\u00f3n<\/strong>.<\/span><\/p>\n<p>\u00a0<\/p>\n","protected":false},"excerpt":{"rendered":"<p>La gran noche solidaria con el Casal dels Infants\u00a0volver\u00e1 el\u00a06 de septiembre al Gran Teatro\u00a0del Liceo\u00a0de la mano de los\u00a0chefs Albert Adri\u00e0, Nandu Jubany, Carles Abellan y\u00a0Carles Gaig. Las \u00faltimas entradas disponibles se pueden comprar en\u00a0Atr\u00e1palo. Tras el \u00e9xito de las ediciones precedentes\u00a0\u2014el Gran Sopar del Liceu de 2015 y\u00a02016 y\u00a0la Festa de les Estrelles [&hellip;]<\/p>\n","protected":false},"author":1,"featured_media":3483,"comment_status":"open","ping_status":"open","sticky":false,"template":"","format":"standard","meta":{"_acf_changed":false,"_et_pb_use_builder":"","_et_pb_old_content":"","_et_gb_content_width":"","inline_featured_image":false,"footnotes":""},"categories":[125],"tags":[],"seus":[],"eixos":[],"class_list":["post-4500","post","type-post","status-publish","format-standard","has-post-thumbnail","hentry","category-noticias"],"acf":[],"yoast_head":"<!-- This site is optimized with the Yoast SEO plugin v27.4 - https:\/\/yoast.com\/product\/yoast-seo-wordpress\/ -->\n<title>\u00daltimas entradas para la gran noche solidaria con el Casal dels Infants en el Liceu - Casal dels Infants<\/title>\n<meta name=\"robots\" content=\"index, follow, max-snippet:-1, max-image-preview:large, max-video-preview:-1\" \/>\n<link rel=\"canonical\" href=\"https:\/\/www.casaldelsinfants.org\/es\/actualidad\/ultimas-entradas-para-la-gran-noche-solidaria-con-el-casal-dels-infants-en-el-liceu\/\" \/>\n<meta property=\"og:locale\" content=\"es_ES\" \/>\n<meta property=\"og:type\" content=\"article\" \/>\n<meta property=\"og:title\" content=\"\u00daltimas entradas para la gran noche solidaria con el Casal dels Infants en el Liceu - Casal dels Infants\" \/>\n<meta property=\"og:description\" content=\"La gran noche solidaria con el Casal dels Infants\u00a0volver\u00e1 el\u00a06 de septiembre al Gran Teatro\u00a0del Liceo\u00a0de la mano de los\u00a0chefs Albert Adri\u00e0, Nandu Jubany, Carles Abellan y\u00a0Carles Gaig. Las \u00faltimas entradas disponibles se pueden comprar en\u00a0Atr\u00e1palo. Tras el \u00e9xito de las ediciones precedentes\u00a0\u2014el Gran Sopar del Liceu de 2015 y\u00a02016 y\u00a0la Festa de les Estrelles [&hellip;]\" \/>\n<meta property=\"og:url\" content=\"https:\/\/www.casaldelsinfants.org\/es\/actualidad\/ultimas-entradas-para-la-gran-noche-solidaria-con-el-casal-dels-infants-en-el-liceu\/\" \/>\n<meta property=\"og:site_name\" content=\"Casal dels Infants\" \/>\n<meta property=\"article:publisher\" content=\"https:\/\/www.facebook.com\/casalinfants\" \/>\n<meta property=\"article:published_time\" content=\"2018-05-17T15:47:45+00:00\" \/>\n<meta property=\"article:modified_time\" content=\"2023-05-01T17:03:24+00:00\" \/>\n<meta property=\"og:image\" content=\"https:\/\/www.casaldelsinfants.org\/wp-content\/uploads\/banner_instagram_1080x566_0805_2.jpg\" \/>\n\t<meta property=\"og:image:width\" content=\"1080\" \/>\n\t<meta property=\"og:image:height\" content=\"566\" \/>\n\t<meta property=\"og:image:type\" content=\"image\/jpeg\" \/>\n<meta name=\"author\" content=\"cdiAdmin\" \/>\n<meta name=\"twitter:card\" content=\"summary_large_image\" \/>\n<meta name=\"twitter:creator\" content=\"@casalinfants\" \/>\n<meta name=\"twitter:site\" content=\"@casalinfants\" \/>\n<meta name=\"twitter:label1\" content=\"Escrito por\" \/>\n\t<meta name=\"twitter:data1\" content=\"cdiAdmin\" \/>\n\t<meta name=\"twitter:label2\" content=\"Tiempo de lectura\" \/>\n\t<meta name=\"twitter:data2\" content=\"1 minuto\" \/>\n<script type=\"application\/ld+json\" class=\"yoast-schema-graph\">{\"@context\":\"https:\\\/\\\/schema.org\",\"@graph\":[{\"@type\":\"Article\",\"@id\":\"https:\\\/\\\/www.casaldelsinfants.org\\\/es\\\/actualidad\\\/ultimas-entradas-para-la-gran-noche-solidaria-con-el-casal-dels-infants-en-el-liceu\\\/#article\",\"isPartOf\":{\"@id\":\"https:\\\/\\\/www.casaldelsinfants.org\\\/es\\\/actualidad\\\/ultimas-entradas-para-la-gran-noche-solidaria-con-el-casal-dels-infants-en-el-liceu\\\/\"},\"author\":{\"name\":\"cdiAdmin\",\"@id\":\"https:\\\/\\\/www.casaldelsinfants.org\\\/es\\\/#\\\/schema\\\/person\\\/97707fc8c64900cf36891127dbf9fba8\"},\"headline\":\"\u00daltimas entradas para la gran noche solidaria con el Casal dels Infants en el Liceu\",\"datePublished\":\"2018-05-17T15:47:45+00:00\",\"dateModified\":\"2023-05-01T17:03:24+00:00\",\"mainEntityOfPage\":{\"@id\":\"https:\\\/\\\/www.casaldelsinfants.org\\\/es\\\/actualidad\\\/ultimas-entradas-para-la-gran-noche-solidaria-con-el-casal-dels-infants-en-el-liceu\\\/\"},\"wordCount\":188,\"commentCount\":0,\"publisher\":{\"@id\":\"https:\\\/\\\/www.casaldelsinfants.org\\\/es\\\/#organization\"},\"image\":{\"@id\":\"https:\\\/\\\/www.casaldelsinfants.org\\\/es\\\/actualidad\\\/ultimas-entradas-para-la-gran-noche-solidaria-con-el-casal-dels-infants-en-el-liceu\\\/#primaryimage\"},\"thumbnailUrl\":\"https:\\\/\\\/www.casaldelsinfants.org\\\/wp-content\\\/uploads\\\/banner_instagram_1080x566_0805_2.jpg\",\"articleSection\":[\"Noticia\"],\"inLanguage\":\"es\",\"potentialAction\":[{\"@type\":\"CommentAction\",\"name\":\"Comment\",\"target\":[\"https:\\\/\\\/www.casaldelsinfants.org\\\/es\\\/actualidad\\\/ultimas-entradas-para-la-gran-noche-solidaria-con-el-casal-dels-infants-en-el-liceu\\\/#respond\"]}]},{\"@type\":\"WebPage\",\"@id\":\"https:\\\/\\\/www.casaldelsinfants.org\\\/es\\\/actualidad\\\/ultimas-entradas-para-la-gran-noche-solidaria-con-el-casal-dels-infants-en-el-liceu\\\/\",\"url\":\"https:\\\/\\\/www.casaldelsinfants.org\\\/es\\\/actualidad\\\/ultimas-entradas-para-la-gran-noche-solidaria-con-el-casal-dels-infants-en-el-liceu\\\/\",\"name\":\"\u00daltimas entradas para la gran noche solidaria con el Casal dels Infants en el Liceu - Casal dels Infants\",\"isPartOf\":{\"@id\":\"https:\\\/\\\/www.casaldelsinfants.org\\\/es\\\/#website\"},\"primaryImageOfPage\":{\"@id\":\"https:\\\/\\\/www.casaldelsinfants.org\\\/es\\\/actualidad\\\/ultimas-entradas-para-la-gran-noche-solidaria-con-el-casal-dels-infants-en-el-liceu\\\/#primaryimage\"},\"image\":{\"@id\":\"https:\\\/\\\/www.casaldelsinfants.org\\\/es\\\/actualidad\\\/ultimas-entradas-para-la-gran-noche-solidaria-con-el-casal-dels-infants-en-el-liceu\\\/#primaryimage\"},\"thumbnailUrl\":\"https:\\\/\\\/www.casaldelsinfants.org\\\/wp-content\\\/uploads\\\/banner_instagram_1080x566_0805_2.jpg\",\"datePublished\":\"2018-05-17T15:47:45+00:00\",\"dateModified\":\"2023-05-01T17:03:24+00:00\",\"breadcrumb\":{\"@id\":\"https:\\\/\\\/www.casaldelsinfants.org\\\/es\\\/actualidad\\\/ultimas-entradas-para-la-gran-noche-solidaria-con-el-casal-dels-infants-en-el-liceu\\\/#breadcrumb\"},\"inLanguage\":\"es\",\"potentialAction\":[{\"@type\":\"ReadAction\",\"target\":[\"https:\\\/\\\/www.casaldelsinfants.org\\\/es\\\/actualidad\\\/ultimas-entradas-para-la-gran-noche-solidaria-con-el-casal-dels-infants-en-el-liceu\\\/\"]}]},{\"@type\":\"ImageObject\",\"inLanguage\":\"es\",\"@id\":\"https:\\\/\\\/www.casaldelsinfants.org\\\/es\\\/actualidad\\\/ultimas-entradas-para-la-gran-noche-solidaria-con-el-casal-dels-infants-en-el-liceu\\\/#primaryimage\",\"url\":\"https:\\\/\\\/www.casaldelsinfants.org\\\/wp-content\\\/uploads\\\/banner_instagram_1080x566_0805_2.jpg\",\"contentUrl\":\"https:\\\/\\\/www.casaldelsinfants.org\\\/wp-content\\\/uploads\\\/banner_instagram_1080x566_0805_2.jpg\",\"width\":1080,\"height\":566,\"caption\":\"bANNER: \u00daLTIMES ENTRADES! Gran nit solid\u00e0ria amb el Casal dels Infants al Liceu\"},{\"@type\":\"BreadcrumbList\",\"@id\":\"https:\\\/\\\/www.casaldelsinfants.org\\\/es\\\/actualidad\\\/ultimas-entradas-para-la-gran-noche-solidaria-con-el-casal-dels-infants-en-el-liceu\\\/#breadcrumb\",\"itemListElement\":[{\"@type\":\"ListItem\",\"position\":1,\"name\":\"Inici\",\"item\":\"https:\\\/\\\/www.casaldelsinfants.org\\\/es\\\/\"},{\"@type\":\"ListItem\",\"position\":2,\"name\":\"\u00daltimas entradas para la gran noche solidaria con el Casal dels Infants en el Liceu\"}]},{\"@type\":\"WebSite\",\"@id\":\"https:\\\/\\\/www.casaldelsinfants.org\\\/es\\\/#website\",\"url\":\"https:\\\/\\\/www.casaldelsinfants.org\\\/es\\\/\",\"name\":\"Casal dels Infants\",\"description\":\"\",\"publisher\":{\"@id\":\"https:\\\/\\\/www.casaldelsinfants.org\\\/es\\\/#organization\"},\"potentialAction\":[{\"@type\":\"SearchAction\",\"target\":{\"@type\":\"EntryPoint\",\"urlTemplate\":\"https:\\\/\\\/www.casaldelsinfants.org\\\/es\\\/?s={search_term_string}\"},\"query-input\":{\"@type\":\"PropertyValueSpecification\",\"valueRequired\":true,\"valueName\":\"search_term_string\"}}],\"inLanguage\":\"es\"},{\"@type\":\"Organization\",\"@id\":\"https:\\\/\\\/www.casaldelsinfants.org\\\/es\\\/#organization\",\"name\":\"Casal dels Infants\",\"url\":\"https:\\\/\\\/www.casaldelsinfants.org\\\/es\\\/\",\"logo\":{\"@type\":\"ImageObject\",\"inLanguage\":\"es\",\"@id\":\"https:\\\/\\\/www.casaldelsinfants.org\\\/es\\\/#\\\/schema\\\/logo\\\/image\\\/\",\"url\":\"https:\\\/\\\/www.casaldelsinfants.org\\\/wp-content\\\/uploads\\\/logo-mail.png\",\"contentUrl\":\"https:\\\/\\\/www.casaldelsinfants.org\\\/wp-content\\\/uploads\\\/logo-mail.png\",\"width\":380,\"height\":158,\"caption\":\"Casal dels Infants\"},\"image\":{\"@id\":\"https:\\\/\\\/www.casaldelsinfants.org\\\/es\\\/#\\\/schema\\\/logo\\\/image\\\/\"},\"sameAs\":[\"https:\\\/\\\/www.facebook.com\\\/casalinfants\",\"https:\\\/\\\/x.com\\\/casalinfants\",\"https:\\\/\\\/www.youtube.com\\\/user\\\/CasaldelsInfants1\",\"https:\\\/\\\/www.instagram.com\\\/casalinfants\\\/\",\"https:\\\/\\\/www.linkedin.com\\\/company\\\/casaldelsinfants?trk=organization-update_share-update_actor-text\"]},{\"@type\":\"Person\",\"@id\":\"https:\\\/\\\/www.casaldelsinfants.org\\\/es\\\/#\\\/schema\\\/person\\\/97707fc8c64900cf36891127dbf9fba8\",\"name\":\"cdiAdmin\",\"sameAs\":[\"https:\\\/\\\/casaldelsinfants.org\"]}]}<\/script>\n<!-- \/ Yoast SEO plugin. -->","yoast_head_json":{"title":"\u00daltimas entradas para la gran noche solidaria con el Casal dels Infants en el Liceu - Casal dels Infants","robots":{"index":"index","follow":"follow","max-snippet":"max-snippet:-1","max-image-preview":"max-image-preview:large","max-video-preview":"max-video-preview:-1"},"canonical":"https:\/\/www.casaldelsinfants.org\/es\/actualidad\/ultimas-entradas-para-la-gran-noche-solidaria-con-el-casal-dels-infants-en-el-liceu\/","og_locale":"es_ES","og_type":"article","og_title":"\u00daltimas entradas para la gran noche solidaria con el Casal dels Infants en el Liceu - Casal dels Infants","og_description":"La gran noche solidaria con el Casal dels Infants\u00a0volver\u00e1 el\u00a06 de septiembre al Gran Teatro\u00a0del Liceo\u00a0de la mano de los\u00a0chefs Albert Adri\u00e0, Nandu Jubany, Carles Abellan y\u00a0Carles Gaig. Las \u00faltimas entradas disponibles se pueden comprar en\u00a0Atr\u00e1palo. Tras el \u00e9xito de las ediciones precedentes\u00a0\u2014el Gran Sopar del Liceu de 2015 y\u00a02016 y\u00a0la Festa de les Estrelles [&hellip;]","og_url":"https:\/\/www.casaldelsinfants.org\/es\/actualidad\/ultimas-entradas-para-la-gran-noche-solidaria-con-el-casal-dels-infants-en-el-liceu\/","og_site_name":"Casal dels Infants","article_publisher":"https:\/\/www.facebook.com\/casalinfants","article_published_time":"2018-05-17T15:47:45+00:00","article_modified_time":"2023-05-01T17:03:24+00:00","og_image":[{"width":1080,"height":566,"url":"https:\/\/www.casaldelsinfants.org\/wp-content\/uploads\/banner_instagram_1080x566_0805_2.jpg","type":"image\/jpeg"}],"author":"cdiAdmin","twitter_card":"summary_large_image","twitter_creator":"@casalinfants","twitter_site":"@casalinfants","twitter_misc":{"Escrito por":"cdiAdmin","Tiempo de lectura":"1 minuto"},"schema":{"@context":"https:\/\/schema.org","@graph":[{"@type":"Article","@id":"https:\/\/www.casaldelsinfants.org\/es\/actualidad\/ultimas-entradas-para-la-gran-noche-solidaria-con-el-casal-dels-infants-en-el-liceu\/#article","isPartOf":{"@id":"https:\/\/www.casaldelsinfants.org\/es\/actualidad\/ultimas-entradas-para-la-gran-noche-solidaria-con-el-casal-dels-infants-en-el-liceu\/"},"author":{"name":"cdiAdmin","@id":"https:\/\/www.casaldelsinfants.org\/es\/#\/schema\/person\/97707fc8c64900cf36891127dbf9fba8"},"headline":"\u00daltimas entradas para la gran noche solidaria con el Casal dels Infants en el Liceu","datePublished":"2018-05-17T15:47:45+00:00","dateModified":"2023-05-01T17:03:24+00:00","mainEntityOfPage":{"@id":"https:\/\/www.casaldelsinfants.org\/es\/actualidad\/ultimas-entradas-para-la-gran-noche-solidaria-con-el-casal-dels-infants-en-el-liceu\/"},"wordCount":188,"commentCount":0,"publisher":{"@id":"https:\/\/www.casaldelsinfants.org\/es\/#organization"},"image":{"@id":"https:\/\/www.casaldelsinfants.org\/es\/actualidad\/ultimas-entradas-para-la-gran-noche-solidaria-con-el-casal-dels-infants-en-el-liceu\/#primaryimage"},"thumbnailUrl":"https:\/\/www.casaldelsinfants.org\/wp-content\/uploads\/banner_instagram_1080x566_0805_2.jpg","articleSection":["Noticia"],"inLanguage":"es","potentialAction":[{"@type":"CommentAction","name":"Comment","target":["https:\/\/www.casaldelsinfants.org\/es\/actualidad\/ultimas-entradas-para-la-gran-noche-solidaria-con-el-casal-dels-infants-en-el-liceu\/#respond"]}]},{"@type":"WebPage","@id":"https:\/\/www.casaldelsinfants.org\/es\/actualidad\/ultimas-entradas-para-la-gran-noche-solidaria-con-el-casal-dels-infants-en-el-liceu\/","url":"https:\/\/www.casaldelsinfants.org\/es\/actualidad\/ultimas-entradas-para-la-gran-noche-solidaria-con-el-casal-dels-infants-en-el-liceu\/","name":"\u00daltimas entradas para la gran noche solidaria con el Casal dels Infants en el Liceu - Casal dels Infants","isPartOf":{"@id":"https:\/\/www.casaldelsinfants.org\/es\/#website"},"primaryImageOfPage":{"@id":"https:\/\/www.casaldelsinfants.org\/es\/actualidad\/ultimas-entradas-para-la-gran-noche-solidaria-con-el-casal-dels-infants-en-el-liceu\/#primaryimage"},"image":{"@id":"https:\/\/www.casaldelsinfants.org\/es\/actualidad\/ultimas-entradas-para-la-gran-noche-solidaria-con-el-casal-dels-infants-en-el-liceu\/#primaryimage"},"thumbnailUrl":"https:\/\/www.casaldelsinfants.org\/wp-content\/uploads\/banner_instagram_1080x566_0805_2.jpg","datePublished":"2018-05-17T15:47:45+00:00","dateModified":"2023-05-01T17:03:24+00:00","breadcrumb":{"@id":"https:\/\/www.casaldelsinfants.org\/es\/actualidad\/ultimas-entradas-para-la-gran-noche-solidaria-con-el-casal-dels-infants-en-el-liceu\/#breadcrumb"},"inLanguage":"es","potentialAction":[{"@type":"ReadAction","target":["https:\/\/www.casaldelsinfants.org\/es\/actualidad\/ultimas-entradas-para-la-gran-noche-solidaria-con-el-casal-dels-infants-en-el-liceu\/"]}]},{"@type":"ImageObject","inLanguage":"es","@id":"https:\/\/www.casaldelsinfants.org\/es\/actualidad\/ultimas-entradas-para-la-gran-noche-solidaria-con-el-casal-dels-infants-en-el-liceu\/#primaryimage","url":"https:\/\/www.casaldelsinfants.org\/wp-content\/uploads\/banner_instagram_1080x566_0805_2.jpg","contentUrl":"https:\/\/www.casaldelsinfants.org\/wp-content\/uploads\/banner_instagram_1080x566_0805_2.jpg","width":1080,"height":566,"caption":"bANNER: \u00daLTIMES ENTRADES! Gran nit solid\u00e0ria amb el Casal dels Infants al Liceu"},{"@type":"BreadcrumbList","@id":"https:\/\/www.casaldelsinfants.org\/es\/actualidad\/ultimas-entradas-para-la-gran-noche-solidaria-con-el-casal-dels-infants-en-el-liceu\/#breadcrumb","itemListElement":[{"@type":"ListItem","position":1,"name":"Inici","item":"https:\/\/www.casaldelsinfants.org\/es\/"},{"@type":"ListItem","position":2,"name":"\u00daltimas entradas para la gran noche solidaria con el Casal dels Infants en el Liceu"}]},{"@type":"WebSite","@id":"https:\/\/www.casaldelsinfants.org\/es\/#website","url":"https:\/\/www.casaldelsinfants.org\/es\/","name":"Casal dels Infants","description":"","publisher":{"@id":"https:\/\/www.casaldelsinfants.org\/es\/#organization"},"potentialAction":[{"@type":"SearchAction","target":{"@type":"EntryPoint","urlTemplate":"https:\/\/www.casaldelsinfants.org\/es\/?s={search_term_string}"},"query-input":{"@type":"PropertyValueSpecification","valueRequired":true,"valueName":"search_term_string"}}],"inLanguage":"es"},{"@type":"Organization","@id":"https:\/\/www.casaldelsinfants.org\/es\/#organization","name":"Casal dels Infants","url":"https:\/\/www.casaldelsinfants.org\/es\/","logo":{"@type":"ImageObject","inLanguage":"es","@id":"https:\/\/www.casaldelsinfants.org\/es\/#\/schema\/logo\/image\/","url":"https:\/\/www.casaldelsinfants.org\/wp-content\/uploads\/logo-mail.png","contentUrl":"https:\/\/www.casaldelsinfants.org\/wp-content\/uploads\/logo-mail.png","width":380,"height":158,"caption":"Casal dels Infants"},"image":{"@id":"https:\/\/www.casaldelsinfants.org\/es\/#\/schema\/logo\/image\/"},"sameAs":["https:\/\/www.facebook.com\/casalinfants","https:\/\/x.com\/casalinfants","https:\/\/www.youtube.com\/user\/CasaldelsInfants1","https:\/\/www.instagram.com\/casalinfants\/","https:\/\/www.linkedin.com\/company\/casaldelsinfants?trk=organization-update_share-update_actor-text"]},{"@type":"Person","@id":"https:\/\/www.casaldelsinfants.org\/es\/#\/schema\/person\/97707fc8c64900cf36891127dbf9fba8","name":"cdiAdmin","sameAs":["https:\/\/casaldelsinfants.org"]}]}},"publishpress_future_action":{"enabled":false,"date":"2026-05-07 11:23:43","action":"change-status","newStatus":"draft","terms":[],"taxonomy":"category","extraData":[]},"publishpress_future_workflow_manual_trigger":{"enabledWorkflows":[]},"_links":{"self":[{"href":"https:\/\/www.casaldelsinfants.org\/es\/wp-json\/wp\/v2\/posts\/4500","targetHints":{"allow":["GET"]}}],"collection":[{"href":"https:\/\/www.casaldelsinfants.org\/es\/wp-json\/wp\/v2\/posts"}],"about":[{"href":"https:\/\/www.casaldelsinfants.org\/es\/wp-json\/wp\/v2\/types\/post"}],"author":[{"embeddable":true,"href":"https:\/\/www.casaldelsinfants.org\/es\/wp-json\/wp\/v2\/users\/1"}],"replies":[{"embeddable":true,"href":"https:\/\/www.casaldelsinfants.org\/es\/wp-json\/wp\/v2\/comments?post=4500"}],"version-history":[{"count":1,"href":"https:\/\/www.casaldelsinfants.org\/es\/wp-json\/wp\/v2\/posts\/4500\/revisions"}],"predecessor-version":[{"id":6421,"href":"https:\/\/www.casaldelsinfants.org\/es\/wp-json\/wp\/v2\/posts\/4500\/revisions\/6421"}],"wp:featuredmedia":[{"embeddable":true,"href":"https:\/\/www.casaldelsinfants.org\/es\/wp-json\/wp\/v2\/media\/3483"}],"wp:attachment":[{"href":"https:\/\/www.casaldelsinfants.org\/es\/wp-json\/wp\/v2\/media?parent=4500"}],"wp:term":[{"taxonomy":"category","embeddable":true,"href":"https:\/\/www.casaldelsinfants.org\/es\/wp-json\/wp\/v2\/categories?post=4500"},{"taxonomy":"post_tag","embeddable":true,"href":"https:\/\/www.casaldelsinfants.org\/es\/wp-json\/wp\/v2\/tags?post=4500"},{"taxonomy":"seus","embeddable":true,"href":"https:\/\/www.casaldelsinfants.org\/es\/wp-json\/wp\/v2\/seus?post=4500"},{"taxonomy":"eixos","embeddable":true,"href":"https:\/\/www.casaldelsinfants.org\/es\/wp-json\/wp\/v2\/eixos?post=4500"}],"curies":[{"name":"wp","href":"https:\/\/api.w.org\/{rel}","templated":true}]}}