{"id":4501,"date":"2018-05-17T15:40:32","date_gmt":"2018-05-17T13:40:32","guid":{"rendered":"https:\/\/casal.puntzero.cat\/noticies\/bcnzoom-la-gala-del-talent-jove-amb-mirada-transformadora\/"},"modified":"2023-05-01T19:03:33","modified_gmt":"2023-05-01T17:03:33","slug":"bcnzoom-la-gala-del-talent-jove-amb-mirada-transformadora","status":"publish","type":"post","link":"https:\/\/www.casaldelsinfants.org\/es\/actualidad\/bcnzoom-la-gala-del-talent-jove-amb-mirada-transformadora\/","title":{"rendered":"BCNZoom: la gala del talento joven con mirada transformadora"},"content":{"rendered":"<p>La cuarta edici\u00f3n del festival\u00a0<span style=\"color:#000000;\"><strong>BCNZoom<\/strong>, el festival de cortometraje social para j\u00f3venes organizado por el\u00a0<\/span><span style=\"color:#000000;\"><strong>Consell de la Joventut de Barcelona (CJB)<\/strong>\u00a0y\u00a0el <strong>Casal dels Infants<\/strong>, se celebr\u00f3 el s\u00e1bado 12 de mayo en el Espai Jove La Fontana de Barcelona.<\/span><\/p>\n<p><span style=\"color:#000000;\">La iniciativa, que tiene por objetivo promover la creaci\u00f3n audiovisual entre las personas adolescentes y j\u00f3venes, con una mirada que sirve para analizar, entender y transformar su entorno, volvi\u00f3 a satisfacer las expectativas. Los 10 cortometrajes presentados demostraron la gran motivaci\u00f3n, el esfuerzo t\u00e9cnico y el posicionamiento cr\u00edtico de los grupos participantes.<\/span><\/p>\n<p><span style=\"color:#000000;\">En la categor\u00eda\u00a0de\u00a0<strong>adolescentes<\/strong>, se presentaron los siguientes cortometrajes: <a href=\"https:\/\/www.youtube.com\/watch?v=QOPIkJavZc4\"><strong>\u201cRebel amb causa\u201d<\/strong><\/a> (Casal Obert d\u2019Adolescents del Raval del Casal dels Infants i Pimba Pimba);<strong> <a href=\"https:\/\/www.youtube.com\/watch?v=8rndTaprI_8\">\u201cRecorreguts\u201d<\/a><\/strong> (Institut Miquel Tarradell); <a href=\"https:\/\/www.youtube.com\/watch?v=NLGENUTXD3M\"><strong>\u201cProu desigualtats\u201d<\/strong><\/a> (RAI ESO Santa Coloma de Gramenet del Casal dels Infants); <strong><a href=\"https:\/\/www.youtube.com\/watch?v=-Iq2koMGEhI&amp;t=254s\">\u201cPantalla real\u201d<\/a> <\/strong>(Dominiques de l\u2019Ensenyament); <a href=\"https:\/\/www.youtube.com\/watch?v=d2g1k4Uoa5g\"><strong>\u201cLike\/Dislike\u201d<\/strong><\/a> (Casal Obert d\u2019Adolescents de Santa Coloma de Gramenet del Casal dels Infants) y<strong>\u00a0<a href=\"https:\/\/www.youtube.com\/watch?v=nXQOYLEIMLw\">\u201cEl misteri del casal\u201d<\/a> <\/strong>(Casal C\u00edvic Riera Bonet).<\/span><\/p>\n<p><span style=\"color:#000000;\">En la categor\u00eda de <strong>j\u00f3venes<\/strong>,<strong> <a href=\"https:\/\/www.youtube.com\/watch?v=dqYtrrAH29c\">\u201cCaf\u00e8 amb llet\u201d<\/a><\/strong> (Escola Sant Nicolau de Sabadell); <a href=\"https:\/\/www.youtube.com\/watch?v=pdQ2zkwqnDs\"><strong>\u201cMusulwoman\u201d<\/strong><\/a> (Casal Jove Atles Raval del Casal dels Infants); <a href=\"https:\/\/www.youtube.com\/watch?v=jk9IwfhaQ-k&amp;t=3s\"><strong>\u201cDear Lucy\u201d<\/strong><\/a> (Roman Cinema) y\u00a0<a href=\"https:\/\/www.youtube.com\/watch?v=Bp_O307dtf4\"><strong>\u201cBarreres invisibles\u201d<\/strong><\/a> (Casal Jove Santa de Coloma de Grament del Casal dels Infants).<\/span><\/p>\n<p><span style=\"color:#000000;\">El jurado lo integraron\u00a0<strong>Celeste Mar\u00edn<\/strong> (artista visual e ilustradora); <strong>Dora Pedregal <\/strong>(educadora social); <strong>\u00c1ngel Aparicio <\/strong>(fundador de la productora \u201cMadelmain! Cinema i educaci\u00f3 social\u201d; <strong>Alba Legide<\/strong> (estudiante de periodismo\u00a0apassionada por el\u00a0cine) y\u00a0<strong>Adri\u00e0 Sunyol<\/strong> (cineasta especializado\u00a0en documental).<\/span><\/p>\n<p><span style=\"color:#000000;\">En la categor\u00eda de\u00a0<strong>adolescentes<\/strong>, el <strong>premio del p\u00fablico fue para<\/strong>\u00a0<strong>\u201cLike\/Dislike\u201d<\/strong>, por su propuesta sobre el <strong>acoso escolar<\/strong> y su repercusi\u00f3n en la expresi\u00f3n de la <strong>identidad de g\u00e9nero<\/strong>. Los realizadores y realizadoras del\u00a0<strong>Casal Obert d\u2019Adolescents de Santa Coloma de Gramenet<\/strong>\u00a0ganaron\u00a0una entrada para el <strong>Tibidado<\/strong>. En cuanto al jurado, otorg\u00f3 su premio a otra propuesta creada en Santa Coloma: <strong>\u201cProu desigualtats socials\u201d<\/strong>, del proyecto\u00a0<strong>RAI ESO<\/strong>. Los expertos y expertas valoraron su excelente comparativa entre colectivos privilegiados y discriminados. Los creadores y creadoras del corto recibieron como premio una entrada para el <strong>cine<\/strong>.<\/span><\/p>\n<p>En cuanto a los j\u00f3venes, el p\u00fablico eligi\u00f3 como ganadora \u00abMusulwoman\u00bb, el relato de una hero\u00edna que da herramientas para que\u00a0chicos y chicas superen situaciones adversas. El jurado premi\u00f3 a<span style=\"color:#000000;\"><strong>\u201cCaf\u00e8 amb llet\u201d<\/strong>, una emotiva historia que pone al espectador en la piel de las v\u00edctimas del racismo. Los autores y autoras de ambas propuestas, integrantes del<\/span><span style=\"color:#000000;\"> <strong>Casal Jove Atles del Raval<\/strong>\u00a0y\u00a0alumnos\u00a0de la\u00a0<strong>Escola Sant Nicolau de Sabadell<\/strong>, viajar\u00e1n a T\u00e1nger para participar en el festival de cortometraje social <strong>Tanja Zoom<\/strong>.<\/span><\/p>\n","protected":false},"excerpt":{"rendered":"<div class=\"video-embed-field-responsive-video form-group\"><iframe loading=\"lazy\" width=\"854\" height=\"480\" frameborder=\"0\" allowfullscreen=\"allowfullscreen\" src=\"https:\/\/www.youtube.com\/embed\/tKTl_-NBUBk?autoplay=0&amp;start=0&amp;rel=0\"><\/iframe>\n<\/div>\n","protected":false},"author":1,"featured_media":0,"comment_status":"open","ping_status":"open","sticky":false,"template":"","format":"standard","meta":{"_acf_changed":false,"_et_pb_use_builder":"","_et_pb_old_content":"","_et_gb_content_width":"","inline_featured_image":false,"footnotes":""},"categories":[125],"tags":[168,169,170,172],"seus":[],"eixos":[102],"class_list":["post-4501","post","type-post","status-publish","format-standard","hentry","category-noticias","tag-bcnzoom-es","tag-casal-jove-es","tag-casal-obert-adolescents-es","tag-espai-tecnologic-comunitari-es","eixos-jovenes"],"acf":[],"yoast_head":"<!-- This site is optimized with the Yoast SEO plugin v27.4 - https:\/\/yoast.com\/product\/yoast-seo-wordpress\/ -->\n<title>BCNZoom: la gala del talento joven con mirada transformadora - Casal dels Infants<\/title>\n<meta name=\"robots\" content=\"index, follow, max-snippet:-1, max-image-preview:large, max-video-preview:-1\" \/>\n<link rel=\"canonical\" href=\"https:\/\/www.casaldelsinfants.org\/es\/actualidad\/bcnzoom-la-gala-del-talent-jove-amb-mirada-transformadora\/\" \/>\n<meta property=\"og:locale\" content=\"es_ES\" \/>\n<meta property=\"og:type\" content=\"article\" \/>\n<meta property=\"og:title\" content=\"BCNZoom: la gala del talento joven con mirada transformadora - Casal dels Infants\" \/>\n<meta property=\"og:url\" content=\"https:\/\/www.casaldelsinfants.org\/es\/actualidad\/bcnzoom-la-gala-del-talent-jove-amb-mirada-transformadora\/\" \/>\n<meta property=\"og:site_name\" content=\"Casal dels Infants\" \/>\n<meta property=\"article:publisher\" content=\"https:\/\/www.facebook.com\/casalinfants\" \/>\n<meta property=\"article:published_time\" content=\"2018-05-17T13:40:32+00:00\" \/>\n<meta property=\"article:modified_time\" content=\"2023-05-01T17:03:33+00:00\" \/>\n<meta name=\"author\" content=\"cdiAdmin\" \/>\n<meta name=\"twitter:card\" content=\"summary_large_image\" \/>\n<meta name=\"twitter:creator\" content=\"@casalinfants\" \/>\n<meta name=\"twitter:site\" content=\"@casalinfants\" \/>\n<meta name=\"twitter:label1\" content=\"Escrito por\" \/>\n\t<meta name=\"twitter:data1\" content=\"cdiAdmin\" \/>\n\t<meta name=\"twitter:label2\" content=\"Tiempo de lectura\" \/>\n\t<meta name=\"twitter:data2\" content=\"2 minutos\" \/>\n<script type=\"application\/ld+json\" class=\"yoast-schema-graph\">{\"@context\":\"https:\\\/\\\/schema.org\",\"@graph\":[{\"@type\":\"Article\",\"@id\":\"https:\\\/\\\/www.casaldelsinfants.org\\\/es\\\/actualidad\\\/bcnzoom-la-gala-del-talent-jove-amb-mirada-transformadora\\\/#article\",\"isPartOf\":{\"@id\":\"https:\\\/\\\/www.casaldelsinfants.org\\\/es\\\/actualidad\\\/bcnzoom-la-gala-del-talent-jove-amb-mirada-transformadora\\\/\"},\"author\":{\"name\":\"cdiAdmin\",\"@id\":\"https:\\\/\\\/www.casaldelsinfants.org\\\/es\\\/#\\\/schema\\\/person\\\/97707fc8c64900cf36891127dbf9fba8\"},\"headline\":\"BCNZoom: la gala del talento joven con mirada transformadora\",\"datePublished\":\"2018-05-17T13:40:32+00:00\",\"dateModified\":\"2023-05-01T17:03:33+00:00\",\"mainEntityOfPage\":{\"@id\":\"https:\\\/\\\/www.casaldelsinfants.org\\\/es\\\/actualidad\\\/bcnzoom-la-gala-del-talent-jove-amb-mirada-transformadora\\\/\"},\"wordCount\":463,\"commentCount\":0,\"publisher\":{\"@id\":\"https:\\\/\\\/www.casaldelsinfants.org\\\/es\\\/#organization\"},\"keywords\":[\"BCNZoom\",\"Casal Jove\",\"Casal Obert Adolescents\",\"Espai Tecnol\u00f2gic Comunitari\"],\"articleSection\":[\"Noticia\"],\"inLanguage\":\"es\",\"potentialAction\":[{\"@type\":\"CommentAction\",\"name\":\"Comment\",\"target\":[\"https:\\\/\\\/www.casaldelsinfants.org\\\/es\\\/actualidad\\\/bcnzoom-la-gala-del-talent-jove-amb-mirada-transformadora\\\/#respond\"]}]},{\"@type\":\"WebPage\",\"@id\":\"https:\\\/\\\/www.casaldelsinfants.org\\\/es\\\/actualidad\\\/bcnzoom-la-gala-del-talent-jove-amb-mirada-transformadora\\\/\",\"url\":\"https:\\\/\\\/www.casaldelsinfants.org\\\/es\\\/actualidad\\\/bcnzoom-la-gala-del-talent-jove-amb-mirada-transformadora\\\/\",\"name\":\"BCNZoom: la gala del talento joven con mirada transformadora - Casal dels Infants\",\"isPartOf\":{\"@id\":\"https:\\\/\\\/www.casaldelsinfants.org\\\/es\\\/#website\"},\"datePublished\":\"2018-05-17T13:40:32+00:00\",\"dateModified\":\"2023-05-01T17:03:33+00:00\",\"breadcrumb\":{\"@id\":\"https:\\\/\\\/www.casaldelsinfants.org\\\/es\\\/actualidad\\\/bcnzoom-la-gala-del-talent-jove-amb-mirada-transformadora\\\/#breadcrumb\"},\"inLanguage\":\"es\",\"potentialAction\":[{\"@type\":\"ReadAction\",\"target\":[\"https:\\\/\\\/www.casaldelsinfants.org\\\/es\\\/actualidad\\\/bcnzoom-la-gala-del-talent-jove-amb-mirada-transformadora\\\/\"]}]},{\"@type\":\"BreadcrumbList\",\"@id\":\"https:\\\/\\\/www.casaldelsinfants.org\\\/es\\\/actualidad\\\/bcnzoom-la-gala-del-talent-jove-amb-mirada-transformadora\\\/#breadcrumb\",\"itemListElement\":[{\"@type\":\"ListItem\",\"position\":1,\"name\":\"Inici\",\"item\":\"https:\\\/\\\/www.casaldelsinfants.org\\\/es\\\/\"},{\"@type\":\"ListItem\",\"position\":2,\"name\":\"BCNZoom: la gala del talento joven con mirada transformadora\"}]},{\"@type\":\"WebSite\",\"@id\":\"https:\\\/\\\/www.casaldelsinfants.org\\\/es\\\/#website\",\"url\":\"https:\\\/\\\/www.casaldelsinfants.org\\\/es\\\/\",\"name\":\"Casal dels Infants\",\"description\":\"\",\"publisher\":{\"@id\":\"https:\\\/\\\/www.casaldelsinfants.org\\\/es\\\/#organization\"},\"potentialAction\":[{\"@type\":\"SearchAction\",\"target\":{\"@type\":\"EntryPoint\",\"urlTemplate\":\"https:\\\/\\\/www.casaldelsinfants.org\\\/es\\\/?s={search_term_string}\"},\"query-input\":{\"@type\":\"PropertyValueSpecification\",\"valueRequired\":true,\"valueName\":\"search_term_string\"}}],\"inLanguage\":\"es\"},{\"@type\":\"Organization\",\"@id\":\"https:\\\/\\\/www.casaldelsinfants.org\\\/es\\\/#organization\",\"name\":\"Casal dels Infants\",\"url\":\"https:\\\/\\\/www.casaldelsinfants.org\\\/es\\\/\",\"logo\":{\"@type\":\"ImageObject\",\"inLanguage\":\"es\",\"@id\":\"https:\\\/\\\/www.casaldelsinfants.org\\\/es\\\/#\\\/schema\\\/logo\\\/image\\\/\",\"url\":\"https:\\\/\\\/www.casaldelsinfants.org\\\/wp-content\\\/uploads\\\/logo-mail.png\",\"contentUrl\":\"https:\\\/\\\/www.casaldelsinfants.org\\\/wp-content\\\/uploads\\\/logo-mail.png\",\"width\":380,\"height\":158,\"caption\":\"Casal dels Infants\"},\"image\":{\"@id\":\"https:\\\/\\\/www.casaldelsinfants.org\\\/es\\\/#\\\/schema\\\/logo\\\/image\\\/\"},\"sameAs\":[\"https:\\\/\\\/www.facebook.com\\\/casalinfants\",\"https:\\\/\\\/x.com\\\/casalinfants\",\"https:\\\/\\\/www.youtube.com\\\/user\\\/CasaldelsInfants1\",\"https:\\\/\\\/www.instagram.com\\\/casalinfants\\\/\",\"https:\\\/\\\/www.linkedin.com\\\/company\\\/casaldelsinfants?trk=organization-update_share-update_actor-text\"]},{\"@type\":\"Person\",\"@id\":\"https:\\\/\\\/www.casaldelsinfants.org\\\/es\\\/#\\\/schema\\\/person\\\/97707fc8c64900cf36891127dbf9fba8\",\"name\":\"cdiAdmin\",\"sameAs\":[\"https:\\\/\\\/casaldelsinfants.org\"]}]}<\/script>\n<!-- \/ Yoast SEO plugin. -->","yoast_head_json":{"title":"BCNZoom: la gala del talento joven con mirada transformadora - Casal dels Infants","robots":{"index":"index","follow":"follow","max-snippet":"max-snippet:-1","max-image-preview":"max-image-preview:large","max-video-preview":"max-video-preview:-1"},"canonical":"https:\/\/www.casaldelsinfants.org\/es\/actualidad\/bcnzoom-la-gala-del-talent-jove-amb-mirada-transformadora\/","og_locale":"es_ES","og_type":"article","og_title":"BCNZoom: la gala del talento joven con mirada transformadora - Casal dels Infants","og_url":"https:\/\/www.casaldelsinfants.org\/es\/actualidad\/bcnzoom-la-gala-del-talent-jove-amb-mirada-transformadora\/","og_site_name":"Casal dels Infants","article_publisher":"https:\/\/www.facebook.com\/casalinfants","article_published_time":"2018-05-17T13:40:32+00:00","article_modified_time":"2023-05-01T17:03:33+00:00","author":"cdiAdmin","twitter_card":"summary_large_image","twitter_creator":"@casalinfants","twitter_site":"@casalinfants","twitter_misc":{"Escrito por":"cdiAdmin","Tiempo de lectura":"2 minutos"},"schema":{"@context":"https:\/\/schema.org","@graph":[{"@type":"Article","@id":"https:\/\/www.casaldelsinfants.org\/es\/actualidad\/bcnzoom-la-gala-del-talent-jove-amb-mirada-transformadora\/#article","isPartOf":{"@id":"https:\/\/www.casaldelsinfants.org\/es\/actualidad\/bcnzoom-la-gala-del-talent-jove-amb-mirada-transformadora\/"},"author":{"name":"cdiAdmin","@id":"https:\/\/www.casaldelsinfants.org\/es\/#\/schema\/person\/97707fc8c64900cf36891127dbf9fba8"},"headline":"BCNZoom: la gala del talento joven con mirada transformadora","datePublished":"2018-05-17T13:40:32+00:00","dateModified":"2023-05-01T17:03:33+00:00","mainEntityOfPage":{"@id":"https:\/\/www.casaldelsinfants.org\/es\/actualidad\/bcnzoom-la-gala-del-talent-jove-amb-mirada-transformadora\/"},"wordCount":463,"commentCount":0,"publisher":{"@id":"https:\/\/www.casaldelsinfants.org\/es\/#organization"},"keywords":["BCNZoom","Casal Jove","Casal Obert Adolescents","Espai Tecnol\u00f2gic Comunitari"],"articleSection":["Noticia"],"inLanguage":"es","potentialAction":[{"@type":"CommentAction","name":"Comment","target":["https:\/\/www.casaldelsinfants.org\/es\/actualidad\/bcnzoom-la-gala-del-talent-jove-amb-mirada-transformadora\/#respond"]}]},{"@type":"WebPage","@id":"https:\/\/www.casaldelsinfants.org\/es\/actualidad\/bcnzoom-la-gala-del-talent-jove-amb-mirada-transformadora\/","url":"https:\/\/www.casaldelsinfants.org\/es\/actualidad\/bcnzoom-la-gala-del-talent-jove-amb-mirada-transformadora\/","name":"BCNZoom: la gala del talento joven con mirada transformadora - Casal dels Infants","isPartOf":{"@id":"https:\/\/www.casaldelsinfants.org\/es\/#website"},"datePublished":"2018-05-17T13:40:32+00:00","dateModified":"2023-05-01T17:03:33+00:00","breadcrumb":{"@id":"https:\/\/www.casaldelsinfants.org\/es\/actualidad\/bcnzoom-la-gala-del-talent-jove-amb-mirada-transformadora\/#breadcrumb"},"inLanguage":"es","potentialAction":[{"@type":"ReadAction","target":["https:\/\/www.casaldelsinfants.org\/es\/actualidad\/bcnzoom-la-gala-del-talent-jove-amb-mirada-transformadora\/"]}]},{"@type":"BreadcrumbList","@id":"https:\/\/www.casaldelsinfants.org\/es\/actualidad\/bcnzoom-la-gala-del-talent-jove-amb-mirada-transformadora\/#breadcrumb","itemListElement":[{"@type":"ListItem","position":1,"name":"Inici","item":"https:\/\/www.casaldelsinfants.org\/es\/"},{"@type":"ListItem","position":2,"name":"BCNZoom: la gala del talento joven con mirada transformadora"}]},{"@type":"WebSite","@id":"https:\/\/www.casaldelsinfants.org\/es\/#website","url":"https:\/\/www.casaldelsinfants.org\/es\/","name":"Casal dels Infants","description":"","publisher":{"@id":"https:\/\/www.casaldelsinfants.org\/es\/#organization"},"potentialAction":[{"@type":"SearchAction","target":{"@type":"EntryPoint","urlTemplate":"https:\/\/www.casaldelsinfants.org\/es\/?s={search_term_string}"},"query-input":{"@type":"PropertyValueSpecification","valueRequired":true,"valueName":"search_term_string"}}],"inLanguage":"es"},{"@type":"Organization","@id":"https:\/\/www.casaldelsinfants.org\/es\/#organization","name":"Casal dels Infants","url":"https:\/\/www.casaldelsinfants.org\/es\/","logo":{"@type":"ImageObject","inLanguage":"es","@id":"https:\/\/www.casaldelsinfants.org\/es\/#\/schema\/logo\/image\/","url":"https:\/\/www.casaldelsinfants.org\/wp-content\/uploads\/logo-mail.png","contentUrl":"https:\/\/www.casaldelsinfants.org\/wp-content\/uploads\/logo-mail.png","width":380,"height":158,"caption":"Casal dels Infants"},"image":{"@id":"https:\/\/www.casaldelsinfants.org\/es\/#\/schema\/logo\/image\/"},"sameAs":["https:\/\/www.facebook.com\/casalinfants","https:\/\/x.com\/casalinfants","https:\/\/www.youtube.com\/user\/CasaldelsInfants1","https:\/\/www.instagram.com\/casalinfants\/","https:\/\/www.linkedin.com\/company\/casaldelsinfants?trk=organization-update_share-update_actor-text"]},{"@type":"Person","@id":"https:\/\/www.casaldelsinfants.org\/es\/#\/schema\/person\/97707fc8c64900cf36891127dbf9fba8","name":"cdiAdmin","sameAs":["https:\/\/casaldelsinfants.org"]}]}},"publishpress_future_action":{"enabled":false,"date":"2026-05-07 10:15:23","action":"change-status","newStatus":"draft","terms":[],"taxonomy":"category","extraData":[]},"publishpress_future_workflow_manual_trigger":{"enabledWorkflows":[]},"_links":{"self":[{"href":"https:\/\/www.casaldelsinfants.org\/es\/wp-json\/wp\/v2\/posts\/4501","targetHints":{"allow":["GET"]}}],"collection":[{"href":"https:\/\/www.casaldelsinfants.org\/es\/wp-json\/wp\/v2\/posts"}],"about":[{"href":"https:\/\/www.casaldelsinfants.org\/es\/wp-json\/wp\/v2\/types\/post"}],"author":[{"embeddable":true,"href":"https:\/\/www.casaldelsinfants.org\/es\/wp-json\/wp\/v2\/users\/1"}],"replies":[{"embeddable":true,"href":"https:\/\/www.casaldelsinfants.org\/es\/wp-json\/wp\/v2\/comments?post=4501"}],"version-history":[{"count":1,"href":"https:\/\/www.casaldelsinfants.org\/es\/wp-json\/wp\/v2\/posts\/4501\/revisions"}],"predecessor-version":[{"id":6422,"href":"https:\/\/www.casaldelsinfants.org\/es\/wp-json\/wp\/v2\/posts\/4501\/revisions\/6422"}],"wp:attachment":[{"href":"https:\/\/www.casaldelsinfants.org\/es\/wp-json\/wp\/v2\/media?parent=4501"}],"wp:term":[{"taxonomy":"category","embeddable":true,"href":"https:\/\/www.casaldelsinfants.org\/es\/wp-json\/wp\/v2\/categories?post=4501"},{"taxonomy":"post_tag","embeddable":true,"href":"https:\/\/www.casaldelsinfants.org\/es\/wp-json\/wp\/v2\/tags?post=4501"},{"taxonomy":"seus","embeddable":true,"href":"https:\/\/www.casaldelsinfants.org\/es\/wp-json\/wp\/v2\/seus?post=4501"},{"taxonomy":"eixos","embeddable":true,"href":"https:\/\/www.casaldelsinfants.org\/es\/wp-json\/wp\/v2\/eixos?post=4501"}],"curies":[{"name":"wp","href":"https:\/\/api.w.org\/{rel}","templated":true}]}}