{"id":4504,"date":"2018-05-04T09:20:10","date_gmt":"2018-05-04T07:20:10","guid":{"rendered":"https:\/\/casal.puntzero.cat\/noticies\/fent-cami-cap-lautonomia\/"},"modified":"2022-08-17T11:22:05","modified_gmt":"2022-08-17T09:22:05","slug":"fent-cami-cap-lautonomia","status":"publish","type":"post","link":"https:\/\/www.casaldelsinfants.org\/es\/actualidad\/caminando-hacia-la-autonomia\/","title":{"rendered":"Caminando hacia la autonom\u00eda"},"content":{"rendered":"<p><span style=\"color:#000000;\">Avanza una de esas tardes en las que los \u00faltimos coletazos del fr\u00edo castigan las calles. En un piso de la plaza Juliana Morell, en el barrio del Bes\u00f2s y el Maresme de Barcelona, seis j\u00f3venes preparan la merienda. La mesa del comedor se va surtiendo de pastelitos \u00e1rabes, cruasanes, caf\u00e9, leche\u2026 Todo est\u00e1 a punto cuando suena el timbre y, bien abrigado con gorro y guantes, cruza el marco de la puerta Fadili, el invitado esperado. <\/span><\/p>\n<p><span style=\"color:#000000;\">El piso es una de las cuatro viviendas compartidas que ofrece el Servei de Transici\u00f3 a l\u2019Auotnomia (STA) del Casal dels Infants, en el que\u00a0 viven Loukman y Mourad, ambos nacidos en Marruecos, junto con Magal\u00ed, que ha salido. Preparando la merienda con ellos hay otros dos marroqu\u00edes, Amine y Yassine, que comparten otro de los pisos, ubicado en el Raval. Tambi\u00e9n Arian, que es argentino y vive en el Poblenou. En un cuarto piso del proyecto viven chicas. Por si faltaba gente, esta tarde tambi\u00e9n ha venido de visita Axel, educador del STA, que aprovechar\u00e1 para saludar a Fadili y ver c\u00f3mo est\u00e1n los chicos \u2014no intervendr\u00e1 en la conversaci\u00f3n, sin embargo, para dejarles su espacio\u2014.<\/span><\/p>\n<p><span style=\"color:#000000;\">Nada m\u00e1s sentarse alrededor de la mesa del comedor, Fadili y los cinco j\u00f3venes caen en la cuenta de la primera coincidencia: \u00e9l vivi\u00f3 en el mismo piso donde ahora est\u00e1 Arian, en la calle Pujades. Recuerda incluso el n\u00famero de la calle. Ya conviene que haya venido con buena memoria, porque la va a necesitar: est\u00e1 aqu\u00ed para explicar a los j\u00f3venes su paso por el STA y a darles consejos a partir de su experiencia de \u00e9xito \u2014ahora tiene su propio piso, trabajo y familia\u2014. A demostrarles, en definitiva, que es posible salir adelante, pese a los obst\u00e1culos, a base de mucha lucha.<\/span><\/p>\n<p><span style=\"color:#000000;\">Como la de tantos otros j\u00f3venes que han vivido procesos migratorios, la historia de Fadili, que tambi\u00e9n naci\u00f3 en Marruecos, es larga. El a\u00f1o 2009 es el punto de partida de la conversaci\u00f3n: \u201cEn aquel momento yo trabajaba aqu\u00ed en Barcelona, en una empresa del sector de la construcci\u00f3n que de un d\u00eda para otro cerr\u00f3\u201d, explica. \u201cDe repente me encontr\u00e9 sin vivienda, ni trabajo, ni familia alrededor. Alguien me recomend\u00f3 que me acercara al Casal dels Infants para ver si me pod\u00edan dar una mano\u201d.<\/span><\/p>\n<p class=\"destacat-noticia\">Fadili: <span style=\"color:#000000;\">\u00abTrabajaba en una empresa del sector de la construcci\u00f3n que de un d\u00eda para otro cerr\u00f3.\u00a0De repente me encontr\u00e9 sin vivienda, ni trabajo, ni familia alrededor\u00bb.<\/span><\/p>\n<p><span style=\"color:#000000;\">En la asociaci\u00f3n se vincul\u00f3 al Programa de Formaci\u00f3 i Inserci\u00f3 Social i Laboral, donde encontr\u00f3 herramientas para hacer una buena b\u00fasqueda de trabajo. Particip\u00f3 en distintas formaciones que le parecieron \u00fatiles para redirigir su vida, pero segu\u00eda necesitando un lugar donde vivir. Y tuvo suerte: justo en esa \u00e9poca arrancaba el Servei de Transici\u00f3 a l\u2019Autonomia. <\/span><\/p>\n<p>\u00a0<\/p>\n<figure role=\"group\" class=\"align-center\">\n<img decoding=\"async\" alt=\"En Fadili durant la visita al pis del Servei de Transici\u00f3 a l'Autonomia\" data-entity-type=\"file\" data-entity-uuid=\"631de94b-e601-4671-9ab3-450224b9e228\" data-image-style=\"large\" height=\"270\" src=\"\/wp-content\/uploads\/inline-images\/Fadili%20III.jpg\" typeof=\"foaf:Image\" width=\"480\" \/><figcaption>Fadili durante la visita al piso del Servei de Transici\u00f3 a l&#8217;Auotnomia.<\/figcaption><\/figure>\n<p><span style=\"color: rgb(0, 0, 0);\">\u00a0<\/span><\/p>\n<p>\u00a0<\/p>\n<p class=\"pregunta-entrevista\"><span style=\"color: rgb(0, 0, 0);\">La acogida<\/span><\/p>\n<p><span style=\"color:#000000;\">Pero, \u00bfen qu\u00e9 consiste exactamente el STA? De entrada, los m\u00e1s de 70 j\u00f3venes que participan en el proyecto durante el a\u00f1o llegan al Casal dels Infants por dos v\u00edas principales: el boca a boca y la derivaci\u00f3n \u2013ya sea por parte de proyectos de la propia asociaci\u00f3n o bien de otras entidades o servicios&#8211;. En el caso de Loukman, por ejemplo, lo deriv\u00f3 Creu Roja. Una vez entran en contacto con los educadores y educadoras del proyecto, empiezan la fase de acogida personaizada. Mediante tres entrevistas con el equipo, exponen su situaci\u00f3n y conocen el funcionamiento del proyecto.<\/span><\/p>\n<p><span style=\"color:#000000;\">El siguiente paso llega cuando el chico o la chica entra a vivir en uno de les cuatro pisos. Durante la primera semana, cuando ya ha empezado a adaptarse a su nueva situaci\u00f3n, definir\u00e0 su plan de trabajo en el STA con los educadores y las educadoras: \u201cEs fundamental que el objetivo de la estancia en el proyecto lo establezca cada joven, en funci\u00f3n de sus necesidades. Este objetivo har\u00e1 que la vinculaci\u00f3n de esta persona con el Casal sea m\u00e1s larga o m\u00e1s corta\u201d, explica Axel, en un aparte de la conversaci\u00f3n. \u201cSegurament alguien que llega con 18 a\u00f1os o que a\u00fan est\u00e1 regularizando el permiso de residencia necesitar\u00e1 m\u00e1s tiempo para hacer el proceso de transici\u00f3n a la autonom\u00eda que alguien que pueda incorporarse m\u00e1s r\u00e1pidamente al mercado laboral\u201d, a\u00f1ado a modo de ejemplo.<\/span><\/p>\n<p><span style=\"color:#000000;\">Las personas participantes no tienen que hacerse cargo del alquiler, y reciben 125 euros al mes para su manutenci\u00f3n. Tambi\u00e9n se vincular\u00e1n a una formaci\u00f3n que incluir\u00e1 pr\u00e1cticas en una empresa y, si aprovechan el aprendizaje y se da la oportunidad, acabar\u00e1n recibiendo una oferta de trabajo. En el caso de Fadili, lo contrataron como mozo de equipaje en el Ramblas Hotel de Barcelona. \u201cPrimero me dieron trabajo a media jornada, y unos meses m\u00e1s tarde a tiempo completo\u201d, explica.<\/span><\/p>\n<p><span style=\"color:#000000;\">La contrapartida que tiene que ofrecer cada joven va m\u00e1s all\u00e1 de respetar el itinerario acordado con el Casal dels Infants y de cuidar una buena convivencia en el piso. Se trata m\u00e1s bien de un compromiso con su propio futuro. O como les comenta ahora Fadili: \u201cTen\u00e9is que aprovechar esto al m\u00e1ximo. Prepararos, sacad el m\u00e1ximo partido de los recursos que os ofrece el Casal: deporte, idiomas, formaci\u00f3n\u2026 \u00a1os ser\u00e1n muy \u00fatiles!\u201d. Los dem\u00e1s est\u00e1n de acuerdo. \u201cS\u00ed, as\u00ed nos lo tomamos\u201d, responde Yassine. \u201cEsto no es como el centro de menores. All\u00ed te tienes que quedar porque no hay alternativa, mientras que estamos aqu\u00ed porque hemos decidido salir adelante\u201d.\u00a0<\/span><\/p>\n<p><span style=\"color:#000000;\">La referencia a los centros de menores \u2013t\u00e9cnicamente llamados centros residenciales de acci\u00f3n educativa (CRAE)- no es casual. Es una de las experiencias que tienen en com\u00fan la mayor\u00eda de ellos, y no tienen un buen recuerdo al respecto. \u201cYo viv\u00ed en uno que hay en Melilla durante casi dos a\u00f1os\u201d, sigue contando Yassine. \u201c\u00c9ramos m\u00e1s de 470 chicos, compart\u00edamos las habitaciones entre seis, la comida no era suficiente\u2026\u201d. Fadili comenta que en 2005 vivi\u00f3 en un centro con condiciones muy parecidas en Barcelona. Superada esta etapa, algunos buscaron albergues como soluci\u00f3n provisional, o incluso tuvieron que dormir en la calle.<\/span><\/p>\n<p class=\"destacat-noticia\"><span style=\"color:#000000;\">Yassine:<\/span> <span style=\"color:#000000;\">\u00abEsto no es como el centro de menores. All\u00ed te tienes que quedar porque no hay alternativa, mientras que estamos aqu\u00ed porque hemos decidido salir adelante\u201d.<\/span><\/p>\n<p>\u00a0<\/p>\n<figure role=\"group\" class=\"align-center\">\n<img decoding=\"async\" alt=\"L'Arian i en Yassine durant la conversa.\" data-entity-type=\"file\" data-entity-uuid=\"bfc52c83-0cf2-414b-8a8e-d5fc8d03f3a1\" data-image-style=\"large\" height=\"270\" src=\"\/wp-content\/uploads\/inline-images\/Arian%20i%20Yassine.jpg\" typeof=\"foaf:Image\" width=\"480\" \/><figcaption>Arian y Yassine durante la conversaci\u00f3n.<\/figcaption><\/figure>\n<p>\u00a0<\/p>\n<p class=\"pregunta-entrevista\"><span style=\"color: rgb(0, 0, 0);\">Los papeles<\/span><\/p>\n<p><span style=\"color:#000000;\">En el momento en que Fadili ha mencionado que encontr\u00f3 trabajo tras un a\u00f1o en el STA, enseguida le ca\u00eddo encima la pregunta del mill\u00f3n: \u201c\u00bfYa ten\u00edas los papeles?\u201d, le ha pedido Yassine. S\u00ed, s\u00ed que los ten\u00eda. Pero, para muchos de estos j\u00f3venes, regularizar la situaci\u00f3n administrativa es un gran dolor de cabeza. No s\u00f3lo se trata de un proceso largo \u2014\u00ad\u00ad\u00ad\u00ady profundamente injusto\u2014, sino que a menudo depende de la discrecionalidad de quien resuelva la solicitud.<\/span><\/p>\n<p><span style=\"color:#000000;\">Yassine, por ejemplo, obtuvo un primer permiso de residencia temporal \u2014sin derecho a trabajar\u2014 cuando todav\u00eda estaba tutelado en un centro de menores. Al cumplir los 18 pudo renovarlo. Pero dos a\u00f1os despu\u00e9s, cuando solicit\u00f3 una nueva renovaci\u00f3n de acuerdo con los plazos establecidos, se le deneg\u00f3, con la justificaci\u00f3n de que no hab\u00eda acreditado contar con los medios econ\u00f3micos suficientes para subsistir.<\/span><\/p>\n<p><span style=\"color:#000000;\">La denegaci\u00f3n no se ajustaba a la realidad, porque en esos momentos Yassine ya participaba en el STA y el Casal dels Infants hab\u00eda acreditado que se hac\u00eda cargo de \u00e9l. Concretamente, los gastos que el STA cubre a cada joven superan el Indicador P\u00fablico de Renda de Efectos M\u00faltiples (IPREM), el nivel de ingresos que la ley establece como medios suficientes necesarios para subsistir para los j\u00f3venes extutelados. Con el apoyo del Servei Sociojur\u00eddic Comunitaria del Casal dels Infants, que asesora a personas en situaci\u00f3n de vulnerabilidad sobrer sus derechos y deberes en los \u00e1mbitos administrativo y legal, Yassine present\u00f3 un primer recurso en la Oficina de Extranjer\u00eda.<\/span><\/p>\n<p><span style=\"color:#000000;\">Antes de que se resolviera el este recurso, decidi\u00f3 contratar un seguro de salud privado, temiendo que el hecho de no contar con uno fuese el motivo de la denegaci\u00f3n. Desde 2012, Espa\u00f1a excluye a las personas sin permiso de residencia y trabajo del Sistema Nacional de Salud &#8211;una medida que ha provocado un aumento del 15% en la mortalidad de las personas en situaci\u00f3n administrativa irregular, seg\u00fan un <a href=\"https:\/\/elpais.com\/elpais\/2018\/04\/13\/migrados\/1523601349_887544.html\">estudio<\/a> del Instituto de Econom\u00eda de Barcelona y la Universitat Pompeu Fabra&#8211;. Ante solicitudes para renovar el permiso de residencia temporal sin permiso de trabajo hay oficinas de extranjer\u00eda que exigen contar con una cobertura m\u00e9dica equiparable a la p\u00fablica \u2014aunque en la pr\u00e1ctica un seguro privado nunca tiene las condiciones del sistema p\u00fablico\u2014.<\/span><\/p>\n<p class=\"destacat-noticia\"><span style=\"color:#000000;\">Desde 2012, hay oficinas de extranjer\u00eda que exigen contar con una seguro de salud privado para renovar el permiso de residencia temporal no lucrativa\u00a0<\/span><\/p>\n<p><span style=\"color:#000000;\">Finalmente, pese a haber contratado un seguro privado de saludo y pese a que en Catalunya la prestaci\u00f3n sanitaria universal\u00a0se blind\u00f3 por ley en 2017 &#8211;recientemente el Tribunal Constitucional suspendi\u00f3 temporalmente dicha ley, a la espera de una sentencia definitiva&#8211;, el recurso planteado por Yassine fue denegado. Esto implica que ahora mismo se encuentre sin permiso de residencia temporal y que tenga que recurrir la decisi\u00f3n de la Oficina de Extranjer\u00eda mediante un recurso contencioso-administrativo, un nuevo proceso que puede tardar un a\u00f1o en resolverse. La otra alternativa para conseguir la residencia temporal es que una empresa le haga una oferta de trabajo de una duraci\u00f3n m\u00ednima de un a\u00f1o y a jornada completa \u2014esta empresa, adem\u00e1s, debe cumplir una serie de requisitos adicionales\u2014.<\/span><\/p>\n<p>\u00a0<\/p>\n<p class=\"pregunta-entrevista\"><span style=\"color: rgb(0, 0, 0);\">La gesti\u00f3n emocional y la red de apoyo<\/span><\/p>\n<p><span style=\"color:#000000;\">Parte del proceso que los j\u00f3venes deben realizar con el acompa\u00f1amiento del equipo educativo del STA consiste precisamente en gestionar la carga emocionar de este tipo de obst\u00e1culos y experiencias vividas. \u201cLa soledad, la angustia por no poder cumplir con la expectativa de mandar dinero a la familia o la frustraci\u00f3n por no conseguir los papeles son algunos de los temas que abordamos\u201d, comenta Axel. <\/span><\/p>\n<p><span style=\"color:#000000;\">Tampoco es sencillo el hecho de ser joven, tener las inquietudes propias de un joven, querer actuar como un joven, pero tener que anteponer siempre la lucha para salir adelante. Por suerte siempre hay ratos para hablar de lo que a uno le apetece con los compa\u00f1eros. Ahora, por ejemplo, la conversaci\u00f3n ha girado hacia el departe, y parece que cada uno tiene clara su especialidad. A Arian y a Fadili les gusta el ejercicio de gimnasio, pero un prefiere el powerlifting y la calistenia y el otro el crossfit. Loukman sufre una lesi\u00f3n dorsal a ra\u00edz de un accidente, pero no le impide participar en triatlones y practicar ciclismo \u2013 incluso partici\u00f3 en la Titan Desert, una competici\u00f3n extremadamente exigente que tiene lugar en Marruecos&#8211;. Yassine dice que lo suyo es el boxeo, y Fadili aprovecha para bromear: \u201cMuy bien elegido, as\u00ed podr\u00e1s defender a tus compa\u00f1eros de piso\u201d.<\/span><\/p>\n<p>\u00a0<\/p>\n<figure role=\"group\" class=\"align-center\">\n<img decoding=\"async\" alt=\"En Mourad, l'Axel i l'Amine conversant\" data-entity-type=\"file\" data-entity-uuid=\"9cf1ec7b-fd66-4bb3-9c09-ee49aa28ebc1\" data-image-style=\"large\" height=\"270\" src=\"\/wp-content\/uploads\/inline-images\/Mourad%2C%20Axel%20i%20Amine.jpg\" typeof=\"foaf:Image\" width=\"480\" \/><figcaption>Mourad, Axel y Amine charlando.<\/figcaption><\/figure>\n<p>\u00a0<\/p>\n<p><span style=\"color:#000000;\">Otra figura importante dentro de la red de apoyo que estos j\u00f3venes construyen mientras participan en el STA es la de los referentes. Se trata de personas voluntarias que los acompa\u00f1an y les ofrecen un nuevo espacio de socializaci\u00f3n, con una relaci\u00f3n de t\u00fa a t\u00fa, de ciudadano a ciudadano. \u201cDe nuevo, el objetivo de este v\u00ednculo lo establecen entre cada chico o chica y su referente. Puede ser una relaci\u00f3n de apoyo en los estudios, para conocer mejor el entorno, para practicar el idioma, para hacer deporte\u2026\u201d, explica Axel.<\/span><\/p>\n<p class=\"destacat-noticia\"><span style=\"color:#000000;\">Axel:<font color=\"#000000\"> <\/font>\u201cLa soledad, la angustia por no poder cumplir con la expectativa de mandar dinero a la familia o la frustraci\u00f3n por no conseguir los papeles son algunos de los temas que abordamos\u201d<\/span><\/p>\n<p>\u00a0<\/p>\n<p class=\"pregunta-entrevista\"><span style=\"color: rgb(0, 0, 0);\">Futuro<\/span><\/p>\n<p><span style=\"color:#000000;\">\u201cEsto te servir\u00e1 much\u00edsimo\u201d, dice Fadili cuando Amine explica que est\u00e1 estudiando un curso de mec\u00e1nica y que el a\u00f1o que viene har\u00e1 un grado medio. La mec\u00e1nica tambi\u00e9n fue uno de los primeros campos que prob\u00f3 Yassine, que se ha acabado decantando por la hosteler\u00eda. Ahora est\u00e1 haciendo un curso de ayudante de camarero del Programa de Formaci\u00f3 i Inserci\u00f3 Social i Laboral del Casal dels Infants. Loukman tiene claro que va para infermero \u2013sin abandonar las triatlones&#8211;, pero antes est\u00e1 acabando el grado de ESO para adultos. Y mientras Morad est\u00e1 haciendo pr\u00e1cticas en una inmobiliaria, Arian espera que una vez acabe el grado superior en administraci\u00f3n y finanzas pueda encontrar un trabajo de contable y conseguir as\u00ed el permiso de residencia.<\/span><\/p>\n<p><span style=\"color:#000000;\">Se va haciendo tarde, y satisfecho de ver que los cinco est\u00e1n centrados en su futuro, Fadili les acaba de contar como consigui\u00f3 vivir independientemente. Con una premisa clara, para evitar caer en el enga\u00f1o del final feliz: no fue f\u00e1cil. El hecho es que con un compa\u00f1ero que entonces tambi\u00e9n participaba en el STA decidieron buscar un piso para compartir. Con el apoyo del Casal en los tr\u00e1mites, consiguieron acceder a una vivienda p\u00fablica que compartieron durante seis a\u00f1os. Fadili acab\u00f3 cas\u00e1ndose y consigui\u00f3 construir su familia. Decidieron que \u00e9l seguir\u00eda en el piso y su amigo se buscar\u00eda otro. Ahora Fadili vive con su mujer y sus dos hijos, y trabaja en un nuevo hotel como mozo de habitaciones.<\/span><\/p>\n<p><span style=\"color:#000000;\">Llega el momento de la despedida y de repetir a la inversa el ritual del inicio: Fadili se abriga, da la mano por \u00faltima vez a los cinco j\u00f3venes y sale por donde ha venido. Por dentro, sin embargo, sus recuerdos har\u00e1n el camino de vuelta a casa algo revueltos. \u201cHa sido como si hubiese revivido mi situaci\u00f3n des del principio\u201d, reconocer\u00e1 m\u00e1s tarde. Con el a\u00f1adido de que el contexto de Loukman, Mourad, Amine, Yassine y Arian le ha parecido m\u00e1s complicado que el suyo, por el hecho de que la mayor\u00eda no tienen el permiso de residencia. \u201cEsto es como empezar un escal\u00f3n todav\u00eda m\u00e1s abajo, cuesta el doble o el triple arrancar\u201d, dir\u00e1 impactado. \u201cPero cuentan con el apoyo del Casal, y tienen que aprovechar la oportunidad. En 10 a\u00f1os me gustar\u00eda que hubieran formado una familia, que tuvieran un trabajo digno y estable, y un piso. Que fueran ciudadanos de pleno derecho, no s\u00f3lo de palabra. Y la verdad es que somos muchos los que lo hemos conseguido\u201d.<\/span><\/p>\n","protected":false},"excerpt":{"rendered":"<div class=\"video-embed-field-responsive-video form-group\"><iframe loading=\"lazy\" width=\"854\" height=\"480\" frameborder=\"0\" allowfullscreen=\"allowfullscreen\" src=\"https:\/\/www.youtube.com\/embed\/_itGpj5Dhwg?autoplay=0&amp;start=0&amp;rel=0\"><\/iframe>\n<\/div>\n<p class=\"text-align-center\">\u00a0<\/p>\n<p class=\"text-align-center\">El Servei de Transici\u00f3 a l\u2019Autonomia (STA) del Casal dels Infants acompa\u00f1a j\u00f3venes sin vivienda estable que quieren adaptarse a su nueva realidad tras un proceso migratorio, tejer una red de apoyo y valerse por s\u00ed mismos econ\u00f3micamente. Lo sabe muy bien Fadili, que realiz\u00f3 con \u00e9xito el proceso. Hoy visita uno de los pisos del proyecto para conocer a cinco j\u00f3venes participantes. Hablar\u00e1n sobre el camino de cada uno para salir adelante. Un camino donde no faltan los obst\u00e1culos \u2013la carga emocional y la dificultad para conseguir los papeles&#8211;, ni los aliados \u2013el equipo educativo, personas voluntarias y empresas vinculadas al Casal dels Infants\u2014ni la esperanza de un futuro digno como ciudadanos de pleno de derecho.<\/p>\n<p class=\"text-align-center\">\u00a0<\/p>\n","protected":false},"author":1,"featured_media":0,"comment_status":"open","ping_status":"open","sticky":false,"template":"","format":"standard","meta":{"_acf_changed":false,"_et_pb_use_builder":"","_et_pb_old_content":"","_et_gb_content_width":"","inline_featured_image":false,"footnotes":""},"categories":[105],"tags":[78],"seus":[],"eixos":[102],"class_list":["post-4504","post","type-post","status-publish","format-standard","hentry","category-reportaje","tag-servei-de-transicio-a-lautonomia","eixos-jovenes"],"acf":[],"yoast_head":"<!-- This site is optimized with the Yoast SEO plugin v27.4 - https:\/\/yoast.com\/product\/yoast-seo-wordpress\/ -->\n<title>Caminando hacia la autonom\u00eda - Casal dels Infants<\/title>\n<meta name=\"robots\" content=\"index, follow, max-snippet:-1, max-image-preview:large, max-video-preview:-1\" \/>\n<link rel=\"canonical\" href=\"https:\/\/www.casaldelsinfants.org\/es\/actualidad\/caminando-hacia-la-autonomia\/\" \/>\n<meta property=\"og:locale\" content=\"es_ES\" \/>\n<meta property=\"og:type\" content=\"article\" \/>\n<meta property=\"og:title\" content=\"Caminando hacia la autonom\u00eda - Casal dels Infants\" \/>\n<meta property=\"og:description\" content=\"\u00a0 El Servei de Transici\u00f3 a l\u2019Autonomia (STA) del Casal dels Infants acompa\u00f1a j\u00f3venes sin vivienda estable que quieren adaptarse a su nueva realidad tras un proceso migratorio, tejer una red de apoyo y valerse por s\u00ed mismos econ\u00f3micamente. Lo sabe muy bien Fadili, que realiz\u00f3 con \u00e9xito el proceso. Hoy visita uno de los pisos del proyecto para conocer a cinco j\u00f3venes participantes. Hablar\u00e1n sobre el camino de cada uno para salir adelante. Un camino donde no faltan los obst\u00e1culos \u2013la carga emocional y la dificultad para conseguir los papeles--, ni los aliados \u2013el equipo educativo, personas voluntarias y empresas vinculadas al Casal dels Infants\u2014ni la esperanza de un futuro digno como ciudadanos de pleno de derecho. \u00a0\" \/>\n<meta property=\"og:url\" content=\"https:\/\/www.casaldelsinfants.org\/es\/actualidad\/caminando-hacia-la-autonomia\/\" \/>\n<meta property=\"og:site_name\" content=\"Casal dels Infants\" \/>\n<meta property=\"article:publisher\" content=\"https:\/\/www.facebook.com\/casalinfants\" \/>\n<meta property=\"article:published_time\" content=\"2018-05-04T07:20:10+00:00\" \/>\n<meta property=\"article:modified_time\" content=\"2022-08-17T09:22:05+00:00\" \/>\n<meta name=\"author\" content=\"cdiAdmin\" \/>\n<meta name=\"twitter:card\" content=\"summary_large_image\" \/>\n<meta name=\"twitter:creator\" content=\"@casalinfants\" \/>\n<meta name=\"twitter:site\" content=\"@casalinfants\" \/>\n<meta name=\"twitter:label1\" content=\"Escrito por\" \/>\n\t<meta name=\"twitter:data1\" content=\"cdiAdmin\" \/>\n\t<meta name=\"twitter:label2\" content=\"Tiempo de lectura\" \/>\n\t<meta name=\"twitter:data2\" content=\"12 minutos\" \/>\n<script type=\"application\/ld+json\" class=\"yoast-schema-graph\">{\"@context\":\"https:\\\/\\\/schema.org\",\"@graph\":[{\"@type\":\"Article\",\"@id\":\"https:\\\/\\\/www.casaldelsinfants.org\\\/es\\\/actualidad\\\/caminando-hacia-la-autonomia\\\/#article\",\"isPartOf\":{\"@id\":\"https:\\\/\\\/www.casaldelsinfants.org\\\/es\\\/actualidad\\\/caminando-hacia-la-autonomia\\\/\"},\"author\":{\"name\":\"cdiAdmin\",\"@id\":\"https:\\\/\\\/www.casaldelsinfants.org\\\/es\\\/#\\\/schema\\\/person\\\/97707fc8c64900cf36891127dbf9fba8\"},\"headline\":\"Caminando hacia la autonom\u00eda\",\"datePublished\":\"2018-05-04T07:20:10+00:00\",\"dateModified\":\"2022-08-17T09:22:05+00:00\",\"mainEntityOfPage\":{\"@id\":\"https:\\\/\\\/www.casaldelsinfants.org\\\/es\\\/actualidad\\\/caminando-hacia-la-autonomia\\\/\"},\"wordCount\":2499,\"commentCount\":0,\"publisher\":{\"@id\":\"https:\\\/\\\/www.casaldelsinfants.org\\\/es\\\/#organization\"},\"keywords\":[\"Servei de Transici\u00f3 a l&#039;Autonomia\"],\"articleSection\":[\"Reportaje\"],\"inLanguage\":\"es\",\"potentialAction\":[{\"@type\":\"CommentAction\",\"name\":\"Comment\",\"target\":[\"https:\\\/\\\/www.casaldelsinfants.org\\\/es\\\/actualidad\\\/caminando-hacia-la-autonomia\\\/#respond\"]}]},{\"@type\":\"WebPage\",\"@id\":\"https:\\\/\\\/www.casaldelsinfants.org\\\/es\\\/actualidad\\\/caminando-hacia-la-autonomia\\\/\",\"url\":\"https:\\\/\\\/www.casaldelsinfants.org\\\/es\\\/actualidad\\\/caminando-hacia-la-autonomia\\\/\",\"name\":\"Caminando hacia la autonom\u00eda - Casal dels Infants\",\"isPartOf\":{\"@id\":\"https:\\\/\\\/www.casaldelsinfants.org\\\/es\\\/#website\"},\"datePublished\":\"2018-05-04T07:20:10+00:00\",\"dateModified\":\"2022-08-17T09:22:05+00:00\",\"breadcrumb\":{\"@id\":\"https:\\\/\\\/www.casaldelsinfants.org\\\/es\\\/actualidad\\\/caminando-hacia-la-autonomia\\\/#breadcrumb\"},\"inLanguage\":\"es\",\"potentialAction\":[{\"@type\":\"ReadAction\",\"target\":[\"https:\\\/\\\/www.casaldelsinfants.org\\\/es\\\/actualidad\\\/caminando-hacia-la-autonomia\\\/\"]}]},{\"@type\":\"BreadcrumbList\",\"@id\":\"https:\\\/\\\/www.casaldelsinfants.org\\\/es\\\/actualidad\\\/caminando-hacia-la-autonomia\\\/#breadcrumb\",\"itemListElement\":[{\"@type\":\"ListItem\",\"position\":1,\"name\":\"Inici\",\"item\":\"https:\\\/\\\/www.casaldelsinfants.org\\\/es\\\/\"},{\"@type\":\"ListItem\",\"position\":2,\"name\":\"Caminando hacia la autonom\u00eda\"}]},{\"@type\":\"WebSite\",\"@id\":\"https:\\\/\\\/www.casaldelsinfants.org\\\/es\\\/#website\",\"url\":\"https:\\\/\\\/www.casaldelsinfants.org\\\/es\\\/\",\"name\":\"Casal dels Infants\",\"description\":\"\",\"publisher\":{\"@id\":\"https:\\\/\\\/www.casaldelsinfants.org\\\/es\\\/#organization\"},\"potentialAction\":[{\"@type\":\"SearchAction\",\"target\":{\"@type\":\"EntryPoint\",\"urlTemplate\":\"https:\\\/\\\/www.casaldelsinfants.org\\\/es\\\/?s={search_term_string}\"},\"query-input\":{\"@type\":\"PropertyValueSpecification\",\"valueRequired\":true,\"valueName\":\"search_term_string\"}}],\"inLanguage\":\"es\"},{\"@type\":\"Organization\",\"@id\":\"https:\\\/\\\/www.casaldelsinfants.org\\\/es\\\/#organization\",\"name\":\"Casal dels Infants\",\"url\":\"https:\\\/\\\/www.casaldelsinfants.org\\\/es\\\/\",\"logo\":{\"@type\":\"ImageObject\",\"inLanguage\":\"es\",\"@id\":\"https:\\\/\\\/www.casaldelsinfants.org\\\/es\\\/#\\\/schema\\\/logo\\\/image\\\/\",\"url\":\"https:\\\/\\\/www.casaldelsinfants.org\\\/wp-content\\\/uploads\\\/logo-mail.png\",\"contentUrl\":\"https:\\\/\\\/www.casaldelsinfants.org\\\/wp-content\\\/uploads\\\/logo-mail.png\",\"width\":380,\"height\":158,\"caption\":\"Casal dels Infants\"},\"image\":{\"@id\":\"https:\\\/\\\/www.casaldelsinfants.org\\\/es\\\/#\\\/schema\\\/logo\\\/image\\\/\"},\"sameAs\":[\"https:\\\/\\\/www.facebook.com\\\/casalinfants\",\"https:\\\/\\\/x.com\\\/casalinfants\",\"https:\\\/\\\/www.youtube.com\\\/user\\\/CasaldelsInfants1\",\"https:\\\/\\\/www.instagram.com\\\/casalinfants\\\/\",\"https:\\\/\\\/www.linkedin.com\\\/company\\\/casaldelsinfants?trk=organization-update_share-update_actor-text\"]},{\"@type\":\"Person\",\"@id\":\"https:\\\/\\\/www.casaldelsinfants.org\\\/es\\\/#\\\/schema\\\/person\\\/97707fc8c64900cf36891127dbf9fba8\",\"name\":\"cdiAdmin\",\"sameAs\":[\"https:\\\/\\\/casaldelsinfants.org\"]}]}<\/script>\n<!-- \/ Yoast SEO plugin. -->","yoast_head_json":{"title":"Caminando hacia la autonom\u00eda - Casal dels Infants","robots":{"index":"index","follow":"follow","max-snippet":"max-snippet:-1","max-image-preview":"max-image-preview:large","max-video-preview":"max-video-preview:-1"},"canonical":"https:\/\/www.casaldelsinfants.org\/es\/actualidad\/caminando-hacia-la-autonomia\/","og_locale":"es_ES","og_type":"article","og_title":"Caminando hacia la autonom\u00eda - Casal dels Infants","og_description":"\u00a0 El Servei de Transici\u00f3 a l\u2019Autonomia (STA) del Casal dels Infants acompa\u00f1a j\u00f3venes sin vivienda estable que quieren adaptarse a su nueva realidad tras un proceso migratorio, tejer una red de apoyo y valerse por s\u00ed mismos econ\u00f3micamente. Lo sabe muy bien Fadili, que realiz\u00f3 con \u00e9xito el proceso. Hoy visita uno de los pisos del proyecto para conocer a cinco j\u00f3venes participantes. Hablar\u00e1n sobre el camino de cada uno para salir adelante. Un camino donde no faltan los obst\u00e1culos \u2013la carga emocional y la dificultad para conseguir los papeles--, ni los aliados \u2013el equipo educativo, personas voluntarias y empresas vinculadas al Casal dels Infants\u2014ni la esperanza de un futuro digno como ciudadanos de pleno de derecho. \u00a0","og_url":"https:\/\/www.casaldelsinfants.org\/es\/actualidad\/caminando-hacia-la-autonomia\/","og_site_name":"Casal dels Infants","article_publisher":"https:\/\/www.facebook.com\/casalinfants","article_published_time":"2018-05-04T07:20:10+00:00","article_modified_time":"2022-08-17T09:22:05+00:00","author":"cdiAdmin","twitter_card":"summary_large_image","twitter_creator":"@casalinfants","twitter_site":"@casalinfants","twitter_misc":{"Escrito por":"cdiAdmin","Tiempo de lectura":"12 minutos"},"schema":{"@context":"https:\/\/schema.org","@graph":[{"@type":"Article","@id":"https:\/\/www.casaldelsinfants.org\/es\/actualidad\/caminando-hacia-la-autonomia\/#article","isPartOf":{"@id":"https:\/\/www.casaldelsinfants.org\/es\/actualidad\/caminando-hacia-la-autonomia\/"},"author":{"name":"cdiAdmin","@id":"https:\/\/www.casaldelsinfants.org\/es\/#\/schema\/person\/97707fc8c64900cf36891127dbf9fba8"},"headline":"Caminando hacia la autonom\u00eda","datePublished":"2018-05-04T07:20:10+00:00","dateModified":"2022-08-17T09:22:05+00:00","mainEntityOfPage":{"@id":"https:\/\/www.casaldelsinfants.org\/es\/actualidad\/caminando-hacia-la-autonomia\/"},"wordCount":2499,"commentCount":0,"publisher":{"@id":"https:\/\/www.casaldelsinfants.org\/es\/#organization"},"keywords":["Servei de Transici\u00f3 a l&#039;Autonomia"],"articleSection":["Reportaje"],"inLanguage":"es","potentialAction":[{"@type":"CommentAction","name":"Comment","target":["https:\/\/www.casaldelsinfants.org\/es\/actualidad\/caminando-hacia-la-autonomia\/#respond"]}]},{"@type":"WebPage","@id":"https:\/\/www.casaldelsinfants.org\/es\/actualidad\/caminando-hacia-la-autonomia\/","url":"https:\/\/www.casaldelsinfants.org\/es\/actualidad\/caminando-hacia-la-autonomia\/","name":"Caminando hacia la autonom\u00eda - Casal dels Infants","isPartOf":{"@id":"https:\/\/www.casaldelsinfants.org\/es\/#website"},"datePublished":"2018-05-04T07:20:10+00:00","dateModified":"2022-08-17T09:22:05+00:00","breadcrumb":{"@id":"https:\/\/www.casaldelsinfants.org\/es\/actualidad\/caminando-hacia-la-autonomia\/#breadcrumb"},"inLanguage":"es","potentialAction":[{"@type":"ReadAction","target":["https:\/\/www.casaldelsinfants.org\/es\/actualidad\/caminando-hacia-la-autonomia\/"]}]},{"@type":"BreadcrumbList","@id":"https:\/\/www.casaldelsinfants.org\/es\/actualidad\/caminando-hacia-la-autonomia\/#breadcrumb","itemListElement":[{"@type":"ListItem","position":1,"name":"Inici","item":"https:\/\/www.casaldelsinfants.org\/es\/"},{"@type":"ListItem","position":2,"name":"Caminando hacia la autonom\u00eda"}]},{"@type":"WebSite","@id":"https:\/\/www.casaldelsinfants.org\/es\/#website","url":"https:\/\/www.casaldelsinfants.org\/es\/","name":"Casal dels Infants","description":"","publisher":{"@id":"https:\/\/www.casaldelsinfants.org\/es\/#organization"},"potentialAction":[{"@type":"SearchAction","target":{"@type":"EntryPoint","urlTemplate":"https:\/\/www.casaldelsinfants.org\/es\/?s={search_term_string}"},"query-input":{"@type":"PropertyValueSpecification","valueRequired":true,"valueName":"search_term_string"}}],"inLanguage":"es"},{"@type":"Organization","@id":"https:\/\/www.casaldelsinfants.org\/es\/#organization","name":"Casal dels Infants","url":"https:\/\/www.casaldelsinfants.org\/es\/","logo":{"@type":"ImageObject","inLanguage":"es","@id":"https:\/\/www.casaldelsinfants.org\/es\/#\/schema\/logo\/image\/","url":"https:\/\/www.casaldelsinfants.org\/wp-content\/uploads\/logo-mail.png","contentUrl":"https:\/\/www.casaldelsinfants.org\/wp-content\/uploads\/logo-mail.png","width":380,"height":158,"caption":"Casal dels Infants"},"image":{"@id":"https:\/\/www.casaldelsinfants.org\/es\/#\/schema\/logo\/image\/"},"sameAs":["https:\/\/www.facebook.com\/casalinfants","https:\/\/x.com\/casalinfants","https:\/\/www.youtube.com\/user\/CasaldelsInfants1","https:\/\/www.instagram.com\/casalinfants\/","https:\/\/www.linkedin.com\/company\/casaldelsinfants?trk=organization-update_share-update_actor-text"]},{"@type":"Person","@id":"https:\/\/www.casaldelsinfants.org\/es\/#\/schema\/person\/97707fc8c64900cf36891127dbf9fba8","name":"cdiAdmin","sameAs":["https:\/\/casaldelsinfants.org"]}]}},"publishpress_future_action":{"enabled":false,"date":"2026-05-06 16:27:35","action":"change-status","newStatus":"draft","terms":[],"taxonomy":"category","extraData":[]},"publishpress_future_workflow_manual_trigger":{"enabledWorkflows":[]},"_links":{"self":[{"href":"https:\/\/www.casaldelsinfants.org\/es\/wp-json\/wp\/v2\/posts\/4504","targetHints":{"allow":["GET"]}}],"collection":[{"href":"https:\/\/www.casaldelsinfants.org\/es\/wp-json\/wp\/v2\/posts"}],"about":[{"href":"https:\/\/www.casaldelsinfants.org\/es\/wp-json\/wp\/v2\/types\/post"}],"author":[{"embeddable":true,"href":"https:\/\/www.casaldelsinfants.org\/es\/wp-json\/wp\/v2\/users\/1"}],"replies":[{"embeddable":true,"href":"https:\/\/www.casaldelsinfants.org\/es\/wp-json\/wp\/v2\/comments?post=4504"}],"version-history":[{"count":1,"href":"https:\/\/www.casaldelsinfants.org\/es\/wp-json\/wp\/v2\/posts\/4504\/revisions"}],"predecessor-version":[{"id":6424,"href":"https:\/\/www.casaldelsinfants.org\/es\/wp-json\/wp\/v2\/posts\/4504\/revisions\/6424"}],"wp:attachment":[{"href":"https:\/\/www.casaldelsinfants.org\/es\/wp-json\/wp\/v2\/media?parent=4504"}],"wp:term":[{"taxonomy":"category","embeddable":true,"href":"https:\/\/www.casaldelsinfants.org\/es\/wp-json\/wp\/v2\/categories?post=4504"},{"taxonomy":"post_tag","embeddable":true,"href":"https:\/\/www.casaldelsinfants.org\/es\/wp-json\/wp\/v2\/tags?post=4504"},{"taxonomy":"seus","embeddable":true,"href":"https:\/\/www.casaldelsinfants.org\/es\/wp-json\/wp\/v2\/seus?post=4504"},{"taxonomy":"eixos","embeddable":true,"href":"https:\/\/www.casaldelsinfants.org\/es\/wp-json\/wp\/v2\/eixos?post=4504"}],"curies":[{"name":"wp","href":"https:\/\/api.w.org\/{rel}","templated":true}]}}