{"id":45054,"date":"2025-11-28T11:33:32","date_gmt":"2025-11-28T09:33:32","guid":{"rendered":"https:\/\/www.casaldelsinfants.org\/?p=45054"},"modified":"2025-11-28T11:33:32","modified_gmt":"2025-11-28T09:33:32","slug":"pfi-limpieza-2025","status":"publish","type":"post","link":"https:\/\/www.casaldelsinfants.org\/es\/actualidad\/pfi-limpieza-2025\/","title":{"rendered":"Aprendemos sobre limpieza profesional con Mullor y Royal Hotels"},"content":{"rendered":"<p><iframe loading=\"lazy\" title=\"Formaci\u00f3n de limpieza profesional con Mullor y Royal Hotels\" width=\"1080\" height=\"608\" src=\"https:\/\/www.youtube.com\/embed\/zYcV-CFYl9Y?feature=oembed&#038;enablejsapi=1&#038;origin=https:\/\/www.casaldelsinfants.org\"  allow=\"accelerometer; autoplay; clipboard-write; encrypted-media; gyroscope; picture-in-picture; web-share\" referrerpolicy=\"strict-origin-when-cross-origin\" allowfullscreen><\/iframe><\/p>\n<p>&nbsp;<\/p>\n<p><span style=\"font-weight: 400;\">En una nueva edici\u00f3n del <strong>curso de limpieza profesional<\/strong> del Punto Formativo Incorpora (PFI), los y las participantes del programa de Formaci\u00f3n e Inserci\u00f3n Laboral del Casal dels Infants se han formado al lado de los y las profesionales de Mullor, gracias a la colaboraci\u00f3n con su <a href=\"https:\/\/fundaciomullor.org\/\" target=\"_blank\" rel=\"noopener\">Fundaci\u00f3n<\/a>, con qui\u00e9n trabajamos desde hace trece a\u00f1os. Este a\u00f1o, y por primera vez, parte de los participantes han podido poner en pr\u00e1ctica los conocimientos en el <strong>Royal Ramblas Hotel<\/strong>.<\/span><\/p>\n<p>El curso, que forma parte del<span style=\"font-weight: 400;\">\u00a0<\/span><a href=\"https:\/\/fundacionlacaixa.org\/ca\/programa-incorpora\" target=\"_blank\" rel=\"noopener\"><span style=\"font-weight: 400;\">programa Incopora<\/span><\/a><span style=\"font-weight: 400;\"> de la Fundaci\u00f3 \u201cla Caixa\u201d, es una <strong>oportunidad para que los y las j\u00f3venes se formen y aprendan el oficio en un entorno laboral real<\/strong>. Lo hacen con el acompa\u00f1amiento del equipo educativo del Casal y el traspaso de conocimientos t\u00e9cnicos y experiencia de los profesionales de la empresa y del hotel para, as\u00ed, mejorar sus perspectivas de inserci\u00f3n laboral.\u00a0<\/span><\/p>\n<p>En total, el curso tuvo una durada de tres meses, con <strong>45 horas de formaci\u00f3n y 80 de pr\u00e1cticas<\/strong>. Empezaron con 10 sesiones te\u00f3ricas, donde Mullor les present\u00f3 el sector y los y las participantes aprendieron los conocimientos t\u00e9cnicos correspondientes. Tambi\u00e9n en estas sesiones, y con el educador referente del Casal, trabajaron competencias transversales, el curr\u00edculum y simulaciones de entrevistas de trabajo.<\/p>\n<p>\u00ab<strong>Las competencias t\u00e9cnicas y transversales van juntas<\/strong>\u00ab, explica Pilar Guiral, responsable de Formaci\u00f3n, Desarrollo y proyectos RSC de la Fundaci\u00f3n Mullor, \u00abpara que vean que esto que trabajan aqu\u00ed en el Casal tambi\u00e9n es importante en el mundo laboral\u00bb.<\/p>\n<p>La novedad de la colaboraci\u00f3n con el Royal Ramblas Hotel se desarroll\u00f3 durante <strong>tres sesiones teoricopr\u00e1cticas<\/strong> donde el grupo de alumnos se dividi\u00f3 en dos: un grupo para aprender sobre la limpieza de habitaciones de hotel y otro para aprender limpieza industrial en las instalaciones de Mullor. \u00abCon estas sesiones, tienen el <strong>contexto y el conocimiento sobre qu\u00e9 se hace en estos puestos de trabajo<\/strong>, y pueden comprobar si se ven trabajando en este sector y si les gusta\u00bb, afirma Pilar.<\/p>\n<p>&nbsp;<\/p>\n<h2><b>Tres d\u00edas aprendiendo de las trabajadoras del Royal Ramblas Hotel<\/b><\/h2>\n<p><span style=\"font-weight: 400;\">Durante la semana de sesiones teoricopr\u00e1cticas, parte de los y las <strong>participantes del Casal formaron binomios con las camareras de piso del Royal Ramblas Hotel<\/strong>. Al principio, las observaban c\u00f3mo trabajaban, siguieron haciendo camas y limpiando ba\u00f1os con las explicaciones y la supervisi\u00f3n de las nuevas compa\u00f1eras, hasta llegar a <strong>aprender todo el protocolo y circuito de limpieza de la habitaci\u00f3n<\/strong>, y hacerlo de manera aut\u00f3noma el \u00faltimo d\u00eda.<\/span><\/p>\n<p>\u00abNo es una tarea f\u00e1cil. <strong>El equipo de limpieza es casi la parte mas importante del hotel, y a menudo la menos vista y valorada<\/strong>. El que mira primero un cliente es la limpieza y la cura de las habitaciones, y de eso se encarga en gran parte el equipo de limpieza\u00bb, destaca Xavier Tor, <span style=\"font-weight: 400;\">director de Royal Ramblas Hotel.\u00a0<\/span><\/p>\n<p><span style=\"font-weight: 400;\">Las sesiones pr\u00e1cticas en el puesto de trabajo no solo les ofrecen un aprendizaje de las competencias t\u00e9cnicas en primera persona, sino que tambi\u00e9n les aporta <strong>conocer el d\u00eda a d\u00eda del trabajo y las relaciones con el entorno de trabajo<\/strong>, tanto con el trabajo en equipo como el trato con los clientes.\u00a0<\/span><\/p>\n<p>&nbsp;<\/p>\n<h2><b>Acabar el curso con un contrato de trabajo<\/b><\/h2>\n<p><span style=\"font-weight: 400;\">La otra parte del grupo hizo estas tres sesiones del <strong>almac\u00e9n de Mullor<\/strong>, centradas en limpieza industrial y profesional, entre los cuales se encuentra <strong>Iker<\/strong>, de 19 a\u00f1os, y participante en el Casal dels Infants.<\/span><\/p>\n<p>&nbsp;<\/p>\n<p><iframe loading=\"lazy\" title=\"&quot;Esta formaci\u00f3n me ha ayudado a tener mejores oportunidades&quot;\" width=\"1080\" height=\"608\" src=\"https:\/\/www.youtube.com\/embed\/XCO9JbXKTwo?feature=oembed&#038;enablejsapi=1&#038;origin=https:\/\/www.casaldelsinfants.org\"  allow=\"accelerometer; autoplay; clipboard-write; encrypted-media; gyroscope; picture-in-picture; web-share\" referrerpolicy=\"strict-origin-when-cross-origin\" allowfullscreen><\/iframe><\/p>\n<p>&nbsp;<\/p>\n<p><span style=\"font-weight: 400;\">\u201cHe aprendido que la limpieza no es tan sencilla o superficial como pasar una agua o un trapo, sino que se tienen que tener diversas cosas en cuenta, como <strong>los productos qu\u00edmicos, sus usos y sus precauciones, las superficies a limpiar, los instrumentos y la importancia de desinfectar<\/strong>\u00ab, recuerda Iker.<\/span><\/p>\n<p>Los y las j\u00f3venes pudieron poner en pr\u00e1ctica todo lo que hab\u00edan aprendido en las clases te\u00f3ricas, y adem\u00e1s aprendieron de la mano de trabajadores de la empresa sobre limpieza de cristales y limpieza y desinfecciones de salas blancas y de industria alimentaria y <strong>probar maquinaria profesional de limpieza<\/strong>, como fregadoras de persona sentada, m\u00e1quina de inyecci\u00f3n y champuneadora.<\/p>\n<p>Despu\u00e9s de la formaci\u00f3n t\u00e9cnica, Iker y los dem\u00e1s compa\u00f1eros y compa\u00f1eras empezaron las <strong>80 horas de pr\u00e1cticas<\/strong>. \u00c9l las hizo en el <strong>Aqu\u00e0rium de Barcelona, donde hoy en d\u00eda sigue trabajando con un contrato de trabajo<\/strong>. Entre las pr\u00e1cticas y el nuevo contrato, pero, Iker tuvo la oportunidad de sumar una experiencia m\u00e1s: trabajar en el equipo de limpieza del <strong>Trofeo Comte de God\u00f3 2025<\/strong>, en el Real Club de Tennis Barcelona.<\/p>\n<p>\u00abCuando acabo el torneo, me llamaron inmediatamente del Aqu\u00e0rium para volver a trabajar all\u00ed. Est\u00e1 yendo muy bien, porque cada d\u00eda puedo aprender una cosa nueva. <strong>Estoy muy contento, y si me puedo seguir formando, mejor<\/strong>\u00ab, dice Iker.<\/p>\n<p>&nbsp;<\/p>\n<h2><b>Colaboraciones que suman<\/b><\/h2>\n<p><span style=\"font-weight: 400;\">\u00c9xitos como los de Iker son el resultado, primero, de su esfuerzo y dedicaci\u00f3n, y de la suma de esfuerzos entre entidades, empresas y profesionales. Con esta suma de esfuerzos podemos desarrollar la acci\u00f3n social del Casal dels Infants, y<strong> reforzar los v\u00ednculos entre el mundo laboral y empresarial y las personas<\/strong>, y complementarlas para satisfacer las necesidades de ambas.\u00a0<\/span><\/p>\n<p>\u00abEstamos muy contentos de poder ir de la mano haciendo una tarea social que es un <em>win win<\/em>\u00ab, explica Pilar. \u00ab<strong>Nos complementamos<\/strong>, a las empresas cada vez les cuesta m\u00e1s encontrar personal, con compromiso y que tengan apoyo en el aspecto m\u00e1s personal y de un proyecto formativo. Y m\u00e1s cuando trabajas con personas de tu territorio y tu ciudad\u00bb, explica, celebrando los trece a\u00f1os de colaboraci\u00f3n entre Mullor y el Casal.<\/p>\n<p>La suma de esfuerzos, afortunadamente, tambi\u00e9n se puede contagiar. A ra\u00edz de la colaboraci\u00f3n del Casal con el<span style=\"font-weight: 400;\">\u00a0<\/span><a href=\"https:\/\/www.casaldelsinfants.org\/actualitat\/curscambrerlapoma\/\" target=\"_blank\" rel=\"noopener\"><span style=\"font-weight: 400;\">restaurante La Poma<\/span><\/a><span style=\"font-weight: 400;\">, el hotel nos abri\u00f3 las puertas para la nueva edici\u00f3n de este curso. \u00abBuscamos dar vida al barrio y dar oportunidades a la gente que lo necesita. Siempre buscamos trabajar con entidades del Raval, que nos aportan poder colaborar, nos dan ideas y otros puntos de vista sobre c\u00f3mo mejorar el servicio y la calidad. Tambi\u00e9n es <strong>una alegr\u00eda formar parte de las mejoras del barrio del d\u00eda a d\u00eda<\/strong>\u00ab, dice Xavier.\u00a0<\/span><\/p>\n","protected":false},"excerpt":{"rendered":"<p>&nbsp; En una nueva edici\u00f3n del curso de limpieza profesional del Punto Formativo Incorpora (PFI), los y las participantes del programa de Formaci\u00f3n e Inserci\u00f3n Laboral del Casal dels Infants se han formado al lado de los y las profesionales de Mullor, gracias a la colaboraci\u00f3n con su Fundaci\u00f3n, con qui\u00e9n trabajamos desde hace trece [&hellip;]<\/p>\n","protected":false},"author":9,"featured_media":0,"comment_status":"open","ping_status":"open","sticky":false,"template":"","format":"standard","meta":{"_acf_changed":false,"_et_pb_use_builder":"","_et_pb_old_content":"","_et_gb_content_width":"","inline_featured_image":false,"footnotes":""},"categories":[125],"tags":[],"seus":[157],"eixos":[223],"class_list":["post-45054","post","type-post","status-publish","format-standard","hentry","category-noticias","seus-el-raval","eixos-joves-es"],"acf":[],"yoast_head":"<!-- This site is optimized with the Yoast SEO plugin v27.4 - https:\/\/yoast.com\/product\/yoast-seo-wordpress\/ -->\n<title>Aprendemos sobre limpieza profesional con Mullor y Royal Hotels - Casal dels Infants<\/title>\n<meta name=\"description\" content=\"Los y las participantes se han formado en el curso de limpieza profesional al lado de los y las profesionales de Mullor y Royal Hotels.\" \/>\n<meta name=\"robots\" content=\"index, follow, max-snippet:-1, max-image-preview:large, max-video-preview:-1\" \/>\n<link rel=\"canonical\" href=\"https:\/\/www.casaldelsinfants.org\/es\/actualidad\/pfi-limpieza-2025\/\" \/>\n<meta property=\"og:locale\" content=\"es_ES\" \/>\n<meta property=\"og:type\" content=\"article\" \/>\n<meta property=\"og:title\" content=\"Aprendemos sobre limpieza profesional con Mullor y Royal Hotels - Casal dels Infants\" \/>\n<meta property=\"og:description\" content=\"Los y las participantes se han formado en el curso de limpieza profesional al lado de los y las profesionales de Mullor y Royal Hotels.\" \/>\n<meta property=\"og:url\" content=\"https:\/\/www.casaldelsinfants.org\/es\/actualidad\/pfi-limpieza-2025\/\" \/>\n<meta property=\"og:site_name\" content=\"Casal dels Infants\" \/>\n<meta property=\"article:publisher\" content=\"https:\/\/www.facebook.com\/casalinfants\" \/>\n<meta property=\"article:published_time\" content=\"2025-11-28T09:33:32+00:00\" \/>\n<meta name=\"author\" content=\"julia\" \/>\n<meta name=\"twitter:card\" content=\"summary_large_image\" \/>\n<meta name=\"twitter:creator\" content=\"@casalinfants\" \/>\n<meta name=\"twitter:site\" content=\"@casalinfants\" \/>\n<meta name=\"twitter:label1\" content=\"Escrito por\" \/>\n\t<meta name=\"twitter:data1\" content=\"julia\" \/>\n\t<meta name=\"twitter:label2\" content=\"Tiempo de lectura\" \/>\n\t<meta name=\"twitter:data2\" content=\"6 minutos\" \/>\n<script type=\"application\/ld+json\" class=\"yoast-schema-graph\">{\"@context\":\"https:\\\/\\\/schema.org\",\"@graph\":[{\"@type\":\"Article\",\"@id\":\"https:\\\/\\\/www.casaldelsinfants.org\\\/es\\\/actualidad\\\/pfi-limpieza-2025\\\/#article\",\"isPartOf\":{\"@id\":\"https:\\\/\\\/www.casaldelsinfants.org\\\/es\\\/actualidad\\\/pfi-limpieza-2025\\\/\"},\"author\":{\"name\":\"julia\",\"@id\":\"https:\\\/\\\/www.casaldelsinfants.org\\\/es\\\/#\\\/schema\\\/person\\\/e870791b50f03fd60f872e1cd83910fc\"},\"headline\":\"Aprendemos sobre limpieza profesional con Mullor y Royal Hotels\",\"datePublished\":\"2025-11-28T09:33:32+00:00\",\"mainEntityOfPage\":{\"@id\":\"https:\\\/\\\/www.casaldelsinfants.org\\\/es\\\/actualidad\\\/pfi-limpieza-2025\\\/\"},\"wordCount\":1113,\"commentCount\":0,\"publisher\":{\"@id\":\"https:\\\/\\\/www.casaldelsinfants.org\\\/es\\\/#organization\"},\"articleSection\":[\"Noticia\"],\"inLanguage\":\"es\",\"potentialAction\":[{\"@type\":\"CommentAction\",\"name\":\"Comment\",\"target\":[\"https:\\\/\\\/www.casaldelsinfants.org\\\/es\\\/actualidad\\\/pfi-limpieza-2025\\\/#respond\"]}]},{\"@type\":\"WebPage\",\"@id\":\"https:\\\/\\\/www.casaldelsinfants.org\\\/es\\\/actualidad\\\/pfi-limpieza-2025\\\/\",\"url\":\"https:\\\/\\\/www.casaldelsinfants.org\\\/es\\\/actualidad\\\/pfi-limpieza-2025\\\/\",\"name\":\"Aprendemos sobre limpieza profesional con Mullor y Royal Hotels - Casal dels Infants\",\"isPartOf\":{\"@id\":\"https:\\\/\\\/www.casaldelsinfants.org\\\/es\\\/#website\"},\"datePublished\":\"2025-11-28T09:33:32+00:00\",\"description\":\"Los y las participantes se han formado en el curso de limpieza profesional al lado de los y las profesionales de Mullor y Royal Hotels.\",\"breadcrumb\":{\"@id\":\"https:\\\/\\\/www.casaldelsinfants.org\\\/es\\\/actualidad\\\/pfi-limpieza-2025\\\/#breadcrumb\"},\"inLanguage\":\"es\",\"potentialAction\":[{\"@type\":\"ReadAction\",\"target\":[\"https:\\\/\\\/www.casaldelsinfants.org\\\/es\\\/actualidad\\\/pfi-limpieza-2025\\\/\"]}]},{\"@type\":\"BreadcrumbList\",\"@id\":\"https:\\\/\\\/www.casaldelsinfants.org\\\/es\\\/actualidad\\\/pfi-limpieza-2025\\\/#breadcrumb\",\"itemListElement\":[{\"@type\":\"ListItem\",\"position\":1,\"name\":\"Inici\",\"item\":\"https:\\\/\\\/www.casaldelsinfants.org\\\/es\\\/\"},{\"@type\":\"ListItem\",\"position\":2,\"name\":\"Aprendemos sobre limpieza profesional con Mullor y Royal Hotels\"}]},{\"@type\":\"WebSite\",\"@id\":\"https:\\\/\\\/www.casaldelsinfants.org\\\/es\\\/#website\",\"url\":\"https:\\\/\\\/www.casaldelsinfants.org\\\/es\\\/\",\"name\":\"Casal dels Infants\",\"description\":\"\",\"publisher\":{\"@id\":\"https:\\\/\\\/www.casaldelsinfants.org\\\/es\\\/#organization\"},\"potentialAction\":[{\"@type\":\"SearchAction\",\"target\":{\"@type\":\"EntryPoint\",\"urlTemplate\":\"https:\\\/\\\/www.casaldelsinfants.org\\\/es\\\/?s={search_term_string}\"},\"query-input\":{\"@type\":\"PropertyValueSpecification\",\"valueRequired\":true,\"valueName\":\"search_term_string\"}}],\"inLanguage\":\"es\"},{\"@type\":\"Organization\",\"@id\":\"https:\\\/\\\/www.casaldelsinfants.org\\\/es\\\/#organization\",\"name\":\"Casal dels Infants\",\"url\":\"https:\\\/\\\/www.casaldelsinfants.org\\\/es\\\/\",\"logo\":{\"@type\":\"ImageObject\",\"inLanguage\":\"es\",\"@id\":\"https:\\\/\\\/www.casaldelsinfants.org\\\/es\\\/#\\\/schema\\\/logo\\\/image\\\/\",\"url\":\"https:\\\/\\\/www.casaldelsinfants.org\\\/wp-content\\\/uploads\\\/logo-mail.png\",\"contentUrl\":\"https:\\\/\\\/www.casaldelsinfants.org\\\/wp-content\\\/uploads\\\/logo-mail.png\",\"width\":380,\"height\":158,\"caption\":\"Casal dels Infants\"},\"image\":{\"@id\":\"https:\\\/\\\/www.casaldelsinfants.org\\\/es\\\/#\\\/schema\\\/logo\\\/image\\\/\"},\"sameAs\":[\"https:\\\/\\\/www.facebook.com\\\/casalinfants\",\"https:\\\/\\\/x.com\\\/casalinfants\",\"https:\\\/\\\/www.youtube.com\\\/user\\\/CasaldelsInfants1\",\"https:\\\/\\\/www.instagram.com\\\/casalinfants\\\/\",\"https:\\\/\\\/www.linkedin.com\\\/company\\\/casaldelsinfants?trk=organization-update_share-update_actor-text\"]},{\"@type\":\"Person\",\"@id\":\"https:\\\/\\\/www.casaldelsinfants.org\\\/es\\\/#\\\/schema\\\/person\\\/e870791b50f03fd60f872e1cd83910fc\",\"name\":\"julia\"}]}<\/script>\n<!-- \/ Yoast SEO plugin. -->","yoast_head_json":{"title":"Aprendemos sobre limpieza profesional con Mullor y Royal Hotels - Casal dels Infants","description":"Los y las participantes se han formado en el curso de limpieza profesional al lado de los y las profesionales de Mullor y Royal Hotels.","robots":{"index":"index","follow":"follow","max-snippet":"max-snippet:-1","max-image-preview":"max-image-preview:large","max-video-preview":"max-video-preview:-1"},"canonical":"https:\/\/www.casaldelsinfants.org\/es\/actualidad\/pfi-limpieza-2025\/","og_locale":"es_ES","og_type":"article","og_title":"Aprendemos sobre limpieza profesional con Mullor y Royal Hotels - Casal dels Infants","og_description":"Los y las participantes se han formado en el curso de limpieza profesional al lado de los y las profesionales de Mullor y Royal Hotels.","og_url":"https:\/\/www.casaldelsinfants.org\/es\/actualidad\/pfi-limpieza-2025\/","og_site_name":"Casal dels Infants","article_publisher":"https:\/\/www.facebook.com\/casalinfants","article_published_time":"2025-11-28T09:33:32+00:00","author":"julia","twitter_card":"summary_large_image","twitter_creator":"@casalinfants","twitter_site":"@casalinfants","twitter_misc":{"Escrito por":"julia","Tiempo de lectura":"6 minutos"},"schema":{"@context":"https:\/\/schema.org","@graph":[{"@type":"Article","@id":"https:\/\/www.casaldelsinfants.org\/es\/actualidad\/pfi-limpieza-2025\/#article","isPartOf":{"@id":"https:\/\/www.casaldelsinfants.org\/es\/actualidad\/pfi-limpieza-2025\/"},"author":{"name":"julia","@id":"https:\/\/www.casaldelsinfants.org\/es\/#\/schema\/person\/e870791b50f03fd60f872e1cd83910fc"},"headline":"Aprendemos sobre limpieza profesional con Mullor y Royal Hotels","datePublished":"2025-11-28T09:33:32+00:00","mainEntityOfPage":{"@id":"https:\/\/www.casaldelsinfants.org\/es\/actualidad\/pfi-limpieza-2025\/"},"wordCount":1113,"commentCount":0,"publisher":{"@id":"https:\/\/www.casaldelsinfants.org\/es\/#organization"},"articleSection":["Noticia"],"inLanguage":"es","potentialAction":[{"@type":"CommentAction","name":"Comment","target":["https:\/\/www.casaldelsinfants.org\/es\/actualidad\/pfi-limpieza-2025\/#respond"]}]},{"@type":"WebPage","@id":"https:\/\/www.casaldelsinfants.org\/es\/actualidad\/pfi-limpieza-2025\/","url":"https:\/\/www.casaldelsinfants.org\/es\/actualidad\/pfi-limpieza-2025\/","name":"Aprendemos sobre limpieza profesional con Mullor y Royal Hotels - Casal dels Infants","isPartOf":{"@id":"https:\/\/www.casaldelsinfants.org\/es\/#website"},"datePublished":"2025-11-28T09:33:32+00:00","description":"Los y las participantes se han formado en el curso de limpieza profesional al lado de los y las profesionales de Mullor y Royal Hotels.","breadcrumb":{"@id":"https:\/\/www.casaldelsinfants.org\/es\/actualidad\/pfi-limpieza-2025\/#breadcrumb"},"inLanguage":"es","potentialAction":[{"@type":"ReadAction","target":["https:\/\/www.casaldelsinfants.org\/es\/actualidad\/pfi-limpieza-2025\/"]}]},{"@type":"BreadcrumbList","@id":"https:\/\/www.casaldelsinfants.org\/es\/actualidad\/pfi-limpieza-2025\/#breadcrumb","itemListElement":[{"@type":"ListItem","position":1,"name":"Inici","item":"https:\/\/www.casaldelsinfants.org\/es\/"},{"@type":"ListItem","position":2,"name":"Aprendemos sobre limpieza profesional con Mullor y Royal Hotels"}]},{"@type":"WebSite","@id":"https:\/\/www.casaldelsinfants.org\/es\/#website","url":"https:\/\/www.casaldelsinfants.org\/es\/","name":"Casal dels Infants","description":"","publisher":{"@id":"https:\/\/www.casaldelsinfants.org\/es\/#organization"},"potentialAction":[{"@type":"SearchAction","target":{"@type":"EntryPoint","urlTemplate":"https:\/\/www.casaldelsinfants.org\/es\/?s={search_term_string}"},"query-input":{"@type":"PropertyValueSpecification","valueRequired":true,"valueName":"search_term_string"}}],"inLanguage":"es"},{"@type":"Organization","@id":"https:\/\/www.casaldelsinfants.org\/es\/#organization","name":"Casal dels Infants","url":"https:\/\/www.casaldelsinfants.org\/es\/","logo":{"@type":"ImageObject","inLanguage":"es","@id":"https:\/\/www.casaldelsinfants.org\/es\/#\/schema\/logo\/image\/","url":"https:\/\/www.casaldelsinfants.org\/wp-content\/uploads\/logo-mail.png","contentUrl":"https:\/\/www.casaldelsinfants.org\/wp-content\/uploads\/logo-mail.png","width":380,"height":158,"caption":"Casal dels Infants"},"image":{"@id":"https:\/\/www.casaldelsinfants.org\/es\/#\/schema\/logo\/image\/"},"sameAs":["https:\/\/www.facebook.com\/casalinfants","https:\/\/x.com\/casalinfants","https:\/\/www.youtube.com\/user\/CasaldelsInfants1","https:\/\/www.instagram.com\/casalinfants\/","https:\/\/www.linkedin.com\/company\/casaldelsinfants?trk=organization-update_share-update_actor-text"]},{"@type":"Person","@id":"https:\/\/www.casaldelsinfants.org\/es\/#\/schema\/person\/e870791b50f03fd60f872e1cd83910fc","name":"julia"}]}},"publishpress_future_action":{"enabled":false,"date":"2026-05-05 18:14:38","action":"change-status","newStatus":"draft","terms":[],"taxonomy":"category","extraData":[]},"publishpress_future_workflow_manual_trigger":{"enabledWorkflows":[]},"_links":{"self":[{"href":"https:\/\/www.casaldelsinfants.org\/es\/wp-json\/wp\/v2\/posts\/45054","targetHints":{"allow":["GET"]}}],"collection":[{"href":"https:\/\/www.casaldelsinfants.org\/es\/wp-json\/wp\/v2\/posts"}],"about":[{"href":"https:\/\/www.casaldelsinfants.org\/es\/wp-json\/wp\/v2\/types\/post"}],"author":[{"embeddable":true,"href":"https:\/\/www.casaldelsinfants.org\/es\/wp-json\/wp\/v2\/users\/9"}],"replies":[{"embeddable":true,"href":"https:\/\/www.casaldelsinfants.org\/es\/wp-json\/wp\/v2\/comments?post=45054"}],"version-history":[{"count":2,"href":"https:\/\/www.casaldelsinfants.org\/es\/wp-json\/wp\/v2\/posts\/45054\/revisions"}],"predecessor-version":[{"id":45056,"href":"https:\/\/www.casaldelsinfants.org\/es\/wp-json\/wp\/v2\/posts\/45054\/revisions\/45056"}],"wp:attachment":[{"href":"https:\/\/www.casaldelsinfants.org\/es\/wp-json\/wp\/v2\/media?parent=45054"}],"wp:term":[{"taxonomy":"category","embeddable":true,"href":"https:\/\/www.casaldelsinfants.org\/es\/wp-json\/wp\/v2\/categories?post=45054"},{"taxonomy":"post_tag","embeddable":true,"href":"https:\/\/www.casaldelsinfants.org\/es\/wp-json\/wp\/v2\/tags?post=45054"},{"taxonomy":"seus","embeddable":true,"href":"https:\/\/www.casaldelsinfants.org\/es\/wp-json\/wp\/v2\/seus?post=45054"},{"taxonomy":"eixos","embeddable":true,"href":"https:\/\/www.casaldelsinfants.org\/es\/wp-json\/wp\/v2\/eixos?post=45054"}],"curies":[{"name":"wp","href":"https:\/\/api.w.org\/{rel}","templated":true}]}}