{"id":4506,"date":"2018-04-20T10:12:09","date_gmt":"2018-04-20T08:12:09","guid":{"rendered":"https:\/\/casal.puntzero.cat\/noticies\/tecnics-de-lajuntament-de-barcelona-visiten-el-centre-solidari-leducacio-i-lesport-de\/"},"modified":"2023-05-25T00:16:40","modified_gmt":"2023-05-24T22:16:40","slug":"tecnics-de-lajuntament-de-barcelona-visiten-el-centre-solidari-leducacio-i-lesport-de","status":"publish","type":"post","link":"https:\/\/www.casaldelsinfants.org\/es\/actualidad\/tecnicos-del-ayuntamiento-de-barcelona-visitan-el-centro-solidario-por-la-educacion-y-el\/","title":{"rendered":"T\u00e9cnicos del Ayuntamiento de Barcelona visitan el Centro Solidario por la Educaci\u00f3n y el Deporte de T\u00e1nger"},"content":{"rendered":"<p class=\"verd\">Una veintena de t\u00e9cnicos de la <strong>Red de Servicios Sociales del Ayuntamiento de Barcelona<\/strong> especializados en la atenci\u00f3n a j\u00f3venes en situaci\u00f3n de alta vulnerabilidad visitaron el 18 de abril el\u00a0<strong>Centro Solidario por la Educaci\u00f3n y el Deporte<\/strong> de <strong>T\u00e1nger<\/strong>.<\/p>\n<p class=\"verd\">El centro fue creado por la <strong>Fundaci\u00f3 Barc\u00e7a<\/strong> en 2009 y lo gestiona la asociaci\u00f3n <strong>AICEED<\/strong>, una de las 16 entidades locales con las que el <strong>Casal dels Infants<\/strong> colabora para mejorar las oportunidades de ni\u00f1os y ni\u00f1as, j\u00f3venes, mujeres y familias en <strong>Marruecos<\/strong>. Cada a\u00f1o acompa\u00f1a unos 100 j<strong>\u00f3venes desescolarizados<\/strong> para que encuentren un itinerario de <strong>inserci\u00f3n sociolaboral<\/strong>. Se ubica en el distrito de <strong>Beni Makada<\/strong>, uno de los puntos de la periferia de T\u00e1nger con m\u00e1s exclusi\u00f3n social.<\/p>\n<p class=\"verd\">Los t\u00e9cnicos del Ayuntamiento de Barcelona, de visita en T\u00e1nger para participar en el II Coloquio Internacional sobre Cooperaci\u00f3n al Desarrollo en el Norte de Marruecos, pudieron intercambiar reflexiones con el equipo de AICEED sobre las <strong>causas y el contexto de la emigraci\u00f3n de los j\u00f3venes marroqu\u00edes<\/strong>.\u00a0<\/p>\n<p class=\"verd\">Tambi\u00e9n compartieron una <strong>charla informal<\/strong> con un grupo de participantes del Centro Solidario por la Educaci\u00f3n y el Deporte. Estos chicos expresaron abiertamente su voluntad de emigrar &#8211;en algunos casos ya lo han intentado&#8211;, ante la falta de derechos y la opresi\u00f3n que viven en Marruecos, seg\u00fan comentaron. Los profesionales les explicaron que el proceso migratorio comporta situaciones de m\u00e1xima vulnerabilidad al llegar a Barcelona, intentando clarificar la imagen a menudo idealizada que tienen de la realidad en el extranjero.<\/p>\n<p class=\"verd\">\u00a0<\/p>\n<figure role=\"group\" class=\"align-center\">\n<img decoding=\"async\" alt=\"El Centre Solidari per l\u2019Educaci\u00f3 i l\u2019Esport de T\u00e0nger\" data-entity-type=\"file\" data-entity-uuid=\"fcaf0dda-dbf9-462c-8b51-2d52727dfa91\" data-image-style=\"large\" height=\"360\" src=\"\/wp-content\/uploads\/inline-images\/image1%281%29.jpeg\" typeof=\"foaf:Image\" width=\"480\" \/><figcaption>El \u00a0Centro Solidario por la Educaci\u00f3n y el Deporte de T\u00e1nger.<\/figcaption><\/figure>\n<p class=\"verd\">\u00a0<\/p>\n<p class=\"verd\">La asociaci\u00f3n <strong>AICEED<\/strong> forma parte del Programa Incorpora en Marruecos, impulsado por la Obra Social \u00abLa Caixa\u00bb y coordinado por el Casal dels Infants, que el a\u00f1o pasado promovi\u00f3 la inserci\u00f3n sociolaboral de 1.500 personas, 531 de las cuales encontraron trabajo gracias al compromiso de 270 empresas colaboradoras.<\/p>\n<p class=\"verd\">La entidad tambi\u00e9n participaron en el proyecto <strong>Educadre<\/strong>, que promovi\u00f3 la creaci\u00f3n de guarder\u00edas gestionadas por mujeres emprendedoras en situaci\u00f3n de desempleo, dando acceso a la educaci\u00f3n preescolar a m\u00e1s de 390 ni\u00f1os y ni\u00f1as en riesgo de exclusi\u00f3n social.<\/p>\n","protected":false},"excerpt":{"rendered":"<p>Una veintena de t\u00e9cnicos de la Red de Servicios Sociales del Ayuntamiento de Barcelona especializados en la atenci\u00f3n a j\u00f3venes en situaci\u00f3n de alta vulnerabilidad visitaron el 18 de abril el\u00a0Centro Solidario por la Educaci\u00f3n y el Deporte de T\u00e1nger. El centro fue creado por la Fundaci\u00f3 Barc\u00e7a en 2009 y lo gestiona la asociaci\u00f3n [&hellip;]<\/p>\n","protected":false},"author":1,"featured_media":3491,"comment_status":"open","ping_status":"open","sticky":false,"template":"","format":"standard","meta":{"_acf_changed":false,"_et_pb_use_builder":"","_et_pb_old_content":"","_et_gb_content_width":"","inline_featured_image":false,"footnotes":""},"categories":[125],"tags":[],"seus":[158],"eixos":[],"class_list":["post-4506","post","type-post","status-publish","format-standard","has-post-thumbnail","hentry","category-noticias","seus-marruecos"],"acf":[],"yoast_head":"<!-- This site is optimized with the Yoast SEO plugin v27.4 - https:\/\/yoast.com\/product\/yoast-seo-wordpress\/ -->\n<title>T\u00e9cnicos del Ayuntamiento de Barcelona visitan el Centro Solidario por la Educaci\u00f3n y el Deporte de T\u00e1nger - Casal dels Infants<\/title>\n<meta name=\"robots\" content=\"index, follow, max-snippet:-1, max-image-preview:large, max-video-preview:-1\" \/>\n<link rel=\"canonical\" href=\"https:\/\/www.casaldelsinfants.org\/es\/actualidad\/tecnicos-del-ayuntamiento-de-barcelona-visitan-el-centro-solidario-por-la-educacion-y-el\/\" \/>\n<meta property=\"og:locale\" content=\"es_ES\" \/>\n<meta property=\"og:type\" content=\"article\" \/>\n<meta property=\"og:title\" content=\"T\u00e9cnicos del Ayuntamiento de Barcelona visitan el Centro Solidario por la Educaci\u00f3n y el Deporte de T\u00e1nger - Casal dels Infants\" \/>\n<meta property=\"og:description\" content=\"Una veintena de t\u00e9cnicos de la Red de Servicios Sociales del Ayuntamiento de Barcelona especializados en la atenci\u00f3n a j\u00f3venes en situaci\u00f3n de alta vulnerabilidad visitaron el 18 de abril el\u00a0Centro Solidario por la Educaci\u00f3n y el Deporte de T\u00e1nger. El centro fue creado por la Fundaci\u00f3 Barc\u00e7a en 2009 y lo gestiona la asociaci\u00f3n [&hellip;]\" \/>\n<meta property=\"og:url\" content=\"https:\/\/www.casaldelsinfants.org\/es\/actualidad\/tecnicos-del-ayuntamiento-de-barcelona-visitan-el-centro-solidario-por-la-educacion-y-el\/\" \/>\n<meta property=\"og:site_name\" content=\"Casal dels Infants\" \/>\n<meta property=\"article:publisher\" content=\"https:\/\/www.facebook.com\/casalinfants\" \/>\n<meta property=\"article:published_time\" content=\"2018-04-20T08:12:09+00:00\" \/>\n<meta property=\"article:modified_time\" content=\"2023-05-24T22:16:40+00:00\" \/>\n<meta property=\"og:image\" content=\"https:\/\/www.casaldelsinfants.org\/wp-content\/uploads\/image1.jpeg\" \/>\n\t<meta property=\"og:image:width\" content=\"640\" \/>\n\t<meta property=\"og:image:height\" content=\"480\" \/>\n\t<meta property=\"og:image:type\" content=\"image\/jpeg\" \/>\n<meta name=\"author\" content=\"cdiAdmin\" \/>\n<meta name=\"twitter:card\" content=\"summary_large_image\" \/>\n<meta name=\"twitter:creator\" content=\"@casalinfants\" \/>\n<meta name=\"twitter:site\" content=\"@casalinfants\" \/>\n<meta name=\"twitter:label1\" content=\"Escrito por\" \/>\n\t<meta name=\"twitter:data1\" content=\"cdiAdmin\" \/>\n\t<meta name=\"twitter:label2\" content=\"Tiempo de lectura\" \/>\n\t<meta name=\"twitter:data2\" content=\"3 minutos\" \/>\n<script type=\"application\/ld+json\" class=\"yoast-schema-graph\">{\"@context\":\"https:\\\/\\\/schema.org\",\"@graph\":[{\"@type\":\"Article\",\"@id\":\"https:\\\/\\\/www.casaldelsinfants.org\\\/es\\\/actualidad\\\/tecnicos-del-ayuntamiento-de-barcelona-visitan-el-centro-solidario-por-la-educacion-y-el\\\/#article\",\"isPartOf\":{\"@id\":\"https:\\\/\\\/www.casaldelsinfants.org\\\/es\\\/actualidad\\\/tecnicos-del-ayuntamiento-de-barcelona-visitan-el-centro-solidario-por-la-educacion-y-el\\\/\"},\"author\":{\"name\":\"cdiAdmin\",\"@id\":\"https:\\\/\\\/www.casaldelsinfants.org\\\/es\\\/#\\\/schema\\\/person\\\/97707fc8c64900cf36891127dbf9fba8\"},\"headline\":\"T\u00e9cnicos del Ayuntamiento de Barcelona visitan el Centro Solidario por la Educaci\u00f3n y el Deporte de T\u00e1nger\",\"datePublished\":\"2018-04-20T08:12:09+00:00\",\"dateModified\":\"2023-05-24T22:16:40+00:00\",\"mainEntityOfPage\":{\"@id\":\"https:\\\/\\\/www.casaldelsinfants.org\\\/es\\\/actualidad\\\/tecnicos-del-ayuntamiento-de-barcelona-visitan-el-centro-solidario-por-la-educacion-y-el\\\/\"},\"wordCount\":402,\"commentCount\":0,\"publisher\":{\"@id\":\"https:\\\/\\\/www.casaldelsinfants.org\\\/es\\\/#organization\"},\"image\":{\"@id\":\"https:\\\/\\\/www.casaldelsinfants.org\\\/es\\\/actualidad\\\/tecnicos-del-ayuntamiento-de-barcelona-visitan-el-centro-solidario-por-la-educacion-y-el\\\/#primaryimage\"},\"thumbnailUrl\":\"https:\\\/\\\/www.casaldelsinfants.org\\\/wp-content\\\/uploads\\\/image1.jpeg\",\"articleSection\":[\"Noticia\"],\"inLanguage\":\"es\",\"potentialAction\":[{\"@type\":\"CommentAction\",\"name\":\"Comment\",\"target\":[\"https:\\\/\\\/www.casaldelsinfants.org\\\/es\\\/actualidad\\\/tecnicos-del-ayuntamiento-de-barcelona-visitan-el-centro-solidario-por-la-educacion-y-el\\\/#respond\"]}]},{\"@type\":\"WebPage\",\"@id\":\"https:\\\/\\\/www.casaldelsinfants.org\\\/es\\\/actualidad\\\/tecnicos-del-ayuntamiento-de-barcelona-visitan-el-centro-solidario-por-la-educacion-y-el\\\/\",\"url\":\"https:\\\/\\\/www.casaldelsinfants.org\\\/es\\\/actualidad\\\/tecnicos-del-ayuntamiento-de-barcelona-visitan-el-centro-solidario-por-la-educacion-y-el\\\/\",\"name\":\"T\u00e9cnicos del Ayuntamiento de Barcelona visitan el Centro Solidario por la Educaci\u00f3n y el Deporte de T\u00e1nger - Casal dels Infants\",\"isPartOf\":{\"@id\":\"https:\\\/\\\/www.casaldelsinfants.org\\\/es\\\/#website\"},\"primaryImageOfPage\":{\"@id\":\"https:\\\/\\\/www.casaldelsinfants.org\\\/es\\\/actualidad\\\/tecnicos-del-ayuntamiento-de-barcelona-visitan-el-centro-solidario-por-la-educacion-y-el\\\/#primaryimage\"},\"image\":{\"@id\":\"https:\\\/\\\/www.casaldelsinfants.org\\\/es\\\/actualidad\\\/tecnicos-del-ayuntamiento-de-barcelona-visitan-el-centro-solidario-por-la-educacion-y-el\\\/#primaryimage\"},\"thumbnailUrl\":\"https:\\\/\\\/www.casaldelsinfants.org\\\/wp-content\\\/uploads\\\/image1.jpeg\",\"datePublished\":\"2018-04-20T08:12:09+00:00\",\"dateModified\":\"2023-05-24T22:16:40+00:00\",\"breadcrumb\":{\"@id\":\"https:\\\/\\\/www.casaldelsinfants.org\\\/es\\\/actualidad\\\/tecnicos-del-ayuntamiento-de-barcelona-visitan-el-centro-solidario-por-la-educacion-y-el\\\/#breadcrumb\"},\"inLanguage\":\"es\",\"potentialAction\":[{\"@type\":\"ReadAction\",\"target\":[\"https:\\\/\\\/www.casaldelsinfants.org\\\/es\\\/actualidad\\\/tecnicos-del-ayuntamiento-de-barcelona-visitan-el-centro-solidario-por-la-educacion-y-el\\\/\"]}]},{\"@type\":\"ImageObject\",\"inLanguage\":\"es\",\"@id\":\"https:\\\/\\\/www.casaldelsinfants.org\\\/es\\\/actualidad\\\/tecnicos-del-ayuntamiento-de-barcelona-visitan-el-centro-solidario-por-la-educacion-y-el\\\/#primaryimage\",\"url\":\"https:\\\/\\\/www.casaldelsinfants.org\\\/wp-content\\\/uploads\\\/image1.jpeg\",\"contentUrl\":\"https:\\\/\\\/www.casaldelsinfants.org\\\/wp-content\\\/uploads\\\/image1.jpeg\",\"width\":640,\"height\":480,\"caption\":\"Aula on un professor els est\u00e0 explicant alguna cosa a uns nois i unes noies\"},{\"@type\":\"BreadcrumbList\",\"@id\":\"https:\\\/\\\/www.casaldelsinfants.org\\\/es\\\/actualidad\\\/tecnicos-del-ayuntamiento-de-barcelona-visitan-el-centro-solidario-por-la-educacion-y-el\\\/#breadcrumb\",\"itemListElement\":[{\"@type\":\"ListItem\",\"position\":1,\"name\":\"Inici\",\"item\":\"https:\\\/\\\/www.casaldelsinfants.org\\\/es\\\/\"},{\"@type\":\"ListItem\",\"position\":2,\"name\":\"T\u00e9cnicos del Ayuntamiento de Barcelona visitan el Centro Solidario por la Educaci\u00f3n y el Deporte de T\u00e1nger\"}]},{\"@type\":\"WebSite\",\"@id\":\"https:\\\/\\\/www.casaldelsinfants.org\\\/es\\\/#website\",\"url\":\"https:\\\/\\\/www.casaldelsinfants.org\\\/es\\\/\",\"name\":\"Casal dels Infants\",\"description\":\"\",\"publisher\":{\"@id\":\"https:\\\/\\\/www.casaldelsinfants.org\\\/es\\\/#organization\"},\"potentialAction\":[{\"@type\":\"SearchAction\",\"target\":{\"@type\":\"EntryPoint\",\"urlTemplate\":\"https:\\\/\\\/www.casaldelsinfants.org\\\/es\\\/?s={search_term_string}\"},\"query-input\":{\"@type\":\"PropertyValueSpecification\",\"valueRequired\":true,\"valueName\":\"search_term_string\"}}],\"inLanguage\":\"es\"},{\"@type\":\"Organization\",\"@id\":\"https:\\\/\\\/www.casaldelsinfants.org\\\/es\\\/#organization\",\"name\":\"Casal dels Infants\",\"url\":\"https:\\\/\\\/www.casaldelsinfants.org\\\/es\\\/\",\"logo\":{\"@type\":\"ImageObject\",\"inLanguage\":\"es\",\"@id\":\"https:\\\/\\\/www.casaldelsinfants.org\\\/es\\\/#\\\/schema\\\/logo\\\/image\\\/\",\"url\":\"https:\\\/\\\/www.casaldelsinfants.org\\\/wp-content\\\/uploads\\\/logo-mail.png\",\"contentUrl\":\"https:\\\/\\\/www.casaldelsinfants.org\\\/wp-content\\\/uploads\\\/logo-mail.png\",\"width\":380,\"height\":158,\"caption\":\"Casal dels Infants\"},\"image\":{\"@id\":\"https:\\\/\\\/www.casaldelsinfants.org\\\/es\\\/#\\\/schema\\\/logo\\\/image\\\/\"},\"sameAs\":[\"https:\\\/\\\/www.facebook.com\\\/casalinfants\",\"https:\\\/\\\/x.com\\\/casalinfants\",\"https:\\\/\\\/www.youtube.com\\\/user\\\/CasaldelsInfants1\",\"https:\\\/\\\/www.instagram.com\\\/casalinfants\\\/\",\"https:\\\/\\\/www.linkedin.com\\\/company\\\/casaldelsinfants?trk=organization-update_share-update_actor-text\"]},{\"@type\":\"Person\",\"@id\":\"https:\\\/\\\/www.casaldelsinfants.org\\\/es\\\/#\\\/schema\\\/person\\\/97707fc8c64900cf36891127dbf9fba8\",\"name\":\"cdiAdmin\",\"sameAs\":[\"https:\\\/\\\/casaldelsinfants.org\"]}]}<\/script>\n<!-- \/ Yoast SEO plugin. -->","yoast_head_json":{"title":"T\u00e9cnicos del Ayuntamiento de Barcelona visitan el Centro Solidario por la Educaci\u00f3n y el Deporte de T\u00e1nger - Casal dels Infants","robots":{"index":"index","follow":"follow","max-snippet":"max-snippet:-1","max-image-preview":"max-image-preview:large","max-video-preview":"max-video-preview:-1"},"canonical":"https:\/\/www.casaldelsinfants.org\/es\/actualidad\/tecnicos-del-ayuntamiento-de-barcelona-visitan-el-centro-solidario-por-la-educacion-y-el\/","og_locale":"es_ES","og_type":"article","og_title":"T\u00e9cnicos del Ayuntamiento de Barcelona visitan el Centro Solidario por la Educaci\u00f3n y el Deporte de T\u00e1nger - Casal dels Infants","og_description":"Una veintena de t\u00e9cnicos de la Red de Servicios Sociales del Ayuntamiento de Barcelona especializados en la atenci\u00f3n a j\u00f3venes en situaci\u00f3n de alta vulnerabilidad visitaron el 18 de abril el\u00a0Centro Solidario por la Educaci\u00f3n y el Deporte de T\u00e1nger. El centro fue creado por la Fundaci\u00f3 Barc\u00e7a en 2009 y lo gestiona la asociaci\u00f3n [&hellip;]","og_url":"https:\/\/www.casaldelsinfants.org\/es\/actualidad\/tecnicos-del-ayuntamiento-de-barcelona-visitan-el-centro-solidario-por-la-educacion-y-el\/","og_site_name":"Casal dels Infants","article_publisher":"https:\/\/www.facebook.com\/casalinfants","article_published_time":"2018-04-20T08:12:09+00:00","article_modified_time":"2023-05-24T22:16:40+00:00","og_image":[{"width":640,"height":480,"url":"https:\/\/www.casaldelsinfants.org\/wp-content\/uploads\/image1.jpeg","type":"image\/jpeg"}],"author":"cdiAdmin","twitter_card":"summary_large_image","twitter_creator":"@casalinfants","twitter_site":"@casalinfants","twitter_misc":{"Escrito por":"cdiAdmin","Tiempo de lectura":"3 minutos"},"schema":{"@context":"https:\/\/schema.org","@graph":[{"@type":"Article","@id":"https:\/\/www.casaldelsinfants.org\/es\/actualidad\/tecnicos-del-ayuntamiento-de-barcelona-visitan-el-centro-solidario-por-la-educacion-y-el\/#article","isPartOf":{"@id":"https:\/\/www.casaldelsinfants.org\/es\/actualidad\/tecnicos-del-ayuntamiento-de-barcelona-visitan-el-centro-solidario-por-la-educacion-y-el\/"},"author":{"name":"cdiAdmin","@id":"https:\/\/www.casaldelsinfants.org\/es\/#\/schema\/person\/97707fc8c64900cf36891127dbf9fba8"},"headline":"T\u00e9cnicos del Ayuntamiento de Barcelona visitan el Centro Solidario por la Educaci\u00f3n y el Deporte de T\u00e1nger","datePublished":"2018-04-20T08:12:09+00:00","dateModified":"2023-05-24T22:16:40+00:00","mainEntityOfPage":{"@id":"https:\/\/www.casaldelsinfants.org\/es\/actualidad\/tecnicos-del-ayuntamiento-de-barcelona-visitan-el-centro-solidario-por-la-educacion-y-el\/"},"wordCount":402,"commentCount":0,"publisher":{"@id":"https:\/\/www.casaldelsinfants.org\/es\/#organization"},"image":{"@id":"https:\/\/www.casaldelsinfants.org\/es\/actualidad\/tecnicos-del-ayuntamiento-de-barcelona-visitan-el-centro-solidario-por-la-educacion-y-el\/#primaryimage"},"thumbnailUrl":"https:\/\/www.casaldelsinfants.org\/wp-content\/uploads\/image1.jpeg","articleSection":["Noticia"],"inLanguage":"es","potentialAction":[{"@type":"CommentAction","name":"Comment","target":["https:\/\/www.casaldelsinfants.org\/es\/actualidad\/tecnicos-del-ayuntamiento-de-barcelona-visitan-el-centro-solidario-por-la-educacion-y-el\/#respond"]}]},{"@type":"WebPage","@id":"https:\/\/www.casaldelsinfants.org\/es\/actualidad\/tecnicos-del-ayuntamiento-de-barcelona-visitan-el-centro-solidario-por-la-educacion-y-el\/","url":"https:\/\/www.casaldelsinfants.org\/es\/actualidad\/tecnicos-del-ayuntamiento-de-barcelona-visitan-el-centro-solidario-por-la-educacion-y-el\/","name":"T\u00e9cnicos del Ayuntamiento de Barcelona visitan el Centro Solidario por la Educaci\u00f3n y el Deporte de T\u00e1nger - Casal dels Infants","isPartOf":{"@id":"https:\/\/www.casaldelsinfants.org\/es\/#website"},"primaryImageOfPage":{"@id":"https:\/\/www.casaldelsinfants.org\/es\/actualidad\/tecnicos-del-ayuntamiento-de-barcelona-visitan-el-centro-solidario-por-la-educacion-y-el\/#primaryimage"},"image":{"@id":"https:\/\/www.casaldelsinfants.org\/es\/actualidad\/tecnicos-del-ayuntamiento-de-barcelona-visitan-el-centro-solidario-por-la-educacion-y-el\/#primaryimage"},"thumbnailUrl":"https:\/\/www.casaldelsinfants.org\/wp-content\/uploads\/image1.jpeg","datePublished":"2018-04-20T08:12:09+00:00","dateModified":"2023-05-24T22:16:40+00:00","breadcrumb":{"@id":"https:\/\/www.casaldelsinfants.org\/es\/actualidad\/tecnicos-del-ayuntamiento-de-barcelona-visitan-el-centro-solidario-por-la-educacion-y-el\/#breadcrumb"},"inLanguage":"es","potentialAction":[{"@type":"ReadAction","target":["https:\/\/www.casaldelsinfants.org\/es\/actualidad\/tecnicos-del-ayuntamiento-de-barcelona-visitan-el-centro-solidario-por-la-educacion-y-el\/"]}]},{"@type":"ImageObject","inLanguage":"es","@id":"https:\/\/www.casaldelsinfants.org\/es\/actualidad\/tecnicos-del-ayuntamiento-de-barcelona-visitan-el-centro-solidario-por-la-educacion-y-el\/#primaryimage","url":"https:\/\/www.casaldelsinfants.org\/wp-content\/uploads\/image1.jpeg","contentUrl":"https:\/\/www.casaldelsinfants.org\/wp-content\/uploads\/image1.jpeg","width":640,"height":480,"caption":"Aula on un professor els est\u00e0 explicant alguna cosa a uns nois i unes noies"},{"@type":"BreadcrumbList","@id":"https:\/\/www.casaldelsinfants.org\/es\/actualidad\/tecnicos-del-ayuntamiento-de-barcelona-visitan-el-centro-solidario-por-la-educacion-y-el\/#breadcrumb","itemListElement":[{"@type":"ListItem","position":1,"name":"Inici","item":"https:\/\/www.casaldelsinfants.org\/es\/"},{"@type":"ListItem","position":2,"name":"T\u00e9cnicos del Ayuntamiento de Barcelona visitan el Centro Solidario por la Educaci\u00f3n y el Deporte de T\u00e1nger"}]},{"@type":"WebSite","@id":"https:\/\/www.casaldelsinfants.org\/es\/#website","url":"https:\/\/www.casaldelsinfants.org\/es\/","name":"Casal dels Infants","description":"","publisher":{"@id":"https:\/\/www.casaldelsinfants.org\/es\/#organization"},"potentialAction":[{"@type":"SearchAction","target":{"@type":"EntryPoint","urlTemplate":"https:\/\/www.casaldelsinfants.org\/es\/?s={search_term_string}"},"query-input":{"@type":"PropertyValueSpecification","valueRequired":true,"valueName":"search_term_string"}}],"inLanguage":"es"},{"@type":"Organization","@id":"https:\/\/www.casaldelsinfants.org\/es\/#organization","name":"Casal dels Infants","url":"https:\/\/www.casaldelsinfants.org\/es\/","logo":{"@type":"ImageObject","inLanguage":"es","@id":"https:\/\/www.casaldelsinfants.org\/es\/#\/schema\/logo\/image\/","url":"https:\/\/www.casaldelsinfants.org\/wp-content\/uploads\/logo-mail.png","contentUrl":"https:\/\/www.casaldelsinfants.org\/wp-content\/uploads\/logo-mail.png","width":380,"height":158,"caption":"Casal dels Infants"},"image":{"@id":"https:\/\/www.casaldelsinfants.org\/es\/#\/schema\/logo\/image\/"},"sameAs":["https:\/\/www.facebook.com\/casalinfants","https:\/\/x.com\/casalinfants","https:\/\/www.youtube.com\/user\/CasaldelsInfants1","https:\/\/www.instagram.com\/casalinfants\/","https:\/\/www.linkedin.com\/company\/casaldelsinfants?trk=organization-update_share-update_actor-text"]},{"@type":"Person","@id":"https:\/\/www.casaldelsinfants.org\/es\/#\/schema\/person\/97707fc8c64900cf36891127dbf9fba8","name":"cdiAdmin","sameAs":["https:\/\/casaldelsinfants.org"]}]}},"publishpress_future_action":{"enabled":false,"date":"2026-05-07 09:15:31","action":"change-status","newStatus":"draft","terms":[],"taxonomy":"category","extraData":[]},"publishpress_future_workflow_manual_trigger":{"enabledWorkflows":[]},"_links":{"self":[{"href":"https:\/\/www.casaldelsinfants.org\/es\/wp-json\/wp\/v2\/posts\/4506","targetHints":{"allow":["GET"]}}],"collection":[{"href":"https:\/\/www.casaldelsinfants.org\/es\/wp-json\/wp\/v2\/posts"}],"about":[{"href":"https:\/\/www.casaldelsinfants.org\/es\/wp-json\/wp\/v2\/types\/post"}],"author":[{"embeddable":true,"href":"https:\/\/www.casaldelsinfants.org\/es\/wp-json\/wp\/v2\/users\/1"}],"replies":[{"embeddable":true,"href":"https:\/\/www.casaldelsinfants.org\/es\/wp-json\/wp\/v2\/comments?post=4506"}],"version-history":[{"count":1,"href":"https:\/\/www.casaldelsinfants.org\/es\/wp-json\/wp\/v2\/posts\/4506\/revisions"}],"predecessor-version":[{"id":6425,"href":"https:\/\/www.casaldelsinfants.org\/es\/wp-json\/wp\/v2\/posts\/4506\/revisions\/6425"}],"wp:featuredmedia":[{"embeddable":true,"href":"https:\/\/www.casaldelsinfants.org\/es\/wp-json\/wp\/v2\/media\/3491"}],"wp:attachment":[{"href":"https:\/\/www.casaldelsinfants.org\/es\/wp-json\/wp\/v2\/media?parent=4506"}],"wp:term":[{"taxonomy":"category","embeddable":true,"href":"https:\/\/www.casaldelsinfants.org\/es\/wp-json\/wp\/v2\/categories?post=4506"},{"taxonomy":"post_tag","embeddable":true,"href":"https:\/\/www.casaldelsinfants.org\/es\/wp-json\/wp\/v2\/tags?post=4506"},{"taxonomy":"seus","embeddable":true,"href":"https:\/\/www.casaldelsinfants.org\/es\/wp-json\/wp\/v2\/seus?post=4506"},{"taxonomy":"eixos","embeddable":true,"href":"https:\/\/www.casaldelsinfants.org\/es\/wp-json\/wp\/v2\/eixos?post=4506"}],"curies":[{"name":"wp","href":"https:\/\/api.w.org\/{rel}","templated":true}]}}