{"id":4509,"date":"2018-03-27T11:29:38","date_gmt":"2018-03-27T09:29:38","guid":{"rendered":"https:\/\/casal.puntzero.cat\/noticies\/generacions-entreteixides-la-inclusio\/"},"modified":"2023-09-05T09:41:37","modified_gmt":"2023-09-05T07:41:37","slug":"generacions-entreteixides-la-inclusio","status":"publish","type":"post","link":"https:\/\/www.casaldelsinfants.org\/es\/actualidad\/generacions-entreteixides-la-inclusio\/","title":{"rendered":"Generaciones entretejidas por la inclusi\u00f3n"},"content":{"rendered":"<p><span style=\"color: #000000;\"><strong>\u201cEl hilo del Casal\u201d<\/strong>, el grupo de mujeres del Casal dels Infants de <strong>Santa Coloma de Gramenet<\/strong> que participa en el Casal Familiar y que mediante la costura comparte un espacio de crecimiento colectivo, recibi\u00f3 el s\u00e1bado 24 de marzo una visita muy especial: la de participantes de la asociaci\u00f3n <a href=\"https:\/\/amicsdelagentgran.org\/index.php\"><strong>Amics de la gent gran<\/strong><\/a> que ten\u00edan mucho inter\u00e9s en conocerlas.<\/span><\/p>\n<p><span style=\"color: #000000;\">Estas personas mayores, tambi\u00e9n colomenses, se re\u00fanen una vez al mes en un espacio p\u00fablico para coser la pieza de vestir que da nombre a la actividad: <strong>\u201cLas bufandas de la iaia\u201d<\/strong>. Y es que de bufandas hay muchas, pero como las de la iaia ninguna, como explican en Amics de la gent gran. Sobre todo por el objetivo que tienen entre hilos: encontrar un espacio de <strong>socializaci\u00f3n <\/strong>que disminuya el<strong> riesgo de soledad <\/strong>y de <strong>marginaci\u00f3n social<\/strong> en la tercera edad.<\/span><\/p>\n<figure class=\"align-center\" role=\"group\"><img decoding=\"async\" src=\"\/wp-content\/uploads\/inline-images\/descarga%20%283%29.png\" alt=\"Participants d'Amics de la gent gran i del Casal dels Infants cosint juntes\" width=\"480\" height=\"360\" data-entity-type=\"file\" data-entity-uuid=\"56ee3975-4130-42b6-a562-03c9b43453bf\" data-image-style=\"large\" \/><figcaption>Mujeres de Amics de la gent gran y del Casal dels Infants cosen.<\/figcaption><\/figure>\n<p><span style=\"color: #000000;\">Este mes el espacio lo han encontrado en la <strong>Caseta del barri<\/strong>, donde los s\u00e1bados familias y ni\u00f1os y ni\u00f1as del Casal dels Infants de Santa Coloma de Gramenet comparten actividades comunitarias con el vecindario. Y all\u00ed se encontraron con las mujeres de \u201cEl hilo del Casal\u201d: \u201cCompartimos un rato maravilloso, sencillo y m\u00e1gico. Una vez m\u00e1s, la costura une generaciones, culturas y saberes\u201d, explica <strong>Bea Hern\u00e1n<\/strong>, educadora del proyecto.<\/span><\/p>\n<figure class=\"align-center\" role=\"group\"><img decoding=\"async\" src=\"\/wp-content\/uploads\/inline-images\/descarga%20%284%29.png\" alt=\"Dues generacions posant fil a l'agulla a una amistat.\" width=\"480\" height=\"360\" data-entity-type=\"file\" data-entity-uuid=\"f9e4f36e-15e4-47eb-81fc-d00508e538f2\" data-image-style=\"large\" \/><figcaption>Dos generaciones hilando una amistad.<\/figcaption><\/figure>\n<p><span style=\"color: #000000;\">La <strong>uni\u00f3n de culturas<\/strong> se pudo degustar compartiendo el desayuno, que combin\u00f3 dulces t\u00edpicos de la India y Pakist\u00e1n hechos por las mujeres del Casal dels Infants con mantecados tra\u00eddos por la gente mayor. M\u00e1s all\u00e1 de este intercambio, el encuentro fue una experiencia real de <strong>convivencia<\/strong> que reivindic\u00f3 la diversidad del barrio y las actividades comunitarias.<\/span><\/p>\n<p><span style=\"color: #000000;\">Una vez entablada la amistad, ambos grupos tienen claro que seguir\u00e1n compartiendo experiencias. De hecho, ya han apalabrado que en el pr\u00f3ximo encuentro las mujeres de \u201cEl hilo del Casal\u201d ense\u00f1ar\u00e1n a las persones de Amics de la gent gran sus <strong>creaciones textiles<\/strong>.<\/span><\/p>\n","protected":false},"excerpt":{"rendered":"<p>\u201cEl hilo del Casal\u201d, el grupo de mujeres del Casal dels Infants de Santa Coloma de Gramenet que participa en el Casal Familiar y que mediante la costura comparte un espacio de crecimiento colectivo, recibi\u00f3 el s\u00e1bado 24 de marzo una visita muy especial: la de participantes de la asociaci\u00f3n Amics de la gent gran [&hellip;]<\/p>\n","protected":false},"author":1,"featured_media":3495,"comment_status":"open","ping_status":"open","sticky":false,"template":"","format":"standard","meta":{"_acf_changed":false,"_et_pb_use_builder":"","_et_pb_old_content":"","_et_gb_content_width":"","inline_featured_image":false,"footnotes":""},"categories":[125],"tags":[],"seus":[160],"eixos":[],"class_list":["post-4509","post","type-post","status-publish","format-standard","has-post-thumbnail","hentry","category-noticias","seus-santa-coloma-de-gramenet"],"acf":[],"yoast_head":"<!-- This site is optimized with the Yoast SEO plugin v27.4 - https:\/\/yoast.com\/product\/yoast-seo-wordpress\/ -->\n<title>Generaciones entretejidas por la inclusi\u00f3n - Casal dels Infants<\/title>\n<meta name=\"robots\" content=\"index, follow, max-snippet:-1, max-image-preview:large, max-video-preview:-1\" \/>\n<link rel=\"canonical\" href=\"https:\/\/www.casaldelsinfants.org\/es\/actualidad\/generacions-entreteixides-la-inclusio\/\" \/>\n<meta property=\"og:locale\" content=\"es_ES\" \/>\n<meta property=\"og:type\" content=\"article\" \/>\n<meta property=\"og:title\" content=\"Generaciones entretejidas por la inclusi\u00f3n - Casal dels Infants\" \/>\n<meta property=\"og:description\" content=\"\u201cEl hilo del Casal\u201d, el grupo de mujeres del Casal dels Infants de Santa Coloma de Gramenet que participa en el Casal Familiar y que mediante la costura comparte un espacio de crecimiento colectivo, recibi\u00f3 el s\u00e1bado 24 de marzo una visita muy especial: la de participantes de la asociaci\u00f3n Amics de la gent gran [&hellip;]\" \/>\n<meta property=\"og:url\" content=\"https:\/\/www.casaldelsinfants.org\/es\/actualidad\/generacions-entreteixides-la-inclusio\/\" \/>\n<meta property=\"og:site_name\" content=\"Casal dels Infants\" \/>\n<meta property=\"article:publisher\" content=\"https:\/\/www.facebook.com\/casalinfants\" \/>\n<meta property=\"article:published_time\" content=\"2018-03-27T09:29:38+00:00\" \/>\n<meta property=\"article:modified_time\" content=\"2023-09-05T07:41:37+00:00\" \/>\n<meta property=\"og:image\" content=\"https:\/\/www.casaldelsinfants.org\/wp-content\/uploads\/descarga-1.png\" \/>\n\t<meta property=\"og:image:width\" content=\"1546\" \/>\n\t<meta property=\"og:image:height\" content=\"1160\" \/>\n\t<meta property=\"og:image:type\" content=\"image\/png\" \/>\n<meta name=\"author\" content=\"cdiAdmin\" \/>\n<meta name=\"twitter:card\" content=\"summary_large_image\" \/>\n<meta name=\"twitter:creator\" content=\"@casalinfants\" \/>\n<meta name=\"twitter:site\" content=\"@casalinfants\" \/>\n<meta name=\"twitter:label1\" content=\"Escrito por\" \/>\n\t<meta name=\"twitter:data1\" content=\"cdiAdmin\" \/>\n\t<meta name=\"twitter:label2\" content=\"Tiempo de lectura\" \/>\n\t<meta name=\"twitter:data2\" content=\"3 minutos\" \/>\n<script type=\"application\/ld+json\" class=\"yoast-schema-graph\">{\"@context\":\"https:\\\/\\\/schema.org\",\"@graph\":[{\"@type\":\"Article\",\"@id\":\"https:\\\/\\\/www.casaldelsinfants.org\\\/es\\\/actualidad\\\/generacions-entreteixides-la-inclusio\\\/#article\",\"isPartOf\":{\"@id\":\"https:\\\/\\\/www.casaldelsinfants.org\\\/es\\\/actualidad\\\/generacions-entreteixides-la-inclusio\\\/\"},\"author\":{\"name\":\"cdiAdmin\",\"@id\":\"https:\\\/\\\/www.casaldelsinfants.org\\\/es\\\/#\\\/schema\\\/person\\\/97707fc8c64900cf36891127dbf9fba8\"},\"headline\":\"Generaciones entretejidas por la inclusi\u00f3n\",\"datePublished\":\"2018-03-27T09:29:38+00:00\",\"dateModified\":\"2023-09-05T07:41:37+00:00\",\"mainEntityOfPage\":{\"@id\":\"https:\\\/\\\/www.casaldelsinfants.org\\\/es\\\/actualidad\\\/generacions-entreteixides-la-inclusio\\\/\"},\"wordCount\":360,\"commentCount\":0,\"publisher\":{\"@id\":\"https:\\\/\\\/www.casaldelsinfants.org\\\/es\\\/#organization\"},\"image\":{\"@id\":\"https:\\\/\\\/www.casaldelsinfants.org\\\/es\\\/actualidad\\\/generacions-entreteixides-la-inclusio\\\/#primaryimage\"},\"thumbnailUrl\":\"https:\\\/\\\/www.casaldelsinfants.org\\\/wp-content\\\/uploads\\\/descarga-1.png\",\"articleSection\":[\"Noticia\"],\"inLanguage\":\"es\",\"potentialAction\":[{\"@type\":\"CommentAction\",\"name\":\"Comment\",\"target\":[\"https:\\\/\\\/www.casaldelsinfants.org\\\/es\\\/actualidad\\\/generacions-entreteixides-la-inclusio\\\/#respond\"]}]},{\"@type\":\"WebPage\",\"@id\":\"https:\\\/\\\/www.casaldelsinfants.org\\\/es\\\/actualidad\\\/generacions-entreteixides-la-inclusio\\\/\",\"url\":\"https:\\\/\\\/www.casaldelsinfants.org\\\/es\\\/actualidad\\\/generacions-entreteixides-la-inclusio\\\/\",\"name\":\"Generaciones entretejidas por la inclusi\u00f3n - Casal dels Infants\",\"isPartOf\":{\"@id\":\"https:\\\/\\\/www.casaldelsinfants.org\\\/es\\\/#website\"},\"primaryImageOfPage\":{\"@id\":\"https:\\\/\\\/www.casaldelsinfants.org\\\/es\\\/actualidad\\\/generacions-entreteixides-la-inclusio\\\/#primaryimage\"},\"image\":{\"@id\":\"https:\\\/\\\/www.casaldelsinfants.org\\\/es\\\/actualidad\\\/generacions-entreteixides-la-inclusio\\\/#primaryimage\"},\"thumbnailUrl\":\"https:\\\/\\\/www.casaldelsinfants.org\\\/wp-content\\\/uploads\\\/descarga-1.png\",\"datePublished\":\"2018-03-27T09:29:38+00:00\",\"dateModified\":\"2023-09-05T07:41:37+00:00\",\"breadcrumb\":{\"@id\":\"https:\\\/\\\/www.casaldelsinfants.org\\\/es\\\/actualidad\\\/generacions-entreteixides-la-inclusio\\\/#breadcrumb\"},\"inLanguage\":\"es\",\"potentialAction\":[{\"@type\":\"ReadAction\",\"target\":[\"https:\\\/\\\/www.casaldelsinfants.org\\\/es\\\/actualidad\\\/generacions-entreteixides-la-inclusio\\\/\"]}]},{\"@type\":\"ImageObject\",\"inLanguage\":\"es\",\"@id\":\"https:\\\/\\\/www.casaldelsinfants.org\\\/es\\\/actualidad\\\/generacions-entreteixides-la-inclusio\\\/#primaryimage\",\"url\":\"https:\\\/\\\/www.casaldelsinfants.org\\\/wp-content\\\/uploads\\\/descarga-1.png\",\"contentUrl\":\"https:\\\/\\\/www.casaldelsinfants.org\\\/wp-content\\\/uploads\\\/descarga-1.png\",\"width\":1546,\"height\":1160,\"caption\":\"Generacions entreteixides de la inclusi\u00f3.\"},{\"@type\":\"BreadcrumbList\",\"@id\":\"https:\\\/\\\/www.casaldelsinfants.org\\\/es\\\/actualidad\\\/generacions-entreteixides-la-inclusio\\\/#breadcrumb\",\"itemListElement\":[{\"@type\":\"ListItem\",\"position\":1,\"name\":\"Inici\",\"item\":\"https:\\\/\\\/www.casaldelsinfants.org\\\/es\\\/\"},{\"@type\":\"ListItem\",\"position\":2,\"name\":\"Generaciones entretejidas por la inclusi\u00f3n\"}]},{\"@type\":\"WebSite\",\"@id\":\"https:\\\/\\\/www.casaldelsinfants.org\\\/es\\\/#website\",\"url\":\"https:\\\/\\\/www.casaldelsinfants.org\\\/es\\\/\",\"name\":\"Casal dels Infants\",\"description\":\"\",\"publisher\":{\"@id\":\"https:\\\/\\\/www.casaldelsinfants.org\\\/es\\\/#organization\"},\"potentialAction\":[{\"@type\":\"SearchAction\",\"target\":{\"@type\":\"EntryPoint\",\"urlTemplate\":\"https:\\\/\\\/www.casaldelsinfants.org\\\/es\\\/?s={search_term_string}\"},\"query-input\":{\"@type\":\"PropertyValueSpecification\",\"valueRequired\":true,\"valueName\":\"search_term_string\"}}],\"inLanguage\":\"es\"},{\"@type\":\"Organization\",\"@id\":\"https:\\\/\\\/www.casaldelsinfants.org\\\/es\\\/#organization\",\"name\":\"Casal dels Infants\",\"url\":\"https:\\\/\\\/www.casaldelsinfants.org\\\/es\\\/\",\"logo\":{\"@type\":\"ImageObject\",\"inLanguage\":\"es\",\"@id\":\"https:\\\/\\\/www.casaldelsinfants.org\\\/es\\\/#\\\/schema\\\/logo\\\/image\\\/\",\"url\":\"https:\\\/\\\/www.casaldelsinfants.org\\\/wp-content\\\/uploads\\\/logo-mail.png\",\"contentUrl\":\"https:\\\/\\\/www.casaldelsinfants.org\\\/wp-content\\\/uploads\\\/logo-mail.png\",\"width\":380,\"height\":158,\"caption\":\"Casal dels Infants\"},\"image\":{\"@id\":\"https:\\\/\\\/www.casaldelsinfants.org\\\/es\\\/#\\\/schema\\\/logo\\\/image\\\/\"},\"sameAs\":[\"https:\\\/\\\/www.facebook.com\\\/casalinfants\",\"https:\\\/\\\/x.com\\\/casalinfants\",\"https:\\\/\\\/www.youtube.com\\\/user\\\/CasaldelsInfants1\",\"https:\\\/\\\/www.instagram.com\\\/casalinfants\\\/\",\"https:\\\/\\\/www.linkedin.com\\\/company\\\/casaldelsinfants?trk=organization-update_share-update_actor-text\"]},{\"@type\":\"Person\",\"@id\":\"https:\\\/\\\/www.casaldelsinfants.org\\\/es\\\/#\\\/schema\\\/person\\\/97707fc8c64900cf36891127dbf9fba8\",\"name\":\"cdiAdmin\",\"sameAs\":[\"https:\\\/\\\/casaldelsinfants.org\"]}]}<\/script>\n<!-- \/ Yoast SEO plugin. -->","yoast_head_json":{"title":"Generaciones entretejidas por la inclusi\u00f3n - Casal dels Infants","robots":{"index":"index","follow":"follow","max-snippet":"max-snippet:-1","max-image-preview":"max-image-preview:large","max-video-preview":"max-video-preview:-1"},"canonical":"https:\/\/www.casaldelsinfants.org\/es\/actualidad\/generacions-entreteixides-la-inclusio\/","og_locale":"es_ES","og_type":"article","og_title":"Generaciones entretejidas por la inclusi\u00f3n - Casal dels Infants","og_description":"\u201cEl hilo del Casal\u201d, el grupo de mujeres del Casal dels Infants de Santa Coloma de Gramenet que participa en el Casal Familiar y que mediante la costura comparte un espacio de crecimiento colectivo, recibi\u00f3 el s\u00e1bado 24 de marzo una visita muy especial: la de participantes de la asociaci\u00f3n Amics de la gent gran [&hellip;]","og_url":"https:\/\/www.casaldelsinfants.org\/es\/actualidad\/generacions-entreteixides-la-inclusio\/","og_site_name":"Casal dels Infants","article_publisher":"https:\/\/www.facebook.com\/casalinfants","article_published_time":"2018-03-27T09:29:38+00:00","article_modified_time":"2023-09-05T07:41:37+00:00","og_image":[{"width":1546,"height":1160,"url":"https:\/\/www.casaldelsinfants.org\/wp-content\/uploads\/descarga-1.png","type":"image\/png"}],"author":"cdiAdmin","twitter_card":"summary_large_image","twitter_creator":"@casalinfants","twitter_site":"@casalinfants","twitter_misc":{"Escrito por":"cdiAdmin","Tiempo de lectura":"3 minutos"},"schema":{"@context":"https:\/\/schema.org","@graph":[{"@type":"Article","@id":"https:\/\/www.casaldelsinfants.org\/es\/actualidad\/generacions-entreteixides-la-inclusio\/#article","isPartOf":{"@id":"https:\/\/www.casaldelsinfants.org\/es\/actualidad\/generacions-entreteixides-la-inclusio\/"},"author":{"name":"cdiAdmin","@id":"https:\/\/www.casaldelsinfants.org\/es\/#\/schema\/person\/97707fc8c64900cf36891127dbf9fba8"},"headline":"Generaciones entretejidas por la inclusi\u00f3n","datePublished":"2018-03-27T09:29:38+00:00","dateModified":"2023-09-05T07:41:37+00:00","mainEntityOfPage":{"@id":"https:\/\/www.casaldelsinfants.org\/es\/actualidad\/generacions-entreteixides-la-inclusio\/"},"wordCount":360,"commentCount":0,"publisher":{"@id":"https:\/\/www.casaldelsinfants.org\/es\/#organization"},"image":{"@id":"https:\/\/www.casaldelsinfants.org\/es\/actualidad\/generacions-entreteixides-la-inclusio\/#primaryimage"},"thumbnailUrl":"https:\/\/www.casaldelsinfants.org\/wp-content\/uploads\/descarga-1.png","articleSection":["Noticia"],"inLanguage":"es","potentialAction":[{"@type":"CommentAction","name":"Comment","target":["https:\/\/www.casaldelsinfants.org\/es\/actualidad\/generacions-entreteixides-la-inclusio\/#respond"]}]},{"@type":"WebPage","@id":"https:\/\/www.casaldelsinfants.org\/es\/actualidad\/generacions-entreteixides-la-inclusio\/","url":"https:\/\/www.casaldelsinfants.org\/es\/actualidad\/generacions-entreteixides-la-inclusio\/","name":"Generaciones entretejidas por la inclusi\u00f3n - Casal dels Infants","isPartOf":{"@id":"https:\/\/www.casaldelsinfants.org\/es\/#website"},"primaryImageOfPage":{"@id":"https:\/\/www.casaldelsinfants.org\/es\/actualidad\/generacions-entreteixides-la-inclusio\/#primaryimage"},"image":{"@id":"https:\/\/www.casaldelsinfants.org\/es\/actualidad\/generacions-entreteixides-la-inclusio\/#primaryimage"},"thumbnailUrl":"https:\/\/www.casaldelsinfants.org\/wp-content\/uploads\/descarga-1.png","datePublished":"2018-03-27T09:29:38+00:00","dateModified":"2023-09-05T07:41:37+00:00","breadcrumb":{"@id":"https:\/\/www.casaldelsinfants.org\/es\/actualidad\/generacions-entreteixides-la-inclusio\/#breadcrumb"},"inLanguage":"es","potentialAction":[{"@type":"ReadAction","target":["https:\/\/www.casaldelsinfants.org\/es\/actualidad\/generacions-entreteixides-la-inclusio\/"]}]},{"@type":"ImageObject","inLanguage":"es","@id":"https:\/\/www.casaldelsinfants.org\/es\/actualidad\/generacions-entreteixides-la-inclusio\/#primaryimage","url":"https:\/\/www.casaldelsinfants.org\/wp-content\/uploads\/descarga-1.png","contentUrl":"https:\/\/www.casaldelsinfants.org\/wp-content\/uploads\/descarga-1.png","width":1546,"height":1160,"caption":"Generacions entreteixides de la inclusi\u00f3."},{"@type":"BreadcrumbList","@id":"https:\/\/www.casaldelsinfants.org\/es\/actualidad\/generacions-entreteixides-la-inclusio\/#breadcrumb","itemListElement":[{"@type":"ListItem","position":1,"name":"Inici","item":"https:\/\/www.casaldelsinfants.org\/es\/"},{"@type":"ListItem","position":2,"name":"Generaciones entretejidas por la inclusi\u00f3n"}]},{"@type":"WebSite","@id":"https:\/\/www.casaldelsinfants.org\/es\/#website","url":"https:\/\/www.casaldelsinfants.org\/es\/","name":"Casal dels Infants","description":"","publisher":{"@id":"https:\/\/www.casaldelsinfants.org\/es\/#organization"},"potentialAction":[{"@type":"SearchAction","target":{"@type":"EntryPoint","urlTemplate":"https:\/\/www.casaldelsinfants.org\/es\/?s={search_term_string}"},"query-input":{"@type":"PropertyValueSpecification","valueRequired":true,"valueName":"search_term_string"}}],"inLanguage":"es"},{"@type":"Organization","@id":"https:\/\/www.casaldelsinfants.org\/es\/#organization","name":"Casal dels Infants","url":"https:\/\/www.casaldelsinfants.org\/es\/","logo":{"@type":"ImageObject","inLanguage":"es","@id":"https:\/\/www.casaldelsinfants.org\/es\/#\/schema\/logo\/image\/","url":"https:\/\/www.casaldelsinfants.org\/wp-content\/uploads\/logo-mail.png","contentUrl":"https:\/\/www.casaldelsinfants.org\/wp-content\/uploads\/logo-mail.png","width":380,"height":158,"caption":"Casal dels Infants"},"image":{"@id":"https:\/\/www.casaldelsinfants.org\/es\/#\/schema\/logo\/image\/"},"sameAs":["https:\/\/www.facebook.com\/casalinfants","https:\/\/x.com\/casalinfants","https:\/\/www.youtube.com\/user\/CasaldelsInfants1","https:\/\/www.instagram.com\/casalinfants\/","https:\/\/www.linkedin.com\/company\/casaldelsinfants?trk=organization-update_share-update_actor-text"]},{"@type":"Person","@id":"https:\/\/www.casaldelsinfants.org\/es\/#\/schema\/person\/97707fc8c64900cf36891127dbf9fba8","name":"cdiAdmin","sameAs":["https:\/\/casaldelsinfants.org"]}]}},"publishpress_future_action":{"enabled":false,"date":"2026-05-07 08:09:29","action":"change-status","newStatus":"draft","terms":[],"taxonomy":"category","extraData":[]},"publishpress_future_workflow_manual_trigger":{"enabledWorkflows":[]},"_links":{"self":[{"href":"https:\/\/www.casaldelsinfants.org\/es\/wp-json\/wp\/v2\/posts\/4509","targetHints":{"allow":["GET"]}}],"collection":[{"href":"https:\/\/www.casaldelsinfants.org\/es\/wp-json\/wp\/v2\/posts"}],"about":[{"href":"https:\/\/www.casaldelsinfants.org\/es\/wp-json\/wp\/v2\/types\/post"}],"author":[{"embeddable":true,"href":"https:\/\/www.casaldelsinfants.org\/es\/wp-json\/wp\/v2\/users\/1"}],"replies":[{"embeddable":true,"href":"https:\/\/www.casaldelsinfants.org\/es\/wp-json\/wp\/v2\/comments?post=4509"}],"version-history":[{"count":2,"href":"https:\/\/www.casaldelsinfants.org\/es\/wp-json\/wp\/v2\/posts\/4509\/revisions"}],"predecessor-version":[{"id":13692,"href":"https:\/\/www.casaldelsinfants.org\/es\/wp-json\/wp\/v2\/posts\/4509\/revisions\/13692"}],"wp:featuredmedia":[{"embeddable":true,"href":"https:\/\/www.casaldelsinfants.org\/es\/wp-json\/wp\/v2\/media\/3495"}],"wp:attachment":[{"href":"https:\/\/www.casaldelsinfants.org\/es\/wp-json\/wp\/v2\/media?parent=4509"}],"wp:term":[{"taxonomy":"category","embeddable":true,"href":"https:\/\/www.casaldelsinfants.org\/es\/wp-json\/wp\/v2\/categories?post=4509"},{"taxonomy":"post_tag","embeddable":true,"href":"https:\/\/www.casaldelsinfants.org\/es\/wp-json\/wp\/v2\/tags?post=4509"},{"taxonomy":"seus","embeddable":true,"href":"https:\/\/www.casaldelsinfants.org\/es\/wp-json\/wp\/v2\/seus?post=4509"},{"taxonomy":"eixos","embeddable":true,"href":"https:\/\/www.casaldelsinfants.org\/es\/wp-json\/wp\/v2\/eixos?post=4509"}],"curies":[{"name":"wp","href":"https:\/\/api.w.org\/{rel}","templated":true}]}}