{"id":4511,"date":"2018-03-16T15:00:59","date_gmt":"2018-03-16T13:00:59","guid":{"rendered":"https:\/\/casal.puntzero.cat\/noticies\/ddones-llevat-una-fornada-de-dones-lluitadores-la-mina\/"},"modified":"2022-08-17T11:22:13","modified_gmt":"2022-08-17T09:22:13","slug":"ddones-llevat-una-fornada-de-dones-lluitadores-la-mina","status":"publish","type":"post","link":"https:\/\/www.casaldelsinfants.org\/es\/actualidad\/ddones-llevat-una-hornada-de-mujeres-luchadoras-en-la-mina\/","title":{"rendered":"dDones-Lleva\u2019t: una hornada de mujeres luchadoras en La Mina"},"content":{"rendered":"<p>En un rinc\u00f3n de la sala, haciendo preguntas para animar la interacci\u00f3n entre todas ellas, <strong>Sara Ruiz<\/strong>, educadora del proyecto, era la persona indicada para explicar el contexto y el objetivo de <strong>dDones-Lleva\u2019t<\/strong>: \u201cEl proyecto se dirige a <strong>mujeres de entre 16 y 30 a\u00f1os <\/strong>de <strong>Sant Adri\u00e0 de Bes\u00f2s<\/strong>, prioritariamente de <strong>La Mina<\/strong>\u201d, comentaba. \u201cMuchas de ellas han perdido la motivaci\u00f3n para estudiar, no trabajan, se casan muy j\u00f3venes y tienen hijos. Se encuentran con muchas cargas familiares y una situaci\u00f3n de pobreza que se perpet\u00faa entre mujeres de generaci\u00f3n en generaci\u00f3n\u201d.<\/p>\n<p>\u00bfQu\u00e9 les hace falta, pues, para romper este c\u00edrculo de exclusi\u00f3n social? \u201cUn espacio para desarrollar <strong>competencias<\/strong> que mejoren su <strong>ocupabilidad<\/strong>, y que as\u00ed se inserten en el mundo laboral. Es lo que tratamos que puedan conseguir en el proyecto, concretamente en el \u00e1mbito de los<strong> hornos<\/strong> y las <strong>cafeter\u00edas<\/strong>\u201d.<\/p>\n<p>\u00a0<\/p>\n<figure role=\"group\" class=\"align-center\">\n<img decoding=\"async\" alt=\"Participants del projecte dDones-Lleva't i les seves familiars durant la trobada\" data-entity-type=\"file\" data-entity-uuid=\"e49a7dd0-fc8d-489f-990a-6fcb488325be\" data-image-style=\"large\" height=\"320\" src=\"\/wp-content\/uploads\/inline-images\/IMG_0590.JPG\" typeof=\"foaf:Image\" width=\"480\" \/><figcaption>Participantes del dDones-Lleva&#8217;t y sus familiares durante la merienda.<\/figcaption><\/figure>\n<p>\u00a0<\/p>\n<p>Y es lo que trata de conseguir<strong> Julia Amaya<\/strong>, una de las participantes. A sus 21 a\u00f1os ya hab\u00eda hecho varios cursillos y formaciones, pero ninguno hab\u00eda sido un punto de inflexi\u00f3n para redirigir su futuro. \u201cAl principio pens\u00e9, \u00bfun curso m\u00e1s? Pero record\u00e9 lo que siempre le dec\u00eda a mi madre cuando pas\u00e1bamos por una panader\u00eda: que <strong>s\u00ed que me ve\u00eda trabajando all\u00ed<\/strong>, que me gustar\u00eda probarlo\u201d.<\/p>\n<p class=\"destacat-noticia\"><font color=\"#000000\">Julia: <\/font>\u00abRecord\u00e9 lo que siempre le dec\u00eda a mi madre cuando pas\u00e1bamos por una panader\u00eda: que <strong>s\u00ed que me ve\u00eda trabajando all\u00ed<\/strong>, que me gustar\u00eda probarlo\u201d<\/p>\n<p>Y lo prob\u00f3. La primera fase, al entrar en el dDones-Lleva\u2019t, es pasar por el <strong>espacio de desarrollo competencial b\u00e1sico<\/strong>, en el que las mujeres y el equipo del proyecto se conocen y trabajan competencias de manera transversal y bastante l\u00fadica. \u201cNos ense\u00f1aron a utilizar el ordenador, el correo electr\u00f3nico, a respetarnos, a tener buena actitud\u2026Cada d\u00eda habl\u00e1bamos un rato en catal\u00e1n y ten\u00edamos que saber decir nuevas palabras en ingl\u00e9s\u201d, comentaba Julia a\u00f1adiendo un <em>hello<\/em>, un <em>goodbye<\/em>, un <em>sorry<\/em> y para rematarlo un <em>thank you<\/em>. Y que dec\u00eda al respecto Sara? \u201cLas chicas llegan dispersas. Hace tiempo que han dejado el circuito acad\u00e9mico y no tienen la habilidad de estudiar. Tienen que dar un <strong>salto muy grande<\/strong> para conseguir una<strong> inserci\u00f3n laboral<\/strong>\u201d.<\/p>\n<p>\u00a0<\/p>\n<figure role=\"group\" class=\"align-center\">\n<img decoding=\"async\" alt=\"Mural fet per les participants del projecte dDones-Lleva't.\" data-entity-type=\"file\" data-entity-uuid=\"d6ca6342-8263-499d-a40a-634eb275e1ad\" data-image-style=\"large\" height=\"320\" src=\"\/wp-content\/uploads\/inline-images\/IMG_0600.JPG\" typeof=\"foaf:Image\" width=\"480\" \/><figcaption>Mural hecho por las participantes del proyecto.<\/figcaption><\/figure>\n<p>\u00a0<\/p>\n<p>Una vez trabajadas las competencias b\u00e1sicas, el siguiente escal\u00f3n es la <strong>formaci\u00f3n t\u00e9cnica dual<\/strong>, que consta de <strong>cinco c\u00e1psulas formativas<\/strong> como paso previo a hacer las <strong>pr\u00e1cticas<\/strong> en el sector del horno y la cafeter\u00eda. En el caso de las chicas que tienen experiencia previa en procesos formativos o en la atenci\u00f3n al cliente, como es el caso de Julia, pueden hacer directamente las pr\u00e1cticas.<\/p>\n<p>El primer d\u00eda que Julia fue a <strong>Cloudstreet Bakery<\/strong> estaba un poco asustada.\u00a0Y tambi\u00e9n <strong>Dolores<\/strong>, su madre, que a media merienda lo explicaba: \u201cSe ten\u00eda que levantar a las cinco de la ma\u00f1ana, y nos daba miedo que le pasara algo en el camino al trabajo. Pero ya se ha adaptado, todo va bien\u201d. Los miedos de Julia ven\u00edan del hecho de tener que estar a la altura del reto: \u201cAl principio no sab\u00eda utilizar la caja registradora, ni qu\u00e9 era cada producto\u2026 \u00a1Pero cuando llevaba una semana ya me lo hab\u00eda aprendido todo! Cada vez me gusta m\u00e1s. Ahora ya s\u00e9 que es lo que m\u00e1s se vende, por ejemplo\u201d.<\/p>\n<p>La inseguridad inicial de las chicas al principio del proceso no es casual. Tinene mucho que ver con su <strong>baja auotestima<\/strong> y la <strong>sobreprotecci\u00f3n de las familias<\/strong>. Ante esta situaci\u00f3n, el dDones-Lleva\u2019t quiere dejar una <strong>semilla de confianza en las chicas y en su entorno<\/strong>. \u201cLa comunidad gitana, a la que pertenecen, se encuentra socialmente excluida. Tenemos muchos tab\u00fas y prejuicios por romper, fuera y dentro de la comunidad. Muchos obst\u00e1culos que tienen las mujeres los ponen las mismas familias. \u00a1Las tienen que dejar salir de las cajitas!\u201d, dec\u00eda Sara.<\/p>\n<p>\u00a0<\/p>\n<figure role=\"group\" class=\"align-center\">\n<img decoding=\"async\" alt=\"D'esquerra a dreta, la Maria, la Julia i la Sara\" data-entity-type=\"file\" data-entity-uuid=\"28d37d80-8e8e-4b50-87bd-f9ae58096886\" data-image-style=\"large\" height=\"320\" src=\"\/wp-content\/uploads\/inline-images\/IMG_0580.JPG\" typeof=\"foaf:Image\" width=\"480\" \/><figcaption>De izquierda a derecha, Maria, Julia y Sara.<\/figcaption><\/figure>\n<p>\u00a0<\/p>\n<p>Las cajitas, como dice Sara, parec\u00edan estar abri\u00e9ndose, escuchando a Dolores: \u201cVale la pena <strong>que las madres apoyen a sus hijas<\/strong>, porque la formaci\u00f3n es un bien para ellas. La venda ambulante no da para nada\u2026 A m\u00ed tambi\u00e9n me hubiera gustado tener un trabajo as\u00ed, pero no s\u00e9 leer ni escribir\u201d. En otras palabras: el paso delante de las mujeres es imprescindible para el progreso social en cualquier \u00e1mbito, pero todav\u00eda lo es m\u00e1s en la comunidad gitana. O como apuntaba Sara: \u201cSi las madres entienden que son muy importantes en el proceso de <strong>apoderamiento de sus hijas<\/strong>, har\u00e1n que los obst\u00e1culos de las chicas sean m\u00e1s peque\u00f1os, y esto se transmitir\u00e1 de generaci\u00f3n en generaci\u00f3n entre mujeres y provocar\u00e1 una <strong>transformaci\u00f3n real<\/strong>\u201d.<\/p>\n<p class=\"destacat-noticia\"><span style=\"color:#000000;\">Dolores: <\/span>\u201cVale la pena <strong>que las madres apoyen a sus hijas<\/strong>, porque la formaci\u00f3n es un bien para ellas. La venda ambulante no da para nada\u2026 A m\u00ed tambi\u00e9n me hubiera gustado tener un trabajo as\u00ed, pero no s\u00e9 leer ni escribir\u201d<\/p>\n<p>Hoy, Julia, que aquella tarde recog\u00eda un diploma por haber empezado las <strong>100 horas de pr\u00e1cticas<\/strong> en la formaci\u00f3n, ya ha entrado en el espacio de b\u00fasqueda de trabajo, la \u00faltima fase del proyecto. Con el apoyo de seis personas voluntarias del equipo buscar\u00e1 una empresa comprometida con la igualdad de oportunidades que le pueda ofrecer un primer contrato de trabajo, cerrando as\u00ed el proceso de inserci\u00f3n laboral. Tambi\u00e9n Mari, otra de las participantes, que el d\u00eda de la merienda iba acompa\u00f1ada de su hija. Sus compa\u00f1eras, en este momento <strong>25 mujeres<\/strong>, seguir\u00e1n sus pasos para <strong>completar la hornada de mujeres luchadoras<\/strong>.<\/p>\n<blockquote>\n<p class=\"verd\"><em><strong><span style=\"color:#000000;\">El proyecto dDones-Lleva&#8217;t lo impulsan conjuntamente<\/span> <a href=\"https:\/\/www.salesianssantjordi.org\/es\/lamina-es\/\">PES La Mina<\/a> <span style=\"color:#000000;\">y el Casal dels Infants, con el apoyo de Obra Social La Caixa.<\/span><\/strong><\/em><\/p>\n<\/blockquote>\n","protected":false},"excerpt":{"rendered":"<h3 class=\"text-align-center\"><span style=\"font-size:22px;\"><span style=\"font-family:&quot;Myriad Pro&quot;,&quot;sans-serif&quot;\">El 7 de marzo una trentena de mujeres del barrio de La Mina de Sant Adri\u00e0 de Bes\u00f2s se reun\u00eda en el local del Casal dels Infants. Se respiraba ambiente de vigilia del D\u00eda de la Mujer: ganas de levantar la voz y reivindicar el potencial de las presentes. Las m\u00e1s j\u00f3venes quer\u00edan explicar la experiencia que estaban viviendo en el dDones-Lleva\u2019t, un proyecto de inserci\u00f3n sociolaboral que ofrece formaci\u00f3n en dependienta de panader\u00eda y cafeter\u00eda. Las escuchar\u00edan sus madres y otras parientas, fundamentales para romper el c\u00edrculo de la exclusi\u00f3n de las mujeres de la comunidad gitana.<\/span><\/span><\/h3>\n<p>\u00a0<\/p>\n","protected":false},"author":1,"featured_media":3501,"comment_status":"open","ping_status":"open","sticky":false,"template":"","format":"standard","meta":{"_acf_changed":false,"_et_pb_use_builder":"","_et_pb_old_content":"","_et_gb_content_width":"","inline_featured_image":false,"footnotes":""},"categories":[105],"tags":[115,117],"seus":[17],"eixos":[102],"class_list":["post-4511","post","type-post","status-publish","format-standard","has-post-thumbnail","hentry","category-reportaje","tag-formacion","tag-mujeres","seus-besos-la-mina","eixos-jovenes"],"acf":[],"yoast_head":"<!-- This site is optimized with the Yoast SEO plugin v27.4 - https:\/\/yoast.com\/product\/yoast-seo-wordpress\/ -->\n<title>dDones-Lleva\u2019t: una hornada de mujeres luchadoras en La Mina - Casal dels Infants<\/title>\n<meta name=\"robots\" content=\"index, follow, max-snippet:-1, max-image-preview:large, max-video-preview:-1\" \/>\n<link rel=\"canonical\" href=\"https:\/\/www.casaldelsinfants.org\/es\/actualidad\/ddones-llevat-una-hornada-de-mujeres-luchadoras-en-la-mina\/\" \/>\n<meta property=\"og:locale\" content=\"es_ES\" \/>\n<meta property=\"og:type\" content=\"article\" \/>\n<meta property=\"og:title\" content=\"dDones-Lleva\u2019t: una hornada de mujeres luchadoras en La Mina - Casal dels Infants\" \/>\n<meta property=\"og:description\" content=\"El 7 de marzo una trentena de mujeres del barrio de La Mina de Sant Adri\u00e0 de Bes\u00f2s se reun\u00eda en el local del Casal dels Infants. Se respiraba ambiente de vigilia del D\u00eda de la Mujer: ganas de levantar la voz y reivindicar el potencial de las presentes. Las m\u00e1s j\u00f3venes quer\u00edan explicar la experiencia que estaban viviendo en el dDones-Lleva\u2019t, un proyecto de inserci\u00f3n sociolaboral que ofrece formaci\u00f3n en dependienta de panader\u00eda y cafeter\u00eda. Las escuchar\u00edan sus madres y otras parientas, fundamentales para romper el c\u00edrculo de la exclusi\u00f3n de las mujeres de la comunidad gitana. \u00a0\" \/>\n<meta property=\"og:url\" content=\"https:\/\/www.casaldelsinfants.org\/es\/actualidad\/ddones-llevat-una-hornada-de-mujeres-luchadoras-en-la-mina\/\" \/>\n<meta property=\"og:site_name\" content=\"Casal dels Infants\" \/>\n<meta property=\"article:publisher\" content=\"https:\/\/www.facebook.com\/casalinfants\" \/>\n<meta property=\"article:published_time\" content=\"2018-03-16T13:00:59+00:00\" \/>\n<meta property=\"article:modified_time\" content=\"2022-08-17T09:22:13+00:00\" \/>\n<meta property=\"og:image\" content=\"https:\/\/www.casaldelsinfants.org\/wp-content\/uploads\/img_0586-scaled.jpg\" \/>\n\t<meta property=\"og:image:width\" content=\"2560\" \/>\n\t<meta property=\"og:image:height\" content=\"1707\" \/>\n\t<meta property=\"og:image:type\" content=\"image\/jpeg\" \/>\n<meta name=\"author\" content=\"cdiAdmin\" \/>\n<meta name=\"twitter:card\" content=\"summary_large_image\" \/>\n<meta name=\"twitter:creator\" content=\"@casalinfants\" \/>\n<meta name=\"twitter:site\" content=\"@casalinfants\" \/>\n<meta name=\"twitter:label1\" content=\"Escrito por\" \/>\n\t<meta name=\"twitter:data1\" content=\"cdiAdmin\" \/>\n\t<meta name=\"twitter:label2\" content=\"Tiempo de lectura\" \/>\n\t<meta name=\"twitter:data2\" content=\"5 minutos\" \/>\n<script type=\"application\/ld+json\" class=\"yoast-schema-graph\">{\"@context\":\"https:\\\/\\\/schema.org\",\"@graph\":[{\"@type\":\"Article\",\"@id\":\"https:\\\/\\\/www.casaldelsinfants.org\\\/es\\\/actualidad\\\/ddones-llevat-una-hornada-de-mujeres-luchadoras-en-la-mina\\\/#article\",\"isPartOf\":{\"@id\":\"https:\\\/\\\/www.casaldelsinfants.org\\\/es\\\/actualidad\\\/ddones-llevat-una-hornada-de-mujeres-luchadoras-en-la-mina\\\/\"},\"author\":{\"name\":\"cdiAdmin\",\"@id\":\"https:\\\/\\\/www.casaldelsinfants.org\\\/es\\\/#\\\/schema\\\/person\\\/97707fc8c64900cf36891127dbf9fba8\"},\"headline\":\"dDones-Lleva\u2019t: una hornada de mujeres luchadoras en La Mina\",\"datePublished\":\"2018-03-16T13:00:59+00:00\",\"dateModified\":\"2022-08-17T09:22:13+00:00\",\"mainEntityOfPage\":{\"@id\":\"https:\\\/\\\/www.casaldelsinfants.org\\\/es\\\/actualidad\\\/ddones-llevat-una-hornada-de-mujeres-luchadoras-en-la-mina\\\/\"},\"wordCount\":1041,\"commentCount\":0,\"publisher\":{\"@id\":\"https:\\\/\\\/www.casaldelsinfants.org\\\/es\\\/#organization\"},\"image\":{\"@id\":\"https:\\\/\\\/www.casaldelsinfants.org\\\/es\\\/actualidad\\\/ddones-llevat-una-hornada-de-mujeres-luchadoras-en-la-mina\\\/#primaryimage\"},\"thumbnailUrl\":\"https:\\\/\\\/www.casaldelsinfants.org\\\/wp-content\\\/uploads\\\/img_0586-scaled.jpg\",\"keywords\":[\"formaci\u00f3n\",\"Mujeres\"],\"articleSection\":[\"Reportaje\"],\"inLanguage\":\"es\",\"potentialAction\":[{\"@type\":\"CommentAction\",\"name\":\"Comment\",\"target\":[\"https:\\\/\\\/www.casaldelsinfants.org\\\/es\\\/actualidad\\\/ddones-llevat-una-hornada-de-mujeres-luchadoras-en-la-mina\\\/#respond\"]}]},{\"@type\":\"WebPage\",\"@id\":\"https:\\\/\\\/www.casaldelsinfants.org\\\/es\\\/actualidad\\\/ddones-llevat-una-hornada-de-mujeres-luchadoras-en-la-mina\\\/\",\"url\":\"https:\\\/\\\/www.casaldelsinfants.org\\\/es\\\/actualidad\\\/ddones-llevat-una-hornada-de-mujeres-luchadoras-en-la-mina\\\/\",\"name\":\"dDones-Lleva\u2019t: una hornada de mujeres luchadoras en La Mina - Casal dels Infants\",\"isPartOf\":{\"@id\":\"https:\\\/\\\/www.casaldelsinfants.org\\\/es\\\/#website\"},\"primaryImageOfPage\":{\"@id\":\"https:\\\/\\\/www.casaldelsinfants.org\\\/es\\\/actualidad\\\/ddones-llevat-una-hornada-de-mujeres-luchadoras-en-la-mina\\\/#primaryimage\"},\"image\":{\"@id\":\"https:\\\/\\\/www.casaldelsinfants.org\\\/es\\\/actualidad\\\/ddones-llevat-una-hornada-de-mujeres-luchadoras-en-la-mina\\\/#primaryimage\"},\"thumbnailUrl\":\"https:\\\/\\\/www.casaldelsinfants.org\\\/wp-content\\\/uploads\\\/img_0586-scaled.jpg\",\"datePublished\":\"2018-03-16T13:00:59+00:00\",\"dateModified\":\"2022-08-17T09:22:13+00:00\",\"breadcrumb\":{\"@id\":\"https:\\\/\\\/www.casaldelsinfants.org\\\/es\\\/actualidad\\\/ddones-llevat-una-hornada-de-mujeres-luchadoras-en-la-mina\\\/#breadcrumb\"},\"inLanguage\":\"es\",\"potentialAction\":[{\"@type\":\"ReadAction\",\"target\":[\"https:\\\/\\\/www.casaldelsinfants.org\\\/es\\\/actualidad\\\/ddones-llevat-una-hornada-de-mujeres-luchadoras-en-la-mina\\\/\"]}]},{\"@type\":\"ImageObject\",\"inLanguage\":\"es\",\"@id\":\"https:\\\/\\\/www.casaldelsinfants.org\\\/es\\\/actualidad\\\/ddones-llevat-una-hornada-de-mujeres-luchadoras-en-la-mina\\\/#primaryimage\",\"url\":\"https:\\\/\\\/www.casaldelsinfants.org\\\/wp-content\\\/uploads\\\/img_0586-scaled.jpg\",\"contentUrl\":\"https:\\\/\\\/www.casaldelsinfants.org\\\/wp-content\\\/uploads\\\/img_0586-scaled.jpg\",\"width\":2560,\"height\":1707,\"caption\":\"Una fornada de dones lluitadores a La Mina\"},{\"@type\":\"BreadcrumbList\",\"@id\":\"https:\\\/\\\/www.casaldelsinfants.org\\\/es\\\/actualidad\\\/ddones-llevat-una-hornada-de-mujeres-luchadoras-en-la-mina\\\/#breadcrumb\",\"itemListElement\":[{\"@type\":\"ListItem\",\"position\":1,\"name\":\"Inici\",\"item\":\"https:\\\/\\\/www.casaldelsinfants.org\\\/es\\\/\"},{\"@type\":\"ListItem\",\"position\":2,\"name\":\"dDones-Lleva\u2019t: una hornada de mujeres luchadoras en La Mina\"}]},{\"@type\":\"WebSite\",\"@id\":\"https:\\\/\\\/www.casaldelsinfants.org\\\/es\\\/#website\",\"url\":\"https:\\\/\\\/www.casaldelsinfants.org\\\/es\\\/\",\"name\":\"Casal dels Infants\",\"description\":\"\",\"publisher\":{\"@id\":\"https:\\\/\\\/www.casaldelsinfants.org\\\/es\\\/#organization\"},\"potentialAction\":[{\"@type\":\"SearchAction\",\"target\":{\"@type\":\"EntryPoint\",\"urlTemplate\":\"https:\\\/\\\/www.casaldelsinfants.org\\\/es\\\/?s={search_term_string}\"},\"query-input\":{\"@type\":\"PropertyValueSpecification\",\"valueRequired\":true,\"valueName\":\"search_term_string\"}}],\"inLanguage\":\"es\"},{\"@type\":\"Organization\",\"@id\":\"https:\\\/\\\/www.casaldelsinfants.org\\\/es\\\/#organization\",\"name\":\"Casal dels Infants\",\"url\":\"https:\\\/\\\/www.casaldelsinfants.org\\\/es\\\/\",\"logo\":{\"@type\":\"ImageObject\",\"inLanguage\":\"es\",\"@id\":\"https:\\\/\\\/www.casaldelsinfants.org\\\/es\\\/#\\\/schema\\\/logo\\\/image\\\/\",\"url\":\"https:\\\/\\\/www.casaldelsinfants.org\\\/wp-content\\\/uploads\\\/logo-mail.png\",\"contentUrl\":\"https:\\\/\\\/www.casaldelsinfants.org\\\/wp-content\\\/uploads\\\/logo-mail.png\",\"width\":380,\"height\":158,\"caption\":\"Casal dels Infants\"},\"image\":{\"@id\":\"https:\\\/\\\/www.casaldelsinfants.org\\\/es\\\/#\\\/schema\\\/logo\\\/image\\\/\"},\"sameAs\":[\"https:\\\/\\\/www.facebook.com\\\/casalinfants\",\"https:\\\/\\\/x.com\\\/casalinfants\",\"https:\\\/\\\/www.youtube.com\\\/user\\\/CasaldelsInfants1\",\"https:\\\/\\\/www.instagram.com\\\/casalinfants\\\/\",\"https:\\\/\\\/www.linkedin.com\\\/company\\\/casaldelsinfants?trk=organization-update_share-update_actor-text\"]},{\"@type\":\"Person\",\"@id\":\"https:\\\/\\\/www.casaldelsinfants.org\\\/es\\\/#\\\/schema\\\/person\\\/97707fc8c64900cf36891127dbf9fba8\",\"name\":\"cdiAdmin\",\"sameAs\":[\"https:\\\/\\\/casaldelsinfants.org\"]}]}<\/script>\n<!-- \/ Yoast SEO plugin. -->","yoast_head_json":{"title":"dDones-Lleva\u2019t: una hornada de mujeres luchadoras en La Mina - Casal dels Infants","robots":{"index":"index","follow":"follow","max-snippet":"max-snippet:-1","max-image-preview":"max-image-preview:large","max-video-preview":"max-video-preview:-1"},"canonical":"https:\/\/www.casaldelsinfants.org\/es\/actualidad\/ddones-llevat-una-hornada-de-mujeres-luchadoras-en-la-mina\/","og_locale":"es_ES","og_type":"article","og_title":"dDones-Lleva\u2019t: una hornada de mujeres luchadoras en La Mina - Casal dels Infants","og_description":"El 7 de marzo una trentena de mujeres del barrio de La Mina de Sant Adri\u00e0 de Bes\u00f2s se reun\u00eda en el local del Casal dels Infants. Se respiraba ambiente de vigilia del D\u00eda de la Mujer: ganas de levantar la voz y reivindicar el potencial de las presentes. Las m\u00e1s j\u00f3venes quer\u00edan explicar la experiencia que estaban viviendo en el dDones-Lleva\u2019t, un proyecto de inserci\u00f3n sociolaboral que ofrece formaci\u00f3n en dependienta de panader\u00eda y cafeter\u00eda. Las escuchar\u00edan sus madres y otras parientas, fundamentales para romper el c\u00edrculo de la exclusi\u00f3n de las mujeres de la comunidad gitana. \u00a0","og_url":"https:\/\/www.casaldelsinfants.org\/es\/actualidad\/ddones-llevat-una-hornada-de-mujeres-luchadoras-en-la-mina\/","og_site_name":"Casal dels Infants","article_publisher":"https:\/\/www.facebook.com\/casalinfants","article_published_time":"2018-03-16T13:00:59+00:00","article_modified_time":"2022-08-17T09:22:13+00:00","og_image":[{"width":2560,"height":1707,"url":"https:\/\/www.casaldelsinfants.org\/wp-content\/uploads\/img_0586-scaled.jpg","type":"image\/jpeg"}],"author":"cdiAdmin","twitter_card":"summary_large_image","twitter_creator":"@casalinfants","twitter_site":"@casalinfants","twitter_misc":{"Escrito por":"cdiAdmin","Tiempo de lectura":"5 minutos"},"schema":{"@context":"https:\/\/schema.org","@graph":[{"@type":"Article","@id":"https:\/\/www.casaldelsinfants.org\/es\/actualidad\/ddones-llevat-una-hornada-de-mujeres-luchadoras-en-la-mina\/#article","isPartOf":{"@id":"https:\/\/www.casaldelsinfants.org\/es\/actualidad\/ddones-llevat-una-hornada-de-mujeres-luchadoras-en-la-mina\/"},"author":{"name":"cdiAdmin","@id":"https:\/\/www.casaldelsinfants.org\/es\/#\/schema\/person\/97707fc8c64900cf36891127dbf9fba8"},"headline":"dDones-Lleva\u2019t: una hornada de mujeres luchadoras en La Mina","datePublished":"2018-03-16T13:00:59+00:00","dateModified":"2022-08-17T09:22:13+00:00","mainEntityOfPage":{"@id":"https:\/\/www.casaldelsinfants.org\/es\/actualidad\/ddones-llevat-una-hornada-de-mujeres-luchadoras-en-la-mina\/"},"wordCount":1041,"commentCount":0,"publisher":{"@id":"https:\/\/www.casaldelsinfants.org\/es\/#organization"},"image":{"@id":"https:\/\/www.casaldelsinfants.org\/es\/actualidad\/ddones-llevat-una-hornada-de-mujeres-luchadoras-en-la-mina\/#primaryimage"},"thumbnailUrl":"https:\/\/www.casaldelsinfants.org\/wp-content\/uploads\/img_0586-scaled.jpg","keywords":["formaci\u00f3n","Mujeres"],"articleSection":["Reportaje"],"inLanguage":"es","potentialAction":[{"@type":"CommentAction","name":"Comment","target":["https:\/\/www.casaldelsinfants.org\/es\/actualidad\/ddones-llevat-una-hornada-de-mujeres-luchadoras-en-la-mina\/#respond"]}]},{"@type":"WebPage","@id":"https:\/\/www.casaldelsinfants.org\/es\/actualidad\/ddones-llevat-una-hornada-de-mujeres-luchadoras-en-la-mina\/","url":"https:\/\/www.casaldelsinfants.org\/es\/actualidad\/ddones-llevat-una-hornada-de-mujeres-luchadoras-en-la-mina\/","name":"dDones-Lleva\u2019t: una hornada de mujeres luchadoras en La Mina - Casal dels Infants","isPartOf":{"@id":"https:\/\/www.casaldelsinfants.org\/es\/#website"},"primaryImageOfPage":{"@id":"https:\/\/www.casaldelsinfants.org\/es\/actualidad\/ddones-llevat-una-hornada-de-mujeres-luchadoras-en-la-mina\/#primaryimage"},"image":{"@id":"https:\/\/www.casaldelsinfants.org\/es\/actualidad\/ddones-llevat-una-hornada-de-mujeres-luchadoras-en-la-mina\/#primaryimage"},"thumbnailUrl":"https:\/\/www.casaldelsinfants.org\/wp-content\/uploads\/img_0586-scaled.jpg","datePublished":"2018-03-16T13:00:59+00:00","dateModified":"2022-08-17T09:22:13+00:00","breadcrumb":{"@id":"https:\/\/www.casaldelsinfants.org\/es\/actualidad\/ddones-llevat-una-hornada-de-mujeres-luchadoras-en-la-mina\/#breadcrumb"},"inLanguage":"es","potentialAction":[{"@type":"ReadAction","target":["https:\/\/www.casaldelsinfants.org\/es\/actualidad\/ddones-llevat-una-hornada-de-mujeres-luchadoras-en-la-mina\/"]}]},{"@type":"ImageObject","inLanguage":"es","@id":"https:\/\/www.casaldelsinfants.org\/es\/actualidad\/ddones-llevat-una-hornada-de-mujeres-luchadoras-en-la-mina\/#primaryimage","url":"https:\/\/www.casaldelsinfants.org\/wp-content\/uploads\/img_0586-scaled.jpg","contentUrl":"https:\/\/www.casaldelsinfants.org\/wp-content\/uploads\/img_0586-scaled.jpg","width":2560,"height":1707,"caption":"Una fornada de dones lluitadores a La Mina"},{"@type":"BreadcrumbList","@id":"https:\/\/www.casaldelsinfants.org\/es\/actualidad\/ddones-llevat-una-hornada-de-mujeres-luchadoras-en-la-mina\/#breadcrumb","itemListElement":[{"@type":"ListItem","position":1,"name":"Inici","item":"https:\/\/www.casaldelsinfants.org\/es\/"},{"@type":"ListItem","position":2,"name":"dDones-Lleva\u2019t: una hornada de mujeres luchadoras en La Mina"}]},{"@type":"WebSite","@id":"https:\/\/www.casaldelsinfants.org\/es\/#website","url":"https:\/\/www.casaldelsinfants.org\/es\/","name":"Casal dels Infants","description":"","publisher":{"@id":"https:\/\/www.casaldelsinfants.org\/es\/#organization"},"potentialAction":[{"@type":"SearchAction","target":{"@type":"EntryPoint","urlTemplate":"https:\/\/www.casaldelsinfants.org\/es\/?s={search_term_string}"},"query-input":{"@type":"PropertyValueSpecification","valueRequired":true,"valueName":"search_term_string"}}],"inLanguage":"es"},{"@type":"Organization","@id":"https:\/\/www.casaldelsinfants.org\/es\/#organization","name":"Casal dels Infants","url":"https:\/\/www.casaldelsinfants.org\/es\/","logo":{"@type":"ImageObject","inLanguage":"es","@id":"https:\/\/www.casaldelsinfants.org\/es\/#\/schema\/logo\/image\/","url":"https:\/\/www.casaldelsinfants.org\/wp-content\/uploads\/logo-mail.png","contentUrl":"https:\/\/www.casaldelsinfants.org\/wp-content\/uploads\/logo-mail.png","width":380,"height":158,"caption":"Casal dels Infants"},"image":{"@id":"https:\/\/www.casaldelsinfants.org\/es\/#\/schema\/logo\/image\/"},"sameAs":["https:\/\/www.facebook.com\/casalinfants","https:\/\/x.com\/casalinfants","https:\/\/www.youtube.com\/user\/CasaldelsInfants1","https:\/\/www.instagram.com\/casalinfants\/","https:\/\/www.linkedin.com\/company\/casaldelsinfants?trk=organization-update_share-update_actor-text"]},{"@type":"Person","@id":"https:\/\/www.casaldelsinfants.org\/es\/#\/schema\/person\/97707fc8c64900cf36891127dbf9fba8","name":"cdiAdmin","sameAs":["https:\/\/casaldelsinfants.org"]}]}},"publishpress_future_action":{"enabled":false,"date":"2026-05-07 08:59:18","action":"change-status","newStatus":"draft","terms":[],"taxonomy":"category","extraData":[]},"publishpress_future_workflow_manual_trigger":{"enabledWorkflows":[]},"_links":{"self":[{"href":"https:\/\/www.casaldelsinfants.org\/es\/wp-json\/wp\/v2\/posts\/4511","targetHints":{"allow":["GET"]}}],"collection":[{"href":"https:\/\/www.casaldelsinfants.org\/es\/wp-json\/wp\/v2\/posts"}],"about":[{"href":"https:\/\/www.casaldelsinfants.org\/es\/wp-json\/wp\/v2\/types\/post"}],"author":[{"embeddable":true,"href":"https:\/\/www.casaldelsinfants.org\/es\/wp-json\/wp\/v2\/users\/1"}],"replies":[{"embeddable":true,"href":"https:\/\/www.casaldelsinfants.org\/es\/wp-json\/wp\/v2\/comments?post=4511"}],"version-history":[{"count":1,"href":"https:\/\/www.casaldelsinfants.org\/es\/wp-json\/wp\/v2\/posts\/4511\/revisions"}],"predecessor-version":[{"id":6429,"href":"https:\/\/www.casaldelsinfants.org\/es\/wp-json\/wp\/v2\/posts\/4511\/revisions\/6429"}],"wp:featuredmedia":[{"embeddable":true,"href":"https:\/\/www.casaldelsinfants.org\/es\/wp-json\/wp\/v2\/media\/3501"}],"wp:attachment":[{"href":"https:\/\/www.casaldelsinfants.org\/es\/wp-json\/wp\/v2\/media?parent=4511"}],"wp:term":[{"taxonomy":"category","embeddable":true,"href":"https:\/\/www.casaldelsinfants.org\/es\/wp-json\/wp\/v2\/categories?post=4511"},{"taxonomy":"post_tag","embeddable":true,"href":"https:\/\/www.casaldelsinfants.org\/es\/wp-json\/wp\/v2\/tags?post=4511"},{"taxonomy":"seus","embeddable":true,"href":"https:\/\/www.casaldelsinfants.org\/es\/wp-json\/wp\/v2\/seus?post=4511"},{"taxonomy":"eixos","embeddable":true,"href":"https:\/\/www.casaldelsinfants.org\/es\/wp-json\/wp\/v2\/eixos?post=4511"}],"curies":[{"name":"wp","href":"https:\/\/api.w.org\/{rel}","templated":true}]}}