{"id":4514,"date":"2018-03-05T12:08:23","date_gmt":"2018-03-05T10:08:23","guid":{"rendered":"https:\/\/casal.puntzero.cat\/noticies\/dacompanyat-voluntari-al-casal-obert-dadolescents-de-salt\/"},"modified":"2023-04-04T13:00:23","modified_gmt":"2023-04-04T11:00:23","slug":"dacompanyat-voluntari-al-casal-obert-dadolescents-de-salt","status":"publish","type":"post","link":"https:\/\/www.casaldelsinfants.org\/es\/actualidad\/de-acompanado-voluntario-en-el-casal-obert-dadolescents-de-salt\/","title":{"rendered":"De acompa\u00f1ado a voluntario en el Casal Obert d&#8217;Adolescents de Salt"},"content":{"rendered":"<div class=\"video-embed-field-responsive-video form-group\"><iframe loading=\"lazy\" src=\"https:\/\/www.youtube.com\/embed\/KBlDyTMPs_Y?autoplay=0&amp;start=0&amp;rel=0\" width=\"854\" height=\"480\" frameborder=\"0\" allowfullscreen=\"allowfullscreen\"><\/iframe><\/div>\n<p class=\"pregunta-entrevista\">Ra\u00fal, \u00bfc\u00f3mo empezaste a participar en el Casal Obert d\u2019Adolescents (COA?<\/p>\n<p><span style=\"color: #000000;\"><strong>Ra\u00fal \u2013<\/strong> Empec\u00e9 a participar en el COA en 2014,\u00a0porque amigos que hab\u00edan participado en el proyecto el verano antes de que yo me apuntara me lo recomendaron. Me comentaron que se hac\u00edan actividades que me parecieron interesantes. Contact\u00e9 con Al\u00edcia, que entonces era la educadora, y me apunt\u00e9.<\/span><\/p>\n<p class=\"pregunta-entrevista\">\u00bfQu\u00e9 significa para ti el COA? \u00bfQu\u00e9 te ha aportado?<\/p>\n<p><span style=\"color: #000000;\"><strong>R &#8211; <\/strong>El COA es un sitio para conocer a gente y hacer actividades que normalmente los adolescentes que participan no tendr\u00edan la oportunidad de hacer. Tambi\u00e9n es un espacio para recibir apoyo en los estudios, un recurso que muchos tampoco tienen al alcance fuera del COA. Personalmente, el proyecto me acompa\u00f1\u00f3 en algunos momentos dif\u00edciles en el instituto, en los que tuve algunos problemas con profesores. Los educadores y las educadoras del COA me ayudaron a afrontarlos y a encontrar una soluci\u00f3n.<\/span><\/p>\n<p class=\"destacat-noticia\"><span style=\"color: #000000;\">Ra\u00fal: <\/span>\u00abTuve algunos problemas con profesores del instituto. En el COA me ayudaron a afrontarlos y a encontrar una soluci\u00f3n\u201d<\/p>\n<p class=\"pregunta-entrevista\">\u00bfTienes un recuerdo que sepas que te costar\u00e1 olvidar de tu participaci\u00f3n en el COA?<\/p>\n<p><span style=\"color: #000000;\"><strong>R \u2013 <\/strong>Siempre recordar\u00e9 el d\u00eda que fuimos al roc\u00f3dromo de Fornells. Fui pensando que ser\u00eda una actividad m\u00e1s\u2026 \u00a1no sab\u00eda que me gustar\u00eda tanto, esto de escalar! Sal\u00eda de una lesi\u00f3n a la mano que me hab\u00eda hecho jugando al f\u00fatbol, y hab\u00eda perdido un poco de fuerza. Pero me gust\u00f3 tanto la actividad que pude subir la pared m\u00e1s alta que hab\u00eda. Estoy deseando repetir la experiencia.<\/span><\/p>\n<p class=\"pregunta-entrevista\">Blanca, \u00bfc\u00f3mo era Ra\u00fal cuando entr\u00f3 al COA?<\/p>\n<p><span style=\"color: #000000;\"><strong>Blanca \u2013 <\/strong>Cuando ven\u00edamos a hacer deporte, en el campo de f\u00fatbol era muy competitivo. Pero a la vez siempre le gustaba ayudar a los compa\u00f1eros. Siempre estaba all\u00ed, sobre todo por temas como las mates\u00a0 y otras cosas que normalmente son las que m\u00e1s nos cuestan a todos y a todas. Cuando ya hab\u00eda acabado los deberes, siempre daba una mano a quienes lo necesitaban.<\/span><\/p>\n<figure class=\"align-center\" role=\"group\"><img decoding=\"async\" src=\"\/wp-content\/uploads\/raul-blanca-3-1.webp\" alt=\"La Blanca i en Ra\u00fal durant l'entrevista\" width=\"480\" height=\"270\" data-entity-type=\"file\" data-entity-uuid=\"1502394c-0565-43d2-b33b-58130107971a\" data-image-style=\"large\" \/><\/figure>\n<p>Blanca y Ra\u00fal durante la entrevista<\/p>\n<p class=\"pregunta-entrevista\">\u00bfEsto es lo que os hizo pensar que se podr\u00eda sumar al equipo como voluntario?<\/p>\n<p><span style=\"color: #000000;\"><strong>B \u2013<\/strong> Cuando realmente nos dimos cuenta que despuntaba y que ten\u00eda mano para hacer de voluntario en el equipo fue este verano, estando de colonias en el pantano de Sau. Ra\u00fal es un chico al que le gusta mucho participar, y un d\u00eda que hicimos kayak nos pidi\u00f3 repetir con el siguiente grupo. Los educadores nos pens\u00e1bamos que ir\u00eda a hacer carreras, que ir\u00eda a \u201cmuerte\u201d con el kayak\u2026 Y no fue as\u00ed. \u00c9l y otro chico que ahora tambi\u00e9n es voluntario se pusieron cada uno con un adolescente que ten\u00eda problemas para ir con el kayak. Priorizaron ayudar a los dem\u00e1s a pas\u00e1rselo bien.<\/span><\/p>\n<p class=\"pregunta-entrevista\">Ra\u00fal, \u00bfc\u00f3mo valoras haber pasado de participante a voluntario del COA?<\/p>\n<p><span style=\"color: #000000;\"><strong>R \u2013<\/strong> Para m\u00ed es m\u00e1s responsabilidad. Cuando era uno m\u00e1s en el COA, sin ser voluntario, no ten\u00eda la obligaci\u00f3n de ayudar a nadie, lo hac\u00eda porque quer\u00eda. Si en alg\u00fan momento me apetec\u00eda m\u00e1s ponerme a jugar a ping-pong, lo pod\u00eda hacer. Ahora no, ahora prefiero \u2013y es mi responsabilidad\u2014ayudar siempre a aquella persona que lo necesita.<\/span><\/p>\n<p class=\"destacat-noticia\"><span style=\"color: #000000;\">Blanca: <\/span>\u00abCreemos que es una buena herramienta hacer responsables a los mismos chavales que han participado en el COA, que sean los referentes de los peque\u00f1os. Siendo del territorio pueden ayudar de primera mano\u201d<\/p>\n<p class=\"pregunta-entrevista\">Y para ti, Blanca, \u00bfes importante que los chicos y chicas que han pasado por el proyecto se sumen al equipo?<\/p>\n<p><span style=\"color: #000000;\"><strong>B \u2013<\/strong> Es uno de los ejes que intentamos potenciar. Creemos que es una buena herramienta para hacer responsables a los mismos chavales que han participado, que sean los referentes de los m\u00e1s peque\u00f1os, haciendo voluntariado o como educadores. Son chicos y chicas de Salt y se conocen con los participantes del instituto, de la escuela, de las plazas, de todos los espacios p\u00fablicos de la ciudad. Generan mucho m\u00e1s v\u00ednculo siendo del territorio, tienen las herramientas al alcance, conocen m\u00e1s los servicios del entorno\u2026 pueden ayudar de primera mano.<\/span><\/p>\n<blockquote>\n<p class=\"pregunta-entrevista\">La experiencia de Naima<\/p>\n<p><span style=\"color: #000000;\">El Casal Obert d\u2019Adolescents (COA) no es el \u00fanico proyecto del Casal dels Infants de Salt que ha incorporado al equipo a personas voluntarias que antes hab\u00edan sido acompa\u00f1adas. Hay otros casos, como los de <strong>Naima Lahrache<\/strong>.<\/span><\/p>\n<p><span style=\"color: #000000;\">En 2014 Naima tuvo a su quinto hijo, <strong>Ouassim<\/strong>. Hac\u00eda 11 a\u00f1os que hab\u00eda llegado a <strong>Salt<\/strong> proveniente de <strong>Marruecos<\/strong>. Una mujer marroqu\u00ed le habl\u00f3 del Casal dels Infants, de todas las actividades que podr\u00eda hacer all\u00ed con su beb\u00e9, y ella no se lo pens\u00f3 dos veces. \u201cEntr\u00e9 en el proyecto <strong>Vincles<\/strong> con Ouassim cuando \u00e9l ten\u00eda seis meses. \u00a1Y qu\u00e9 suerte ha tenido! En este tiempo ha podido hacer cosas que sus cuatro hermanos no pudieron vivir\u201d, explica.<\/span><\/p>\n<figure class=\"align-center\" role=\"group\"><img decoding=\"async\" src=\"\/wp-content\/uploads\/inline-images\/Namia%20Vincles%20Salt_2.jpg\" alt=\"La Naima amb joguines a l'aulta de Vincles\" width=\"480\" height=\"360\" data-entity-type=\"file\" data-entity-uuid=\"21497dab-18df-49af-aab5-ede0c26832dc\" data-image-style=\"large\" \/><figcaption>Naima con juguetes en el aula de Vincles<\/figcaption><\/figure>\n<p><span style=\"color: #000000;\">Del tiempo que particip\u00f3 en Vincles Naima recuerda especialmente los talleres de cocina y las charlas sobre la salud de los cr\u00edos y las madres. Tambi\u00e9n se vincul\u00f3 al <strong>Casal Familiar<\/strong>, con el que hizo salidas a lugares que no conoc\u00eda: \u201cA finales del curso pasado fuimos con <strong>Eli<\/strong> \u2013la educadora\u2014al Caixa F\u00f2rum. Hab\u00eda un mont\u00f3n de cosas que nunca hab\u00eda visto, en el museo, y a los ni\u00f1os y ni\u00f1as les encant\u00f3\u201d. Me llev\u00e9 a mi hija<strong> Mariam<\/strong>. Parece mentira, porque hay poca distancia, \u00a1pero hasta entonces nunca hab\u00eda estado en Barcelona!\u201d.<\/span><\/p>\n<p><span style=\"color: #000000;\">El a\u00f1o pasado, cuando ya se acababa el curso, Naima habl\u00f3 con <strong>Anna<\/strong>, educadora de Vincles. Le dijo que el a\u00f1o siguiente Ouassim entrar\u00eda a la escuela, pero que ella quer\u00eda seguir participando en Vincles como voluntaria. Anna, claro, se alegr\u00f3 de contar con ella en el equipo. \u201cEs una experiencia muy bonita. Creo que las mujeres ven en m\u00ed la experiencia de tener cinco hijos, y yo sigo aprendiendo cada d\u00eda. Ahora me gustar\u00eda ir mejorando el catal\u00e1n\u201d, asegura Naima.<\/span><\/p><\/blockquote>\n","protected":false},"excerpt":{"rendered":"<div style=\"border-bottom:solid #eeeeee 1.0pt; padding:0cm 0cm 7.0pt 0cm\">\n<p class=\"text-align-center\" style=\"border:none; margin-bottom:15.0pt; padding:0cm\"><span style=\"background:white\"><span style=\"background:white\"><span style=\"line-height:normal\"><span style=\"font-size:18.0pt\"><span style=\"font-family:&quot;MyriadPro-Semibold&quot;,&quot;serif&quot;\"><span style=\"color:#006450\">A Ra\u00fal no s\u00f3lo le gusta pas\u00e1rselo bien, sino que siempre est\u00e1 a punto para dar una mano a los compa\u00f1eros. Blanca, una de sus educadoras en el Casal Obert d\u2019Adolescents (COA) de Salt, se fijo en \u00e9l: apuntaba maneras para sumarse al equipo. Y lo acab\u00f3 de dejar claro en verano, de la manera m\u00e1s insospechada, haciendo kayak durante las colonias. Ahora Ra\u00fal es voluntario del COA, aportando su conocimiento de primera mano del proyecto y su v\u00ednculo con el territorio. Ambos hablan de ello en esta entrevista.<\/span><\/span><\/span><\/span><\/span><\/span><\/p>\n<\/div>\n","protected":false},"author":1,"featured_media":3505,"comment_status":"open","ping_status":"open","sticky":false,"template":"","format":"standard","meta":{"_acf_changed":false,"_et_pb_use_builder":"","_et_pb_old_content":"","_et_gb_content_width":"","inline_featured_image":false,"footnotes":""},"categories":[127],"tags":[118],"seus":[159],"eixos":[99],"class_list":["post-4514","post","type-post","status-publish","format-standard","has-post-thumbnail","hentry","category-entrevista","tag-voluntariado","seus-salt","eixos-infancia-y-adolescencia"],"acf":[],"yoast_head":"<!-- This site is optimized with the Yoast SEO plugin v27.4 - https:\/\/yoast.com\/product\/yoast-seo-wordpress\/ -->\n<title>De acompa\u00f1ado a voluntario en el Casal Obert d&#039;Adolescents de Salt - Casal dels Infants<\/title>\n<meta name=\"robots\" content=\"index, follow, max-snippet:-1, max-image-preview:large, max-video-preview:-1\" \/>\n<link rel=\"canonical\" href=\"https:\/\/www.casaldelsinfants.org\/es\/actualidad\/de-acompanado-voluntario-en-el-casal-obert-dadolescents-de-salt\/\" \/>\n<meta property=\"og:locale\" content=\"es_ES\" \/>\n<meta property=\"og:type\" content=\"article\" \/>\n<meta property=\"og:title\" content=\"De acompa\u00f1ado a voluntario en el Casal Obert d&#039;Adolescents de Salt - Casal dels Infants\" \/>\n<meta property=\"og:description\" content=\"A Ra\u00fal no s\u00f3lo le gusta pas\u00e1rselo bien, sino que siempre est\u00e1 a punto para dar una mano a los compa\u00f1eros. Blanca, una de sus educadoras en el Casal Obert d\u2019Adolescents (COA) de Salt, se fijo en \u00e9l: apuntaba maneras para sumarse al equipo. Y lo acab\u00f3 de dejar claro en verano, de la manera m\u00e1s insospechada, haciendo kayak durante las colonias. Ahora Ra\u00fal es voluntario del COA, aportando su conocimiento de primera mano del proyecto y su v\u00ednculo con el territorio. Ambos hablan de ello en esta entrevista.\" \/>\n<meta property=\"og:url\" content=\"https:\/\/www.casaldelsinfants.org\/es\/actualidad\/de-acompanado-voluntario-en-el-casal-obert-dadolescents-de-salt\/\" \/>\n<meta property=\"og:site_name\" content=\"Casal dels Infants\" \/>\n<meta property=\"article:publisher\" content=\"https:\/\/www.facebook.com\/casalinfants\" \/>\n<meta property=\"article:published_time\" content=\"2018-03-05T10:08:23+00:00\" \/>\n<meta property=\"article:modified_time\" content=\"2023-04-04T11:00:23+00:00\" \/>\n<meta property=\"og:image\" content=\"https:\/\/www.casaldelsinfants.org\/wp-content\/uploads\/raul_i_blanca_ii.jpg\" \/>\n\t<meta property=\"og:image:width\" content=\"1920\" \/>\n\t<meta property=\"og:image:height\" content=\"1080\" \/>\n\t<meta property=\"og:image:type\" content=\"image\/jpeg\" \/>\n<meta name=\"author\" content=\"cdiAdmin\" \/>\n<meta name=\"twitter:card\" content=\"summary_large_image\" \/>\n<meta name=\"twitter:creator\" content=\"@casalinfants\" \/>\n<meta name=\"twitter:site\" content=\"@casalinfants\" \/>\n<meta name=\"twitter:label1\" content=\"Escrito por\" \/>\n\t<meta name=\"twitter:data1\" content=\"cdiAdmin\" \/>\n\t<meta name=\"twitter:label2\" content=\"Tiempo de lectura\" \/>\n\t<meta name=\"twitter:data2\" content=\"5 minutos\" \/>\n<script type=\"application\/ld+json\" class=\"yoast-schema-graph\">{\"@context\":\"https:\\\/\\\/schema.org\",\"@graph\":[{\"@type\":\"Article\",\"@id\":\"https:\\\/\\\/www.casaldelsinfants.org\\\/es\\\/actualidad\\\/de-acompanado-voluntario-en-el-casal-obert-dadolescents-de-salt\\\/#article\",\"isPartOf\":{\"@id\":\"https:\\\/\\\/www.casaldelsinfants.org\\\/es\\\/actualidad\\\/de-acompanado-voluntario-en-el-casal-obert-dadolescents-de-salt\\\/\"},\"author\":{\"name\":\"cdiAdmin\",\"@id\":\"https:\\\/\\\/www.casaldelsinfants.org\\\/es\\\/#\\\/schema\\\/person\\\/97707fc8c64900cf36891127dbf9fba8\"},\"headline\":\"De acompa\u00f1ado a voluntario en el Casal Obert d&#8217;Adolescents de Salt\",\"datePublished\":\"2018-03-05T10:08:23+00:00\",\"dateModified\":\"2023-04-04T11:00:23+00:00\",\"mainEntityOfPage\":{\"@id\":\"https:\\\/\\\/www.casaldelsinfants.org\\\/es\\\/actualidad\\\/de-acompanado-voluntario-en-el-casal-obert-dadolescents-de-salt\\\/\"},\"wordCount\":1073,\"commentCount\":0,\"publisher\":{\"@id\":\"https:\\\/\\\/www.casaldelsinfants.org\\\/es\\\/#organization\"},\"image\":{\"@id\":\"https:\\\/\\\/www.casaldelsinfants.org\\\/es\\\/actualidad\\\/de-acompanado-voluntario-en-el-casal-obert-dadolescents-de-salt\\\/#primaryimage\"},\"thumbnailUrl\":\"https:\\\/\\\/www.casaldelsinfants.org\\\/wp-content\\\/uploads\\\/raul_i_blanca_ii.jpg\",\"keywords\":[\"Voluntariado\"],\"articleSection\":[\"Entrevista\"],\"inLanguage\":\"es\",\"potentialAction\":[{\"@type\":\"CommentAction\",\"name\":\"Comment\",\"target\":[\"https:\\\/\\\/www.casaldelsinfants.org\\\/es\\\/actualidad\\\/de-acompanado-voluntario-en-el-casal-obert-dadolescents-de-salt\\\/#respond\"]}]},{\"@type\":\"WebPage\",\"@id\":\"https:\\\/\\\/www.casaldelsinfants.org\\\/es\\\/actualidad\\\/de-acompanado-voluntario-en-el-casal-obert-dadolescents-de-salt\\\/\",\"url\":\"https:\\\/\\\/www.casaldelsinfants.org\\\/es\\\/actualidad\\\/de-acompanado-voluntario-en-el-casal-obert-dadolescents-de-salt\\\/\",\"name\":\"De acompa\u00f1ado a voluntario en el Casal Obert d'Adolescents de Salt - Casal dels Infants\",\"isPartOf\":{\"@id\":\"https:\\\/\\\/www.casaldelsinfants.org\\\/es\\\/#website\"},\"primaryImageOfPage\":{\"@id\":\"https:\\\/\\\/www.casaldelsinfants.org\\\/es\\\/actualidad\\\/de-acompanado-voluntario-en-el-casal-obert-dadolescents-de-salt\\\/#primaryimage\"},\"image\":{\"@id\":\"https:\\\/\\\/www.casaldelsinfants.org\\\/es\\\/actualidad\\\/de-acompanado-voluntario-en-el-casal-obert-dadolescents-de-salt\\\/#primaryimage\"},\"thumbnailUrl\":\"https:\\\/\\\/www.casaldelsinfants.org\\\/wp-content\\\/uploads\\\/raul_i_blanca_ii.jpg\",\"datePublished\":\"2018-03-05T10:08:23+00:00\",\"dateModified\":\"2023-04-04T11:00:23+00:00\",\"breadcrumb\":{\"@id\":\"https:\\\/\\\/www.casaldelsinfants.org\\\/es\\\/actualidad\\\/de-acompanado-voluntario-en-el-casal-obert-dadolescents-de-salt\\\/#breadcrumb\"},\"inLanguage\":\"es\",\"potentialAction\":[{\"@type\":\"ReadAction\",\"target\":[\"https:\\\/\\\/www.casaldelsinfants.org\\\/es\\\/actualidad\\\/de-acompanado-voluntario-en-el-casal-obert-dadolescents-de-salt\\\/\"]}]},{\"@type\":\"ImageObject\",\"inLanguage\":\"es\",\"@id\":\"https:\\\/\\\/www.casaldelsinfants.org\\\/es\\\/actualidad\\\/de-acompanado-voluntario-en-el-casal-obert-dadolescents-de-salt\\\/#primaryimage\",\"url\":\"https:\\\/\\\/www.casaldelsinfants.org\\\/wp-content\\\/uploads\\\/raul_i_blanca_ii.jpg\",\"contentUrl\":\"https:\\\/\\\/www.casaldelsinfants.org\\\/wp-content\\\/uploads\\\/raul_i_blanca_ii.jpg\",\"width\":1920,\"height\":1080,\"caption\":\"voluntaria al Casal Obert d'Adolescents de Salt\"},{\"@type\":\"BreadcrumbList\",\"@id\":\"https:\\\/\\\/www.casaldelsinfants.org\\\/es\\\/actualidad\\\/de-acompanado-voluntario-en-el-casal-obert-dadolescents-de-salt\\\/#breadcrumb\",\"itemListElement\":[{\"@type\":\"ListItem\",\"position\":1,\"name\":\"Inici\",\"item\":\"https:\\\/\\\/www.casaldelsinfants.org\\\/es\\\/\"},{\"@type\":\"ListItem\",\"position\":2,\"name\":\"De acompa\u00f1ado a voluntario en el Casal Obert d&#8217;Adolescents de Salt\"}]},{\"@type\":\"WebSite\",\"@id\":\"https:\\\/\\\/www.casaldelsinfants.org\\\/es\\\/#website\",\"url\":\"https:\\\/\\\/www.casaldelsinfants.org\\\/es\\\/\",\"name\":\"Casal dels Infants\",\"description\":\"\",\"publisher\":{\"@id\":\"https:\\\/\\\/www.casaldelsinfants.org\\\/es\\\/#organization\"},\"potentialAction\":[{\"@type\":\"SearchAction\",\"target\":{\"@type\":\"EntryPoint\",\"urlTemplate\":\"https:\\\/\\\/www.casaldelsinfants.org\\\/es\\\/?s={search_term_string}\"},\"query-input\":{\"@type\":\"PropertyValueSpecification\",\"valueRequired\":true,\"valueName\":\"search_term_string\"}}],\"inLanguage\":\"es\"},{\"@type\":\"Organization\",\"@id\":\"https:\\\/\\\/www.casaldelsinfants.org\\\/es\\\/#organization\",\"name\":\"Casal dels Infants\",\"url\":\"https:\\\/\\\/www.casaldelsinfants.org\\\/es\\\/\",\"logo\":{\"@type\":\"ImageObject\",\"inLanguage\":\"es\",\"@id\":\"https:\\\/\\\/www.casaldelsinfants.org\\\/es\\\/#\\\/schema\\\/logo\\\/image\\\/\",\"url\":\"https:\\\/\\\/www.casaldelsinfants.org\\\/wp-content\\\/uploads\\\/logo-mail.png\",\"contentUrl\":\"https:\\\/\\\/www.casaldelsinfants.org\\\/wp-content\\\/uploads\\\/logo-mail.png\",\"width\":380,\"height\":158,\"caption\":\"Casal dels Infants\"},\"image\":{\"@id\":\"https:\\\/\\\/www.casaldelsinfants.org\\\/es\\\/#\\\/schema\\\/logo\\\/image\\\/\"},\"sameAs\":[\"https:\\\/\\\/www.facebook.com\\\/casalinfants\",\"https:\\\/\\\/x.com\\\/casalinfants\",\"https:\\\/\\\/www.youtube.com\\\/user\\\/CasaldelsInfants1\",\"https:\\\/\\\/www.instagram.com\\\/casalinfants\\\/\",\"https:\\\/\\\/www.linkedin.com\\\/company\\\/casaldelsinfants?trk=organization-update_share-update_actor-text\"]},{\"@type\":\"Person\",\"@id\":\"https:\\\/\\\/www.casaldelsinfants.org\\\/es\\\/#\\\/schema\\\/person\\\/97707fc8c64900cf36891127dbf9fba8\",\"name\":\"cdiAdmin\",\"sameAs\":[\"https:\\\/\\\/casaldelsinfants.org\"]}]}<\/script>\n<!-- \/ Yoast SEO plugin. -->","yoast_head_json":{"title":"De acompa\u00f1ado a voluntario en el Casal Obert d'Adolescents de Salt - Casal dels Infants","robots":{"index":"index","follow":"follow","max-snippet":"max-snippet:-1","max-image-preview":"max-image-preview:large","max-video-preview":"max-video-preview:-1"},"canonical":"https:\/\/www.casaldelsinfants.org\/es\/actualidad\/de-acompanado-voluntario-en-el-casal-obert-dadolescents-de-salt\/","og_locale":"es_ES","og_type":"article","og_title":"De acompa\u00f1ado a voluntario en el Casal Obert d'Adolescents de Salt - Casal dels Infants","og_description":"A Ra\u00fal no s\u00f3lo le gusta pas\u00e1rselo bien, sino que siempre est\u00e1 a punto para dar una mano a los compa\u00f1eros. Blanca, una de sus educadoras en el Casal Obert d\u2019Adolescents (COA) de Salt, se fijo en \u00e9l: apuntaba maneras para sumarse al equipo. Y lo acab\u00f3 de dejar claro en verano, de la manera m\u00e1s insospechada, haciendo kayak durante las colonias. Ahora Ra\u00fal es voluntario del COA, aportando su conocimiento de primera mano del proyecto y su v\u00ednculo con el territorio. Ambos hablan de ello en esta entrevista.","og_url":"https:\/\/www.casaldelsinfants.org\/es\/actualidad\/de-acompanado-voluntario-en-el-casal-obert-dadolescents-de-salt\/","og_site_name":"Casal dels Infants","article_publisher":"https:\/\/www.facebook.com\/casalinfants","article_published_time":"2018-03-05T10:08:23+00:00","article_modified_time":"2023-04-04T11:00:23+00:00","og_image":[{"width":1920,"height":1080,"url":"https:\/\/www.casaldelsinfants.org\/wp-content\/uploads\/raul_i_blanca_ii.jpg","type":"image\/jpeg"}],"author":"cdiAdmin","twitter_card":"summary_large_image","twitter_creator":"@casalinfants","twitter_site":"@casalinfants","twitter_misc":{"Escrito por":"cdiAdmin","Tiempo de lectura":"5 minutos"},"schema":{"@context":"https:\/\/schema.org","@graph":[{"@type":"Article","@id":"https:\/\/www.casaldelsinfants.org\/es\/actualidad\/de-acompanado-voluntario-en-el-casal-obert-dadolescents-de-salt\/#article","isPartOf":{"@id":"https:\/\/www.casaldelsinfants.org\/es\/actualidad\/de-acompanado-voluntario-en-el-casal-obert-dadolescents-de-salt\/"},"author":{"name":"cdiAdmin","@id":"https:\/\/www.casaldelsinfants.org\/es\/#\/schema\/person\/97707fc8c64900cf36891127dbf9fba8"},"headline":"De acompa\u00f1ado a voluntario en el Casal Obert d&#8217;Adolescents de Salt","datePublished":"2018-03-05T10:08:23+00:00","dateModified":"2023-04-04T11:00:23+00:00","mainEntityOfPage":{"@id":"https:\/\/www.casaldelsinfants.org\/es\/actualidad\/de-acompanado-voluntario-en-el-casal-obert-dadolescents-de-salt\/"},"wordCount":1073,"commentCount":0,"publisher":{"@id":"https:\/\/www.casaldelsinfants.org\/es\/#organization"},"image":{"@id":"https:\/\/www.casaldelsinfants.org\/es\/actualidad\/de-acompanado-voluntario-en-el-casal-obert-dadolescents-de-salt\/#primaryimage"},"thumbnailUrl":"https:\/\/www.casaldelsinfants.org\/wp-content\/uploads\/raul_i_blanca_ii.jpg","keywords":["Voluntariado"],"articleSection":["Entrevista"],"inLanguage":"es","potentialAction":[{"@type":"CommentAction","name":"Comment","target":["https:\/\/www.casaldelsinfants.org\/es\/actualidad\/de-acompanado-voluntario-en-el-casal-obert-dadolescents-de-salt\/#respond"]}]},{"@type":"WebPage","@id":"https:\/\/www.casaldelsinfants.org\/es\/actualidad\/de-acompanado-voluntario-en-el-casal-obert-dadolescents-de-salt\/","url":"https:\/\/www.casaldelsinfants.org\/es\/actualidad\/de-acompanado-voluntario-en-el-casal-obert-dadolescents-de-salt\/","name":"De acompa\u00f1ado a voluntario en el Casal Obert d'Adolescents de Salt - Casal dels Infants","isPartOf":{"@id":"https:\/\/www.casaldelsinfants.org\/es\/#website"},"primaryImageOfPage":{"@id":"https:\/\/www.casaldelsinfants.org\/es\/actualidad\/de-acompanado-voluntario-en-el-casal-obert-dadolescents-de-salt\/#primaryimage"},"image":{"@id":"https:\/\/www.casaldelsinfants.org\/es\/actualidad\/de-acompanado-voluntario-en-el-casal-obert-dadolescents-de-salt\/#primaryimage"},"thumbnailUrl":"https:\/\/www.casaldelsinfants.org\/wp-content\/uploads\/raul_i_blanca_ii.jpg","datePublished":"2018-03-05T10:08:23+00:00","dateModified":"2023-04-04T11:00:23+00:00","breadcrumb":{"@id":"https:\/\/www.casaldelsinfants.org\/es\/actualidad\/de-acompanado-voluntario-en-el-casal-obert-dadolescents-de-salt\/#breadcrumb"},"inLanguage":"es","potentialAction":[{"@type":"ReadAction","target":["https:\/\/www.casaldelsinfants.org\/es\/actualidad\/de-acompanado-voluntario-en-el-casal-obert-dadolescents-de-salt\/"]}]},{"@type":"ImageObject","inLanguage":"es","@id":"https:\/\/www.casaldelsinfants.org\/es\/actualidad\/de-acompanado-voluntario-en-el-casal-obert-dadolescents-de-salt\/#primaryimage","url":"https:\/\/www.casaldelsinfants.org\/wp-content\/uploads\/raul_i_blanca_ii.jpg","contentUrl":"https:\/\/www.casaldelsinfants.org\/wp-content\/uploads\/raul_i_blanca_ii.jpg","width":1920,"height":1080,"caption":"voluntaria al Casal Obert d'Adolescents de Salt"},{"@type":"BreadcrumbList","@id":"https:\/\/www.casaldelsinfants.org\/es\/actualidad\/de-acompanado-voluntario-en-el-casal-obert-dadolescents-de-salt\/#breadcrumb","itemListElement":[{"@type":"ListItem","position":1,"name":"Inici","item":"https:\/\/www.casaldelsinfants.org\/es\/"},{"@type":"ListItem","position":2,"name":"De acompa\u00f1ado a voluntario en el Casal Obert d&#8217;Adolescents de Salt"}]},{"@type":"WebSite","@id":"https:\/\/www.casaldelsinfants.org\/es\/#website","url":"https:\/\/www.casaldelsinfants.org\/es\/","name":"Casal dels Infants","description":"","publisher":{"@id":"https:\/\/www.casaldelsinfants.org\/es\/#organization"},"potentialAction":[{"@type":"SearchAction","target":{"@type":"EntryPoint","urlTemplate":"https:\/\/www.casaldelsinfants.org\/es\/?s={search_term_string}"},"query-input":{"@type":"PropertyValueSpecification","valueRequired":true,"valueName":"search_term_string"}}],"inLanguage":"es"},{"@type":"Organization","@id":"https:\/\/www.casaldelsinfants.org\/es\/#organization","name":"Casal dels Infants","url":"https:\/\/www.casaldelsinfants.org\/es\/","logo":{"@type":"ImageObject","inLanguage":"es","@id":"https:\/\/www.casaldelsinfants.org\/es\/#\/schema\/logo\/image\/","url":"https:\/\/www.casaldelsinfants.org\/wp-content\/uploads\/logo-mail.png","contentUrl":"https:\/\/www.casaldelsinfants.org\/wp-content\/uploads\/logo-mail.png","width":380,"height":158,"caption":"Casal dels Infants"},"image":{"@id":"https:\/\/www.casaldelsinfants.org\/es\/#\/schema\/logo\/image\/"},"sameAs":["https:\/\/www.facebook.com\/casalinfants","https:\/\/x.com\/casalinfants","https:\/\/www.youtube.com\/user\/CasaldelsInfants1","https:\/\/www.instagram.com\/casalinfants\/","https:\/\/www.linkedin.com\/company\/casaldelsinfants?trk=organization-update_share-update_actor-text"]},{"@type":"Person","@id":"https:\/\/www.casaldelsinfants.org\/es\/#\/schema\/person\/97707fc8c64900cf36891127dbf9fba8","name":"cdiAdmin","sameAs":["https:\/\/casaldelsinfants.org"]}]}},"publishpress_future_action":{"enabled":false,"date":"2026-05-07 01:49:51","action":"change-status","newStatus":"draft","terms":[],"taxonomy":"category","extraData":[]},"publishpress_future_workflow_manual_trigger":{"enabledWorkflows":[]},"_links":{"self":[{"href":"https:\/\/www.casaldelsinfants.org\/es\/wp-json\/wp\/v2\/posts\/4514","targetHints":{"allow":["GET"]}}],"collection":[{"href":"https:\/\/www.casaldelsinfants.org\/es\/wp-json\/wp\/v2\/posts"}],"about":[{"href":"https:\/\/www.casaldelsinfants.org\/es\/wp-json\/wp\/v2\/types\/post"}],"author":[{"embeddable":true,"href":"https:\/\/www.casaldelsinfants.org\/es\/wp-json\/wp\/v2\/users\/1"}],"replies":[{"embeddable":true,"href":"https:\/\/www.casaldelsinfants.org\/es\/wp-json\/wp\/v2\/comments?post=4514"}],"version-history":[{"count":2,"href":"https:\/\/www.casaldelsinfants.org\/es\/wp-json\/wp\/v2\/posts\/4514\/revisions"}],"predecessor-version":[{"id":9563,"href":"https:\/\/www.casaldelsinfants.org\/es\/wp-json\/wp\/v2\/posts\/4514\/revisions\/9563"}],"wp:featuredmedia":[{"embeddable":true,"href":"https:\/\/www.casaldelsinfants.org\/es\/wp-json\/wp\/v2\/media\/3505"}],"wp:attachment":[{"href":"https:\/\/www.casaldelsinfants.org\/es\/wp-json\/wp\/v2\/media?parent=4514"}],"wp:term":[{"taxonomy":"category","embeddable":true,"href":"https:\/\/www.casaldelsinfants.org\/es\/wp-json\/wp\/v2\/categories?post=4514"},{"taxonomy":"post_tag","embeddable":true,"href":"https:\/\/www.casaldelsinfants.org\/es\/wp-json\/wp\/v2\/tags?post=4514"},{"taxonomy":"seus","embeddable":true,"href":"https:\/\/www.casaldelsinfants.org\/es\/wp-json\/wp\/v2\/seus?post=4514"},{"taxonomy":"eixos","embeddable":true,"href":"https:\/\/www.casaldelsinfants.org\/es\/wp-json\/wp\/v2\/eixos?post=4514"}],"curies":[{"name":"wp","href":"https:\/\/api.w.org\/{rel}","templated":true}]}}