{"id":4517,"date":"2018-02-27T08:43:58","date_gmt":"2018-02-27T06:43:58","guid":{"rendered":"https:\/\/casal.puntzero.cat\/noticies\/nou-curs-nova-proposta-escola-suma-creixer-junts-en-valors\/"},"modified":"2023-09-01T10:02:02","modified_gmt":"2023-09-01T08:02:02","slug":"nou-curs-nova-proposta-escola-suma-creixer-junts-en-valors","status":"publish","type":"post","link":"https:\/\/www.casaldelsinfants.org\/es\/actualidad\/nou-curs-nova-proposta-escola-suma-creixer-junts-en-valors\/","title":{"rendered":"\u00a1Nuevo curso, nueva propuesta Escola Suma para crecer juntos en valores!"},"content":{"rendered":"<p><strong>\u00a1Empezamos este curso con mucha ilusi\u00f3n!<\/strong>\u00a0Desde el programa de educaci\u00f3n en valores\u00a0<strong>Escola Suma\u00a0<\/strong>hemos preparado una\u00a0<strong>propuesta dirigida al profesorado y al alumnado de ESO y Bachillerato<\/strong>, con actividades diversas enfocadas a\u00a0<strong>la reflexi\u00f3n y la participaci\u00f3n de las alumnas y los alumnos entorno a la igualdad de oportunidades de los ni\u00f1os y j\u00f3venes de nuestra sociedad.<\/strong><\/p>\n<p>Estas actividades las podr\u00e9is trabajar\u00a0<strong>tanto en vuestra escuela\u00a0<\/strong>\u2013en el caso de las campa\u00f1as y actividades de reflexi\u00f3n en el aula&#8211;,\u00a0<strong>como en el Casal dels Infants\u00a0<\/strong>\u2013envisitas y propuestas de voluntariado&#8211;.<\/p>\n<p>Os animamos a conocer nuestra propuesta haciendo clic\u00a0aqu\u00ed. Esperamos que os sea \u00fatil y que os anime a desarrollar alguna de las actividades con vuestro alumnado. Pod\u00e9is contactar con nosotros en\u00a0<strong><a>escolasuma@casaldelsinfants.org<\/a><\/strong>.<\/p>\n<p><img decoding=\"async\" src=\"\/wp-content\/uploads\/inline-images\/aj.%20bcn_0.jpg\" alt=\"Logo Ajuntament de Barcelona\" width=\"250\" height=\"94\" data-entity-type=\"file\" data-entity-uuid=\"45f55230-7e92-45f9-94b7-df3b47b5fb15\" data-image-style=\"logos_body\" \/><\/p>\n<p><img decoding=\"async\" src=\"\/wp-content\/uploads\/inline-images\/Ministerio%20de%20empleo_1.jpg\" alt=\"Logo Ministerio de Empleo\" width=\"250\" height=\"57\" data-entity-type=\"file\" data-entity-uuid=\"8cce94bd-dd9f-4479-9d23-062430b7779e\" data-image-style=\"logos_body\" \/><\/p>\n","protected":false},"excerpt":{"rendered":"<p>\u00a1Empezamos este curso con mucha ilusi\u00f3n!\u00a0Desde el programa de educaci\u00f3n en valores\u00a0Escola Suma\u00a0hemos preparado una\u00a0propuesta dirigida al profesorado y al alumnado de ESO y Bachillerato, con actividades diversas enfocadas a\u00a0la reflexi\u00f3n y la participaci\u00f3n de las alumnas y los alumnos entorno a la igualdad de oportunidades de los ni\u00f1os y j\u00f3venes de nuestra sociedad. Estas [&hellip;]<\/p>\n","protected":false},"author":1,"featured_media":3511,"comment_status":"open","ping_status":"open","sticky":false,"template":"","format":"standard","meta":{"_acf_changed":false,"_et_pb_use_builder":"","_et_pb_old_content":"","_et_gb_content_width":"","inline_featured_image":false,"footnotes":""},"categories":[125],"tags":[],"seus":[],"eixos":[110],"class_list":["post-4517","post","type-post","status-publish","format-standard","has-post-thumbnail","hentry","category-noticias","eixos-comunidad-casal-dels-infants"],"acf":[],"yoast_head":"<!-- This site is optimized with the Yoast SEO plugin v27.4 - https:\/\/yoast.com\/product\/yoast-seo-wordpress\/ -->\n<title>\u00a1Nuevo curso, nueva propuesta Escola Suma para crecer juntos en valores! - Casal dels Infants<\/title>\n<meta name=\"robots\" content=\"index, follow, max-snippet:-1, max-image-preview:large, max-video-preview:-1\" \/>\n<link rel=\"canonical\" href=\"https:\/\/www.casaldelsinfants.org\/es\/actualidad\/nou-curs-nova-proposta-escola-suma-creixer-junts-en-valors\/\" \/>\n<meta property=\"og:locale\" content=\"es_ES\" \/>\n<meta property=\"og:type\" content=\"article\" \/>\n<meta property=\"og:title\" content=\"\u00a1Nuevo curso, nueva propuesta Escola Suma para crecer juntos en valores! - Casal dels Infants\" \/>\n<meta property=\"og:description\" content=\"\u00a1Empezamos este curso con mucha ilusi\u00f3n!\u00a0Desde el programa de educaci\u00f3n en valores\u00a0Escola Suma\u00a0hemos preparado una\u00a0propuesta dirigida al profesorado y al alumnado de ESO y Bachillerato, con actividades diversas enfocadas a\u00a0la reflexi\u00f3n y la participaci\u00f3n de las alumnas y los alumnos entorno a la igualdad de oportunidades de los ni\u00f1os y j\u00f3venes de nuestra sociedad. Estas [&hellip;]\" \/>\n<meta property=\"og:url\" content=\"https:\/\/www.casaldelsinfants.org\/es\/actualidad\/nou-curs-nova-proposta-escola-suma-creixer-junts-en-valors\/\" \/>\n<meta property=\"og:site_name\" content=\"Casal dels Infants\" \/>\n<meta property=\"article:publisher\" content=\"https:\/\/www.facebook.com\/casalinfants\" \/>\n<meta property=\"article:published_time\" content=\"2018-02-27T06:43:58+00:00\" \/>\n<meta property=\"article:modified_time\" content=\"2023-09-01T08:02:02+00:00\" \/>\n<meta property=\"og:image\" content=\"https:\/\/www.casaldelsinfants.org\/wp-content\/uploads\/EscolaSuma_Esquema_0_0.jpg\" \/>\n\t<meta property=\"og:image:width\" content=\"2048\" \/>\n\t<meta property=\"og:image:height\" content=\"1447\" \/>\n\t<meta property=\"og:image:type\" content=\"image\/jpeg\" \/>\n<meta name=\"author\" content=\"cdiAdmin\" \/>\n<meta name=\"twitter:card\" content=\"summary_large_image\" \/>\n<meta name=\"twitter:creator\" content=\"@casalinfants\" \/>\n<meta name=\"twitter:site\" content=\"@casalinfants\" \/>\n<meta name=\"twitter:label1\" content=\"Escrito por\" \/>\n\t<meta name=\"twitter:data1\" content=\"cdiAdmin\" \/>\n\t<meta name=\"twitter:label2\" content=\"Tiempo de lectura\" \/>\n\t<meta name=\"twitter:data2\" content=\"2 minutos\" \/>\n<script type=\"application\/ld+json\" class=\"yoast-schema-graph\">{\"@context\":\"https:\\\/\\\/schema.org\",\"@graph\":[{\"@type\":\"Article\",\"@id\":\"https:\\\/\\\/www.casaldelsinfants.org\\\/es\\\/actualidad\\\/nou-curs-nova-proposta-escola-suma-creixer-junts-en-valors\\\/#article\",\"isPartOf\":{\"@id\":\"https:\\\/\\\/www.casaldelsinfants.org\\\/es\\\/actualidad\\\/nou-curs-nova-proposta-escola-suma-creixer-junts-en-valors\\\/\"},\"author\":{\"name\":\"cdiAdmin\",\"@id\":\"https:\\\/\\\/www.casaldelsinfants.org\\\/es\\\/#\\\/schema\\\/person\\\/97707fc8c64900cf36891127dbf9fba8\"},\"headline\":\"\u00a1Nuevo curso, nueva propuesta Escola Suma para crecer juntos en valores!\",\"datePublished\":\"2018-02-27T06:43:58+00:00\",\"dateModified\":\"2023-09-01T08:02:02+00:00\",\"mainEntityOfPage\":{\"@id\":\"https:\\\/\\\/www.casaldelsinfants.org\\\/es\\\/actualidad\\\/nou-curs-nova-proposta-escola-suma-creixer-junts-en-valors\\\/\"},\"wordCount\":148,\"commentCount\":0,\"publisher\":{\"@id\":\"https:\\\/\\\/www.casaldelsinfants.org\\\/es\\\/#organization\"},\"image\":{\"@id\":\"https:\\\/\\\/www.casaldelsinfants.org\\\/es\\\/actualidad\\\/nou-curs-nova-proposta-escola-suma-creixer-junts-en-valors\\\/#primaryimage\"},\"thumbnailUrl\":\"https:\\\/\\\/www.casaldelsinfants.org\\\/wp-content\\\/uploads\\\/EscolaSuma_Esquema_0_0.jpg\",\"articleSection\":[\"Noticia\"],\"inLanguage\":\"es\",\"potentialAction\":[{\"@type\":\"CommentAction\",\"name\":\"Comment\",\"target\":[\"https:\\\/\\\/www.casaldelsinfants.org\\\/es\\\/actualidad\\\/nou-curs-nova-proposta-escola-suma-creixer-junts-en-valors\\\/#respond\"]}]},{\"@type\":\"WebPage\",\"@id\":\"https:\\\/\\\/www.casaldelsinfants.org\\\/es\\\/actualidad\\\/nou-curs-nova-proposta-escola-suma-creixer-junts-en-valors\\\/\",\"url\":\"https:\\\/\\\/www.casaldelsinfants.org\\\/es\\\/actualidad\\\/nou-curs-nova-proposta-escola-suma-creixer-junts-en-valors\\\/\",\"name\":\"\u00a1Nuevo curso, nueva propuesta Escola Suma para crecer juntos en valores! - Casal dels Infants\",\"isPartOf\":{\"@id\":\"https:\\\/\\\/www.casaldelsinfants.org\\\/es\\\/#website\"},\"primaryImageOfPage\":{\"@id\":\"https:\\\/\\\/www.casaldelsinfants.org\\\/es\\\/actualidad\\\/nou-curs-nova-proposta-escola-suma-creixer-junts-en-valors\\\/#primaryimage\"},\"image\":{\"@id\":\"https:\\\/\\\/www.casaldelsinfants.org\\\/es\\\/actualidad\\\/nou-curs-nova-proposta-escola-suma-creixer-junts-en-valors\\\/#primaryimage\"},\"thumbnailUrl\":\"https:\\\/\\\/www.casaldelsinfants.org\\\/wp-content\\\/uploads\\\/EscolaSuma_Esquema_0_0.jpg\",\"datePublished\":\"2018-02-27T06:43:58+00:00\",\"dateModified\":\"2023-09-01T08:02:02+00:00\",\"breadcrumb\":{\"@id\":\"https:\\\/\\\/www.casaldelsinfants.org\\\/es\\\/actualidad\\\/nou-curs-nova-proposta-escola-suma-creixer-junts-en-valors\\\/#breadcrumb\"},\"inLanguage\":\"es\",\"potentialAction\":[{\"@type\":\"ReadAction\",\"target\":[\"https:\\\/\\\/www.casaldelsinfants.org\\\/es\\\/actualidad\\\/nou-curs-nova-proposta-escola-suma-creixer-junts-en-valors\\\/\"]}]},{\"@type\":\"ImageObject\",\"inLanguage\":\"es\",\"@id\":\"https:\\\/\\\/www.casaldelsinfants.org\\\/es\\\/actualidad\\\/nou-curs-nova-proposta-escola-suma-creixer-junts-en-valors\\\/#primaryimage\",\"url\":\"https:\\\/\\\/www.casaldelsinfants.org\\\/wp-content\\\/uploads\\\/EscolaSuma_Esquema_0_0.jpg\",\"contentUrl\":\"https:\\\/\\\/www.casaldelsinfants.org\\\/wp-content\\\/uploads\\\/EscolaSuma_Esquema_0_0.jpg\",\"width\":2048,\"height\":1447,\"caption\":\"Esquema gr\u00e0fic d'Escola SUMA\"},{\"@type\":\"BreadcrumbList\",\"@id\":\"https:\\\/\\\/www.casaldelsinfants.org\\\/es\\\/actualidad\\\/nou-curs-nova-proposta-escola-suma-creixer-junts-en-valors\\\/#breadcrumb\",\"itemListElement\":[{\"@type\":\"ListItem\",\"position\":1,\"name\":\"Inici\",\"item\":\"https:\\\/\\\/www.casaldelsinfants.org\\\/es\\\/\"},{\"@type\":\"ListItem\",\"position\":2,\"name\":\"\u00a1Nuevo curso, nueva propuesta Escola Suma para crecer juntos en valores!\"}]},{\"@type\":\"WebSite\",\"@id\":\"https:\\\/\\\/www.casaldelsinfants.org\\\/es\\\/#website\",\"url\":\"https:\\\/\\\/www.casaldelsinfants.org\\\/es\\\/\",\"name\":\"Casal dels Infants\",\"description\":\"\",\"publisher\":{\"@id\":\"https:\\\/\\\/www.casaldelsinfants.org\\\/es\\\/#organization\"},\"potentialAction\":[{\"@type\":\"SearchAction\",\"target\":{\"@type\":\"EntryPoint\",\"urlTemplate\":\"https:\\\/\\\/www.casaldelsinfants.org\\\/es\\\/?s={search_term_string}\"},\"query-input\":{\"@type\":\"PropertyValueSpecification\",\"valueRequired\":true,\"valueName\":\"search_term_string\"}}],\"inLanguage\":\"es\"},{\"@type\":\"Organization\",\"@id\":\"https:\\\/\\\/www.casaldelsinfants.org\\\/es\\\/#organization\",\"name\":\"Casal dels Infants\",\"url\":\"https:\\\/\\\/www.casaldelsinfants.org\\\/es\\\/\",\"logo\":{\"@type\":\"ImageObject\",\"inLanguage\":\"es\",\"@id\":\"https:\\\/\\\/www.casaldelsinfants.org\\\/es\\\/#\\\/schema\\\/logo\\\/image\\\/\",\"url\":\"https:\\\/\\\/www.casaldelsinfants.org\\\/wp-content\\\/uploads\\\/logo-mail.png\",\"contentUrl\":\"https:\\\/\\\/www.casaldelsinfants.org\\\/wp-content\\\/uploads\\\/logo-mail.png\",\"width\":380,\"height\":158,\"caption\":\"Casal dels Infants\"},\"image\":{\"@id\":\"https:\\\/\\\/www.casaldelsinfants.org\\\/es\\\/#\\\/schema\\\/logo\\\/image\\\/\"},\"sameAs\":[\"https:\\\/\\\/www.facebook.com\\\/casalinfants\",\"https:\\\/\\\/x.com\\\/casalinfants\",\"https:\\\/\\\/www.youtube.com\\\/user\\\/CasaldelsInfants1\",\"https:\\\/\\\/www.instagram.com\\\/casalinfants\\\/\",\"https:\\\/\\\/www.linkedin.com\\\/company\\\/casaldelsinfants?trk=organization-update_share-update_actor-text\"]},{\"@type\":\"Person\",\"@id\":\"https:\\\/\\\/www.casaldelsinfants.org\\\/es\\\/#\\\/schema\\\/person\\\/97707fc8c64900cf36891127dbf9fba8\",\"name\":\"cdiAdmin\",\"sameAs\":[\"https:\\\/\\\/casaldelsinfants.org\"]}]}<\/script>\n<!-- \/ Yoast SEO plugin. -->","yoast_head_json":{"title":"\u00a1Nuevo curso, nueva propuesta Escola Suma para crecer juntos en valores! - Casal dels Infants","robots":{"index":"index","follow":"follow","max-snippet":"max-snippet:-1","max-image-preview":"max-image-preview:large","max-video-preview":"max-video-preview:-1"},"canonical":"https:\/\/www.casaldelsinfants.org\/es\/actualidad\/nou-curs-nova-proposta-escola-suma-creixer-junts-en-valors\/","og_locale":"es_ES","og_type":"article","og_title":"\u00a1Nuevo curso, nueva propuesta Escola Suma para crecer juntos en valores! - Casal dels Infants","og_description":"\u00a1Empezamos este curso con mucha ilusi\u00f3n!\u00a0Desde el programa de educaci\u00f3n en valores\u00a0Escola Suma\u00a0hemos preparado una\u00a0propuesta dirigida al profesorado y al alumnado de ESO y Bachillerato, con actividades diversas enfocadas a\u00a0la reflexi\u00f3n y la participaci\u00f3n de las alumnas y los alumnos entorno a la igualdad de oportunidades de los ni\u00f1os y j\u00f3venes de nuestra sociedad. Estas [&hellip;]","og_url":"https:\/\/www.casaldelsinfants.org\/es\/actualidad\/nou-curs-nova-proposta-escola-suma-creixer-junts-en-valors\/","og_site_name":"Casal dels Infants","article_publisher":"https:\/\/www.facebook.com\/casalinfants","article_published_time":"2018-02-27T06:43:58+00:00","article_modified_time":"2023-09-01T08:02:02+00:00","og_image":[{"width":2048,"height":1447,"url":"https:\/\/www.casaldelsinfants.org\/wp-content\/uploads\/EscolaSuma_Esquema_0_0.jpg","type":"image\/jpeg"}],"author":"cdiAdmin","twitter_card":"summary_large_image","twitter_creator":"@casalinfants","twitter_site":"@casalinfants","twitter_misc":{"Escrito por":"cdiAdmin","Tiempo de lectura":"2 minutos"},"schema":{"@context":"https:\/\/schema.org","@graph":[{"@type":"Article","@id":"https:\/\/www.casaldelsinfants.org\/es\/actualidad\/nou-curs-nova-proposta-escola-suma-creixer-junts-en-valors\/#article","isPartOf":{"@id":"https:\/\/www.casaldelsinfants.org\/es\/actualidad\/nou-curs-nova-proposta-escola-suma-creixer-junts-en-valors\/"},"author":{"name":"cdiAdmin","@id":"https:\/\/www.casaldelsinfants.org\/es\/#\/schema\/person\/97707fc8c64900cf36891127dbf9fba8"},"headline":"\u00a1Nuevo curso, nueva propuesta Escola Suma para crecer juntos en valores!","datePublished":"2018-02-27T06:43:58+00:00","dateModified":"2023-09-01T08:02:02+00:00","mainEntityOfPage":{"@id":"https:\/\/www.casaldelsinfants.org\/es\/actualidad\/nou-curs-nova-proposta-escola-suma-creixer-junts-en-valors\/"},"wordCount":148,"commentCount":0,"publisher":{"@id":"https:\/\/www.casaldelsinfants.org\/es\/#organization"},"image":{"@id":"https:\/\/www.casaldelsinfants.org\/es\/actualidad\/nou-curs-nova-proposta-escola-suma-creixer-junts-en-valors\/#primaryimage"},"thumbnailUrl":"https:\/\/www.casaldelsinfants.org\/wp-content\/uploads\/EscolaSuma_Esquema_0_0.jpg","articleSection":["Noticia"],"inLanguage":"es","potentialAction":[{"@type":"CommentAction","name":"Comment","target":["https:\/\/www.casaldelsinfants.org\/es\/actualidad\/nou-curs-nova-proposta-escola-suma-creixer-junts-en-valors\/#respond"]}]},{"@type":"WebPage","@id":"https:\/\/www.casaldelsinfants.org\/es\/actualidad\/nou-curs-nova-proposta-escola-suma-creixer-junts-en-valors\/","url":"https:\/\/www.casaldelsinfants.org\/es\/actualidad\/nou-curs-nova-proposta-escola-suma-creixer-junts-en-valors\/","name":"\u00a1Nuevo curso, nueva propuesta Escola Suma para crecer juntos en valores! - Casal dels Infants","isPartOf":{"@id":"https:\/\/www.casaldelsinfants.org\/es\/#website"},"primaryImageOfPage":{"@id":"https:\/\/www.casaldelsinfants.org\/es\/actualidad\/nou-curs-nova-proposta-escola-suma-creixer-junts-en-valors\/#primaryimage"},"image":{"@id":"https:\/\/www.casaldelsinfants.org\/es\/actualidad\/nou-curs-nova-proposta-escola-suma-creixer-junts-en-valors\/#primaryimage"},"thumbnailUrl":"https:\/\/www.casaldelsinfants.org\/wp-content\/uploads\/EscolaSuma_Esquema_0_0.jpg","datePublished":"2018-02-27T06:43:58+00:00","dateModified":"2023-09-01T08:02:02+00:00","breadcrumb":{"@id":"https:\/\/www.casaldelsinfants.org\/es\/actualidad\/nou-curs-nova-proposta-escola-suma-creixer-junts-en-valors\/#breadcrumb"},"inLanguage":"es","potentialAction":[{"@type":"ReadAction","target":["https:\/\/www.casaldelsinfants.org\/es\/actualidad\/nou-curs-nova-proposta-escola-suma-creixer-junts-en-valors\/"]}]},{"@type":"ImageObject","inLanguage":"es","@id":"https:\/\/www.casaldelsinfants.org\/es\/actualidad\/nou-curs-nova-proposta-escola-suma-creixer-junts-en-valors\/#primaryimage","url":"https:\/\/www.casaldelsinfants.org\/wp-content\/uploads\/EscolaSuma_Esquema_0_0.jpg","contentUrl":"https:\/\/www.casaldelsinfants.org\/wp-content\/uploads\/EscolaSuma_Esquema_0_0.jpg","width":2048,"height":1447,"caption":"Esquema gr\u00e0fic d'Escola SUMA"},{"@type":"BreadcrumbList","@id":"https:\/\/www.casaldelsinfants.org\/es\/actualidad\/nou-curs-nova-proposta-escola-suma-creixer-junts-en-valors\/#breadcrumb","itemListElement":[{"@type":"ListItem","position":1,"name":"Inici","item":"https:\/\/www.casaldelsinfants.org\/es\/"},{"@type":"ListItem","position":2,"name":"\u00a1Nuevo curso, nueva propuesta Escola Suma para crecer juntos en valores!"}]},{"@type":"WebSite","@id":"https:\/\/www.casaldelsinfants.org\/es\/#website","url":"https:\/\/www.casaldelsinfants.org\/es\/","name":"Casal dels Infants","description":"","publisher":{"@id":"https:\/\/www.casaldelsinfants.org\/es\/#organization"},"potentialAction":[{"@type":"SearchAction","target":{"@type":"EntryPoint","urlTemplate":"https:\/\/www.casaldelsinfants.org\/es\/?s={search_term_string}"},"query-input":{"@type":"PropertyValueSpecification","valueRequired":true,"valueName":"search_term_string"}}],"inLanguage":"es"},{"@type":"Organization","@id":"https:\/\/www.casaldelsinfants.org\/es\/#organization","name":"Casal dels Infants","url":"https:\/\/www.casaldelsinfants.org\/es\/","logo":{"@type":"ImageObject","inLanguage":"es","@id":"https:\/\/www.casaldelsinfants.org\/es\/#\/schema\/logo\/image\/","url":"https:\/\/www.casaldelsinfants.org\/wp-content\/uploads\/logo-mail.png","contentUrl":"https:\/\/www.casaldelsinfants.org\/wp-content\/uploads\/logo-mail.png","width":380,"height":158,"caption":"Casal dels Infants"},"image":{"@id":"https:\/\/www.casaldelsinfants.org\/es\/#\/schema\/logo\/image\/"},"sameAs":["https:\/\/www.facebook.com\/casalinfants","https:\/\/x.com\/casalinfants","https:\/\/www.youtube.com\/user\/CasaldelsInfants1","https:\/\/www.instagram.com\/casalinfants\/","https:\/\/www.linkedin.com\/company\/casaldelsinfants?trk=organization-update_share-update_actor-text"]},{"@type":"Person","@id":"https:\/\/www.casaldelsinfants.org\/es\/#\/schema\/person\/97707fc8c64900cf36891127dbf9fba8","name":"cdiAdmin","sameAs":["https:\/\/casaldelsinfants.org"]}]}},"publishpress_future_action":{"enabled":false,"date":"2026-05-07 10:36:31","action":"change-status","newStatus":"draft","terms":[],"taxonomy":"category","extraData":[]},"publishpress_future_workflow_manual_trigger":{"enabledWorkflows":[]},"_links":{"self":[{"href":"https:\/\/www.casaldelsinfants.org\/es\/wp-json\/wp\/v2\/posts\/4517","targetHints":{"allow":["GET"]}}],"collection":[{"href":"https:\/\/www.casaldelsinfants.org\/es\/wp-json\/wp\/v2\/posts"}],"about":[{"href":"https:\/\/www.casaldelsinfants.org\/es\/wp-json\/wp\/v2\/types\/post"}],"author":[{"embeddable":true,"href":"https:\/\/www.casaldelsinfants.org\/es\/wp-json\/wp\/v2\/users\/1"}],"replies":[{"embeddable":true,"href":"https:\/\/www.casaldelsinfants.org\/es\/wp-json\/wp\/v2\/comments?post=4517"}],"version-history":[{"count":2,"href":"https:\/\/www.casaldelsinfants.org\/es\/wp-json\/wp\/v2\/posts\/4517\/revisions"}],"predecessor-version":[{"id":13602,"href":"https:\/\/www.casaldelsinfants.org\/es\/wp-json\/wp\/v2\/posts\/4517\/revisions\/13602"}],"wp:featuredmedia":[{"embeddable":true,"href":"https:\/\/www.casaldelsinfants.org\/es\/wp-json\/wp\/v2\/media\/3511"}],"wp:attachment":[{"href":"https:\/\/www.casaldelsinfants.org\/es\/wp-json\/wp\/v2\/media?parent=4517"}],"wp:term":[{"taxonomy":"category","embeddable":true,"href":"https:\/\/www.casaldelsinfants.org\/es\/wp-json\/wp\/v2\/categories?post=4517"},{"taxonomy":"post_tag","embeddable":true,"href":"https:\/\/www.casaldelsinfants.org\/es\/wp-json\/wp\/v2\/tags?post=4517"},{"taxonomy":"seus","embeddable":true,"href":"https:\/\/www.casaldelsinfants.org\/es\/wp-json\/wp\/v2\/seus?post=4517"},{"taxonomy":"eixos","embeddable":true,"href":"https:\/\/www.casaldelsinfants.org\/es\/wp-json\/wp\/v2\/eixos?post=4517"}],"curies":[{"name":"wp","href":"https:\/\/api.w.org\/{rel}","templated":true}]}}