{"id":4518,"date":"2018-02-26T11:14:50","date_gmt":"2018-02-26T09:14:50","guid":{"rendered":"https:\/\/casal.puntzero.cat\/noticies\/sessio-de-prevencio-en-la-salut-dental-als-projectes-vincles-i-minuscula-del-raval\/"},"modified":"2023-10-26T17:07:59","modified_gmt":"2023-10-26T15:07:59","slug":"sessio-de-prevencio-en-la-salut-dental-als-projectes-vincles-i-minuscula-del-raval","status":"publish","type":"post","link":"https:\/\/www.casaldelsinfants.org\/es\/actualidad\/sessio-de-prevencio-en-la-salut-dental-als-projectes-vincles-i-minuscula-del-raval\/","title":{"rendered":"Sesi\u00f3n de prevenci\u00f3n en la salud dental en los proyectos Vincles y Min\u00fascula del Raval"},"content":{"rendered":"<p><span style=\"color: #000000;\">El mi\u00e9rcoles 7 de febrero los proyectos Vincles y Min\u00fascula del barrio del Raval de Barcelona recibieron la visita de Lara Concell\u00f3n, ondontopediatra y profesora del M\u00e0ster d\u2019Odontopediatri de la Universitat de Barcelona, acompa\u00f1ada de Sofia, alumna suya.<\/span><\/p>\n<p><span style=\"color: #000000;\">Se trata de una sesi\u00f3n de prevenci\u00f3n en salud dental que se realiza dos veces al a\u00f1o por iniciativa de Lara, que es voluntaria desde hace m\u00e1s de ocho a\u00f1os del Casal dels Infants (catualmente forma parte del equipo de la <\/span><a href=\"https:\/\/www.casaldelsinfants.org\/es\/que-hacemos\/ayudar-a-la-infancia-y-adolescencia\/\"><span style=\"color: #000000;\">Unitat d\u2019Escolaritzaci\u00f3 Compartida<\/span><\/a><span style=\"color: #000000;\">).<\/span><\/p>\n<p><span style=\"color: #000000;\">Entre ambas ofrecieron una charla a los ni\u00f1os y ni\u00f1as de 0 a 3 a\u00f1os y sus madres sobre la prevenci\u00f3n en la salud dental de las criaturas, repasando aspectos como los h\u00e1bitos alimentarios recomendables, qu\u00e9 hacer cuando les salen los dientes y les provoca dolor o c\u00f3mo se tienen que cepillar.<\/span><\/p>\n<p><span style=\"color: #000000;\">Una vez acabada la charla, realizaron una revisi\u00f3n odontol\u00f3gica individualizada a cada ni\u00f1o o ni\u00f1a. En los casos necesarios, entregaron a las madres una derivaci\u00f3n al Centro de Atenci\u00f3n Promaria (CAP) o al Hospital Odontol\u00f2gic Universitat de Barcelona, ubicado en el Campus de Bellvitge. En este \u00faltimo caso, el alumnado de la Facultad de Odontolog\u00eda atender\u00e1 a los ni\u00f1os y ni\u00f1as del Casal dels Infants bajo la tutela del profesorado y por un precio reducido.<\/span><\/p>\n<p><span style=\"color: #000000;\">Durante la visita, Lara Concell\u00f3n insisti\u00f3 especialmente en evitar el exceso de az\u00facar en la almimentaci\u00f3n de los peque\u00f1os y peque\u00f1as. \u201cEl az\u00facar no s\u00f3lo provoca caries. Tambi\u00e9n desajusta nuestro sistema. Para digerirlo, gastamos muchas energ\u00edas y minerales que podr\u00edan aprovechar mejor nuestros huesos\u201d.<\/span><\/p>\n<p><span style=\"color: #000000;\">La odontopediatra se\u00f1al\u00f3 que es necesario no dejarse confundir por la publicidad de ciertos productos que aparentan ser saludables y no lo son. Tambi\u00e9n record\u00f3 a las madres que la prevenci\u00f3n odontol\u00f3gica est\u00e1 cubierta por el Servei Catal\u00e0 de la Salut, con servicios como las revisiones, la fluorizaci\u00f3n, las exodoncias (quitar una muela o un diente) y el sellado de fisuras.<\/span><\/p>\n<p><span style=\"color: #000000;\">En Vincles y Min\u00fascula ya se trabaja para que los ni\u00f1os y ni\u00f1as adquieran unos h\u00e1bitos alimentarios saludables: \u201cPara desayunar no pueden traer productos azucarados, como zumos artificiales o boller\u00eda. El grupo de los mayores, que va de los 18 a los 36 meses, tiene que traer obligatoriamente una pieza de fruta fresca\u201d, explic\u00f3 Andrea Arias, la educadora del proyecto.<\/span><\/p>\n","protected":false},"excerpt":{"rendered":"<p>El mi\u00e9rcoles 7 de febrero los proyectos Vincles y Min\u00fascula del barrio del Raval de Barcelona recibieron la visita de Lara Concell\u00f3n, ondontopediatra y profesora del M\u00e0ster d\u2019Odontopediatri de la Universitat de Barcelona, acompa\u00f1ada de Sofia, alumna suya. Se trata de una sesi\u00f3n de prevenci\u00f3n en salud dental que se realiza dos veces al a\u00f1o [&hellip;]<\/p>\n","protected":false},"author":1,"featured_media":3514,"comment_status":"open","ping_status":"open","sticky":false,"template":"","format":"standard","meta":{"_acf_changed":false,"_et_pb_use_builder":"","_et_pb_old_content":"","_et_gb_content_width":"","inline_featured_image":false,"footnotes":""},"categories":[125],"tags":[],"seus":[16],"eixos":[107],"class_list":["post-4518","post","type-post","status-publish","format-standard","has-post-thumbnail","hentry","category-noticias","seus-el-raval","eixos-pequena-infancia"],"acf":[],"yoast_head":"<!-- This site is optimized with the Yoast SEO plugin v27.4 - https:\/\/yoast.com\/product\/yoast-seo-wordpress\/ -->\n<title>Sesi\u00f3n de prevenci\u00f3n en la salud dental en los proyectos Vincles y Min\u00fascula del Raval - Casal dels Infants<\/title>\n<meta name=\"robots\" content=\"index, follow, max-snippet:-1, max-image-preview:large, max-video-preview:-1\" \/>\n<link rel=\"canonical\" href=\"https:\/\/www.casaldelsinfants.org\/es\/actualidad\/sessio-de-prevencio-en-la-salut-dental-als-projectes-vincles-i-minuscula-del-raval\/\" \/>\n<meta property=\"og:locale\" content=\"es_ES\" \/>\n<meta property=\"og:type\" content=\"article\" \/>\n<meta property=\"og:title\" content=\"Sesi\u00f3n de prevenci\u00f3n en la salud dental en los proyectos Vincles y Min\u00fascula del Raval - Casal dels Infants\" \/>\n<meta property=\"og:description\" content=\"El mi\u00e9rcoles 7 de febrero los proyectos Vincles y Min\u00fascula del barrio del Raval de Barcelona recibieron la visita de Lara Concell\u00f3n, ondontopediatra y profesora del M\u00e0ster d\u2019Odontopediatri de la Universitat de Barcelona, acompa\u00f1ada de Sofia, alumna suya. Se trata de una sesi\u00f3n de prevenci\u00f3n en salud dental que se realiza dos veces al a\u00f1o [&hellip;]\" \/>\n<meta property=\"og:url\" content=\"https:\/\/www.casaldelsinfants.org\/es\/actualidad\/sessio-de-prevencio-en-la-salut-dental-als-projectes-vincles-i-minuscula-del-raval\/\" \/>\n<meta property=\"og:site_name\" content=\"Casal dels Infants\" \/>\n<meta property=\"article:publisher\" content=\"https:\/\/www.facebook.com\/casalinfants\" \/>\n<meta property=\"article:published_time\" content=\"2018-02-26T09:14:50+00:00\" \/>\n<meta property=\"article:modified_time\" content=\"2023-10-26T15:07:59+00:00\" \/>\n<meta property=\"og:image\" content=\"https:\/\/www.casaldelsinfants.org\/wp-content\/uploads\/1000763-scaled.jpg\" \/>\n\t<meta property=\"og:image:width\" content=\"2560\" \/>\n\t<meta property=\"og:image:height\" content=\"1922\" \/>\n\t<meta property=\"og:image:type\" content=\"image\/jpeg\" \/>\n<meta name=\"author\" content=\"cdiAdmin\" \/>\n<meta name=\"twitter:card\" content=\"summary_large_image\" \/>\n<meta name=\"twitter:creator\" content=\"@casalinfants\" \/>\n<meta name=\"twitter:site\" content=\"@casalinfants\" \/>\n<meta name=\"twitter:label1\" content=\"Escrito por\" \/>\n\t<meta name=\"twitter:data1\" content=\"cdiAdmin\" \/>\n\t<meta name=\"twitter:label2\" content=\"Tiempo de lectura\" \/>\n\t<meta name=\"twitter:data2\" content=\"3 minutos\" \/>\n<script type=\"application\/ld+json\" class=\"yoast-schema-graph\">{\"@context\":\"https:\\\/\\\/schema.org\",\"@graph\":[{\"@type\":\"Article\",\"@id\":\"https:\\\/\\\/www.casaldelsinfants.org\\\/es\\\/actualidad\\\/sessio-de-prevencio-en-la-salut-dental-als-projectes-vincles-i-minuscula-del-raval\\\/#article\",\"isPartOf\":{\"@id\":\"https:\\\/\\\/www.casaldelsinfants.org\\\/es\\\/actualidad\\\/sessio-de-prevencio-en-la-salut-dental-als-projectes-vincles-i-minuscula-del-raval\\\/\"},\"author\":{\"name\":\"cdiAdmin\",\"@id\":\"https:\\\/\\\/www.casaldelsinfants.org\\\/es\\\/#\\\/schema\\\/person\\\/97707fc8c64900cf36891127dbf9fba8\"},\"headline\":\"Sesi\u00f3n de prevenci\u00f3n en la salud dental en los proyectos Vincles y Min\u00fascula del Raval\",\"datePublished\":\"2018-02-26T09:14:50+00:00\",\"dateModified\":\"2023-10-26T15:07:59+00:00\",\"mainEntityOfPage\":{\"@id\":\"https:\\\/\\\/www.casaldelsinfants.org\\\/es\\\/actualidad\\\/sessio-de-prevencio-en-la-salut-dental-als-projectes-vincles-i-minuscula-del-raval\\\/\"},\"wordCount\":435,\"commentCount\":0,\"publisher\":{\"@id\":\"https:\\\/\\\/www.casaldelsinfants.org\\\/es\\\/#organization\"},\"image\":{\"@id\":\"https:\\\/\\\/www.casaldelsinfants.org\\\/es\\\/actualidad\\\/sessio-de-prevencio-en-la-salut-dental-als-projectes-vincles-i-minuscula-del-raval\\\/#primaryimage\"},\"thumbnailUrl\":\"https:\\\/\\\/www.casaldelsinfants.org\\\/wp-content\\\/uploads\\\/1000763-scaled.jpg\",\"articleSection\":[\"Noticia\"],\"inLanguage\":\"es\",\"potentialAction\":[{\"@type\":\"CommentAction\",\"name\":\"Comment\",\"target\":[\"https:\\\/\\\/www.casaldelsinfants.org\\\/es\\\/actualidad\\\/sessio-de-prevencio-en-la-salut-dental-als-projectes-vincles-i-minuscula-del-raval\\\/#respond\"]}]},{\"@type\":\"WebPage\",\"@id\":\"https:\\\/\\\/www.casaldelsinfants.org\\\/es\\\/actualidad\\\/sessio-de-prevencio-en-la-salut-dental-als-projectes-vincles-i-minuscula-del-raval\\\/\",\"url\":\"https:\\\/\\\/www.casaldelsinfants.org\\\/es\\\/actualidad\\\/sessio-de-prevencio-en-la-salut-dental-als-projectes-vincles-i-minuscula-del-raval\\\/\",\"name\":\"Sesi\u00f3n de prevenci\u00f3n en la salud dental en los proyectos Vincles y Min\u00fascula del Raval - Casal dels Infants\",\"isPartOf\":{\"@id\":\"https:\\\/\\\/www.casaldelsinfants.org\\\/es\\\/#website\"},\"primaryImageOfPage\":{\"@id\":\"https:\\\/\\\/www.casaldelsinfants.org\\\/es\\\/actualidad\\\/sessio-de-prevencio-en-la-salut-dental-als-projectes-vincles-i-minuscula-del-raval\\\/#primaryimage\"},\"image\":{\"@id\":\"https:\\\/\\\/www.casaldelsinfants.org\\\/es\\\/actualidad\\\/sessio-de-prevencio-en-la-salut-dental-als-projectes-vincles-i-minuscula-del-raval\\\/#primaryimage\"},\"thumbnailUrl\":\"https:\\\/\\\/www.casaldelsinfants.org\\\/wp-content\\\/uploads\\\/1000763-scaled.jpg\",\"datePublished\":\"2018-02-26T09:14:50+00:00\",\"dateModified\":\"2023-10-26T15:07:59+00:00\",\"breadcrumb\":{\"@id\":\"https:\\\/\\\/www.casaldelsinfants.org\\\/es\\\/actualidad\\\/sessio-de-prevencio-en-la-salut-dental-als-projectes-vincles-i-minuscula-del-raval\\\/#breadcrumb\"},\"inLanguage\":\"es\",\"potentialAction\":[{\"@type\":\"ReadAction\",\"target\":[\"https:\\\/\\\/www.casaldelsinfants.org\\\/es\\\/actualidad\\\/sessio-de-prevencio-en-la-salut-dental-als-projectes-vincles-i-minuscula-del-raval\\\/\"]}]},{\"@type\":\"ImageObject\",\"inLanguage\":\"es\",\"@id\":\"https:\\\/\\\/www.casaldelsinfants.org\\\/es\\\/actualidad\\\/sessio-de-prevencio-en-la-salut-dental-als-projectes-vincles-i-minuscula-del-raval\\\/#primaryimage\",\"url\":\"https:\\\/\\\/www.casaldelsinfants.org\\\/wp-content\\\/uploads\\\/1000763-scaled.jpg\",\"contentUrl\":\"https:\\\/\\\/www.casaldelsinfants.org\\\/wp-content\\\/uploads\\\/1000763-scaled.jpg\",\"width\":2560,\"height\":1922,\"caption\":\"Dentista observant la boca d'un nen al projecte de Vincles\"},{\"@type\":\"BreadcrumbList\",\"@id\":\"https:\\\/\\\/www.casaldelsinfants.org\\\/es\\\/actualidad\\\/sessio-de-prevencio-en-la-salut-dental-als-projectes-vincles-i-minuscula-del-raval\\\/#breadcrumb\",\"itemListElement\":[{\"@type\":\"ListItem\",\"position\":1,\"name\":\"Inici\",\"item\":\"https:\\\/\\\/www.casaldelsinfants.org\\\/es\\\/\"},{\"@type\":\"ListItem\",\"position\":2,\"name\":\"Sesi\u00f3n de prevenci\u00f3n en la salud dental en los proyectos Vincles y Min\u00fascula del Raval\"}]},{\"@type\":\"WebSite\",\"@id\":\"https:\\\/\\\/www.casaldelsinfants.org\\\/es\\\/#website\",\"url\":\"https:\\\/\\\/www.casaldelsinfants.org\\\/es\\\/\",\"name\":\"Casal dels Infants\",\"description\":\"\",\"publisher\":{\"@id\":\"https:\\\/\\\/www.casaldelsinfants.org\\\/es\\\/#organization\"},\"potentialAction\":[{\"@type\":\"SearchAction\",\"target\":{\"@type\":\"EntryPoint\",\"urlTemplate\":\"https:\\\/\\\/www.casaldelsinfants.org\\\/es\\\/?s={search_term_string}\"},\"query-input\":{\"@type\":\"PropertyValueSpecification\",\"valueRequired\":true,\"valueName\":\"search_term_string\"}}],\"inLanguage\":\"es\"},{\"@type\":\"Organization\",\"@id\":\"https:\\\/\\\/www.casaldelsinfants.org\\\/es\\\/#organization\",\"name\":\"Casal dels Infants\",\"url\":\"https:\\\/\\\/www.casaldelsinfants.org\\\/es\\\/\",\"logo\":{\"@type\":\"ImageObject\",\"inLanguage\":\"es\",\"@id\":\"https:\\\/\\\/www.casaldelsinfants.org\\\/es\\\/#\\\/schema\\\/logo\\\/image\\\/\",\"url\":\"https:\\\/\\\/www.casaldelsinfants.org\\\/wp-content\\\/uploads\\\/logo-mail.png\",\"contentUrl\":\"https:\\\/\\\/www.casaldelsinfants.org\\\/wp-content\\\/uploads\\\/logo-mail.png\",\"width\":380,\"height\":158,\"caption\":\"Casal dels Infants\"},\"image\":{\"@id\":\"https:\\\/\\\/www.casaldelsinfants.org\\\/es\\\/#\\\/schema\\\/logo\\\/image\\\/\"},\"sameAs\":[\"https:\\\/\\\/www.facebook.com\\\/casalinfants\",\"https:\\\/\\\/x.com\\\/casalinfants\",\"https:\\\/\\\/www.youtube.com\\\/user\\\/CasaldelsInfants1\",\"https:\\\/\\\/www.instagram.com\\\/casalinfants\\\/\",\"https:\\\/\\\/www.linkedin.com\\\/company\\\/casaldelsinfants?trk=organization-update_share-update_actor-text\"]},{\"@type\":\"Person\",\"@id\":\"https:\\\/\\\/www.casaldelsinfants.org\\\/es\\\/#\\\/schema\\\/person\\\/97707fc8c64900cf36891127dbf9fba8\",\"name\":\"cdiAdmin\",\"sameAs\":[\"https:\\\/\\\/casaldelsinfants.org\"]}]}<\/script>\n<!-- \/ Yoast SEO plugin. -->","yoast_head_json":{"title":"Sesi\u00f3n de prevenci\u00f3n en la salud dental en los proyectos Vincles y Min\u00fascula del Raval - Casal dels Infants","robots":{"index":"index","follow":"follow","max-snippet":"max-snippet:-1","max-image-preview":"max-image-preview:large","max-video-preview":"max-video-preview:-1"},"canonical":"https:\/\/www.casaldelsinfants.org\/es\/actualidad\/sessio-de-prevencio-en-la-salut-dental-als-projectes-vincles-i-minuscula-del-raval\/","og_locale":"es_ES","og_type":"article","og_title":"Sesi\u00f3n de prevenci\u00f3n en la salud dental en los proyectos Vincles y Min\u00fascula del Raval - Casal dels Infants","og_description":"El mi\u00e9rcoles 7 de febrero los proyectos Vincles y Min\u00fascula del barrio del Raval de Barcelona recibieron la visita de Lara Concell\u00f3n, ondontopediatra y profesora del M\u00e0ster d\u2019Odontopediatri de la Universitat de Barcelona, acompa\u00f1ada de Sofia, alumna suya. Se trata de una sesi\u00f3n de prevenci\u00f3n en salud dental que se realiza dos veces al a\u00f1o [&hellip;]","og_url":"https:\/\/www.casaldelsinfants.org\/es\/actualidad\/sessio-de-prevencio-en-la-salut-dental-als-projectes-vincles-i-minuscula-del-raval\/","og_site_name":"Casal dels Infants","article_publisher":"https:\/\/www.facebook.com\/casalinfants","article_published_time":"2018-02-26T09:14:50+00:00","article_modified_time":"2023-10-26T15:07:59+00:00","og_image":[{"width":2560,"height":1922,"url":"https:\/\/www.casaldelsinfants.org\/wp-content\/uploads\/1000763-scaled.jpg","type":"image\/jpeg"}],"author":"cdiAdmin","twitter_card":"summary_large_image","twitter_creator":"@casalinfants","twitter_site":"@casalinfants","twitter_misc":{"Escrito por":"cdiAdmin","Tiempo de lectura":"3 minutos"},"schema":{"@context":"https:\/\/schema.org","@graph":[{"@type":"Article","@id":"https:\/\/www.casaldelsinfants.org\/es\/actualidad\/sessio-de-prevencio-en-la-salut-dental-als-projectes-vincles-i-minuscula-del-raval\/#article","isPartOf":{"@id":"https:\/\/www.casaldelsinfants.org\/es\/actualidad\/sessio-de-prevencio-en-la-salut-dental-als-projectes-vincles-i-minuscula-del-raval\/"},"author":{"name":"cdiAdmin","@id":"https:\/\/www.casaldelsinfants.org\/es\/#\/schema\/person\/97707fc8c64900cf36891127dbf9fba8"},"headline":"Sesi\u00f3n de prevenci\u00f3n en la salud dental en los proyectos Vincles y Min\u00fascula del Raval","datePublished":"2018-02-26T09:14:50+00:00","dateModified":"2023-10-26T15:07:59+00:00","mainEntityOfPage":{"@id":"https:\/\/www.casaldelsinfants.org\/es\/actualidad\/sessio-de-prevencio-en-la-salut-dental-als-projectes-vincles-i-minuscula-del-raval\/"},"wordCount":435,"commentCount":0,"publisher":{"@id":"https:\/\/www.casaldelsinfants.org\/es\/#organization"},"image":{"@id":"https:\/\/www.casaldelsinfants.org\/es\/actualidad\/sessio-de-prevencio-en-la-salut-dental-als-projectes-vincles-i-minuscula-del-raval\/#primaryimage"},"thumbnailUrl":"https:\/\/www.casaldelsinfants.org\/wp-content\/uploads\/1000763-scaled.jpg","articleSection":["Noticia"],"inLanguage":"es","potentialAction":[{"@type":"CommentAction","name":"Comment","target":["https:\/\/www.casaldelsinfants.org\/es\/actualidad\/sessio-de-prevencio-en-la-salut-dental-als-projectes-vincles-i-minuscula-del-raval\/#respond"]}]},{"@type":"WebPage","@id":"https:\/\/www.casaldelsinfants.org\/es\/actualidad\/sessio-de-prevencio-en-la-salut-dental-als-projectes-vincles-i-minuscula-del-raval\/","url":"https:\/\/www.casaldelsinfants.org\/es\/actualidad\/sessio-de-prevencio-en-la-salut-dental-als-projectes-vincles-i-minuscula-del-raval\/","name":"Sesi\u00f3n de prevenci\u00f3n en la salud dental en los proyectos Vincles y Min\u00fascula del Raval - Casal dels Infants","isPartOf":{"@id":"https:\/\/www.casaldelsinfants.org\/es\/#website"},"primaryImageOfPage":{"@id":"https:\/\/www.casaldelsinfants.org\/es\/actualidad\/sessio-de-prevencio-en-la-salut-dental-als-projectes-vincles-i-minuscula-del-raval\/#primaryimage"},"image":{"@id":"https:\/\/www.casaldelsinfants.org\/es\/actualidad\/sessio-de-prevencio-en-la-salut-dental-als-projectes-vincles-i-minuscula-del-raval\/#primaryimage"},"thumbnailUrl":"https:\/\/www.casaldelsinfants.org\/wp-content\/uploads\/1000763-scaled.jpg","datePublished":"2018-02-26T09:14:50+00:00","dateModified":"2023-10-26T15:07:59+00:00","breadcrumb":{"@id":"https:\/\/www.casaldelsinfants.org\/es\/actualidad\/sessio-de-prevencio-en-la-salut-dental-als-projectes-vincles-i-minuscula-del-raval\/#breadcrumb"},"inLanguage":"es","potentialAction":[{"@type":"ReadAction","target":["https:\/\/www.casaldelsinfants.org\/es\/actualidad\/sessio-de-prevencio-en-la-salut-dental-als-projectes-vincles-i-minuscula-del-raval\/"]}]},{"@type":"ImageObject","inLanguage":"es","@id":"https:\/\/www.casaldelsinfants.org\/es\/actualidad\/sessio-de-prevencio-en-la-salut-dental-als-projectes-vincles-i-minuscula-del-raval\/#primaryimage","url":"https:\/\/www.casaldelsinfants.org\/wp-content\/uploads\/1000763-scaled.jpg","contentUrl":"https:\/\/www.casaldelsinfants.org\/wp-content\/uploads\/1000763-scaled.jpg","width":2560,"height":1922,"caption":"Dentista observant la boca d'un nen al projecte de Vincles"},{"@type":"BreadcrumbList","@id":"https:\/\/www.casaldelsinfants.org\/es\/actualidad\/sessio-de-prevencio-en-la-salut-dental-als-projectes-vincles-i-minuscula-del-raval\/#breadcrumb","itemListElement":[{"@type":"ListItem","position":1,"name":"Inici","item":"https:\/\/www.casaldelsinfants.org\/es\/"},{"@type":"ListItem","position":2,"name":"Sesi\u00f3n de prevenci\u00f3n en la salud dental en los proyectos Vincles y Min\u00fascula del Raval"}]},{"@type":"WebSite","@id":"https:\/\/www.casaldelsinfants.org\/es\/#website","url":"https:\/\/www.casaldelsinfants.org\/es\/","name":"Casal dels Infants","description":"","publisher":{"@id":"https:\/\/www.casaldelsinfants.org\/es\/#organization"},"potentialAction":[{"@type":"SearchAction","target":{"@type":"EntryPoint","urlTemplate":"https:\/\/www.casaldelsinfants.org\/es\/?s={search_term_string}"},"query-input":{"@type":"PropertyValueSpecification","valueRequired":true,"valueName":"search_term_string"}}],"inLanguage":"es"},{"@type":"Organization","@id":"https:\/\/www.casaldelsinfants.org\/es\/#organization","name":"Casal dels Infants","url":"https:\/\/www.casaldelsinfants.org\/es\/","logo":{"@type":"ImageObject","inLanguage":"es","@id":"https:\/\/www.casaldelsinfants.org\/es\/#\/schema\/logo\/image\/","url":"https:\/\/www.casaldelsinfants.org\/wp-content\/uploads\/logo-mail.png","contentUrl":"https:\/\/www.casaldelsinfants.org\/wp-content\/uploads\/logo-mail.png","width":380,"height":158,"caption":"Casal dels Infants"},"image":{"@id":"https:\/\/www.casaldelsinfants.org\/es\/#\/schema\/logo\/image\/"},"sameAs":["https:\/\/www.facebook.com\/casalinfants","https:\/\/x.com\/casalinfants","https:\/\/www.youtube.com\/user\/CasaldelsInfants1","https:\/\/www.instagram.com\/casalinfants\/","https:\/\/www.linkedin.com\/company\/casaldelsinfants?trk=organization-update_share-update_actor-text"]},{"@type":"Person","@id":"https:\/\/www.casaldelsinfants.org\/es\/#\/schema\/person\/97707fc8c64900cf36891127dbf9fba8","name":"cdiAdmin","sameAs":["https:\/\/casaldelsinfants.org"]}]}},"publishpress_future_action":{"enabled":false,"date":"2026-05-07 08:09:51","action":"change-status","newStatus":"draft","terms":[],"taxonomy":"category","extraData":[]},"publishpress_future_workflow_manual_trigger":{"enabledWorkflows":[]},"_links":{"self":[{"href":"https:\/\/www.casaldelsinfants.org\/es\/wp-json\/wp\/v2\/posts\/4518","targetHints":{"allow":["GET"]}}],"collection":[{"href":"https:\/\/www.casaldelsinfants.org\/es\/wp-json\/wp\/v2\/posts"}],"about":[{"href":"https:\/\/www.casaldelsinfants.org\/es\/wp-json\/wp\/v2\/types\/post"}],"author":[{"embeddable":true,"href":"https:\/\/www.casaldelsinfants.org\/es\/wp-json\/wp\/v2\/users\/1"}],"replies":[{"embeddable":true,"href":"https:\/\/www.casaldelsinfants.org\/es\/wp-json\/wp\/v2\/comments?post=4518"}],"version-history":[{"count":2,"href":"https:\/\/www.casaldelsinfants.org\/es\/wp-json\/wp\/v2\/posts\/4518\/revisions"}],"predecessor-version":[{"id":14992,"href":"https:\/\/www.casaldelsinfants.org\/es\/wp-json\/wp\/v2\/posts\/4518\/revisions\/14992"}],"wp:featuredmedia":[{"embeddable":true,"href":"https:\/\/www.casaldelsinfants.org\/es\/wp-json\/wp\/v2\/media\/3514"}],"wp:attachment":[{"href":"https:\/\/www.casaldelsinfants.org\/es\/wp-json\/wp\/v2\/media?parent=4518"}],"wp:term":[{"taxonomy":"category","embeddable":true,"href":"https:\/\/www.casaldelsinfants.org\/es\/wp-json\/wp\/v2\/categories?post=4518"},{"taxonomy":"post_tag","embeddable":true,"href":"https:\/\/www.casaldelsinfants.org\/es\/wp-json\/wp\/v2\/tags?post=4518"},{"taxonomy":"seus","embeddable":true,"href":"https:\/\/www.casaldelsinfants.org\/es\/wp-json\/wp\/v2\/seus?post=4518"},{"taxonomy":"eixos","embeddable":true,"href":"https:\/\/www.casaldelsinfants.org\/es\/wp-json\/wp\/v2\/eixos?post=4518"}],"curies":[{"name":"wp","href":"https:\/\/api.w.org\/{rel}","templated":true}]}}