{"id":4519,"date":"2018-02-26T10:59:08","date_gmt":"2018-02-26T08:59:08","guid":{"rendered":"https:\/\/casal.puntzero.cat\/noticies\/coneixent-lequip-92-del-tot-gira-quatre-exolimpics-amb-un-repte-molt-solidari\/"},"modified":"2023-05-01T19:04:56","modified_gmt":"2023-05-01T17:04:56","slug":"coneixent-lequip-92-del-tot-gira-quatre-exolimpics-amb-un-repte-molt-solidari","status":"publish","type":"post","link":"https:\/\/www.casaldelsinfants.org\/es\/actualidad\/conociendo-equipo-exolimpicos-reto-solidario\/","title":{"rendered":"Conociendo al Equip 92 del \u201cTot gira\u201d: cuatro exol\u00edmpicos con un reto muy solidario"},"content":{"rendered":"<p><span style=\"font-family:&quot;Myriad Pro&quot;,&quot;sans-serif&quot;\">El jueves 15 de febrero j\u00f3venes y ni\u00f1os del Casal dels Infants de <strong>Badalona<\/strong> recibieron la visita de dos deportistas que participaron en los Juegos Ol\u00edmpicos de Barcelona 92: <strong>Dani Ballart<\/strong> (exwaterpolista y actual entrenador del Club Nataci\u00f3 Sant Andreu) y <strong>Jes\u00fas \u00c1ngel Garc\u00eda Bragado<\/strong> (corredor de marcha atl\u00e9tica).<\/span><\/p>\n<p><span style=\"font-family:&quot;Myriad Pro&quot;,&quot;sans-serif&quot;\">Dani y \u201cChuso\u201d forman parte del <strong>Equip92<\/strong>\u00a0del programa <strong>\u201cTot gira\u201d<\/strong> de <strong>Catalunya R\u00e0dio<\/strong>, junto con <strong>Tom\u00e0s Jofresa<\/strong> (exjugador de b\u00e1squet) y <strong>Nat\u00e0lia Via-Dufresne<\/strong> (exregatista de vela). Los cuatro se han planteado un reto motivador y solidario: participar en la <strong>Zurich Marat\u00f3 de Barcelona 2018<\/strong>, que se celebra el 11 de marzo, y <strong>recaudar 5.000\u20ac para el Casal Obert Infantil del Casal dels Infants<\/strong>. <strong><span style=\"color:#f39c12;\">Los donativos se deben realizar mediante\u00a0la plataforma de financiaci\u00f3n participativa migranodearena.org <\/span><a href=\"https:\/\/www.migranodearena.org\/reto\/17763\/lequip-92-del-tot-gira-amb-el-casal-dels-infants\"><span style=\"color:#f39c12;\">aqu\u00ed<\/span><\/a><span style=\"color:#f39c12;\">.<\/span><\/strong><\/span><\/p>\n<p><span style=\"font-family:&quot;Myriad Pro&quot;,&quot;sans-serif&quot;\">Tras meses entrenando mucho para conseguirlo, les faltaba algo muy importante: conocer a los chicos y chicas del Casal dels Infants, el motivo por el cual est\u00e1n sudando la camiseta. En Badalona, Dani y \u201cChuso\u201d, acompa\u00f1ados de David Clup\u00e9s y Maria Guix\u00e0 del \u201cTot gira\u201d, charlaron con los que participan en el <strong>Casal Obert Infantil<\/strong> y en el <strong>Casal Jove<\/strong>. Tom\u00e0s Jufresa no puedo estar presente (vive en Menorca y le result\u00f3 imposible hacer el viaje) y tampoco Natalia Via-Dufresne (se estaba recuperando de una peque\u00f1a lesi\u00f3n que se hizo entrenando para la media marat\u00f3n de Barcelona).<\/span><\/p>\n<p><span style=\"font-size:11.0pt\"><span style=\"line-height:115%\"><span style=\"font-family:&quot;Myriad Pro&quot;,&quot;sans-serif&quot;\">Durante el encuentro, los ni\u00f1os y ni\u00f1as hicieron preguntas para saber <strong>c\u00f3mo es la vida de un deportista de \u00e9lite<\/strong>, especialmente en aquellos aspectos que a menudo no aparecen por televisi\u00f3n: cu\u00e1l ha sido su motivaci\u00f3n para competir, qu\u00e9 sacrificios han tenido que hacer para alcanzar un nivel deportivo tan alto, si han estudio, a qu\u00e9 se han dedicado una vez retirados de la alta competici\u00f3n\u2026 En este <a href=\"http:\/\/www.ccma.cat\/catradio\/alacarta\/tot-gira\/tot-gira\/audio\/992195\/\"><span style=\"color:#f39c12;\">reportaje del \u201cTot gira\u201d<\/span><\/a> se pueden escuchar los mejores fragmentos de la conversaci\u00f3n. En el v\u00eddeo que acompa\u00f1a esta noticia, algunos de los mejores momentos del encuentro.<\/span><\/span><\/span><\/p>\n<p>\u00a0<\/p>\n<div class=\"video-embed-field-responsive-video form-group\"><iframe loading=\"lazy\" width=\"854\" height=\"480\" frameborder=\"0\" allowfullscreen=\"allowfullscreen\" src=\"https:\/\/www.youtube.com\/embed\/d1jUxfvNwzg?autoplay=0&amp;start=0&amp;rel=0\"><\/iframe>\n<\/div>\n<p>\u00a0<\/p>\n","protected":false},"excerpt":{"rendered":"<p>El jueves 15 de febrero j\u00f3venes y ni\u00f1os del Casal dels Infants de Badalona recibieron la visita de dos deportistas que participaron en los Juegos Ol\u00edmpicos de Barcelona 92: Dani Ballart (exwaterpolista y actual entrenador del Club Nataci\u00f3 Sant Andreu) y Jes\u00fas \u00c1ngel Garc\u00eda Bragado (corredor de marcha atl\u00e9tica). Dani y \u201cChuso\u201d forman parte del [&hellip;]<\/p>\n","protected":false},"author":1,"featured_media":3517,"comment_status":"open","ping_status":"open","sticky":false,"template":"","format":"standard","meta":{"_acf_changed":false,"_et_pb_use_builder":"","_et_pb_old_content":"","_et_gb_content_width":"","inline_featured_image":false,"footnotes":""},"categories":[125],"tags":[169,120,119],"seus":[15],"eixos":[110],"class_list":["post-4519","post","type-post","status-publish","format-standard","has-post-thumbnail","hentry","category-noticias","tag-casal-jove-es","tag-casal-obert-in","tag-deporte","seus-badalona","eixos-comunidad-casal-dels-infants"],"acf":[],"yoast_head":"<!-- This site is optimized with the Yoast SEO plugin v27.4 - https:\/\/yoast.com\/product\/yoast-seo-wordpress\/ -->\n<title>Conociendo al Equip 92 del \u201cTot gira\u201d: cuatro exol\u00edmpicos con un reto muy solidario - Casal dels Infants<\/title>\n<meta name=\"robots\" content=\"index, follow, max-snippet:-1, max-image-preview:large, max-video-preview:-1\" \/>\n<link rel=\"canonical\" href=\"https:\/\/www.casaldelsinfants.org\/es\/actualidad\/conociendo-equipo-exolimpicos-reto-solidario\/\" \/>\n<meta property=\"og:locale\" content=\"es_ES\" \/>\n<meta property=\"og:type\" content=\"article\" \/>\n<meta property=\"og:title\" content=\"Conociendo al Equip 92 del \u201cTot gira\u201d: cuatro exol\u00edmpicos con un reto muy solidario - Casal dels Infants\" \/>\n<meta property=\"og:description\" content=\"El jueves 15 de febrero j\u00f3venes y ni\u00f1os del Casal dels Infants de Badalona recibieron la visita de dos deportistas que participaron en los Juegos Ol\u00edmpicos de Barcelona 92: Dani Ballart (exwaterpolista y actual entrenador del Club Nataci\u00f3 Sant Andreu) y Jes\u00fas \u00c1ngel Garc\u00eda Bragado (corredor de marcha atl\u00e9tica). Dani y \u201cChuso\u201d forman parte del [&hellip;]\" \/>\n<meta property=\"og:url\" content=\"https:\/\/www.casaldelsinfants.org\/es\/actualidad\/conociendo-equipo-exolimpicos-reto-solidario\/\" \/>\n<meta property=\"og:site_name\" content=\"Casal dels Infants\" \/>\n<meta property=\"article:publisher\" content=\"https:\/\/www.facebook.com\/casalinfants\" \/>\n<meta property=\"article:published_time\" content=\"2018-02-26T08:59:08+00:00\" \/>\n<meta property=\"article:modified_time\" content=\"2023-05-01T17:04:56+00:00\" \/>\n<meta property=\"og:image\" content=\"https:\/\/www.casaldelsinfants.org\/wp-content\/uploads\/1010177_0-scaled.jpg\" \/>\n\t<meta property=\"og:image:width\" content=\"2560\" \/>\n\t<meta property=\"og:image:height\" content=\"1922\" \/>\n\t<meta property=\"og:image:type\" content=\"image\/jpeg\" \/>\n<meta name=\"author\" content=\"cdiAdmin\" \/>\n<meta name=\"twitter:card\" content=\"summary_large_image\" \/>\n<meta name=\"twitter:creator\" content=\"@casalinfants\" \/>\n<meta name=\"twitter:site\" content=\"@casalinfants\" \/>\n<meta name=\"twitter:label1\" content=\"Escrito por\" \/>\n\t<meta name=\"twitter:data1\" content=\"cdiAdmin\" \/>\n\t<meta name=\"twitter:label2\" content=\"Tiempo de lectura\" \/>\n\t<meta name=\"twitter:data2\" content=\"2 minutos\" \/>\n<script type=\"application\/ld+json\" class=\"yoast-schema-graph\">{\"@context\":\"https:\\\/\\\/schema.org\",\"@graph\":[{\"@type\":\"Article\",\"@id\":\"https:\\\/\\\/www.casaldelsinfants.org\\\/es\\\/actualidad\\\/conociendo-equipo-exolimpicos-reto-solidario\\\/#article\",\"isPartOf\":{\"@id\":\"https:\\\/\\\/www.casaldelsinfants.org\\\/es\\\/actualidad\\\/conociendo-equipo-exolimpicos-reto-solidario\\\/\"},\"author\":{\"name\":\"cdiAdmin\",\"@id\":\"https:\\\/\\\/www.casaldelsinfants.org\\\/es\\\/#\\\/schema\\\/person\\\/97707fc8c64900cf36891127dbf9fba8\"},\"headline\":\"Conociendo al Equip 92 del \u201cTot gira\u201d: cuatro exol\u00edmpicos con un reto muy solidario\",\"datePublished\":\"2018-02-26T08:59:08+00:00\",\"dateModified\":\"2023-05-01T17:04:56+00:00\",\"mainEntityOfPage\":{\"@id\":\"https:\\\/\\\/www.casaldelsinfants.org\\\/es\\\/actualidad\\\/conociendo-equipo-exolimpicos-reto-solidario\\\/\"},\"wordCount\":356,\"commentCount\":0,\"publisher\":{\"@id\":\"https:\\\/\\\/www.casaldelsinfants.org\\\/es\\\/#organization\"},\"image\":{\"@id\":\"https:\\\/\\\/www.casaldelsinfants.org\\\/es\\\/actualidad\\\/conociendo-equipo-exolimpicos-reto-solidario\\\/#primaryimage\"},\"thumbnailUrl\":\"https:\\\/\\\/www.casaldelsinfants.org\\\/wp-content\\\/uploads\\\/1010177_0-scaled.jpg\",\"keywords\":[\"Casal Jove\",\"casal obert in\",\"Deporte\"],\"articleSection\":[\"Noticia\"],\"inLanguage\":\"es\",\"potentialAction\":[{\"@type\":\"CommentAction\",\"name\":\"Comment\",\"target\":[\"https:\\\/\\\/www.casaldelsinfants.org\\\/es\\\/actualidad\\\/conociendo-equipo-exolimpicos-reto-solidario\\\/#respond\"]}]},{\"@type\":\"WebPage\",\"@id\":\"https:\\\/\\\/www.casaldelsinfants.org\\\/es\\\/actualidad\\\/conociendo-equipo-exolimpicos-reto-solidario\\\/\",\"url\":\"https:\\\/\\\/www.casaldelsinfants.org\\\/es\\\/actualidad\\\/conociendo-equipo-exolimpicos-reto-solidario\\\/\",\"name\":\"Conociendo al Equip 92 del \u201cTot gira\u201d: cuatro exol\u00edmpicos con un reto muy solidario - Casal dels Infants\",\"isPartOf\":{\"@id\":\"https:\\\/\\\/www.casaldelsinfants.org\\\/es\\\/#website\"},\"primaryImageOfPage\":{\"@id\":\"https:\\\/\\\/www.casaldelsinfants.org\\\/es\\\/actualidad\\\/conociendo-equipo-exolimpicos-reto-solidario\\\/#primaryimage\"},\"image\":{\"@id\":\"https:\\\/\\\/www.casaldelsinfants.org\\\/es\\\/actualidad\\\/conociendo-equipo-exolimpicos-reto-solidario\\\/#primaryimage\"},\"thumbnailUrl\":\"https:\\\/\\\/www.casaldelsinfants.org\\\/wp-content\\\/uploads\\\/1010177_0-scaled.jpg\",\"datePublished\":\"2018-02-26T08:59:08+00:00\",\"dateModified\":\"2023-05-01T17:04:56+00:00\",\"breadcrumb\":{\"@id\":\"https:\\\/\\\/www.casaldelsinfants.org\\\/es\\\/actualidad\\\/conociendo-equipo-exolimpicos-reto-solidario\\\/#breadcrumb\"},\"inLanguage\":\"es\",\"potentialAction\":[{\"@type\":\"ReadAction\",\"target\":[\"https:\\\/\\\/www.casaldelsinfants.org\\\/es\\\/actualidad\\\/conociendo-equipo-exolimpicos-reto-solidario\\\/\"]}]},{\"@type\":\"ImageObject\",\"inLanguage\":\"es\",\"@id\":\"https:\\\/\\\/www.casaldelsinfants.org\\\/es\\\/actualidad\\\/conociendo-equipo-exolimpicos-reto-solidario\\\/#primaryimage\",\"url\":\"https:\\\/\\\/www.casaldelsinfants.org\\\/wp-content\\\/uploads\\\/1010177_0-scaled.jpg\",\"contentUrl\":\"https:\\\/\\\/www.casaldelsinfants.org\\\/wp-content\\\/uploads\\\/1010177_0-scaled.jpg\",\"width\":2560,\"height\":1922,\"caption\":\"L\u2019Equip 92 del &quot;\"},{\"@type\":\"BreadcrumbList\",\"@id\":\"https:\\\/\\\/www.casaldelsinfants.org\\\/es\\\/actualidad\\\/conociendo-equipo-exolimpicos-reto-solidario\\\/#breadcrumb\",\"itemListElement\":[{\"@type\":\"ListItem\",\"position\":1,\"name\":\"Inici\",\"item\":\"https:\\\/\\\/www.casaldelsinfants.org\\\/es\\\/\"},{\"@type\":\"ListItem\",\"position\":2,\"name\":\"Conociendo al Equip 92 del \u201cTot gira\u201d: cuatro exol\u00edmpicos con un reto muy solidario\"}]},{\"@type\":\"WebSite\",\"@id\":\"https:\\\/\\\/www.casaldelsinfants.org\\\/es\\\/#website\",\"url\":\"https:\\\/\\\/www.casaldelsinfants.org\\\/es\\\/\",\"name\":\"Casal dels Infants\",\"description\":\"\",\"publisher\":{\"@id\":\"https:\\\/\\\/www.casaldelsinfants.org\\\/es\\\/#organization\"},\"potentialAction\":[{\"@type\":\"SearchAction\",\"target\":{\"@type\":\"EntryPoint\",\"urlTemplate\":\"https:\\\/\\\/www.casaldelsinfants.org\\\/es\\\/?s={search_term_string}\"},\"query-input\":{\"@type\":\"PropertyValueSpecification\",\"valueRequired\":true,\"valueName\":\"search_term_string\"}}],\"inLanguage\":\"es\"},{\"@type\":\"Organization\",\"@id\":\"https:\\\/\\\/www.casaldelsinfants.org\\\/es\\\/#organization\",\"name\":\"Casal dels Infants\",\"url\":\"https:\\\/\\\/www.casaldelsinfants.org\\\/es\\\/\",\"logo\":{\"@type\":\"ImageObject\",\"inLanguage\":\"es\",\"@id\":\"https:\\\/\\\/www.casaldelsinfants.org\\\/es\\\/#\\\/schema\\\/logo\\\/image\\\/\",\"url\":\"https:\\\/\\\/www.casaldelsinfants.org\\\/wp-content\\\/uploads\\\/logo-mail.png\",\"contentUrl\":\"https:\\\/\\\/www.casaldelsinfants.org\\\/wp-content\\\/uploads\\\/logo-mail.png\",\"width\":380,\"height\":158,\"caption\":\"Casal dels Infants\"},\"image\":{\"@id\":\"https:\\\/\\\/www.casaldelsinfants.org\\\/es\\\/#\\\/schema\\\/logo\\\/image\\\/\"},\"sameAs\":[\"https:\\\/\\\/www.facebook.com\\\/casalinfants\",\"https:\\\/\\\/x.com\\\/casalinfants\",\"https:\\\/\\\/www.youtube.com\\\/user\\\/CasaldelsInfants1\",\"https:\\\/\\\/www.instagram.com\\\/casalinfants\\\/\",\"https:\\\/\\\/www.linkedin.com\\\/company\\\/casaldelsinfants?trk=organization-update_share-update_actor-text\"]},{\"@type\":\"Person\",\"@id\":\"https:\\\/\\\/www.casaldelsinfants.org\\\/es\\\/#\\\/schema\\\/person\\\/97707fc8c64900cf36891127dbf9fba8\",\"name\":\"cdiAdmin\",\"sameAs\":[\"https:\\\/\\\/casaldelsinfants.org\"]}]}<\/script>\n<!-- \/ Yoast SEO plugin. -->","yoast_head_json":{"title":"Conociendo al Equip 92 del \u201cTot gira\u201d: cuatro exol\u00edmpicos con un reto muy solidario - Casal dels Infants","robots":{"index":"index","follow":"follow","max-snippet":"max-snippet:-1","max-image-preview":"max-image-preview:large","max-video-preview":"max-video-preview:-1"},"canonical":"https:\/\/www.casaldelsinfants.org\/es\/actualidad\/conociendo-equipo-exolimpicos-reto-solidario\/","og_locale":"es_ES","og_type":"article","og_title":"Conociendo al Equip 92 del \u201cTot gira\u201d: cuatro exol\u00edmpicos con un reto muy solidario - Casal dels Infants","og_description":"El jueves 15 de febrero j\u00f3venes y ni\u00f1os del Casal dels Infants de Badalona recibieron la visita de dos deportistas que participaron en los Juegos Ol\u00edmpicos de Barcelona 92: Dani Ballart (exwaterpolista y actual entrenador del Club Nataci\u00f3 Sant Andreu) y Jes\u00fas \u00c1ngel Garc\u00eda Bragado (corredor de marcha atl\u00e9tica). Dani y \u201cChuso\u201d forman parte del [&hellip;]","og_url":"https:\/\/www.casaldelsinfants.org\/es\/actualidad\/conociendo-equipo-exolimpicos-reto-solidario\/","og_site_name":"Casal dels Infants","article_publisher":"https:\/\/www.facebook.com\/casalinfants","article_published_time":"2018-02-26T08:59:08+00:00","article_modified_time":"2023-05-01T17:04:56+00:00","og_image":[{"width":2560,"height":1922,"url":"https:\/\/www.casaldelsinfants.org\/wp-content\/uploads\/1010177_0-scaled.jpg","type":"image\/jpeg"}],"author":"cdiAdmin","twitter_card":"summary_large_image","twitter_creator":"@casalinfants","twitter_site":"@casalinfants","twitter_misc":{"Escrito por":"cdiAdmin","Tiempo de lectura":"2 minutos"},"schema":{"@context":"https:\/\/schema.org","@graph":[{"@type":"Article","@id":"https:\/\/www.casaldelsinfants.org\/es\/actualidad\/conociendo-equipo-exolimpicos-reto-solidario\/#article","isPartOf":{"@id":"https:\/\/www.casaldelsinfants.org\/es\/actualidad\/conociendo-equipo-exolimpicos-reto-solidario\/"},"author":{"name":"cdiAdmin","@id":"https:\/\/www.casaldelsinfants.org\/es\/#\/schema\/person\/97707fc8c64900cf36891127dbf9fba8"},"headline":"Conociendo al Equip 92 del \u201cTot gira\u201d: cuatro exol\u00edmpicos con un reto muy solidario","datePublished":"2018-02-26T08:59:08+00:00","dateModified":"2023-05-01T17:04:56+00:00","mainEntityOfPage":{"@id":"https:\/\/www.casaldelsinfants.org\/es\/actualidad\/conociendo-equipo-exolimpicos-reto-solidario\/"},"wordCount":356,"commentCount":0,"publisher":{"@id":"https:\/\/www.casaldelsinfants.org\/es\/#organization"},"image":{"@id":"https:\/\/www.casaldelsinfants.org\/es\/actualidad\/conociendo-equipo-exolimpicos-reto-solidario\/#primaryimage"},"thumbnailUrl":"https:\/\/www.casaldelsinfants.org\/wp-content\/uploads\/1010177_0-scaled.jpg","keywords":["Casal Jove","casal obert in","Deporte"],"articleSection":["Noticia"],"inLanguage":"es","potentialAction":[{"@type":"CommentAction","name":"Comment","target":["https:\/\/www.casaldelsinfants.org\/es\/actualidad\/conociendo-equipo-exolimpicos-reto-solidario\/#respond"]}]},{"@type":"WebPage","@id":"https:\/\/www.casaldelsinfants.org\/es\/actualidad\/conociendo-equipo-exolimpicos-reto-solidario\/","url":"https:\/\/www.casaldelsinfants.org\/es\/actualidad\/conociendo-equipo-exolimpicos-reto-solidario\/","name":"Conociendo al Equip 92 del \u201cTot gira\u201d: cuatro exol\u00edmpicos con un reto muy solidario - Casal dels Infants","isPartOf":{"@id":"https:\/\/www.casaldelsinfants.org\/es\/#website"},"primaryImageOfPage":{"@id":"https:\/\/www.casaldelsinfants.org\/es\/actualidad\/conociendo-equipo-exolimpicos-reto-solidario\/#primaryimage"},"image":{"@id":"https:\/\/www.casaldelsinfants.org\/es\/actualidad\/conociendo-equipo-exolimpicos-reto-solidario\/#primaryimage"},"thumbnailUrl":"https:\/\/www.casaldelsinfants.org\/wp-content\/uploads\/1010177_0-scaled.jpg","datePublished":"2018-02-26T08:59:08+00:00","dateModified":"2023-05-01T17:04:56+00:00","breadcrumb":{"@id":"https:\/\/www.casaldelsinfants.org\/es\/actualidad\/conociendo-equipo-exolimpicos-reto-solidario\/#breadcrumb"},"inLanguage":"es","potentialAction":[{"@type":"ReadAction","target":["https:\/\/www.casaldelsinfants.org\/es\/actualidad\/conociendo-equipo-exolimpicos-reto-solidario\/"]}]},{"@type":"ImageObject","inLanguage":"es","@id":"https:\/\/www.casaldelsinfants.org\/es\/actualidad\/conociendo-equipo-exolimpicos-reto-solidario\/#primaryimage","url":"https:\/\/www.casaldelsinfants.org\/wp-content\/uploads\/1010177_0-scaled.jpg","contentUrl":"https:\/\/www.casaldelsinfants.org\/wp-content\/uploads\/1010177_0-scaled.jpg","width":2560,"height":1922,"caption":"L\u2019Equip 92 del &quot;"},{"@type":"BreadcrumbList","@id":"https:\/\/www.casaldelsinfants.org\/es\/actualidad\/conociendo-equipo-exolimpicos-reto-solidario\/#breadcrumb","itemListElement":[{"@type":"ListItem","position":1,"name":"Inici","item":"https:\/\/www.casaldelsinfants.org\/es\/"},{"@type":"ListItem","position":2,"name":"Conociendo al Equip 92 del \u201cTot gira\u201d: cuatro exol\u00edmpicos con un reto muy solidario"}]},{"@type":"WebSite","@id":"https:\/\/www.casaldelsinfants.org\/es\/#website","url":"https:\/\/www.casaldelsinfants.org\/es\/","name":"Casal dels Infants","description":"","publisher":{"@id":"https:\/\/www.casaldelsinfants.org\/es\/#organization"},"potentialAction":[{"@type":"SearchAction","target":{"@type":"EntryPoint","urlTemplate":"https:\/\/www.casaldelsinfants.org\/es\/?s={search_term_string}"},"query-input":{"@type":"PropertyValueSpecification","valueRequired":true,"valueName":"search_term_string"}}],"inLanguage":"es"},{"@type":"Organization","@id":"https:\/\/www.casaldelsinfants.org\/es\/#organization","name":"Casal dels Infants","url":"https:\/\/www.casaldelsinfants.org\/es\/","logo":{"@type":"ImageObject","inLanguage":"es","@id":"https:\/\/www.casaldelsinfants.org\/es\/#\/schema\/logo\/image\/","url":"https:\/\/www.casaldelsinfants.org\/wp-content\/uploads\/logo-mail.png","contentUrl":"https:\/\/www.casaldelsinfants.org\/wp-content\/uploads\/logo-mail.png","width":380,"height":158,"caption":"Casal dels Infants"},"image":{"@id":"https:\/\/www.casaldelsinfants.org\/es\/#\/schema\/logo\/image\/"},"sameAs":["https:\/\/www.facebook.com\/casalinfants","https:\/\/x.com\/casalinfants","https:\/\/www.youtube.com\/user\/CasaldelsInfants1","https:\/\/www.instagram.com\/casalinfants\/","https:\/\/www.linkedin.com\/company\/casaldelsinfants?trk=organization-update_share-update_actor-text"]},{"@type":"Person","@id":"https:\/\/www.casaldelsinfants.org\/es\/#\/schema\/person\/97707fc8c64900cf36891127dbf9fba8","name":"cdiAdmin","sameAs":["https:\/\/casaldelsinfants.org"]}]}},"publishpress_future_action":{"enabled":false,"date":"2026-05-07 08:09:31","action":"change-status","newStatus":"draft","terms":[],"taxonomy":"category","extraData":[]},"publishpress_future_workflow_manual_trigger":{"enabledWorkflows":[]},"_links":{"self":[{"href":"https:\/\/www.casaldelsinfants.org\/es\/wp-json\/wp\/v2\/posts\/4519","targetHints":{"allow":["GET"]}}],"collection":[{"href":"https:\/\/www.casaldelsinfants.org\/es\/wp-json\/wp\/v2\/posts"}],"about":[{"href":"https:\/\/www.casaldelsinfants.org\/es\/wp-json\/wp\/v2\/types\/post"}],"author":[{"embeddable":true,"href":"https:\/\/www.casaldelsinfants.org\/es\/wp-json\/wp\/v2\/users\/1"}],"replies":[{"embeddable":true,"href":"https:\/\/www.casaldelsinfants.org\/es\/wp-json\/wp\/v2\/comments?post=4519"}],"version-history":[{"count":1,"href":"https:\/\/www.casaldelsinfants.org\/es\/wp-json\/wp\/v2\/posts\/4519\/revisions"}],"predecessor-version":[{"id":6435,"href":"https:\/\/www.casaldelsinfants.org\/es\/wp-json\/wp\/v2\/posts\/4519\/revisions\/6435"}],"wp:featuredmedia":[{"embeddable":true,"href":"https:\/\/www.casaldelsinfants.org\/es\/wp-json\/wp\/v2\/media\/3517"}],"wp:attachment":[{"href":"https:\/\/www.casaldelsinfants.org\/es\/wp-json\/wp\/v2\/media?parent=4519"}],"wp:term":[{"taxonomy":"category","embeddable":true,"href":"https:\/\/www.casaldelsinfants.org\/es\/wp-json\/wp\/v2\/categories?post=4519"},{"taxonomy":"post_tag","embeddable":true,"href":"https:\/\/www.casaldelsinfants.org\/es\/wp-json\/wp\/v2\/tags?post=4519"},{"taxonomy":"seus","embeddable":true,"href":"https:\/\/www.casaldelsinfants.org\/es\/wp-json\/wp\/v2\/seus?post=4519"},{"taxonomy":"eixos","embeddable":true,"href":"https:\/\/www.casaldelsinfants.org\/es\/wp-json\/wp\/v2\/eixos?post=4519"}],"curies":[{"name":"wp","href":"https:\/\/api.w.org\/{rel}","templated":true}]}}