{"id":4522,"date":"2018-02-16T14:38:44","date_gmt":"2018-02-16T12:38:44","guid":{"rendered":"https:\/\/casal.puntzero.cat\/noticies\/joves-illuminant-criatures\/"},"modified":"2023-11-23T12:19:21","modified_gmt":"2023-11-23T10:19:21","slug":"joves-illuminant-criatures","status":"publish","type":"post","link":"https:\/\/www.casaldelsinfants.org\/es\/actualidad\/joves-illuminant-criatures\/","title":{"rendered":"J\u00f3venes iluminando criaturas"},"content":{"rendered":"<p><strong>Marcos<\/strong> recuerda bien la fecha: el 18 de septiembre del 2017. Ese d\u00eda entr\u00f3 por primera vez al taller de formaci\u00f3n del <strong>Casal dels Infants<\/strong>, en el barrio del Raval de Barcelona, para empezar el <strong>Programa de Formaci\u00f3 Inicial (PFI) en auxiliar de montajes de instalaciones de agua, electricidad y gas<\/strong>.<\/p>\n<p>Unos meses antes estaba estudiando el equivalente a segundo de bachillerato en <strong>Rep\u00fablica Dominicana<\/strong>\u00a0, donde naci\u00f3. Conviv\u00eda con su padre y su hermana, y hasta entonces no se hab\u00eda planteado irse a vivir con su madre, que llevaba 11 a\u00f1os en <strong>Barcelona<\/strong>. A medio curso, sin embargo, le surgi\u00f3 la oportunidad de tramitarse el visado para venir, y fue r\u00e1pido en decidirse.<\/p>\n<p>A finales de julio ya se hab\u00eda instalado en el barrio del <strong>Poble Sec<\/strong>. \u201cLos primeros meses fueron un poco dif\u00edciles. All\u00ed, en Rep\u00fablica Dominicana, ten\u00eda toda mi vida, y en el nuevo piso pasaba muchas horas sin saber qu\u00e9 hacer\u201d, explica. El <strong>PFI<\/strong> le sirvi\u00f3 para empezar a dar sentido a la nueva etapa; el vaci\u00f3 de los primeros meses lo fue llenando el esquema del circuito el\u00e9ctrico: flujos de intensidad, corrientes de electrones, resistencias\u2026<\/p>\n<p><strong>Sergi<\/strong> no ven\u00eda de muy lejos, siendo <strong>vecino del Raval<\/strong>, pero tambi\u00e9n hab\u00eda tenido que poner distancia con su pasado. \u201cMe avisaron de que me expulsar\u00edan del instituto por mal comportamiento, pero yo me cachondeaba de todo\u2026\u201d. Finalmente, la advertencia tuvo efectos: los echaron, a \u00e9l y a sus amigos, sin haber acabado la ESO. No le qued\u00f3 m\u00e1s remedio que pensar hacia d\u00f3nde ir, y eligi\u00f3 el PFI.<\/p>\n<p class=\"pregunta-entrevista\">El encargo<\/p>\n<p>En noviembre, cuando Marcos, Sergi y sus 12 compa\u00f1eros de formaci\u00f3n empezaban a adaptarse a la nueva etapa, <strong>Ciscu y Fina<\/strong>, los educadores del proyecto, les explicaron en qu\u00e9 consistir\u00eda el <strong>ejercicio pr\u00e1ctico del primer trimestre:<\/strong> tendr\u00edan que fabricar <strong>mesas de luz para ni\u00f1os y ni\u00f1as de 0 a 6 a\u00f1os<\/strong> de los proyectos <strong><a href=\"https:\/\/www.casaldelsinfants.org\/es\/que-hacemos\/ayudar-a-pequena-infancia-y-familias\/\" target=\"_blank\" rel=\"noopener\">Min\u00fascula<\/a>, <a href=\"https:\/\/www.casaldelsinfants.org\/es\/que-hacemos\/ayudar-a-pequena-infancia-y-familias\/\" target=\"_blank\" rel=\"noopener\">Vincles<\/a> y el <a href=\"https:\/\/www.casaldelsinfants.org\/es\/que-hacemos\/ayudar-a-la-infancia-y-adolescencia\/\">Casal Obert per a Petita Inf\u00e0ncia (COPI)<\/a><\/strong>. En Vincles y Min\u00fascula los peque\u00f1os y peque\u00f1as adquieren h\u00e1bitos y competencias para empezar la escuela en igualdad de oportunidades (en Vincles tambi\u00e9n se refuerza el lazo maternoinfantil y las competencias de las madres), y en COPI se realiza un acompa\u00f1amiento integral a los ni\u00f1os y ni\u00f1as, con actividades para reforzar el aprendizaje y tambi\u00e9n de recreo.<\/p>\n<p><strong>\u201cEra una responsabilidad grande\u201d<\/strong>, comentaba meses despu\u00e9s <strong>Sergi<\/strong>. \u201cImag\u00ednate que hubi\u00e9ramos colocado mal una peque\u00f1a pieza y se la hubiesen tragado\u2026\u201d. Daba respeto, pero un encargo es un encargo, se tiene que estar preparado. Y, de todas maneras, no todo eran miedos. <strong>Ciscu<\/strong> recuerda que la emoci\u00f3n desbord\u00f3 a algunos de los j\u00f3venes, que ya se imaginaban filigranas: \u201cMe llegaron a proponer hacer las mesas con la cara de Mickey Mouse, pero ten\u00edamos que ser realistas y asegurarnos de que el pedido saldr\u00eda bien\u201d.<\/p>\n<p>Antes de empezar, hac\u00eda falta hacer una primera visita a los peque\u00f1os clientes y clientas para estudiar sus necesidades. Los esperaban <strong>Marta, Andrea y Cl\u00e0udia<\/strong>, educadoras de Min\u00fascula y Vincles, que con sus comentarios les ayudaron a definir la idea. Har\u00edan dos mesas para cada proyecto. La mitad tendr\u00edan patas, para que con ellas se pudiera jugar de pie o desde una silla; las otras se utilizar\u00edan desde el suelo.<\/p>\n<p>A partir de aqu\u00ed, los j\u00f3venes se dividieron en <strong>grupos de cuatro<\/strong> y empezaron el trabajo en el <strong>taller<\/strong>. Invirtieron unas <strong>30 horas<\/strong>, siempre guiados por <strong>Ciscu y Fina<\/strong>. En este v\u00eddeo se resume el proceso de construcci\u00f3n a trav\u00e9s de fotos y con la explicaci\u00f3n de Sergi.<\/p>\n<div class=\"video-embed-field-responsive-video form-group\"><iframe loading=\"lazy\" src=\"https:\/\/www.youtube.com\/embed\/p-C7LTNyyQA?autoplay=0&amp;start=0&amp;rel=0\" width=\"854\" height=\"480\" frameborder=\"0\" allowfullscreen=\"allowfullscreen\"><\/iframe><\/div>\n<p>La entrega<\/p>\n<p>Lunes <strong>15 de enero<\/strong>: fecha de <strong>entrega del producto<\/strong>. Las mesas hab\u00edan quedado terminadas a tiempo. S\u00f3lo hac\u00eda falta movilizar el sistema de <strong>transporte<\/strong>: diez minutos caminando por el barrio, de la calle de la\u00a0<strong>Junta de Comer\u00e7<\/strong> a la de la <strong>Reina Am\u00e0lia<\/strong>. R\u00e1pido, econ\u00f3mico y ecol\u00f3gico. Llegaba el <strong>momento de la verdad<\/strong>: el de enchufar las mesas y ver qu\u00e9 cara pon\u00edas los cr\u00edos y las cr\u00edas.<\/p>\n<p>La de <strong>Hussain<\/strong>, uno de los peque\u00f1os de Min\u00fascula, se le qued\u00f3 con los ojos como platos cuando Fina apag\u00f3 las luces del aula. El <strong>resplandor blanco<\/strong> de las mesas era ahora el centro de todo un <strong>gran misterio<\/strong>. \u00a1Qu\u00e9 impacto, para alguien que no levanta cuatro palmos del suelo! Despu\u00e9s del susto inicial, <strong>empezaba la interacci\u00f3n<\/strong>.<\/p>\n<p><strong>Sabiha<\/strong> fue de las primeras valientes en asomar la cabeza por encima de una de las mesas. Primero para colocar un colador de cocina, despu\u00e9s un papel de seda, ahora un pote con l\u00edquido en el interior\u2026 Los j\u00f3venes le segu\u00edan la corriente, ya fuera para poner a prueba el producto o por simple <strong>contagio de las ganas de jugar<\/strong>. Ahora <strong>Omar y Umer<\/strong>, compa\u00f1eros de Marcos y Sergi, mov\u00edan el colador en c\u00edrculos por la superficie brillante, como si fuera una nave alien\u00edgena.<\/p>\n<p>En el aula de Vincles, <strong>Soufyan, Hiba y Muneeb<\/strong> jugaban con la arena verde que las educadoras hab\u00edan esparcido encima de su mesa. Los dos ni\u00f1os iban haciendo caminos verdes y serpenteantes con el dedo \u00edndice, al que Hiba le pasaba por encima un coche de juguete, como si fuera por la carretera. Una carretera que se convert\u00eda en autopista de doble carril cuando <strong>Badou<\/strong>, otro de los j\u00f3venes del PFI, alargaba el trazado con su dedo, considerablemente m\u00e1s grande que el de los ni\u00f1os y ni\u00f1as. \u201cTodo esto les aporta un <strong>estimulaci\u00f3n temprana<\/strong> m\u00e1s rica, les permite experimentar con los sentidos Adem\u00e1s, da sentido al trabajo de otros compa\u00f1eros del Casal\u201d, comentaba<strong> Marta<\/strong>, satisfecha.<\/p>\n<div class=\"video-embed-field-responsive-video form-group\"><iframe loading=\"lazy\" src=\"https:\/\/www.youtube.com\/embed\/Smk4mLyaRxE?autoplay=0&amp;start=0&amp;rel=0\" width=\"854\" height=\"480\" frameborder=\"0\" allowfullscreen=\"allowfullscreen\"><\/iframe><\/div>\n<p>A <strong>Marcos<\/strong>, que ahora se acercaba a jugar con Sabiha, se le revolv\u00edan las emociones. M\u00e1s tarde lo explicar\u00eda con palabras: \u201cHicimos las mesas con <strong>pasi\u00f3n y amor<\/strong>, porque eran para ni\u00f1os y ni\u00f1as peque\u00f1os. Al ver sus reacciones, al verlos contentos y contentas, he visto <strong>el trabajo hab\u00eda dado resultados, y me he sentido alegre<\/strong>\u201d.<\/p>\n<div class=\"video-embed-field-responsive-video form-group\"><iframe loading=\"lazy\" src=\"https:\/\/www.youtube.com\/embed\/TCiaPTnU0cU?autoplay=0&amp;start=0&amp;rel=0\" width=\"854\" height=\"480\" frameborder=\"0\" allowfullscreen=\"allowfullscreen\"><\/iframe><\/div>\n<p class=\"pregunta-entrevista\">La experiencia<\/p>\n<p>Era justo lo que <strong>Fina y Ciscu <\/strong>quer\u00edan: que los alumnos tuvieran que <strong>aplicar la teor\u00eda, resolver conflictos, trabajar en equipo y con autonom\u00eda\u2026<\/strong> Y por encima de todo, que viesen que <strong>dedicar tiempo y esfuerzo a aprender da resultados<\/strong>.<\/p>\n<p>Resultados <strong>como<\/strong> <strong>las notas del primer trimestre de Marcos, que fueron buenas<\/strong>, aunque le cuesten las mates. Cuando las recibi\u00f3 en diciembre, en seguida se lo explic\u00f3 a su padre y a su hermana, orgullosos desde Rep\u00fablica Dominicana. Ahora tiene claro que quiere sacarse un t\u00edtulo relacionado con la electricidad, quiz\u00e1s un grado medio.<\/p>\n<p>A <strong>Sergi<\/strong> no le gusta tanto, el circuito el\u00e9ctrico, y seguramente no ser\u00e1 este su oficio. Pero sabe que en el PFI tambi\u00e9n <strong>est\u00e1 aprendiendo otras cosas<\/strong>, como por ejemplo a <strong>respetar a los profesores<\/strong> y entender que, si le exigen atenci\u00f3n, es porque <strong>saben que tiene capacidades para salir adelante<\/strong>. O en palabras de <strong>Fina<\/strong>, despu\u00e9s de entregar las mesas: \u201cHace un a\u00f1o quiz\u00e1s alguno de ellos la estaba liando en un aula. Llegaron aqu\u00ed como desterrados y necesitaban una experiencia positiva. Hoy han pasado un buen rato con ni\u00f1os y ni\u00f1as y han percibido que lo que han aprendido tiene una utilidad.\u201d<\/p>\n<p>O m\u00e1s de una, porque <strong>Ciscu<\/strong> ahora miraba una de las meses y ve\u00eda en ella un mont\u00f3n de <strong>posibilidades<\/strong>: jugando con la potencia, podr\u00eda ser la l\u00e1mpara de una habitaci\u00f3n, una base para calcar dibujos o reproducir diapositivas, el foco de un fot\u00f3grafo\u2026 Ahora que les hab\u00eda salido bien la primera prueba, quiz\u00e1s s\u00ed que podr\u00edan hacer el Mickey Mouse que hab\u00edan pensado en un principio, comentaba riendo.<\/p>\n<p>En el taller los j\u00f3venes ya pensaban en cu\u00e1l ser\u00eda el <strong>encargo para este segundo trimestre<\/strong>. Nadie sab\u00eda qu\u00e9 propuesta llegar\u00eda. Peque\u00f1a o grande, con o sin patas, ellos estar\u00edan preparados. Y el Casal aprovechar\u00eda su energ\u00eda. Fina, mientras, planeaba c\u00f3mo sacarse una espina clavada: \u201cEl a\u00f1o que viene <strong>romperemos el estereotipo de que el electricista tiene que ser un hombre<\/strong>: \u00a1conseguiremos que se apunten <strong>chicas<\/strong> a la formaci\u00f3n!\u201d.<\/p>\n","protected":false},"excerpt":{"rendered":"<p class=\"text-align-center\">\u00a0<\/p>\n<p class=\"text-align-center\">El principio fundamental de la f\u00edsica sostiene que la energ\u00eda no se crea ni se destruye, s\u00f3lo se transforma. Los j\u00f3venes del Programa de Formaci\u00f3 Inicial hoy se lo creen m\u00e1s que nunca, porque han comprobado que su esfuerzo para aprender electr\u00f3nica es \u00fatil para los dem\u00e1s. Con las mesas de luz que han hecho en el taller, los ni\u00f1os y ni\u00f1as de 0 a 5 a\u00f1os del Casal podr\u00e1n aprender m\u00e1s y mejor a trav\u00e9s de la estimulaci\u00f3n sensorial.<\/p>\n<p class=\"text-align-center\">\u00a0<\/p>\n","protected":false},"author":1,"featured_media":3526,"comment_status":"open","ping_status":"open","sticky":false,"template":"","format":"standard","meta":{"_acf_changed":false,"_et_pb_use_builder":"","_et_pb_old_content":"","_et_gb_content_width":"","inline_featured_image":false,"footnotes":""},"categories":[105],"tags":[],"seus":[157],"eixos":[107],"class_list":["post-4522","post","type-post","status-publish","format-standard","has-post-thumbnail","hentry","category-reportaje","seus-el-raval","eixos-pequena-infancia"],"acf":[],"yoast_head":"<!-- This site is optimized with the Yoast SEO plugin v27.4 - https:\/\/yoast.com\/product\/yoast-seo-wordpress\/ -->\n<title>J\u00f3venes iluminando criaturas - Casal dels Infants<\/title>\n<meta name=\"robots\" content=\"index, follow, max-snippet:-1, max-image-preview:large, max-video-preview:-1\" \/>\n<link rel=\"canonical\" href=\"https:\/\/www.casaldelsinfants.org\/es\/actualidad\/joves-illuminant-criatures\/\" \/>\n<meta property=\"og:locale\" content=\"es_ES\" \/>\n<meta property=\"og:type\" content=\"article\" \/>\n<meta property=\"og:title\" content=\"J\u00f3venes iluminando criaturas - Casal dels Infants\" \/>\n<meta property=\"og:description\" content=\"\u00a0  El principio fundamental de la f\u00edsica sostiene que la energ\u00eda no se crea ni se destruye, s\u00f3lo se transforma. Los j\u00f3venes del Programa de Formaci\u00f3 Inicial hoy se lo creen m\u00e1s que nunca, porque han comprobado que su esfuerzo para aprender electr\u00f3nica es \u00fatil para los dem\u00e1s. Con las mesas de luz que han hecho en el taller, los ni\u00f1os y ni\u00f1as de 0 a 5 a\u00f1os del Casal podr\u00e1n aprender m\u00e1s y mejor a trav\u00e9s de la estimulaci\u00f3n sensorial.  \u00a0\" \/>\n<meta property=\"og:url\" content=\"https:\/\/www.casaldelsinfants.org\/es\/actualidad\/joves-illuminant-criatures\/\" \/>\n<meta property=\"og:site_name\" content=\"Casal dels Infants\" \/>\n<meta property=\"article:publisher\" content=\"https:\/\/www.facebook.com\/casalinfants\" \/>\n<meta property=\"article:published_time\" content=\"2018-02-16T12:38:44+00:00\" \/>\n<meta property=\"article:modified_time\" content=\"2023-11-23T10:19:21+00:00\" \/>\n<meta property=\"og:image\" content=\"https:\/\/www.casaldelsinfants.org\/wp-content\/uploads\/p1000187_0-scaled.jpg\" \/>\n\t<meta property=\"og:image:width\" content=\"2560\" \/>\n\t<meta property=\"og:image:height\" content=\"1922\" \/>\n\t<meta property=\"og:image:type\" content=\"image\/jpeg\" \/>\n<meta name=\"author\" content=\"cdiAdmin\" \/>\n<meta name=\"twitter:card\" content=\"summary_large_image\" \/>\n<meta name=\"twitter:creator\" content=\"@casalinfants\" \/>\n<meta name=\"twitter:site\" content=\"@casalinfants\" \/>\n<meta name=\"twitter:label1\" content=\"Escrito por\" \/>\n\t<meta name=\"twitter:data1\" content=\"cdiAdmin\" \/>\n\t<meta name=\"twitter:label2\" content=\"Tiempo de lectura\" \/>\n\t<meta name=\"twitter:data2\" content=\"8 minutos\" \/>\n<script type=\"application\/ld+json\" class=\"yoast-schema-graph\">{\"@context\":\"https:\\\/\\\/schema.org\",\"@graph\":[{\"@type\":\"Article\",\"@id\":\"https:\\\/\\\/www.casaldelsinfants.org\\\/es\\\/actualidad\\\/joves-illuminant-criatures\\\/#article\",\"isPartOf\":{\"@id\":\"https:\\\/\\\/www.casaldelsinfants.org\\\/es\\\/actualidad\\\/joves-illuminant-criatures\\\/\"},\"author\":{\"name\":\"cdiAdmin\",\"@id\":\"https:\\\/\\\/www.casaldelsinfants.org\\\/es\\\/#\\\/schema\\\/person\\\/97707fc8c64900cf36891127dbf9fba8\"},\"headline\":\"J\u00f3venes iluminando criaturas\",\"datePublished\":\"2018-02-16T12:38:44+00:00\",\"dateModified\":\"2023-11-23T10:19:21+00:00\",\"mainEntityOfPage\":{\"@id\":\"https:\\\/\\\/www.casaldelsinfants.org\\\/es\\\/actualidad\\\/joves-illuminant-criatures\\\/\"},\"wordCount\":1436,\"commentCount\":0,\"publisher\":{\"@id\":\"https:\\\/\\\/www.casaldelsinfants.org\\\/es\\\/#organization\"},\"image\":{\"@id\":\"https:\\\/\\\/www.casaldelsinfants.org\\\/es\\\/actualidad\\\/joves-illuminant-criatures\\\/#primaryimage\"},\"thumbnailUrl\":\"https:\\\/\\\/www.casaldelsinfants.org\\\/wp-content\\\/uploads\\\/p1000187_0-scaled.jpg\",\"articleSection\":[\"Reportaje\"],\"inLanguage\":\"es\",\"potentialAction\":[{\"@type\":\"CommentAction\",\"name\":\"Comment\",\"target\":[\"https:\\\/\\\/www.casaldelsinfants.org\\\/es\\\/actualidad\\\/joves-illuminant-criatures\\\/#respond\"]}]},{\"@type\":\"WebPage\",\"@id\":\"https:\\\/\\\/www.casaldelsinfants.org\\\/es\\\/actualidad\\\/joves-illuminant-criatures\\\/\",\"url\":\"https:\\\/\\\/www.casaldelsinfants.org\\\/es\\\/actualidad\\\/joves-illuminant-criatures\\\/\",\"name\":\"J\u00f3venes iluminando criaturas - Casal dels Infants\",\"isPartOf\":{\"@id\":\"https:\\\/\\\/www.casaldelsinfants.org\\\/es\\\/#website\"},\"primaryImageOfPage\":{\"@id\":\"https:\\\/\\\/www.casaldelsinfants.org\\\/es\\\/actualidad\\\/joves-illuminant-criatures\\\/#primaryimage\"},\"image\":{\"@id\":\"https:\\\/\\\/www.casaldelsinfants.org\\\/es\\\/actualidad\\\/joves-illuminant-criatures\\\/#primaryimage\"},\"thumbnailUrl\":\"https:\\\/\\\/www.casaldelsinfants.org\\\/wp-content\\\/uploads\\\/p1000187_0-scaled.jpg\",\"datePublished\":\"2018-02-16T12:38:44+00:00\",\"dateModified\":\"2023-11-23T10:19:21+00:00\",\"breadcrumb\":{\"@id\":\"https:\\\/\\\/www.casaldelsinfants.org\\\/es\\\/actualidad\\\/joves-illuminant-criatures\\\/#breadcrumb\"},\"inLanguage\":\"es\",\"potentialAction\":[{\"@type\":\"ReadAction\",\"target\":[\"https:\\\/\\\/www.casaldelsinfants.org\\\/es\\\/actualidad\\\/joves-illuminant-criatures\\\/\"]}]},{\"@type\":\"ImageObject\",\"inLanguage\":\"es\",\"@id\":\"https:\\\/\\\/www.casaldelsinfants.org\\\/es\\\/actualidad\\\/joves-illuminant-criatures\\\/#primaryimage\",\"url\":\"https:\\\/\\\/www.casaldelsinfants.org\\\/wp-content\\\/uploads\\\/p1000187_0-scaled.jpg\",\"contentUrl\":\"https:\\\/\\\/www.casaldelsinfants.org\\\/wp-content\\\/uploads\\\/p1000187_0-scaled.jpg\",\"width\":2560,\"height\":1922,\"caption\":\"Nens jugant a les taules de llum fetes pels joves del Programa de Formaci\u00f3 Inicial (PFI)\"},{\"@type\":\"BreadcrumbList\",\"@id\":\"https:\\\/\\\/www.casaldelsinfants.org\\\/es\\\/actualidad\\\/joves-illuminant-criatures\\\/#breadcrumb\",\"itemListElement\":[{\"@type\":\"ListItem\",\"position\":1,\"name\":\"Inici\",\"item\":\"https:\\\/\\\/www.casaldelsinfants.org\\\/es\\\/\"},{\"@type\":\"ListItem\",\"position\":2,\"name\":\"J\u00f3venes iluminando criaturas\"}]},{\"@type\":\"WebSite\",\"@id\":\"https:\\\/\\\/www.casaldelsinfants.org\\\/es\\\/#website\",\"url\":\"https:\\\/\\\/www.casaldelsinfants.org\\\/es\\\/\",\"name\":\"Casal dels Infants\",\"description\":\"\",\"publisher\":{\"@id\":\"https:\\\/\\\/www.casaldelsinfants.org\\\/es\\\/#organization\"},\"potentialAction\":[{\"@type\":\"SearchAction\",\"target\":{\"@type\":\"EntryPoint\",\"urlTemplate\":\"https:\\\/\\\/www.casaldelsinfants.org\\\/es\\\/?s={search_term_string}\"},\"query-input\":{\"@type\":\"PropertyValueSpecification\",\"valueRequired\":true,\"valueName\":\"search_term_string\"}}],\"inLanguage\":\"es\"},{\"@type\":\"Organization\",\"@id\":\"https:\\\/\\\/www.casaldelsinfants.org\\\/es\\\/#organization\",\"name\":\"Casal dels Infants\",\"url\":\"https:\\\/\\\/www.casaldelsinfants.org\\\/es\\\/\",\"logo\":{\"@type\":\"ImageObject\",\"inLanguage\":\"es\",\"@id\":\"https:\\\/\\\/www.casaldelsinfants.org\\\/es\\\/#\\\/schema\\\/logo\\\/image\\\/\",\"url\":\"https:\\\/\\\/www.casaldelsinfants.org\\\/wp-content\\\/uploads\\\/logo-mail.png\",\"contentUrl\":\"https:\\\/\\\/www.casaldelsinfants.org\\\/wp-content\\\/uploads\\\/logo-mail.png\",\"width\":380,\"height\":158,\"caption\":\"Casal dels Infants\"},\"image\":{\"@id\":\"https:\\\/\\\/www.casaldelsinfants.org\\\/es\\\/#\\\/schema\\\/logo\\\/image\\\/\"},\"sameAs\":[\"https:\\\/\\\/www.facebook.com\\\/casalinfants\",\"https:\\\/\\\/x.com\\\/casalinfants\",\"https:\\\/\\\/www.youtube.com\\\/user\\\/CasaldelsInfants1\",\"https:\\\/\\\/www.instagram.com\\\/casalinfants\\\/\",\"https:\\\/\\\/www.linkedin.com\\\/company\\\/casaldelsinfants?trk=organization-update_share-update_actor-text\"]},{\"@type\":\"Person\",\"@id\":\"https:\\\/\\\/www.casaldelsinfants.org\\\/es\\\/#\\\/schema\\\/person\\\/97707fc8c64900cf36891127dbf9fba8\",\"name\":\"cdiAdmin\",\"sameAs\":[\"https:\\\/\\\/casaldelsinfants.org\"]}]}<\/script>\n<!-- \/ Yoast SEO plugin. -->","yoast_head_json":{"title":"J\u00f3venes iluminando criaturas - Casal dels Infants","robots":{"index":"index","follow":"follow","max-snippet":"max-snippet:-1","max-image-preview":"max-image-preview:large","max-video-preview":"max-video-preview:-1"},"canonical":"https:\/\/www.casaldelsinfants.org\/es\/actualidad\/joves-illuminant-criatures\/","og_locale":"es_ES","og_type":"article","og_title":"J\u00f3venes iluminando criaturas - Casal dels Infants","og_description":"\u00a0  El principio fundamental de la f\u00edsica sostiene que la energ\u00eda no se crea ni se destruye, s\u00f3lo se transforma. Los j\u00f3venes del Programa de Formaci\u00f3 Inicial hoy se lo creen m\u00e1s que nunca, porque han comprobado que su esfuerzo para aprender electr\u00f3nica es \u00fatil para los dem\u00e1s. Con las mesas de luz que han hecho en el taller, los ni\u00f1os y ni\u00f1as de 0 a 5 a\u00f1os del Casal podr\u00e1n aprender m\u00e1s y mejor a trav\u00e9s de la estimulaci\u00f3n sensorial.  \u00a0","og_url":"https:\/\/www.casaldelsinfants.org\/es\/actualidad\/joves-illuminant-criatures\/","og_site_name":"Casal dels Infants","article_publisher":"https:\/\/www.facebook.com\/casalinfants","article_published_time":"2018-02-16T12:38:44+00:00","article_modified_time":"2023-11-23T10:19:21+00:00","og_image":[{"width":2560,"height":1922,"url":"https:\/\/www.casaldelsinfants.org\/wp-content\/uploads\/p1000187_0-scaled.jpg","type":"image\/jpeg"}],"author":"cdiAdmin","twitter_card":"summary_large_image","twitter_creator":"@casalinfants","twitter_site":"@casalinfants","twitter_misc":{"Escrito por":"cdiAdmin","Tiempo de lectura":"8 minutos"},"schema":{"@context":"https:\/\/schema.org","@graph":[{"@type":"Article","@id":"https:\/\/www.casaldelsinfants.org\/es\/actualidad\/joves-illuminant-criatures\/#article","isPartOf":{"@id":"https:\/\/www.casaldelsinfants.org\/es\/actualidad\/joves-illuminant-criatures\/"},"author":{"name":"cdiAdmin","@id":"https:\/\/www.casaldelsinfants.org\/es\/#\/schema\/person\/97707fc8c64900cf36891127dbf9fba8"},"headline":"J\u00f3venes iluminando criaturas","datePublished":"2018-02-16T12:38:44+00:00","dateModified":"2023-11-23T10:19:21+00:00","mainEntityOfPage":{"@id":"https:\/\/www.casaldelsinfants.org\/es\/actualidad\/joves-illuminant-criatures\/"},"wordCount":1436,"commentCount":0,"publisher":{"@id":"https:\/\/www.casaldelsinfants.org\/es\/#organization"},"image":{"@id":"https:\/\/www.casaldelsinfants.org\/es\/actualidad\/joves-illuminant-criatures\/#primaryimage"},"thumbnailUrl":"https:\/\/www.casaldelsinfants.org\/wp-content\/uploads\/p1000187_0-scaled.jpg","articleSection":["Reportaje"],"inLanguage":"es","potentialAction":[{"@type":"CommentAction","name":"Comment","target":["https:\/\/www.casaldelsinfants.org\/es\/actualidad\/joves-illuminant-criatures\/#respond"]}]},{"@type":"WebPage","@id":"https:\/\/www.casaldelsinfants.org\/es\/actualidad\/joves-illuminant-criatures\/","url":"https:\/\/www.casaldelsinfants.org\/es\/actualidad\/joves-illuminant-criatures\/","name":"J\u00f3venes iluminando criaturas - Casal dels Infants","isPartOf":{"@id":"https:\/\/www.casaldelsinfants.org\/es\/#website"},"primaryImageOfPage":{"@id":"https:\/\/www.casaldelsinfants.org\/es\/actualidad\/joves-illuminant-criatures\/#primaryimage"},"image":{"@id":"https:\/\/www.casaldelsinfants.org\/es\/actualidad\/joves-illuminant-criatures\/#primaryimage"},"thumbnailUrl":"https:\/\/www.casaldelsinfants.org\/wp-content\/uploads\/p1000187_0-scaled.jpg","datePublished":"2018-02-16T12:38:44+00:00","dateModified":"2023-11-23T10:19:21+00:00","breadcrumb":{"@id":"https:\/\/www.casaldelsinfants.org\/es\/actualidad\/joves-illuminant-criatures\/#breadcrumb"},"inLanguage":"es","potentialAction":[{"@type":"ReadAction","target":["https:\/\/www.casaldelsinfants.org\/es\/actualidad\/joves-illuminant-criatures\/"]}]},{"@type":"ImageObject","inLanguage":"es","@id":"https:\/\/www.casaldelsinfants.org\/es\/actualidad\/joves-illuminant-criatures\/#primaryimage","url":"https:\/\/www.casaldelsinfants.org\/wp-content\/uploads\/p1000187_0-scaled.jpg","contentUrl":"https:\/\/www.casaldelsinfants.org\/wp-content\/uploads\/p1000187_0-scaled.jpg","width":2560,"height":1922,"caption":"Nens jugant a les taules de llum fetes pels joves del Programa de Formaci\u00f3 Inicial (PFI)"},{"@type":"BreadcrumbList","@id":"https:\/\/www.casaldelsinfants.org\/es\/actualidad\/joves-illuminant-criatures\/#breadcrumb","itemListElement":[{"@type":"ListItem","position":1,"name":"Inici","item":"https:\/\/www.casaldelsinfants.org\/es\/"},{"@type":"ListItem","position":2,"name":"J\u00f3venes iluminando criaturas"}]},{"@type":"WebSite","@id":"https:\/\/www.casaldelsinfants.org\/es\/#website","url":"https:\/\/www.casaldelsinfants.org\/es\/","name":"Casal dels Infants","description":"","publisher":{"@id":"https:\/\/www.casaldelsinfants.org\/es\/#organization"},"potentialAction":[{"@type":"SearchAction","target":{"@type":"EntryPoint","urlTemplate":"https:\/\/www.casaldelsinfants.org\/es\/?s={search_term_string}"},"query-input":{"@type":"PropertyValueSpecification","valueRequired":true,"valueName":"search_term_string"}}],"inLanguage":"es"},{"@type":"Organization","@id":"https:\/\/www.casaldelsinfants.org\/es\/#organization","name":"Casal dels Infants","url":"https:\/\/www.casaldelsinfants.org\/es\/","logo":{"@type":"ImageObject","inLanguage":"es","@id":"https:\/\/www.casaldelsinfants.org\/es\/#\/schema\/logo\/image\/","url":"https:\/\/www.casaldelsinfants.org\/wp-content\/uploads\/logo-mail.png","contentUrl":"https:\/\/www.casaldelsinfants.org\/wp-content\/uploads\/logo-mail.png","width":380,"height":158,"caption":"Casal dels Infants"},"image":{"@id":"https:\/\/www.casaldelsinfants.org\/es\/#\/schema\/logo\/image\/"},"sameAs":["https:\/\/www.facebook.com\/casalinfants","https:\/\/x.com\/casalinfants","https:\/\/www.youtube.com\/user\/CasaldelsInfants1","https:\/\/www.instagram.com\/casalinfants\/","https:\/\/www.linkedin.com\/company\/casaldelsinfants?trk=organization-update_share-update_actor-text"]},{"@type":"Person","@id":"https:\/\/www.casaldelsinfants.org\/es\/#\/schema\/person\/97707fc8c64900cf36891127dbf9fba8","name":"cdiAdmin","sameAs":["https:\/\/casaldelsinfants.org"]}]}},"publishpress_future_action":{"enabled":false,"date":"2026-05-07 09:09:47","action":"change-status","newStatus":"draft","terms":[],"taxonomy":"category","extraData":[]},"publishpress_future_workflow_manual_trigger":{"enabledWorkflows":[]},"_links":{"self":[{"href":"https:\/\/www.casaldelsinfants.org\/es\/wp-json\/wp\/v2\/posts\/4522","targetHints":{"allow":["GET"]}}],"collection":[{"href":"https:\/\/www.casaldelsinfants.org\/es\/wp-json\/wp\/v2\/posts"}],"about":[{"href":"https:\/\/www.casaldelsinfants.org\/es\/wp-json\/wp\/v2\/types\/post"}],"author":[{"embeddable":true,"href":"https:\/\/www.casaldelsinfants.org\/es\/wp-json\/wp\/v2\/users\/1"}],"replies":[{"embeddable":true,"href":"https:\/\/www.casaldelsinfants.org\/es\/wp-json\/wp\/v2\/comments?post=4522"}],"version-history":[{"count":3,"href":"https:\/\/www.casaldelsinfants.org\/es\/wp-json\/wp\/v2\/posts\/4522\/revisions"}],"predecessor-version":[{"id":16089,"href":"https:\/\/www.casaldelsinfants.org\/es\/wp-json\/wp\/v2\/posts\/4522\/revisions\/16089"}],"wp:featuredmedia":[{"embeddable":true,"href":"https:\/\/www.casaldelsinfants.org\/es\/wp-json\/wp\/v2\/media\/3526"}],"wp:attachment":[{"href":"https:\/\/www.casaldelsinfants.org\/es\/wp-json\/wp\/v2\/media?parent=4522"}],"wp:term":[{"taxonomy":"category","embeddable":true,"href":"https:\/\/www.casaldelsinfants.org\/es\/wp-json\/wp\/v2\/categories?post=4522"},{"taxonomy":"post_tag","embeddable":true,"href":"https:\/\/www.casaldelsinfants.org\/es\/wp-json\/wp\/v2\/tags?post=4522"},{"taxonomy":"seus","embeddable":true,"href":"https:\/\/www.casaldelsinfants.org\/es\/wp-json\/wp\/v2\/seus?post=4522"},{"taxonomy":"eixos","embeddable":true,"href":"https:\/\/www.casaldelsinfants.org\/es\/wp-json\/wp\/v2\/eixos?post=4522"}],"curies":[{"name":"wp","href":"https:\/\/api.w.org\/{rel}","templated":true}]}}