{"id":4524,"date":"2018-02-06T13:33:59","date_gmt":"2018-02-06T11:33:59","guid":{"rendered":"https:\/\/casal.puntzero.cat\/noticies\/veritas-premia-laprofitament-alimentari-del-servei-de-transicio-lautonomia\/"},"modified":"2023-05-01T19:05:28","modified_gmt":"2023-05-01T17:05:28","slug":"veritas-premia-laprofitament-alimentari-del-servei-de-transicio-lautonomia","status":"publish","type":"post","link":"https:\/\/www.casaldelsinfants.org\/es\/actualidad\/veritas-aprovechamiento-alimentario-servicio-transicio-lautonomia\/","title":{"rendered":"Veritas premia el aprovechamiento alimentario del Servei de Transici\u00f3 a l\u2019Autonomia"},"content":{"rendered":"<p><span style=\"color:#000000;\">La cadena de supermercados <a href=\"http:\/\/www.veritas.es\/ca\/\">Veritas<\/a> concedi\u00f3 el pasado enero un premio por valor de 100 euros en productos alimentarios al proyecto Servei de Transici\u00f3 a l\u2019Autonomia (STA) del Casal dels Infants.<\/span><\/p>\n<p><span style=\"color:#000000;\">Veritas colabora con la asociaci\u00f3n desde hace aproximadamente un a\u00f1o, en el marco del proyecto Pont Alimentari. Esta iniciativa quiere conseguir que empresas del sector del c\u00e1tering, la hosteler\u00eda y la distribuci\u00f3n de alimentos al detalle den su excedente alimentario (comida que no se vende pero que todav\u00eda es perfectamente consumible) a entidades que acompa\u00f1an colectivos en situaci\u00f3n de vulnerabilidad, evitando as\u00ed el desperdicio de alimentos.<\/span><\/p>\n<p><span style=\"color:#000000;\">El premio de Veritas quiere ser un reconocimiento al buen aprovechamiento que realiza el Servei de Transici\u00f3 a l\u2019Autonomia del Casal dels Infants del donativo de excedentes de alimentos de su establecimiento en la calle del Doctor Dou, que cada d\u00eda alguien del proyecto recoge.<\/span><\/p>\n<p><span style=\"color:#000000;\">El Servicio de Transici\u00f3n a l\u2019Autonom\u00eda del Casal dels Infants acompa\u00f1a j\u00f3venes de 18 a 23 a\u00f1os que, en su proceso de emancipaci\u00f3n, se han encontrado solos o solas, sin red familiar ni social y a menudo abocadas a vivir en la calle. El proyecto les ofrece un entorno de apoyo, y cuenta con 17 plazas de vivienda en cuatro pisos en Barcelona y un itinerario formativo para potenciar sus competencias.<\/span><\/p>\n","protected":false},"excerpt":{"rendered":"<p>La cadena de supermercados Veritas concedi\u00f3 el pasado enero un premio por valor de 100 euros en productos alimentarios al proyecto Servei de Transici\u00f3 a l\u2019Autonomia (STA) del Casal dels Infants. Veritas colabora con la asociaci\u00f3n desde hace aproximadamente un a\u00f1o, en el marco del proyecto Pont Alimentari. Esta iniciativa quiere conseguir que empresas del [&hellip;]<\/p>\n","protected":false},"author":1,"featured_media":3532,"comment_status":"open","ping_status":"open","sticky":false,"template":"","format":"standard","meta":{"_acf_changed":false,"_et_pb_use_builder":"","_et_pb_old_content":"","_et_gb_content_width":"","inline_featured_image":false,"footnotes":""},"categories":[125],"tags":[],"seus":[],"eixos":[110],"class_list":["post-4524","post","type-post","status-publish","format-standard","has-post-thumbnail","hentry","category-noticias","eixos-comunidad-casal-dels-infants"],"acf":[],"yoast_head":"<!-- This site is optimized with the Yoast SEO plugin v27.4 - https:\/\/yoast.com\/product\/yoast-seo-wordpress\/ -->\n<title>Veritas premia el aprovechamiento alimentario del Servei de Transici\u00f3 a l\u2019Autonomia - Casal dels Infants<\/title>\n<meta name=\"robots\" content=\"index, follow, max-snippet:-1, max-image-preview:large, max-video-preview:-1\" \/>\n<link rel=\"canonical\" href=\"https:\/\/www.casaldelsinfants.org\/es\/actualidad\/veritas-aprovechamiento-alimentario-servicio-transicio-lautonomia\/\" \/>\n<meta property=\"og:locale\" content=\"es_ES\" \/>\n<meta property=\"og:type\" content=\"article\" \/>\n<meta property=\"og:title\" content=\"Veritas premia el aprovechamiento alimentario del Servei de Transici\u00f3 a l\u2019Autonomia - Casal dels Infants\" \/>\n<meta property=\"og:description\" content=\"La cadena de supermercados Veritas concedi\u00f3 el pasado enero un premio por valor de 100 euros en productos alimentarios al proyecto Servei de Transici\u00f3 a l\u2019Autonomia (STA) del Casal dels Infants. Veritas colabora con la asociaci\u00f3n desde hace aproximadamente un a\u00f1o, en el marco del proyecto Pont Alimentari. Esta iniciativa quiere conseguir que empresas del [&hellip;]\" \/>\n<meta property=\"og:url\" content=\"https:\/\/www.casaldelsinfants.org\/es\/actualidad\/veritas-aprovechamiento-alimentario-servicio-transicio-lautonomia\/\" \/>\n<meta property=\"og:site_name\" content=\"Casal dels Infants\" \/>\n<meta property=\"article:publisher\" content=\"https:\/\/www.facebook.com\/casalinfants\" \/>\n<meta property=\"article:published_time\" content=\"2018-02-06T11:33:59+00:00\" \/>\n<meta property=\"article:modified_time\" content=\"2023-05-01T17:05:28+00:00\" \/>\n<meta property=\"og:image\" content=\"https:\/\/www.casaldelsinfants.org\/wp-content\/uploads\/img-20180117-wa0007.jpg\" \/>\n\t<meta property=\"og:image:width\" content=\"747\" \/>\n\t<meta property=\"og:image:height\" content=\"1328\" \/>\n\t<meta property=\"og:image:type\" content=\"image\/jpeg\" \/>\n<meta name=\"author\" content=\"cdiAdmin\" \/>\n<meta name=\"twitter:card\" content=\"summary_large_image\" \/>\n<meta name=\"twitter:creator\" content=\"@casalinfants\" \/>\n<meta name=\"twitter:site\" content=\"@casalinfants\" \/>\n<meta name=\"twitter:label1\" content=\"Escrito por\" \/>\n\t<meta name=\"twitter:data1\" content=\"cdiAdmin\" \/>\n\t<meta name=\"twitter:label2\" content=\"Tiempo de lectura\" \/>\n\t<meta name=\"twitter:data2\" content=\"1 minuto\" \/>\n<script type=\"application\/ld+json\" class=\"yoast-schema-graph\">{\"@context\":\"https:\\\/\\\/schema.org\",\"@graph\":[{\"@type\":\"Article\",\"@id\":\"https:\\\/\\\/www.casaldelsinfants.org\\\/es\\\/actualidad\\\/veritas-aprovechamiento-alimentario-servicio-transicio-lautonomia\\\/#article\",\"isPartOf\":{\"@id\":\"https:\\\/\\\/www.casaldelsinfants.org\\\/es\\\/actualidad\\\/veritas-aprovechamiento-alimentario-servicio-transicio-lautonomia\\\/\"},\"author\":{\"name\":\"cdiAdmin\",\"@id\":\"https:\\\/\\\/www.casaldelsinfants.org\\\/es\\\/#\\\/schema\\\/person\\\/97707fc8c64900cf36891127dbf9fba8\"},\"headline\":\"Veritas premia el aprovechamiento alimentario del Servei de Transici\u00f3 a l\u2019Autonomia\",\"datePublished\":\"2018-02-06T11:33:59+00:00\",\"dateModified\":\"2023-05-01T17:05:28+00:00\",\"mainEntityOfPage\":{\"@id\":\"https:\\\/\\\/www.casaldelsinfants.org\\\/es\\\/actualidad\\\/veritas-aprovechamiento-alimentario-servicio-transicio-lautonomia\\\/\"},\"wordCount\":239,\"commentCount\":0,\"publisher\":{\"@id\":\"https:\\\/\\\/www.casaldelsinfants.org\\\/es\\\/#organization\"},\"image\":{\"@id\":\"https:\\\/\\\/www.casaldelsinfants.org\\\/es\\\/actualidad\\\/veritas-aprovechamiento-alimentario-servicio-transicio-lautonomia\\\/#primaryimage\"},\"thumbnailUrl\":\"https:\\\/\\\/www.casaldelsinfants.org\\\/wp-content\\\/uploads\\\/img-20180117-wa0007.jpg\",\"articleSection\":[\"Noticia\"],\"inLanguage\":\"es\",\"potentialAction\":[{\"@type\":\"CommentAction\",\"name\":\"Comment\",\"target\":[\"https:\\\/\\\/www.casaldelsinfants.org\\\/es\\\/actualidad\\\/veritas-aprovechamiento-alimentario-servicio-transicio-lautonomia\\\/#respond\"]}]},{\"@type\":\"WebPage\",\"@id\":\"https:\\\/\\\/www.casaldelsinfants.org\\\/es\\\/actualidad\\\/veritas-aprovechamiento-alimentario-servicio-transicio-lautonomia\\\/\",\"url\":\"https:\\\/\\\/www.casaldelsinfants.org\\\/es\\\/actualidad\\\/veritas-aprovechamiento-alimentario-servicio-transicio-lautonomia\\\/\",\"name\":\"Veritas premia el aprovechamiento alimentario del Servei de Transici\u00f3 a l\u2019Autonomia - Casal dels Infants\",\"isPartOf\":{\"@id\":\"https:\\\/\\\/www.casaldelsinfants.org\\\/es\\\/#website\"},\"primaryImageOfPage\":{\"@id\":\"https:\\\/\\\/www.casaldelsinfants.org\\\/es\\\/actualidad\\\/veritas-aprovechamiento-alimentario-servicio-transicio-lautonomia\\\/#primaryimage\"},\"image\":{\"@id\":\"https:\\\/\\\/www.casaldelsinfants.org\\\/es\\\/actualidad\\\/veritas-aprovechamiento-alimentario-servicio-transicio-lautonomia\\\/#primaryimage\"},\"thumbnailUrl\":\"https:\\\/\\\/www.casaldelsinfants.org\\\/wp-content\\\/uploads\\\/img-20180117-wa0007.jpg\",\"datePublished\":\"2018-02-06T11:33:59+00:00\",\"dateModified\":\"2023-05-01T17:05:28+00:00\",\"breadcrumb\":{\"@id\":\"https:\\\/\\\/www.casaldelsinfants.org\\\/es\\\/actualidad\\\/veritas-aprovechamiento-alimentario-servicio-transicio-lautonomia\\\/#breadcrumb\"},\"inLanguage\":\"es\",\"potentialAction\":[{\"@type\":\"ReadAction\",\"target\":[\"https:\\\/\\\/www.casaldelsinfants.org\\\/es\\\/actualidad\\\/veritas-aprovechamiento-alimentario-servicio-transicio-lautonomia\\\/\"]}]},{\"@type\":\"ImageObject\",\"inLanguage\":\"es\",\"@id\":\"https:\\\/\\\/www.casaldelsinfants.org\\\/es\\\/actualidad\\\/veritas-aprovechamiento-alimentario-servicio-transicio-lautonomia\\\/#primaryimage\",\"url\":\"https:\\\/\\\/www.casaldelsinfants.org\\\/wp-content\\\/uploads\\\/img-20180117-wa0007.jpg\",\"contentUrl\":\"https:\\\/\\\/www.casaldelsinfants.org\\\/wp-content\\\/uploads\\\/img-20180117-wa0007.jpg\",\"width\":747,\"height\":1328,\"caption\":\"Veritas premia l\u2019aprofitament alimentari del Servei de Transici\u00f3 a l\u2019Autonomia\"},{\"@type\":\"BreadcrumbList\",\"@id\":\"https:\\\/\\\/www.casaldelsinfants.org\\\/es\\\/actualidad\\\/veritas-aprovechamiento-alimentario-servicio-transicio-lautonomia\\\/#breadcrumb\",\"itemListElement\":[{\"@type\":\"ListItem\",\"position\":1,\"name\":\"Inici\",\"item\":\"https:\\\/\\\/www.casaldelsinfants.org\\\/es\\\/\"},{\"@type\":\"ListItem\",\"position\":2,\"name\":\"Veritas premia el aprovechamiento alimentario del Servei de Transici\u00f3 a l\u2019Autonomia\"}]},{\"@type\":\"WebSite\",\"@id\":\"https:\\\/\\\/www.casaldelsinfants.org\\\/es\\\/#website\",\"url\":\"https:\\\/\\\/www.casaldelsinfants.org\\\/es\\\/\",\"name\":\"Casal dels Infants\",\"description\":\"\",\"publisher\":{\"@id\":\"https:\\\/\\\/www.casaldelsinfants.org\\\/es\\\/#organization\"},\"potentialAction\":[{\"@type\":\"SearchAction\",\"target\":{\"@type\":\"EntryPoint\",\"urlTemplate\":\"https:\\\/\\\/www.casaldelsinfants.org\\\/es\\\/?s={search_term_string}\"},\"query-input\":{\"@type\":\"PropertyValueSpecification\",\"valueRequired\":true,\"valueName\":\"search_term_string\"}}],\"inLanguage\":\"es\"},{\"@type\":\"Organization\",\"@id\":\"https:\\\/\\\/www.casaldelsinfants.org\\\/es\\\/#organization\",\"name\":\"Casal dels Infants\",\"url\":\"https:\\\/\\\/www.casaldelsinfants.org\\\/es\\\/\",\"logo\":{\"@type\":\"ImageObject\",\"inLanguage\":\"es\",\"@id\":\"https:\\\/\\\/www.casaldelsinfants.org\\\/es\\\/#\\\/schema\\\/logo\\\/image\\\/\",\"url\":\"https:\\\/\\\/www.casaldelsinfants.org\\\/wp-content\\\/uploads\\\/logo-mail.png\",\"contentUrl\":\"https:\\\/\\\/www.casaldelsinfants.org\\\/wp-content\\\/uploads\\\/logo-mail.png\",\"width\":380,\"height\":158,\"caption\":\"Casal dels Infants\"},\"image\":{\"@id\":\"https:\\\/\\\/www.casaldelsinfants.org\\\/es\\\/#\\\/schema\\\/logo\\\/image\\\/\"},\"sameAs\":[\"https:\\\/\\\/www.facebook.com\\\/casalinfants\",\"https:\\\/\\\/x.com\\\/casalinfants\",\"https:\\\/\\\/www.youtube.com\\\/user\\\/CasaldelsInfants1\",\"https:\\\/\\\/www.instagram.com\\\/casalinfants\\\/\",\"https:\\\/\\\/www.linkedin.com\\\/company\\\/casaldelsinfants?trk=organization-update_share-update_actor-text\"]},{\"@type\":\"Person\",\"@id\":\"https:\\\/\\\/www.casaldelsinfants.org\\\/es\\\/#\\\/schema\\\/person\\\/97707fc8c64900cf36891127dbf9fba8\",\"name\":\"cdiAdmin\",\"sameAs\":[\"https:\\\/\\\/casaldelsinfants.org\"]}]}<\/script>\n<!-- \/ Yoast SEO plugin. -->","yoast_head_json":{"title":"Veritas premia el aprovechamiento alimentario del Servei de Transici\u00f3 a l\u2019Autonomia - Casal dels Infants","robots":{"index":"index","follow":"follow","max-snippet":"max-snippet:-1","max-image-preview":"max-image-preview:large","max-video-preview":"max-video-preview:-1"},"canonical":"https:\/\/www.casaldelsinfants.org\/es\/actualidad\/veritas-aprovechamiento-alimentario-servicio-transicio-lautonomia\/","og_locale":"es_ES","og_type":"article","og_title":"Veritas premia el aprovechamiento alimentario del Servei de Transici\u00f3 a l\u2019Autonomia - Casal dels Infants","og_description":"La cadena de supermercados Veritas concedi\u00f3 el pasado enero un premio por valor de 100 euros en productos alimentarios al proyecto Servei de Transici\u00f3 a l\u2019Autonomia (STA) del Casal dels Infants. Veritas colabora con la asociaci\u00f3n desde hace aproximadamente un a\u00f1o, en el marco del proyecto Pont Alimentari. Esta iniciativa quiere conseguir que empresas del [&hellip;]","og_url":"https:\/\/www.casaldelsinfants.org\/es\/actualidad\/veritas-aprovechamiento-alimentario-servicio-transicio-lautonomia\/","og_site_name":"Casal dels Infants","article_publisher":"https:\/\/www.facebook.com\/casalinfants","article_published_time":"2018-02-06T11:33:59+00:00","article_modified_time":"2023-05-01T17:05:28+00:00","og_image":[{"width":747,"height":1328,"url":"https:\/\/www.casaldelsinfants.org\/wp-content\/uploads\/img-20180117-wa0007.jpg","type":"image\/jpeg"}],"author":"cdiAdmin","twitter_card":"summary_large_image","twitter_creator":"@casalinfants","twitter_site":"@casalinfants","twitter_misc":{"Escrito por":"cdiAdmin","Tiempo de lectura":"1 minuto"},"schema":{"@context":"https:\/\/schema.org","@graph":[{"@type":"Article","@id":"https:\/\/www.casaldelsinfants.org\/es\/actualidad\/veritas-aprovechamiento-alimentario-servicio-transicio-lautonomia\/#article","isPartOf":{"@id":"https:\/\/www.casaldelsinfants.org\/es\/actualidad\/veritas-aprovechamiento-alimentario-servicio-transicio-lautonomia\/"},"author":{"name":"cdiAdmin","@id":"https:\/\/www.casaldelsinfants.org\/es\/#\/schema\/person\/97707fc8c64900cf36891127dbf9fba8"},"headline":"Veritas premia el aprovechamiento alimentario del Servei de Transici\u00f3 a l\u2019Autonomia","datePublished":"2018-02-06T11:33:59+00:00","dateModified":"2023-05-01T17:05:28+00:00","mainEntityOfPage":{"@id":"https:\/\/www.casaldelsinfants.org\/es\/actualidad\/veritas-aprovechamiento-alimentario-servicio-transicio-lautonomia\/"},"wordCount":239,"commentCount":0,"publisher":{"@id":"https:\/\/www.casaldelsinfants.org\/es\/#organization"},"image":{"@id":"https:\/\/www.casaldelsinfants.org\/es\/actualidad\/veritas-aprovechamiento-alimentario-servicio-transicio-lautonomia\/#primaryimage"},"thumbnailUrl":"https:\/\/www.casaldelsinfants.org\/wp-content\/uploads\/img-20180117-wa0007.jpg","articleSection":["Noticia"],"inLanguage":"es","potentialAction":[{"@type":"CommentAction","name":"Comment","target":["https:\/\/www.casaldelsinfants.org\/es\/actualidad\/veritas-aprovechamiento-alimentario-servicio-transicio-lautonomia\/#respond"]}]},{"@type":"WebPage","@id":"https:\/\/www.casaldelsinfants.org\/es\/actualidad\/veritas-aprovechamiento-alimentario-servicio-transicio-lautonomia\/","url":"https:\/\/www.casaldelsinfants.org\/es\/actualidad\/veritas-aprovechamiento-alimentario-servicio-transicio-lautonomia\/","name":"Veritas premia el aprovechamiento alimentario del Servei de Transici\u00f3 a l\u2019Autonomia - Casal dels Infants","isPartOf":{"@id":"https:\/\/www.casaldelsinfants.org\/es\/#website"},"primaryImageOfPage":{"@id":"https:\/\/www.casaldelsinfants.org\/es\/actualidad\/veritas-aprovechamiento-alimentario-servicio-transicio-lautonomia\/#primaryimage"},"image":{"@id":"https:\/\/www.casaldelsinfants.org\/es\/actualidad\/veritas-aprovechamiento-alimentario-servicio-transicio-lautonomia\/#primaryimage"},"thumbnailUrl":"https:\/\/www.casaldelsinfants.org\/wp-content\/uploads\/img-20180117-wa0007.jpg","datePublished":"2018-02-06T11:33:59+00:00","dateModified":"2023-05-01T17:05:28+00:00","breadcrumb":{"@id":"https:\/\/www.casaldelsinfants.org\/es\/actualidad\/veritas-aprovechamiento-alimentario-servicio-transicio-lautonomia\/#breadcrumb"},"inLanguage":"es","potentialAction":[{"@type":"ReadAction","target":["https:\/\/www.casaldelsinfants.org\/es\/actualidad\/veritas-aprovechamiento-alimentario-servicio-transicio-lautonomia\/"]}]},{"@type":"ImageObject","inLanguage":"es","@id":"https:\/\/www.casaldelsinfants.org\/es\/actualidad\/veritas-aprovechamiento-alimentario-servicio-transicio-lautonomia\/#primaryimage","url":"https:\/\/www.casaldelsinfants.org\/wp-content\/uploads\/img-20180117-wa0007.jpg","contentUrl":"https:\/\/www.casaldelsinfants.org\/wp-content\/uploads\/img-20180117-wa0007.jpg","width":747,"height":1328,"caption":"Veritas premia l\u2019aprofitament alimentari del Servei de Transici\u00f3 a l\u2019Autonomia"},{"@type":"BreadcrumbList","@id":"https:\/\/www.casaldelsinfants.org\/es\/actualidad\/veritas-aprovechamiento-alimentario-servicio-transicio-lautonomia\/#breadcrumb","itemListElement":[{"@type":"ListItem","position":1,"name":"Inici","item":"https:\/\/www.casaldelsinfants.org\/es\/"},{"@type":"ListItem","position":2,"name":"Veritas premia el aprovechamiento alimentario del Servei de Transici\u00f3 a l\u2019Autonomia"}]},{"@type":"WebSite","@id":"https:\/\/www.casaldelsinfants.org\/es\/#website","url":"https:\/\/www.casaldelsinfants.org\/es\/","name":"Casal dels Infants","description":"","publisher":{"@id":"https:\/\/www.casaldelsinfants.org\/es\/#organization"},"potentialAction":[{"@type":"SearchAction","target":{"@type":"EntryPoint","urlTemplate":"https:\/\/www.casaldelsinfants.org\/es\/?s={search_term_string}"},"query-input":{"@type":"PropertyValueSpecification","valueRequired":true,"valueName":"search_term_string"}}],"inLanguage":"es"},{"@type":"Organization","@id":"https:\/\/www.casaldelsinfants.org\/es\/#organization","name":"Casal dels Infants","url":"https:\/\/www.casaldelsinfants.org\/es\/","logo":{"@type":"ImageObject","inLanguage":"es","@id":"https:\/\/www.casaldelsinfants.org\/es\/#\/schema\/logo\/image\/","url":"https:\/\/www.casaldelsinfants.org\/wp-content\/uploads\/logo-mail.png","contentUrl":"https:\/\/www.casaldelsinfants.org\/wp-content\/uploads\/logo-mail.png","width":380,"height":158,"caption":"Casal dels Infants"},"image":{"@id":"https:\/\/www.casaldelsinfants.org\/es\/#\/schema\/logo\/image\/"},"sameAs":["https:\/\/www.facebook.com\/casalinfants","https:\/\/x.com\/casalinfants","https:\/\/www.youtube.com\/user\/CasaldelsInfants1","https:\/\/www.instagram.com\/casalinfants\/","https:\/\/www.linkedin.com\/company\/casaldelsinfants?trk=organization-update_share-update_actor-text"]},{"@type":"Person","@id":"https:\/\/www.casaldelsinfants.org\/es\/#\/schema\/person\/97707fc8c64900cf36891127dbf9fba8","name":"cdiAdmin","sameAs":["https:\/\/casaldelsinfants.org"]}]}},"publishpress_future_action":{"enabled":false,"date":"2026-05-07 10:15:59","action":"change-status","newStatus":"draft","terms":[],"taxonomy":"category","extraData":[]},"publishpress_future_workflow_manual_trigger":{"enabledWorkflows":[]},"_links":{"self":[{"href":"https:\/\/www.casaldelsinfants.org\/es\/wp-json\/wp\/v2\/posts\/4524","targetHints":{"allow":["GET"]}}],"collection":[{"href":"https:\/\/www.casaldelsinfants.org\/es\/wp-json\/wp\/v2\/posts"}],"about":[{"href":"https:\/\/www.casaldelsinfants.org\/es\/wp-json\/wp\/v2\/types\/post"}],"author":[{"embeddable":true,"href":"https:\/\/www.casaldelsinfants.org\/es\/wp-json\/wp\/v2\/users\/1"}],"replies":[{"embeddable":true,"href":"https:\/\/www.casaldelsinfants.org\/es\/wp-json\/wp\/v2\/comments?post=4524"}],"version-history":[{"count":1,"href":"https:\/\/www.casaldelsinfants.org\/es\/wp-json\/wp\/v2\/posts\/4524\/revisions"}],"predecessor-version":[{"id":6440,"href":"https:\/\/www.casaldelsinfants.org\/es\/wp-json\/wp\/v2\/posts\/4524\/revisions\/6440"}],"wp:featuredmedia":[{"embeddable":true,"href":"https:\/\/www.casaldelsinfants.org\/es\/wp-json\/wp\/v2\/media\/3532"}],"wp:attachment":[{"href":"https:\/\/www.casaldelsinfants.org\/es\/wp-json\/wp\/v2\/media?parent=4524"}],"wp:term":[{"taxonomy":"category","embeddable":true,"href":"https:\/\/www.casaldelsinfants.org\/es\/wp-json\/wp\/v2\/categories?post=4524"},{"taxonomy":"post_tag","embeddable":true,"href":"https:\/\/www.casaldelsinfants.org\/es\/wp-json\/wp\/v2\/tags?post=4524"},{"taxonomy":"seus","embeddable":true,"href":"https:\/\/www.casaldelsinfants.org\/es\/wp-json\/wp\/v2\/seus?post=4524"},{"taxonomy":"eixos","embeddable":true,"href":"https:\/\/www.casaldelsinfants.org\/es\/wp-json\/wp\/v2\/eixos?post=4524"}],"curies":[{"name":"wp","href":"https:\/\/api.w.org\/{rel}","templated":true}]}}