{"id":4525,"date":"2018-02-01T10:45:51","date_gmt":"2018-02-01T08:45:51","guid":{"rendered":"https:\/\/casal.puntzero.cat\/noticies\/una-nit-de-veus-la-igualtat-doportunitats-dels-joves\/"},"modified":"2023-05-01T19:05:38","modified_gmt":"2023-05-01T17:05:38","slug":"una-nit-de-veus-la-igualtat-doportunitats-dels-joves","status":"publish","type":"post","link":"https:\/\/www.casaldelsinfants.org\/es\/actualidad\/una-noche-de-voces-por-la-igualdad-de-oportunidades\/","title":{"rendered":"Una noche de voces por la igualdad de oportunidades"},"content":{"rendered":"<p><span style=\"color:#000000;\">El concierto\u00a0\u201cVoces por la igualdad de oportunitades\u201d\u00a0a favor del\u00a0Casal dels Infants\u00a0se celebr\u00f3 este lunes en la sala Barts de Barcelona y reuni\u00f3 a m\u00e1s de 1.000 personas comprometidas con la igualdad de oportunidades de los j\u00f3venes.<\/span><\/p>\n<p><span style=\"color:#000000;\">Estopa,\u00a0Els Amics de les Arts,\u00a0Blaumut,\u00a0Judit Neddermann\u00a0y\u00a0Ramon Mirabet\u00a0ofrecieron un concierto lleno de emociones y complicidad con los otros grandes protagonistas de la noche, los j\u00f3venes del Casal dels Infants.<\/span><\/p>\n<p><span style=\"color:#000000;\">Algunos de estos \u00faltimos estuvieron presentes entre el p\u00fablico, y otros aparecieron en\u00a0v\u00eddeos\u00a0que se proyectaron entre las actuaciones, explicando su historia y qu\u00e9 significa para ellos formar parte de la asociaci\u00f3n.<\/span><\/p>\n<p><span style=\"color:#000000;\">Los ingresos del concierto se destinar\u00e1n a proyectos del Casal dels Infants que durante el a\u00f1o\u00a0acompa\u00f1an m\u00e1s de 1.700 j\u00f3venes en situaci\u00f3n de vulnerabilidad.<\/span><\/p>\n<div class=\"video-embed-field-responsive-video form-group\"><iframe loading=\"lazy\" width=\"854\" height=\"480\" frameborder=\"0\" allowfullscreen=\"allowfullscreen\" src=\"https:\/\/www.youtube.com\/embed\/videoseries?list=PLt2vkGsi9kM7kcxl0usdhNMxf0J94b6TF\"><\/iframe>\n<\/div>\n<p class=\"text-align-center\">Resumen del concierto\u00a0Veus per la Igualtat d&#8217;oportunitats dels joves<\/p>\n<p class=\"text-align-center\">\u00a0<\/p>\n<div class=\"video-embed-field-responsive-video form-group\"><iframe loading=\"lazy\" width=\"854\" height=\"480\" frameborder=\"0\" allowfullscreen=\"allowfullscreen\" src=\"https:\/\/www.youtube.com\/embed\/37EKyhiS7Vo?autoplay=0&amp;start=0&amp;rel=0\"><\/iframe>\n<\/div>\n<p class=\"text-align-center\">Los j\u00f3venes\u00a0del Casal dels Infants se hacen escuchar durante el concierto<\/p>\n","protected":false},"excerpt":{"rendered":"<p>El concierto\u00a0\u201cVoces por la igualdad de oportunitades\u201d\u00a0a favor del\u00a0Casal dels Infants\u00a0se celebr\u00f3 este lunes en la sala Barts de Barcelona y reuni\u00f3 a m\u00e1s de 1.000 personas comprometidas con la igualdad de oportunidades de los j\u00f3venes. Estopa,\u00a0Els Amics de les Arts,\u00a0Blaumut,\u00a0Judit Neddermann\u00a0y\u00a0Ramon Mirabet\u00a0ofrecieron un concierto lleno de emociones y complicidad con los otros grandes protagonistas [&hellip;]<\/p>\n","protected":false},"author":1,"featured_media":3535,"comment_status":"open","ping_status":"open","sticky":false,"template":"","format":"standard","meta":{"_acf_changed":false,"_et_pb_use_builder":"","_et_pb_old_content":"","_et_gb_content_width":"","inline_featured_image":false,"footnotes":""},"categories":[125],"tags":[],"seus":[],"eixos":[102],"class_list":["post-4525","post","type-post","status-publish","format-standard","has-post-thumbnail","hentry","category-noticias","eixos-jovenes"],"acf":[],"yoast_head":"<!-- This site is optimized with the Yoast SEO plugin v27.4 - https:\/\/yoast.com\/product\/yoast-seo-wordpress\/ -->\n<title>Una noche de voces por la igualdad de oportunidades - Casal dels Infants<\/title>\n<meta name=\"robots\" content=\"index, follow, max-snippet:-1, max-image-preview:large, max-video-preview:-1\" \/>\n<link rel=\"canonical\" href=\"https:\/\/www.casaldelsinfants.org\/es\/actualidad\/una-noche-de-voces-por-la-igualdad-de-oportunidades\/\" \/>\n<meta property=\"og:locale\" content=\"es_ES\" \/>\n<meta property=\"og:type\" content=\"article\" \/>\n<meta property=\"og:title\" content=\"Una noche de voces por la igualdad de oportunidades - Casal dels Infants\" \/>\n<meta property=\"og:description\" content=\"El concierto\u00a0\u201cVoces por la igualdad de oportunitades\u201d\u00a0a favor del\u00a0Casal dels Infants\u00a0se celebr\u00f3 este lunes en la sala Barts de Barcelona y reuni\u00f3 a m\u00e1s de 1.000 personas comprometidas con la igualdad de oportunidades de los j\u00f3venes. Estopa,\u00a0Els Amics de les Arts,\u00a0Blaumut,\u00a0Judit Neddermann\u00a0y\u00a0Ramon Mirabet\u00a0ofrecieron un concierto lleno de emociones y complicidad con los otros grandes protagonistas [&hellip;]\" \/>\n<meta property=\"og:url\" content=\"https:\/\/www.casaldelsinfants.org\/es\/actualidad\/una-noche-de-voces-por-la-igualdad-de-oportunidades\/\" \/>\n<meta property=\"og:site_name\" content=\"Casal dels Infants\" \/>\n<meta property=\"article:publisher\" content=\"https:\/\/www.facebook.com\/casalinfants\" \/>\n<meta property=\"article:published_time\" content=\"2018-02-01T08:45:51+00:00\" \/>\n<meta property=\"article:modified_time\" content=\"2023-05-01T17:05:38+00:00\" \/>\n<meta property=\"og:image\" content=\"https:\/\/www.casaldelsinfants.org\/wp-content\/uploads\/Estopa-concert-27N.jpg\" \/>\n\t<meta property=\"og:image:width\" content=\"1920\" \/>\n\t<meta property=\"og:image:height\" content=\"1080\" \/>\n\t<meta property=\"og:image:type\" content=\"image\/jpeg\" \/>\n<meta name=\"author\" content=\"cdiAdmin\" \/>\n<meta name=\"twitter:card\" content=\"summary_large_image\" \/>\n<meta name=\"twitter:creator\" content=\"@casalinfants\" \/>\n<meta name=\"twitter:site\" content=\"@casalinfants\" \/>\n<meta name=\"twitter:label1\" content=\"Escrito por\" \/>\n\t<meta name=\"twitter:data1\" content=\"cdiAdmin\" \/>\n\t<meta name=\"twitter:label2\" content=\"Tiempo de lectura\" \/>\n\t<meta name=\"twitter:data2\" content=\"1 minuto\" \/>\n<script type=\"application\/ld+json\" class=\"yoast-schema-graph\">{\"@context\":\"https:\\\/\\\/schema.org\",\"@graph\":[{\"@type\":\"Article\",\"@id\":\"https:\\\/\\\/www.casaldelsinfants.org\\\/es\\\/actualidad\\\/una-noche-de-voces-por-la-igualdad-de-oportunidades\\\/#article\",\"isPartOf\":{\"@id\":\"https:\\\/\\\/www.casaldelsinfants.org\\\/es\\\/actualidad\\\/una-noche-de-voces-por-la-igualdad-de-oportunidades\\\/\"},\"author\":{\"name\":\"cdiAdmin\",\"@id\":\"https:\\\/\\\/www.casaldelsinfants.org\\\/es\\\/#\\\/schema\\\/person\\\/97707fc8c64900cf36891127dbf9fba8\"},\"headline\":\"Una noche de voces por la igualdad de oportunidades\",\"datePublished\":\"2018-02-01T08:45:51+00:00\",\"dateModified\":\"2023-05-01T17:05:38+00:00\",\"mainEntityOfPage\":{\"@id\":\"https:\\\/\\\/www.casaldelsinfants.org\\\/es\\\/actualidad\\\/una-noche-de-voces-por-la-igualdad-de-oportunidades\\\/\"},\"wordCount\":175,\"commentCount\":0,\"publisher\":{\"@id\":\"https:\\\/\\\/www.casaldelsinfants.org\\\/es\\\/#organization\"},\"image\":{\"@id\":\"https:\\\/\\\/www.casaldelsinfants.org\\\/es\\\/actualidad\\\/una-noche-de-voces-por-la-igualdad-de-oportunidades\\\/#primaryimage\"},\"thumbnailUrl\":\"https:\\\/\\\/www.casaldelsinfants.org\\\/wp-content\\\/uploads\\\/Estopa-concert-27N.jpg\",\"articleSection\":[\"Noticia\"],\"inLanguage\":\"es\",\"potentialAction\":[{\"@type\":\"CommentAction\",\"name\":\"Comment\",\"target\":[\"https:\\\/\\\/www.casaldelsinfants.org\\\/es\\\/actualidad\\\/una-noche-de-voces-por-la-igualdad-de-oportunidades\\\/#respond\"]}]},{\"@type\":\"WebPage\",\"@id\":\"https:\\\/\\\/www.casaldelsinfants.org\\\/es\\\/actualidad\\\/una-noche-de-voces-por-la-igualdad-de-oportunidades\\\/\",\"url\":\"https:\\\/\\\/www.casaldelsinfants.org\\\/es\\\/actualidad\\\/una-noche-de-voces-por-la-igualdad-de-oportunidades\\\/\",\"name\":\"Una noche de voces por la igualdad de oportunidades - Casal dels Infants\",\"isPartOf\":{\"@id\":\"https:\\\/\\\/www.casaldelsinfants.org\\\/es\\\/#website\"},\"primaryImageOfPage\":{\"@id\":\"https:\\\/\\\/www.casaldelsinfants.org\\\/es\\\/actualidad\\\/una-noche-de-voces-por-la-igualdad-de-oportunidades\\\/#primaryimage\"},\"image\":{\"@id\":\"https:\\\/\\\/www.casaldelsinfants.org\\\/es\\\/actualidad\\\/una-noche-de-voces-por-la-igualdad-de-oportunidades\\\/#primaryimage\"},\"thumbnailUrl\":\"https:\\\/\\\/www.casaldelsinfants.org\\\/wp-content\\\/uploads\\\/Estopa-concert-27N.jpg\",\"datePublished\":\"2018-02-01T08:45:51+00:00\",\"dateModified\":\"2023-05-01T17:05:38+00:00\",\"breadcrumb\":{\"@id\":\"https:\\\/\\\/www.casaldelsinfants.org\\\/es\\\/actualidad\\\/una-noche-de-voces-por-la-igualdad-de-oportunidades\\\/#breadcrumb\"},\"inLanguage\":\"es\",\"potentialAction\":[{\"@type\":\"ReadAction\",\"target\":[\"https:\\\/\\\/www.casaldelsinfants.org\\\/es\\\/actualidad\\\/una-noche-de-voces-por-la-igualdad-de-oportunidades\\\/\"]}]},{\"@type\":\"ImageObject\",\"inLanguage\":\"es\",\"@id\":\"https:\\\/\\\/www.casaldelsinfants.org\\\/es\\\/actualidad\\\/una-noche-de-voces-por-la-igualdad-de-oportunidades\\\/#primaryimage\",\"url\":\"https:\\\/\\\/www.casaldelsinfants.org\\\/wp-content\\\/uploads\\\/Estopa-concert-27N.jpg\",\"contentUrl\":\"https:\\\/\\\/www.casaldelsinfants.org\\\/wp-content\\\/uploads\\\/Estopa-concert-27N.jpg\",\"width\":1920,\"height\":1080,\"caption\":\"Concert de Estopa\"},{\"@type\":\"BreadcrumbList\",\"@id\":\"https:\\\/\\\/www.casaldelsinfants.org\\\/es\\\/actualidad\\\/una-noche-de-voces-por-la-igualdad-de-oportunidades\\\/#breadcrumb\",\"itemListElement\":[{\"@type\":\"ListItem\",\"position\":1,\"name\":\"Inici\",\"item\":\"https:\\\/\\\/www.casaldelsinfants.org\\\/es\\\/\"},{\"@type\":\"ListItem\",\"position\":2,\"name\":\"Una noche de voces por la igualdad de oportunidades\"}]},{\"@type\":\"WebSite\",\"@id\":\"https:\\\/\\\/www.casaldelsinfants.org\\\/es\\\/#website\",\"url\":\"https:\\\/\\\/www.casaldelsinfants.org\\\/es\\\/\",\"name\":\"Casal dels Infants\",\"description\":\"\",\"publisher\":{\"@id\":\"https:\\\/\\\/www.casaldelsinfants.org\\\/es\\\/#organization\"},\"potentialAction\":[{\"@type\":\"SearchAction\",\"target\":{\"@type\":\"EntryPoint\",\"urlTemplate\":\"https:\\\/\\\/www.casaldelsinfants.org\\\/es\\\/?s={search_term_string}\"},\"query-input\":{\"@type\":\"PropertyValueSpecification\",\"valueRequired\":true,\"valueName\":\"search_term_string\"}}],\"inLanguage\":\"es\"},{\"@type\":\"Organization\",\"@id\":\"https:\\\/\\\/www.casaldelsinfants.org\\\/es\\\/#organization\",\"name\":\"Casal dels Infants\",\"url\":\"https:\\\/\\\/www.casaldelsinfants.org\\\/es\\\/\",\"logo\":{\"@type\":\"ImageObject\",\"inLanguage\":\"es\",\"@id\":\"https:\\\/\\\/www.casaldelsinfants.org\\\/es\\\/#\\\/schema\\\/logo\\\/image\\\/\",\"url\":\"https:\\\/\\\/www.casaldelsinfants.org\\\/wp-content\\\/uploads\\\/logo-mail.png\",\"contentUrl\":\"https:\\\/\\\/www.casaldelsinfants.org\\\/wp-content\\\/uploads\\\/logo-mail.png\",\"width\":380,\"height\":158,\"caption\":\"Casal dels Infants\"},\"image\":{\"@id\":\"https:\\\/\\\/www.casaldelsinfants.org\\\/es\\\/#\\\/schema\\\/logo\\\/image\\\/\"},\"sameAs\":[\"https:\\\/\\\/www.facebook.com\\\/casalinfants\",\"https:\\\/\\\/x.com\\\/casalinfants\",\"https:\\\/\\\/www.youtube.com\\\/user\\\/CasaldelsInfants1\",\"https:\\\/\\\/www.instagram.com\\\/casalinfants\\\/\",\"https:\\\/\\\/www.linkedin.com\\\/company\\\/casaldelsinfants?trk=organization-update_share-update_actor-text\"]},{\"@type\":\"Person\",\"@id\":\"https:\\\/\\\/www.casaldelsinfants.org\\\/es\\\/#\\\/schema\\\/person\\\/97707fc8c64900cf36891127dbf9fba8\",\"name\":\"cdiAdmin\",\"sameAs\":[\"https:\\\/\\\/casaldelsinfants.org\"]}]}<\/script>\n<!-- \/ Yoast SEO plugin. -->","yoast_head_json":{"title":"Una noche de voces por la igualdad de oportunidades - Casal dels Infants","robots":{"index":"index","follow":"follow","max-snippet":"max-snippet:-1","max-image-preview":"max-image-preview:large","max-video-preview":"max-video-preview:-1"},"canonical":"https:\/\/www.casaldelsinfants.org\/es\/actualidad\/una-noche-de-voces-por-la-igualdad-de-oportunidades\/","og_locale":"es_ES","og_type":"article","og_title":"Una noche de voces por la igualdad de oportunidades - Casal dels Infants","og_description":"El concierto\u00a0\u201cVoces por la igualdad de oportunitades\u201d\u00a0a favor del\u00a0Casal dels Infants\u00a0se celebr\u00f3 este lunes en la sala Barts de Barcelona y reuni\u00f3 a m\u00e1s de 1.000 personas comprometidas con la igualdad de oportunidades de los j\u00f3venes. Estopa,\u00a0Els Amics de les Arts,\u00a0Blaumut,\u00a0Judit Neddermann\u00a0y\u00a0Ramon Mirabet\u00a0ofrecieron un concierto lleno de emociones y complicidad con los otros grandes protagonistas [&hellip;]","og_url":"https:\/\/www.casaldelsinfants.org\/es\/actualidad\/una-noche-de-voces-por-la-igualdad-de-oportunidades\/","og_site_name":"Casal dels Infants","article_publisher":"https:\/\/www.facebook.com\/casalinfants","article_published_time":"2018-02-01T08:45:51+00:00","article_modified_time":"2023-05-01T17:05:38+00:00","og_image":[{"width":1920,"height":1080,"url":"https:\/\/www.casaldelsinfants.org\/wp-content\/uploads\/Estopa-concert-27N.jpg","type":"image\/jpeg"}],"author":"cdiAdmin","twitter_card":"summary_large_image","twitter_creator":"@casalinfants","twitter_site":"@casalinfants","twitter_misc":{"Escrito por":"cdiAdmin","Tiempo de lectura":"1 minuto"},"schema":{"@context":"https:\/\/schema.org","@graph":[{"@type":"Article","@id":"https:\/\/www.casaldelsinfants.org\/es\/actualidad\/una-noche-de-voces-por-la-igualdad-de-oportunidades\/#article","isPartOf":{"@id":"https:\/\/www.casaldelsinfants.org\/es\/actualidad\/una-noche-de-voces-por-la-igualdad-de-oportunidades\/"},"author":{"name":"cdiAdmin","@id":"https:\/\/www.casaldelsinfants.org\/es\/#\/schema\/person\/97707fc8c64900cf36891127dbf9fba8"},"headline":"Una noche de voces por la igualdad de oportunidades","datePublished":"2018-02-01T08:45:51+00:00","dateModified":"2023-05-01T17:05:38+00:00","mainEntityOfPage":{"@id":"https:\/\/www.casaldelsinfants.org\/es\/actualidad\/una-noche-de-voces-por-la-igualdad-de-oportunidades\/"},"wordCount":175,"commentCount":0,"publisher":{"@id":"https:\/\/www.casaldelsinfants.org\/es\/#organization"},"image":{"@id":"https:\/\/www.casaldelsinfants.org\/es\/actualidad\/una-noche-de-voces-por-la-igualdad-de-oportunidades\/#primaryimage"},"thumbnailUrl":"https:\/\/www.casaldelsinfants.org\/wp-content\/uploads\/Estopa-concert-27N.jpg","articleSection":["Noticia"],"inLanguage":"es","potentialAction":[{"@type":"CommentAction","name":"Comment","target":["https:\/\/www.casaldelsinfants.org\/es\/actualidad\/una-noche-de-voces-por-la-igualdad-de-oportunidades\/#respond"]}]},{"@type":"WebPage","@id":"https:\/\/www.casaldelsinfants.org\/es\/actualidad\/una-noche-de-voces-por-la-igualdad-de-oportunidades\/","url":"https:\/\/www.casaldelsinfants.org\/es\/actualidad\/una-noche-de-voces-por-la-igualdad-de-oportunidades\/","name":"Una noche de voces por la igualdad de oportunidades - Casal dels Infants","isPartOf":{"@id":"https:\/\/www.casaldelsinfants.org\/es\/#website"},"primaryImageOfPage":{"@id":"https:\/\/www.casaldelsinfants.org\/es\/actualidad\/una-noche-de-voces-por-la-igualdad-de-oportunidades\/#primaryimage"},"image":{"@id":"https:\/\/www.casaldelsinfants.org\/es\/actualidad\/una-noche-de-voces-por-la-igualdad-de-oportunidades\/#primaryimage"},"thumbnailUrl":"https:\/\/www.casaldelsinfants.org\/wp-content\/uploads\/Estopa-concert-27N.jpg","datePublished":"2018-02-01T08:45:51+00:00","dateModified":"2023-05-01T17:05:38+00:00","breadcrumb":{"@id":"https:\/\/www.casaldelsinfants.org\/es\/actualidad\/una-noche-de-voces-por-la-igualdad-de-oportunidades\/#breadcrumb"},"inLanguage":"es","potentialAction":[{"@type":"ReadAction","target":["https:\/\/www.casaldelsinfants.org\/es\/actualidad\/una-noche-de-voces-por-la-igualdad-de-oportunidades\/"]}]},{"@type":"ImageObject","inLanguage":"es","@id":"https:\/\/www.casaldelsinfants.org\/es\/actualidad\/una-noche-de-voces-por-la-igualdad-de-oportunidades\/#primaryimage","url":"https:\/\/www.casaldelsinfants.org\/wp-content\/uploads\/Estopa-concert-27N.jpg","contentUrl":"https:\/\/www.casaldelsinfants.org\/wp-content\/uploads\/Estopa-concert-27N.jpg","width":1920,"height":1080,"caption":"Concert de Estopa"},{"@type":"BreadcrumbList","@id":"https:\/\/www.casaldelsinfants.org\/es\/actualidad\/una-noche-de-voces-por-la-igualdad-de-oportunidades\/#breadcrumb","itemListElement":[{"@type":"ListItem","position":1,"name":"Inici","item":"https:\/\/www.casaldelsinfants.org\/es\/"},{"@type":"ListItem","position":2,"name":"Una noche de voces por la igualdad de oportunidades"}]},{"@type":"WebSite","@id":"https:\/\/www.casaldelsinfants.org\/es\/#website","url":"https:\/\/www.casaldelsinfants.org\/es\/","name":"Casal dels Infants","description":"","publisher":{"@id":"https:\/\/www.casaldelsinfants.org\/es\/#organization"},"potentialAction":[{"@type":"SearchAction","target":{"@type":"EntryPoint","urlTemplate":"https:\/\/www.casaldelsinfants.org\/es\/?s={search_term_string}"},"query-input":{"@type":"PropertyValueSpecification","valueRequired":true,"valueName":"search_term_string"}}],"inLanguage":"es"},{"@type":"Organization","@id":"https:\/\/www.casaldelsinfants.org\/es\/#organization","name":"Casal dels Infants","url":"https:\/\/www.casaldelsinfants.org\/es\/","logo":{"@type":"ImageObject","inLanguage":"es","@id":"https:\/\/www.casaldelsinfants.org\/es\/#\/schema\/logo\/image\/","url":"https:\/\/www.casaldelsinfants.org\/wp-content\/uploads\/logo-mail.png","contentUrl":"https:\/\/www.casaldelsinfants.org\/wp-content\/uploads\/logo-mail.png","width":380,"height":158,"caption":"Casal dels Infants"},"image":{"@id":"https:\/\/www.casaldelsinfants.org\/es\/#\/schema\/logo\/image\/"},"sameAs":["https:\/\/www.facebook.com\/casalinfants","https:\/\/x.com\/casalinfants","https:\/\/www.youtube.com\/user\/CasaldelsInfants1","https:\/\/www.instagram.com\/casalinfants\/","https:\/\/www.linkedin.com\/company\/casaldelsinfants?trk=organization-update_share-update_actor-text"]},{"@type":"Person","@id":"https:\/\/www.casaldelsinfants.org\/es\/#\/schema\/person\/97707fc8c64900cf36891127dbf9fba8","name":"cdiAdmin","sameAs":["https:\/\/casaldelsinfants.org"]}]}},"publishpress_future_action":{"enabled":false,"date":"2026-05-07 10:15:59","action":"change-status","newStatus":"draft","terms":[],"taxonomy":"category","extraData":[]},"publishpress_future_workflow_manual_trigger":{"enabledWorkflows":[]},"_links":{"self":[{"href":"https:\/\/www.casaldelsinfants.org\/es\/wp-json\/wp\/v2\/posts\/4525","targetHints":{"allow":["GET"]}}],"collection":[{"href":"https:\/\/www.casaldelsinfants.org\/es\/wp-json\/wp\/v2\/posts"}],"about":[{"href":"https:\/\/www.casaldelsinfants.org\/es\/wp-json\/wp\/v2\/types\/post"}],"author":[{"embeddable":true,"href":"https:\/\/www.casaldelsinfants.org\/es\/wp-json\/wp\/v2\/users\/1"}],"replies":[{"embeddable":true,"href":"https:\/\/www.casaldelsinfants.org\/es\/wp-json\/wp\/v2\/comments?post=4525"}],"version-history":[{"count":1,"href":"https:\/\/www.casaldelsinfants.org\/es\/wp-json\/wp\/v2\/posts\/4525\/revisions"}],"predecessor-version":[{"id":6441,"href":"https:\/\/www.casaldelsinfants.org\/es\/wp-json\/wp\/v2\/posts\/4525\/revisions\/6441"}],"wp:featuredmedia":[{"embeddable":true,"href":"https:\/\/www.casaldelsinfants.org\/es\/wp-json\/wp\/v2\/media\/3535"}],"wp:attachment":[{"href":"https:\/\/www.casaldelsinfants.org\/es\/wp-json\/wp\/v2\/media?parent=4525"}],"wp:term":[{"taxonomy":"category","embeddable":true,"href":"https:\/\/www.casaldelsinfants.org\/es\/wp-json\/wp\/v2\/categories?post=4525"},{"taxonomy":"post_tag","embeddable":true,"href":"https:\/\/www.casaldelsinfants.org\/es\/wp-json\/wp\/v2\/tags?post=4525"},{"taxonomy":"seus","embeddable":true,"href":"https:\/\/www.casaldelsinfants.org\/es\/wp-json\/wp\/v2\/seus?post=4525"},{"taxonomy":"eixos","embeddable":true,"href":"https:\/\/www.casaldelsinfants.org\/es\/wp-json\/wp\/v2\/eixos?post=4525"}],"curies":[{"name":"wp","href":"https:\/\/api.w.org\/{rel}","templated":true}]}}