{"id":4526,"date":"2018-02-01T10:40:02","date_gmt":"2018-02-01T08:40:02","guid":{"rendered":"https:\/\/casal.puntzero.cat\/noticies\/costura-alliberadora\/"},"modified":"2022-08-17T11:22:30","modified_gmt":"2022-08-17T09:22:30","slug":"costura-alliberadora","status":"publish","type":"post","link":"https:\/\/www.casaldelsinfants.org\/es\/actualidad\/costura-liberadora\/","title":{"rendered":"Costura liberadora"},"content":{"rendered":"<p>La plaza del Rellotge del barrio de Fondo de Santa Coloma de Gramenet hace rato que ha despertado con una ma\u00f1ana fr\u00eda. Un buen pu\u00f1ado de abuelos est\u00e1n sentados en los bancos, quiz\u00e1s porque lo hacen habitualmente, quiz\u00e1s porque intuyen que algo va a pasar. Lo sospechan viendo a Balwinder y a Bea trajinando, desdoblando, montando. S\u00ed, algo va a pasar.<\/p>\n<p>Todo empez\u00f3 hace m\u00e1s o menos un a\u00f1o en el Casal Familiar del Casal dels Infants de Santa Coloma de Gramenet. Un d\u00eda en que Bea, que es su educadora, charlaba con un grupo de mujeres tratando de definir una idea que ten\u00edan en la cabeza. Antes de saber de qu\u00e9 hablaban, situ\u00e9monos. El Casal Familiar es un proyecto para que madres y padres encuentren la orientaci\u00f3n y el apoyo que necesitan ante situaciones de vulnerabilidad, en \u00e1mbitos como la crianza de sus hijos, el fomento de las relaciones saludables en la familia, la b\u00fasqueda de empleo, la comprensi\u00f3n del sistema educativo y el asesoramiento legal. Sobre todo, se trata de un espacio de reconocimiento, apoyo y relaci\u00f3n comunitaria para las familias.<\/p>\n<p>Volvamos donde lo hab\u00edamos dejado: \u00bfde qu\u00e9 hablaban Bea y las mujeres del Casal Familiar? Hac\u00eda meses que compart\u00edan un rato tomando caf\u00e9, y lo que empez\u00f3 como un pretexto para hablar de la educaci\u00f3n de sus hijos e hijas se hab\u00eda ido animando. Pensaron que podr\u00edan hacer algo juntas, proponerse un reto compartido, una actividad para ellas mismas. Alguna pens\u00f3 en la inform\u00e1tica, tambi\u00e9n se sonde\u00f3 la cocina, hasta que una de ellas lo dijo por primera vez en voz alta, que ella pod\u00eda coser y sab\u00eda que otras compa\u00f1eras tambi\u00e9n, que por qu\u00e9 no probaban de hacerlo juntas. I as\u00ed es como tom\u00f3 forma el grupo de mujeres que hoy se da a conocer como \u201cEl hilo del Casal\u201d.<\/p>\n<p class=\"destacat-noticia\">Pensaron que podr\u00edan hacer algo juntas, proponerse un reto compartido, una actividad para ellas mismas<\/p>\n<p class=\"verd\">Ahora la paradita ya ha quedado montada, justo a tiempo. Todo que expuesto bajo la carpa que les ha dejado la Associaci\u00f3 de Ve\u00efns del Raval. Son las 10 en punto, la Fira de Nadal del barrio de Fondo empieza, Balwinder sonr\u00ede.<span style=\"color:#000000;\"> <\/span><\/p>\n<figure role=\"group\" class=\"align-center\">\n<img decoding=\"async\" alt=\"Foto del grup de dones &quot;El hilo del Casal&quot; decorant la seva parada a la Fira de Nadal del barri de Fondo\" data-entity-type=\"file\" data-entity-uuid=\"405c66fc-fb5c-4d54-a50b-34f3a338fd63\" data-image-style=\"large\" height=\"360\" src=\"\/wp-content\/uploads\/inline-images\/P1000030.JPG\" typeof=\"foaf:Image\" width=\"480\" \/><figcaption>Foto de \u00abEl hilo del Casal\u00bb decorando la parada de la Fira de Nadal del barrio de Fondo<\/figcaption><\/figure>\n<p class=\"verd\">\u00a0<\/p>\n<p>Ella hace tres a\u00f1os que lleg\u00f3 de la India, y lleva uno participando en el Casal dels Infants. A\u00fan le cuesta expresarse en castellano y en catal\u00e1n, pero se espabila para alardear un poco de su ma\u00f1a cosiendo: \u201cEstudi\u00e9 tres a\u00f1os un diplomado de costura en la India, mi pa\u00eds. \u00bfVes esta ropa que llevo? Me la cos\u00ed yo\u201d. Sabe que el centro de atenci\u00f3n, sin embargo, no es su ropa, sino los bolsos, los delantales, las bolsas para el pan y los coleteros que han hecho entre totas. Y todo lo que significan y acumulan entre hilos.<\/p>\n<p>\u00a0<\/p>\n<p class=\"pregunta-entrevista\">El recorrido<\/p>\n<p>Para empezar, hizo falta encontrar las m\u00e1quinas de coser, explica Bea: \u201cConseguimos tres: una donada por una educadora del Casal dels Infants y las otras tra\u00eddas por dos de las mujeres\u201d. Primero probaron con los bolsos. Salieron bien, y se animaron con otras cosas. As\u00ed, poco a poco, hasta que hace pocas semanas encontraron la excusa para darse a conocer.<\/p>\n<p>Fue durante el festival Ravaleando, una fiesta que se organiza en el barrio del raval de Santa Coloma de Gramenet desde hace seis a\u00f1os para dar a conocer las entidades del entorno y propiciar un espacio de convivencia comunitaria. Las mujeres de \u201cEl hilo del Casal\u201d montaron una parada, que llam\u00f3 la atenci\u00f3n de alguien conocido en la ciudad, la alcaldesa N\u00faria Parl\u00f3n. Al ver lo que hab\u00edan hecho las mujeres, decidi\u00f3 hacer la primera donaci\u00f3n para el proyecto, a t\u00edtulo personal, que sirvi\u00f3 para que el grupo pagara el coste de la parada en la Fira de Nadal del barrio de Fondo.<\/p>\n<p class=\"destacat-noticia\">En el\u00a0festival Ravaleando, la alcaldesa N\u00faria Parl\u00f3n hizo la primera\u00a0donaci\u00f3n para\u00a0\u00abEl hilo del Casal\u00bb<\/p>\n<p class=\"verd\">Empieza a soplar el viento, en la plaza del Rellotge, y los delantales que cuelgan de la parada de \u201cEl hilo del Casal\u201d se hinchan como velas. Aires de libertad necesarios para mujeres que no lo tienen f\u00e1cil. Y no es un decir. Puede dar fe de ello Shahanaz, que acaba de llegar a la parada con provisiones de t\u00e9 de su pueblo y pakora (verduras rebozadas con masa de garbanzo y huevo). Todo para compartir.<\/p>\n<figure role=\"group\" class=\"align-center\">\n<img decoding=\"async\" alt=\"La Sanat amb una de les bosses de m\u00e0 creades pel grup de dones\" data-entity-type=\"file\" data-entity-uuid=\"0dd42d6e-bf07-4e16-a6c0-829b1d4b67f7\" data-image-style=\"large\" height=\"361\" src=\"\/wp-content\/uploads\/inline-images\/P1000014.JPG\" typeof=\"foaf:Image\" width=\"480\" \/><figcaption>Shahanaz con uno de los bolsos creado por el grupo de mujeres<\/figcaption><\/figure>\n<p class=\"verd\">\u00a0<\/p>\n<p class=\"verd\">Shahanaz es de Bangladesh y lleg\u00f3 a Catalunya en 2004. Tres a\u00f1os m\u00e1s tarde, su marido falleci\u00f3, y ella se tuvo que hacer cargo sola de una hija y un hijo. El relato de un d\u00eda cualquiera de su vida empieza cuando se levanta, a las 5.30h, y sigue con una larga lista de obligaciones para poder tirar adelante su familia. Entremedio, \u201cEl hilo del Casal\u201d, un poco de ox\u00edgeno. \u201cAqu\u00ed he aprendido muchas cosas. Antes casi no pod\u00eda expresarme, y ahora puedo hablar con Bea cuando tengo un problema\u201d, dice.<\/p>\n<p class=\"pregunta-entrevista\">\u00a0<\/p>\n<p class=\"pregunta-entrevista\">Futuro<\/p>\n<p>Las palabras se han llevado media ma\u00f1ana. El d\u00eda seguir\u00e1 avanzando con la misma determinaci\u00f3n que las protagonistas de esta historia. Ellas se turnar\u00e1n para atender la parada hasta \u00faltima hora, bien organizadas. \u00bfEl siguiente paso? \u00bfPara qu\u00e9 servir\u00e1n las donaciones que quieren reconocer el trabajo de las mujeres? Lo hablar\u00e1n en el taller, como siempre. Tiene algunas ideas: monederos con nuevas telas, una nueva m\u00e1quina de coser&#8230;<\/p>\n<p>En cualquier caso, cuando haya oscurecido en la plaza del Rellotge y el fr\u00edo haga desfilar a los \u00faltimos abuelos hacia casa, alguno de ellos quiz\u00e1s se ir\u00e1 pensando en las palabras de orgullo que han escuchado decir a Bea, refiri\u00e9ndose a \u201cEl hilo del Casal\u201d: \u201cAqu\u00ed la costura es un pretexto. Ellas se conocen y se aportan muchas cosas. Hablan de muchas cosas. En una forma de empoderarse, de crear red y de sentir que pertenecen a alguna cosa\u201d.<\/p>\n<p class=\"pregunta-entrevista\">\u00a0<\/p>\n<p class=\"pregunta-entrevista text-align-center\">\u00a0<\/p>\n<p class=\"pregunta-entrevista text-align-center\">V\u00eddeo: \u00abEl hilo del Casal\u00bb en\u00a0la Fira de Nadal del barrio de Fondo:<\/p>\n<p class=\"pregunta-entrevista text-align-center\">\u00a0<\/p>\n<div class=\"video-embed-field-responsive-video form-group\"><iframe loading=\"lazy\" width=\"854\" height=\"480\" frameborder=\"0\" allowfullscreen=\"allowfullscreen\" src=\"https:\/\/www.youtube.com\/embed\/Gic8T-WAgWc?autoplay=0&amp;start=0&amp;rel=0\"><\/iframe>\n<\/div>\n<p class=\"bold\">\u00a0<\/p>\n","protected":false},"excerpt":{"rendered":"<h3 class=\"text-align-center\">\u00a0<\/h3>\n<h3 class=\"text-align-center\">Las integrantes de \u201cEl hilo del Casal\u201d se conocieron hablando de sus cr\u00edos en el Casal Familiar de Santa Coloma de Gramenet. En seguida quisieron hacer algo para ellas mismas, y se pusieron a coser: bolsos de tela, delantales, coleteros, conversaciones, experiencias, retos\u2026 Todo entretejido en una gran red que les ha dado confianza para hacer su primer salto: participar en la Fira de Nadal del barrio de Fondo<\/h3>\n<p>\u00a0<\/p>\n","protected":false},"author":1,"featured_media":3538,"comment_status":"open","ping_status":"open","sticky":false,"template":"","format":"standard","meta":{"_acf_changed":false,"_et_pb_use_builder":"","_et_pb_old_content":"","_et_gb_content_width":"","inline_featured_image":false,"footnotes":""},"categories":[105],"tags":[],"seus":[19],"eixos":[107],"class_list":["post-4526","post","type-post","status-publish","format-standard","has-post-thumbnail","hentry","category-reportaje","seus-santa-coloma-de-gramenet","eixos-pequena-infancia"],"acf":[],"yoast_head":"<!-- This site is optimized with the Yoast SEO plugin v27.4 - https:\/\/yoast.com\/product\/yoast-seo-wordpress\/ -->\n<title>Costura liberadora - Casal dels Infants<\/title>\n<meta name=\"robots\" content=\"index, follow, max-snippet:-1, max-image-preview:large, max-video-preview:-1\" \/>\n<link rel=\"canonical\" href=\"https:\/\/www.casaldelsinfants.org\/es\/actualidad\/costura-liberadora\/\" \/>\n<meta property=\"og:locale\" content=\"es_ES\" \/>\n<meta property=\"og:type\" content=\"article\" \/>\n<meta property=\"og:title\" content=\"Costura liberadora - Casal dels Infants\" \/>\n<meta property=\"og:description\" content=\"\u00a0 Las integrantes de \u201cEl hilo del Casal\u201d se conocieron hablando de sus cr\u00edos en el Casal Familiar de Santa Coloma de Gramenet. En seguida quisieron hacer algo para ellas mismas, y se pusieron a coser: bolsos de tela, delantales, coleteros, conversaciones, experiencias, retos\u2026 Todo entretejido en una gran red que les ha dado confianza para hacer su primer salto: participar en la Fira de Nadal del barrio de Fondo \u00a0\" \/>\n<meta property=\"og:url\" content=\"https:\/\/www.casaldelsinfants.org\/es\/actualidad\/costura-liberadora\/\" \/>\n<meta property=\"og:site_name\" content=\"Casal dels Infants\" \/>\n<meta property=\"article:publisher\" content=\"https:\/\/www.facebook.com\/casalinfants\" \/>\n<meta property=\"article:published_time\" content=\"2018-02-01T08:40:02+00:00\" \/>\n<meta property=\"article:modified_time\" content=\"2022-08-17T09:22:30+00:00\" \/>\n<meta property=\"og:image\" content=\"https:\/\/www.casaldelsinfants.org\/wp-content\/uploads\/P1000008-scaled.jpg\" \/>\n\t<meta property=\"og:image:width\" content=\"2560\" \/>\n\t<meta property=\"og:image:height\" content=\"1922\" \/>\n\t<meta property=\"og:image:type\" content=\"image\/jpeg\" \/>\n<meta name=\"author\" content=\"cdiAdmin\" \/>\n<meta name=\"twitter:card\" content=\"summary_large_image\" \/>\n<meta name=\"twitter:creator\" content=\"@casalinfants\" \/>\n<meta name=\"twitter:site\" content=\"@casalinfants\" \/>\n<meta name=\"twitter:label1\" content=\"Escrito por\" \/>\n\t<meta name=\"twitter:data1\" content=\"cdiAdmin\" \/>\n\t<meta name=\"twitter:label2\" content=\"Tiempo de lectura\" \/>\n\t<meta name=\"twitter:data2\" content=\"5 minutos\" \/>\n<script type=\"application\/ld+json\" class=\"yoast-schema-graph\">{\"@context\":\"https:\\\/\\\/schema.org\",\"@graph\":[{\"@type\":\"Article\",\"@id\":\"https:\\\/\\\/www.casaldelsinfants.org\\\/es\\\/actualidad\\\/costura-liberadora\\\/#article\",\"isPartOf\":{\"@id\":\"https:\\\/\\\/www.casaldelsinfants.org\\\/es\\\/actualidad\\\/costura-liberadora\\\/\"},\"author\":{\"name\":\"cdiAdmin\",\"@id\":\"https:\\\/\\\/www.casaldelsinfants.org\\\/es\\\/#\\\/schema\\\/person\\\/97707fc8c64900cf36891127dbf9fba8\"},\"headline\":\"Costura liberadora\",\"datePublished\":\"2018-02-01T08:40:02+00:00\",\"dateModified\":\"2022-08-17T09:22:30+00:00\",\"mainEntityOfPage\":{\"@id\":\"https:\\\/\\\/www.casaldelsinfants.org\\\/es\\\/actualidad\\\/costura-liberadora\\\/\"},\"wordCount\":1067,\"commentCount\":0,\"publisher\":{\"@id\":\"https:\\\/\\\/www.casaldelsinfants.org\\\/es\\\/#organization\"},\"image\":{\"@id\":\"https:\\\/\\\/www.casaldelsinfants.org\\\/es\\\/actualidad\\\/costura-liberadora\\\/#primaryimage\"},\"thumbnailUrl\":\"https:\\\/\\\/www.casaldelsinfants.org\\\/wp-content\\\/uploads\\\/P1000008-scaled.jpg\",\"articleSection\":[\"Reportaje\"],\"inLanguage\":\"es\",\"potentialAction\":[{\"@type\":\"CommentAction\",\"name\":\"Comment\",\"target\":[\"https:\\\/\\\/www.casaldelsinfants.org\\\/es\\\/actualidad\\\/costura-liberadora\\\/#respond\"]}]},{\"@type\":\"WebPage\",\"@id\":\"https:\\\/\\\/www.casaldelsinfants.org\\\/es\\\/actualidad\\\/costura-liberadora\\\/\",\"url\":\"https:\\\/\\\/www.casaldelsinfants.org\\\/es\\\/actualidad\\\/costura-liberadora\\\/\",\"name\":\"Costura liberadora - Casal dels Infants\",\"isPartOf\":{\"@id\":\"https:\\\/\\\/www.casaldelsinfants.org\\\/es\\\/#website\"},\"primaryImageOfPage\":{\"@id\":\"https:\\\/\\\/www.casaldelsinfants.org\\\/es\\\/actualidad\\\/costura-liberadora\\\/#primaryimage\"},\"image\":{\"@id\":\"https:\\\/\\\/www.casaldelsinfants.org\\\/es\\\/actualidad\\\/costura-liberadora\\\/#primaryimage\"},\"thumbnailUrl\":\"https:\\\/\\\/www.casaldelsinfants.org\\\/wp-content\\\/uploads\\\/P1000008-scaled.jpg\",\"datePublished\":\"2018-02-01T08:40:02+00:00\",\"dateModified\":\"2022-08-17T09:22:30+00:00\",\"breadcrumb\":{\"@id\":\"https:\\\/\\\/www.casaldelsinfants.org\\\/es\\\/actualidad\\\/costura-liberadora\\\/#breadcrumb\"},\"inLanguage\":\"es\",\"potentialAction\":[{\"@type\":\"ReadAction\",\"target\":[\"https:\\\/\\\/www.casaldelsinfants.org\\\/es\\\/actualidad\\\/costura-liberadora\\\/\"]}]},{\"@type\":\"ImageObject\",\"inLanguage\":\"es\",\"@id\":\"https:\\\/\\\/www.casaldelsinfants.org\\\/es\\\/actualidad\\\/costura-liberadora\\\/#primaryimage\",\"url\":\"https:\\\/\\\/www.casaldelsinfants.org\\\/wp-content\\\/uploads\\\/P1000008-scaled.jpg\",\"contentUrl\":\"https:\\\/\\\/www.casaldelsinfants.org\\\/wp-content\\\/uploads\\\/P1000008-scaled.jpg\",\"width\":2560,\"height\":1922,\"caption\":\"Costura alliberadora\"},{\"@type\":\"BreadcrumbList\",\"@id\":\"https:\\\/\\\/www.casaldelsinfants.org\\\/es\\\/actualidad\\\/costura-liberadora\\\/#breadcrumb\",\"itemListElement\":[{\"@type\":\"ListItem\",\"position\":1,\"name\":\"Inici\",\"item\":\"https:\\\/\\\/www.casaldelsinfants.org\\\/es\\\/\"},{\"@type\":\"ListItem\",\"position\":2,\"name\":\"Costura liberadora\"}]},{\"@type\":\"WebSite\",\"@id\":\"https:\\\/\\\/www.casaldelsinfants.org\\\/es\\\/#website\",\"url\":\"https:\\\/\\\/www.casaldelsinfants.org\\\/es\\\/\",\"name\":\"Casal dels Infants\",\"description\":\"\",\"publisher\":{\"@id\":\"https:\\\/\\\/www.casaldelsinfants.org\\\/es\\\/#organization\"},\"potentialAction\":[{\"@type\":\"SearchAction\",\"target\":{\"@type\":\"EntryPoint\",\"urlTemplate\":\"https:\\\/\\\/www.casaldelsinfants.org\\\/es\\\/?s={search_term_string}\"},\"query-input\":{\"@type\":\"PropertyValueSpecification\",\"valueRequired\":true,\"valueName\":\"search_term_string\"}}],\"inLanguage\":\"es\"},{\"@type\":\"Organization\",\"@id\":\"https:\\\/\\\/www.casaldelsinfants.org\\\/es\\\/#organization\",\"name\":\"Casal dels Infants\",\"url\":\"https:\\\/\\\/www.casaldelsinfants.org\\\/es\\\/\",\"logo\":{\"@type\":\"ImageObject\",\"inLanguage\":\"es\",\"@id\":\"https:\\\/\\\/www.casaldelsinfants.org\\\/es\\\/#\\\/schema\\\/logo\\\/image\\\/\",\"url\":\"https:\\\/\\\/www.casaldelsinfants.org\\\/wp-content\\\/uploads\\\/logo-mail.png\",\"contentUrl\":\"https:\\\/\\\/www.casaldelsinfants.org\\\/wp-content\\\/uploads\\\/logo-mail.png\",\"width\":380,\"height\":158,\"caption\":\"Casal dels Infants\"},\"image\":{\"@id\":\"https:\\\/\\\/www.casaldelsinfants.org\\\/es\\\/#\\\/schema\\\/logo\\\/image\\\/\"},\"sameAs\":[\"https:\\\/\\\/www.facebook.com\\\/casalinfants\",\"https:\\\/\\\/x.com\\\/casalinfants\",\"https:\\\/\\\/www.youtube.com\\\/user\\\/CasaldelsInfants1\",\"https:\\\/\\\/www.instagram.com\\\/casalinfants\\\/\",\"https:\\\/\\\/www.linkedin.com\\\/company\\\/casaldelsinfants?trk=organization-update_share-update_actor-text\"]},{\"@type\":\"Person\",\"@id\":\"https:\\\/\\\/www.casaldelsinfants.org\\\/es\\\/#\\\/schema\\\/person\\\/97707fc8c64900cf36891127dbf9fba8\",\"name\":\"cdiAdmin\",\"sameAs\":[\"https:\\\/\\\/casaldelsinfants.org\"]}]}<\/script>\n<!-- \/ Yoast SEO plugin. -->","yoast_head_json":{"title":"Costura liberadora - Casal dels Infants","robots":{"index":"index","follow":"follow","max-snippet":"max-snippet:-1","max-image-preview":"max-image-preview:large","max-video-preview":"max-video-preview:-1"},"canonical":"https:\/\/www.casaldelsinfants.org\/es\/actualidad\/costura-liberadora\/","og_locale":"es_ES","og_type":"article","og_title":"Costura liberadora - Casal dels Infants","og_description":"\u00a0 Las integrantes de \u201cEl hilo del Casal\u201d se conocieron hablando de sus cr\u00edos en el Casal Familiar de Santa Coloma de Gramenet. En seguida quisieron hacer algo para ellas mismas, y se pusieron a coser: bolsos de tela, delantales, coleteros, conversaciones, experiencias, retos\u2026 Todo entretejido en una gran red que les ha dado confianza para hacer su primer salto: participar en la Fira de Nadal del barrio de Fondo \u00a0","og_url":"https:\/\/www.casaldelsinfants.org\/es\/actualidad\/costura-liberadora\/","og_site_name":"Casal dels Infants","article_publisher":"https:\/\/www.facebook.com\/casalinfants","article_published_time":"2018-02-01T08:40:02+00:00","article_modified_time":"2022-08-17T09:22:30+00:00","og_image":[{"width":2560,"height":1922,"url":"https:\/\/www.casaldelsinfants.org\/wp-content\/uploads\/P1000008-scaled.jpg","type":"image\/jpeg"}],"author":"cdiAdmin","twitter_card":"summary_large_image","twitter_creator":"@casalinfants","twitter_site":"@casalinfants","twitter_misc":{"Escrito por":"cdiAdmin","Tiempo de lectura":"5 minutos"},"schema":{"@context":"https:\/\/schema.org","@graph":[{"@type":"Article","@id":"https:\/\/www.casaldelsinfants.org\/es\/actualidad\/costura-liberadora\/#article","isPartOf":{"@id":"https:\/\/www.casaldelsinfants.org\/es\/actualidad\/costura-liberadora\/"},"author":{"name":"cdiAdmin","@id":"https:\/\/www.casaldelsinfants.org\/es\/#\/schema\/person\/97707fc8c64900cf36891127dbf9fba8"},"headline":"Costura liberadora","datePublished":"2018-02-01T08:40:02+00:00","dateModified":"2022-08-17T09:22:30+00:00","mainEntityOfPage":{"@id":"https:\/\/www.casaldelsinfants.org\/es\/actualidad\/costura-liberadora\/"},"wordCount":1067,"commentCount":0,"publisher":{"@id":"https:\/\/www.casaldelsinfants.org\/es\/#organization"},"image":{"@id":"https:\/\/www.casaldelsinfants.org\/es\/actualidad\/costura-liberadora\/#primaryimage"},"thumbnailUrl":"https:\/\/www.casaldelsinfants.org\/wp-content\/uploads\/P1000008-scaled.jpg","articleSection":["Reportaje"],"inLanguage":"es","potentialAction":[{"@type":"CommentAction","name":"Comment","target":["https:\/\/www.casaldelsinfants.org\/es\/actualidad\/costura-liberadora\/#respond"]}]},{"@type":"WebPage","@id":"https:\/\/www.casaldelsinfants.org\/es\/actualidad\/costura-liberadora\/","url":"https:\/\/www.casaldelsinfants.org\/es\/actualidad\/costura-liberadora\/","name":"Costura liberadora - Casal dels Infants","isPartOf":{"@id":"https:\/\/www.casaldelsinfants.org\/es\/#website"},"primaryImageOfPage":{"@id":"https:\/\/www.casaldelsinfants.org\/es\/actualidad\/costura-liberadora\/#primaryimage"},"image":{"@id":"https:\/\/www.casaldelsinfants.org\/es\/actualidad\/costura-liberadora\/#primaryimage"},"thumbnailUrl":"https:\/\/www.casaldelsinfants.org\/wp-content\/uploads\/P1000008-scaled.jpg","datePublished":"2018-02-01T08:40:02+00:00","dateModified":"2022-08-17T09:22:30+00:00","breadcrumb":{"@id":"https:\/\/www.casaldelsinfants.org\/es\/actualidad\/costura-liberadora\/#breadcrumb"},"inLanguage":"es","potentialAction":[{"@type":"ReadAction","target":["https:\/\/www.casaldelsinfants.org\/es\/actualidad\/costura-liberadora\/"]}]},{"@type":"ImageObject","inLanguage":"es","@id":"https:\/\/www.casaldelsinfants.org\/es\/actualidad\/costura-liberadora\/#primaryimage","url":"https:\/\/www.casaldelsinfants.org\/wp-content\/uploads\/P1000008-scaled.jpg","contentUrl":"https:\/\/www.casaldelsinfants.org\/wp-content\/uploads\/P1000008-scaled.jpg","width":2560,"height":1922,"caption":"Costura alliberadora"},{"@type":"BreadcrumbList","@id":"https:\/\/www.casaldelsinfants.org\/es\/actualidad\/costura-liberadora\/#breadcrumb","itemListElement":[{"@type":"ListItem","position":1,"name":"Inici","item":"https:\/\/www.casaldelsinfants.org\/es\/"},{"@type":"ListItem","position":2,"name":"Costura liberadora"}]},{"@type":"WebSite","@id":"https:\/\/www.casaldelsinfants.org\/es\/#website","url":"https:\/\/www.casaldelsinfants.org\/es\/","name":"Casal dels Infants","description":"","publisher":{"@id":"https:\/\/www.casaldelsinfants.org\/es\/#organization"},"potentialAction":[{"@type":"SearchAction","target":{"@type":"EntryPoint","urlTemplate":"https:\/\/www.casaldelsinfants.org\/es\/?s={search_term_string}"},"query-input":{"@type":"PropertyValueSpecification","valueRequired":true,"valueName":"search_term_string"}}],"inLanguage":"es"},{"@type":"Organization","@id":"https:\/\/www.casaldelsinfants.org\/es\/#organization","name":"Casal dels Infants","url":"https:\/\/www.casaldelsinfants.org\/es\/","logo":{"@type":"ImageObject","inLanguage":"es","@id":"https:\/\/www.casaldelsinfants.org\/es\/#\/schema\/logo\/image\/","url":"https:\/\/www.casaldelsinfants.org\/wp-content\/uploads\/logo-mail.png","contentUrl":"https:\/\/www.casaldelsinfants.org\/wp-content\/uploads\/logo-mail.png","width":380,"height":158,"caption":"Casal dels Infants"},"image":{"@id":"https:\/\/www.casaldelsinfants.org\/es\/#\/schema\/logo\/image\/"},"sameAs":["https:\/\/www.facebook.com\/casalinfants","https:\/\/x.com\/casalinfants","https:\/\/www.youtube.com\/user\/CasaldelsInfants1","https:\/\/www.instagram.com\/casalinfants\/","https:\/\/www.linkedin.com\/company\/casaldelsinfants?trk=organization-update_share-update_actor-text"]},{"@type":"Person","@id":"https:\/\/www.casaldelsinfants.org\/es\/#\/schema\/person\/97707fc8c64900cf36891127dbf9fba8","name":"cdiAdmin","sameAs":["https:\/\/casaldelsinfants.org"]}]}},"publishpress_future_action":{"enabled":false,"date":"2026-05-07 10:29:38","action":"change-status","newStatus":"draft","terms":[],"taxonomy":"category","extraData":[]},"publishpress_future_workflow_manual_trigger":{"enabledWorkflows":[]},"_links":{"self":[{"href":"https:\/\/www.casaldelsinfants.org\/es\/wp-json\/wp\/v2\/posts\/4526","targetHints":{"allow":["GET"]}}],"collection":[{"href":"https:\/\/www.casaldelsinfants.org\/es\/wp-json\/wp\/v2\/posts"}],"about":[{"href":"https:\/\/www.casaldelsinfants.org\/es\/wp-json\/wp\/v2\/types\/post"}],"author":[{"embeddable":true,"href":"https:\/\/www.casaldelsinfants.org\/es\/wp-json\/wp\/v2\/users\/1"}],"replies":[{"embeddable":true,"href":"https:\/\/www.casaldelsinfants.org\/es\/wp-json\/wp\/v2\/comments?post=4526"}],"version-history":[{"count":1,"href":"https:\/\/www.casaldelsinfants.org\/es\/wp-json\/wp\/v2\/posts\/4526\/revisions"}],"predecessor-version":[{"id":6442,"href":"https:\/\/www.casaldelsinfants.org\/es\/wp-json\/wp\/v2\/posts\/4526\/revisions\/6442"}],"wp:featuredmedia":[{"embeddable":true,"href":"https:\/\/www.casaldelsinfants.org\/es\/wp-json\/wp\/v2\/media\/3538"}],"wp:attachment":[{"href":"https:\/\/www.casaldelsinfants.org\/es\/wp-json\/wp\/v2\/media?parent=4526"}],"wp:term":[{"taxonomy":"category","embeddable":true,"href":"https:\/\/www.casaldelsinfants.org\/es\/wp-json\/wp\/v2\/categories?post=4526"},{"taxonomy":"post_tag","embeddable":true,"href":"https:\/\/www.casaldelsinfants.org\/es\/wp-json\/wp\/v2\/tags?post=4526"},{"taxonomy":"seus","embeddable":true,"href":"https:\/\/www.casaldelsinfants.org\/es\/wp-json\/wp\/v2\/seus?post=4526"},{"taxonomy":"eixos","embeddable":true,"href":"https:\/\/www.casaldelsinfants.org\/es\/wp-json\/wp\/v2\/eixos?post=4526"}],"curies":[{"name":"wp","href":"https:\/\/api.w.org\/{rel}","templated":true}]}}