{"id":4527,"date":"2018-02-01T10:37:00","date_gmt":"2018-02-01T08:37:00","guid":{"rendered":"https:\/\/casal.puntzero.cat\/noticies\/salt\/"},"modified":"2023-08-29T16:44:47","modified_gmt":"2023-08-29T14:44:47","slug":"salt","status":"publish","type":"post","link":"https:\/\/www.casaldelsinfants.org\/es\/actualidad\/diciembre-actividades-comunitarias-salt\/","title":{"rendered":"Un diciembre de actividades comunitarias en Salt con el apoyo del programa Diversa2"},"content":{"rendered":"<p>Durante el mes de diciembre, los ni\u00f1os y adolescentes del Casal dels Infants de Salt participar\u00e1n en distintas actividades comunitarias a trav\u00e9s de las cuales reforzar\u00e1n el v\u00ednculo con su entorno y participar\u00e1n en la toma de decisiones colectivas. Lo har\u00e1n con el apoyo del programa Diversa 2 de Atenci\u00f3n Integral de Colectivos Inmigrantes para la cohesi\u00f3n social en Salt, impulsado por la Secretar\u00eda General de Inmigraci\u00f3n y Emigraci\u00f3n.<\/p>\n<p>Para empezar, el pasado 13 de diciembre se realiz\u00f3 la campa\u00f1a de sensibilizaci\u00f3n sobre el cuidado y la mejora del entorno, impulsada por la Comissi\u00f3 d\u2019Entorn del\u00a0Pla Comunitari de Salt\u00a0con la participaci\u00f3n de varias entidades y proyectos.<\/p>\n<p>Por parte del Casal dels Infants, participaron chicos y chicas del Casal Obert d\u2019Adolescents, que se encargaron de hacer encuestas a los comercios, pregunt\u00e1ndoles qu\u00e9 problemas creen que hay en la ciudad. Otro grupo de adolescentes, que participan en el proyecto \u201cJuguem?\u201d, tambi\u00e9n se encargaron de hacer preguntas, en este caso a los vecinos, mientras los compa\u00f1eros y compa\u00f1eras del Cau de Can Tona se dedicaron a dejar constancia de todo ello haciendo fotos. Por \u00faltimo, pero no por ello menos importante, un grupo de ni\u00f1os y ni\u00f1as se ocup\u00f3 del mantenimiento de las plantas del centro c\u00edvico Mas Mota, donde participan en el Espai de Lectura.<\/p>\n<p>Los chicos y chicas de COA detectaron que, para los comerciantes, algunos de los problemas del entorno son la falta de iluminaci\u00f3n en las calles, las cacas de perro en las aceras y la falta de lavabos en los parques. Tomaron nota y, unos d\u00edas m\u00e1s tarde, el 15 de diciembre, debatieron sobre la situaci\u00f3n y las posibles soluciones en la jornada \u201cSalt s\u2019activa\u201d del Pla Comunitari.<\/p>\n<p>Tertulia, deporte y Navidad<\/p>\n<p>Antes, el 14 de diciembre, tuvo lugar la segunda de las actividades comunitarias destacadas del mes: \u201cAmb \u201ct\u201d de tert\u00falia\u201d. Consisti\u00f3 en un encuentro entre familias y profesionales del \u00e1mbito de la educaci\u00f3n y la salud, con una comadrona como invitada. Por parte del Casal dels Infants, particip\u00f3 el Casal Familiar, y tambi\u00e9n estuvo presente la organizaci\u00f3n Vincle. El objetivo fue que la actividad no fuese formativa, sino un espacio de intercambio de ideas sobre la crianza de los hijos entre profesionales y familias.<\/p>\n<p>Pocos d\u00edas antes de las fiestas de Navidad, los d\u00edas 22 y 23, se celebraron actividades deportivas con otros servicios socioeducativos de infancia y adolescencia. Y como plato fuerte para despedir el 2017, el d\u00eda 29 se organizar\u00e1 en la plaza Catalunya una actividad abierta al barrio con la participaci\u00f3n de todos los proyectos del Casal dels Infants y la colaboraci\u00f3n de la Asociaci\u00f3 de Ve\u00efns El Ve\u00efnat. Ser\u00e1 entre las 10.00 h y las 13.00 h, y contar\u00e1 con talleres de manualidades, chocolate y coca, actuaciones musicales y de marionetas por parte de los ni\u00f1os y las familias del Casal, un villancico moderno y animaci\u00f3n infantil.<\/p>\n<p>Con el apoyo del programa Diversa2\u00a0de Atenci\u00f3n Integral de Colectivos Inmigrantes para la cohesi\u00f3n social en Salt, impulsado por la Secretar\u00eda General de Inmigraci\u00f3n y Emigraci\u00f3n.<\/p>\n<p class=\"verd\"><span style=\"color: #000000;\"><img decoding=\"async\" class=\"align-left\" src=\"\/wp-content\/uploads\/inline-images\/ministerio-empleo.jpg\" alt=\"Logo Ministerio de Emple\" width=\"220\" height=\"64\" data-entity-type=\"file\" data-entity-uuid=\"8762c8bf-c99c-4d9f-a050-562faf8fa2a8\" data-image-style=\"medium\" \/><\/span><\/p>\n","protected":false},"excerpt":{"rendered":"<p>Durante el mes de diciembre, los ni\u00f1os y adolescentes del Casal dels Infants de Salt participar\u00e1n en distintas actividades comunitarias a trav\u00e9s de las cuales reforzar\u00e1n el v\u00ednculo con su entorno y participar\u00e1n en la toma de decisiones colectivas. Lo har\u00e1n con el apoyo del programa Diversa 2 de Atenci\u00f3n Integral de Colectivos Inmigrantes para [&hellip;]<\/p>\n","protected":false},"author":1,"featured_media":3541,"comment_status":"open","ping_status":"open","sticky":false,"template":"","format":"standard","meta":{"_acf_changed":false,"_et_pb_use_builder":"","_et_pb_old_content":"","_et_gb_content_width":"","inline_featured_image":false,"footnotes":""},"categories":[125],"tags":[],"seus":[159],"eixos":[110],"class_list":["post-4527","post","type-post","status-publish","format-standard","has-post-thumbnail","hentry","category-noticias","seus-salt","eixos-comunidad-casal-dels-infants"],"acf":[],"yoast_head":"<!-- This site is optimized with the Yoast SEO plugin v27.4 - https:\/\/yoast.com\/product\/yoast-seo-wordpress\/ -->\n<title>Un diciembre de actividades comunitarias en Salt con el apoyo del programa Diversa2 - Casal dels Infants<\/title>\n<meta name=\"robots\" content=\"index, follow, max-snippet:-1, max-image-preview:large, max-video-preview:-1\" \/>\n<link rel=\"canonical\" href=\"https:\/\/www.casaldelsinfants.org\/es\/actualidad\/diciembre-actividades-comunitarias-salt\/\" \/>\n<meta property=\"og:locale\" content=\"es_ES\" \/>\n<meta property=\"og:type\" content=\"article\" \/>\n<meta property=\"og:title\" content=\"Un diciembre de actividades comunitarias en Salt con el apoyo del programa Diversa2 - Casal dels Infants\" \/>\n<meta property=\"og:description\" content=\"Durante el mes de diciembre, los ni\u00f1os y adolescentes del Casal dels Infants de Salt participar\u00e1n en distintas actividades comunitarias a trav\u00e9s de las cuales reforzar\u00e1n el v\u00ednculo con su entorno y participar\u00e1n en la toma de decisiones colectivas. Lo har\u00e1n con el apoyo del programa Diversa 2 de Atenci\u00f3n Integral de Colectivos Inmigrantes para [&hellip;]\" \/>\n<meta property=\"og:url\" content=\"https:\/\/www.casaldelsinfants.org\/es\/actualidad\/diciembre-actividades-comunitarias-salt\/\" \/>\n<meta property=\"og:site_name\" content=\"Casal dels Infants\" \/>\n<meta property=\"article:publisher\" content=\"https:\/\/www.facebook.com\/casalinfants\" \/>\n<meta property=\"article:published_time\" content=\"2018-02-01T08:37:00+00:00\" \/>\n<meta property=\"article:modified_time\" content=\"2023-08-29T14:44:47+00:00\" \/>\n<meta property=\"og:image\" content=\"https:\/\/www.casaldelsinfants.org\/wp-content\/uploads\/Pla-Comunitari-Salt-scaled.jpg\" \/>\n\t<meta property=\"og:image:width\" content=\"2560\" \/>\n\t<meta property=\"og:image:height\" content=\"1920\" \/>\n\t<meta property=\"og:image:type\" content=\"image\/jpeg\" \/>\n<meta name=\"author\" content=\"cdiAdmin\" \/>\n<meta name=\"twitter:card\" content=\"summary_large_image\" \/>\n<meta name=\"twitter:creator\" content=\"@casalinfants\" \/>\n<meta name=\"twitter:site\" content=\"@casalinfants\" \/>\n<meta name=\"twitter:label1\" content=\"Escrito por\" \/>\n\t<meta name=\"twitter:data1\" content=\"cdiAdmin\" \/>\n\t<meta name=\"twitter:label2\" content=\"Tiempo de lectura\" \/>\n\t<meta name=\"twitter:data2\" content=\"3 minutos\" \/>\n<script type=\"application\/ld+json\" class=\"yoast-schema-graph\">{\"@context\":\"https:\\\/\\\/schema.org\",\"@graph\":[{\"@type\":\"Article\",\"@id\":\"https:\\\/\\\/www.casaldelsinfants.org\\\/es\\\/actualidad\\\/diciembre-actividades-comunitarias-salt\\\/#article\",\"isPartOf\":{\"@id\":\"https:\\\/\\\/www.casaldelsinfants.org\\\/es\\\/actualidad\\\/diciembre-actividades-comunitarias-salt\\\/\"},\"author\":{\"name\":\"cdiAdmin\",\"@id\":\"https:\\\/\\\/www.casaldelsinfants.org\\\/es\\\/#\\\/schema\\\/person\\\/97707fc8c64900cf36891127dbf9fba8\"},\"headline\":\"Un diciembre de actividades comunitarias en Salt con el apoyo del programa Diversa2\",\"datePublished\":\"2018-02-01T08:37:00+00:00\",\"dateModified\":\"2023-08-29T14:44:47+00:00\",\"mainEntityOfPage\":{\"@id\":\"https:\\\/\\\/www.casaldelsinfants.org\\\/es\\\/actualidad\\\/diciembre-actividades-comunitarias-salt\\\/\"},\"wordCount\":554,\"commentCount\":0,\"publisher\":{\"@id\":\"https:\\\/\\\/www.casaldelsinfants.org\\\/es\\\/#organization\"},\"image\":{\"@id\":\"https:\\\/\\\/www.casaldelsinfants.org\\\/es\\\/actualidad\\\/diciembre-actividades-comunitarias-salt\\\/#primaryimage\"},\"thumbnailUrl\":\"https:\\\/\\\/www.casaldelsinfants.org\\\/wp-content\\\/uploads\\\/Pla-Comunitari-Salt-scaled.jpg\",\"articleSection\":[\"Noticia\"],\"inLanguage\":\"es\",\"potentialAction\":[{\"@type\":\"CommentAction\",\"name\":\"Comment\",\"target\":[\"https:\\\/\\\/www.casaldelsinfants.org\\\/es\\\/actualidad\\\/diciembre-actividades-comunitarias-salt\\\/#respond\"]}]},{\"@type\":\"WebPage\",\"@id\":\"https:\\\/\\\/www.casaldelsinfants.org\\\/es\\\/actualidad\\\/diciembre-actividades-comunitarias-salt\\\/\",\"url\":\"https:\\\/\\\/www.casaldelsinfants.org\\\/es\\\/actualidad\\\/diciembre-actividades-comunitarias-salt\\\/\",\"name\":\"Un diciembre de actividades comunitarias en Salt con el apoyo del programa Diversa2 - Casal dels Infants\",\"isPartOf\":{\"@id\":\"https:\\\/\\\/www.casaldelsinfants.org\\\/es\\\/#website\"},\"primaryImageOfPage\":{\"@id\":\"https:\\\/\\\/www.casaldelsinfants.org\\\/es\\\/actualidad\\\/diciembre-actividades-comunitarias-salt\\\/#primaryimage\"},\"image\":{\"@id\":\"https:\\\/\\\/www.casaldelsinfants.org\\\/es\\\/actualidad\\\/diciembre-actividades-comunitarias-salt\\\/#primaryimage\"},\"thumbnailUrl\":\"https:\\\/\\\/www.casaldelsinfants.org\\\/wp-content\\\/uploads\\\/Pla-Comunitari-Salt-scaled.jpg\",\"datePublished\":\"2018-02-01T08:37:00+00:00\",\"dateModified\":\"2023-08-29T14:44:47+00:00\",\"breadcrumb\":{\"@id\":\"https:\\\/\\\/www.casaldelsinfants.org\\\/es\\\/actualidad\\\/diciembre-actividades-comunitarias-salt\\\/#breadcrumb\"},\"inLanguage\":\"es\",\"potentialAction\":[{\"@type\":\"ReadAction\",\"target\":[\"https:\\\/\\\/www.casaldelsinfants.org\\\/es\\\/actualidad\\\/diciembre-actividades-comunitarias-salt\\\/\"]}]},{\"@type\":\"ImageObject\",\"inLanguage\":\"es\",\"@id\":\"https:\\\/\\\/www.casaldelsinfants.org\\\/es\\\/actualidad\\\/diciembre-actividades-comunitarias-salt\\\/#primaryimage\",\"url\":\"https:\\\/\\\/www.casaldelsinfants.org\\\/wp-content\\\/uploads\\\/Pla-Comunitari-Salt-scaled.jpg\",\"contentUrl\":\"https:\\\/\\\/www.casaldelsinfants.org\\\/wp-content\\\/uploads\\\/Pla-Comunitari-Salt-scaled.jpg\",\"width\":2560,\"height\":1920,\"caption\":\"Assamblea comunit\u00e0ria a Salt amb el suport del programa Diversa2.\"},{\"@type\":\"BreadcrumbList\",\"@id\":\"https:\\\/\\\/www.casaldelsinfants.org\\\/es\\\/actualidad\\\/diciembre-actividades-comunitarias-salt\\\/#breadcrumb\",\"itemListElement\":[{\"@type\":\"ListItem\",\"position\":1,\"name\":\"Inici\",\"item\":\"https:\\\/\\\/www.casaldelsinfants.org\\\/es\\\/\"},{\"@type\":\"ListItem\",\"position\":2,\"name\":\"Un diciembre de actividades comunitarias en Salt con el apoyo del programa Diversa2\"}]},{\"@type\":\"WebSite\",\"@id\":\"https:\\\/\\\/www.casaldelsinfants.org\\\/es\\\/#website\",\"url\":\"https:\\\/\\\/www.casaldelsinfants.org\\\/es\\\/\",\"name\":\"Casal dels Infants\",\"description\":\"\",\"publisher\":{\"@id\":\"https:\\\/\\\/www.casaldelsinfants.org\\\/es\\\/#organization\"},\"potentialAction\":[{\"@type\":\"SearchAction\",\"target\":{\"@type\":\"EntryPoint\",\"urlTemplate\":\"https:\\\/\\\/www.casaldelsinfants.org\\\/es\\\/?s={search_term_string}\"},\"query-input\":{\"@type\":\"PropertyValueSpecification\",\"valueRequired\":true,\"valueName\":\"search_term_string\"}}],\"inLanguage\":\"es\"},{\"@type\":\"Organization\",\"@id\":\"https:\\\/\\\/www.casaldelsinfants.org\\\/es\\\/#organization\",\"name\":\"Casal dels Infants\",\"url\":\"https:\\\/\\\/www.casaldelsinfants.org\\\/es\\\/\",\"logo\":{\"@type\":\"ImageObject\",\"inLanguage\":\"es\",\"@id\":\"https:\\\/\\\/www.casaldelsinfants.org\\\/es\\\/#\\\/schema\\\/logo\\\/image\\\/\",\"url\":\"https:\\\/\\\/www.casaldelsinfants.org\\\/wp-content\\\/uploads\\\/logo-mail.png\",\"contentUrl\":\"https:\\\/\\\/www.casaldelsinfants.org\\\/wp-content\\\/uploads\\\/logo-mail.png\",\"width\":380,\"height\":158,\"caption\":\"Casal dels Infants\"},\"image\":{\"@id\":\"https:\\\/\\\/www.casaldelsinfants.org\\\/es\\\/#\\\/schema\\\/logo\\\/image\\\/\"},\"sameAs\":[\"https:\\\/\\\/www.facebook.com\\\/casalinfants\",\"https:\\\/\\\/x.com\\\/casalinfants\",\"https:\\\/\\\/www.youtube.com\\\/user\\\/CasaldelsInfants1\",\"https:\\\/\\\/www.instagram.com\\\/casalinfants\\\/\",\"https:\\\/\\\/www.linkedin.com\\\/company\\\/casaldelsinfants?trk=organization-update_share-update_actor-text\"]},{\"@type\":\"Person\",\"@id\":\"https:\\\/\\\/www.casaldelsinfants.org\\\/es\\\/#\\\/schema\\\/person\\\/97707fc8c64900cf36891127dbf9fba8\",\"name\":\"cdiAdmin\",\"sameAs\":[\"https:\\\/\\\/casaldelsinfants.org\"]}]}<\/script>\n<!-- \/ Yoast SEO plugin. -->","yoast_head_json":{"title":"Un diciembre de actividades comunitarias en Salt con el apoyo del programa Diversa2 - Casal dels Infants","robots":{"index":"index","follow":"follow","max-snippet":"max-snippet:-1","max-image-preview":"max-image-preview:large","max-video-preview":"max-video-preview:-1"},"canonical":"https:\/\/www.casaldelsinfants.org\/es\/actualidad\/diciembre-actividades-comunitarias-salt\/","og_locale":"es_ES","og_type":"article","og_title":"Un diciembre de actividades comunitarias en Salt con el apoyo del programa Diversa2 - Casal dels Infants","og_description":"Durante el mes de diciembre, los ni\u00f1os y adolescentes del Casal dels Infants de Salt participar\u00e1n en distintas actividades comunitarias a trav\u00e9s de las cuales reforzar\u00e1n el v\u00ednculo con su entorno y participar\u00e1n en la toma de decisiones colectivas. Lo har\u00e1n con el apoyo del programa Diversa 2 de Atenci\u00f3n Integral de Colectivos Inmigrantes para [&hellip;]","og_url":"https:\/\/www.casaldelsinfants.org\/es\/actualidad\/diciembre-actividades-comunitarias-salt\/","og_site_name":"Casal dels Infants","article_publisher":"https:\/\/www.facebook.com\/casalinfants","article_published_time":"2018-02-01T08:37:00+00:00","article_modified_time":"2023-08-29T14:44:47+00:00","og_image":[{"width":2560,"height":1920,"url":"https:\/\/www.casaldelsinfants.org\/wp-content\/uploads\/Pla-Comunitari-Salt-scaled.jpg","type":"image\/jpeg"}],"author":"cdiAdmin","twitter_card":"summary_large_image","twitter_creator":"@casalinfants","twitter_site":"@casalinfants","twitter_misc":{"Escrito por":"cdiAdmin","Tiempo de lectura":"3 minutos"},"schema":{"@context":"https:\/\/schema.org","@graph":[{"@type":"Article","@id":"https:\/\/www.casaldelsinfants.org\/es\/actualidad\/diciembre-actividades-comunitarias-salt\/#article","isPartOf":{"@id":"https:\/\/www.casaldelsinfants.org\/es\/actualidad\/diciembre-actividades-comunitarias-salt\/"},"author":{"name":"cdiAdmin","@id":"https:\/\/www.casaldelsinfants.org\/es\/#\/schema\/person\/97707fc8c64900cf36891127dbf9fba8"},"headline":"Un diciembre de actividades comunitarias en Salt con el apoyo del programa Diversa2","datePublished":"2018-02-01T08:37:00+00:00","dateModified":"2023-08-29T14:44:47+00:00","mainEntityOfPage":{"@id":"https:\/\/www.casaldelsinfants.org\/es\/actualidad\/diciembre-actividades-comunitarias-salt\/"},"wordCount":554,"commentCount":0,"publisher":{"@id":"https:\/\/www.casaldelsinfants.org\/es\/#organization"},"image":{"@id":"https:\/\/www.casaldelsinfants.org\/es\/actualidad\/diciembre-actividades-comunitarias-salt\/#primaryimage"},"thumbnailUrl":"https:\/\/www.casaldelsinfants.org\/wp-content\/uploads\/Pla-Comunitari-Salt-scaled.jpg","articleSection":["Noticia"],"inLanguage":"es","potentialAction":[{"@type":"CommentAction","name":"Comment","target":["https:\/\/www.casaldelsinfants.org\/es\/actualidad\/diciembre-actividades-comunitarias-salt\/#respond"]}]},{"@type":"WebPage","@id":"https:\/\/www.casaldelsinfants.org\/es\/actualidad\/diciembre-actividades-comunitarias-salt\/","url":"https:\/\/www.casaldelsinfants.org\/es\/actualidad\/diciembre-actividades-comunitarias-salt\/","name":"Un diciembre de actividades comunitarias en Salt con el apoyo del programa Diversa2 - Casal dels Infants","isPartOf":{"@id":"https:\/\/www.casaldelsinfants.org\/es\/#website"},"primaryImageOfPage":{"@id":"https:\/\/www.casaldelsinfants.org\/es\/actualidad\/diciembre-actividades-comunitarias-salt\/#primaryimage"},"image":{"@id":"https:\/\/www.casaldelsinfants.org\/es\/actualidad\/diciembre-actividades-comunitarias-salt\/#primaryimage"},"thumbnailUrl":"https:\/\/www.casaldelsinfants.org\/wp-content\/uploads\/Pla-Comunitari-Salt-scaled.jpg","datePublished":"2018-02-01T08:37:00+00:00","dateModified":"2023-08-29T14:44:47+00:00","breadcrumb":{"@id":"https:\/\/www.casaldelsinfants.org\/es\/actualidad\/diciembre-actividades-comunitarias-salt\/#breadcrumb"},"inLanguage":"es","potentialAction":[{"@type":"ReadAction","target":["https:\/\/www.casaldelsinfants.org\/es\/actualidad\/diciembre-actividades-comunitarias-salt\/"]}]},{"@type":"ImageObject","inLanguage":"es","@id":"https:\/\/www.casaldelsinfants.org\/es\/actualidad\/diciembre-actividades-comunitarias-salt\/#primaryimage","url":"https:\/\/www.casaldelsinfants.org\/wp-content\/uploads\/Pla-Comunitari-Salt-scaled.jpg","contentUrl":"https:\/\/www.casaldelsinfants.org\/wp-content\/uploads\/Pla-Comunitari-Salt-scaled.jpg","width":2560,"height":1920,"caption":"Assamblea comunit\u00e0ria a Salt amb el suport del programa Diversa2."},{"@type":"BreadcrumbList","@id":"https:\/\/www.casaldelsinfants.org\/es\/actualidad\/diciembre-actividades-comunitarias-salt\/#breadcrumb","itemListElement":[{"@type":"ListItem","position":1,"name":"Inici","item":"https:\/\/www.casaldelsinfants.org\/es\/"},{"@type":"ListItem","position":2,"name":"Un diciembre de actividades comunitarias en Salt con el apoyo del programa Diversa2"}]},{"@type":"WebSite","@id":"https:\/\/www.casaldelsinfants.org\/es\/#website","url":"https:\/\/www.casaldelsinfants.org\/es\/","name":"Casal dels Infants","description":"","publisher":{"@id":"https:\/\/www.casaldelsinfants.org\/es\/#organization"},"potentialAction":[{"@type":"SearchAction","target":{"@type":"EntryPoint","urlTemplate":"https:\/\/www.casaldelsinfants.org\/es\/?s={search_term_string}"},"query-input":{"@type":"PropertyValueSpecification","valueRequired":true,"valueName":"search_term_string"}}],"inLanguage":"es"},{"@type":"Organization","@id":"https:\/\/www.casaldelsinfants.org\/es\/#organization","name":"Casal dels Infants","url":"https:\/\/www.casaldelsinfants.org\/es\/","logo":{"@type":"ImageObject","inLanguage":"es","@id":"https:\/\/www.casaldelsinfants.org\/es\/#\/schema\/logo\/image\/","url":"https:\/\/www.casaldelsinfants.org\/wp-content\/uploads\/logo-mail.png","contentUrl":"https:\/\/www.casaldelsinfants.org\/wp-content\/uploads\/logo-mail.png","width":380,"height":158,"caption":"Casal dels Infants"},"image":{"@id":"https:\/\/www.casaldelsinfants.org\/es\/#\/schema\/logo\/image\/"},"sameAs":["https:\/\/www.facebook.com\/casalinfants","https:\/\/x.com\/casalinfants","https:\/\/www.youtube.com\/user\/CasaldelsInfants1","https:\/\/www.instagram.com\/casalinfants\/","https:\/\/www.linkedin.com\/company\/casaldelsinfants?trk=organization-update_share-update_actor-text"]},{"@type":"Person","@id":"https:\/\/www.casaldelsinfants.org\/es\/#\/schema\/person\/97707fc8c64900cf36891127dbf9fba8","name":"cdiAdmin","sameAs":["https:\/\/casaldelsinfants.org"]}]}},"publishpress_future_action":{"enabled":false,"date":"2026-05-07 09:15:35","action":"change-status","newStatus":"draft","terms":[],"taxonomy":"category","extraData":[]},"publishpress_future_workflow_manual_trigger":{"enabledWorkflows":[]},"_links":{"self":[{"href":"https:\/\/www.casaldelsinfants.org\/es\/wp-json\/wp\/v2\/posts\/4527","targetHints":{"allow":["GET"]}}],"collection":[{"href":"https:\/\/www.casaldelsinfants.org\/es\/wp-json\/wp\/v2\/posts"}],"about":[{"href":"https:\/\/www.casaldelsinfants.org\/es\/wp-json\/wp\/v2\/types\/post"}],"author":[{"embeddable":true,"href":"https:\/\/www.casaldelsinfants.org\/es\/wp-json\/wp\/v2\/users\/1"}],"replies":[{"embeddable":true,"href":"https:\/\/www.casaldelsinfants.org\/es\/wp-json\/wp\/v2\/comments?post=4527"}],"version-history":[{"count":2,"href":"https:\/\/www.casaldelsinfants.org\/es\/wp-json\/wp\/v2\/posts\/4527\/revisions"}],"predecessor-version":[{"id":13453,"href":"https:\/\/www.casaldelsinfants.org\/es\/wp-json\/wp\/v2\/posts\/4527\/revisions\/13453"}],"wp:featuredmedia":[{"embeddable":true,"href":"https:\/\/www.casaldelsinfants.org\/es\/wp-json\/wp\/v2\/media\/3541"}],"wp:attachment":[{"href":"https:\/\/www.casaldelsinfants.org\/es\/wp-json\/wp\/v2\/media?parent=4527"}],"wp:term":[{"taxonomy":"category","embeddable":true,"href":"https:\/\/www.casaldelsinfants.org\/es\/wp-json\/wp\/v2\/categories?post=4527"},{"taxonomy":"post_tag","embeddable":true,"href":"https:\/\/www.casaldelsinfants.org\/es\/wp-json\/wp\/v2\/tags?post=4527"},{"taxonomy":"seus","embeddable":true,"href":"https:\/\/www.casaldelsinfants.org\/es\/wp-json\/wp\/v2\/seus?post=4527"},{"taxonomy":"eixos","embeddable":true,"href":"https:\/\/www.casaldelsinfants.org\/es\/wp-json\/wp\/v2\/eixos?post=4527"}],"curies":[{"name":"wp","href":"https:\/\/api.w.org\/{rel}","templated":true}]}}