{"id":4528,"date":"2018-02-01T10:32:37","date_gmt":"2018-02-01T08:32:37","guid":{"rendered":"https:\/\/casal.puntzero.cat\/noticies\/festival-bcnzoom-el-periode-dinscripcions-samplia-fins-el-30-de-gener\/"},"modified":"2023-08-29T16:39:13","modified_gmt":"2023-08-29T14:39:13","slug":"festival-bcnzoom-el-periode-dinscripcions-samplia-fins-el-30-de-gener","status":"publish","type":"post","link":"https:\/\/www.casaldelsinfants.org\/es\/actualidad\/festival-bcnzoom-el-periode-dinscripcions-samplia-fins-el-30-de-gener\/","title":{"rendered":"Festival BcnZoom: el per\u00edodo de inscripciones se ampl\u00eda hasta el 30 de enero"},"content":{"rendered":"<p>Buenas noticias para los m\u00e1s creativos y amantes de las c\u00e1maras, los guiones y la interpretaci\u00f3n: el per\u00edodo de inscripci\u00f3n para participar en el\u00a0<strong>BcnZoom<\/strong>, el festival de cortometraje social para j\u00f3venes organizado por el\u00a0<strong>Consell de la Joventut de Barcelona<\/strong>\u00a0(CJB) y el\u00a0<strong>Casal dels Infants<\/strong>, se ha ampliado hasta<strong>\u00a0el 31 de diciembre<\/strong>.<\/p>\n<p>El concurso celebrar\u00e1 el pr\u00f3ximo\u00a0<strong>12 de mayo de 2018 su tercera edici\u00f3n<\/strong>, y pueden participar todos aquellos\u00a0<strong>adolescentes y j\u00f3venes<\/strong>\u00a0que formen parte de entidades o grupos juveniles, de car\u00e1cter social o educativo. Se pueden inscribir a trav\u00e9s de este\u00a0formulario, una vez hayan le\u00eddo la informaci\u00f3n del funcionamiento del concurso en sus\u00a0<a href=\"https:\/\/bcnzoom.files.wordpress.com\/2017\/11\/bases-bcnzoom-2018-adolescents-i-joves.pdf\">bases<\/a>. El objetivo es que los participantes\u00a0<strong>refuercen competencias y expresen un punto de vista propio de la realidad, sensibilizando as\u00ed a su entorno<\/strong>.<\/p>\n<p>Los grupos deben tener un\u00a0<strong>m\u00e1ximo de 8 participantes y 2 acompa\u00f1antes<\/strong>, y se pueden presentar en la categor\u00eda de adolescentes (si tienen entre 12 y 16 a\u00f1os) o en la de j\u00f3venes (entre 17 y 21 a\u00f1os).<\/p>\n<p>Una vez inscritos, empezar\u00e1 el proceso creativo: los grupos tendr\u00e1n\u00a0<strong>hasta el 30 de abril de 2018 para entregar sus cortometrajes y la memoria<\/strong>\u00a0que explique el trabajo en equipo que habr\u00e1 hecho posible la obra.<\/p>\n<p>En cuanto a los\u00a0<strong>premios del concurso<\/strong>, se entregar\u00e1n dos por categor\u00eda: un fin de semana en una casa de colonias para el primer ganador entre los adolescentes, una actividad cultural para el segundo ganador en la misma categor\u00eda y un viaje a T\u00e1nger para participar en el festival\u00a0<strong>TanjaZoom<\/strong>\u00a0en el caso de los ganadores en la categor\u00eda de j\u00f3venes.<\/p>\n<p class=\"verd\"><span style=\"color: #000000;\">El siguiente v\u00eddeo resume la experiencia de la segunda edici\u00f3n del festival BcnZoom:<\/span><\/p>\n<p><!-- THEME DEBUG --><!-- THEME HOOK: 'container' --><!-- BEGIN OUTPUT from 'themes\/bootstrap\/templates\/system\/container.html.twig' --><\/p>\n<div class=\"video-embed-field-responsive-video form-group\"><!-- THEME DEBUG --><!-- THEME HOOK: 'video_embed_iframe__youtube' --><!-- FILE NAME SUGGESTIONS: * video-embed-iframe--youtube.html.twig x video-embed-iframe.html.twig --><!-- BEGIN OUTPUT from 'modules\/video_embed_field\/templates\/video-embed-iframe.html.twig' --><iframe loading=\"lazy\" src=\"https:\/\/www.youtube.com\/embed\/rfi3mIcHx1s?autoplay=1&amp;start=0&amp;rel=0\" width=\"854\" height=\"480\" frameborder=\"0\" allowfullscreen=\"allowfullscreen\"><\/iframe><!-- END OUTPUT from 'modules\/video_embed_field\/templates\/video-embed-iframe.html.twig' --><\/div>\n<p><!-- END OUTPUT from 'themes\/bootstrap\/templates\/system\/container.html.twig' --><\/p>\n","protected":false},"excerpt":{"rendered":"<p>Buenas noticias para los m\u00e1s creativos y amantes de las c\u00e1maras, los guiones y la interpretaci\u00f3n: el per\u00edodo de inscripci\u00f3n para participar en el\u00a0BcnZoom, el festival de cortometraje social para j\u00f3venes organizado por el\u00a0Consell de la Joventut de Barcelona\u00a0(CJB) y el\u00a0Casal dels Infants, se ha ampliado hasta\u00a0el 31 de diciembre. El concurso celebrar\u00e1 el pr\u00f3ximo\u00a012 [&hellip;]<\/p>\n","protected":false},"author":1,"featured_media":3544,"comment_status":"open","ping_status":"open","sticky":false,"template":"","format":"standard","meta":{"_acf_changed":false,"_et_pb_use_builder":"","_et_pb_old_content":"","_et_gb_content_width":"","inline_featured_image":false,"footnotes":""},"categories":[125],"tags":[168],"seus":[],"eixos":[102],"class_list":["post-4528","post","type-post","status-publish","format-standard","has-post-thumbnail","hentry","category-noticias","tag-bcnzoom-es","eixos-jovenes"],"acf":[],"yoast_head":"<!-- This site is optimized with the Yoast SEO plugin v27.4 - https:\/\/yoast.com\/product\/yoast-seo-wordpress\/ -->\n<title>Festival BcnZoom: el per\u00edodo de inscripciones se ampl\u00eda hasta el 30 de enero - Casal dels Infants<\/title>\n<meta name=\"robots\" content=\"index, follow, max-snippet:-1, max-image-preview:large, max-video-preview:-1\" \/>\n<link rel=\"canonical\" href=\"https:\/\/www.casaldelsinfants.org\/es\/actualidad\/festival-bcnzoom-el-periode-dinscripcions-samplia-fins-el-30-de-gener\/\" \/>\n<meta property=\"og:locale\" content=\"es_ES\" \/>\n<meta property=\"og:type\" content=\"article\" \/>\n<meta property=\"og:title\" content=\"Festival BcnZoom: el per\u00edodo de inscripciones se ampl\u00eda hasta el 30 de enero - Casal dels Infants\" \/>\n<meta property=\"og:description\" content=\"Buenas noticias para los m\u00e1s creativos y amantes de las c\u00e1maras, los guiones y la interpretaci\u00f3n: el per\u00edodo de inscripci\u00f3n para participar en el\u00a0BcnZoom, el festival de cortometraje social para j\u00f3venes organizado por el\u00a0Consell de la Joventut de Barcelona\u00a0(CJB) y el\u00a0Casal dels Infants, se ha ampliado hasta\u00a0el 31 de diciembre. El concurso celebrar\u00e1 el pr\u00f3ximo\u00a012 [&hellip;]\" \/>\n<meta property=\"og:url\" content=\"https:\/\/www.casaldelsinfants.org\/es\/actualidad\/festival-bcnzoom-el-periode-dinscripcions-samplia-fins-el-30-de-gener\/\" \/>\n<meta property=\"og:site_name\" content=\"Casal dels Infants\" \/>\n<meta property=\"article:publisher\" content=\"https:\/\/www.facebook.com\/casalinfants\" \/>\n<meta property=\"article:published_time\" content=\"2018-02-01T08:32:37+00:00\" \/>\n<meta property=\"article:modified_time\" content=\"2023-08-29T14:39:13+00:00\" \/>\n<meta property=\"og:image\" content=\"https:\/\/www.casaldelsinfants.org\/wp-content\/uploads\/BCNZoom_0.jpg\" \/>\n\t<meta property=\"og:image:width\" content=\"848\" \/>\n\t<meta property=\"og:image:height\" content=\"1199\" \/>\n\t<meta property=\"og:image:type\" content=\"image\/jpeg\" \/>\n<meta name=\"author\" content=\"cdiAdmin\" \/>\n<meta name=\"twitter:card\" content=\"summary_large_image\" \/>\n<meta name=\"twitter:creator\" content=\"@casalinfants\" \/>\n<meta name=\"twitter:site\" content=\"@casalinfants\" \/>\n<meta name=\"twitter:label1\" content=\"Escrito por\" \/>\n\t<meta name=\"twitter:data1\" content=\"cdiAdmin\" \/>\n\t<meta name=\"twitter:label2\" content=\"Tiempo de lectura\" \/>\n\t<meta name=\"twitter:data2\" content=\"2 minutos\" \/>\n<script type=\"application\/ld+json\" class=\"yoast-schema-graph\">{\"@context\":\"https:\\\/\\\/schema.org\",\"@graph\":[{\"@type\":\"Article\",\"@id\":\"https:\\\/\\\/www.casaldelsinfants.org\\\/es\\\/actualidad\\\/festival-bcnzoom-el-periode-dinscripcions-samplia-fins-el-30-de-gener\\\/#article\",\"isPartOf\":{\"@id\":\"https:\\\/\\\/www.casaldelsinfants.org\\\/es\\\/actualidad\\\/festival-bcnzoom-el-periode-dinscripcions-samplia-fins-el-30-de-gener\\\/\"},\"author\":{\"name\":\"cdiAdmin\",\"@id\":\"https:\\\/\\\/www.casaldelsinfants.org\\\/es\\\/#\\\/schema\\\/person\\\/97707fc8c64900cf36891127dbf9fba8\"},\"headline\":\"Festival BcnZoom: el per\u00edodo de inscripciones se ampl\u00eda hasta el 30 de enero\",\"datePublished\":\"2018-02-01T08:32:37+00:00\",\"dateModified\":\"2023-08-29T14:39:13+00:00\",\"mainEntityOfPage\":{\"@id\":\"https:\\\/\\\/www.casaldelsinfants.org\\\/es\\\/actualidad\\\/festival-bcnzoom-el-periode-dinscripcions-samplia-fins-el-30-de-gener\\\/\"},\"wordCount\":312,\"commentCount\":0,\"publisher\":{\"@id\":\"https:\\\/\\\/www.casaldelsinfants.org\\\/es\\\/#organization\"},\"image\":{\"@id\":\"https:\\\/\\\/www.casaldelsinfants.org\\\/es\\\/actualidad\\\/festival-bcnzoom-el-periode-dinscripcions-samplia-fins-el-30-de-gener\\\/#primaryimage\"},\"thumbnailUrl\":\"https:\\\/\\\/www.casaldelsinfants.org\\\/wp-content\\\/uploads\\\/BCNZoom_0.jpg\",\"keywords\":[\"BCNZoom\"],\"articleSection\":[\"Noticia\"],\"inLanguage\":\"es\",\"potentialAction\":[{\"@type\":\"CommentAction\",\"name\":\"Comment\",\"target\":[\"https:\\\/\\\/www.casaldelsinfants.org\\\/es\\\/actualidad\\\/festival-bcnzoom-el-periode-dinscripcions-samplia-fins-el-30-de-gener\\\/#respond\"]}]},{\"@type\":\"WebPage\",\"@id\":\"https:\\\/\\\/www.casaldelsinfants.org\\\/es\\\/actualidad\\\/festival-bcnzoom-el-periode-dinscripcions-samplia-fins-el-30-de-gener\\\/\",\"url\":\"https:\\\/\\\/www.casaldelsinfants.org\\\/es\\\/actualidad\\\/festival-bcnzoom-el-periode-dinscripcions-samplia-fins-el-30-de-gener\\\/\",\"name\":\"Festival BcnZoom: el per\u00edodo de inscripciones se ampl\u00eda hasta el 30 de enero - Casal dels Infants\",\"isPartOf\":{\"@id\":\"https:\\\/\\\/www.casaldelsinfants.org\\\/es\\\/#website\"},\"primaryImageOfPage\":{\"@id\":\"https:\\\/\\\/www.casaldelsinfants.org\\\/es\\\/actualidad\\\/festival-bcnzoom-el-periode-dinscripcions-samplia-fins-el-30-de-gener\\\/#primaryimage\"},\"image\":{\"@id\":\"https:\\\/\\\/www.casaldelsinfants.org\\\/es\\\/actualidad\\\/festival-bcnzoom-el-periode-dinscripcions-samplia-fins-el-30-de-gener\\\/#primaryimage\"},\"thumbnailUrl\":\"https:\\\/\\\/www.casaldelsinfants.org\\\/wp-content\\\/uploads\\\/BCNZoom_0.jpg\",\"datePublished\":\"2018-02-01T08:32:37+00:00\",\"dateModified\":\"2023-08-29T14:39:13+00:00\",\"breadcrumb\":{\"@id\":\"https:\\\/\\\/www.casaldelsinfants.org\\\/es\\\/actualidad\\\/festival-bcnzoom-el-periode-dinscripcions-samplia-fins-el-30-de-gener\\\/#breadcrumb\"},\"inLanguage\":\"es\",\"potentialAction\":[{\"@type\":\"ReadAction\",\"target\":[\"https:\\\/\\\/www.casaldelsinfants.org\\\/es\\\/actualidad\\\/festival-bcnzoom-el-periode-dinscripcions-samplia-fins-el-30-de-gener\\\/\"]}]},{\"@type\":\"ImageObject\",\"inLanguage\":\"es\",\"@id\":\"https:\\\/\\\/www.casaldelsinfants.org\\\/es\\\/actualidad\\\/festival-bcnzoom-el-periode-dinscripcions-samplia-fins-el-30-de-gener\\\/#primaryimage\",\"url\":\"https:\\\/\\\/www.casaldelsinfants.org\\\/wp-content\\\/uploads\\\/BCNZoom_0.jpg\",\"contentUrl\":\"https:\\\/\\\/www.casaldelsinfants.org\\\/wp-content\\\/uploads\\\/BCNZoom_0.jpg\",\"width\":848,\"height\":1199,\"caption\":\"Festival BcnZoom: el per\u00edode d'inscripcions s'amplia fins el 30 de gener\"},{\"@type\":\"BreadcrumbList\",\"@id\":\"https:\\\/\\\/www.casaldelsinfants.org\\\/es\\\/actualidad\\\/festival-bcnzoom-el-periode-dinscripcions-samplia-fins-el-30-de-gener\\\/#breadcrumb\",\"itemListElement\":[{\"@type\":\"ListItem\",\"position\":1,\"name\":\"Inici\",\"item\":\"https:\\\/\\\/www.casaldelsinfants.org\\\/es\\\/\"},{\"@type\":\"ListItem\",\"position\":2,\"name\":\"Festival BcnZoom: el per\u00edodo de inscripciones se ampl\u00eda hasta el 30 de enero\"}]},{\"@type\":\"WebSite\",\"@id\":\"https:\\\/\\\/www.casaldelsinfants.org\\\/es\\\/#website\",\"url\":\"https:\\\/\\\/www.casaldelsinfants.org\\\/es\\\/\",\"name\":\"Casal dels Infants\",\"description\":\"\",\"publisher\":{\"@id\":\"https:\\\/\\\/www.casaldelsinfants.org\\\/es\\\/#organization\"},\"potentialAction\":[{\"@type\":\"SearchAction\",\"target\":{\"@type\":\"EntryPoint\",\"urlTemplate\":\"https:\\\/\\\/www.casaldelsinfants.org\\\/es\\\/?s={search_term_string}\"},\"query-input\":{\"@type\":\"PropertyValueSpecification\",\"valueRequired\":true,\"valueName\":\"search_term_string\"}}],\"inLanguage\":\"es\"},{\"@type\":\"Organization\",\"@id\":\"https:\\\/\\\/www.casaldelsinfants.org\\\/es\\\/#organization\",\"name\":\"Casal dels Infants\",\"url\":\"https:\\\/\\\/www.casaldelsinfants.org\\\/es\\\/\",\"logo\":{\"@type\":\"ImageObject\",\"inLanguage\":\"es\",\"@id\":\"https:\\\/\\\/www.casaldelsinfants.org\\\/es\\\/#\\\/schema\\\/logo\\\/image\\\/\",\"url\":\"https:\\\/\\\/www.casaldelsinfants.org\\\/wp-content\\\/uploads\\\/logo-mail.png\",\"contentUrl\":\"https:\\\/\\\/www.casaldelsinfants.org\\\/wp-content\\\/uploads\\\/logo-mail.png\",\"width\":380,\"height\":158,\"caption\":\"Casal dels Infants\"},\"image\":{\"@id\":\"https:\\\/\\\/www.casaldelsinfants.org\\\/es\\\/#\\\/schema\\\/logo\\\/image\\\/\"},\"sameAs\":[\"https:\\\/\\\/www.facebook.com\\\/casalinfants\",\"https:\\\/\\\/x.com\\\/casalinfants\",\"https:\\\/\\\/www.youtube.com\\\/user\\\/CasaldelsInfants1\",\"https:\\\/\\\/www.instagram.com\\\/casalinfants\\\/\",\"https:\\\/\\\/www.linkedin.com\\\/company\\\/casaldelsinfants?trk=organization-update_share-update_actor-text\"]},{\"@type\":\"Person\",\"@id\":\"https:\\\/\\\/www.casaldelsinfants.org\\\/es\\\/#\\\/schema\\\/person\\\/97707fc8c64900cf36891127dbf9fba8\",\"name\":\"cdiAdmin\",\"sameAs\":[\"https:\\\/\\\/casaldelsinfants.org\"]}]}<\/script>\n<!-- \/ Yoast SEO plugin. -->","yoast_head_json":{"title":"Festival BcnZoom: el per\u00edodo de inscripciones se ampl\u00eda hasta el 30 de enero - Casal dels Infants","robots":{"index":"index","follow":"follow","max-snippet":"max-snippet:-1","max-image-preview":"max-image-preview:large","max-video-preview":"max-video-preview:-1"},"canonical":"https:\/\/www.casaldelsinfants.org\/es\/actualidad\/festival-bcnzoom-el-periode-dinscripcions-samplia-fins-el-30-de-gener\/","og_locale":"es_ES","og_type":"article","og_title":"Festival BcnZoom: el per\u00edodo de inscripciones se ampl\u00eda hasta el 30 de enero - Casal dels Infants","og_description":"Buenas noticias para los m\u00e1s creativos y amantes de las c\u00e1maras, los guiones y la interpretaci\u00f3n: el per\u00edodo de inscripci\u00f3n para participar en el\u00a0BcnZoom, el festival de cortometraje social para j\u00f3venes organizado por el\u00a0Consell de la Joventut de Barcelona\u00a0(CJB) y el\u00a0Casal dels Infants, se ha ampliado hasta\u00a0el 31 de diciembre. El concurso celebrar\u00e1 el pr\u00f3ximo\u00a012 [&hellip;]","og_url":"https:\/\/www.casaldelsinfants.org\/es\/actualidad\/festival-bcnzoom-el-periode-dinscripcions-samplia-fins-el-30-de-gener\/","og_site_name":"Casal dels Infants","article_publisher":"https:\/\/www.facebook.com\/casalinfants","article_published_time":"2018-02-01T08:32:37+00:00","article_modified_time":"2023-08-29T14:39:13+00:00","og_image":[{"width":848,"height":1199,"url":"https:\/\/www.casaldelsinfants.org\/wp-content\/uploads\/BCNZoom_0.jpg","type":"image\/jpeg"}],"author":"cdiAdmin","twitter_card":"summary_large_image","twitter_creator":"@casalinfants","twitter_site":"@casalinfants","twitter_misc":{"Escrito por":"cdiAdmin","Tiempo de lectura":"2 minutos"},"schema":{"@context":"https:\/\/schema.org","@graph":[{"@type":"Article","@id":"https:\/\/www.casaldelsinfants.org\/es\/actualidad\/festival-bcnzoom-el-periode-dinscripcions-samplia-fins-el-30-de-gener\/#article","isPartOf":{"@id":"https:\/\/www.casaldelsinfants.org\/es\/actualidad\/festival-bcnzoom-el-periode-dinscripcions-samplia-fins-el-30-de-gener\/"},"author":{"name":"cdiAdmin","@id":"https:\/\/www.casaldelsinfants.org\/es\/#\/schema\/person\/97707fc8c64900cf36891127dbf9fba8"},"headline":"Festival BcnZoom: el per\u00edodo de inscripciones se ampl\u00eda hasta el 30 de enero","datePublished":"2018-02-01T08:32:37+00:00","dateModified":"2023-08-29T14:39:13+00:00","mainEntityOfPage":{"@id":"https:\/\/www.casaldelsinfants.org\/es\/actualidad\/festival-bcnzoom-el-periode-dinscripcions-samplia-fins-el-30-de-gener\/"},"wordCount":312,"commentCount":0,"publisher":{"@id":"https:\/\/www.casaldelsinfants.org\/es\/#organization"},"image":{"@id":"https:\/\/www.casaldelsinfants.org\/es\/actualidad\/festival-bcnzoom-el-periode-dinscripcions-samplia-fins-el-30-de-gener\/#primaryimage"},"thumbnailUrl":"https:\/\/www.casaldelsinfants.org\/wp-content\/uploads\/BCNZoom_0.jpg","keywords":["BCNZoom"],"articleSection":["Noticia"],"inLanguage":"es","potentialAction":[{"@type":"CommentAction","name":"Comment","target":["https:\/\/www.casaldelsinfants.org\/es\/actualidad\/festival-bcnzoom-el-periode-dinscripcions-samplia-fins-el-30-de-gener\/#respond"]}]},{"@type":"WebPage","@id":"https:\/\/www.casaldelsinfants.org\/es\/actualidad\/festival-bcnzoom-el-periode-dinscripcions-samplia-fins-el-30-de-gener\/","url":"https:\/\/www.casaldelsinfants.org\/es\/actualidad\/festival-bcnzoom-el-periode-dinscripcions-samplia-fins-el-30-de-gener\/","name":"Festival BcnZoom: el per\u00edodo de inscripciones se ampl\u00eda hasta el 30 de enero - Casal dels Infants","isPartOf":{"@id":"https:\/\/www.casaldelsinfants.org\/es\/#website"},"primaryImageOfPage":{"@id":"https:\/\/www.casaldelsinfants.org\/es\/actualidad\/festival-bcnzoom-el-periode-dinscripcions-samplia-fins-el-30-de-gener\/#primaryimage"},"image":{"@id":"https:\/\/www.casaldelsinfants.org\/es\/actualidad\/festival-bcnzoom-el-periode-dinscripcions-samplia-fins-el-30-de-gener\/#primaryimage"},"thumbnailUrl":"https:\/\/www.casaldelsinfants.org\/wp-content\/uploads\/BCNZoom_0.jpg","datePublished":"2018-02-01T08:32:37+00:00","dateModified":"2023-08-29T14:39:13+00:00","breadcrumb":{"@id":"https:\/\/www.casaldelsinfants.org\/es\/actualidad\/festival-bcnzoom-el-periode-dinscripcions-samplia-fins-el-30-de-gener\/#breadcrumb"},"inLanguage":"es","potentialAction":[{"@type":"ReadAction","target":["https:\/\/www.casaldelsinfants.org\/es\/actualidad\/festival-bcnzoom-el-periode-dinscripcions-samplia-fins-el-30-de-gener\/"]}]},{"@type":"ImageObject","inLanguage":"es","@id":"https:\/\/www.casaldelsinfants.org\/es\/actualidad\/festival-bcnzoom-el-periode-dinscripcions-samplia-fins-el-30-de-gener\/#primaryimage","url":"https:\/\/www.casaldelsinfants.org\/wp-content\/uploads\/BCNZoom_0.jpg","contentUrl":"https:\/\/www.casaldelsinfants.org\/wp-content\/uploads\/BCNZoom_0.jpg","width":848,"height":1199,"caption":"Festival BcnZoom: el per\u00edode d'inscripcions s'amplia fins el 30 de gener"},{"@type":"BreadcrumbList","@id":"https:\/\/www.casaldelsinfants.org\/es\/actualidad\/festival-bcnzoom-el-periode-dinscripcions-samplia-fins-el-30-de-gener\/#breadcrumb","itemListElement":[{"@type":"ListItem","position":1,"name":"Inici","item":"https:\/\/www.casaldelsinfants.org\/es\/"},{"@type":"ListItem","position":2,"name":"Festival BcnZoom: el per\u00edodo de inscripciones se ampl\u00eda hasta el 30 de enero"}]},{"@type":"WebSite","@id":"https:\/\/www.casaldelsinfants.org\/es\/#website","url":"https:\/\/www.casaldelsinfants.org\/es\/","name":"Casal dels Infants","description":"","publisher":{"@id":"https:\/\/www.casaldelsinfants.org\/es\/#organization"},"potentialAction":[{"@type":"SearchAction","target":{"@type":"EntryPoint","urlTemplate":"https:\/\/www.casaldelsinfants.org\/es\/?s={search_term_string}"},"query-input":{"@type":"PropertyValueSpecification","valueRequired":true,"valueName":"search_term_string"}}],"inLanguage":"es"},{"@type":"Organization","@id":"https:\/\/www.casaldelsinfants.org\/es\/#organization","name":"Casal dels Infants","url":"https:\/\/www.casaldelsinfants.org\/es\/","logo":{"@type":"ImageObject","inLanguage":"es","@id":"https:\/\/www.casaldelsinfants.org\/es\/#\/schema\/logo\/image\/","url":"https:\/\/www.casaldelsinfants.org\/wp-content\/uploads\/logo-mail.png","contentUrl":"https:\/\/www.casaldelsinfants.org\/wp-content\/uploads\/logo-mail.png","width":380,"height":158,"caption":"Casal dels Infants"},"image":{"@id":"https:\/\/www.casaldelsinfants.org\/es\/#\/schema\/logo\/image\/"},"sameAs":["https:\/\/www.facebook.com\/casalinfants","https:\/\/x.com\/casalinfants","https:\/\/www.youtube.com\/user\/CasaldelsInfants1","https:\/\/www.instagram.com\/casalinfants\/","https:\/\/www.linkedin.com\/company\/casaldelsinfants?trk=organization-update_share-update_actor-text"]},{"@type":"Person","@id":"https:\/\/www.casaldelsinfants.org\/es\/#\/schema\/person\/97707fc8c64900cf36891127dbf9fba8","name":"cdiAdmin","sameAs":["https:\/\/casaldelsinfants.org"]}]}},"publishpress_future_action":{"enabled":false,"date":"2026-05-07 10:35:57","action":"change-status","newStatus":"draft","terms":[],"taxonomy":"category","extraData":[]},"publishpress_future_workflow_manual_trigger":{"enabledWorkflows":[]},"_links":{"self":[{"href":"https:\/\/www.casaldelsinfants.org\/es\/wp-json\/wp\/v2\/posts\/4528","targetHints":{"allow":["GET"]}}],"collection":[{"href":"https:\/\/www.casaldelsinfants.org\/es\/wp-json\/wp\/v2\/posts"}],"about":[{"href":"https:\/\/www.casaldelsinfants.org\/es\/wp-json\/wp\/v2\/types\/post"}],"author":[{"embeddable":true,"href":"https:\/\/www.casaldelsinfants.org\/es\/wp-json\/wp\/v2\/users\/1"}],"replies":[{"embeddable":true,"href":"https:\/\/www.casaldelsinfants.org\/es\/wp-json\/wp\/v2\/comments?post=4528"}],"version-history":[{"count":2,"href":"https:\/\/www.casaldelsinfants.org\/es\/wp-json\/wp\/v2\/posts\/4528\/revisions"}],"predecessor-version":[{"id":13449,"href":"https:\/\/www.casaldelsinfants.org\/es\/wp-json\/wp\/v2\/posts\/4528\/revisions\/13449"}],"wp:featuredmedia":[{"embeddable":true,"href":"https:\/\/www.casaldelsinfants.org\/es\/wp-json\/wp\/v2\/media\/3544"}],"wp:attachment":[{"href":"https:\/\/www.casaldelsinfants.org\/es\/wp-json\/wp\/v2\/media?parent=4528"}],"wp:term":[{"taxonomy":"category","embeddable":true,"href":"https:\/\/www.casaldelsinfants.org\/es\/wp-json\/wp\/v2\/categories?post=4528"},{"taxonomy":"post_tag","embeddable":true,"href":"https:\/\/www.casaldelsinfants.org\/es\/wp-json\/wp\/v2\/tags?post=4528"},{"taxonomy":"seus","embeddable":true,"href":"https:\/\/www.casaldelsinfants.org\/es\/wp-json\/wp\/v2\/seus?post=4528"},{"taxonomy":"eixos","embeddable":true,"href":"https:\/\/www.casaldelsinfants.org\/es\/wp-json\/wp\/v2\/eixos?post=4528"}],"curies":[{"name":"wp","href":"https:\/\/api.w.org\/{rel}","templated":true}]}}