{"id":4529,"date":"2018-02-01T10:26:46","date_gmt":"2018-02-01T08:26:46","guid":{"rendered":"https:\/\/casal.puntzero.cat\/noticies\/el-programa-incorpora-al-marroc-promou-la-insercio-sociolaboral-de-1500-persones-el-2017\/"},"modified":"2023-05-25T00:18:05","modified_gmt":"2023-05-24T22:18:05","slug":"el-programa-incorpora-al-marroc-promou-la-insercio-sociolaboral-de-1500-persones-el-2017","status":"publish","type":"post","link":"https:\/\/www.casaldelsinfants.org\/es\/actualidad\/el-programa-incorpora-en-marruecos-promueve-la-insercion-sociolaboral-de-1500-personas-en\/","title":{"rendered":"El Programa Incorpora en Marruecos promueve la inserci\u00f3n sociolaboral de 1.500 personas en 2017"},"content":{"rendered":"<p><span style=\"color:#000000;\">El Programa Incorpora en Marruecos, impulsado por la Obra Social \u201cla Caixa\u201d y coordinado por el Casal dels Infants, ha conseguido promocionar la inserci\u00f3n sociolaboral de 1.500 personas durante 2017, mediante el acompa\u00f1amiento de una red de 12 asociaciones. De estas personas, 531 han encontrado trabajo, gracias al compromiso de 270 empresas colaboradoras.<\/span><\/p>\n<p><span style=\"color:#000000;\">Estos son los resultados que se compartieron en el encuentro de entidades del programa que se celebr\u00f3 el pasado 11 de diciembre en T\u00e1nger, con el objectivo de analizar los datos y flexionar, a trav\u00e9s de talleres, sobre las propuestas para seguir garantizando oportunidades para salir adelante a las personas acompa\u00f1adas.<\/span><\/p>\n<p><span style=\"color:#000000;\">\u201cEl punto fuerte del programa es precisamente el trabajo en red que se realiza con las 12 entidades participantes. Tiene un impacto potente en colectivos en situaci\u00f3n de vulnerabilidad y, en algunos casos, tambi\u00e9n muy estigmatizados\u201d, explic\u00f3 Claire Trichot, directora del Casal dels Infants en Marruecos.<\/span><\/p>\n<p><span style=\"color:#000000;\">Algunos ejemplos de estos colectivos son j\u00f3venes, mujeres que han vivido la violencia machista, exinternos de centros penitencioarios y personas con diversidad funcional. Uno de los casos destacables es el de la entidad\u00a0<\/span><a href=\"http:\/\/hasnouna.org\/\"><span style=\"color:#000000;\">Hasnouna<\/span><\/a><span style=\"color:#000000;\">\u00a0de T\u00e1nger, que desde 2006 apoya personas toxic\u00f3manas para que superen su adicci\u00f3n y se inserten socialmente. Se trata tambi\u00e9n de la primera entidad que trabaja para la inserci\u00f3n laboral de extoxic\u00f3manos en la regi\u00f3n de Oriente Medio, el norte de \u00c1frica y los pa\u00edses subsaharianos franc\u00f3fonos.<\/span><\/p>\n<p class=\"pregunta-entrevista\">Referente<\/p>\n<p><span style=\"color:#000000;\">Al d\u00eda siguiente del encuentro, el 12 de diceimbre, las entidades recibieron la vista del gestor de proyectos internacionales del Programa Incorpora de la Obra Social \u201cla Caixa\u201d, Sergi Burrull, que visi\u00f3 las seis ubicadas en T\u00e1nger.<\/span><\/p>\n<p><span style=\"color:#000000;\">Burrull destac\u00f3 el \u00e9xito de la red en su trabajo de inserci\u00f3n laboral, en un contexto de \u201dfalta de iniciativa del Estado marroqu\u00ed para ofrecer est\u00edmulos a la contrataci\u00f3n para las empresas\u201d.<\/span><\/p>\n<p><span style=\"color:#000000;\">El Programa Incorpora se puso en marcha en Marruecos en 2009, y en estos a\u00f1os se ha convertido en un referente de \u00e9xito a replicar en otros pa\u00edses. De hecho, est\u00e1 previsto impulsar el programa en T\u00fanez. Durante el mes de enero, representantes de entidades sociales tunecinas visitar\u00e1n T\u00e1nger para conocer la red de Marruecos y aprender sus pr\u00e1cticas de \u00e9xito.<\/span><\/p>\n<p><span style=\"color:#000000;\">Muchos de los colaboradores del Programa Incorpora en Marruecos son peque\u00f1as y medianas empresas muy arraigadas en el territorio. De cara a 2019, el objetivo es que puedan seguir desarrollando su aportaci\u00f3n, haci\u00e9ndola extensiva a patrocinios e iniciativas de formaci\u00f3n, as\u00ed como conseguir el apoyo de empresas multinacionales comprometidas con los objetivos de la red.<\/span><\/p>\n","protected":false},"excerpt":{"rendered":"<p>El Programa Incorpora en Marruecos, impulsado por la Obra Social \u201cla Caixa\u201d y coordinado por el Casal dels Infants, ha conseguido promocionar la inserci\u00f3n sociolaboral de 1.500 personas durante 2017, mediante el acompa\u00f1amiento de una red de 12 asociaciones. De estas personas, 531 han encontrado trabajo, gracias al compromiso de 270 empresas colaboradoras. Estos son [&hellip;]<\/p>\n","protected":false},"author":1,"featured_media":3547,"comment_status":"open","ping_status":"open","sticky":false,"template":"","format":"standard","meta":{"_acf_changed":false,"_et_pb_use_builder":"","_et_pb_old_content":"","_et_gb_content_width":"","inline_featured_image":false,"footnotes":""},"categories":[125],"tags":[94],"seus":[158],"eixos":[110],"class_list":["post-4529","post","type-post","status-publish","format-standard","has-post-thumbnail","hentry","category-noticias","tag-incorpora","seus-marruecos","eixos-comunidad-casal-dels-infants"],"acf":[],"yoast_head":"<!-- This site is optimized with the Yoast SEO plugin v27.4 - https:\/\/yoast.com\/product\/yoast-seo-wordpress\/ -->\n<title>El Programa Incorpora en Marruecos promueve la inserci\u00f3n sociolaboral de 1.500 personas en 2017 - Casal dels Infants<\/title>\n<meta name=\"robots\" content=\"index, follow, max-snippet:-1, max-image-preview:large, max-video-preview:-1\" \/>\n<link rel=\"canonical\" href=\"https:\/\/www.casaldelsinfants.org\/es\/actualidad\/el-programa-incorpora-en-marruecos-promueve-la-insercion-sociolaboral-de-1500-personas-en\/\" \/>\n<meta property=\"og:locale\" content=\"es_ES\" \/>\n<meta property=\"og:type\" content=\"article\" \/>\n<meta property=\"og:title\" content=\"El Programa Incorpora en Marruecos promueve la inserci\u00f3n sociolaboral de 1.500 personas en 2017 - Casal dels Infants\" \/>\n<meta property=\"og:description\" content=\"El Programa Incorpora en Marruecos, impulsado por la Obra Social \u201cla Caixa\u201d y coordinado por el Casal dels Infants, ha conseguido promocionar la inserci\u00f3n sociolaboral de 1.500 personas durante 2017, mediante el acompa\u00f1amiento de una red de 12 asociaciones. De estas personas, 531 han encontrado trabajo, gracias al compromiso de 270 empresas colaboradoras. Estos son [&hellip;]\" \/>\n<meta property=\"og:url\" content=\"https:\/\/www.casaldelsinfants.org\/es\/actualidad\/el-programa-incorpora-en-marruecos-promueve-la-insercion-sociolaboral-de-1500-personas-en\/\" \/>\n<meta property=\"og:site_name\" content=\"Casal dels Infants\" \/>\n<meta property=\"article:publisher\" content=\"https:\/\/www.facebook.com\/casalinfants\" \/>\n<meta property=\"article:published_time\" content=\"2018-02-01T08:26:46+00:00\" \/>\n<meta property=\"article:modified_time\" content=\"2023-05-24T22:18:05+00:00\" \/>\n<meta property=\"og:image\" content=\"https:\/\/www.casaldelsinfants.org\/wp-content\/uploads\/Incorpora-Marroc.png\" \/>\n\t<meta property=\"og:image:width\" content=\"1740\" \/>\n\t<meta property=\"og:image:height\" content=\"1160\" \/>\n\t<meta property=\"og:image:type\" content=\"image\/png\" \/>\n<meta name=\"author\" content=\"cdiAdmin\" \/>\n<meta name=\"twitter:card\" content=\"summary_large_image\" \/>\n<meta name=\"twitter:creator\" content=\"@casalinfants\" \/>\n<meta name=\"twitter:site\" content=\"@casalinfants\" \/>\n<meta name=\"twitter:label1\" content=\"Escrito por\" \/>\n\t<meta name=\"twitter:data1\" content=\"cdiAdmin\" \/>\n\t<meta name=\"twitter:label2\" content=\"Tiempo de lectura\" \/>\n\t<meta name=\"twitter:data2\" content=\"3 minutos\" \/>\n<script type=\"application\/ld+json\" class=\"yoast-schema-graph\">{\"@context\":\"https:\\\/\\\/schema.org\",\"@graph\":[{\"@type\":\"Article\",\"@id\":\"https:\\\/\\\/www.casaldelsinfants.org\\\/es\\\/actualidad\\\/el-programa-incorpora-en-marruecos-promueve-la-insercion-sociolaboral-de-1500-personas-en\\\/#article\",\"isPartOf\":{\"@id\":\"https:\\\/\\\/www.casaldelsinfants.org\\\/es\\\/actualidad\\\/el-programa-incorpora-en-marruecos-promueve-la-insercion-sociolaboral-de-1500-personas-en\\\/\"},\"author\":{\"name\":\"cdiAdmin\",\"@id\":\"https:\\\/\\\/www.casaldelsinfants.org\\\/es\\\/#\\\/schema\\\/person\\\/97707fc8c64900cf36891127dbf9fba8\"},\"headline\":\"El Programa Incorpora en Marruecos promueve la inserci\u00f3n sociolaboral de 1.500 personas en 2017\",\"datePublished\":\"2018-02-01T08:26:46+00:00\",\"dateModified\":\"2023-05-24T22:18:05+00:00\",\"mainEntityOfPage\":{\"@id\":\"https:\\\/\\\/www.casaldelsinfants.org\\\/es\\\/actualidad\\\/el-programa-incorpora-en-marruecos-promueve-la-insercion-sociolaboral-de-1500-personas-en\\\/\"},\"wordCount\":451,\"commentCount\":0,\"publisher\":{\"@id\":\"https:\\\/\\\/www.casaldelsinfants.org\\\/es\\\/#organization\"},\"image\":{\"@id\":\"https:\\\/\\\/www.casaldelsinfants.org\\\/es\\\/actualidad\\\/el-programa-incorpora-en-marruecos-promueve-la-insercion-sociolaboral-de-1500-personas-en\\\/#primaryimage\"},\"thumbnailUrl\":\"https:\\\/\\\/www.casaldelsinfants.org\\\/wp-content\\\/uploads\\\/Incorpora-Marroc.png\",\"keywords\":[\"Incorpora\"],\"articleSection\":[\"Noticia\"],\"inLanguage\":\"es\",\"potentialAction\":[{\"@type\":\"CommentAction\",\"name\":\"Comment\",\"target\":[\"https:\\\/\\\/www.casaldelsinfants.org\\\/es\\\/actualidad\\\/el-programa-incorpora-en-marruecos-promueve-la-insercion-sociolaboral-de-1500-personas-en\\\/#respond\"]}]},{\"@type\":\"WebPage\",\"@id\":\"https:\\\/\\\/www.casaldelsinfants.org\\\/es\\\/actualidad\\\/el-programa-incorpora-en-marruecos-promueve-la-insercion-sociolaboral-de-1500-personas-en\\\/\",\"url\":\"https:\\\/\\\/www.casaldelsinfants.org\\\/es\\\/actualidad\\\/el-programa-incorpora-en-marruecos-promueve-la-insercion-sociolaboral-de-1500-personas-en\\\/\",\"name\":\"El Programa Incorpora en Marruecos promueve la inserci\u00f3n sociolaboral de 1.500 personas en 2017 - Casal dels Infants\",\"isPartOf\":{\"@id\":\"https:\\\/\\\/www.casaldelsinfants.org\\\/es\\\/#website\"},\"primaryImageOfPage\":{\"@id\":\"https:\\\/\\\/www.casaldelsinfants.org\\\/es\\\/actualidad\\\/el-programa-incorpora-en-marruecos-promueve-la-insercion-sociolaboral-de-1500-personas-en\\\/#primaryimage\"},\"image\":{\"@id\":\"https:\\\/\\\/www.casaldelsinfants.org\\\/es\\\/actualidad\\\/el-programa-incorpora-en-marruecos-promueve-la-insercion-sociolaboral-de-1500-personas-en\\\/#primaryimage\"},\"thumbnailUrl\":\"https:\\\/\\\/www.casaldelsinfants.org\\\/wp-content\\\/uploads\\\/Incorpora-Marroc.png\",\"datePublished\":\"2018-02-01T08:26:46+00:00\",\"dateModified\":\"2023-05-24T22:18:05+00:00\",\"breadcrumb\":{\"@id\":\"https:\\\/\\\/www.casaldelsinfants.org\\\/es\\\/actualidad\\\/el-programa-incorpora-en-marruecos-promueve-la-insercion-sociolaboral-de-1500-personas-en\\\/#breadcrumb\"},\"inLanguage\":\"es\",\"potentialAction\":[{\"@type\":\"ReadAction\",\"target\":[\"https:\\\/\\\/www.casaldelsinfants.org\\\/es\\\/actualidad\\\/el-programa-incorpora-en-marruecos-promueve-la-insercion-sociolaboral-de-1500-personas-en\\\/\"]}]},{\"@type\":\"ImageObject\",\"inLanguage\":\"es\",\"@id\":\"https:\\\/\\\/www.casaldelsinfants.org\\\/es\\\/actualidad\\\/el-programa-incorpora-en-marruecos-promueve-la-insercion-sociolaboral-de-1500-personas-en\\\/#primaryimage\",\"url\":\"https:\\\/\\\/www.casaldelsinfants.org\\\/wp-content\\\/uploads\\\/Incorpora-Marroc.png\",\"contentUrl\":\"https:\\\/\\\/www.casaldelsinfants.org\\\/wp-content\\\/uploads\\\/Incorpora-Marroc.png\",\"width\":1740,\"height\":1160,\"caption\":\"El Casal al Marroc\"},{\"@type\":\"BreadcrumbList\",\"@id\":\"https:\\\/\\\/www.casaldelsinfants.org\\\/es\\\/actualidad\\\/el-programa-incorpora-en-marruecos-promueve-la-insercion-sociolaboral-de-1500-personas-en\\\/#breadcrumb\",\"itemListElement\":[{\"@type\":\"ListItem\",\"position\":1,\"name\":\"Inici\",\"item\":\"https:\\\/\\\/www.casaldelsinfants.org\\\/es\\\/\"},{\"@type\":\"ListItem\",\"position\":2,\"name\":\"El Programa Incorpora en Marruecos promueve la inserci\u00f3n sociolaboral de 1.500 personas en 2017\"}]},{\"@type\":\"WebSite\",\"@id\":\"https:\\\/\\\/www.casaldelsinfants.org\\\/es\\\/#website\",\"url\":\"https:\\\/\\\/www.casaldelsinfants.org\\\/es\\\/\",\"name\":\"Casal dels Infants\",\"description\":\"\",\"publisher\":{\"@id\":\"https:\\\/\\\/www.casaldelsinfants.org\\\/es\\\/#organization\"},\"potentialAction\":[{\"@type\":\"SearchAction\",\"target\":{\"@type\":\"EntryPoint\",\"urlTemplate\":\"https:\\\/\\\/www.casaldelsinfants.org\\\/es\\\/?s={search_term_string}\"},\"query-input\":{\"@type\":\"PropertyValueSpecification\",\"valueRequired\":true,\"valueName\":\"search_term_string\"}}],\"inLanguage\":\"es\"},{\"@type\":\"Organization\",\"@id\":\"https:\\\/\\\/www.casaldelsinfants.org\\\/es\\\/#organization\",\"name\":\"Casal dels Infants\",\"url\":\"https:\\\/\\\/www.casaldelsinfants.org\\\/es\\\/\",\"logo\":{\"@type\":\"ImageObject\",\"inLanguage\":\"es\",\"@id\":\"https:\\\/\\\/www.casaldelsinfants.org\\\/es\\\/#\\\/schema\\\/logo\\\/image\\\/\",\"url\":\"https:\\\/\\\/www.casaldelsinfants.org\\\/wp-content\\\/uploads\\\/logo-mail.png\",\"contentUrl\":\"https:\\\/\\\/www.casaldelsinfants.org\\\/wp-content\\\/uploads\\\/logo-mail.png\",\"width\":380,\"height\":158,\"caption\":\"Casal dels Infants\"},\"image\":{\"@id\":\"https:\\\/\\\/www.casaldelsinfants.org\\\/es\\\/#\\\/schema\\\/logo\\\/image\\\/\"},\"sameAs\":[\"https:\\\/\\\/www.facebook.com\\\/casalinfants\",\"https:\\\/\\\/x.com\\\/casalinfants\",\"https:\\\/\\\/www.youtube.com\\\/user\\\/CasaldelsInfants1\",\"https:\\\/\\\/www.instagram.com\\\/casalinfants\\\/\",\"https:\\\/\\\/www.linkedin.com\\\/company\\\/casaldelsinfants?trk=organization-update_share-update_actor-text\"]},{\"@type\":\"Person\",\"@id\":\"https:\\\/\\\/www.casaldelsinfants.org\\\/es\\\/#\\\/schema\\\/person\\\/97707fc8c64900cf36891127dbf9fba8\",\"name\":\"cdiAdmin\",\"sameAs\":[\"https:\\\/\\\/casaldelsinfants.org\"]}]}<\/script>\n<!-- \/ Yoast SEO plugin. -->","yoast_head_json":{"title":"El Programa Incorpora en Marruecos promueve la inserci\u00f3n sociolaboral de 1.500 personas en 2017 - Casal dels Infants","robots":{"index":"index","follow":"follow","max-snippet":"max-snippet:-1","max-image-preview":"max-image-preview:large","max-video-preview":"max-video-preview:-1"},"canonical":"https:\/\/www.casaldelsinfants.org\/es\/actualidad\/el-programa-incorpora-en-marruecos-promueve-la-insercion-sociolaboral-de-1500-personas-en\/","og_locale":"es_ES","og_type":"article","og_title":"El Programa Incorpora en Marruecos promueve la inserci\u00f3n sociolaboral de 1.500 personas en 2017 - Casal dels Infants","og_description":"El Programa Incorpora en Marruecos, impulsado por la Obra Social \u201cla Caixa\u201d y coordinado por el Casal dels Infants, ha conseguido promocionar la inserci\u00f3n sociolaboral de 1.500 personas durante 2017, mediante el acompa\u00f1amiento de una red de 12 asociaciones. De estas personas, 531 han encontrado trabajo, gracias al compromiso de 270 empresas colaboradoras. Estos son [&hellip;]","og_url":"https:\/\/www.casaldelsinfants.org\/es\/actualidad\/el-programa-incorpora-en-marruecos-promueve-la-insercion-sociolaboral-de-1500-personas-en\/","og_site_name":"Casal dels Infants","article_publisher":"https:\/\/www.facebook.com\/casalinfants","article_published_time":"2018-02-01T08:26:46+00:00","article_modified_time":"2023-05-24T22:18:05+00:00","og_image":[{"width":1740,"height":1160,"url":"https:\/\/www.casaldelsinfants.org\/wp-content\/uploads\/Incorpora-Marroc.png","type":"image\/png"}],"author":"cdiAdmin","twitter_card":"summary_large_image","twitter_creator":"@casalinfants","twitter_site":"@casalinfants","twitter_misc":{"Escrito por":"cdiAdmin","Tiempo de lectura":"3 minutos"},"schema":{"@context":"https:\/\/schema.org","@graph":[{"@type":"Article","@id":"https:\/\/www.casaldelsinfants.org\/es\/actualidad\/el-programa-incorpora-en-marruecos-promueve-la-insercion-sociolaboral-de-1500-personas-en\/#article","isPartOf":{"@id":"https:\/\/www.casaldelsinfants.org\/es\/actualidad\/el-programa-incorpora-en-marruecos-promueve-la-insercion-sociolaboral-de-1500-personas-en\/"},"author":{"name":"cdiAdmin","@id":"https:\/\/www.casaldelsinfants.org\/es\/#\/schema\/person\/97707fc8c64900cf36891127dbf9fba8"},"headline":"El Programa Incorpora en Marruecos promueve la inserci\u00f3n sociolaboral de 1.500 personas en 2017","datePublished":"2018-02-01T08:26:46+00:00","dateModified":"2023-05-24T22:18:05+00:00","mainEntityOfPage":{"@id":"https:\/\/www.casaldelsinfants.org\/es\/actualidad\/el-programa-incorpora-en-marruecos-promueve-la-insercion-sociolaboral-de-1500-personas-en\/"},"wordCount":451,"commentCount":0,"publisher":{"@id":"https:\/\/www.casaldelsinfants.org\/es\/#organization"},"image":{"@id":"https:\/\/www.casaldelsinfants.org\/es\/actualidad\/el-programa-incorpora-en-marruecos-promueve-la-insercion-sociolaboral-de-1500-personas-en\/#primaryimage"},"thumbnailUrl":"https:\/\/www.casaldelsinfants.org\/wp-content\/uploads\/Incorpora-Marroc.png","keywords":["Incorpora"],"articleSection":["Noticia"],"inLanguage":"es","potentialAction":[{"@type":"CommentAction","name":"Comment","target":["https:\/\/www.casaldelsinfants.org\/es\/actualidad\/el-programa-incorpora-en-marruecos-promueve-la-insercion-sociolaboral-de-1500-personas-en\/#respond"]}]},{"@type":"WebPage","@id":"https:\/\/www.casaldelsinfants.org\/es\/actualidad\/el-programa-incorpora-en-marruecos-promueve-la-insercion-sociolaboral-de-1500-personas-en\/","url":"https:\/\/www.casaldelsinfants.org\/es\/actualidad\/el-programa-incorpora-en-marruecos-promueve-la-insercion-sociolaboral-de-1500-personas-en\/","name":"El Programa Incorpora en Marruecos promueve la inserci\u00f3n sociolaboral de 1.500 personas en 2017 - Casal dels Infants","isPartOf":{"@id":"https:\/\/www.casaldelsinfants.org\/es\/#website"},"primaryImageOfPage":{"@id":"https:\/\/www.casaldelsinfants.org\/es\/actualidad\/el-programa-incorpora-en-marruecos-promueve-la-insercion-sociolaboral-de-1500-personas-en\/#primaryimage"},"image":{"@id":"https:\/\/www.casaldelsinfants.org\/es\/actualidad\/el-programa-incorpora-en-marruecos-promueve-la-insercion-sociolaboral-de-1500-personas-en\/#primaryimage"},"thumbnailUrl":"https:\/\/www.casaldelsinfants.org\/wp-content\/uploads\/Incorpora-Marroc.png","datePublished":"2018-02-01T08:26:46+00:00","dateModified":"2023-05-24T22:18:05+00:00","breadcrumb":{"@id":"https:\/\/www.casaldelsinfants.org\/es\/actualidad\/el-programa-incorpora-en-marruecos-promueve-la-insercion-sociolaboral-de-1500-personas-en\/#breadcrumb"},"inLanguage":"es","potentialAction":[{"@type":"ReadAction","target":["https:\/\/www.casaldelsinfants.org\/es\/actualidad\/el-programa-incorpora-en-marruecos-promueve-la-insercion-sociolaboral-de-1500-personas-en\/"]}]},{"@type":"ImageObject","inLanguage":"es","@id":"https:\/\/www.casaldelsinfants.org\/es\/actualidad\/el-programa-incorpora-en-marruecos-promueve-la-insercion-sociolaboral-de-1500-personas-en\/#primaryimage","url":"https:\/\/www.casaldelsinfants.org\/wp-content\/uploads\/Incorpora-Marroc.png","contentUrl":"https:\/\/www.casaldelsinfants.org\/wp-content\/uploads\/Incorpora-Marroc.png","width":1740,"height":1160,"caption":"El Casal al Marroc"},{"@type":"BreadcrumbList","@id":"https:\/\/www.casaldelsinfants.org\/es\/actualidad\/el-programa-incorpora-en-marruecos-promueve-la-insercion-sociolaboral-de-1500-personas-en\/#breadcrumb","itemListElement":[{"@type":"ListItem","position":1,"name":"Inici","item":"https:\/\/www.casaldelsinfants.org\/es\/"},{"@type":"ListItem","position":2,"name":"El Programa Incorpora en Marruecos promueve la inserci\u00f3n sociolaboral de 1.500 personas en 2017"}]},{"@type":"WebSite","@id":"https:\/\/www.casaldelsinfants.org\/es\/#website","url":"https:\/\/www.casaldelsinfants.org\/es\/","name":"Casal dels Infants","description":"","publisher":{"@id":"https:\/\/www.casaldelsinfants.org\/es\/#organization"},"potentialAction":[{"@type":"SearchAction","target":{"@type":"EntryPoint","urlTemplate":"https:\/\/www.casaldelsinfants.org\/es\/?s={search_term_string}"},"query-input":{"@type":"PropertyValueSpecification","valueRequired":true,"valueName":"search_term_string"}}],"inLanguage":"es"},{"@type":"Organization","@id":"https:\/\/www.casaldelsinfants.org\/es\/#organization","name":"Casal dels Infants","url":"https:\/\/www.casaldelsinfants.org\/es\/","logo":{"@type":"ImageObject","inLanguage":"es","@id":"https:\/\/www.casaldelsinfants.org\/es\/#\/schema\/logo\/image\/","url":"https:\/\/www.casaldelsinfants.org\/wp-content\/uploads\/logo-mail.png","contentUrl":"https:\/\/www.casaldelsinfants.org\/wp-content\/uploads\/logo-mail.png","width":380,"height":158,"caption":"Casal dels Infants"},"image":{"@id":"https:\/\/www.casaldelsinfants.org\/es\/#\/schema\/logo\/image\/"},"sameAs":["https:\/\/www.facebook.com\/casalinfants","https:\/\/x.com\/casalinfants","https:\/\/www.youtube.com\/user\/CasaldelsInfants1","https:\/\/www.instagram.com\/casalinfants\/","https:\/\/www.linkedin.com\/company\/casaldelsinfants?trk=organization-update_share-update_actor-text"]},{"@type":"Person","@id":"https:\/\/www.casaldelsinfants.org\/es\/#\/schema\/person\/97707fc8c64900cf36891127dbf9fba8","name":"cdiAdmin","sameAs":["https:\/\/casaldelsinfants.org"]}]}},"publishpress_future_action":{"enabled":false,"date":"2026-05-07 06:05:40","action":"change-status","newStatus":"draft","terms":[],"taxonomy":"category","extraData":[]},"publishpress_future_workflow_manual_trigger":{"enabledWorkflows":[]},"_links":{"self":[{"href":"https:\/\/www.casaldelsinfants.org\/es\/wp-json\/wp\/v2\/posts\/4529","targetHints":{"allow":["GET"]}}],"collection":[{"href":"https:\/\/www.casaldelsinfants.org\/es\/wp-json\/wp\/v2\/posts"}],"about":[{"href":"https:\/\/www.casaldelsinfants.org\/es\/wp-json\/wp\/v2\/types\/post"}],"author":[{"embeddable":true,"href":"https:\/\/www.casaldelsinfants.org\/es\/wp-json\/wp\/v2\/users\/1"}],"replies":[{"embeddable":true,"href":"https:\/\/www.casaldelsinfants.org\/es\/wp-json\/wp\/v2\/comments?post=4529"}],"version-history":[{"count":1,"href":"https:\/\/www.casaldelsinfants.org\/es\/wp-json\/wp\/v2\/posts\/4529\/revisions"}],"predecessor-version":[{"id":6445,"href":"https:\/\/www.casaldelsinfants.org\/es\/wp-json\/wp\/v2\/posts\/4529\/revisions\/6445"}],"wp:featuredmedia":[{"embeddable":true,"href":"https:\/\/www.casaldelsinfants.org\/es\/wp-json\/wp\/v2\/media\/3547"}],"wp:attachment":[{"href":"https:\/\/www.casaldelsinfants.org\/es\/wp-json\/wp\/v2\/media?parent=4529"}],"wp:term":[{"taxonomy":"category","embeddable":true,"href":"https:\/\/www.casaldelsinfants.org\/es\/wp-json\/wp\/v2\/categories?post=4529"},{"taxonomy":"post_tag","embeddable":true,"href":"https:\/\/www.casaldelsinfants.org\/es\/wp-json\/wp\/v2\/tags?post=4529"},{"taxonomy":"seus","embeddable":true,"href":"https:\/\/www.casaldelsinfants.org\/es\/wp-json\/wp\/v2\/seus?post=4529"},{"taxonomy":"eixos","embeddable":true,"href":"https:\/\/www.casaldelsinfants.org\/es\/wp-json\/wp\/v2\/eixos?post=4529"}],"curies":[{"name":"wp","href":"https:\/\/api.w.org\/{rel}","templated":true}]}}