{"id":4530,"date":"2018-02-01T10:24:01","date_gmt":"2018-02-01T08:24:01","guid":{"rendered":"https:\/\/casal.puntzero.cat\/noticies\/el-programa-de-formacio-i-insercio-ofereix-sessions-informatives-professionals-de-laccio\/"},"modified":"2023-05-01T19:06:31","modified_gmt":"2023-05-01T17:06:31","slug":"el-programa-de-formacio-i-insercio-ofereix-sessions-informatives-professionals-de-laccio","status":"publish","type":"post","link":"https:\/\/www.casaldelsinfants.org\/es\/actualidad\/programa-formacion-insercion-ofrece-sesiones-informativas\/","title":{"rendered":"El programa Formaci\u00f3 i Inserci\u00f3 ofrece sesiones informativas para profesionales de la acci\u00f3n social el 8 y el 9 de enero"},"content":{"rendered":"<p>El programa\u00a0<strong>Formaci\u00f3 i Inserci\u00f3 del Casal dels Infants<\/strong>\u00a0organiza\u00a0<strong>el 8 y el 9 de enero dos sesiones informativas para profesionales de la acci\u00f3n social<\/strong>, que tendr\u00e1n lugar en la sede central del Casal dels Infants (calle Junta de Comer\u00e7, 16) a las 16 h.<\/p>\n<p>Las jornadas, que se organizan por primera vez, quieren\u00a0<strong>facilitar informaci\u00f3n de utilidad sobre el programa<\/strong>\u00a0a profesionales con los que el Casal dels Infants trabaja en red, como los\u00a0<strong>t\u00e9cnicos de servicios sociales y de otras entidades<\/strong>\u00a0que luchan contra la exclusi\u00f3n social. Para las personas interesadas, es necesario confirmar la asistencia enviando un correo electr\u00f3nico a la direcci\u00f3n\u00a0<a href=\"mailto:nguerrero@casaldelsinfants.org\">nguerrero@casaldelsinfants.org<\/a>.<\/p>\n<p>El director de Formaci\u00f3 i Inserci\u00f3 del Casal dels Infants,\u00a0<strong>Jos\u00e9 Rold\u00e1n<\/strong>, ha explicado que el objetivo final de las sesiones es \u201ctener un\u00a0<strong>mayor conocimiento mutuo entre servicios y coordinar mejor los esfuerzos<\/strong>, especialmente en los procesos de derivaci\u00f3n\u201d, es decir, en aquellos casos en los que un servicio o entidad recomienda a un joven que se dirija al Casal dels Infants para recibir un acompa\u00f1amiento concreto.<\/p>\n<p>En estos momentos, el programa de Formaci\u00f3 i Inserci\u00f3 tiene\u00a0<strong>abierto el per\u00edodo de inscripci\u00f3n para las siguientes formaciones:<\/strong>\u00a0limpieza hotelera, ayudante de camarero o camarera, auxiliar en Facility Service, limpieza industrial, ayudante de cocina y una formaci\u00f3n en dependienta de panader\u00eda espec\u00edfica para mujeres del barrio de la Mina (Sant Adri\u00e0 de Bes\u00f2s).<\/p>\n<p class=\"destacat-noticia\">Pepe Rold\u00e1n: \u201cQueremos tener un mayor conocimiento mutuo entre servicios y coordinar mejor los esfuerzos, especialmente en los procesos de derivaci\u00f3n\u201d<\/p>\n<p>El programa Formaci\u00f3 i Inserci\u00f3 forma cada a\u00f1o a\u00a0<strong>m\u00e1s de 700 j\u00f3venes<\/strong>\u00a0para conseguir su inserci\u00f3n social y laboral, a trav\u00e9s de\u00a0<strong>45 formaciones<\/strong>. En un\u00a0<strong>50% de los casos, los chicos y chicas ya han encontrado un trabajo un mes despu\u00e9s de haber acabado los cursos o talleres<\/strong>. Los j\u00f3venes interesados pueden obtener m\u00e1s informaci\u00f3n en la web\u00a0<a href=\"https:\/\/formaciocasaldelsinfants.org\/\">https:\/\/formaciocasaldelsinfants.org<\/a>.<\/p>\n<p>\u00a0<\/p>\n<p class=\"pregunta-entrevista\">Encuentro con panader\u00edas y cafeter\u00edas<\/p>\n<p>Las\u00a0<strong>empresas colaboradoras<\/strong>\u00a0son un\u00a0<strong>elemento fundamental en el \u00e9xito del programa<\/strong>\u00a0y participan activamente en el dise\u00f1o, la implementaci\u00f3n y la evaluaci\u00f3n de las acciones formativas, con el objetivo de ajustarse a las necesidades del mercado de trabajo.<\/p>\n<p>Un ejemplo de esta colaboraci\u00f3n es el\u00a0<strong>encuentro con empresas del sector de panader\u00edas y cafeter\u00edas<\/strong>\u00a0que se celebra el\u00a0<strong>19 de enero a las 10 h en Badalona<\/strong>\u00a0(calle de les Monges, 2-6), con el fin de consolidar la red de empresas que participan en el programa encarg\u00e1ndose de la formaci\u00f3n t\u00e9cnica, definir los perfiles profesionales demandados, abordar la bolsa de trabajo y tratar las experiencias de las empresas.<\/p>\n","protected":false},"excerpt":{"rendered":"<p>El programa\u00a0Formaci\u00f3 i Inserci\u00f3 del Casal dels Infants\u00a0organiza\u00a0el 8 y el 9 de enero dos sesiones informativas para profesionales de la acci\u00f3n social, que tendr\u00e1n lugar en la sede central del Casal dels Infants (calle Junta de Comer\u00e7, 16) a las 16 h. Las jornadas, que se organizan por primera vez, quieren\u00a0facilitar informaci\u00f3n de utilidad [&hellip;]<\/p>\n","protected":false},"author":1,"featured_media":3550,"comment_status":"open","ping_status":"open","sticky":false,"template":"","format":"standard","meta":{"_acf_changed":false,"_et_pb_use_builder":"","_et_pb_old_content":"","_et_gb_content_width":"","inline_featured_image":false,"footnotes":""},"categories":[125],"tags":[115,123,122],"seus":[],"eixos":[],"class_list":["post-4530","post","type-post","status-publish","format-standard","has-post-thumbnail","hentry","category-noticias","tag-formacion","tag-insercion","tag-trabajo-en-red"],"acf":[],"yoast_head":"<!-- This site is optimized with the Yoast SEO plugin v27.4 - https:\/\/yoast.com\/product\/yoast-seo-wordpress\/ -->\n<title>El programa Formaci\u00f3 i Inserci\u00f3 ofrece sesiones informativas para profesionales de la acci\u00f3n social el 8 y el 9 de enero - Casal dels Infants<\/title>\n<meta name=\"robots\" content=\"index, follow, max-snippet:-1, max-image-preview:large, max-video-preview:-1\" \/>\n<link rel=\"canonical\" href=\"https:\/\/www.casaldelsinfants.org\/es\/actualidad\/programa-formacion-insercion-ofrece-sesiones-informativas\/\" \/>\n<meta property=\"og:locale\" content=\"es_ES\" \/>\n<meta property=\"og:type\" content=\"article\" \/>\n<meta property=\"og:title\" content=\"El programa Formaci\u00f3 i Inserci\u00f3 ofrece sesiones informativas para profesionales de la acci\u00f3n social el 8 y el 9 de enero - Casal dels Infants\" \/>\n<meta property=\"og:description\" content=\"El programa\u00a0Formaci\u00f3 i Inserci\u00f3 del Casal dels Infants\u00a0organiza\u00a0el 8 y el 9 de enero dos sesiones informativas para profesionales de la acci\u00f3n social, que tendr\u00e1n lugar en la sede central del Casal dels Infants (calle Junta de Comer\u00e7, 16) a las 16 h. Las jornadas, que se organizan por primera vez, quieren\u00a0facilitar informaci\u00f3n de utilidad [&hellip;]\" \/>\n<meta property=\"og:url\" content=\"https:\/\/www.casaldelsinfants.org\/es\/actualidad\/programa-formacion-insercion-ofrece-sesiones-informativas\/\" \/>\n<meta property=\"og:site_name\" content=\"Casal dels Infants\" \/>\n<meta property=\"article:publisher\" content=\"https:\/\/www.facebook.com\/casalinfants\" \/>\n<meta property=\"article:published_time\" content=\"2018-02-01T08:24:01+00:00\" \/>\n<meta property=\"article:modified_time\" content=\"2023-05-01T17:06:31+00:00\" \/>\n<meta property=\"og:image\" content=\"https:\/\/www.casaldelsinfants.org\/wp-content\/uploads\/IMG_4937-scaled.jpg\" \/>\n\t<meta property=\"og:image:width\" content=\"2560\" \/>\n\t<meta property=\"og:image:height\" content=\"1707\" \/>\n\t<meta property=\"og:image:type\" content=\"image\/jpeg\" \/>\n<meta name=\"author\" content=\"cdiAdmin\" \/>\n<meta name=\"twitter:card\" content=\"summary_large_image\" \/>\n<meta name=\"twitter:creator\" content=\"@casalinfants\" \/>\n<meta name=\"twitter:site\" content=\"@casalinfants\" \/>\n<meta name=\"twitter:label1\" content=\"Escrito por\" \/>\n\t<meta name=\"twitter:data1\" content=\"cdiAdmin\" \/>\n\t<meta name=\"twitter:label2\" content=\"Tiempo de lectura\" \/>\n\t<meta name=\"twitter:data2\" content=\"2 minutos\" \/>\n<script type=\"application\/ld+json\" class=\"yoast-schema-graph\">{\"@context\":\"https:\\\/\\\/schema.org\",\"@graph\":[{\"@type\":\"Article\",\"@id\":\"https:\\\/\\\/www.casaldelsinfants.org\\\/es\\\/actualidad\\\/programa-formacion-insercion-ofrece-sesiones-informativas\\\/#article\",\"isPartOf\":{\"@id\":\"https:\\\/\\\/www.casaldelsinfants.org\\\/es\\\/actualidad\\\/programa-formacion-insercion-ofrece-sesiones-informativas\\\/\"},\"author\":{\"name\":\"cdiAdmin\",\"@id\":\"https:\\\/\\\/www.casaldelsinfants.org\\\/es\\\/#\\\/schema\\\/person\\\/97707fc8c64900cf36891127dbf9fba8\"},\"headline\":\"El programa Formaci\u00f3 i Inserci\u00f3 ofrece sesiones informativas para profesionales de la acci\u00f3n social el 8 y el 9 de enero\",\"datePublished\":\"2018-02-01T08:24:01+00:00\",\"dateModified\":\"2023-05-01T17:06:31+00:00\",\"mainEntityOfPage\":{\"@id\":\"https:\\\/\\\/www.casaldelsinfants.org\\\/es\\\/actualidad\\\/programa-formacion-insercion-ofrece-sesiones-informativas\\\/\"},\"wordCount\":478,\"commentCount\":0,\"publisher\":{\"@id\":\"https:\\\/\\\/www.casaldelsinfants.org\\\/es\\\/#organization\"},\"image\":{\"@id\":\"https:\\\/\\\/www.casaldelsinfants.org\\\/es\\\/actualidad\\\/programa-formacion-insercion-ofrece-sesiones-informativas\\\/#primaryimage\"},\"thumbnailUrl\":\"https:\\\/\\\/www.casaldelsinfants.org\\\/wp-content\\\/uploads\\\/IMG_4937-scaled.jpg\",\"keywords\":[\"formaci\u00f3n\",\"inserci\u00f3n\",\"trabajo en red\"],\"articleSection\":[\"Noticia\"],\"inLanguage\":\"es\",\"potentialAction\":[{\"@type\":\"CommentAction\",\"name\":\"Comment\",\"target\":[\"https:\\\/\\\/www.casaldelsinfants.org\\\/es\\\/actualidad\\\/programa-formacion-insercion-ofrece-sesiones-informativas\\\/#respond\"]}]},{\"@type\":\"WebPage\",\"@id\":\"https:\\\/\\\/www.casaldelsinfants.org\\\/es\\\/actualidad\\\/programa-formacion-insercion-ofrece-sesiones-informativas\\\/\",\"url\":\"https:\\\/\\\/www.casaldelsinfants.org\\\/es\\\/actualidad\\\/programa-formacion-insercion-ofrece-sesiones-informativas\\\/\",\"name\":\"El programa Formaci\u00f3 i Inserci\u00f3 ofrece sesiones informativas para profesionales de la acci\u00f3n social el 8 y el 9 de enero - Casal dels Infants\",\"isPartOf\":{\"@id\":\"https:\\\/\\\/www.casaldelsinfants.org\\\/es\\\/#website\"},\"primaryImageOfPage\":{\"@id\":\"https:\\\/\\\/www.casaldelsinfants.org\\\/es\\\/actualidad\\\/programa-formacion-insercion-ofrece-sesiones-informativas\\\/#primaryimage\"},\"image\":{\"@id\":\"https:\\\/\\\/www.casaldelsinfants.org\\\/es\\\/actualidad\\\/programa-formacion-insercion-ofrece-sesiones-informativas\\\/#primaryimage\"},\"thumbnailUrl\":\"https:\\\/\\\/www.casaldelsinfants.org\\\/wp-content\\\/uploads\\\/IMG_4937-scaled.jpg\",\"datePublished\":\"2018-02-01T08:24:01+00:00\",\"dateModified\":\"2023-05-01T17:06:31+00:00\",\"breadcrumb\":{\"@id\":\"https:\\\/\\\/www.casaldelsinfants.org\\\/es\\\/actualidad\\\/programa-formacion-insercion-ofrece-sesiones-informativas\\\/#breadcrumb\"},\"inLanguage\":\"es\",\"potentialAction\":[{\"@type\":\"ReadAction\",\"target\":[\"https:\\\/\\\/www.casaldelsinfants.org\\\/es\\\/actualidad\\\/programa-formacion-insercion-ofrece-sesiones-informativas\\\/\"]}]},{\"@type\":\"ImageObject\",\"inLanguage\":\"es\",\"@id\":\"https:\\\/\\\/www.casaldelsinfants.org\\\/es\\\/actualidad\\\/programa-formacion-insercion-ofrece-sesiones-informativas\\\/#primaryimage\",\"url\":\"https:\\\/\\\/www.casaldelsinfants.org\\\/wp-content\\\/uploads\\\/IMG_4937-scaled.jpg\",\"contentUrl\":\"https:\\\/\\\/www.casaldelsinfants.org\\\/wp-content\\\/uploads\\\/IMG_4937-scaled.jpg\",\"width\":2560,\"height\":1707,\"caption\":\"El programa de Formaci\u00f3 i Inserci\u00f3 ofereix sessions informatives per a professionals de l\u2019acci\u00f3 social el 8 i el 9 de gener\"},{\"@type\":\"BreadcrumbList\",\"@id\":\"https:\\\/\\\/www.casaldelsinfants.org\\\/es\\\/actualidad\\\/programa-formacion-insercion-ofrece-sesiones-informativas\\\/#breadcrumb\",\"itemListElement\":[{\"@type\":\"ListItem\",\"position\":1,\"name\":\"Inici\",\"item\":\"https:\\\/\\\/www.casaldelsinfants.org\\\/es\\\/\"},{\"@type\":\"ListItem\",\"position\":2,\"name\":\"El programa Formaci\u00f3 i Inserci\u00f3 ofrece sesiones informativas para profesionales de la acci\u00f3n social el 8 y el 9 de enero\"}]},{\"@type\":\"WebSite\",\"@id\":\"https:\\\/\\\/www.casaldelsinfants.org\\\/es\\\/#website\",\"url\":\"https:\\\/\\\/www.casaldelsinfants.org\\\/es\\\/\",\"name\":\"Casal dels Infants\",\"description\":\"\",\"publisher\":{\"@id\":\"https:\\\/\\\/www.casaldelsinfants.org\\\/es\\\/#organization\"},\"potentialAction\":[{\"@type\":\"SearchAction\",\"target\":{\"@type\":\"EntryPoint\",\"urlTemplate\":\"https:\\\/\\\/www.casaldelsinfants.org\\\/es\\\/?s={search_term_string}\"},\"query-input\":{\"@type\":\"PropertyValueSpecification\",\"valueRequired\":true,\"valueName\":\"search_term_string\"}}],\"inLanguage\":\"es\"},{\"@type\":\"Organization\",\"@id\":\"https:\\\/\\\/www.casaldelsinfants.org\\\/es\\\/#organization\",\"name\":\"Casal dels Infants\",\"url\":\"https:\\\/\\\/www.casaldelsinfants.org\\\/es\\\/\",\"logo\":{\"@type\":\"ImageObject\",\"inLanguage\":\"es\",\"@id\":\"https:\\\/\\\/www.casaldelsinfants.org\\\/es\\\/#\\\/schema\\\/logo\\\/image\\\/\",\"url\":\"https:\\\/\\\/www.casaldelsinfants.org\\\/wp-content\\\/uploads\\\/logo-mail.png\",\"contentUrl\":\"https:\\\/\\\/www.casaldelsinfants.org\\\/wp-content\\\/uploads\\\/logo-mail.png\",\"width\":380,\"height\":158,\"caption\":\"Casal dels Infants\"},\"image\":{\"@id\":\"https:\\\/\\\/www.casaldelsinfants.org\\\/es\\\/#\\\/schema\\\/logo\\\/image\\\/\"},\"sameAs\":[\"https:\\\/\\\/www.facebook.com\\\/casalinfants\",\"https:\\\/\\\/x.com\\\/casalinfants\",\"https:\\\/\\\/www.youtube.com\\\/user\\\/CasaldelsInfants1\",\"https:\\\/\\\/www.instagram.com\\\/casalinfants\\\/\",\"https:\\\/\\\/www.linkedin.com\\\/company\\\/casaldelsinfants?trk=organization-update_share-update_actor-text\"]},{\"@type\":\"Person\",\"@id\":\"https:\\\/\\\/www.casaldelsinfants.org\\\/es\\\/#\\\/schema\\\/person\\\/97707fc8c64900cf36891127dbf9fba8\",\"name\":\"cdiAdmin\",\"sameAs\":[\"https:\\\/\\\/casaldelsinfants.org\"]}]}<\/script>\n<!-- \/ Yoast SEO plugin. -->","yoast_head_json":{"title":"El programa Formaci\u00f3 i Inserci\u00f3 ofrece sesiones informativas para profesionales de la acci\u00f3n social el 8 y el 9 de enero - Casal dels Infants","robots":{"index":"index","follow":"follow","max-snippet":"max-snippet:-1","max-image-preview":"max-image-preview:large","max-video-preview":"max-video-preview:-1"},"canonical":"https:\/\/www.casaldelsinfants.org\/es\/actualidad\/programa-formacion-insercion-ofrece-sesiones-informativas\/","og_locale":"es_ES","og_type":"article","og_title":"El programa Formaci\u00f3 i Inserci\u00f3 ofrece sesiones informativas para profesionales de la acci\u00f3n social el 8 y el 9 de enero - Casal dels Infants","og_description":"El programa\u00a0Formaci\u00f3 i Inserci\u00f3 del Casal dels Infants\u00a0organiza\u00a0el 8 y el 9 de enero dos sesiones informativas para profesionales de la acci\u00f3n social, que tendr\u00e1n lugar en la sede central del Casal dels Infants (calle Junta de Comer\u00e7, 16) a las 16 h. Las jornadas, que se organizan por primera vez, quieren\u00a0facilitar informaci\u00f3n de utilidad [&hellip;]","og_url":"https:\/\/www.casaldelsinfants.org\/es\/actualidad\/programa-formacion-insercion-ofrece-sesiones-informativas\/","og_site_name":"Casal dels Infants","article_publisher":"https:\/\/www.facebook.com\/casalinfants","article_published_time":"2018-02-01T08:24:01+00:00","article_modified_time":"2023-05-01T17:06:31+00:00","og_image":[{"width":2560,"height":1707,"url":"https:\/\/www.casaldelsinfants.org\/wp-content\/uploads\/IMG_4937-scaled.jpg","type":"image\/jpeg"}],"author":"cdiAdmin","twitter_card":"summary_large_image","twitter_creator":"@casalinfants","twitter_site":"@casalinfants","twitter_misc":{"Escrito por":"cdiAdmin","Tiempo de lectura":"2 minutos"},"schema":{"@context":"https:\/\/schema.org","@graph":[{"@type":"Article","@id":"https:\/\/www.casaldelsinfants.org\/es\/actualidad\/programa-formacion-insercion-ofrece-sesiones-informativas\/#article","isPartOf":{"@id":"https:\/\/www.casaldelsinfants.org\/es\/actualidad\/programa-formacion-insercion-ofrece-sesiones-informativas\/"},"author":{"name":"cdiAdmin","@id":"https:\/\/www.casaldelsinfants.org\/es\/#\/schema\/person\/97707fc8c64900cf36891127dbf9fba8"},"headline":"El programa Formaci\u00f3 i Inserci\u00f3 ofrece sesiones informativas para profesionales de la acci\u00f3n social el 8 y el 9 de enero","datePublished":"2018-02-01T08:24:01+00:00","dateModified":"2023-05-01T17:06:31+00:00","mainEntityOfPage":{"@id":"https:\/\/www.casaldelsinfants.org\/es\/actualidad\/programa-formacion-insercion-ofrece-sesiones-informativas\/"},"wordCount":478,"commentCount":0,"publisher":{"@id":"https:\/\/www.casaldelsinfants.org\/es\/#organization"},"image":{"@id":"https:\/\/www.casaldelsinfants.org\/es\/actualidad\/programa-formacion-insercion-ofrece-sesiones-informativas\/#primaryimage"},"thumbnailUrl":"https:\/\/www.casaldelsinfants.org\/wp-content\/uploads\/IMG_4937-scaled.jpg","keywords":["formaci\u00f3n","inserci\u00f3n","trabajo en red"],"articleSection":["Noticia"],"inLanguage":"es","potentialAction":[{"@type":"CommentAction","name":"Comment","target":["https:\/\/www.casaldelsinfants.org\/es\/actualidad\/programa-formacion-insercion-ofrece-sesiones-informativas\/#respond"]}]},{"@type":"WebPage","@id":"https:\/\/www.casaldelsinfants.org\/es\/actualidad\/programa-formacion-insercion-ofrece-sesiones-informativas\/","url":"https:\/\/www.casaldelsinfants.org\/es\/actualidad\/programa-formacion-insercion-ofrece-sesiones-informativas\/","name":"El programa Formaci\u00f3 i Inserci\u00f3 ofrece sesiones informativas para profesionales de la acci\u00f3n social el 8 y el 9 de enero - Casal dels Infants","isPartOf":{"@id":"https:\/\/www.casaldelsinfants.org\/es\/#website"},"primaryImageOfPage":{"@id":"https:\/\/www.casaldelsinfants.org\/es\/actualidad\/programa-formacion-insercion-ofrece-sesiones-informativas\/#primaryimage"},"image":{"@id":"https:\/\/www.casaldelsinfants.org\/es\/actualidad\/programa-formacion-insercion-ofrece-sesiones-informativas\/#primaryimage"},"thumbnailUrl":"https:\/\/www.casaldelsinfants.org\/wp-content\/uploads\/IMG_4937-scaled.jpg","datePublished":"2018-02-01T08:24:01+00:00","dateModified":"2023-05-01T17:06:31+00:00","breadcrumb":{"@id":"https:\/\/www.casaldelsinfants.org\/es\/actualidad\/programa-formacion-insercion-ofrece-sesiones-informativas\/#breadcrumb"},"inLanguage":"es","potentialAction":[{"@type":"ReadAction","target":["https:\/\/www.casaldelsinfants.org\/es\/actualidad\/programa-formacion-insercion-ofrece-sesiones-informativas\/"]}]},{"@type":"ImageObject","inLanguage":"es","@id":"https:\/\/www.casaldelsinfants.org\/es\/actualidad\/programa-formacion-insercion-ofrece-sesiones-informativas\/#primaryimage","url":"https:\/\/www.casaldelsinfants.org\/wp-content\/uploads\/IMG_4937-scaled.jpg","contentUrl":"https:\/\/www.casaldelsinfants.org\/wp-content\/uploads\/IMG_4937-scaled.jpg","width":2560,"height":1707,"caption":"El programa de Formaci\u00f3 i Inserci\u00f3 ofereix sessions informatives per a professionals de l\u2019acci\u00f3 social el 8 i el 9 de gener"},{"@type":"BreadcrumbList","@id":"https:\/\/www.casaldelsinfants.org\/es\/actualidad\/programa-formacion-insercion-ofrece-sesiones-informativas\/#breadcrumb","itemListElement":[{"@type":"ListItem","position":1,"name":"Inici","item":"https:\/\/www.casaldelsinfants.org\/es\/"},{"@type":"ListItem","position":2,"name":"El programa Formaci\u00f3 i Inserci\u00f3 ofrece sesiones informativas para profesionales de la acci\u00f3n social el 8 y el 9 de enero"}]},{"@type":"WebSite","@id":"https:\/\/www.casaldelsinfants.org\/es\/#website","url":"https:\/\/www.casaldelsinfants.org\/es\/","name":"Casal dels Infants","description":"","publisher":{"@id":"https:\/\/www.casaldelsinfants.org\/es\/#organization"},"potentialAction":[{"@type":"SearchAction","target":{"@type":"EntryPoint","urlTemplate":"https:\/\/www.casaldelsinfants.org\/es\/?s={search_term_string}"},"query-input":{"@type":"PropertyValueSpecification","valueRequired":true,"valueName":"search_term_string"}}],"inLanguage":"es"},{"@type":"Organization","@id":"https:\/\/www.casaldelsinfants.org\/es\/#organization","name":"Casal dels Infants","url":"https:\/\/www.casaldelsinfants.org\/es\/","logo":{"@type":"ImageObject","inLanguage":"es","@id":"https:\/\/www.casaldelsinfants.org\/es\/#\/schema\/logo\/image\/","url":"https:\/\/www.casaldelsinfants.org\/wp-content\/uploads\/logo-mail.png","contentUrl":"https:\/\/www.casaldelsinfants.org\/wp-content\/uploads\/logo-mail.png","width":380,"height":158,"caption":"Casal dels Infants"},"image":{"@id":"https:\/\/www.casaldelsinfants.org\/es\/#\/schema\/logo\/image\/"},"sameAs":["https:\/\/www.facebook.com\/casalinfants","https:\/\/x.com\/casalinfants","https:\/\/www.youtube.com\/user\/CasaldelsInfants1","https:\/\/www.instagram.com\/casalinfants\/","https:\/\/www.linkedin.com\/company\/casaldelsinfants?trk=organization-update_share-update_actor-text"]},{"@type":"Person","@id":"https:\/\/www.casaldelsinfants.org\/es\/#\/schema\/person\/97707fc8c64900cf36891127dbf9fba8","name":"cdiAdmin","sameAs":["https:\/\/casaldelsinfants.org"]}]}},"publishpress_future_action":{"enabled":false,"date":"2026-05-07 10:05:40","action":"change-status","newStatus":"draft","terms":[],"taxonomy":"category","extraData":[]},"publishpress_future_workflow_manual_trigger":{"enabledWorkflows":[]},"_links":{"self":[{"href":"https:\/\/www.casaldelsinfants.org\/es\/wp-json\/wp\/v2\/posts\/4530","targetHints":{"allow":["GET"]}}],"collection":[{"href":"https:\/\/www.casaldelsinfants.org\/es\/wp-json\/wp\/v2\/posts"}],"about":[{"href":"https:\/\/www.casaldelsinfants.org\/es\/wp-json\/wp\/v2\/types\/post"}],"author":[{"embeddable":true,"href":"https:\/\/www.casaldelsinfants.org\/es\/wp-json\/wp\/v2\/users\/1"}],"replies":[{"embeddable":true,"href":"https:\/\/www.casaldelsinfants.org\/es\/wp-json\/wp\/v2\/comments?post=4530"}],"version-history":[{"count":1,"href":"https:\/\/www.casaldelsinfants.org\/es\/wp-json\/wp\/v2\/posts\/4530\/revisions"}],"predecessor-version":[{"id":6446,"href":"https:\/\/www.casaldelsinfants.org\/es\/wp-json\/wp\/v2\/posts\/4530\/revisions\/6446"}],"wp:featuredmedia":[{"embeddable":true,"href":"https:\/\/www.casaldelsinfants.org\/es\/wp-json\/wp\/v2\/media\/3550"}],"wp:attachment":[{"href":"https:\/\/www.casaldelsinfants.org\/es\/wp-json\/wp\/v2\/media?parent=4530"}],"wp:term":[{"taxonomy":"category","embeddable":true,"href":"https:\/\/www.casaldelsinfants.org\/es\/wp-json\/wp\/v2\/categories?post=4530"},{"taxonomy":"post_tag","embeddable":true,"href":"https:\/\/www.casaldelsinfants.org\/es\/wp-json\/wp\/v2\/tags?post=4530"},{"taxonomy":"seus","embeddable":true,"href":"https:\/\/www.casaldelsinfants.org\/es\/wp-json\/wp\/v2\/seus?post=4530"},{"taxonomy":"eixos","embeddable":true,"href":"https:\/\/www.casaldelsinfants.org\/es\/wp-json\/wp\/v2\/eixos?post=4530"}],"curies":[{"name":"wp","href":"https:\/\/api.w.org\/{rel}","templated":true}]}}