{"id":4531,"date":"2018-02-01T10:19:28","date_gmt":"2018-02-01T08:19:28","guid":{"rendered":"https:\/\/casal.puntzero.cat\/noticies\/casals-de-nadal-emocions-i-magia-compartides\/"},"modified":"2023-09-05T10:40:27","modified_gmt":"2023-09-05T08:40:27","slug":"casals-de-nadal-emocions-i-magia-compartides","status":"publish","type":"post","link":"https:\/\/www.casaldelsinfants.org\/es\/actualidad\/casals-de-nadal-emocions-i-magia-compartides\/","title":{"rendered":"Casals de Nadal: \u00a1emociones y magia compartidas!"},"content":{"rendered":"<p>Las\u00a0<strong>fiestas de Navidad<\/strong>\u00a0tienen que servir para\u00a0<strong>descansar, divertirse y seguir aprendiendo<\/strong>. Y para hacerlo en<strong>\u00a0igualdad de oportunidades<\/strong>, muchos ni\u00f1os y ni\u00f1as est\u00e1n participando en las actividades de los\u00a0<strong>Casals de Nadal del Casal dels Infants<\/strong>.<\/p>\n<p>Est\u00e1n siendo d\u00edas cargados de actividades, que quedar\u00e1n bien guardados en la memoria y plasmados en un buen pu\u00f1ado de fotograf\u00edas. Los ni\u00f1os y ni\u00f1as de\u00a0<strong>Salt<\/strong>, por ejemplo, pudieron practicar un mont\u00f3n de deportes durante la excursi\u00f3n al Sal\u00f3 de la inf\u00e0ncia i la joventut de Nadal de Girona, el\u00a0<strong>Lleuresport<\/strong>.<\/p>\n<figure class=\"align-center\" role=\"group\"><img decoding=\"async\" src=\"\/wp-content\/uploads\/inline-images\/IMG-20180102-WA0007.jpg\" alt=\"Nens i nenes de Salt d'excursi\u00f3 a Lleuresport\" width=\"480\" height=\"360\" data-entity-type=\"file\" data-entity-uuid=\"64515262-5491-487d-a430-adae298e2b6b\" data-image-style=\"large\" \/><\/figure>\n<p>Ni\u00f1as y ni\u00f1os de Salt de excursi\u00f3n en Lleuresport<\/p>\n<p>Los del proyecto\u00a0<strong>Entorn Escolar del Bes\u00f2s y la Mina<\/strong>\u00a0visitaron el\u00a0<strong>Parc Cultural de Nadal de Badalona<\/strong>, donde pudieron ir en patinete, bailar hip hop y pintar con espr\u00e1is, entre otras actividades.<\/p>\n<p>Tambi\u00e9n estuvieron all\u00ed de visita los ni\u00f1os y ni\u00f1as del\u00a0<strong>Casal dels Infants de Badalona<\/strong>, que durante todos estos d\u00edas han hecho actividades relacionadas con la multiculturalidad. \u00a1Con el taller de cocina de todo el mundo se chuparon los dedos!<\/p>\n<p>Los chicos y chicas del proyecto\u00a0<strong>Anem i Tornem de Santa Coloma de Gramenet<\/strong>\u00a0tambi\u00e9n han disfrutado yendo de arriba abajo, como por ejemplo el d\u00eda en que visitaron el\u00a0<strong>Sal\u00f3 de la inf\u00e0ncia de Cornell\u00e0 de Llobregat<\/strong>. Y los del\u00a0<strong>Casal Jove<\/strong>\u00a0han aprendido a coser a m\u00e1quina con la ayuda del grupo de mujeres\u00a0<strong>\u201cEl hilo del Casal\u201d<\/strong>del Casal Familiar.<\/p>\n<figure class=\"align-center\" role=\"group\"><img decoding=\"async\" src=\"\/wp-content\/uploads\/inline-images\/IMG-20180104-WA0000.jpg\" alt=\"Un noi del Casal Jove de Santa Coloma de Gramenet aprenent a cosir amb una integrant del grup &quot;El hilo del Casal&quot; del Casal Familiar\" width=\"480\" height=\"288\" data-entity-type=\"file\" data-entity-uuid=\"ea062614-daa0-4128-912c-7c7a04145cee\" data-image-style=\"large\" \/><\/figure>\n<p class=\"verd text-align-justify\">Un chico del Casal Jove de Santa Coloma de Gramenet aprendiendo a coser con el grupo de mujeres \u00abEl hilo del Casal\u00bb<\/p>\n<p class=\"verd text-align-justify\">En el barrio del\u00a0<strong>Raval<\/strong>\u00a0de Barcelona, los chicos y chicas del\u00a0<strong>Casal Obert Infantil\u00a0<\/strong>compartieron un\u00a0<strong>desayuno-vermut en la plaza Folch i Torres<\/strong>\u00a0con sus familias y el equipo de educadores, educadoras y personas voluntarias. La\u00a0<strong>AMPA del Casal<\/strong>\u00a0organiz\u00f3 un mercado, y se sortearon paneras de Navidad. En la misma plaza, este jueves se ha hecho un<strong>\u00a0taller de circo<\/strong>, una excusa genial para entregarse a la fantas\u00eda y tratar de mantener el equilibrio.<\/p>\n<figure class=\"align-center\" role=\"group\"><img decoding=\"async\" src=\"\/wp-content\/uploads\/inline-images\/IMG-20180104-WA0012.jpg\" alt=\"Un nen del Casal Obert Infantil del Raval provant un monocicle durant el taller de circ\" width=\"360\" height=\"480\" data-entity-type=\"file\" data-entity-uuid=\"9a77e6ad-2711-4819-b889-d8e4d4ea2487\" data-image-style=\"large\" \/><\/figure>\n<p class=\"verd text-align-justify\">Un ni\u00f1o del Casal Obert Infantil del Raval provando un monociclo en el taller de circo<\/p>\n<p class=\"verd text-align-justify\">A tantas emociones hay que sumar las que provoc\u00f3\u00a0<strong>el Ti\u00f3<\/strong>\u00a0y sus generosas cagadas, as\u00ed como la magia que se respira en los d\u00edas previos a la llegada de los\u00a0<strong>Reyes Magos<\/strong>. Y, sobretodo, hay que destacar la\u00a0<strong>alegr\u00eda de poder compartir todos estos momentos con los compa\u00f1eros y compa\u00f1eras. \u00a1Buen final de fiestas y buen a\u00f1o para todo el mundo!<\/strong><\/p>\n","protected":false},"excerpt":{"rendered":"<p>Las\u00a0fiestas de Navidad\u00a0tienen que servir para\u00a0descansar, divertirse y seguir aprendiendo. Y para hacerlo en\u00a0igualdad de oportunidades, muchos ni\u00f1os y ni\u00f1as est\u00e1n participando en las actividades de los\u00a0Casals de Nadal del Casal dels Infants. Est\u00e1n siendo d\u00edas cargados de actividades, que quedar\u00e1n bien guardados en la memoria y plasmados en un buen pu\u00f1ado de fotograf\u00edas. Los [&hellip;]<\/p>\n","protected":false},"author":1,"featured_media":3553,"comment_status":"open","ping_status":"open","sticky":false,"template":"","format":"standard","meta":{"_acf_changed":false,"_et_pb_use_builder":"","_et_pb_old_content":"","_et_gb_content_width":"","inline_featured_image":false,"footnotes":""},"categories":[125],"tags":[124],"seus":[],"eixos":[99,207],"class_list":["post-4531","post","type-post","status-publish","format-standard","has-post-thumbnail","hentry","category-noticias","tag-navidad","eixos-infancia-y-adolescencia","eixos-infancia-i-adolescencia-es-2"],"acf":[],"yoast_head":"<!-- This site is optimized with the Yoast SEO plugin v27.4 - https:\/\/yoast.com\/product\/yoast-seo-wordpress\/ -->\n<title>Casals de Nadal: \u00a1emociones y magia compartidas! - Casal dels Infants<\/title>\n<meta name=\"robots\" content=\"index, follow, max-snippet:-1, max-image-preview:large, max-video-preview:-1\" \/>\n<link rel=\"canonical\" href=\"https:\/\/www.casaldelsinfants.org\/es\/actualidad\/casals-de-nadal-emocions-i-magia-compartides\/\" \/>\n<meta property=\"og:locale\" content=\"es_ES\" \/>\n<meta property=\"og:type\" content=\"article\" \/>\n<meta property=\"og:title\" content=\"Casals de Nadal: \u00a1emociones y magia compartidas! - Casal dels Infants\" \/>\n<meta property=\"og:description\" content=\"Las\u00a0fiestas de Navidad\u00a0tienen que servir para\u00a0descansar, divertirse y seguir aprendiendo. Y para hacerlo en\u00a0igualdad de oportunidades, muchos ni\u00f1os y ni\u00f1as est\u00e1n participando en las actividades de los\u00a0Casals de Nadal del Casal dels Infants. Est\u00e1n siendo d\u00edas cargados de actividades, que quedar\u00e1n bien guardados en la memoria y plasmados en un buen pu\u00f1ado de fotograf\u00edas. Los [&hellip;]\" \/>\n<meta property=\"og:url\" content=\"https:\/\/www.casaldelsinfants.org\/es\/actualidad\/casals-de-nadal-emocions-i-magia-compartides\/\" \/>\n<meta property=\"og:site_name\" content=\"Casal dels Infants\" \/>\n<meta property=\"article:publisher\" content=\"https:\/\/www.facebook.com\/casalinfants\" \/>\n<meta property=\"article:published_time\" content=\"2018-02-01T08:19:28+00:00\" \/>\n<meta property=\"article:modified_time\" content=\"2023-09-05T08:40:27+00:00\" \/>\n<meta property=\"og:image\" content=\"https:\/\/www.casaldelsinfants.org\/wp-content\/uploads\/IMG-20180102-WA0017.jpg\" \/>\n\t<meta property=\"og:image:width\" content=\"1600\" \/>\n\t<meta property=\"og:image:height\" content=\"900\" \/>\n\t<meta property=\"og:image:type\" content=\"image\/jpeg\" \/>\n<meta name=\"author\" content=\"cdiAdmin\" \/>\n<meta name=\"twitter:card\" content=\"summary_large_image\" \/>\n<meta name=\"twitter:creator\" content=\"@casalinfants\" \/>\n<meta name=\"twitter:site\" content=\"@casalinfants\" \/>\n<meta name=\"twitter:label1\" content=\"Escrito por\" \/>\n\t<meta name=\"twitter:data1\" content=\"cdiAdmin\" \/>\n\t<meta name=\"twitter:label2\" content=\"Tiempo de lectura\" \/>\n\t<meta name=\"twitter:data2\" content=\"3 minutos\" \/>\n<script type=\"application\/ld+json\" class=\"yoast-schema-graph\">{\"@context\":\"https:\\\/\\\/schema.org\",\"@graph\":[{\"@type\":\"Article\",\"@id\":\"https:\\\/\\\/www.casaldelsinfants.org\\\/es\\\/actualidad\\\/casals-de-nadal-emocions-i-magia-compartides\\\/#article\",\"isPartOf\":{\"@id\":\"https:\\\/\\\/www.casaldelsinfants.org\\\/es\\\/actualidad\\\/casals-de-nadal-emocions-i-magia-compartides\\\/\"},\"author\":{\"name\":\"cdiAdmin\",\"@id\":\"https:\\\/\\\/www.casaldelsinfants.org\\\/es\\\/#\\\/schema\\\/person\\\/97707fc8c64900cf36891127dbf9fba8\"},\"headline\":\"Casals de Nadal: \u00a1emociones y magia compartidas!\",\"datePublished\":\"2018-02-01T08:19:28+00:00\",\"dateModified\":\"2023-09-05T08:40:27+00:00\",\"mainEntityOfPage\":{\"@id\":\"https:\\\/\\\/www.casaldelsinfants.org\\\/es\\\/actualidad\\\/casals-de-nadal-emocions-i-magia-compartides\\\/\"},\"wordCount\":451,\"commentCount\":0,\"publisher\":{\"@id\":\"https:\\\/\\\/www.casaldelsinfants.org\\\/es\\\/#organization\"},\"image\":{\"@id\":\"https:\\\/\\\/www.casaldelsinfants.org\\\/es\\\/actualidad\\\/casals-de-nadal-emocions-i-magia-compartides\\\/#primaryimage\"},\"thumbnailUrl\":\"https:\\\/\\\/www.casaldelsinfants.org\\\/wp-content\\\/uploads\\\/IMG-20180102-WA0017.jpg\",\"keywords\":[\"Navidad\"],\"articleSection\":[\"Noticia\"],\"inLanguage\":\"es\",\"potentialAction\":[{\"@type\":\"CommentAction\",\"name\":\"Comment\",\"target\":[\"https:\\\/\\\/www.casaldelsinfants.org\\\/es\\\/actualidad\\\/casals-de-nadal-emocions-i-magia-compartides\\\/#respond\"]}]},{\"@type\":\"WebPage\",\"@id\":\"https:\\\/\\\/www.casaldelsinfants.org\\\/es\\\/actualidad\\\/casals-de-nadal-emocions-i-magia-compartides\\\/\",\"url\":\"https:\\\/\\\/www.casaldelsinfants.org\\\/es\\\/actualidad\\\/casals-de-nadal-emocions-i-magia-compartides\\\/\",\"name\":\"Casals de Nadal: \u00a1emociones y magia compartidas! - Casal dels Infants\",\"isPartOf\":{\"@id\":\"https:\\\/\\\/www.casaldelsinfants.org\\\/es\\\/#website\"},\"primaryImageOfPage\":{\"@id\":\"https:\\\/\\\/www.casaldelsinfants.org\\\/es\\\/actualidad\\\/casals-de-nadal-emocions-i-magia-compartides\\\/#primaryimage\"},\"image\":{\"@id\":\"https:\\\/\\\/www.casaldelsinfants.org\\\/es\\\/actualidad\\\/casals-de-nadal-emocions-i-magia-compartides\\\/#primaryimage\"},\"thumbnailUrl\":\"https:\\\/\\\/www.casaldelsinfants.org\\\/wp-content\\\/uploads\\\/IMG-20180102-WA0017.jpg\",\"datePublished\":\"2018-02-01T08:19:28+00:00\",\"dateModified\":\"2023-09-05T08:40:27+00:00\",\"breadcrumb\":{\"@id\":\"https:\\\/\\\/www.casaldelsinfants.org\\\/es\\\/actualidad\\\/casals-de-nadal-emocions-i-magia-compartides\\\/#breadcrumb\"},\"inLanguage\":\"es\",\"potentialAction\":[{\"@type\":\"ReadAction\",\"target\":[\"https:\\\/\\\/www.casaldelsinfants.org\\\/es\\\/actualidad\\\/casals-de-nadal-emocions-i-magia-compartides\\\/\"]}]},{\"@type\":\"ImageObject\",\"inLanguage\":\"es\",\"@id\":\"https:\\\/\\\/www.casaldelsinfants.org\\\/es\\\/actualidad\\\/casals-de-nadal-emocions-i-magia-compartides\\\/#primaryimage\",\"url\":\"https:\\\/\\\/www.casaldelsinfants.org\\\/wp-content\\\/uploads\\\/IMG-20180102-WA0017.jpg\",\"contentUrl\":\"https:\\\/\\\/www.casaldelsinfants.org\\\/wp-content\\\/uploads\\\/IMG-20180102-WA0017.jpg\",\"width\":1600,\"height\":900,\"caption\":\"Nens amb esprais de pintura\"},{\"@type\":\"BreadcrumbList\",\"@id\":\"https:\\\/\\\/www.casaldelsinfants.org\\\/es\\\/actualidad\\\/casals-de-nadal-emocions-i-magia-compartides\\\/#breadcrumb\",\"itemListElement\":[{\"@type\":\"ListItem\",\"position\":1,\"name\":\"Inici\",\"item\":\"https:\\\/\\\/www.casaldelsinfants.org\\\/es\\\/\"},{\"@type\":\"ListItem\",\"position\":2,\"name\":\"Casals de Nadal: \u00a1emociones y magia compartidas!\"}]},{\"@type\":\"WebSite\",\"@id\":\"https:\\\/\\\/www.casaldelsinfants.org\\\/es\\\/#website\",\"url\":\"https:\\\/\\\/www.casaldelsinfants.org\\\/es\\\/\",\"name\":\"Casal dels Infants\",\"description\":\"\",\"publisher\":{\"@id\":\"https:\\\/\\\/www.casaldelsinfants.org\\\/es\\\/#organization\"},\"potentialAction\":[{\"@type\":\"SearchAction\",\"target\":{\"@type\":\"EntryPoint\",\"urlTemplate\":\"https:\\\/\\\/www.casaldelsinfants.org\\\/es\\\/?s={search_term_string}\"},\"query-input\":{\"@type\":\"PropertyValueSpecification\",\"valueRequired\":true,\"valueName\":\"search_term_string\"}}],\"inLanguage\":\"es\"},{\"@type\":\"Organization\",\"@id\":\"https:\\\/\\\/www.casaldelsinfants.org\\\/es\\\/#organization\",\"name\":\"Casal dels Infants\",\"url\":\"https:\\\/\\\/www.casaldelsinfants.org\\\/es\\\/\",\"logo\":{\"@type\":\"ImageObject\",\"inLanguage\":\"es\",\"@id\":\"https:\\\/\\\/www.casaldelsinfants.org\\\/es\\\/#\\\/schema\\\/logo\\\/image\\\/\",\"url\":\"https:\\\/\\\/www.casaldelsinfants.org\\\/wp-content\\\/uploads\\\/logo-mail.png\",\"contentUrl\":\"https:\\\/\\\/www.casaldelsinfants.org\\\/wp-content\\\/uploads\\\/logo-mail.png\",\"width\":380,\"height\":158,\"caption\":\"Casal dels Infants\"},\"image\":{\"@id\":\"https:\\\/\\\/www.casaldelsinfants.org\\\/es\\\/#\\\/schema\\\/logo\\\/image\\\/\"},\"sameAs\":[\"https:\\\/\\\/www.facebook.com\\\/casalinfants\",\"https:\\\/\\\/x.com\\\/casalinfants\",\"https:\\\/\\\/www.youtube.com\\\/user\\\/CasaldelsInfants1\",\"https:\\\/\\\/www.instagram.com\\\/casalinfants\\\/\",\"https:\\\/\\\/www.linkedin.com\\\/company\\\/casaldelsinfants?trk=organization-update_share-update_actor-text\"]},{\"@type\":\"Person\",\"@id\":\"https:\\\/\\\/www.casaldelsinfants.org\\\/es\\\/#\\\/schema\\\/person\\\/97707fc8c64900cf36891127dbf9fba8\",\"name\":\"cdiAdmin\",\"sameAs\":[\"https:\\\/\\\/casaldelsinfants.org\"]}]}<\/script>\n<!-- \/ Yoast SEO plugin. -->","yoast_head_json":{"title":"Casals de Nadal: \u00a1emociones y magia compartidas! - Casal dels Infants","robots":{"index":"index","follow":"follow","max-snippet":"max-snippet:-1","max-image-preview":"max-image-preview:large","max-video-preview":"max-video-preview:-1"},"canonical":"https:\/\/www.casaldelsinfants.org\/es\/actualidad\/casals-de-nadal-emocions-i-magia-compartides\/","og_locale":"es_ES","og_type":"article","og_title":"Casals de Nadal: \u00a1emociones y magia compartidas! - Casal dels Infants","og_description":"Las\u00a0fiestas de Navidad\u00a0tienen que servir para\u00a0descansar, divertirse y seguir aprendiendo. Y para hacerlo en\u00a0igualdad de oportunidades, muchos ni\u00f1os y ni\u00f1as est\u00e1n participando en las actividades de los\u00a0Casals de Nadal del Casal dels Infants. Est\u00e1n siendo d\u00edas cargados de actividades, que quedar\u00e1n bien guardados en la memoria y plasmados en un buen pu\u00f1ado de fotograf\u00edas. Los [&hellip;]","og_url":"https:\/\/www.casaldelsinfants.org\/es\/actualidad\/casals-de-nadal-emocions-i-magia-compartides\/","og_site_name":"Casal dels Infants","article_publisher":"https:\/\/www.facebook.com\/casalinfants","article_published_time":"2018-02-01T08:19:28+00:00","article_modified_time":"2023-09-05T08:40:27+00:00","og_image":[{"width":1600,"height":900,"url":"https:\/\/www.casaldelsinfants.org\/wp-content\/uploads\/IMG-20180102-WA0017.jpg","type":"image\/jpeg"}],"author":"cdiAdmin","twitter_card":"summary_large_image","twitter_creator":"@casalinfants","twitter_site":"@casalinfants","twitter_misc":{"Escrito por":"cdiAdmin","Tiempo de lectura":"3 minutos"},"schema":{"@context":"https:\/\/schema.org","@graph":[{"@type":"Article","@id":"https:\/\/www.casaldelsinfants.org\/es\/actualidad\/casals-de-nadal-emocions-i-magia-compartides\/#article","isPartOf":{"@id":"https:\/\/www.casaldelsinfants.org\/es\/actualidad\/casals-de-nadal-emocions-i-magia-compartides\/"},"author":{"name":"cdiAdmin","@id":"https:\/\/www.casaldelsinfants.org\/es\/#\/schema\/person\/97707fc8c64900cf36891127dbf9fba8"},"headline":"Casals de Nadal: \u00a1emociones y magia compartidas!","datePublished":"2018-02-01T08:19:28+00:00","dateModified":"2023-09-05T08:40:27+00:00","mainEntityOfPage":{"@id":"https:\/\/www.casaldelsinfants.org\/es\/actualidad\/casals-de-nadal-emocions-i-magia-compartides\/"},"wordCount":451,"commentCount":0,"publisher":{"@id":"https:\/\/www.casaldelsinfants.org\/es\/#organization"},"image":{"@id":"https:\/\/www.casaldelsinfants.org\/es\/actualidad\/casals-de-nadal-emocions-i-magia-compartides\/#primaryimage"},"thumbnailUrl":"https:\/\/www.casaldelsinfants.org\/wp-content\/uploads\/IMG-20180102-WA0017.jpg","keywords":["Navidad"],"articleSection":["Noticia"],"inLanguage":"es","potentialAction":[{"@type":"CommentAction","name":"Comment","target":["https:\/\/www.casaldelsinfants.org\/es\/actualidad\/casals-de-nadal-emocions-i-magia-compartides\/#respond"]}]},{"@type":"WebPage","@id":"https:\/\/www.casaldelsinfants.org\/es\/actualidad\/casals-de-nadal-emocions-i-magia-compartides\/","url":"https:\/\/www.casaldelsinfants.org\/es\/actualidad\/casals-de-nadal-emocions-i-magia-compartides\/","name":"Casals de Nadal: \u00a1emociones y magia compartidas! - Casal dels Infants","isPartOf":{"@id":"https:\/\/www.casaldelsinfants.org\/es\/#website"},"primaryImageOfPage":{"@id":"https:\/\/www.casaldelsinfants.org\/es\/actualidad\/casals-de-nadal-emocions-i-magia-compartides\/#primaryimage"},"image":{"@id":"https:\/\/www.casaldelsinfants.org\/es\/actualidad\/casals-de-nadal-emocions-i-magia-compartides\/#primaryimage"},"thumbnailUrl":"https:\/\/www.casaldelsinfants.org\/wp-content\/uploads\/IMG-20180102-WA0017.jpg","datePublished":"2018-02-01T08:19:28+00:00","dateModified":"2023-09-05T08:40:27+00:00","breadcrumb":{"@id":"https:\/\/www.casaldelsinfants.org\/es\/actualidad\/casals-de-nadal-emocions-i-magia-compartides\/#breadcrumb"},"inLanguage":"es","potentialAction":[{"@type":"ReadAction","target":["https:\/\/www.casaldelsinfants.org\/es\/actualidad\/casals-de-nadal-emocions-i-magia-compartides\/"]}]},{"@type":"ImageObject","inLanguage":"es","@id":"https:\/\/www.casaldelsinfants.org\/es\/actualidad\/casals-de-nadal-emocions-i-magia-compartides\/#primaryimage","url":"https:\/\/www.casaldelsinfants.org\/wp-content\/uploads\/IMG-20180102-WA0017.jpg","contentUrl":"https:\/\/www.casaldelsinfants.org\/wp-content\/uploads\/IMG-20180102-WA0017.jpg","width":1600,"height":900,"caption":"Nens amb esprais de pintura"},{"@type":"BreadcrumbList","@id":"https:\/\/www.casaldelsinfants.org\/es\/actualidad\/casals-de-nadal-emocions-i-magia-compartides\/#breadcrumb","itemListElement":[{"@type":"ListItem","position":1,"name":"Inici","item":"https:\/\/www.casaldelsinfants.org\/es\/"},{"@type":"ListItem","position":2,"name":"Casals de Nadal: \u00a1emociones y magia compartidas!"}]},{"@type":"WebSite","@id":"https:\/\/www.casaldelsinfants.org\/es\/#website","url":"https:\/\/www.casaldelsinfants.org\/es\/","name":"Casal dels Infants","description":"","publisher":{"@id":"https:\/\/www.casaldelsinfants.org\/es\/#organization"},"potentialAction":[{"@type":"SearchAction","target":{"@type":"EntryPoint","urlTemplate":"https:\/\/www.casaldelsinfants.org\/es\/?s={search_term_string}"},"query-input":{"@type":"PropertyValueSpecification","valueRequired":true,"valueName":"search_term_string"}}],"inLanguage":"es"},{"@type":"Organization","@id":"https:\/\/www.casaldelsinfants.org\/es\/#organization","name":"Casal dels Infants","url":"https:\/\/www.casaldelsinfants.org\/es\/","logo":{"@type":"ImageObject","inLanguage":"es","@id":"https:\/\/www.casaldelsinfants.org\/es\/#\/schema\/logo\/image\/","url":"https:\/\/www.casaldelsinfants.org\/wp-content\/uploads\/logo-mail.png","contentUrl":"https:\/\/www.casaldelsinfants.org\/wp-content\/uploads\/logo-mail.png","width":380,"height":158,"caption":"Casal dels Infants"},"image":{"@id":"https:\/\/www.casaldelsinfants.org\/es\/#\/schema\/logo\/image\/"},"sameAs":["https:\/\/www.facebook.com\/casalinfants","https:\/\/x.com\/casalinfants","https:\/\/www.youtube.com\/user\/CasaldelsInfants1","https:\/\/www.instagram.com\/casalinfants\/","https:\/\/www.linkedin.com\/company\/casaldelsinfants?trk=organization-update_share-update_actor-text"]},{"@type":"Person","@id":"https:\/\/www.casaldelsinfants.org\/es\/#\/schema\/person\/97707fc8c64900cf36891127dbf9fba8","name":"cdiAdmin","sameAs":["https:\/\/casaldelsinfants.org"]}]}},"publishpress_future_action":{"enabled":false,"date":"2026-05-07 09:09:44","action":"change-status","newStatus":"draft","terms":[],"taxonomy":"category","extraData":[]},"publishpress_future_workflow_manual_trigger":{"enabledWorkflows":[]},"_links":{"self":[{"href":"https:\/\/www.casaldelsinfants.org\/es\/wp-json\/wp\/v2\/posts\/4531","targetHints":{"allow":["GET"]}}],"collection":[{"href":"https:\/\/www.casaldelsinfants.org\/es\/wp-json\/wp\/v2\/posts"}],"about":[{"href":"https:\/\/www.casaldelsinfants.org\/es\/wp-json\/wp\/v2\/types\/post"}],"author":[{"embeddable":true,"href":"https:\/\/www.casaldelsinfants.org\/es\/wp-json\/wp\/v2\/users\/1"}],"replies":[{"embeddable":true,"href":"https:\/\/www.casaldelsinfants.org\/es\/wp-json\/wp\/v2\/comments?post=4531"}],"version-history":[{"count":2,"href":"https:\/\/www.casaldelsinfants.org\/es\/wp-json\/wp\/v2\/posts\/4531\/revisions"}],"predecessor-version":[{"id":13702,"href":"https:\/\/www.casaldelsinfants.org\/es\/wp-json\/wp\/v2\/posts\/4531\/revisions\/13702"}],"wp:featuredmedia":[{"embeddable":true,"href":"https:\/\/www.casaldelsinfants.org\/es\/wp-json\/wp\/v2\/media\/3553"}],"wp:attachment":[{"href":"https:\/\/www.casaldelsinfants.org\/es\/wp-json\/wp\/v2\/media?parent=4531"}],"wp:term":[{"taxonomy":"category","embeddable":true,"href":"https:\/\/www.casaldelsinfants.org\/es\/wp-json\/wp\/v2\/categories?post=4531"},{"taxonomy":"post_tag","embeddable":true,"href":"https:\/\/www.casaldelsinfants.org\/es\/wp-json\/wp\/v2\/tags?post=4531"},{"taxonomy":"seus","embeddable":true,"href":"https:\/\/www.casaldelsinfants.org\/es\/wp-json\/wp\/v2\/seus?post=4531"},{"taxonomy":"eixos","embeddable":true,"href":"https:\/\/www.casaldelsinfants.org\/es\/wp-json\/wp\/v2\/eixos?post=4531"}],"curies":[{"name":"wp","href":"https:\/\/api.w.org\/{rel}","templated":true}]}}