{"id":4533,"date":"2018-02-01T10:11:08","date_gmt":"2018-02-01T08:11:08","guid":{"rendered":"https:\/\/casal.puntzero.cat\/noticies\/escriptors-i-escriptores-expliquen-contes-als-nens-i-nenes-del-raval-fomentar-los-la\/"},"modified":"2023-06-08T12:32:25","modified_gmt":"2023-06-08T10:32:25","slug":"escriptors-i-escriptores-expliquen-contes-als-nens-i-nenes-del-raval-fomentar-los-la","status":"publish","type":"post","link":"https:\/\/www.casaldelsinfants.org\/es\/actualidad\/escritores-explican-cuentos-ninos-raval\/","title":{"rendered":"Escritores y escritoras explican cuentos a ni\u00f1os y ni\u00f1as del Raval para fomentarles la lectura"},"content":{"rendered":"<p>\u00bfQu\u00e9 mejor manera de disfrutar de la lectura que<strong>\u00a0escuchar cuentos de la voz de personas que los escriben<\/strong>? \u00c9sta es la suerte que tuvieron los ni\u00f1os y ni\u00f1as del\u00a0<strong>Casal dels Infants\u00a0<\/strong>del barrio del\u00a0<strong>Raval de Barcelona<\/strong>, que en diciembre participaron en una actividad para\u00a0<strong>fomentar la lectura<\/strong>\u00a0impulsada por la\u00a0<strong>Associaci\u00f3 d\u2019Escriptors en Llengua Catalana (AELC)<\/strong>.<\/p>\n<p>Los participantes fueron las escritoras\u00a0<strong>Maica Duaig\u00fces, Montserrat Morera, Ivone Puig y Montse Vancells<\/strong>, y el escritor\u00a0<strong>Elies Barber\u00e0<\/strong>, socias y socio de la AELC. Cada autora o autor visit\u00f3 durante cuatro tardes a un grupo de chicos y chicas del Casal dels Infants, cargando una buena selecci\u00f3n literaria:\u00a0<strong>desde novelas gr\u00e1ficas hasta cl\u00e1sicos de la literatura infantil y juvenil<\/strong>.<\/p>\n<p>Y las sorpresas no se acabaron aqu\u00ed. Los ni\u00f1os y ni\u00f1as\u00a0<strong>podr\u00e1n releer el centenar de libros<\/strong>\u00a0que descubrieron durante la actividad, ya que\u00a0<strong>la AELC los ha donado a la biblioteca del Casal dels Infants<\/strong>. Cada ni\u00f1o o ni\u00f1a, adem\u00e1s, recibi\u00f3 como<strong>\u00a0regalo<\/strong>\u00a0personal el libro que m\u00e1s le gust\u00f3.<\/p>\n<p>Todo ello fue una gran experiencia que el Casal dels Infants y la AELC esperan\u00a0<strong>poder repetir muy pronto<\/strong>. La iniciativa cont\u00f3 con el patrocinio de la Direcci\u00f3 General de Pol\u00edtica Ling\u00fc\u00edstica de la Generalitat de Catalunya y de la asociaci\u00f3n de autores y editores CEDRO, \u00a0as\u00ed como con la colaboraci\u00f3n de la Instituci\u00f3 de les Lletres Catalanes.<\/p>\n","protected":false},"excerpt":{"rendered":"<p>\u00bfQu\u00e9 mejor manera de disfrutar de la lectura que\u00a0escuchar cuentos de la voz de personas que los escriben? \u00c9sta es la suerte que tuvieron los ni\u00f1os y ni\u00f1as del\u00a0Casal dels Infants\u00a0del barrio del\u00a0Raval de Barcelona, que en diciembre participaron en una actividad para\u00a0fomentar la lectura\u00a0impulsada por la\u00a0Associaci\u00f3 d\u2019Escriptors en Llengua Catalana (AELC). Los participantes fueron [&hellip;]<\/p>\n","protected":false},"author":1,"featured_media":3559,"comment_status":"open","ping_status":"open","sticky":false,"template":"","format":"standard","meta":{"_acf_changed":false,"_et_pb_use_builder":"","_et_pb_old_content":"","_et_gb_content_width":"","inline_featured_image":false,"footnotes":""},"categories":[125],"tags":[],"seus":[157],"eixos":[99],"class_list":["post-4533","post","type-post","status-publish","format-standard","has-post-thumbnail","hentry","category-noticias","seus-el-raval","eixos-infancia-y-adolescencia"],"acf":[],"yoast_head":"<!-- This site is optimized with the Yoast SEO plugin v27.4 - https:\/\/yoast.com\/product\/yoast-seo-wordpress\/ -->\n<title>Escritores y escritoras explican cuentos a ni\u00f1os y ni\u00f1as del Raval para fomentarles la lectura - Casal dels Infants<\/title>\n<meta name=\"robots\" content=\"index, follow, max-snippet:-1, max-image-preview:large, max-video-preview:-1\" \/>\n<link rel=\"canonical\" href=\"https:\/\/www.casaldelsinfants.org\/es\/actualidad\/escritores-explican-cuentos-ninos-raval\/\" \/>\n<meta property=\"og:locale\" content=\"es_ES\" \/>\n<meta property=\"og:type\" content=\"article\" \/>\n<meta property=\"og:title\" content=\"Escritores y escritoras explican cuentos a ni\u00f1os y ni\u00f1as del Raval para fomentarles la lectura - Casal dels Infants\" \/>\n<meta property=\"og:description\" content=\"\u00bfQu\u00e9 mejor manera de disfrutar de la lectura que\u00a0escuchar cuentos de la voz de personas que los escriben? \u00c9sta es la suerte que tuvieron los ni\u00f1os y ni\u00f1as del\u00a0Casal dels Infants\u00a0del barrio del\u00a0Raval de Barcelona, que en diciembre participaron en una actividad para\u00a0fomentar la lectura\u00a0impulsada por la\u00a0Associaci\u00f3 d\u2019Escriptors en Llengua Catalana (AELC). Los participantes fueron [&hellip;]\" \/>\n<meta property=\"og:url\" content=\"https:\/\/www.casaldelsinfants.org\/es\/actualidad\/escritores-explican-cuentos-ninos-raval\/\" \/>\n<meta property=\"og:site_name\" content=\"Casal dels Infants\" \/>\n<meta property=\"article:publisher\" content=\"https:\/\/www.facebook.com\/casalinfants\" \/>\n<meta property=\"article:published_time\" content=\"2018-02-01T08:11:08+00:00\" \/>\n<meta property=\"article:modified_time\" content=\"2023-06-08T10:32:25+00:00\" \/>\n<meta property=\"og:image\" content=\"https:\/\/www.casaldelsinfants.org\/wp-content\/uploads\/montserrat_morera.jpeg\" \/>\n\t<meta property=\"og:image:width\" content=\"615\" \/>\n\t<meta property=\"og:image:height\" content=\"490\" \/>\n\t<meta property=\"og:image:type\" content=\"image\/jpeg\" \/>\n<meta name=\"author\" content=\"cdiAdmin\" \/>\n<meta name=\"twitter:card\" content=\"summary_large_image\" \/>\n<meta name=\"twitter:creator\" content=\"@casalinfants\" \/>\n<meta name=\"twitter:site\" content=\"@casalinfants\" \/>\n<meta name=\"twitter:label1\" content=\"Escrito por\" \/>\n\t<meta name=\"twitter:data1\" content=\"cdiAdmin\" \/>\n\t<meta name=\"twitter:label2\" content=\"Tiempo de lectura\" \/>\n\t<meta name=\"twitter:data2\" content=\"2 minutos\" \/>\n<script type=\"application\/ld+json\" class=\"yoast-schema-graph\">{\"@context\":\"https:\\\/\\\/schema.org\",\"@graph\":[{\"@type\":\"Article\",\"@id\":\"https:\\\/\\\/www.casaldelsinfants.org\\\/es\\\/actualidad\\\/escritores-explican-cuentos-ninos-raval\\\/#article\",\"isPartOf\":{\"@id\":\"https:\\\/\\\/www.casaldelsinfants.org\\\/es\\\/actualidad\\\/escritores-explican-cuentos-ninos-raval\\\/\"},\"author\":{\"name\":\"cdiAdmin\",\"@id\":\"https:\\\/\\\/www.casaldelsinfants.org\\\/es\\\/#\\\/schema\\\/person\\\/97707fc8c64900cf36891127dbf9fba8\"},\"headline\":\"Escritores y escritoras explican cuentos a ni\u00f1os y ni\u00f1as del Raval para fomentarles la lectura\",\"datePublished\":\"2018-02-01T08:11:08+00:00\",\"dateModified\":\"2023-06-08T10:32:25+00:00\",\"mainEntityOfPage\":{\"@id\":\"https:\\\/\\\/www.casaldelsinfants.org\\\/es\\\/actualidad\\\/escritores-explican-cuentos-ninos-raval\\\/\"},\"wordCount\":263,\"commentCount\":0,\"publisher\":{\"@id\":\"https:\\\/\\\/www.casaldelsinfants.org\\\/es\\\/#organization\"},\"image\":{\"@id\":\"https:\\\/\\\/www.casaldelsinfants.org\\\/es\\\/actualidad\\\/escritores-explican-cuentos-ninos-raval\\\/#primaryimage\"},\"thumbnailUrl\":\"https:\\\/\\\/www.casaldelsinfants.org\\\/wp-content\\\/uploads\\\/montserrat_morera.jpeg\",\"articleSection\":[\"Noticia\"],\"inLanguage\":\"es\",\"potentialAction\":[{\"@type\":\"CommentAction\",\"name\":\"Comment\",\"target\":[\"https:\\\/\\\/www.casaldelsinfants.org\\\/es\\\/actualidad\\\/escritores-explican-cuentos-ninos-raval\\\/#respond\"]}]},{\"@type\":\"WebPage\",\"@id\":\"https:\\\/\\\/www.casaldelsinfants.org\\\/es\\\/actualidad\\\/escritores-explican-cuentos-ninos-raval\\\/\",\"url\":\"https:\\\/\\\/www.casaldelsinfants.org\\\/es\\\/actualidad\\\/escritores-explican-cuentos-ninos-raval\\\/\",\"name\":\"Escritores y escritoras explican cuentos a ni\u00f1os y ni\u00f1as del Raval para fomentarles la lectura - Casal dels Infants\",\"isPartOf\":{\"@id\":\"https:\\\/\\\/www.casaldelsinfants.org\\\/es\\\/#website\"},\"primaryImageOfPage\":{\"@id\":\"https:\\\/\\\/www.casaldelsinfants.org\\\/es\\\/actualidad\\\/escritores-explican-cuentos-ninos-raval\\\/#primaryimage\"},\"image\":{\"@id\":\"https:\\\/\\\/www.casaldelsinfants.org\\\/es\\\/actualidad\\\/escritores-explican-cuentos-ninos-raval\\\/#primaryimage\"},\"thumbnailUrl\":\"https:\\\/\\\/www.casaldelsinfants.org\\\/wp-content\\\/uploads\\\/montserrat_morera.jpeg\",\"datePublished\":\"2018-02-01T08:11:08+00:00\",\"dateModified\":\"2023-06-08T10:32:25+00:00\",\"breadcrumb\":{\"@id\":\"https:\\\/\\\/www.casaldelsinfants.org\\\/es\\\/actualidad\\\/escritores-explican-cuentos-ninos-raval\\\/#breadcrumb\"},\"inLanguage\":\"es\",\"potentialAction\":[{\"@type\":\"ReadAction\",\"target\":[\"https:\\\/\\\/www.casaldelsinfants.org\\\/es\\\/actualidad\\\/escritores-explican-cuentos-ninos-raval\\\/\"]}]},{\"@type\":\"ImageObject\",\"inLanguage\":\"es\",\"@id\":\"https:\\\/\\\/www.casaldelsinfants.org\\\/es\\\/actualidad\\\/escritores-explican-cuentos-ninos-raval\\\/#primaryimage\",\"url\":\"https:\\\/\\\/www.casaldelsinfants.org\\\/wp-content\\\/uploads\\\/montserrat_morera.jpeg\",\"contentUrl\":\"https:\\\/\\\/www.casaldelsinfants.org\\\/wp-content\\\/uploads\\\/montserrat_morera.jpeg\",\"width\":615,\"height\":490,\"caption\":\"Montserrat Morera explicant un conte als infants del Casal dels Infants del Raval\"},{\"@type\":\"BreadcrumbList\",\"@id\":\"https:\\\/\\\/www.casaldelsinfants.org\\\/es\\\/actualidad\\\/escritores-explican-cuentos-ninos-raval\\\/#breadcrumb\",\"itemListElement\":[{\"@type\":\"ListItem\",\"position\":1,\"name\":\"Inici\",\"item\":\"https:\\\/\\\/www.casaldelsinfants.org\\\/es\\\/\"},{\"@type\":\"ListItem\",\"position\":2,\"name\":\"Escritores y escritoras explican cuentos a ni\u00f1os y ni\u00f1as del Raval para fomentarles la lectura\"}]},{\"@type\":\"WebSite\",\"@id\":\"https:\\\/\\\/www.casaldelsinfants.org\\\/es\\\/#website\",\"url\":\"https:\\\/\\\/www.casaldelsinfants.org\\\/es\\\/\",\"name\":\"Casal dels Infants\",\"description\":\"\",\"publisher\":{\"@id\":\"https:\\\/\\\/www.casaldelsinfants.org\\\/es\\\/#organization\"},\"potentialAction\":[{\"@type\":\"SearchAction\",\"target\":{\"@type\":\"EntryPoint\",\"urlTemplate\":\"https:\\\/\\\/www.casaldelsinfants.org\\\/es\\\/?s={search_term_string}\"},\"query-input\":{\"@type\":\"PropertyValueSpecification\",\"valueRequired\":true,\"valueName\":\"search_term_string\"}}],\"inLanguage\":\"es\"},{\"@type\":\"Organization\",\"@id\":\"https:\\\/\\\/www.casaldelsinfants.org\\\/es\\\/#organization\",\"name\":\"Casal dels Infants\",\"url\":\"https:\\\/\\\/www.casaldelsinfants.org\\\/es\\\/\",\"logo\":{\"@type\":\"ImageObject\",\"inLanguage\":\"es\",\"@id\":\"https:\\\/\\\/www.casaldelsinfants.org\\\/es\\\/#\\\/schema\\\/logo\\\/image\\\/\",\"url\":\"https:\\\/\\\/www.casaldelsinfants.org\\\/wp-content\\\/uploads\\\/logo-mail.png\",\"contentUrl\":\"https:\\\/\\\/www.casaldelsinfants.org\\\/wp-content\\\/uploads\\\/logo-mail.png\",\"width\":380,\"height\":158,\"caption\":\"Casal dels Infants\"},\"image\":{\"@id\":\"https:\\\/\\\/www.casaldelsinfants.org\\\/es\\\/#\\\/schema\\\/logo\\\/image\\\/\"},\"sameAs\":[\"https:\\\/\\\/www.facebook.com\\\/casalinfants\",\"https:\\\/\\\/x.com\\\/casalinfants\",\"https:\\\/\\\/www.youtube.com\\\/user\\\/CasaldelsInfants1\",\"https:\\\/\\\/www.instagram.com\\\/casalinfants\\\/\",\"https:\\\/\\\/www.linkedin.com\\\/company\\\/casaldelsinfants?trk=organization-update_share-update_actor-text\"]},{\"@type\":\"Person\",\"@id\":\"https:\\\/\\\/www.casaldelsinfants.org\\\/es\\\/#\\\/schema\\\/person\\\/97707fc8c64900cf36891127dbf9fba8\",\"name\":\"cdiAdmin\",\"sameAs\":[\"https:\\\/\\\/casaldelsinfants.org\"]}]}<\/script>\n<!-- \/ Yoast SEO plugin. -->","yoast_head_json":{"title":"Escritores y escritoras explican cuentos a ni\u00f1os y ni\u00f1as del Raval para fomentarles la lectura - Casal dels Infants","robots":{"index":"index","follow":"follow","max-snippet":"max-snippet:-1","max-image-preview":"max-image-preview:large","max-video-preview":"max-video-preview:-1"},"canonical":"https:\/\/www.casaldelsinfants.org\/es\/actualidad\/escritores-explican-cuentos-ninos-raval\/","og_locale":"es_ES","og_type":"article","og_title":"Escritores y escritoras explican cuentos a ni\u00f1os y ni\u00f1as del Raval para fomentarles la lectura - Casal dels Infants","og_description":"\u00bfQu\u00e9 mejor manera de disfrutar de la lectura que\u00a0escuchar cuentos de la voz de personas que los escriben? \u00c9sta es la suerte que tuvieron los ni\u00f1os y ni\u00f1as del\u00a0Casal dels Infants\u00a0del barrio del\u00a0Raval de Barcelona, que en diciembre participaron en una actividad para\u00a0fomentar la lectura\u00a0impulsada por la\u00a0Associaci\u00f3 d\u2019Escriptors en Llengua Catalana (AELC). Los participantes fueron [&hellip;]","og_url":"https:\/\/www.casaldelsinfants.org\/es\/actualidad\/escritores-explican-cuentos-ninos-raval\/","og_site_name":"Casal dels Infants","article_publisher":"https:\/\/www.facebook.com\/casalinfants","article_published_time":"2018-02-01T08:11:08+00:00","article_modified_time":"2023-06-08T10:32:25+00:00","og_image":[{"width":615,"height":490,"url":"https:\/\/www.casaldelsinfants.org\/wp-content\/uploads\/montserrat_morera.jpeg","type":"image\/jpeg"}],"author":"cdiAdmin","twitter_card":"summary_large_image","twitter_creator":"@casalinfants","twitter_site":"@casalinfants","twitter_misc":{"Escrito por":"cdiAdmin","Tiempo de lectura":"2 minutos"},"schema":{"@context":"https:\/\/schema.org","@graph":[{"@type":"Article","@id":"https:\/\/www.casaldelsinfants.org\/es\/actualidad\/escritores-explican-cuentos-ninos-raval\/#article","isPartOf":{"@id":"https:\/\/www.casaldelsinfants.org\/es\/actualidad\/escritores-explican-cuentos-ninos-raval\/"},"author":{"name":"cdiAdmin","@id":"https:\/\/www.casaldelsinfants.org\/es\/#\/schema\/person\/97707fc8c64900cf36891127dbf9fba8"},"headline":"Escritores y escritoras explican cuentos a ni\u00f1os y ni\u00f1as del Raval para fomentarles la lectura","datePublished":"2018-02-01T08:11:08+00:00","dateModified":"2023-06-08T10:32:25+00:00","mainEntityOfPage":{"@id":"https:\/\/www.casaldelsinfants.org\/es\/actualidad\/escritores-explican-cuentos-ninos-raval\/"},"wordCount":263,"commentCount":0,"publisher":{"@id":"https:\/\/www.casaldelsinfants.org\/es\/#organization"},"image":{"@id":"https:\/\/www.casaldelsinfants.org\/es\/actualidad\/escritores-explican-cuentos-ninos-raval\/#primaryimage"},"thumbnailUrl":"https:\/\/www.casaldelsinfants.org\/wp-content\/uploads\/montserrat_morera.jpeg","articleSection":["Noticia"],"inLanguage":"es","potentialAction":[{"@type":"CommentAction","name":"Comment","target":["https:\/\/www.casaldelsinfants.org\/es\/actualidad\/escritores-explican-cuentos-ninos-raval\/#respond"]}]},{"@type":"WebPage","@id":"https:\/\/www.casaldelsinfants.org\/es\/actualidad\/escritores-explican-cuentos-ninos-raval\/","url":"https:\/\/www.casaldelsinfants.org\/es\/actualidad\/escritores-explican-cuentos-ninos-raval\/","name":"Escritores y escritoras explican cuentos a ni\u00f1os y ni\u00f1as del Raval para fomentarles la lectura - Casal dels Infants","isPartOf":{"@id":"https:\/\/www.casaldelsinfants.org\/es\/#website"},"primaryImageOfPage":{"@id":"https:\/\/www.casaldelsinfants.org\/es\/actualidad\/escritores-explican-cuentos-ninos-raval\/#primaryimage"},"image":{"@id":"https:\/\/www.casaldelsinfants.org\/es\/actualidad\/escritores-explican-cuentos-ninos-raval\/#primaryimage"},"thumbnailUrl":"https:\/\/www.casaldelsinfants.org\/wp-content\/uploads\/montserrat_morera.jpeg","datePublished":"2018-02-01T08:11:08+00:00","dateModified":"2023-06-08T10:32:25+00:00","breadcrumb":{"@id":"https:\/\/www.casaldelsinfants.org\/es\/actualidad\/escritores-explican-cuentos-ninos-raval\/#breadcrumb"},"inLanguage":"es","potentialAction":[{"@type":"ReadAction","target":["https:\/\/www.casaldelsinfants.org\/es\/actualidad\/escritores-explican-cuentos-ninos-raval\/"]}]},{"@type":"ImageObject","inLanguage":"es","@id":"https:\/\/www.casaldelsinfants.org\/es\/actualidad\/escritores-explican-cuentos-ninos-raval\/#primaryimage","url":"https:\/\/www.casaldelsinfants.org\/wp-content\/uploads\/montserrat_morera.jpeg","contentUrl":"https:\/\/www.casaldelsinfants.org\/wp-content\/uploads\/montserrat_morera.jpeg","width":615,"height":490,"caption":"Montserrat Morera explicant un conte als infants del Casal dels Infants del Raval"},{"@type":"BreadcrumbList","@id":"https:\/\/www.casaldelsinfants.org\/es\/actualidad\/escritores-explican-cuentos-ninos-raval\/#breadcrumb","itemListElement":[{"@type":"ListItem","position":1,"name":"Inici","item":"https:\/\/www.casaldelsinfants.org\/es\/"},{"@type":"ListItem","position":2,"name":"Escritores y escritoras explican cuentos a ni\u00f1os y ni\u00f1as del Raval para fomentarles la lectura"}]},{"@type":"WebSite","@id":"https:\/\/www.casaldelsinfants.org\/es\/#website","url":"https:\/\/www.casaldelsinfants.org\/es\/","name":"Casal dels Infants","description":"","publisher":{"@id":"https:\/\/www.casaldelsinfants.org\/es\/#organization"},"potentialAction":[{"@type":"SearchAction","target":{"@type":"EntryPoint","urlTemplate":"https:\/\/www.casaldelsinfants.org\/es\/?s={search_term_string}"},"query-input":{"@type":"PropertyValueSpecification","valueRequired":true,"valueName":"search_term_string"}}],"inLanguage":"es"},{"@type":"Organization","@id":"https:\/\/www.casaldelsinfants.org\/es\/#organization","name":"Casal dels Infants","url":"https:\/\/www.casaldelsinfants.org\/es\/","logo":{"@type":"ImageObject","inLanguage":"es","@id":"https:\/\/www.casaldelsinfants.org\/es\/#\/schema\/logo\/image\/","url":"https:\/\/www.casaldelsinfants.org\/wp-content\/uploads\/logo-mail.png","contentUrl":"https:\/\/www.casaldelsinfants.org\/wp-content\/uploads\/logo-mail.png","width":380,"height":158,"caption":"Casal dels Infants"},"image":{"@id":"https:\/\/www.casaldelsinfants.org\/es\/#\/schema\/logo\/image\/"},"sameAs":["https:\/\/www.facebook.com\/casalinfants","https:\/\/x.com\/casalinfants","https:\/\/www.youtube.com\/user\/CasaldelsInfants1","https:\/\/www.instagram.com\/casalinfants\/","https:\/\/www.linkedin.com\/company\/casaldelsinfants?trk=organization-update_share-update_actor-text"]},{"@type":"Person","@id":"https:\/\/www.casaldelsinfants.org\/es\/#\/schema\/person\/97707fc8c64900cf36891127dbf9fba8","name":"cdiAdmin","sameAs":["https:\/\/casaldelsinfants.org"]}]}},"publishpress_future_action":{"enabled":false,"date":"2026-05-07 09:14:58","action":"change-status","newStatus":"draft","terms":[],"taxonomy":"category","extraData":[]},"publishpress_future_workflow_manual_trigger":{"enabledWorkflows":[]},"_links":{"self":[{"href":"https:\/\/www.casaldelsinfants.org\/es\/wp-json\/wp\/v2\/posts\/4533","targetHints":{"allow":["GET"]}}],"collection":[{"href":"https:\/\/www.casaldelsinfants.org\/es\/wp-json\/wp\/v2\/posts"}],"about":[{"href":"https:\/\/www.casaldelsinfants.org\/es\/wp-json\/wp\/v2\/types\/post"}],"author":[{"embeddable":true,"href":"https:\/\/www.casaldelsinfants.org\/es\/wp-json\/wp\/v2\/users\/1"}],"replies":[{"embeddable":true,"href":"https:\/\/www.casaldelsinfants.org\/es\/wp-json\/wp\/v2\/comments?post=4533"}],"version-history":[{"count":1,"href":"https:\/\/www.casaldelsinfants.org\/es\/wp-json\/wp\/v2\/posts\/4533\/revisions"}],"predecessor-version":[{"id":6449,"href":"https:\/\/www.casaldelsinfants.org\/es\/wp-json\/wp\/v2\/posts\/4533\/revisions\/6449"}],"wp:featuredmedia":[{"embeddable":true,"href":"https:\/\/www.casaldelsinfants.org\/es\/wp-json\/wp\/v2\/media\/3559"}],"wp:attachment":[{"href":"https:\/\/www.casaldelsinfants.org\/es\/wp-json\/wp\/v2\/media?parent=4533"}],"wp:term":[{"taxonomy":"category","embeddable":true,"href":"https:\/\/www.casaldelsinfants.org\/es\/wp-json\/wp\/v2\/categories?post=4533"},{"taxonomy":"post_tag","embeddable":true,"href":"https:\/\/www.casaldelsinfants.org\/es\/wp-json\/wp\/v2\/tags?post=4533"},{"taxonomy":"seus","embeddable":true,"href":"https:\/\/www.casaldelsinfants.org\/es\/wp-json\/wp\/v2\/seus?post=4533"},{"taxonomy":"eixos","embeddable":true,"href":"https:\/\/www.casaldelsinfants.org\/es\/wp-json\/wp\/v2\/eixos?post=4533"}],"curies":[{"name":"wp","href":"https:\/\/api.w.org\/{rel}","templated":true}]}}