{"id":4535,"date":"2017-12-14T17:48:50","date_gmt":"2017-12-14T15:48:50","guid":{"rendered":"https:\/\/casal.puntzero.cat\/noticies\/la-millor-manera-dinserir-joves-en-risc-es-veure-el-que-aportaran-lempresa\/"},"modified":"2023-05-01T19:07:15","modified_gmt":"2023-05-01T17:07:15","slug":"la-millor-manera-dinserir-joves-en-risc-es-veure-el-que-aportaran-lempresa","status":"publish","type":"post","link":"https:\/\/www.casaldelsinfants.org\/es\/actualidad\/mejor-manera-insertar-jovenes-en-riesgo\/","title":{"rendered":"\u201cLa millor manera d\u2019inserir joves en risc \u00e9s veure el que aportaran a l\u2019empresa\u201d"},"content":{"rendered":"<p class=\"bold\"><span style=\"color:#000000;\">En qu\u00e8 consisteix el Facility Management?<\/span><\/p>\n<p class=\"verd\"><span style=\"color:#000000;\">El Facility Management o FM gestiona els recursos materials i els serveis de suport necessaris pel desenvolupament de les activitats d\u2019una empresa o organitzaci\u00f3.<\/span><\/p>\n<p class=\"verd\"><span style=\"color:#000000;\">En altres paraules, gestiona, entre d\u2019altres, el manteniment, la neteja, la seguretat i el consum energ\u00e8tic dels edificis, per\u00f2 tamb\u00e9 la restauraci\u00f3, els trasllats, el repartiment intern del correu, la bugaderia, etc.<\/span><\/p>\n<p class=\"verd\"><span style=\"color:#000000;\">\u00c9s una professi\u00f3 multidisciplinar que inclou les teories i principis de l\u2019enginyeria, l&#8217;arquitectura, el disseny, la comptabilitat, les finances, la gesti\u00f3 i les ci\u00e8ncies del comportament.<\/span><\/p>\n<p class=\"verd\">\u00a0<\/p>\n<p class=\"bold\"><span style=\"color:#000000;\">I a vost\u00e8, qu\u00e8 el va portar a dedicar-s\u2019hi?<\/span><\/p>\n<p class=\"verd\"><span style=\"color:#000000;\">Tota la meva vida professional ha estat relacionada amb el FM. S\u00f3c enginyer industrial, i vaig comen\u00e7ar a treballar fa m\u00e9s de 25 anys en el departament de compres de la multinacional Agbar, gestionant contractes de compra de materials i serveis generals.<\/span><\/p>\n<p class=\"verd\"><span style=\"color:#000000;\">Al cap d\u2019un temps em vaig despla\u00e7ar a Xile, en aquesta mateixa empresa, per continuar fent la mateixa feina. Al tornar, far\u00e0 uns 14 anys, vam posar en marxa la direcci\u00f3 de FM per, entre d\u2019altres, encarregar-nos de la recepci\u00f3 i explotaci\u00f3 de la Torre Agbar, un projecte que em va captivar.<\/span><\/p>\n<p class=\"verd\"><span style=\"color:#000000;\">Finalment, des de fa 10 anys estic treballant com a director de FM a Urbicsa, la concession\u00e0ria de la Ciutat de la Just\u00edcia. Vam constituir l\u2019equip i els recursos t\u00e8cnics necessaris per en primer lloc rebre l\u2019obra i posteriorment dur a terme la seva explotaci\u00f3, una gran experi\u00e8ncia on cada dia aprenem alguna cosa m\u00e9s.<\/span><\/p>\n<p class=\"destacat-noticia\"><span style=\"color:#000000;\">\u00abEl Facility Management\u00a0inclou les teories i principis de l\u2019enginyeria, l&#8217;arquitectura, el disseny, la comptabilitat, les finances, la gesti\u00f3 i les ci\u00e8ncies del comportament\u00bb<\/span><\/p>\n<p class=\"bold\"><span style=\"color:#000000;\">Per qu\u00e8 ha decidit l\u2019ACFM apostar per la col\u00b7laboraci\u00f3 amb el Casal dels Infants?<\/span><\/p>\n<p class=\"verd\"><span style=\"color:#000000;\">Aquest acord \u00e9s il\u00b7lusionant i motiu de satisfacci\u00f3 per a l\u2019Associaci\u00f3 Catalana de Facility Management. D\u2019aquesta manera, reiterem el nostre comprom\u00eds expressat obertament de treballar i posar en valor principis \u00e8tics que ens portin a un millor futur per a\u00a0la societat, donant resposta a les situacions d\u2019exclusi\u00f3 social de molts joves.<\/span><\/p>\n<p class=\"verd\"><span style=\"color:#000000;\">Anant una mica m\u00e9s enll\u00e0, la tipologia de socis de l\u2019ACFM encaixa perfectament en aquesta col\u00b7laboraci\u00f3. Els nostres associats gestionen serveis com el manteniment, la neteja o la restauraci\u00f3, serveis que s\u00f3n prestats per persones amb una formaci\u00f3 adequada per a aquests sectors, com els joves del Casal. Tot all\u00f2 que serveixi per a la millora del servei ser\u00e0 benefici\u00f3s per a totes les parts: per a l\u2019ACFM, per als seus socis, pel Casal dels Infants i per als seus joves.<\/span><\/p>\n<p class=\"verd\">\u00a0<\/p>\n<p class=\"bold\"><span style=\"color:#000000;\">I qu\u00e8 pot aportar la seva associaci\u00f3 en la inserci\u00f3 social i laboral dels joves del Casal?<\/span><\/p>\n<p class=\"verd\"><span style=\"color:#000000;\">L\u2019ACFM promour\u00e0 diverses col\u00b7laboracions i actuacions relacionades amb la formaci\u00f3 i la inserci\u00f3 social i laboral dels joves del Casal dels Infants. Tamb\u00e9 far\u00e0 difusi\u00f3 de les activitats que dugui a terme el Casal i participar\u00e0 en qualsevol iniciativa \u00a0que promogui el creixement i la expansi\u00f3 de les dues associacions o en l\u2019intercanvi d\u2019informaci\u00f3 i experi\u00e8ncies en els diferents programes i din\u00e0miques de treball de les dues entitats.<\/span><\/p>\n<p class=\"verd\"><span style=\"color:#000000;\">Un exemple pr\u00e0ctic el tenim en la darrera Assemblea de l\u2019ACFM, celebrada aquest mes de desembre, on alguns dels joves que participen en diversos programes de formaci\u00f3 i inserci\u00f3 laboral i social del Casal van prestar un servei de cava, neules i torrons aprofitant que ens trob\u00e0vem arribant a les festes de Nadal.<\/span><\/p>\n<p class=\"destacat-noticia\"><span style=\"color:#000000;\">\u00abL\u2019ACFM promour\u00e0 diverses col\u00b7laboracions i actuacions relacionades amb la formaci\u00f3 i la inserci\u00f3 social i laboral dels joves del Casal dels Infants\u00bb<\/span><\/p>\n<p class=\"bold\"><span style=\"color:#000000;\">Com valora l\u2019ACFM la col\u00b7laboraci\u00f3 d\u2019empreses amb els programes de formaci\u00f3 i inserci\u00f3 del Casal dels Infants?<\/span><\/p>\n<p class=\"verd\"><span style=\"color:#000000;\">\u00c9s un dels objectius d\u2019aquest acord. La formaci\u00f3 te\u00f2rica \u00e9s imprescindible, per\u00f2 la pr\u00e0ctica \u00e9s necess\u00e0ria. Probablement la millor manera d\u2019aconseguir inserir socialment les persones en risc \u00e9s mitjan\u00e7ant la col\u00b7laboraci\u00f3 d\u2019empreses que facilitin aquesta inserci\u00f3, no tan\u00a0sols degut a\u00a0la seva responsabilitat social, si no tamb\u00e9 buscant el seu propi benefici empresarial, reconeixent les compet\u00e8ncies que els joves els poden aportar. S\u00f3n din\u00e0miques on tothom guanya, i nosaltres en volem formar part.<\/span><\/p>\n<p class=\"verd\">\u00a0<\/p>\n<p class=\"bold\"><span style=\"color:#000000;\">Tornant a una pregunta personal, qu\u00e8 li semblaria fer voluntariat al Casal dels Infants en algun moment de la seva vida?<\/span><\/p>\n<p class=\"verd\"><span style=\"color:#000000;\">Em semblaria perfecte, m\u2019agrada i acostumo a col\u00b7laborar amb altres associacions. Ja hi podeu comptar.<\/span><\/p>\n","protected":false},"excerpt":{"rendered":"<p>\u00a0<\/p>\n<p class=\"text-align-center\">Marc Sistach \u00e9s president de l&#8217;Associaci\u00f3 Catalana de Facility Management (ACFM), el gremi que\u00a0optimitza\u00a0el funcionament i el manteniment dels edificis. Recentment, l&#8217;ACFM i\u00a0el Casal dels Infants van decidir\u00a0posar els ciments d&#8217;una relaci\u00f3 de col\u00b7laboraci\u00f3. L&#8217;objectiu? Que les empreses associades a l&#8217;ACFM s&#8217;involucrin en els programes de formaci\u00f3 i inserci\u00f3\u00a0social i laboral del Casal dels Infants, oferint als joves que hi participen noves sortides laborals per aplicar les seves compet\u00e8ncies.<\/p>\n<p>\u00a0<\/p>\n","protected":false},"author":1,"featured_media":3565,"comment_status":"open","ping_status":"open","sticky":false,"template":"","format":"standard","meta":{"_acf_changed":false,"_et_pb_use_builder":"","_et_pb_old_content":"","_et_gb_content_width":"","inline_featured_image":false,"footnotes":""},"categories":[127],"tags":[70],"seus":[],"eixos":[],"class_list":["post-4535","post","type-post","status-publish","format-standard","has-post-thumbnail","hentry","category-entrevista","tag-formacio"],"acf":[],"yoast_head":"<!-- This site is optimized with the Yoast SEO plugin v27.4 - https:\/\/yoast.com\/product\/yoast-seo-wordpress\/ -->\n<title>\u201cLa millor manera d\u2019inserir joves en risc \u00e9s veure el que aportaran a l\u2019empresa\u201d - Casal dels Infants<\/title>\n<meta name=\"robots\" content=\"index, follow, max-snippet:-1, max-image-preview:large, max-video-preview:-1\" \/>\n<link rel=\"canonical\" href=\"https:\/\/www.casaldelsinfants.org\/es\/actualidad\/mejor-manera-insertar-jovenes-en-riesgo\/\" \/>\n<meta property=\"og:locale\" content=\"es_ES\" \/>\n<meta property=\"og:type\" content=\"article\" \/>\n<meta property=\"og:title\" content=\"\u201cLa millor manera d\u2019inserir joves en risc \u00e9s veure el que aportaran a l\u2019empresa\u201d - Casal dels Infants\" \/>\n<meta property=\"og:description\" content=\"\u00a0 Marc Sistach \u00e9s president de l&#039;Associaci\u00f3 Catalana de Facility Management (ACFM), el gremi que\u00a0optimitza\u00a0el funcionament i el manteniment dels edificis. Recentment, l&#039;ACFM i\u00a0el Casal dels Infants van decidir\u00a0posar els ciments d&#039;una relaci\u00f3 de col\u00b7laboraci\u00f3. L&#039;objectiu? Que les empreses associades a l&#039;ACFM s&#039;involucrin en els programes de formaci\u00f3 i inserci\u00f3\u00a0social i laboral del Casal dels Infants, oferint als joves que hi participen noves sortides laborals per aplicar les seves compet\u00e8ncies. \u00a0\" \/>\n<meta property=\"og:url\" content=\"https:\/\/www.casaldelsinfants.org\/es\/actualidad\/mejor-manera-insertar-jovenes-en-riesgo\/\" \/>\n<meta property=\"og:site_name\" content=\"Casal dels Infants\" \/>\n<meta property=\"article:publisher\" content=\"https:\/\/www.facebook.com\/casalinfants\" \/>\n<meta property=\"article:published_time\" content=\"2017-12-14T15:48:50+00:00\" \/>\n<meta property=\"article:modified_time\" content=\"2023-05-01T17:07:15+00:00\" \/>\n<meta property=\"og:image\" content=\"https:\/\/www.casaldelsinfants.org\/wp-content\/uploads\/entrevista-Marc-Sistach-ACFM_1_0-scaled.jpg\" \/>\n\t<meta property=\"og:image:width\" content=\"2560\" \/>\n\t<meta property=\"og:image:height\" content=\"1724\" \/>\n\t<meta property=\"og:image:type\" content=\"image\/jpeg\" \/>\n<meta name=\"author\" content=\"cdiAdmin\" \/>\n<meta name=\"twitter:card\" content=\"summary_large_image\" \/>\n<meta name=\"twitter:creator\" content=\"@casalinfants\" \/>\n<meta name=\"twitter:site\" content=\"@casalinfants\" \/>\n<meta name=\"twitter:label1\" content=\"Escrito por\" \/>\n\t<meta name=\"twitter:data1\" content=\"cdiAdmin\" \/>\n\t<meta name=\"twitter:label2\" content=\"Tiempo de lectura\" \/>\n\t<meta name=\"twitter:data2\" content=\"4 minutos\" \/>\n<script type=\"application\/ld+json\" class=\"yoast-schema-graph\">{\"@context\":\"https:\\\/\\\/schema.org\",\"@graph\":[{\"@type\":\"Article\",\"@id\":\"https:\\\/\\\/www.casaldelsinfants.org\\\/es\\\/actualidad\\\/mejor-manera-insertar-jovenes-en-riesgo\\\/#article\",\"isPartOf\":{\"@id\":\"https:\\\/\\\/www.casaldelsinfants.org\\\/es\\\/actualidad\\\/mejor-manera-insertar-jovenes-en-riesgo\\\/\"},\"author\":{\"name\":\"cdiAdmin\",\"@id\":\"https:\\\/\\\/www.casaldelsinfants.org\\\/es\\\/#\\\/schema\\\/person\\\/97707fc8c64900cf36891127dbf9fba8\"},\"headline\":\"\u201cLa millor manera d\u2019inserir joves en risc \u00e9s veure el que aportaran a l\u2019empresa\u201d\",\"datePublished\":\"2017-12-14T15:48:50+00:00\",\"dateModified\":\"2023-05-01T17:07:15+00:00\",\"mainEntityOfPage\":{\"@id\":\"https:\\\/\\\/www.casaldelsinfants.org\\\/es\\\/actualidad\\\/mejor-manera-insertar-jovenes-en-riesgo\\\/\"},\"wordCount\":780,\"commentCount\":0,\"publisher\":{\"@id\":\"https:\\\/\\\/www.casaldelsinfants.org\\\/es\\\/#organization\"},\"image\":{\"@id\":\"https:\\\/\\\/www.casaldelsinfants.org\\\/es\\\/actualidad\\\/mejor-manera-insertar-jovenes-en-riesgo\\\/#primaryimage\"},\"thumbnailUrl\":\"https:\\\/\\\/www.casaldelsinfants.org\\\/wp-content\\\/uploads\\\/entrevista-Marc-Sistach-ACFM_1_0-scaled.jpg\",\"keywords\":[\"formaci\u00f3\"],\"articleSection\":[\"Entrevista\"],\"inLanguage\":\"es\",\"potentialAction\":[{\"@type\":\"CommentAction\",\"name\":\"Comment\",\"target\":[\"https:\\\/\\\/www.casaldelsinfants.org\\\/es\\\/actualidad\\\/mejor-manera-insertar-jovenes-en-riesgo\\\/#respond\"]}]},{\"@type\":\"WebPage\",\"@id\":\"https:\\\/\\\/www.casaldelsinfants.org\\\/es\\\/actualidad\\\/mejor-manera-insertar-jovenes-en-riesgo\\\/\",\"url\":\"https:\\\/\\\/www.casaldelsinfants.org\\\/es\\\/actualidad\\\/mejor-manera-insertar-jovenes-en-riesgo\\\/\",\"name\":\"\u201cLa millor manera d\u2019inserir joves en risc \u00e9s veure el que aportaran a l\u2019empresa\u201d - Casal dels Infants\",\"isPartOf\":{\"@id\":\"https:\\\/\\\/www.casaldelsinfants.org\\\/es\\\/#website\"},\"primaryImageOfPage\":{\"@id\":\"https:\\\/\\\/www.casaldelsinfants.org\\\/es\\\/actualidad\\\/mejor-manera-insertar-jovenes-en-riesgo\\\/#primaryimage\"},\"image\":{\"@id\":\"https:\\\/\\\/www.casaldelsinfants.org\\\/es\\\/actualidad\\\/mejor-manera-insertar-jovenes-en-riesgo\\\/#primaryimage\"},\"thumbnailUrl\":\"https:\\\/\\\/www.casaldelsinfants.org\\\/wp-content\\\/uploads\\\/entrevista-Marc-Sistach-ACFM_1_0-scaled.jpg\",\"datePublished\":\"2017-12-14T15:48:50+00:00\",\"dateModified\":\"2023-05-01T17:07:15+00:00\",\"breadcrumb\":{\"@id\":\"https:\\\/\\\/www.casaldelsinfants.org\\\/es\\\/actualidad\\\/mejor-manera-insertar-jovenes-en-riesgo\\\/#breadcrumb\"},\"inLanguage\":\"es\",\"potentialAction\":[{\"@type\":\"ReadAction\",\"target\":[\"https:\\\/\\\/www.casaldelsinfants.org\\\/es\\\/actualidad\\\/mejor-manera-insertar-jovenes-en-riesgo\\\/\"]}]},{\"@type\":\"ImageObject\",\"inLanguage\":\"es\",\"@id\":\"https:\\\/\\\/www.casaldelsinfants.org\\\/es\\\/actualidad\\\/mejor-manera-insertar-jovenes-en-riesgo\\\/#primaryimage\",\"url\":\"https:\\\/\\\/www.casaldelsinfants.org\\\/wp-content\\\/uploads\\\/entrevista-Marc-Sistach-ACFM_1_0-scaled.jpg\",\"contentUrl\":\"https:\\\/\\\/www.casaldelsinfants.org\\\/wp-content\\\/uploads\\\/entrevista-Marc-Sistach-ACFM_1_0-scaled.jpg\",\"width\":2560,\"height\":1724,\"caption\":\"\u201cLa millor manera d\u2019inserir joves en risc \u00e9s veure el que aportaran a l\u2019empresa\u201d\"},{\"@type\":\"BreadcrumbList\",\"@id\":\"https:\\\/\\\/www.casaldelsinfants.org\\\/es\\\/actualidad\\\/mejor-manera-insertar-jovenes-en-riesgo\\\/#breadcrumb\",\"itemListElement\":[{\"@type\":\"ListItem\",\"position\":1,\"name\":\"Inici\",\"item\":\"https:\\\/\\\/www.casaldelsinfants.org\\\/es\\\/\"},{\"@type\":\"ListItem\",\"position\":2,\"name\":\"\u201cLa millor manera d\u2019inserir joves en risc \u00e9s veure el que aportaran a l\u2019empresa\u201d\"}]},{\"@type\":\"WebSite\",\"@id\":\"https:\\\/\\\/www.casaldelsinfants.org\\\/es\\\/#website\",\"url\":\"https:\\\/\\\/www.casaldelsinfants.org\\\/es\\\/\",\"name\":\"Casal dels Infants\",\"description\":\"\",\"publisher\":{\"@id\":\"https:\\\/\\\/www.casaldelsinfants.org\\\/es\\\/#organization\"},\"potentialAction\":[{\"@type\":\"SearchAction\",\"target\":{\"@type\":\"EntryPoint\",\"urlTemplate\":\"https:\\\/\\\/www.casaldelsinfants.org\\\/es\\\/?s={search_term_string}\"},\"query-input\":{\"@type\":\"PropertyValueSpecification\",\"valueRequired\":true,\"valueName\":\"search_term_string\"}}],\"inLanguage\":\"es\"},{\"@type\":\"Organization\",\"@id\":\"https:\\\/\\\/www.casaldelsinfants.org\\\/es\\\/#organization\",\"name\":\"Casal dels Infants\",\"url\":\"https:\\\/\\\/www.casaldelsinfants.org\\\/es\\\/\",\"logo\":{\"@type\":\"ImageObject\",\"inLanguage\":\"es\",\"@id\":\"https:\\\/\\\/www.casaldelsinfants.org\\\/es\\\/#\\\/schema\\\/logo\\\/image\\\/\",\"url\":\"https:\\\/\\\/www.casaldelsinfants.org\\\/wp-content\\\/uploads\\\/logo-mail.png\",\"contentUrl\":\"https:\\\/\\\/www.casaldelsinfants.org\\\/wp-content\\\/uploads\\\/logo-mail.png\",\"width\":380,\"height\":158,\"caption\":\"Casal dels Infants\"},\"image\":{\"@id\":\"https:\\\/\\\/www.casaldelsinfants.org\\\/es\\\/#\\\/schema\\\/logo\\\/image\\\/\"},\"sameAs\":[\"https:\\\/\\\/www.facebook.com\\\/casalinfants\",\"https:\\\/\\\/x.com\\\/casalinfants\",\"https:\\\/\\\/www.youtube.com\\\/user\\\/CasaldelsInfants1\",\"https:\\\/\\\/www.instagram.com\\\/casalinfants\\\/\",\"https:\\\/\\\/www.linkedin.com\\\/company\\\/casaldelsinfants?trk=organization-update_share-update_actor-text\"]},{\"@type\":\"Person\",\"@id\":\"https:\\\/\\\/www.casaldelsinfants.org\\\/es\\\/#\\\/schema\\\/person\\\/97707fc8c64900cf36891127dbf9fba8\",\"name\":\"cdiAdmin\",\"sameAs\":[\"https:\\\/\\\/casaldelsinfants.org\"]}]}<\/script>\n<!-- \/ Yoast SEO plugin. -->","yoast_head_json":{"title":"\u201cLa millor manera d\u2019inserir joves en risc \u00e9s veure el que aportaran a l\u2019empresa\u201d - Casal dels Infants","robots":{"index":"index","follow":"follow","max-snippet":"max-snippet:-1","max-image-preview":"max-image-preview:large","max-video-preview":"max-video-preview:-1"},"canonical":"https:\/\/www.casaldelsinfants.org\/es\/actualidad\/mejor-manera-insertar-jovenes-en-riesgo\/","og_locale":"es_ES","og_type":"article","og_title":"\u201cLa millor manera d\u2019inserir joves en risc \u00e9s veure el que aportaran a l\u2019empresa\u201d - Casal dels Infants","og_description":"\u00a0 Marc Sistach \u00e9s president de l'Associaci\u00f3 Catalana de Facility Management (ACFM), el gremi que\u00a0optimitza\u00a0el funcionament i el manteniment dels edificis. Recentment, l'ACFM i\u00a0el Casal dels Infants van decidir\u00a0posar els ciments d'una relaci\u00f3 de col\u00b7laboraci\u00f3. L'objectiu? Que les empreses associades a l'ACFM s'involucrin en els programes de formaci\u00f3 i inserci\u00f3\u00a0social i laboral del Casal dels Infants, oferint als joves que hi participen noves sortides laborals per aplicar les seves compet\u00e8ncies. \u00a0","og_url":"https:\/\/www.casaldelsinfants.org\/es\/actualidad\/mejor-manera-insertar-jovenes-en-riesgo\/","og_site_name":"Casal dels Infants","article_publisher":"https:\/\/www.facebook.com\/casalinfants","article_published_time":"2017-12-14T15:48:50+00:00","article_modified_time":"2023-05-01T17:07:15+00:00","og_image":[{"width":2560,"height":1724,"url":"https:\/\/www.casaldelsinfants.org\/wp-content\/uploads\/entrevista-Marc-Sistach-ACFM_1_0-scaled.jpg","type":"image\/jpeg"}],"author":"cdiAdmin","twitter_card":"summary_large_image","twitter_creator":"@casalinfants","twitter_site":"@casalinfants","twitter_misc":{"Escrito por":"cdiAdmin","Tiempo de lectura":"4 minutos"},"schema":{"@context":"https:\/\/schema.org","@graph":[{"@type":"Article","@id":"https:\/\/www.casaldelsinfants.org\/es\/actualidad\/mejor-manera-insertar-jovenes-en-riesgo\/#article","isPartOf":{"@id":"https:\/\/www.casaldelsinfants.org\/es\/actualidad\/mejor-manera-insertar-jovenes-en-riesgo\/"},"author":{"name":"cdiAdmin","@id":"https:\/\/www.casaldelsinfants.org\/es\/#\/schema\/person\/97707fc8c64900cf36891127dbf9fba8"},"headline":"\u201cLa millor manera d\u2019inserir joves en risc \u00e9s veure el que aportaran a l\u2019empresa\u201d","datePublished":"2017-12-14T15:48:50+00:00","dateModified":"2023-05-01T17:07:15+00:00","mainEntityOfPage":{"@id":"https:\/\/www.casaldelsinfants.org\/es\/actualidad\/mejor-manera-insertar-jovenes-en-riesgo\/"},"wordCount":780,"commentCount":0,"publisher":{"@id":"https:\/\/www.casaldelsinfants.org\/es\/#organization"},"image":{"@id":"https:\/\/www.casaldelsinfants.org\/es\/actualidad\/mejor-manera-insertar-jovenes-en-riesgo\/#primaryimage"},"thumbnailUrl":"https:\/\/www.casaldelsinfants.org\/wp-content\/uploads\/entrevista-Marc-Sistach-ACFM_1_0-scaled.jpg","keywords":["formaci\u00f3"],"articleSection":["Entrevista"],"inLanguage":"es","potentialAction":[{"@type":"CommentAction","name":"Comment","target":["https:\/\/www.casaldelsinfants.org\/es\/actualidad\/mejor-manera-insertar-jovenes-en-riesgo\/#respond"]}]},{"@type":"WebPage","@id":"https:\/\/www.casaldelsinfants.org\/es\/actualidad\/mejor-manera-insertar-jovenes-en-riesgo\/","url":"https:\/\/www.casaldelsinfants.org\/es\/actualidad\/mejor-manera-insertar-jovenes-en-riesgo\/","name":"\u201cLa millor manera d\u2019inserir joves en risc \u00e9s veure el que aportaran a l\u2019empresa\u201d - Casal dels Infants","isPartOf":{"@id":"https:\/\/www.casaldelsinfants.org\/es\/#website"},"primaryImageOfPage":{"@id":"https:\/\/www.casaldelsinfants.org\/es\/actualidad\/mejor-manera-insertar-jovenes-en-riesgo\/#primaryimage"},"image":{"@id":"https:\/\/www.casaldelsinfants.org\/es\/actualidad\/mejor-manera-insertar-jovenes-en-riesgo\/#primaryimage"},"thumbnailUrl":"https:\/\/www.casaldelsinfants.org\/wp-content\/uploads\/entrevista-Marc-Sistach-ACFM_1_0-scaled.jpg","datePublished":"2017-12-14T15:48:50+00:00","dateModified":"2023-05-01T17:07:15+00:00","breadcrumb":{"@id":"https:\/\/www.casaldelsinfants.org\/es\/actualidad\/mejor-manera-insertar-jovenes-en-riesgo\/#breadcrumb"},"inLanguage":"es","potentialAction":[{"@type":"ReadAction","target":["https:\/\/www.casaldelsinfants.org\/es\/actualidad\/mejor-manera-insertar-jovenes-en-riesgo\/"]}]},{"@type":"ImageObject","inLanguage":"es","@id":"https:\/\/www.casaldelsinfants.org\/es\/actualidad\/mejor-manera-insertar-jovenes-en-riesgo\/#primaryimage","url":"https:\/\/www.casaldelsinfants.org\/wp-content\/uploads\/entrevista-Marc-Sistach-ACFM_1_0-scaled.jpg","contentUrl":"https:\/\/www.casaldelsinfants.org\/wp-content\/uploads\/entrevista-Marc-Sistach-ACFM_1_0-scaled.jpg","width":2560,"height":1724,"caption":"\u201cLa millor manera d\u2019inserir joves en risc \u00e9s veure el que aportaran a l\u2019empresa\u201d"},{"@type":"BreadcrumbList","@id":"https:\/\/www.casaldelsinfants.org\/es\/actualidad\/mejor-manera-insertar-jovenes-en-riesgo\/#breadcrumb","itemListElement":[{"@type":"ListItem","position":1,"name":"Inici","item":"https:\/\/www.casaldelsinfants.org\/es\/"},{"@type":"ListItem","position":2,"name":"\u201cLa millor manera d\u2019inserir joves en risc \u00e9s veure el que aportaran a l\u2019empresa\u201d"}]},{"@type":"WebSite","@id":"https:\/\/www.casaldelsinfants.org\/es\/#website","url":"https:\/\/www.casaldelsinfants.org\/es\/","name":"Casal dels Infants","description":"","publisher":{"@id":"https:\/\/www.casaldelsinfants.org\/es\/#organization"},"potentialAction":[{"@type":"SearchAction","target":{"@type":"EntryPoint","urlTemplate":"https:\/\/www.casaldelsinfants.org\/es\/?s={search_term_string}"},"query-input":{"@type":"PropertyValueSpecification","valueRequired":true,"valueName":"search_term_string"}}],"inLanguage":"es"},{"@type":"Organization","@id":"https:\/\/www.casaldelsinfants.org\/es\/#organization","name":"Casal dels Infants","url":"https:\/\/www.casaldelsinfants.org\/es\/","logo":{"@type":"ImageObject","inLanguage":"es","@id":"https:\/\/www.casaldelsinfants.org\/es\/#\/schema\/logo\/image\/","url":"https:\/\/www.casaldelsinfants.org\/wp-content\/uploads\/logo-mail.png","contentUrl":"https:\/\/www.casaldelsinfants.org\/wp-content\/uploads\/logo-mail.png","width":380,"height":158,"caption":"Casal dels Infants"},"image":{"@id":"https:\/\/www.casaldelsinfants.org\/es\/#\/schema\/logo\/image\/"},"sameAs":["https:\/\/www.facebook.com\/casalinfants","https:\/\/x.com\/casalinfants","https:\/\/www.youtube.com\/user\/CasaldelsInfants1","https:\/\/www.instagram.com\/casalinfants\/","https:\/\/www.linkedin.com\/company\/casaldelsinfants?trk=organization-update_share-update_actor-text"]},{"@type":"Person","@id":"https:\/\/www.casaldelsinfants.org\/es\/#\/schema\/person\/97707fc8c64900cf36891127dbf9fba8","name":"cdiAdmin","sameAs":["https:\/\/casaldelsinfants.org"]}]}},"publishpress_future_action":{"enabled":false,"date":"2026-05-07 09:14:55","action":"change-status","newStatus":"draft","terms":[],"taxonomy":"category","extraData":[]},"publishpress_future_workflow_manual_trigger":{"enabledWorkflows":[]},"_links":{"self":[{"href":"https:\/\/www.casaldelsinfants.org\/es\/wp-json\/wp\/v2\/posts\/4535","targetHints":{"allow":["GET"]}}],"collection":[{"href":"https:\/\/www.casaldelsinfants.org\/es\/wp-json\/wp\/v2\/posts"}],"about":[{"href":"https:\/\/www.casaldelsinfants.org\/es\/wp-json\/wp\/v2\/types\/post"}],"author":[{"embeddable":true,"href":"https:\/\/www.casaldelsinfants.org\/es\/wp-json\/wp\/v2\/users\/1"}],"replies":[{"embeddable":true,"href":"https:\/\/www.casaldelsinfants.org\/es\/wp-json\/wp\/v2\/comments?post=4535"}],"version-history":[{"count":1,"href":"https:\/\/www.casaldelsinfants.org\/es\/wp-json\/wp\/v2\/posts\/4535\/revisions"}],"predecessor-version":[{"id":9930,"href":"https:\/\/www.casaldelsinfants.org\/es\/wp-json\/wp\/v2\/posts\/4535\/revisions\/9930"}],"wp:featuredmedia":[{"embeddable":true,"href":"https:\/\/www.casaldelsinfants.org\/es\/wp-json\/wp\/v2\/media\/3565"}],"wp:attachment":[{"href":"https:\/\/www.casaldelsinfants.org\/es\/wp-json\/wp\/v2\/media?parent=4535"}],"wp:term":[{"taxonomy":"category","embeddable":true,"href":"https:\/\/www.casaldelsinfants.org\/es\/wp-json\/wp\/v2\/categories?post=4535"},{"taxonomy":"post_tag","embeddable":true,"href":"https:\/\/www.casaldelsinfants.org\/es\/wp-json\/wp\/v2\/tags?post=4535"},{"taxonomy":"seus","embeddable":true,"href":"https:\/\/www.casaldelsinfants.org\/es\/wp-json\/wp\/v2\/seus?post=4535"},{"taxonomy":"eixos","embeddable":true,"href":"https:\/\/www.casaldelsinfants.org\/es\/wp-json\/wp\/v2\/eixos?post=4535"}],"curies":[{"name":"wp","href":"https:\/\/api.w.org\/{rel}","templated":true}]}}