{"id":4536,"date":"2017-12-04T15:47:24","date_gmt":"2017-12-04T13:47:24","guid":{"rendered":"https:\/\/casal.puntzero.cat\/noticies\/comenca-la-7a-tapa-solidaria-del-casal-dels-infants-amb-83-restaurants-participants\/"},"modified":"2023-05-01T19:07:23","modified_gmt":"2023-05-01T17:07:23","slug":"comenca-la-7a-tapa-solidaria-del-casal-dels-infants-amb-83-restaurants-participants","status":"publish","type":"post","link":"https:\/\/www.casaldelsinfants.org\/es\/actualidad\/7a-tapa-solidaria-casal-dels-infants-83-restaurantes\/","title":{"rendered":"Comen\u00e7a la 7a Tapa Solid\u00e0ria del Casal dels Infants amb 83 restaurants participants"},"content":{"rendered":"<p class=\"verd\"><span style=\"color: rgb(0, 0, 0);\">El <strong>Casal dels Infants<\/strong> i representants de<strong> 83 restaurants catalans <\/strong>han donat inici aquest dijous a la <strong>setena edici\u00f3 de la Tapa Solid\u00e0ria <\/strong>amb un esmorzar al <strong>restaurant Enigma <\/strong>del xef <strong>Albert Adri\u00e0<\/strong>. Amb aquesta iniciativa, cada restaurant participant donar\u00e0 fins al 7 de gener <strong>0,50 euros de la venda d\u2019una tapa de la seva carta al Casal dels Infants<\/strong>, fent suport a l\u2019associaci\u00f3 en la seva acci\u00f3 social per la igualtat d\u2019oportunitats.<\/span><\/p>\n<p class=\"verd\"><span style=\"color: rgb(0, 0, 0);\">Com en les edicions pr\u00e8vies, <strong>els ingressos es destinaran al projecte Vincles del Casal dels Infants<\/strong>, un espai maternoinfantil que acompanya cada any<strong> 640 mares i infants menors de 3 anys <\/strong>en situaci\u00f3 d\u2019exclusi\u00f3 social. Vincles <strong>refor\u00e7a el lligam maternoinfantil, l\u2019aprenentatge i els h\u00e0bits dels nens i nenes i la inserci\u00f3 social i laboral de les dones participants<\/strong>.<\/span><\/p>\n<p class=\"verd\"><span style=\"color: rgb(0, 0, 0);\">Aquest any, tothom que vulgui participar en la Tapa Solid\u00e0ria podr\u00e0 localitzar cada una de les propostes culin\u00e0ries a trav\u00e9s d\u2019un <\/span><strong><a href=\"https:\/\/gallery.mailchimp.com\/5a86124d0d68cfd1982da12ce\/files\/6265d546-1d6b-45dd-8b9c-0da6fd1869e0\/CasaldelsInfants_DOSSIERTAPA_Edici%C3%B37_1_.pdf\" target=\"_blank\" rel=\"noopener\"><span style=\"color: rgb(0, 0, 0);\">mapa interactiu<\/span><\/a><\/strong><span style=\"color: rgb(0, 0, 0);\">. Aquesta eina permet ubicar f\u00e0cilment els restaurants col\u00b7laboradors, aix\u00ed com veure una fotografia de la seva tapa solid\u00e0ria acompanyada d\u2019un text descriptiu.<\/span><\/p>\n<p class=\"verd\">\u00a0<\/p>\n<figure role=\"group\" class=\"align-center\">\n<img decoding=\"async\" alt=\"Dos alumnes i una educadora de l'Aula d'Hostaleria preparant el servei al restaurant Enigma\" data-entity-type=\"file\" data-entity-uuid=\"88736f90-5611-41e7-847f-ecf98bdb5492\" data-image-style=\"max_650x650\" height=\"433\" src=\"\/wp-content\/uploads\/inline-images\/IMG_3383.JPG\" typeof=\"foaf:Image\" width=\"650\" \/><figcaption>Una educadora i dos alumnes de l&#8217;Aula d&#8217;Hostaleria del Casal dels Infants preparant el servei del restaurant Enigma<\/figcaption><\/figure>\n<p class=\"verd\">\u00a0<\/p>\n<p class=\"bold\">Referent culinari solidari<\/p>\n<p class=\"verd\"><span style=\"color: rgb(0, 0, 0);\">En l\u2019acte de presentaci\u00f3 ha intervingut el director general d\u2019Acci\u00f3 C\u00edvica i Comunit\u00e0ria de la Generalitat, <strong>Bernat Valls<\/strong>, que ha destacat que la Tapa Solid\u00e0ria \u201cenlla\u00e7a dos trets caracter\u00edstics del pa\u00eds com la <strong>cultura culin\u00e0ria <\/strong>i la <strong>solidaritat<\/strong>\u201d. La directora general del Casal dels Infants, <strong>Rosa Balaguer<\/strong>, ha valorat que la feina de l\u2019associaci\u00f3 ha estat sempre possible \u201cgr\u00e0cies a <strong>la col\u00b7laboraci\u00f3 i els esfor\u00e7os d\u2019una xarxa de persones, fundacions i empreses<\/strong> compromesa amb la <strong>igualtat d\u2019oportunitats<\/strong>\u201d. <\/span><\/p>\n<p class=\"verd\"><span style=\"color: rgb(0, 0, 0);\"><strong>Albert Adri\u00e0<\/strong>, un dels principals impulsors de la Tapa Solid\u00e0ria des de l\u2019any 2011, ha volgut fer un<strong> \u201cagra\u00efment enorme\u201d a tots els restauradors participants<\/strong>, un reconeixement que tamb\u00e9 ha fet seu<strong> Llu\u00eds Prats<\/strong>, representant de Caves Gramona i voluntari del Casal dels Infants: \u201cLa Tapa Solid\u00e0ria s\u2019ha convertit en el <strong>referent solidari de la gastronomia catalana amb els infants i joves d\u2019aquest pa\u00eds<\/strong>\u201d.<\/span><\/p>\n<p class=\"verd\">\u00a0<\/p>\n<figure role=\"group\" class=\"align-center\">\n<img decoding=\"async\" alt=\"D'esquerra a dreta, Albert Adri\u00e0, Bernat Valls, Rosa Balaguer i Llu\u00eds Prats\" data-entity-type=\"file\" data-entity-uuid=\"b67483b0-ed96-48eb-a5e3-05b3ab0fb92b\" data-image-style=\"max_650x650\" height=\"433\" src=\"\/wp-content\/uploads\/inline-images\/IMG_3444_0.JPG\" typeof=\"foaf:Image\" width=\"650\" \/><figcaption>D&#8217;esquerra a dreta, Albert Adri\u00e0, Bernat Valls, Rosa Balaguer i Llu\u00eds Prats<\/figcaption><\/figure>\n<p class=\"verd\">\n<p><span style=\"color: rgb(0, 0, 0);\">Des de la seva creaci\u00f3, la Tapa Solid\u00e0ria ha recaptat <strong>m\u00e9s de 145.000 euros<\/strong>, contribuint a consolidar el projecte Vincles del Casal dels Infants <strong>al barri del Raval de Barcelona; a Sant Roc i Llefi\u00e0 (Badalona), als barris de Fondo, el Raval i Santa Rosa (Santa Coloma de Gramenet) i al municipi de Salt (Girona). <\/strong>Aquesta aportaci\u00f3 ha estat possible gr\u00e0cies a la vuitantena de restaurants que han participat en cada edici\u00f3 de la iniciativa.<\/span><\/p>\n<p class=\"verd\"><span style=\"color: rgb(0, 0, 0);\">L&#8217;<strong>esmorzar<\/strong> de l&#8217;acte ha estat elaborat per l&#8217;equip del restaurant <strong>Enigma<\/strong> i <strong>servit pels alumnes de l&#8217;Aula d&#8217;Hostaleria<\/strong>, un dels projectes de formaci\u00f3 <strong>i inserci\u00f3 social i laboral del Casal dels Infants.<\/strong><\/span><\/p>\n<p class=\"verd\">\u00a0<\/p>\n<p class=\"verd\"><span style=\"color: rgb(0, 0, 0);\"><strong>Descobreix tots els restaurants col\u00b7laboradors i les tapes amb les que participen<a href=\"https:\/\/gallery.mailchimp.com\/5a86124d0d68cfd1982da12ce\/files\/6265d546-1d6b-45dd-8b9c-0da6fd1869e0\/CasaldelsInfants_DOSSIERTAPA_Edici%C3%B37_1_.pdf\"> aqu\u00ed. (PDF)<\/a><\/strong><\/span><\/p>\n<p class=\"verd\">\u00a0<\/p>\n","protected":false},"excerpt":{"rendered":"<p class=\"verd\">\n\u00a0<\/p>\n","protected":false},"author":1,"featured_media":3568,"comment_status":"open","ping_status":"open","sticky":false,"template":"","format":"standard","meta":{"_acf_changed":false,"_et_pb_use_builder":"","_et_pb_old_content":"","_et_gb_content_width":"","inline_featured_image":false,"footnotes":""},"categories":[125],"tags":[],"seus":[],"eixos":[],"class_list":["post-4536","post","type-post","status-publish","format-standard","has-post-thumbnail","hentry","category-noticias"],"acf":[],"yoast_head":"<!-- This site is optimized with the Yoast SEO plugin v27.4 - https:\/\/yoast.com\/product\/yoast-seo-wordpress\/ -->\n<title>Comen\u00e7a la 7a Tapa Solid\u00e0ria del Casal dels Infants amb 83 restaurants participants - Casal dels Infants<\/title>\n<meta name=\"robots\" content=\"index, follow, max-snippet:-1, max-image-preview:large, max-video-preview:-1\" \/>\n<link rel=\"canonical\" href=\"https:\/\/www.casaldelsinfants.org\/es\/actualidad\/7a-tapa-solidaria-casal-dels-infants-83-restaurantes\/\" \/>\n<meta property=\"og:locale\" content=\"es_ES\" \/>\n<meta property=\"og:type\" content=\"article\" \/>\n<meta property=\"og:title\" content=\"Comen\u00e7a la 7a Tapa Solid\u00e0ria del Casal dels Infants amb 83 restaurants participants - Casal dels Infants\" \/>\n<meta property=\"og:description\" content=\"\u00a0\" \/>\n<meta property=\"og:url\" content=\"https:\/\/www.casaldelsinfants.org\/es\/actualidad\/7a-tapa-solidaria-casal-dels-infants-83-restaurantes\/\" \/>\n<meta property=\"og:site_name\" content=\"Casal dels Infants\" \/>\n<meta property=\"article:publisher\" content=\"https:\/\/www.facebook.com\/casalinfants\" \/>\n<meta property=\"article:published_time\" content=\"2017-12-04T13:47:24+00:00\" \/>\n<meta property=\"article:modified_time\" content=\"2023-05-01T17:07:23+00:00\" \/>\n<meta property=\"og:image\" content=\"https:\/\/www.casaldelsinfants.org\/wp-content\/uploads\/IMG_3428-scaled.jpg\" \/>\n\t<meta property=\"og:image:width\" content=\"2560\" \/>\n\t<meta property=\"og:image:height\" content=\"1707\" \/>\n\t<meta property=\"og:image:type\" content=\"image\/jpeg\" \/>\n<meta name=\"author\" content=\"cdiAdmin\" \/>\n<meta name=\"twitter:card\" content=\"summary_large_image\" \/>\n<meta name=\"twitter:creator\" content=\"@casalinfants\" \/>\n<meta name=\"twitter:site\" content=\"@casalinfants\" \/>\n<meta name=\"twitter:label1\" content=\"Escrito por\" \/>\n\t<meta name=\"twitter:data1\" content=\"cdiAdmin\" \/>\n\t<meta name=\"twitter:label2\" content=\"Tiempo de lectura\" \/>\n\t<meta name=\"twitter:data2\" content=\"3 minutos\" \/>\n<script type=\"application\/ld+json\" class=\"yoast-schema-graph\">{\"@context\":\"https:\\\/\\\/schema.org\",\"@graph\":[{\"@type\":\"Article\",\"@id\":\"https:\\\/\\\/www.casaldelsinfants.org\\\/es\\\/actualidad\\\/7a-tapa-solidaria-casal-dels-infants-83-restaurantes\\\/#article\",\"isPartOf\":{\"@id\":\"https:\\\/\\\/www.casaldelsinfants.org\\\/es\\\/actualidad\\\/7a-tapa-solidaria-casal-dels-infants-83-restaurantes\\\/\"},\"author\":{\"name\":\"cdiAdmin\",\"@id\":\"https:\\\/\\\/www.casaldelsinfants.org\\\/es\\\/#\\\/schema\\\/person\\\/97707fc8c64900cf36891127dbf9fba8\"},\"headline\":\"Comen\u00e7a la 7a Tapa Solid\u00e0ria del Casal dels Infants amb 83 restaurants participants\",\"datePublished\":\"2017-12-04T13:47:24+00:00\",\"dateModified\":\"2023-05-01T17:07:23+00:00\",\"mainEntityOfPage\":{\"@id\":\"https:\\\/\\\/www.casaldelsinfants.org\\\/es\\\/actualidad\\\/7a-tapa-solidaria-casal-dels-infants-83-restaurantes\\\/\"},\"wordCount\":531,\"commentCount\":0,\"publisher\":{\"@id\":\"https:\\\/\\\/www.casaldelsinfants.org\\\/es\\\/#organization\"},\"image\":{\"@id\":\"https:\\\/\\\/www.casaldelsinfants.org\\\/es\\\/actualidad\\\/7a-tapa-solidaria-casal-dels-infants-83-restaurantes\\\/#primaryimage\"},\"thumbnailUrl\":\"https:\\\/\\\/www.casaldelsinfants.org\\\/wp-content\\\/uploads\\\/IMG_3428-scaled.jpg\",\"articleSection\":[\"Noticia\"],\"inLanguage\":\"es\",\"potentialAction\":[{\"@type\":\"CommentAction\",\"name\":\"Comment\",\"target\":[\"https:\\\/\\\/www.casaldelsinfants.org\\\/es\\\/actualidad\\\/7a-tapa-solidaria-casal-dels-infants-83-restaurantes\\\/#respond\"]}]},{\"@type\":\"WebPage\",\"@id\":\"https:\\\/\\\/www.casaldelsinfants.org\\\/es\\\/actualidad\\\/7a-tapa-solidaria-casal-dels-infants-83-restaurantes\\\/\",\"url\":\"https:\\\/\\\/www.casaldelsinfants.org\\\/es\\\/actualidad\\\/7a-tapa-solidaria-casal-dels-infants-83-restaurantes\\\/\",\"name\":\"Comen\u00e7a la 7a Tapa Solid\u00e0ria del Casal dels Infants amb 83 restaurants participants - Casal dels Infants\",\"isPartOf\":{\"@id\":\"https:\\\/\\\/www.casaldelsinfants.org\\\/es\\\/#website\"},\"primaryImageOfPage\":{\"@id\":\"https:\\\/\\\/www.casaldelsinfants.org\\\/es\\\/actualidad\\\/7a-tapa-solidaria-casal-dels-infants-83-restaurantes\\\/#primaryimage\"},\"image\":{\"@id\":\"https:\\\/\\\/www.casaldelsinfants.org\\\/es\\\/actualidad\\\/7a-tapa-solidaria-casal-dels-infants-83-restaurantes\\\/#primaryimage\"},\"thumbnailUrl\":\"https:\\\/\\\/www.casaldelsinfants.org\\\/wp-content\\\/uploads\\\/IMG_3428-scaled.jpg\",\"datePublished\":\"2017-12-04T13:47:24+00:00\",\"dateModified\":\"2023-05-01T17:07:23+00:00\",\"breadcrumb\":{\"@id\":\"https:\\\/\\\/www.casaldelsinfants.org\\\/es\\\/actualidad\\\/7a-tapa-solidaria-casal-dels-infants-83-restaurantes\\\/#breadcrumb\"},\"inLanguage\":\"es\",\"potentialAction\":[{\"@type\":\"ReadAction\",\"target\":[\"https:\\\/\\\/www.casaldelsinfants.org\\\/es\\\/actualidad\\\/7a-tapa-solidaria-casal-dels-infants-83-restaurantes\\\/\"]}]},{\"@type\":\"ImageObject\",\"inLanguage\":\"es\",\"@id\":\"https:\\\/\\\/www.casaldelsinfants.org\\\/es\\\/actualidad\\\/7a-tapa-solidaria-casal-dels-infants-83-restaurantes\\\/#primaryimage\",\"url\":\"https:\\\/\\\/www.casaldelsinfants.org\\\/wp-content\\\/uploads\\\/IMG_3428-scaled.jpg\",\"contentUrl\":\"https:\\\/\\\/www.casaldelsinfants.org\\\/wp-content\\\/uploads\\\/IMG_3428-scaled.jpg\",\"width\":2560,\"height\":1707,\"caption\":\"Foto grupal de la 7a tapa solid\u00e0ria amb 83 restaurants participants\"},{\"@type\":\"BreadcrumbList\",\"@id\":\"https:\\\/\\\/www.casaldelsinfants.org\\\/es\\\/actualidad\\\/7a-tapa-solidaria-casal-dels-infants-83-restaurantes\\\/#breadcrumb\",\"itemListElement\":[{\"@type\":\"ListItem\",\"position\":1,\"name\":\"Inici\",\"item\":\"https:\\\/\\\/www.casaldelsinfants.org\\\/es\\\/\"},{\"@type\":\"ListItem\",\"position\":2,\"name\":\"Comen\u00e7a la 7a Tapa Solid\u00e0ria del Casal dels Infants amb 83 restaurants participants\"}]},{\"@type\":\"WebSite\",\"@id\":\"https:\\\/\\\/www.casaldelsinfants.org\\\/es\\\/#website\",\"url\":\"https:\\\/\\\/www.casaldelsinfants.org\\\/es\\\/\",\"name\":\"Casal dels Infants\",\"description\":\"\",\"publisher\":{\"@id\":\"https:\\\/\\\/www.casaldelsinfants.org\\\/es\\\/#organization\"},\"potentialAction\":[{\"@type\":\"SearchAction\",\"target\":{\"@type\":\"EntryPoint\",\"urlTemplate\":\"https:\\\/\\\/www.casaldelsinfants.org\\\/es\\\/?s={search_term_string}\"},\"query-input\":{\"@type\":\"PropertyValueSpecification\",\"valueRequired\":true,\"valueName\":\"search_term_string\"}}],\"inLanguage\":\"es\"},{\"@type\":\"Organization\",\"@id\":\"https:\\\/\\\/www.casaldelsinfants.org\\\/es\\\/#organization\",\"name\":\"Casal dels Infants\",\"url\":\"https:\\\/\\\/www.casaldelsinfants.org\\\/es\\\/\",\"logo\":{\"@type\":\"ImageObject\",\"inLanguage\":\"es\",\"@id\":\"https:\\\/\\\/www.casaldelsinfants.org\\\/es\\\/#\\\/schema\\\/logo\\\/image\\\/\",\"url\":\"https:\\\/\\\/www.casaldelsinfants.org\\\/wp-content\\\/uploads\\\/logo-mail.png\",\"contentUrl\":\"https:\\\/\\\/www.casaldelsinfants.org\\\/wp-content\\\/uploads\\\/logo-mail.png\",\"width\":380,\"height\":158,\"caption\":\"Casal dels Infants\"},\"image\":{\"@id\":\"https:\\\/\\\/www.casaldelsinfants.org\\\/es\\\/#\\\/schema\\\/logo\\\/image\\\/\"},\"sameAs\":[\"https:\\\/\\\/www.facebook.com\\\/casalinfants\",\"https:\\\/\\\/x.com\\\/casalinfants\",\"https:\\\/\\\/www.youtube.com\\\/user\\\/CasaldelsInfants1\",\"https:\\\/\\\/www.instagram.com\\\/casalinfants\\\/\",\"https:\\\/\\\/www.linkedin.com\\\/company\\\/casaldelsinfants?trk=organization-update_share-update_actor-text\"]},{\"@type\":\"Person\",\"@id\":\"https:\\\/\\\/www.casaldelsinfants.org\\\/es\\\/#\\\/schema\\\/person\\\/97707fc8c64900cf36891127dbf9fba8\",\"name\":\"cdiAdmin\",\"sameAs\":[\"https:\\\/\\\/casaldelsinfants.org\"]}]}<\/script>\n<!-- \/ Yoast SEO plugin. -->","yoast_head_json":{"title":"Comen\u00e7a la 7a Tapa Solid\u00e0ria del Casal dels Infants amb 83 restaurants participants - Casal dels Infants","robots":{"index":"index","follow":"follow","max-snippet":"max-snippet:-1","max-image-preview":"max-image-preview:large","max-video-preview":"max-video-preview:-1"},"canonical":"https:\/\/www.casaldelsinfants.org\/es\/actualidad\/7a-tapa-solidaria-casal-dels-infants-83-restaurantes\/","og_locale":"es_ES","og_type":"article","og_title":"Comen\u00e7a la 7a Tapa Solid\u00e0ria del Casal dels Infants amb 83 restaurants participants - Casal dels Infants","og_description":"\u00a0","og_url":"https:\/\/www.casaldelsinfants.org\/es\/actualidad\/7a-tapa-solidaria-casal-dels-infants-83-restaurantes\/","og_site_name":"Casal dels Infants","article_publisher":"https:\/\/www.facebook.com\/casalinfants","article_published_time":"2017-12-04T13:47:24+00:00","article_modified_time":"2023-05-01T17:07:23+00:00","og_image":[{"width":2560,"height":1707,"url":"https:\/\/www.casaldelsinfants.org\/wp-content\/uploads\/IMG_3428-scaled.jpg","type":"image\/jpeg"}],"author":"cdiAdmin","twitter_card":"summary_large_image","twitter_creator":"@casalinfants","twitter_site":"@casalinfants","twitter_misc":{"Escrito por":"cdiAdmin","Tiempo de lectura":"3 minutos"},"schema":{"@context":"https:\/\/schema.org","@graph":[{"@type":"Article","@id":"https:\/\/www.casaldelsinfants.org\/es\/actualidad\/7a-tapa-solidaria-casal-dels-infants-83-restaurantes\/#article","isPartOf":{"@id":"https:\/\/www.casaldelsinfants.org\/es\/actualidad\/7a-tapa-solidaria-casal-dels-infants-83-restaurantes\/"},"author":{"name":"cdiAdmin","@id":"https:\/\/www.casaldelsinfants.org\/es\/#\/schema\/person\/97707fc8c64900cf36891127dbf9fba8"},"headline":"Comen\u00e7a la 7a Tapa Solid\u00e0ria del Casal dels Infants amb 83 restaurants participants","datePublished":"2017-12-04T13:47:24+00:00","dateModified":"2023-05-01T17:07:23+00:00","mainEntityOfPage":{"@id":"https:\/\/www.casaldelsinfants.org\/es\/actualidad\/7a-tapa-solidaria-casal-dels-infants-83-restaurantes\/"},"wordCount":531,"commentCount":0,"publisher":{"@id":"https:\/\/www.casaldelsinfants.org\/es\/#organization"},"image":{"@id":"https:\/\/www.casaldelsinfants.org\/es\/actualidad\/7a-tapa-solidaria-casal-dels-infants-83-restaurantes\/#primaryimage"},"thumbnailUrl":"https:\/\/www.casaldelsinfants.org\/wp-content\/uploads\/IMG_3428-scaled.jpg","articleSection":["Noticia"],"inLanguage":"es","potentialAction":[{"@type":"CommentAction","name":"Comment","target":["https:\/\/www.casaldelsinfants.org\/es\/actualidad\/7a-tapa-solidaria-casal-dels-infants-83-restaurantes\/#respond"]}]},{"@type":"WebPage","@id":"https:\/\/www.casaldelsinfants.org\/es\/actualidad\/7a-tapa-solidaria-casal-dels-infants-83-restaurantes\/","url":"https:\/\/www.casaldelsinfants.org\/es\/actualidad\/7a-tapa-solidaria-casal-dels-infants-83-restaurantes\/","name":"Comen\u00e7a la 7a Tapa Solid\u00e0ria del Casal dels Infants amb 83 restaurants participants - Casal dels Infants","isPartOf":{"@id":"https:\/\/www.casaldelsinfants.org\/es\/#website"},"primaryImageOfPage":{"@id":"https:\/\/www.casaldelsinfants.org\/es\/actualidad\/7a-tapa-solidaria-casal-dels-infants-83-restaurantes\/#primaryimage"},"image":{"@id":"https:\/\/www.casaldelsinfants.org\/es\/actualidad\/7a-tapa-solidaria-casal-dels-infants-83-restaurantes\/#primaryimage"},"thumbnailUrl":"https:\/\/www.casaldelsinfants.org\/wp-content\/uploads\/IMG_3428-scaled.jpg","datePublished":"2017-12-04T13:47:24+00:00","dateModified":"2023-05-01T17:07:23+00:00","breadcrumb":{"@id":"https:\/\/www.casaldelsinfants.org\/es\/actualidad\/7a-tapa-solidaria-casal-dels-infants-83-restaurantes\/#breadcrumb"},"inLanguage":"es","potentialAction":[{"@type":"ReadAction","target":["https:\/\/www.casaldelsinfants.org\/es\/actualidad\/7a-tapa-solidaria-casal-dels-infants-83-restaurantes\/"]}]},{"@type":"ImageObject","inLanguage":"es","@id":"https:\/\/www.casaldelsinfants.org\/es\/actualidad\/7a-tapa-solidaria-casal-dels-infants-83-restaurantes\/#primaryimage","url":"https:\/\/www.casaldelsinfants.org\/wp-content\/uploads\/IMG_3428-scaled.jpg","contentUrl":"https:\/\/www.casaldelsinfants.org\/wp-content\/uploads\/IMG_3428-scaled.jpg","width":2560,"height":1707,"caption":"Foto grupal de la 7a tapa solid\u00e0ria amb 83 restaurants participants"},{"@type":"BreadcrumbList","@id":"https:\/\/www.casaldelsinfants.org\/es\/actualidad\/7a-tapa-solidaria-casal-dels-infants-83-restaurantes\/#breadcrumb","itemListElement":[{"@type":"ListItem","position":1,"name":"Inici","item":"https:\/\/www.casaldelsinfants.org\/es\/"},{"@type":"ListItem","position":2,"name":"Comen\u00e7a la 7a Tapa Solid\u00e0ria del Casal dels Infants amb 83 restaurants participants"}]},{"@type":"WebSite","@id":"https:\/\/www.casaldelsinfants.org\/es\/#website","url":"https:\/\/www.casaldelsinfants.org\/es\/","name":"Casal dels Infants","description":"","publisher":{"@id":"https:\/\/www.casaldelsinfants.org\/es\/#organization"},"potentialAction":[{"@type":"SearchAction","target":{"@type":"EntryPoint","urlTemplate":"https:\/\/www.casaldelsinfants.org\/es\/?s={search_term_string}"},"query-input":{"@type":"PropertyValueSpecification","valueRequired":true,"valueName":"search_term_string"}}],"inLanguage":"es"},{"@type":"Organization","@id":"https:\/\/www.casaldelsinfants.org\/es\/#organization","name":"Casal dels Infants","url":"https:\/\/www.casaldelsinfants.org\/es\/","logo":{"@type":"ImageObject","inLanguage":"es","@id":"https:\/\/www.casaldelsinfants.org\/es\/#\/schema\/logo\/image\/","url":"https:\/\/www.casaldelsinfants.org\/wp-content\/uploads\/logo-mail.png","contentUrl":"https:\/\/www.casaldelsinfants.org\/wp-content\/uploads\/logo-mail.png","width":380,"height":158,"caption":"Casal dels Infants"},"image":{"@id":"https:\/\/www.casaldelsinfants.org\/es\/#\/schema\/logo\/image\/"},"sameAs":["https:\/\/www.facebook.com\/casalinfants","https:\/\/x.com\/casalinfants","https:\/\/www.youtube.com\/user\/CasaldelsInfants1","https:\/\/www.instagram.com\/casalinfants\/","https:\/\/www.linkedin.com\/company\/casaldelsinfants?trk=organization-update_share-update_actor-text"]},{"@type":"Person","@id":"https:\/\/www.casaldelsinfants.org\/es\/#\/schema\/person\/97707fc8c64900cf36891127dbf9fba8","name":"cdiAdmin","sameAs":["https:\/\/casaldelsinfants.org"]}]}},"publishpress_future_action":{"enabled":false,"date":"2026-05-07 10:31:02","action":"change-status","newStatus":"draft","terms":[],"taxonomy":"category","extraData":[]},"publishpress_future_workflow_manual_trigger":{"enabledWorkflows":[]},"_links":{"self":[{"href":"https:\/\/www.casaldelsinfants.org\/es\/wp-json\/wp\/v2\/posts\/4536","targetHints":{"allow":["GET"]}}],"collection":[{"href":"https:\/\/www.casaldelsinfants.org\/es\/wp-json\/wp\/v2\/posts"}],"about":[{"href":"https:\/\/www.casaldelsinfants.org\/es\/wp-json\/wp\/v2\/types\/post"}],"author":[{"embeddable":true,"href":"https:\/\/www.casaldelsinfants.org\/es\/wp-json\/wp\/v2\/users\/1"}],"replies":[{"embeddable":true,"href":"https:\/\/www.casaldelsinfants.org\/es\/wp-json\/wp\/v2\/comments?post=4536"}],"version-history":[{"count":1,"href":"https:\/\/www.casaldelsinfants.org\/es\/wp-json\/wp\/v2\/posts\/4536\/revisions"}],"predecessor-version":[{"id":9931,"href":"https:\/\/www.casaldelsinfants.org\/es\/wp-json\/wp\/v2\/posts\/4536\/revisions\/9931"}],"wp:featuredmedia":[{"embeddable":true,"href":"https:\/\/www.casaldelsinfants.org\/es\/wp-json\/wp\/v2\/media\/3568"}],"wp:attachment":[{"href":"https:\/\/www.casaldelsinfants.org\/es\/wp-json\/wp\/v2\/media?parent=4536"}],"wp:term":[{"taxonomy":"category","embeddable":true,"href":"https:\/\/www.casaldelsinfants.org\/es\/wp-json\/wp\/v2\/categories?post=4536"},{"taxonomy":"post_tag","embeddable":true,"href":"https:\/\/www.casaldelsinfants.org\/es\/wp-json\/wp\/v2\/tags?post=4536"},{"taxonomy":"seus","embeddable":true,"href":"https:\/\/www.casaldelsinfants.org\/es\/wp-json\/wp\/v2\/seus?post=4536"},{"taxonomy":"eixos","embeddable":true,"href":"https:\/\/www.casaldelsinfants.org\/es\/wp-json\/wp\/v2\/eixos?post=4536"}],"curies":[{"name":"wp","href":"https:\/\/api.w.org\/{rel}","templated":true}]}}