{"id":4542,"date":"2017-11-17T16:51:09","date_gmt":"2017-11-17T14:51:09","guid":{"rendered":"https:\/\/casal.puntzero.cat\/noticies\/obrim-la-pista-cintra-al-raval\/"},"modified":"2023-05-01T19:07:53","modified_gmt":"2023-05-01T17:07:53","slug":"obrim-la-pista-cintra-al-raval","status":"publish","type":"post","link":"https:\/\/www.casaldelsinfants.org\/es\/actualidad\/abrimos-la-pista-cintra-en-el-raval\/","title":{"rendered":"Abrimos la Pista Cintra en el Raval"},"content":{"rendered":"<h4 style=\"text-align: justify;\">\u00a0<\/h4>\n<h4 style=\"text-align: justify;\"><img decoding=\"async\" src=\"\/wp-content\/uploads\/pati-cintra.jpg\" border=\"0\" alt=\"\" width=\"670\" height=\"502\" \/><\/h4>\n<h4 style=\"text-align: justify;\">\u00a0<\/h4>\n<h4 style=\"text-align: justify;\">\u00a0<\/h4>\n<h4 style=\"text-align: justify;\">Las pistas de la calle Sant Rafael del Raval (Barcelona) se han llenado de j\u00f3venes, de voluntarios del Casal y de vecinos y vecinas con motivo de una jornada participativa, en la que todos han podido hacer propuestas para dar vida al nuevo proyecto art\u00edstico y comunitario \u201cPista Cintra\u201d, un nuevo espacio abierto al barrio.<\/h4>\n<p style=\"text-align: justify;\">La jornada participativa empez\u00f3 con una muestra de las diferentes actividades deportivas que se realizan dentro de este espacio: f\u00fatbol, criquet, baloncesto y ping pong. Todo el mundo pudo probar aquellos deportes que no acostumbran a practicar y fueron part\u00edcipes de todas las posibilidades de ocio deportivo que se pueden disfrutar en el nuevo espacio de la calle Sant Rafael. M\u00e1s tarde, se present\u00f3 la liga de f\u00fatbol con valores\u00a0 2016-2017, dinamizada por los educadores de las diferentes entidades participantes, y durante toda la tarde se recogieron sugerencias y propuestas sobre el uso del espacio.<\/p>\n<p style=\"text-align: justify;\">\u201cAbrir m\u00e1s horas los fines de semana\u201d y\u201d cambiar el suelo de las pistas\u201d fueron algunas de las ideas m\u00e1s compartidas entre los j\u00f3venes del Casal. Por otro lado, se inscribieron 24 chicos y chicas interesados en participar en el proyecto art\u00edstico que empezar\u00e1 en breve: un\u00a0 taller donde se pintar\u00e1n diferentes murales en la pista con la colaboraci\u00f3n de varios artistas del barrio.\u00a0 Finalmente, se hizo el recuento de votos que todos los participantes, educadores, j\u00f3venes, voluntarios y vecinos fueron depositando en la mesa durante toda la tarde para decidir el nombre del espacio que conforman las dos pistas. \u201cPista blanca\u201d y \u201cEl patio del Raval\u201d fueron algunos de los nombres m\u00e1s votados, pero finalmente \u201cPista Negra\u201d\u00a0 fue el nombre ganador y con el que se dar\u00e1 vida al\u00a0 espacio deportivo.<\/p>\n<p style=\"text-align: justify;\">Que el espacio ya tenga nombre no es la \u00fanica buena noticia que nos llega desde la calle Sant Rafael. Con la incorporaci\u00f3n de nuevos monitores, la Pista Cintra cuenta a partir de ahora con dinamizadores durante todo su horario de apertura. En el Casal seguimos haciendo barrio!<\/p>\n","protected":false},"excerpt":{"rendered":"<p>\u00a0 \u00a0 \u00a0 Las pistas de la calle Sant Rafael del Raval (Barcelona) se han llenado de j\u00f3venes, de voluntarios del Casal y de vecinos y vecinas con motivo de una jornada participativa, en la que todos han podido hacer propuestas para dar vida al nuevo proyecto art\u00edstico y comunitario \u201cPista Cintra\u201d, un nuevo espacio [&hellip;]<\/p>\n","protected":false},"author":1,"featured_media":3586,"comment_status":"open","ping_status":"open","sticky":false,"template":"","format":"standard","meta":{"_acf_changed":false,"_et_pb_use_builder":"","_et_pb_old_content":"","_et_gb_content_width":"","inline_featured_image":false,"footnotes":""},"categories":[125],"tags":[],"seus":[],"eixos":[],"class_list":["post-4542","post","type-post","status-publish","format-standard","has-post-thumbnail","hentry","category-noticias"],"acf":[],"yoast_head":"<!-- This site is optimized with the Yoast SEO plugin v27.4 - https:\/\/yoast.com\/product\/yoast-seo-wordpress\/ -->\n<title>Abrimos la Pista Cintra en el Raval - Casal dels Infants<\/title>\n<meta name=\"robots\" content=\"index, follow, max-snippet:-1, max-image-preview:large, max-video-preview:-1\" \/>\n<link rel=\"canonical\" href=\"https:\/\/www.casaldelsinfants.org\/es\/actualidad\/abrimos-la-pista-cintra-en-el-raval\/\" \/>\n<meta property=\"og:locale\" content=\"es_ES\" \/>\n<meta property=\"og:type\" content=\"article\" \/>\n<meta property=\"og:title\" content=\"Abrimos la Pista Cintra en el Raval - Casal dels Infants\" \/>\n<meta property=\"og:description\" content=\"\u00a0 \u00a0 \u00a0 Las pistas de la calle Sant Rafael del Raval (Barcelona) se han llenado de j\u00f3venes, de voluntarios del Casal y de vecinos y vecinas con motivo de una jornada participativa, en la que todos han podido hacer propuestas para dar vida al nuevo proyecto art\u00edstico y comunitario \u201cPista Cintra\u201d, un nuevo espacio [&hellip;]\" \/>\n<meta property=\"og:url\" content=\"https:\/\/www.casaldelsinfants.org\/es\/actualidad\/abrimos-la-pista-cintra-en-el-raval\/\" \/>\n<meta property=\"og:site_name\" content=\"Casal dels Infants\" \/>\n<meta property=\"article:publisher\" content=\"https:\/\/www.facebook.com\/casalinfants\" \/>\n<meta property=\"article:published_time\" content=\"2017-11-17T14:51:09+00:00\" \/>\n<meta property=\"article:modified_time\" content=\"2023-05-01T17:07:53+00:00\" \/>\n<meta property=\"og:image\" content=\"https:\/\/www.casaldelsinfants.org\/wp-content\/uploads\/pati-cintra.jpg\" \/>\n\t<meta property=\"og:image:width\" content=\"1600\" \/>\n\t<meta property=\"og:image:height\" content=\"1200\" \/>\n\t<meta property=\"og:image:type\" content=\"image\/jpeg\" \/>\n<meta name=\"author\" content=\"cdiAdmin\" \/>\n<meta name=\"twitter:card\" content=\"summary_large_image\" \/>\n<meta name=\"twitter:creator\" content=\"@casalinfants\" \/>\n<meta name=\"twitter:site\" content=\"@casalinfants\" \/>\n<meta name=\"twitter:label1\" content=\"Escrito por\" \/>\n\t<meta name=\"twitter:data1\" content=\"cdiAdmin\" \/>\n\t<meta name=\"twitter:label2\" content=\"Tiempo de lectura\" \/>\n\t<meta name=\"twitter:data2\" content=\"2 minutos\" \/>\n<script type=\"application\/ld+json\" class=\"yoast-schema-graph\">{\"@context\":\"https:\\\/\\\/schema.org\",\"@graph\":[{\"@type\":\"Article\",\"@id\":\"https:\\\/\\\/www.casaldelsinfants.org\\\/es\\\/actualidad\\\/abrimos-la-pista-cintra-en-el-raval\\\/#article\",\"isPartOf\":{\"@id\":\"https:\\\/\\\/www.casaldelsinfants.org\\\/es\\\/actualidad\\\/abrimos-la-pista-cintra-en-el-raval\\\/\"},\"author\":{\"name\":\"cdiAdmin\",\"@id\":\"https:\\\/\\\/www.casaldelsinfants.org\\\/es\\\/#\\\/schema\\\/person\\\/97707fc8c64900cf36891127dbf9fba8\"},\"headline\":\"Abrimos la Pista Cintra en el Raval\",\"datePublished\":\"2017-11-17T14:51:09+00:00\",\"dateModified\":\"2023-05-01T17:07:53+00:00\",\"mainEntityOfPage\":{\"@id\":\"https:\\\/\\\/www.casaldelsinfants.org\\\/es\\\/actualidad\\\/abrimos-la-pista-cintra-en-el-raval\\\/\"},\"wordCount\":351,\"commentCount\":0,\"publisher\":{\"@id\":\"https:\\\/\\\/www.casaldelsinfants.org\\\/es\\\/#organization\"},\"image\":{\"@id\":\"https:\\\/\\\/www.casaldelsinfants.org\\\/es\\\/actualidad\\\/abrimos-la-pista-cintra-en-el-raval\\\/#primaryimage\"},\"thumbnailUrl\":\"https:\\\/\\\/www.casaldelsinfants.org\\\/wp-content\\\/uploads\\\/pati-cintra.jpg\",\"articleSection\":[\"Noticia\"],\"inLanguage\":\"es\",\"potentialAction\":[{\"@type\":\"CommentAction\",\"name\":\"Comment\",\"target\":[\"https:\\\/\\\/www.casaldelsinfants.org\\\/es\\\/actualidad\\\/abrimos-la-pista-cintra-en-el-raval\\\/#respond\"]}]},{\"@type\":\"WebPage\",\"@id\":\"https:\\\/\\\/www.casaldelsinfants.org\\\/es\\\/actualidad\\\/abrimos-la-pista-cintra-en-el-raval\\\/\",\"url\":\"https:\\\/\\\/www.casaldelsinfants.org\\\/es\\\/actualidad\\\/abrimos-la-pista-cintra-en-el-raval\\\/\",\"name\":\"Abrimos la Pista Cintra en el Raval - Casal dels Infants\",\"isPartOf\":{\"@id\":\"https:\\\/\\\/www.casaldelsinfants.org\\\/es\\\/#website\"},\"primaryImageOfPage\":{\"@id\":\"https:\\\/\\\/www.casaldelsinfants.org\\\/es\\\/actualidad\\\/abrimos-la-pista-cintra-en-el-raval\\\/#primaryimage\"},\"image\":{\"@id\":\"https:\\\/\\\/www.casaldelsinfants.org\\\/es\\\/actualidad\\\/abrimos-la-pista-cintra-en-el-raval\\\/#primaryimage\"},\"thumbnailUrl\":\"https:\\\/\\\/www.casaldelsinfants.org\\\/wp-content\\\/uploads\\\/pati-cintra.jpg\",\"datePublished\":\"2017-11-17T14:51:09+00:00\",\"dateModified\":\"2023-05-01T17:07:53+00:00\",\"breadcrumb\":{\"@id\":\"https:\\\/\\\/www.casaldelsinfants.org\\\/es\\\/actualidad\\\/abrimos-la-pista-cintra-en-el-raval\\\/#breadcrumb\"},\"inLanguage\":\"es\",\"potentialAction\":[{\"@type\":\"ReadAction\",\"target\":[\"https:\\\/\\\/www.casaldelsinfants.org\\\/es\\\/actualidad\\\/abrimos-la-pista-cintra-en-el-raval\\\/\"]}]},{\"@type\":\"ImageObject\",\"inLanguage\":\"es\",\"@id\":\"https:\\\/\\\/www.casaldelsinfants.org\\\/es\\\/actualidad\\\/abrimos-la-pista-cintra-en-el-raval\\\/#primaryimage\",\"url\":\"https:\\\/\\\/www.casaldelsinfants.org\\\/wp-content\\\/uploads\\\/pati-cintra.jpg\",\"contentUrl\":\"https:\\\/\\\/www.casaldelsinfants.org\\\/wp-content\\\/uploads\\\/pati-cintra.jpg\",\"width\":1600,\"height\":1200,\"caption\":\"Obrim la Pista Cintra al Raval\"},{\"@type\":\"BreadcrumbList\",\"@id\":\"https:\\\/\\\/www.casaldelsinfants.org\\\/es\\\/actualidad\\\/abrimos-la-pista-cintra-en-el-raval\\\/#breadcrumb\",\"itemListElement\":[{\"@type\":\"ListItem\",\"position\":1,\"name\":\"Inici\",\"item\":\"https:\\\/\\\/www.casaldelsinfants.org\\\/es\\\/\"},{\"@type\":\"ListItem\",\"position\":2,\"name\":\"Abrimos la Pista Cintra en el Raval\"}]},{\"@type\":\"WebSite\",\"@id\":\"https:\\\/\\\/www.casaldelsinfants.org\\\/es\\\/#website\",\"url\":\"https:\\\/\\\/www.casaldelsinfants.org\\\/es\\\/\",\"name\":\"Casal dels Infants\",\"description\":\"\",\"publisher\":{\"@id\":\"https:\\\/\\\/www.casaldelsinfants.org\\\/es\\\/#organization\"},\"potentialAction\":[{\"@type\":\"SearchAction\",\"target\":{\"@type\":\"EntryPoint\",\"urlTemplate\":\"https:\\\/\\\/www.casaldelsinfants.org\\\/es\\\/?s={search_term_string}\"},\"query-input\":{\"@type\":\"PropertyValueSpecification\",\"valueRequired\":true,\"valueName\":\"search_term_string\"}}],\"inLanguage\":\"es\"},{\"@type\":\"Organization\",\"@id\":\"https:\\\/\\\/www.casaldelsinfants.org\\\/es\\\/#organization\",\"name\":\"Casal dels Infants\",\"url\":\"https:\\\/\\\/www.casaldelsinfants.org\\\/es\\\/\",\"logo\":{\"@type\":\"ImageObject\",\"inLanguage\":\"es\",\"@id\":\"https:\\\/\\\/www.casaldelsinfants.org\\\/es\\\/#\\\/schema\\\/logo\\\/image\\\/\",\"url\":\"https:\\\/\\\/www.casaldelsinfants.org\\\/wp-content\\\/uploads\\\/logo-mail.png\",\"contentUrl\":\"https:\\\/\\\/www.casaldelsinfants.org\\\/wp-content\\\/uploads\\\/logo-mail.png\",\"width\":380,\"height\":158,\"caption\":\"Casal dels Infants\"},\"image\":{\"@id\":\"https:\\\/\\\/www.casaldelsinfants.org\\\/es\\\/#\\\/schema\\\/logo\\\/image\\\/\"},\"sameAs\":[\"https:\\\/\\\/www.facebook.com\\\/casalinfants\",\"https:\\\/\\\/x.com\\\/casalinfants\",\"https:\\\/\\\/www.youtube.com\\\/user\\\/CasaldelsInfants1\",\"https:\\\/\\\/www.instagram.com\\\/casalinfants\\\/\",\"https:\\\/\\\/www.linkedin.com\\\/company\\\/casaldelsinfants?trk=organization-update_share-update_actor-text\"]},{\"@type\":\"Person\",\"@id\":\"https:\\\/\\\/www.casaldelsinfants.org\\\/es\\\/#\\\/schema\\\/person\\\/97707fc8c64900cf36891127dbf9fba8\",\"name\":\"cdiAdmin\",\"sameAs\":[\"https:\\\/\\\/casaldelsinfants.org\"]}]}<\/script>\n<!-- \/ Yoast SEO plugin. -->","yoast_head_json":{"title":"Abrimos la Pista Cintra en el Raval - Casal dels Infants","robots":{"index":"index","follow":"follow","max-snippet":"max-snippet:-1","max-image-preview":"max-image-preview:large","max-video-preview":"max-video-preview:-1"},"canonical":"https:\/\/www.casaldelsinfants.org\/es\/actualidad\/abrimos-la-pista-cintra-en-el-raval\/","og_locale":"es_ES","og_type":"article","og_title":"Abrimos la Pista Cintra en el Raval - Casal dels Infants","og_description":"\u00a0 \u00a0 \u00a0 Las pistas de la calle Sant Rafael del Raval (Barcelona) se han llenado de j\u00f3venes, de voluntarios del Casal y de vecinos y vecinas con motivo de una jornada participativa, en la que todos han podido hacer propuestas para dar vida al nuevo proyecto art\u00edstico y comunitario \u201cPista Cintra\u201d, un nuevo espacio [&hellip;]","og_url":"https:\/\/www.casaldelsinfants.org\/es\/actualidad\/abrimos-la-pista-cintra-en-el-raval\/","og_site_name":"Casal dels Infants","article_publisher":"https:\/\/www.facebook.com\/casalinfants","article_published_time":"2017-11-17T14:51:09+00:00","article_modified_time":"2023-05-01T17:07:53+00:00","og_image":[{"width":1600,"height":1200,"url":"https:\/\/www.casaldelsinfants.org\/wp-content\/uploads\/pati-cintra.jpg","type":"image\/jpeg"}],"author":"cdiAdmin","twitter_card":"summary_large_image","twitter_creator":"@casalinfants","twitter_site":"@casalinfants","twitter_misc":{"Escrito por":"cdiAdmin","Tiempo de lectura":"2 minutos"},"schema":{"@context":"https:\/\/schema.org","@graph":[{"@type":"Article","@id":"https:\/\/www.casaldelsinfants.org\/es\/actualidad\/abrimos-la-pista-cintra-en-el-raval\/#article","isPartOf":{"@id":"https:\/\/www.casaldelsinfants.org\/es\/actualidad\/abrimos-la-pista-cintra-en-el-raval\/"},"author":{"name":"cdiAdmin","@id":"https:\/\/www.casaldelsinfants.org\/es\/#\/schema\/person\/97707fc8c64900cf36891127dbf9fba8"},"headline":"Abrimos la Pista Cintra en el Raval","datePublished":"2017-11-17T14:51:09+00:00","dateModified":"2023-05-01T17:07:53+00:00","mainEntityOfPage":{"@id":"https:\/\/www.casaldelsinfants.org\/es\/actualidad\/abrimos-la-pista-cintra-en-el-raval\/"},"wordCount":351,"commentCount":0,"publisher":{"@id":"https:\/\/www.casaldelsinfants.org\/es\/#organization"},"image":{"@id":"https:\/\/www.casaldelsinfants.org\/es\/actualidad\/abrimos-la-pista-cintra-en-el-raval\/#primaryimage"},"thumbnailUrl":"https:\/\/www.casaldelsinfants.org\/wp-content\/uploads\/pati-cintra.jpg","articleSection":["Noticia"],"inLanguage":"es","potentialAction":[{"@type":"CommentAction","name":"Comment","target":["https:\/\/www.casaldelsinfants.org\/es\/actualidad\/abrimos-la-pista-cintra-en-el-raval\/#respond"]}]},{"@type":"WebPage","@id":"https:\/\/www.casaldelsinfants.org\/es\/actualidad\/abrimos-la-pista-cintra-en-el-raval\/","url":"https:\/\/www.casaldelsinfants.org\/es\/actualidad\/abrimos-la-pista-cintra-en-el-raval\/","name":"Abrimos la Pista Cintra en el Raval - Casal dels Infants","isPartOf":{"@id":"https:\/\/www.casaldelsinfants.org\/es\/#website"},"primaryImageOfPage":{"@id":"https:\/\/www.casaldelsinfants.org\/es\/actualidad\/abrimos-la-pista-cintra-en-el-raval\/#primaryimage"},"image":{"@id":"https:\/\/www.casaldelsinfants.org\/es\/actualidad\/abrimos-la-pista-cintra-en-el-raval\/#primaryimage"},"thumbnailUrl":"https:\/\/www.casaldelsinfants.org\/wp-content\/uploads\/pati-cintra.jpg","datePublished":"2017-11-17T14:51:09+00:00","dateModified":"2023-05-01T17:07:53+00:00","breadcrumb":{"@id":"https:\/\/www.casaldelsinfants.org\/es\/actualidad\/abrimos-la-pista-cintra-en-el-raval\/#breadcrumb"},"inLanguage":"es","potentialAction":[{"@type":"ReadAction","target":["https:\/\/www.casaldelsinfants.org\/es\/actualidad\/abrimos-la-pista-cintra-en-el-raval\/"]}]},{"@type":"ImageObject","inLanguage":"es","@id":"https:\/\/www.casaldelsinfants.org\/es\/actualidad\/abrimos-la-pista-cintra-en-el-raval\/#primaryimage","url":"https:\/\/www.casaldelsinfants.org\/wp-content\/uploads\/pati-cintra.jpg","contentUrl":"https:\/\/www.casaldelsinfants.org\/wp-content\/uploads\/pati-cintra.jpg","width":1600,"height":1200,"caption":"Obrim la Pista Cintra al Raval"},{"@type":"BreadcrumbList","@id":"https:\/\/www.casaldelsinfants.org\/es\/actualidad\/abrimos-la-pista-cintra-en-el-raval\/#breadcrumb","itemListElement":[{"@type":"ListItem","position":1,"name":"Inici","item":"https:\/\/www.casaldelsinfants.org\/es\/"},{"@type":"ListItem","position":2,"name":"Abrimos la Pista Cintra en el Raval"}]},{"@type":"WebSite","@id":"https:\/\/www.casaldelsinfants.org\/es\/#website","url":"https:\/\/www.casaldelsinfants.org\/es\/","name":"Casal dels Infants","description":"","publisher":{"@id":"https:\/\/www.casaldelsinfants.org\/es\/#organization"},"potentialAction":[{"@type":"SearchAction","target":{"@type":"EntryPoint","urlTemplate":"https:\/\/www.casaldelsinfants.org\/es\/?s={search_term_string}"},"query-input":{"@type":"PropertyValueSpecification","valueRequired":true,"valueName":"search_term_string"}}],"inLanguage":"es"},{"@type":"Organization","@id":"https:\/\/www.casaldelsinfants.org\/es\/#organization","name":"Casal dels Infants","url":"https:\/\/www.casaldelsinfants.org\/es\/","logo":{"@type":"ImageObject","inLanguage":"es","@id":"https:\/\/www.casaldelsinfants.org\/es\/#\/schema\/logo\/image\/","url":"https:\/\/www.casaldelsinfants.org\/wp-content\/uploads\/logo-mail.png","contentUrl":"https:\/\/www.casaldelsinfants.org\/wp-content\/uploads\/logo-mail.png","width":380,"height":158,"caption":"Casal dels Infants"},"image":{"@id":"https:\/\/www.casaldelsinfants.org\/es\/#\/schema\/logo\/image\/"},"sameAs":["https:\/\/www.facebook.com\/casalinfants","https:\/\/x.com\/casalinfants","https:\/\/www.youtube.com\/user\/CasaldelsInfants1","https:\/\/www.instagram.com\/casalinfants\/","https:\/\/www.linkedin.com\/company\/casaldelsinfants?trk=organization-update_share-update_actor-text"]},{"@type":"Person","@id":"https:\/\/www.casaldelsinfants.org\/es\/#\/schema\/person\/97707fc8c64900cf36891127dbf9fba8","name":"cdiAdmin","sameAs":["https:\/\/casaldelsinfants.org"]}]}},"publishpress_future_action":{"enabled":false,"date":"2026-05-07 11:34:33","action":"change-status","newStatus":"draft","terms":[],"taxonomy":"category","extraData":[]},"publishpress_future_workflow_manual_trigger":{"enabledWorkflows":[]},"_links":{"self":[{"href":"https:\/\/www.casaldelsinfants.org\/es\/wp-json\/wp\/v2\/posts\/4542","targetHints":{"allow":["GET"]}}],"collection":[{"href":"https:\/\/www.casaldelsinfants.org\/es\/wp-json\/wp\/v2\/posts"}],"about":[{"href":"https:\/\/www.casaldelsinfants.org\/es\/wp-json\/wp\/v2\/types\/post"}],"author":[{"embeddable":true,"href":"https:\/\/www.casaldelsinfants.org\/es\/wp-json\/wp\/v2\/users\/1"}],"replies":[{"embeddable":true,"href":"https:\/\/www.casaldelsinfants.org\/es\/wp-json\/wp\/v2\/comments?post=4542"}],"version-history":[{"count":1,"href":"https:\/\/www.casaldelsinfants.org\/es\/wp-json\/wp\/v2\/posts\/4542\/revisions"}],"predecessor-version":[{"id":6454,"href":"https:\/\/www.casaldelsinfants.org\/es\/wp-json\/wp\/v2\/posts\/4542\/revisions\/6454"}],"wp:featuredmedia":[{"embeddable":true,"href":"https:\/\/www.casaldelsinfants.org\/es\/wp-json\/wp\/v2\/media\/3586"}],"wp:attachment":[{"href":"https:\/\/www.casaldelsinfants.org\/es\/wp-json\/wp\/v2\/media?parent=4542"}],"wp:term":[{"taxonomy":"category","embeddable":true,"href":"https:\/\/www.casaldelsinfants.org\/es\/wp-json\/wp\/v2\/categories?post=4542"},{"taxonomy":"post_tag","embeddable":true,"href":"https:\/\/www.casaldelsinfants.org\/es\/wp-json\/wp\/v2\/tags?post=4542"},{"taxonomy":"seus","embeddable":true,"href":"https:\/\/www.casaldelsinfants.org\/es\/wp-json\/wp\/v2\/seus?post=4542"},{"taxonomy":"eixos","embeddable":true,"href":"https:\/\/www.casaldelsinfants.org\/es\/wp-json\/wp\/v2\/eixos?post=4542"}],"curies":[{"name":"wp","href":"https:\/\/api.w.org\/{rel}","templated":true}]}}