{"id":4543,"date":"2017-11-17T16:49:32","date_gmt":"2017-11-17T14:49:32","guid":{"rendered":"https:\/\/casal.puntzero.cat\/noticies\/fent-barri-la-castanyada\/"},"modified":"2023-05-01T19:08:01","modified_gmt":"2023-05-01T17:08:01","slug":"fent-barri-la-castanyada","status":"publish","type":"post","link":"https:\/\/www.casaldelsinfants.org\/es\/actualidad\/haciendo-barrio-en-la-castanada\/","title":{"rendered":"Haciendo barrio en la Casta\u00f1ada"},"content":{"rendered":"<h4>\u00a0<\/h4>\n<h4><span style=\"font-family: arial, helvetica, sans-serif;\"><strong><img decoding=\"async\" src=\"\/wp-content\/uploads\/Castanyada_2016.png\" border=\"0\" alt=\"\" width=\"657\" height=\"598\" \/><\/strong><\/span><\/h4>\n<h4><span style=\"font-family: arial, helvetica, sans-serif;\"><strong>\u00a0<\/strong><\/span><\/h4>\n<h4><span style=\"font-family: arial, helvetica, sans-serif;\"><strong>Ni\u00f1os, j\u00f3venes, vecinos y vecinas del Arrabal, Santa Coloma, Badalona, la Mina y Salt celebraron todos juntos esta fiesta recuperando las tradiciones y a\u00f1adiendo un toque terror\u00edfico.<\/strong><\/span><\/h4>\n<p><span style=\"font-family: arial, helvetica, sans-serif;\"><strong>\u00a0<\/strong><\/span><\/p>\n<p>C\u00f3mo ya es tradici\u00f3n, los ni\u00f1os, j\u00f3venes y familias del Casal se han vestido de oto\u00f1o estos d\u00edas y han celebrado varias actividades y fiestas abiertas en cada uno de los barrios. En Badalona, parte de Betsaida se transform\u00f3 en el terror\u00edfico Orfanato Trenton que los\u00a0 j\u00f3venes estuvieron m\u00e1s de un mes preparando y que, este a\u00f1o, cont\u00f3 con 5 espacios diferenciados\u00a0 que visitaron m\u00e1s de 80 ni\u00f1os del Casal y otras entidades, y m\u00e1s de 80 j\u00f3venes del barrio. Durante la velada, adem\u00e1s de una experiencia terror\u00edfica, los participantes disfrutaron de m\u00fasica, talleres y un pica-pica de oto\u00f1o. Tanto en el Casal de Badalona c\u00f3mo en el de Salt (Giron\u00e8s), los ni\u00f1os y ni\u00f1as \u00a0pudieron aprender a cocinar (y comerse!) los panellets, las casta\u00f1as y los moniatos.<\/p>\n<p>En Santa Coloma, la fiesta tom\u00f3 el nombre de \u00abCastalloween\u00bb. Los j\u00f3venes organizaron un t\u00fanel de terror comunitario inspirado en un hospital abandonado. La atracci\u00f3n se abri\u00f3 a ni\u00f1os y j\u00f3venes de m\u00e1s de 12 a\u00f1os de los barrios de Fondo y Arrabal-Santa Rosa.\u00a0 En la plaza de los Pinos se pudo disfrutar tambi\u00e9n de diferentes\u00a0 actividades abiertas a toda la comunidad, con uno toca-toca (un juego infantil donde se identifican objetos por tacto y olor) de oto\u00f1o para los m\u00e1s peque\u00f1os, un fotocool del \u00abcastalloween\u00bb para los adolescentes, un mural de hojas y una casta\u00f1ada popular para todos los vecinos y vecinas. Este a\u00f1o como novedad, el Casal se uni\u00f3 al Centro Abierto Mois\u00e8s,\u00a0 que organiz\u00f3 un pasaje del terror infantil, donde los m\u00e1s peque\u00f1os pudieron disfrutar de una aventura terror\u00edfica.<\/p>\n<p>Por su parte, en la Mina, en Sant Adri\u00e0 de Bes\u00f2s, se celebr\u00f3 una casta\u00f1ada comunitaria en el parque del Bes\u00f2s, donde ni\u00f1os y familias\u00a0 participaron tambi\u00e9n en\u00a0 una gincana titulada \u00bb Salvemos la casta\u00f1ada\u00bb que reivindicaba la recuperaci\u00f3n de un espacio para las fiestas tradicionales sin despreciar otras fiestas coexistentes. Todos los personajes de la tradicional fiesta de la casta\u00f1ada estuvieron presentes en las diferentes etapas del juego:\u00a0 el Duende Casta\u00f1ero, el Gato Marrameu, el Esp\u00edritu del Oto\u00f1o, la Vieja Casta\u00f1era, el hada Hoja, el Cazador de Setas y el Se\u00f1or Moniato se distribuyeron por el parque e hicieron las delicias de los m\u00e1s peque\u00f1os.<\/p>\n<p>La fiesta con los vecinos y vecinas tambi\u00e9n fue la protagonista en el Raval, en Barcelona, donde ni\u00f1os y familias del Casal participaron en un t\u00fanel del terror organizado por los j\u00f3venes que abrieron a toda la comunidad. En la plaza, se celebr\u00f3 un concurso de panellets donde el jurado estuvo formado por los comerciantes de la plaza y los abuelos del Casal de Abuelos Trueta. La fiesta se complet\u00f3 con\u00a0 talleres infantiles \u00a0y de animaci\u00f3n. Todo ello con muchas casta\u00f1as, moniatos y panellets que prepararon las abuelas casta\u00f1eras del Casal de Abuelos del barrio, que tambi\u00e9n explicaron la tradici\u00f3n de la Casta\u00f1ada a los m\u00e1s peque\u00f1os! Un momento de contacto intergeneracional que arraiga el Casal a la comunidad. Una puerta abierta para la inclusi\u00f3n social en cada barrio!<\/p>\n","protected":false},"excerpt":{"rendered":"<p>\u00a0 \u00a0 Ni\u00f1os, j\u00f3venes, vecinos y vecinas del Arrabal, Santa Coloma, Badalona, la Mina y Salt celebraron todos juntos esta fiesta recuperando las tradiciones y a\u00f1adiendo un toque terror\u00edfico. \u00a0 C\u00f3mo ya es tradici\u00f3n, los ni\u00f1os, j\u00f3venes y familias del Casal se han vestido de oto\u00f1o estos d\u00edas y han celebrado varias actividades y fiestas [&hellip;]<\/p>\n","protected":false},"author":1,"featured_media":3589,"comment_status":"open","ping_status":"open","sticky":false,"template":"","format":"standard","meta":{"_acf_changed":false,"_et_pb_use_builder":"","_et_pb_old_content":"","_et_gb_content_width":"","inline_featured_image":false,"footnotes":""},"categories":[125],"tags":[],"seus":[],"eixos":[],"class_list":["post-4543","post","type-post","status-publish","format-standard","has-post-thumbnail","hentry","category-noticias"],"acf":[],"yoast_head":"<!-- This site is optimized with the Yoast SEO plugin v27.4 - https:\/\/yoast.com\/product\/yoast-seo-wordpress\/ -->\n<title>Haciendo barrio en la Casta\u00f1ada - Casal dels Infants<\/title>\n<meta name=\"robots\" content=\"index, follow, max-snippet:-1, max-image-preview:large, max-video-preview:-1\" \/>\n<link rel=\"canonical\" href=\"https:\/\/www.casaldelsinfants.org\/es\/actualidad\/haciendo-barrio-en-la-castanada\/\" \/>\n<meta property=\"og:locale\" content=\"es_ES\" \/>\n<meta property=\"og:type\" content=\"article\" \/>\n<meta property=\"og:title\" content=\"Haciendo barrio en la Casta\u00f1ada - Casal dels Infants\" \/>\n<meta property=\"og:description\" content=\"\u00a0 \u00a0 Ni\u00f1os, j\u00f3venes, vecinos y vecinas del Arrabal, Santa Coloma, Badalona, la Mina y Salt celebraron todos juntos esta fiesta recuperando las tradiciones y a\u00f1adiendo un toque terror\u00edfico. \u00a0 C\u00f3mo ya es tradici\u00f3n, los ni\u00f1os, j\u00f3venes y familias del Casal se han vestido de oto\u00f1o estos d\u00edas y han celebrado varias actividades y fiestas [&hellip;]\" \/>\n<meta property=\"og:url\" content=\"https:\/\/www.casaldelsinfants.org\/es\/actualidad\/haciendo-barrio-en-la-castanada\/\" \/>\n<meta property=\"og:site_name\" content=\"Casal dels Infants\" \/>\n<meta property=\"article:publisher\" content=\"https:\/\/www.facebook.com\/casalinfants\" \/>\n<meta property=\"article:published_time\" content=\"2017-11-17T14:49:32+00:00\" \/>\n<meta property=\"article:modified_time\" content=\"2023-05-01T17:08:01+00:00\" \/>\n<meta property=\"og:image\" content=\"https:\/\/www.casaldelsinfants.org\/wp-content\/uploads\/Castanyada_2016.png\" \/>\n\t<meta property=\"og:image:width\" content=\"879\" \/>\n\t<meta property=\"og:image:height\" content=\"799\" \/>\n\t<meta property=\"og:image:type\" content=\"image\/png\" \/>\n<meta name=\"author\" content=\"cdiAdmin\" \/>\n<meta name=\"twitter:card\" content=\"summary_large_image\" \/>\n<meta name=\"twitter:creator\" content=\"@casalinfants\" \/>\n<meta name=\"twitter:site\" content=\"@casalinfants\" \/>\n<meta name=\"twitter:label1\" content=\"Escrito por\" \/>\n\t<meta name=\"twitter:data1\" content=\"cdiAdmin\" \/>\n\t<meta name=\"twitter:label2\" content=\"Tiempo de lectura\" \/>\n\t<meta name=\"twitter:data2\" content=\"3 minutos\" \/>\n<script type=\"application\/ld+json\" class=\"yoast-schema-graph\">{\"@context\":\"https:\\\/\\\/schema.org\",\"@graph\":[{\"@type\":\"Article\",\"@id\":\"https:\\\/\\\/www.casaldelsinfants.org\\\/es\\\/actualidad\\\/haciendo-barrio-en-la-castanada\\\/#article\",\"isPartOf\":{\"@id\":\"https:\\\/\\\/www.casaldelsinfants.org\\\/es\\\/actualidad\\\/haciendo-barrio-en-la-castanada\\\/\"},\"author\":{\"name\":\"cdiAdmin\",\"@id\":\"https:\\\/\\\/www.casaldelsinfants.org\\\/es\\\/#\\\/schema\\\/person\\\/97707fc8c64900cf36891127dbf9fba8\"},\"headline\":\"Haciendo barrio en la Casta\u00f1ada\",\"datePublished\":\"2017-11-17T14:49:32+00:00\",\"dateModified\":\"2023-05-01T17:08:01+00:00\",\"mainEntityOfPage\":{\"@id\":\"https:\\\/\\\/www.casaldelsinfants.org\\\/es\\\/actualidad\\\/haciendo-barrio-en-la-castanada\\\/\"},\"wordCount\":595,\"commentCount\":0,\"publisher\":{\"@id\":\"https:\\\/\\\/www.casaldelsinfants.org\\\/es\\\/#organization\"},\"image\":{\"@id\":\"https:\\\/\\\/www.casaldelsinfants.org\\\/es\\\/actualidad\\\/haciendo-barrio-en-la-castanada\\\/#primaryimage\"},\"thumbnailUrl\":\"https:\\\/\\\/www.casaldelsinfants.org\\\/wp-content\\\/uploads\\\/Castanyada_2016.png\",\"articleSection\":[\"Noticia\"],\"inLanguage\":\"es\",\"potentialAction\":[{\"@type\":\"CommentAction\",\"name\":\"Comment\",\"target\":[\"https:\\\/\\\/www.casaldelsinfants.org\\\/es\\\/actualidad\\\/haciendo-barrio-en-la-castanada\\\/#respond\"]}]},{\"@type\":\"WebPage\",\"@id\":\"https:\\\/\\\/www.casaldelsinfants.org\\\/es\\\/actualidad\\\/haciendo-barrio-en-la-castanada\\\/\",\"url\":\"https:\\\/\\\/www.casaldelsinfants.org\\\/es\\\/actualidad\\\/haciendo-barrio-en-la-castanada\\\/\",\"name\":\"Haciendo barrio en la Casta\u00f1ada - Casal dels Infants\",\"isPartOf\":{\"@id\":\"https:\\\/\\\/www.casaldelsinfants.org\\\/es\\\/#website\"},\"primaryImageOfPage\":{\"@id\":\"https:\\\/\\\/www.casaldelsinfants.org\\\/es\\\/actualidad\\\/haciendo-barrio-en-la-castanada\\\/#primaryimage\"},\"image\":{\"@id\":\"https:\\\/\\\/www.casaldelsinfants.org\\\/es\\\/actualidad\\\/haciendo-barrio-en-la-castanada\\\/#primaryimage\"},\"thumbnailUrl\":\"https:\\\/\\\/www.casaldelsinfants.org\\\/wp-content\\\/uploads\\\/Castanyada_2016.png\",\"datePublished\":\"2017-11-17T14:49:32+00:00\",\"dateModified\":\"2023-05-01T17:08:01+00:00\",\"breadcrumb\":{\"@id\":\"https:\\\/\\\/www.casaldelsinfants.org\\\/es\\\/actualidad\\\/haciendo-barrio-en-la-castanada\\\/#breadcrumb\"},\"inLanguage\":\"es\",\"potentialAction\":[{\"@type\":\"ReadAction\",\"target\":[\"https:\\\/\\\/www.casaldelsinfants.org\\\/es\\\/actualidad\\\/haciendo-barrio-en-la-castanada\\\/\"]}]},{\"@type\":\"ImageObject\",\"inLanguage\":\"es\",\"@id\":\"https:\\\/\\\/www.casaldelsinfants.org\\\/es\\\/actualidad\\\/haciendo-barrio-en-la-castanada\\\/#primaryimage\",\"url\":\"https:\\\/\\\/www.casaldelsinfants.org\\\/wp-content\\\/uploads\\\/Castanyada_2016.png\",\"contentUrl\":\"https:\\\/\\\/www.casaldelsinfants.org\\\/wp-content\\\/uploads\\\/Castanyada_2016.png\",\"width\":879,\"height\":799,\"caption\":\"Joves fent castanyes al carrer\"},{\"@type\":\"BreadcrumbList\",\"@id\":\"https:\\\/\\\/www.casaldelsinfants.org\\\/es\\\/actualidad\\\/haciendo-barrio-en-la-castanada\\\/#breadcrumb\",\"itemListElement\":[{\"@type\":\"ListItem\",\"position\":1,\"name\":\"Inici\",\"item\":\"https:\\\/\\\/www.casaldelsinfants.org\\\/es\\\/\"},{\"@type\":\"ListItem\",\"position\":2,\"name\":\"Haciendo barrio en la Casta\u00f1ada\"}]},{\"@type\":\"WebSite\",\"@id\":\"https:\\\/\\\/www.casaldelsinfants.org\\\/es\\\/#website\",\"url\":\"https:\\\/\\\/www.casaldelsinfants.org\\\/es\\\/\",\"name\":\"Casal dels Infants\",\"description\":\"\",\"publisher\":{\"@id\":\"https:\\\/\\\/www.casaldelsinfants.org\\\/es\\\/#organization\"},\"potentialAction\":[{\"@type\":\"SearchAction\",\"target\":{\"@type\":\"EntryPoint\",\"urlTemplate\":\"https:\\\/\\\/www.casaldelsinfants.org\\\/es\\\/?s={search_term_string}\"},\"query-input\":{\"@type\":\"PropertyValueSpecification\",\"valueRequired\":true,\"valueName\":\"search_term_string\"}}],\"inLanguage\":\"es\"},{\"@type\":\"Organization\",\"@id\":\"https:\\\/\\\/www.casaldelsinfants.org\\\/es\\\/#organization\",\"name\":\"Casal dels Infants\",\"url\":\"https:\\\/\\\/www.casaldelsinfants.org\\\/es\\\/\",\"logo\":{\"@type\":\"ImageObject\",\"inLanguage\":\"es\",\"@id\":\"https:\\\/\\\/www.casaldelsinfants.org\\\/es\\\/#\\\/schema\\\/logo\\\/image\\\/\",\"url\":\"https:\\\/\\\/www.casaldelsinfants.org\\\/wp-content\\\/uploads\\\/logo-mail.png\",\"contentUrl\":\"https:\\\/\\\/www.casaldelsinfants.org\\\/wp-content\\\/uploads\\\/logo-mail.png\",\"width\":380,\"height\":158,\"caption\":\"Casal dels Infants\"},\"image\":{\"@id\":\"https:\\\/\\\/www.casaldelsinfants.org\\\/es\\\/#\\\/schema\\\/logo\\\/image\\\/\"},\"sameAs\":[\"https:\\\/\\\/www.facebook.com\\\/casalinfants\",\"https:\\\/\\\/x.com\\\/casalinfants\",\"https:\\\/\\\/www.youtube.com\\\/user\\\/CasaldelsInfants1\",\"https:\\\/\\\/www.instagram.com\\\/casalinfants\\\/\",\"https:\\\/\\\/www.linkedin.com\\\/company\\\/casaldelsinfants?trk=organization-update_share-update_actor-text\"]},{\"@type\":\"Person\",\"@id\":\"https:\\\/\\\/www.casaldelsinfants.org\\\/es\\\/#\\\/schema\\\/person\\\/97707fc8c64900cf36891127dbf9fba8\",\"name\":\"cdiAdmin\",\"sameAs\":[\"https:\\\/\\\/casaldelsinfants.org\"]}]}<\/script>\n<!-- \/ Yoast SEO plugin. -->","yoast_head_json":{"title":"Haciendo barrio en la Casta\u00f1ada - Casal dels Infants","robots":{"index":"index","follow":"follow","max-snippet":"max-snippet:-1","max-image-preview":"max-image-preview:large","max-video-preview":"max-video-preview:-1"},"canonical":"https:\/\/www.casaldelsinfants.org\/es\/actualidad\/haciendo-barrio-en-la-castanada\/","og_locale":"es_ES","og_type":"article","og_title":"Haciendo barrio en la Casta\u00f1ada - Casal dels Infants","og_description":"\u00a0 \u00a0 Ni\u00f1os, j\u00f3venes, vecinos y vecinas del Arrabal, Santa Coloma, Badalona, la Mina y Salt celebraron todos juntos esta fiesta recuperando las tradiciones y a\u00f1adiendo un toque terror\u00edfico. \u00a0 C\u00f3mo ya es tradici\u00f3n, los ni\u00f1os, j\u00f3venes y familias del Casal se han vestido de oto\u00f1o estos d\u00edas y han celebrado varias actividades y fiestas [&hellip;]","og_url":"https:\/\/www.casaldelsinfants.org\/es\/actualidad\/haciendo-barrio-en-la-castanada\/","og_site_name":"Casal dels Infants","article_publisher":"https:\/\/www.facebook.com\/casalinfants","article_published_time":"2017-11-17T14:49:32+00:00","article_modified_time":"2023-05-01T17:08:01+00:00","og_image":[{"width":879,"height":799,"url":"https:\/\/www.casaldelsinfants.org\/wp-content\/uploads\/Castanyada_2016.png","type":"image\/png"}],"author":"cdiAdmin","twitter_card":"summary_large_image","twitter_creator":"@casalinfants","twitter_site":"@casalinfants","twitter_misc":{"Escrito por":"cdiAdmin","Tiempo de lectura":"3 minutos"},"schema":{"@context":"https:\/\/schema.org","@graph":[{"@type":"Article","@id":"https:\/\/www.casaldelsinfants.org\/es\/actualidad\/haciendo-barrio-en-la-castanada\/#article","isPartOf":{"@id":"https:\/\/www.casaldelsinfants.org\/es\/actualidad\/haciendo-barrio-en-la-castanada\/"},"author":{"name":"cdiAdmin","@id":"https:\/\/www.casaldelsinfants.org\/es\/#\/schema\/person\/97707fc8c64900cf36891127dbf9fba8"},"headline":"Haciendo barrio en la Casta\u00f1ada","datePublished":"2017-11-17T14:49:32+00:00","dateModified":"2023-05-01T17:08:01+00:00","mainEntityOfPage":{"@id":"https:\/\/www.casaldelsinfants.org\/es\/actualidad\/haciendo-barrio-en-la-castanada\/"},"wordCount":595,"commentCount":0,"publisher":{"@id":"https:\/\/www.casaldelsinfants.org\/es\/#organization"},"image":{"@id":"https:\/\/www.casaldelsinfants.org\/es\/actualidad\/haciendo-barrio-en-la-castanada\/#primaryimage"},"thumbnailUrl":"https:\/\/www.casaldelsinfants.org\/wp-content\/uploads\/Castanyada_2016.png","articleSection":["Noticia"],"inLanguage":"es","potentialAction":[{"@type":"CommentAction","name":"Comment","target":["https:\/\/www.casaldelsinfants.org\/es\/actualidad\/haciendo-barrio-en-la-castanada\/#respond"]}]},{"@type":"WebPage","@id":"https:\/\/www.casaldelsinfants.org\/es\/actualidad\/haciendo-barrio-en-la-castanada\/","url":"https:\/\/www.casaldelsinfants.org\/es\/actualidad\/haciendo-barrio-en-la-castanada\/","name":"Haciendo barrio en la Casta\u00f1ada - Casal dels Infants","isPartOf":{"@id":"https:\/\/www.casaldelsinfants.org\/es\/#website"},"primaryImageOfPage":{"@id":"https:\/\/www.casaldelsinfants.org\/es\/actualidad\/haciendo-barrio-en-la-castanada\/#primaryimage"},"image":{"@id":"https:\/\/www.casaldelsinfants.org\/es\/actualidad\/haciendo-barrio-en-la-castanada\/#primaryimage"},"thumbnailUrl":"https:\/\/www.casaldelsinfants.org\/wp-content\/uploads\/Castanyada_2016.png","datePublished":"2017-11-17T14:49:32+00:00","dateModified":"2023-05-01T17:08:01+00:00","breadcrumb":{"@id":"https:\/\/www.casaldelsinfants.org\/es\/actualidad\/haciendo-barrio-en-la-castanada\/#breadcrumb"},"inLanguage":"es","potentialAction":[{"@type":"ReadAction","target":["https:\/\/www.casaldelsinfants.org\/es\/actualidad\/haciendo-barrio-en-la-castanada\/"]}]},{"@type":"ImageObject","inLanguage":"es","@id":"https:\/\/www.casaldelsinfants.org\/es\/actualidad\/haciendo-barrio-en-la-castanada\/#primaryimage","url":"https:\/\/www.casaldelsinfants.org\/wp-content\/uploads\/Castanyada_2016.png","contentUrl":"https:\/\/www.casaldelsinfants.org\/wp-content\/uploads\/Castanyada_2016.png","width":879,"height":799,"caption":"Joves fent castanyes al carrer"},{"@type":"BreadcrumbList","@id":"https:\/\/www.casaldelsinfants.org\/es\/actualidad\/haciendo-barrio-en-la-castanada\/#breadcrumb","itemListElement":[{"@type":"ListItem","position":1,"name":"Inici","item":"https:\/\/www.casaldelsinfants.org\/es\/"},{"@type":"ListItem","position":2,"name":"Haciendo barrio en la Casta\u00f1ada"}]},{"@type":"WebSite","@id":"https:\/\/www.casaldelsinfants.org\/es\/#website","url":"https:\/\/www.casaldelsinfants.org\/es\/","name":"Casal dels Infants","description":"","publisher":{"@id":"https:\/\/www.casaldelsinfants.org\/es\/#organization"},"potentialAction":[{"@type":"SearchAction","target":{"@type":"EntryPoint","urlTemplate":"https:\/\/www.casaldelsinfants.org\/es\/?s={search_term_string}"},"query-input":{"@type":"PropertyValueSpecification","valueRequired":true,"valueName":"search_term_string"}}],"inLanguage":"es"},{"@type":"Organization","@id":"https:\/\/www.casaldelsinfants.org\/es\/#organization","name":"Casal dels Infants","url":"https:\/\/www.casaldelsinfants.org\/es\/","logo":{"@type":"ImageObject","inLanguage":"es","@id":"https:\/\/www.casaldelsinfants.org\/es\/#\/schema\/logo\/image\/","url":"https:\/\/www.casaldelsinfants.org\/wp-content\/uploads\/logo-mail.png","contentUrl":"https:\/\/www.casaldelsinfants.org\/wp-content\/uploads\/logo-mail.png","width":380,"height":158,"caption":"Casal dels Infants"},"image":{"@id":"https:\/\/www.casaldelsinfants.org\/es\/#\/schema\/logo\/image\/"},"sameAs":["https:\/\/www.facebook.com\/casalinfants","https:\/\/x.com\/casalinfants","https:\/\/www.youtube.com\/user\/CasaldelsInfants1","https:\/\/www.instagram.com\/casalinfants\/","https:\/\/www.linkedin.com\/company\/casaldelsinfants?trk=organization-update_share-update_actor-text"]},{"@type":"Person","@id":"https:\/\/www.casaldelsinfants.org\/es\/#\/schema\/person\/97707fc8c64900cf36891127dbf9fba8","name":"cdiAdmin","sameAs":["https:\/\/casaldelsinfants.org"]}]}},"publishpress_future_action":{"enabled":false,"date":"2026-05-09 10:44:53","action":"change-status","newStatus":"draft","terms":[],"taxonomy":"category","extraData":[]},"publishpress_future_workflow_manual_trigger":{"enabledWorkflows":[]},"_links":{"self":[{"href":"https:\/\/www.casaldelsinfants.org\/es\/wp-json\/wp\/v2\/posts\/4543","targetHints":{"allow":["GET"]}}],"collection":[{"href":"https:\/\/www.casaldelsinfants.org\/es\/wp-json\/wp\/v2\/posts"}],"about":[{"href":"https:\/\/www.casaldelsinfants.org\/es\/wp-json\/wp\/v2\/types\/post"}],"author":[{"embeddable":true,"href":"https:\/\/www.casaldelsinfants.org\/es\/wp-json\/wp\/v2\/users\/1"}],"replies":[{"embeddable":true,"href":"https:\/\/www.casaldelsinfants.org\/es\/wp-json\/wp\/v2\/comments?post=4543"}],"version-history":[{"count":1,"href":"https:\/\/www.casaldelsinfants.org\/es\/wp-json\/wp\/v2\/posts\/4543\/revisions"}],"predecessor-version":[{"id":6455,"href":"https:\/\/www.casaldelsinfants.org\/es\/wp-json\/wp\/v2\/posts\/4543\/revisions\/6455"}],"wp:featuredmedia":[{"embeddable":true,"href":"https:\/\/www.casaldelsinfants.org\/es\/wp-json\/wp\/v2\/media\/3589"}],"wp:attachment":[{"href":"https:\/\/www.casaldelsinfants.org\/es\/wp-json\/wp\/v2\/media?parent=4543"}],"wp:term":[{"taxonomy":"category","embeddable":true,"href":"https:\/\/www.casaldelsinfants.org\/es\/wp-json\/wp\/v2\/categories?post=4543"},{"taxonomy":"post_tag","embeddable":true,"href":"https:\/\/www.casaldelsinfants.org\/es\/wp-json\/wp\/v2\/tags?post=4543"},{"taxonomy":"seus","embeddable":true,"href":"https:\/\/www.casaldelsinfants.org\/es\/wp-json\/wp\/v2\/seus?post=4543"},{"taxonomy":"eixos","embeddable":true,"href":"https:\/\/www.casaldelsinfants.org\/es\/wp-json\/wp\/v2\/eixos?post=4543"}],"curies":[{"name":"wp","href":"https:\/\/api.w.org\/{rel}","templated":true}]}}