{"id":4544,"date":"2017-11-17T16:48:21","date_gmt":"2017-11-17T14:48:21","guid":{"rendered":"https:\/\/casal.puntzero.cat\/noticies\/el-pou-de-girona-nou-restaurant-solidari-la-formacio-de-joves\/"},"modified":"2023-05-01T19:08:08","modified_gmt":"2023-05-01T17:08:08","slug":"el-pou-de-girona-nou-restaurant-solidari-la-formacio-de-joves","status":"publish","type":"post","link":"https:\/\/www.casaldelsinfants.org\/es\/actualidad\/el-pou-de-girona-nuevo-restaurante-solidario-para-la-formacion-de-jovenes\/","title":{"rendered":"\u201cEl Pou\u201d de Girona, nuevo restaurante solidario para la formaci\u00f3n de j\u00f3venes"},"content":{"rendered":"<h4><span style=\"font-family: arial, helvetica, sans-serif;\"><strong><img decoding=\"async\" src=\"\/wp-content\/uploads\/aula-hostaleria-el-pou.jpg\" border=\"0\" alt=\"\" width=\"782\" height=\"290\" style=\"display: block; margin-left: auto; margin-right: auto;\" \/><\/strong><\/span><\/h4>\n<h4 style=\"text-align: justify;\"><span style=\"font-family: arial, helvetica, sans-serif;\"><strong>\u00a0<\/strong><\/span><\/h4>\n<h4 style=\"text-align: justify;\"><span style=\"font-family: arial, helvetica, sans-serif;\"><strong>El restaurante de Girona se une en la red de restaurantes solidarios que, codo con codo con el Casal, dar\u00e1 oportunidades formativas y de iniciaci\u00f3n laboral a muchos chicos y chicas de la localidad del giron\u00e8s.<\/strong><\/span><\/h4>\n<p style=\"text-align: justify;\">\u00a0<\/p>\n<p style=\"text-align: justify;\">El Casal est\u00e1 en Salt (Giron\u00e8s) desde 2010 trabajando en red con las entidades, vecinos y vecinas de la comarca para ofrecer m\u00e1s oportunidades a los ni\u00f1os, j\u00f3venes y familias con m\u00e1s dificultades.<\/p>\n<p style=\"text-align: justify;\">El aula de Hosteler\u00eda es el espacio que encuentran muchos chicos y chicas con dificultades para aprender una nueva profesi\u00f3n: la de ayudantes de camarero.<strong> \u201cCada uno de ellos y ellas sigue un itinerario formativo de inserci\u00f3n laboral y en muchos casos tienen la oportunidad de tener una primera experiencia laboral que les permite seguir form\u00e1ndose y ganar autonom\u00eda personal y profesional\u201d<\/strong>, explica Jos\u00e9 Rold\u00e1n, Responsable de formaci\u00f3n del Casal dels Infants.<\/p>\n<p style=\"text-align: justify;\">Pero para poder ofrecerles una formaci\u00f3n de calidad es imprescindible la colaboraci\u00f3n de la empresa privada. El Casal trabaja estrechamente con las empresas solidarias del sector de la hosteler\u00eda que, como el restaurante el Pou, ofrecen a los j\u00f3venes un espacio inigualable donde poner en pr\u00e1ctica sus conocimientos y mejorar las competencias b\u00e1sicas, relacionales y t\u00e9cnicas adecuadas para trabajar.<\/p>\n<p style=\"text-align: justify;\">El Restaurante El Pou de Girona suma, de este modo, su esfuerzo al del Casal para dar m\u00e1s oportunidades a 10 j\u00f3venes de Salt. <strong>\u201dRecibir\u00e1n un tipo de formaci\u00f3n a la que dif\u00edcilmente podr\u00edan acceder de otro modo, dado que se suelen impartir en centros privados, inaccesibles econ\u00f3micamente para ellos\u201d<\/strong>, puntualiza Rold\u00e1n,<strong> \u201cla solidaridad de restaurantes como el Pou demuestra que, si nos unimos todas y todos, muchas personas pueden salir adelante y tener un futuro digno\u201d.<\/strong><\/p>\n<p style=\"text-align: justify;\">A la cabeza ante el restaurante est\u00e1 Olga, que lidera un magn\u00edfico equipo de cocina y sala. Olga se volc\u00f3 desde el primer momento en la colaboraci\u00f3n con el Casal dels Infants, cediendo espacios para la formaci\u00f3n de los j\u00f3venes en su restaurante donde, desde el 8 de noviembre, tambi\u00e9n se\u00a0 pueden formar en servicio a los clientes durante 6 semanas. Una oportunidad \u00fanica para muchos de ellos que, a menudo, tienen <strong>\u201cel primer contacto con el mundo de la hosteler\u00eda y, incluso, con un trabajo remunerado\u201d.<\/strong><\/p>\n<p style=\"text-align: justify;\">El aula de Hosteler\u00eda cuenta tambi\u00e9n con el apoyo del CNL (Consorcio para la Normalizaci\u00f3n Ling\u00fc\u00edstica) que impartir\u00e1 clases de catal\u00e1n durante todo el periodo formativo para mejorar las competencias ling\u00fc\u00edsticas de los chicos y chicas. Es por eso que Rold\u00e1n cree que<strong> \u201clos j\u00f3venes recibir\u00e1n una formaci\u00f3n muy completa, de calidad, que aumentar\u00e1 su competitividad para entrar al mercado laboral\u201d<\/strong>. \u00a1Mucha suerte y buen trabajo!<\/p>\n<p style=\"text-align: justify;\">\u00a0<\/p>\n","protected":false},"excerpt":{"rendered":"<p>\u00a0 El restaurante de Girona se une en la red de restaurantes solidarios que, codo con codo con el Casal, dar\u00e1 oportunidades formativas y de iniciaci\u00f3n laboral a muchos chicos y chicas de la localidad del giron\u00e8s. \u00a0 El Casal est\u00e1 en Salt (Giron\u00e8s) desde 2010 trabajando en red con las entidades, vecinos y vecinas [&hellip;]<\/p>\n","protected":false},"author":1,"featured_media":3592,"comment_status":"open","ping_status":"open","sticky":false,"template":"","format":"standard","meta":{"_acf_changed":false,"_et_pb_use_builder":"","_et_pb_old_content":"","_et_gb_content_width":"","inline_featured_image":false,"footnotes":""},"categories":[125],"tags":[],"seus":[],"eixos":[],"class_list":["post-4544","post","type-post","status-publish","format-standard","has-post-thumbnail","hentry","category-noticias"],"acf":[],"yoast_head":"<!-- This site is optimized with the Yoast SEO plugin v27.4 - https:\/\/yoast.com\/product\/yoast-seo-wordpress\/ -->\n<title>\u201cEl Pou\u201d de Girona, nuevo restaurante solidario para la formaci\u00f3n de j\u00f3venes - Casal dels Infants<\/title>\n<meta name=\"robots\" content=\"index, follow, max-snippet:-1, max-image-preview:large, max-video-preview:-1\" \/>\n<link rel=\"canonical\" href=\"https:\/\/www.casaldelsinfants.org\/es\/actualidad\/el-pou-de-girona-nuevo-restaurante-solidario-para-la-formacion-de-jovenes\/\" \/>\n<meta property=\"og:locale\" content=\"es_ES\" \/>\n<meta property=\"og:type\" content=\"article\" \/>\n<meta property=\"og:title\" content=\"\u201cEl Pou\u201d de Girona, nuevo restaurante solidario para la formaci\u00f3n de j\u00f3venes - Casal dels Infants\" \/>\n<meta property=\"og:description\" content=\"\u00a0 El restaurante de Girona se une en la red de restaurantes solidarios que, codo con codo con el Casal, dar\u00e1 oportunidades formativas y de iniciaci\u00f3n laboral a muchos chicos y chicas de la localidad del giron\u00e8s. \u00a0 El Casal est\u00e1 en Salt (Giron\u00e8s) desde 2010 trabajando en red con las entidades, vecinos y vecinas [&hellip;]\" \/>\n<meta property=\"og:url\" content=\"https:\/\/www.casaldelsinfants.org\/es\/actualidad\/el-pou-de-girona-nuevo-restaurante-solidario-para-la-formacion-de-jovenes\/\" \/>\n<meta property=\"og:site_name\" content=\"Casal dels Infants\" \/>\n<meta property=\"article:publisher\" content=\"https:\/\/www.facebook.com\/casalinfants\" \/>\n<meta property=\"article:published_time\" content=\"2017-11-17T14:48:21+00:00\" \/>\n<meta property=\"article:modified_time\" content=\"2023-05-01T17:08:08+00:00\" \/>\n<meta property=\"og:image\" content=\"https:\/\/www.casaldelsinfants.org\/wp-content\/uploads\/aula-hostaleria-el-pou.jpg\" \/>\n\t<meta property=\"og:image:width\" content=\"1600\" \/>\n\t<meta property=\"og:image:height\" content=\"594\" \/>\n\t<meta property=\"og:image:type\" content=\"image\/jpeg\" \/>\n<meta name=\"author\" content=\"cdiAdmin\" \/>\n<meta name=\"twitter:card\" content=\"summary_large_image\" \/>\n<meta name=\"twitter:creator\" content=\"@casalinfants\" \/>\n<meta name=\"twitter:site\" content=\"@casalinfants\" \/>\n<meta name=\"twitter:label1\" content=\"Escrito por\" \/>\n\t<meta name=\"twitter:data1\" content=\"cdiAdmin\" \/>\n\t<meta name=\"twitter:label2\" content=\"Tiempo de lectura\" \/>\n\t<meta name=\"twitter:data2\" content=\"2 minutos\" \/>\n<script type=\"application\/ld+json\" class=\"yoast-schema-graph\">{\"@context\":\"https:\\\/\\\/schema.org\",\"@graph\":[{\"@type\":\"Article\",\"@id\":\"https:\\\/\\\/www.casaldelsinfants.org\\\/es\\\/actualidad\\\/el-pou-de-girona-nuevo-restaurante-solidario-para-la-formacion-de-jovenes\\\/#article\",\"isPartOf\":{\"@id\":\"https:\\\/\\\/www.casaldelsinfants.org\\\/es\\\/actualidad\\\/el-pou-de-girona-nuevo-restaurante-solidario-para-la-formacion-de-jovenes\\\/\"},\"author\":{\"name\":\"cdiAdmin\",\"@id\":\"https:\\\/\\\/www.casaldelsinfants.org\\\/es\\\/#\\\/schema\\\/person\\\/97707fc8c64900cf36891127dbf9fba8\"},\"headline\":\"\u201cEl Pou\u201d de Girona, nuevo restaurante solidario para la formaci\u00f3n de j\u00f3venes\",\"datePublished\":\"2017-11-17T14:48:21+00:00\",\"dateModified\":\"2023-05-01T17:08:08+00:00\",\"mainEntityOfPage\":{\"@id\":\"https:\\\/\\\/www.casaldelsinfants.org\\\/es\\\/actualidad\\\/el-pou-de-girona-nuevo-restaurante-solidario-para-la-formacion-de-jovenes\\\/\"},\"wordCount\":485,\"commentCount\":0,\"publisher\":{\"@id\":\"https:\\\/\\\/www.casaldelsinfants.org\\\/es\\\/#organization\"},\"image\":{\"@id\":\"https:\\\/\\\/www.casaldelsinfants.org\\\/es\\\/actualidad\\\/el-pou-de-girona-nuevo-restaurante-solidario-para-la-formacion-de-jovenes\\\/#primaryimage\"},\"thumbnailUrl\":\"https:\\\/\\\/www.casaldelsinfants.org\\\/wp-content\\\/uploads\\\/aula-hostaleria-el-pou.jpg\",\"articleSection\":[\"Noticia\"],\"inLanguage\":\"es\",\"potentialAction\":[{\"@type\":\"CommentAction\",\"name\":\"Comment\",\"target\":[\"https:\\\/\\\/www.casaldelsinfants.org\\\/es\\\/actualidad\\\/el-pou-de-girona-nuevo-restaurante-solidario-para-la-formacion-de-jovenes\\\/#respond\"]}]},{\"@type\":\"WebPage\",\"@id\":\"https:\\\/\\\/www.casaldelsinfants.org\\\/es\\\/actualidad\\\/el-pou-de-girona-nuevo-restaurante-solidario-para-la-formacion-de-jovenes\\\/\",\"url\":\"https:\\\/\\\/www.casaldelsinfants.org\\\/es\\\/actualidad\\\/el-pou-de-girona-nuevo-restaurante-solidario-para-la-formacion-de-jovenes\\\/\",\"name\":\"\u201cEl Pou\u201d de Girona, nuevo restaurante solidario para la formaci\u00f3n de j\u00f3venes - Casal dels Infants\",\"isPartOf\":{\"@id\":\"https:\\\/\\\/www.casaldelsinfants.org\\\/es\\\/#website\"},\"primaryImageOfPage\":{\"@id\":\"https:\\\/\\\/www.casaldelsinfants.org\\\/es\\\/actualidad\\\/el-pou-de-girona-nuevo-restaurante-solidario-para-la-formacion-de-jovenes\\\/#primaryimage\"},\"image\":{\"@id\":\"https:\\\/\\\/www.casaldelsinfants.org\\\/es\\\/actualidad\\\/el-pou-de-girona-nuevo-restaurante-solidario-para-la-formacion-de-jovenes\\\/#primaryimage\"},\"thumbnailUrl\":\"https:\\\/\\\/www.casaldelsinfants.org\\\/wp-content\\\/uploads\\\/aula-hostaleria-el-pou.jpg\",\"datePublished\":\"2017-11-17T14:48:21+00:00\",\"dateModified\":\"2023-05-01T17:08:08+00:00\",\"breadcrumb\":{\"@id\":\"https:\\\/\\\/www.casaldelsinfants.org\\\/es\\\/actualidad\\\/el-pou-de-girona-nuevo-restaurante-solidario-para-la-formacion-de-jovenes\\\/#breadcrumb\"},\"inLanguage\":\"es\",\"potentialAction\":[{\"@type\":\"ReadAction\",\"target\":[\"https:\\\/\\\/www.casaldelsinfants.org\\\/es\\\/actualidad\\\/el-pou-de-girona-nuevo-restaurante-solidario-para-la-formacion-de-jovenes\\\/\"]}]},{\"@type\":\"ImageObject\",\"inLanguage\":\"es\",\"@id\":\"https:\\\/\\\/www.casaldelsinfants.org\\\/es\\\/actualidad\\\/el-pou-de-girona-nuevo-restaurante-solidario-para-la-formacion-de-jovenes\\\/#primaryimage\",\"url\":\"https:\\\/\\\/www.casaldelsinfants.org\\\/wp-content\\\/uploads\\\/aula-hostaleria-el-pou.jpg\",\"contentUrl\":\"https:\\\/\\\/www.casaldelsinfants.org\\\/wp-content\\\/uploads\\\/aula-hostaleria-el-pou.jpg\",\"width\":1600,\"height\":594,\"caption\":\"Joves de l'aula d'hostaleria \\\"El Pou - Girona\\\"\"},{\"@type\":\"BreadcrumbList\",\"@id\":\"https:\\\/\\\/www.casaldelsinfants.org\\\/es\\\/actualidad\\\/el-pou-de-girona-nuevo-restaurante-solidario-para-la-formacion-de-jovenes\\\/#breadcrumb\",\"itemListElement\":[{\"@type\":\"ListItem\",\"position\":1,\"name\":\"Inici\",\"item\":\"https:\\\/\\\/www.casaldelsinfants.org\\\/es\\\/\"},{\"@type\":\"ListItem\",\"position\":2,\"name\":\"\u201cEl Pou\u201d de Girona, nuevo restaurante solidario para la formaci\u00f3n de j\u00f3venes\"}]},{\"@type\":\"WebSite\",\"@id\":\"https:\\\/\\\/www.casaldelsinfants.org\\\/es\\\/#website\",\"url\":\"https:\\\/\\\/www.casaldelsinfants.org\\\/es\\\/\",\"name\":\"Casal dels Infants\",\"description\":\"\",\"publisher\":{\"@id\":\"https:\\\/\\\/www.casaldelsinfants.org\\\/es\\\/#organization\"},\"potentialAction\":[{\"@type\":\"SearchAction\",\"target\":{\"@type\":\"EntryPoint\",\"urlTemplate\":\"https:\\\/\\\/www.casaldelsinfants.org\\\/es\\\/?s={search_term_string}\"},\"query-input\":{\"@type\":\"PropertyValueSpecification\",\"valueRequired\":true,\"valueName\":\"search_term_string\"}}],\"inLanguage\":\"es\"},{\"@type\":\"Organization\",\"@id\":\"https:\\\/\\\/www.casaldelsinfants.org\\\/es\\\/#organization\",\"name\":\"Casal dels Infants\",\"url\":\"https:\\\/\\\/www.casaldelsinfants.org\\\/es\\\/\",\"logo\":{\"@type\":\"ImageObject\",\"inLanguage\":\"es\",\"@id\":\"https:\\\/\\\/www.casaldelsinfants.org\\\/es\\\/#\\\/schema\\\/logo\\\/image\\\/\",\"url\":\"https:\\\/\\\/www.casaldelsinfants.org\\\/wp-content\\\/uploads\\\/logo-mail.png\",\"contentUrl\":\"https:\\\/\\\/www.casaldelsinfants.org\\\/wp-content\\\/uploads\\\/logo-mail.png\",\"width\":380,\"height\":158,\"caption\":\"Casal dels Infants\"},\"image\":{\"@id\":\"https:\\\/\\\/www.casaldelsinfants.org\\\/es\\\/#\\\/schema\\\/logo\\\/image\\\/\"},\"sameAs\":[\"https:\\\/\\\/www.facebook.com\\\/casalinfants\",\"https:\\\/\\\/x.com\\\/casalinfants\",\"https:\\\/\\\/www.youtube.com\\\/user\\\/CasaldelsInfants1\",\"https:\\\/\\\/www.instagram.com\\\/casalinfants\\\/\",\"https:\\\/\\\/www.linkedin.com\\\/company\\\/casaldelsinfants?trk=organization-update_share-update_actor-text\"]},{\"@type\":\"Person\",\"@id\":\"https:\\\/\\\/www.casaldelsinfants.org\\\/es\\\/#\\\/schema\\\/person\\\/97707fc8c64900cf36891127dbf9fba8\",\"name\":\"cdiAdmin\",\"sameAs\":[\"https:\\\/\\\/casaldelsinfants.org\"]}]}<\/script>\n<!-- \/ Yoast SEO plugin. -->","yoast_head_json":{"title":"\u201cEl Pou\u201d de Girona, nuevo restaurante solidario para la formaci\u00f3n de j\u00f3venes - Casal dels Infants","robots":{"index":"index","follow":"follow","max-snippet":"max-snippet:-1","max-image-preview":"max-image-preview:large","max-video-preview":"max-video-preview:-1"},"canonical":"https:\/\/www.casaldelsinfants.org\/es\/actualidad\/el-pou-de-girona-nuevo-restaurante-solidario-para-la-formacion-de-jovenes\/","og_locale":"es_ES","og_type":"article","og_title":"\u201cEl Pou\u201d de Girona, nuevo restaurante solidario para la formaci\u00f3n de j\u00f3venes - Casal dels Infants","og_description":"\u00a0 El restaurante de Girona se une en la red de restaurantes solidarios que, codo con codo con el Casal, dar\u00e1 oportunidades formativas y de iniciaci\u00f3n laboral a muchos chicos y chicas de la localidad del giron\u00e8s. \u00a0 El Casal est\u00e1 en Salt (Giron\u00e8s) desde 2010 trabajando en red con las entidades, vecinos y vecinas [&hellip;]","og_url":"https:\/\/www.casaldelsinfants.org\/es\/actualidad\/el-pou-de-girona-nuevo-restaurante-solidario-para-la-formacion-de-jovenes\/","og_site_name":"Casal dels Infants","article_publisher":"https:\/\/www.facebook.com\/casalinfants","article_published_time":"2017-11-17T14:48:21+00:00","article_modified_time":"2023-05-01T17:08:08+00:00","og_image":[{"width":1600,"height":594,"url":"https:\/\/www.casaldelsinfants.org\/wp-content\/uploads\/aula-hostaleria-el-pou.jpg","type":"image\/jpeg"}],"author":"cdiAdmin","twitter_card":"summary_large_image","twitter_creator":"@casalinfants","twitter_site":"@casalinfants","twitter_misc":{"Escrito por":"cdiAdmin","Tiempo de lectura":"2 minutos"},"schema":{"@context":"https:\/\/schema.org","@graph":[{"@type":"Article","@id":"https:\/\/www.casaldelsinfants.org\/es\/actualidad\/el-pou-de-girona-nuevo-restaurante-solidario-para-la-formacion-de-jovenes\/#article","isPartOf":{"@id":"https:\/\/www.casaldelsinfants.org\/es\/actualidad\/el-pou-de-girona-nuevo-restaurante-solidario-para-la-formacion-de-jovenes\/"},"author":{"name":"cdiAdmin","@id":"https:\/\/www.casaldelsinfants.org\/es\/#\/schema\/person\/97707fc8c64900cf36891127dbf9fba8"},"headline":"\u201cEl Pou\u201d de Girona, nuevo restaurante solidario para la formaci\u00f3n de j\u00f3venes","datePublished":"2017-11-17T14:48:21+00:00","dateModified":"2023-05-01T17:08:08+00:00","mainEntityOfPage":{"@id":"https:\/\/www.casaldelsinfants.org\/es\/actualidad\/el-pou-de-girona-nuevo-restaurante-solidario-para-la-formacion-de-jovenes\/"},"wordCount":485,"commentCount":0,"publisher":{"@id":"https:\/\/www.casaldelsinfants.org\/es\/#organization"},"image":{"@id":"https:\/\/www.casaldelsinfants.org\/es\/actualidad\/el-pou-de-girona-nuevo-restaurante-solidario-para-la-formacion-de-jovenes\/#primaryimage"},"thumbnailUrl":"https:\/\/www.casaldelsinfants.org\/wp-content\/uploads\/aula-hostaleria-el-pou.jpg","articleSection":["Noticia"],"inLanguage":"es","potentialAction":[{"@type":"CommentAction","name":"Comment","target":["https:\/\/www.casaldelsinfants.org\/es\/actualidad\/el-pou-de-girona-nuevo-restaurante-solidario-para-la-formacion-de-jovenes\/#respond"]}]},{"@type":"WebPage","@id":"https:\/\/www.casaldelsinfants.org\/es\/actualidad\/el-pou-de-girona-nuevo-restaurante-solidario-para-la-formacion-de-jovenes\/","url":"https:\/\/www.casaldelsinfants.org\/es\/actualidad\/el-pou-de-girona-nuevo-restaurante-solidario-para-la-formacion-de-jovenes\/","name":"\u201cEl Pou\u201d de Girona, nuevo restaurante solidario para la formaci\u00f3n de j\u00f3venes - Casal dels Infants","isPartOf":{"@id":"https:\/\/www.casaldelsinfants.org\/es\/#website"},"primaryImageOfPage":{"@id":"https:\/\/www.casaldelsinfants.org\/es\/actualidad\/el-pou-de-girona-nuevo-restaurante-solidario-para-la-formacion-de-jovenes\/#primaryimage"},"image":{"@id":"https:\/\/www.casaldelsinfants.org\/es\/actualidad\/el-pou-de-girona-nuevo-restaurante-solidario-para-la-formacion-de-jovenes\/#primaryimage"},"thumbnailUrl":"https:\/\/www.casaldelsinfants.org\/wp-content\/uploads\/aula-hostaleria-el-pou.jpg","datePublished":"2017-11-17T14:48:21+00:00","dateModified":"2023-05-01T17:08:08+00:00","breadcrumb":{"@id":"https:\/\/www.casaldelsinfants.org\/es\/actualidad\/el-pou-de-girona-nuevo-restaurante-solidario-para-la-formacion-de-jovenes\/#breadcrumb"},"inLanguage":"es","potentialAction":[{"@type":"ReadAction","target":["https:\/\/www.casaldelsinfants.org\/es\/actualidad\/el-pou-de-girona-nuevo-restaurante-solidario-para-la-formacion-de-jovenes\/"]}]},{"@type":"ImageObject","inLanguage":"es","@id":"https:\/\/www.casaldelsinfants.org\/es\/actualidad\/el-pou-de-girona-nuevo-restaurante-solidario-para-la-formacion-de-jovenes\/#primaryimage","url":"https:\/\/www.casaldelsinfants.org\/wp-content\/uploads\/aula-hostaleria-el-pou.jpg","contentUrl":"https:\/\/www.casaldelsinfants.org\/wp-content\/uploads\/aula-hostaleria-el-pou.jpg","width":1600,"height":594,"caption":"Joves de l'aula d'hostaleria \"El Pou - Girona\""},{"@type":"BreadcrumbList","@id":"https:\/\/www.casaldelsinfants.org\/es\/actualidad\/el-pou-de-girona-nuevo-restaurante-solidario-para-la-formacion-de-jovenes\/#breadcrumb","itemListElement":[{"@type":"ListItem","position":1,"name":"Inici","item":"https:\/\/www.casaldelsinfants.org\/es\/"},{"@type":"ListItem","position":2,"name":"\u201cEl Pou\u201d de Girona, nuevo restaurante solidario para la formaci\u00f3n de j\u00f3venes"}]},{"@type":"WebSite","@id":"https:\/\/www.casaldelsinfants.org\/es\/#website","url":"https:\/\/www.casaldelsinfants.org\/es\/","name":"Casal dels Infants","description":"","publisher":{"@id":"https:\/\/www.casaldelsinfants.org\/es\/#organization"},"potentialAction":[{"@type":"SearchAction","target":{"@type":"EntryPoint","urlTemplate":"https:\/\/www.casaldelsinfants.org\/es\/?s={search_term_string}"},"query-input":{"@type":"PropertyValueSpecification","valueRequired":true,"valueName":"search_term_string"}}],"inLanguage":"es"},{"@type":"Organization","@id":"https:\/\/www.casaldelsinfants.org\/es\/#organization","name":"Casal dels Infants","url":"https:\/\/www.casaldelsinfants.org\/es\/","logo":{"@type":"ImageObject","inLanguage":"es","@id":"https:\/\/www.casaldelsinfants.org\/es\/#\/schema\/logo\/image\/","url":"https:\/\/www.casaldelsinfants.org\/wp-content\/uploads\/logo-mail.png","contentUrl":"https:\/\/www.casaldelsinfants.org\/wp-content\/uploads\/logo-mail.png","width":380,"height":158,"caption":"Casal dels Infants"},"image":{"@id":"https:\/\/www.casaldelsinfants.org\/es\/#\/schema\/logo\/image\/"},"sameAs":["https:\/\/www.facebook.com\/casalinfants","https:\/\/x.com\/casalinfants","https:\/\/www.youtube.com\/user\/CasaldelsInfants1","https:\/\/www.instagram.com\/casalinfants\/","https:\/\/www.linkedin.com\/company\/casaldelsinfants?trk=organization-update_share-update_actor-text"]},{"@type":"Person","@id":"https:\/\/www.casaldelsinfants.org\/es\/#\/schema\/person\/97707fc8c64900cf36891127dbf9fba8","name":"cdiAdmin","sameAs":["https:\/\/casaldelsinfants.org"]}]}},"publishpress_future_action":{"enabled":false,"date":"2026-05-09 10:36:08","action":"change-status","newStatus":"draft","terms":[],"taxonomy":"category","extraData":[]},"publishpress_future_workflow_manual_trigger":{"enabledWorkflows":[]},"_links":{"self":[{"href":"https:\/\/www.casaldelsinfants.org\/es\/wp-json\/wp\/v2\/posts\/4544","targetHints":{"allow":["GET"]}}],"collection":[{"href":"https:\/\/www.casaldelsinfants.org\/es\/wp-json\/wp\/v2\/posts"}],"about":[{"href":"https:\/\/www.casaldelsinfants.org\/es\/wp-json\/wp\/v2\/types\/post"}],"author":[{"embeddable":true,"href":"https:\/\/www.casaldelsinfants.org\/es\/wp-json\/wp\/v2\/users\/1"}],"replies":[{"embeddable":true,"href":"https:\/\/www.casaldelsinfants.org\/es\/wp-json\/wp\/v2\/comments?post=4544"}],"version-history":[{"count":1,"href":"https:\/\/www.casaldelsinfants.org\/es\/wp-json\/wp\/v2\/posts\/4544\/revisions"}],"predecessor-version":[{"id":6456,"href":"https:\/\/www.casaldelsinfants.org\/es\/wp-json\/wp\/v2\/posts\/4544\/revisions\/6456"}],"wp:featuredmedia":[{"embeddable":true,"href":"https:\/\/www.casaldelsinfants.org\/es\/wp-json\/wp\/v2\/media\/3592"}],"wp:attachment":[{"href":"https:\/\/www.casaldelsinfants.org\/es\/wp-json\/wp\/v2\/media?parent=4544"}],"wp:term":[{"taxonomy":"category","embeddable":true,"href":"https:\/\/www.casaldelsinfants.org\/es\/wp-json\/wp\/v2\/categories?post=4544"},{"taxonomy":"post_tag","embeddable":true,"href":"https:\/\/www.casaldelsinfants.org\/es\/wp-json\/wp\/v2\/tags?post=4544"},{"taxonomy":"seus","embeddable":true,"href":"https:\/\/www.casaldelsinfants.org\/es\/wp-json\/wp\/v2\/seus?post=4544"},{"taxonomy":"eixos","embeddable":true,"href":"https:\/\/www.casaldelsinfants.org\/es\/wp-json\/wp\/v2\/eixos?post=4544"}],"curies":[{"name":"wp","href":"https:\/\/api.w.org\/{rel}","templated":true}]}}