{"id":4547,"date":"2017-11-17T16:45:07","date_gmt":"2017-11-17T14:45:07","guid":{"rendered":"https:\/\/casal.puntzero.cat\/noticies\/arrenca-la-6a-edicio-de-la-tapa-solidaria-amb-mes-de-80-restaurants-solidaris\/"},"modified":"2023-05-01T19:08:31","modified_gmt":"2023-05-01T17:08:31","slug":"arrenca-la-6a-edicio-de-la-tapa-solidaria-amb-mes-de-80-restaurants-solidaris","status":"publish","type":"post","link":"https:\/\/www.casaldelsinfants.org\/es\/actualidad\/arranca-6a-edicion-tapa-solidaria-80-restaurantes\/","title":{"rendered":"Arranca la 6a edici\u00f3n de la Tapa Solidaria con m\u00e1s de 80 restaurantes solidarios"},"content":{"rendered":"<h4><span style=\"font-family: arial, helvetica, sans-serif;\"><strong>\u00a0<\/strong><\/span><\/h4>\n<h4><span style=\"font-family: arial, helvetica, sans-serif;\"><strong>\u00b7Los hermanos Albert y Ferran Adri\u00e0 apadrinan la 6a edici\u00f3n de la iniciativa que involucra m\u00e1s de 80 restaurantes para dar oportunidades educativas a las madres y beb\u00e9s del proyecto \u00abV\u00ednculos\u00bb del Casal dels Infants.<\/strong><\/span><\/h4>\n<h4><span style=\"font-family: arial, helvetica, sans-serif;\"><strong>\u00a0<\/strong><\/span><\/h4>\n<h4><span style=\"font-family: arial, helvetica, sans-serif;\"><strong>\u00b7Albert Adri\u00e0 destaca que \u00abla Tapa Solidaria desgraciadamente sigue siendo necesaria para que muchas personas con dificultades puedan salir adelante. Cada a\u00f1o tenemos que ser m\u00e1s quienes nos sumamos. Estamos orgullosos de la solidaridad del mundo gastron\u00f3mico\u00bb.<\/strong><\/span><\/h4>\n<h4><span style=\"font-family: arial, helvetica, sans-serif;\"><strong>\u00a0<\/strong><\/span><\/h4>\n<h4><span style=\"font-family: arial, helvetica, sans-serif;\"><strong>\u00b7 El Vicepresidente del Casal dels Infants, Llu\u00eds Prats, ha asegurado que \u00abla suma de voluntades es el que realmente transforma la realidad. Sin la solidaridad de las miles de personas que participan a la Tapa Solidaria ser\u00eda imposible seguir dando oportunidades como lo estamos haciendo en Barcelona, Santa Coloma, Badalona, Sant Adri\u00e0 y Salt\u00bb.<\/strong><\/span><\/h4>\n<p><span style=\"font-family: arial, helvetica, sans-serif;\"><strong>\u00a0<\/strong><\/span><\/p>\n<p><strong><em><img decoding=\"async\" src=\"\/wp-content\/uploads\/foto-familia-tapa.jpg\" border=\"0\" alt=\"\" width=\"718\" height=\"475\" \/><\/em><\/strong><\/p>\n<p><strong><em>\u00a0<\/em><\/strong><\/p>\n<p style=\"text-align: justify;\"><strong style=\"font-size: 12.16px;\"><em>Barcelona,4 de octubre de 2016<\/em><\/strong><span style=\"font-size: 12.16px;\"> \u2013 Esta ma\u00f1ana el restaurante Tickets ha vuelto a ser el escenario de la presentaci\u00f3n, por 6\u00ba \u00a0a\u00f1o consecutivo, de la Tapa Solidaria, una iniciativa de los chefs Albert y Ferran Adri\u00e0, que suma los esfuerzos de m\u00e1s de 80 restaurantes de Barcelona y en toda Catalu\u00f1a a favor del Casal dels Infants y la lucha contra las desigualdades.<\/span><\/p>\n<p style=\"text-align: justify;\"><span style=\"font-size: 12.16px;\">De hecho, la iniciativa se consolida, convirti\u00e9ndose en la referencia que mezcla cocina y solidaridad.\u00bb la Tapa Solidaria desgraciadamente sigue siendo muy necesaria para que muchas personas con dificultades puedan salir adelante\u00bb, explicaba Albert Adri\u00e0 en el turno de parlamentos de la presentaci\u00f3n, \u00abcada a\u00f1o tenemos que ser m\u00e1s quienes nos sumamos. Estamos orgullosos de la solidaridad del mundo gastron\u00f3mico\u00bb.<\/span><\/p>\n<p style=\"text-align: justify;\"><span style=\"font-size: 12.16px;\">Cada restaurate colaborador aporta 0,50 euros de la venta de una tapa de su carta al Casal dels Infants, que trabaja desde hace m\u00e1s de 30 a\u00f1os para que la educaci\u00f3n alimente el futuro de los ni\u00f1os y j\u00f3venes en situaci\u00f3n de vulnerabilidad. \u00abEn las cinco primeras ediciones, la Tapa Solidaria ha conseguido m\u00e1s de 122.000 euros que se han destinado \u00edntegramente a V\u00ednculos, el proyecto maternoinfantil del Casal que cada d\u00eda apoya a madres con beb\u00e9s de 0 a 3 a\u00f1os en situaciones de vulnerabilidad. El proyecto nace de la conciencia de que invertir en educaci\u00f3n, cuando antes mejor, hace crecer las posibilidades de salir adelante de los ni\u00f1os y ni\u00f1as\u00bb, ha explicado Llu\u00eds Prats, Vicepresidente del Casal dels Infants.<\/span><\/p>\n<p style=\"text-align: justify;\">La Tapa Solidaria ha sido clave en el funcionamiento de V\u00ednculos en los barrios de Badalona, Santa Coloma, Salt y Barcelona. \u201cEl \u00faltimo a\u00f1o hemos acompa\u00f1ado m\u00e1s de 500 beb\u00e9s y madres d`entornos y familias marcadas por la pobreza para que tengan un inicio de vida seguro y puedan salirse\u201d, ha detallado Prados.<\/p>\n<p style=\"text-align: justify;\"><span style=\"font-size: 12.16px;\">El compromiso de las personas que prueben la Tapa Solidaria se traducir\u00e1 en m\u00e1s oportunidades para transformar su realidad, para que los ni\u00f1os sean los protagonistas de su educaci\u00f3n, de su progreso, de su vida. \u00abla experteza del Casal dels Infants en este sentido es indudable, se aparta del asistencialismo y trabaja en el or\u00edgen de las desigualdades\u00bb, ha recalcado, a su vez, Francesc Igl\u00e9sies, secretario de Asuntos Sociales y Familias de la Generalitat de Catalu\u00f1a. Igl\u00e9sies tambi\u00e9n ha enfatizado que \u00abeste maridaje -de cocina y solidaridad- apela directamente nuestras conciencias: tenemos que ser conscientes que las desigualdades crecen y que muchas familias cuelgan de un hilo\u00bb, y ha acabado con una frase c\u00e9lebre: \u00ablo importante no es que se come sino c\u00f3mo se come. Larga vida a la Tapa Solidaria!\u00bb.<\/span><\/p>\n<p style=\"text-align: justify;\"><strong>\u00a0<\/strong><strong style=\"font-family: arial, helvetica, sans-serif; font-size: 1em;\">Restaurantes y sorteos solidarios<\/strong><\/p>\n<p style=\"text-align: justify;\"><span style=\"font-size: 12.16px;\">Tickets es s\u00f3lo uno de los restaurantes de renombre que se suman a la iniciativa, que cuenta con m\u00e1s de 80 restaurantes.<\/span><\/p>\n<p style=\"text-align: justify;\"><span style=\"font-size: 12.16px;\">Por otra parte, con la consumici\u00f3n de la Tapa Solidaria\u00a0 habr\u00e1 la opci\u00f3n de llenar los datos del posavasos de la Tapa y participar en el sorteo de una comida para dos personas cedido por cada uno de los restaurantes. Con la misma acci\u00f3n se entrar\u00e1 tambi\u00e9n en un sorteo de un viaje en Dubai para dos persones cortes\u00eda del chef Mariano Andr\u00e9s con visita incluida a su restaurante \u00abSeville&#8217;s\u00bb en la capital de los Emiratos.<\/span><\/p>\n<p><strong>\u00a0 \u00a0 \u00a0 \u00a0 \u00a0 \u00a0 \u00a0 \u00a0 \u00a0 \u00a0 \u00a0 \u00a0 \u00a0 \u00a0 \u00a0 \u00a0 \u00a0 \u00a0 \u00a0 \u00a0 \u00a0 \u00a0 \u00a0 \u00a0 \u00a0 \u00a0 \u00a0 \u00a0 \u00a0 \u00a0 \u00a0 \u00a0 \u00a0 \u00a0 \u00a0 \u00a0 \u00a0 \u00a0 \u00a0 \u00a0 \u00a0\u00a0<a href=\"https:\/\/tapasolidaria.org\/restaurants-col%C2%B7laboradors\/\" target=\"_blank\" rel=\"noopener\"><span style=\"text-decoration: underline;\">Descubre<\/span><span style=\"text-decoration: underline;\"> aqu\u00ed los restaurantes participantes<\/span><\/a><\/strong><a href=\"https:\/\/tapasolidaria.org\/restaurants-col%C2%B7laboradors\/\" target=\"_blank\" rel=\"noopener\"> \u00a0<\/a><\/p>\n","protected":false},"excerpt":{"rendered":"<p>\u00a0 \u00b7Los hermanos Albert y Ferran Adri\u00e0 apadrinan la 6a edici\u00f3n de la iniciativa que involucra m\u00e1s de 80 restaurantes para dar oportunidades educativas a las madres y beb\u00e9s del proyecto \u00abV\u00ednculos\u00bb del Casal dels Infants. \u00a0 \u00b7Albert Adri\u00e0 destaca que \u00abla Tapa Solidaria desgraciadamente sigue siendo necesaria para que muchas personas con dificultades puedan [&hellip;]<\/p>\n","protected":false},"author":1,"featured_media":3602,"comment_status":"open","ping_status":"open","sticky":false,"template":"","format":"standard","meta":{"_acf_changed":false,"_et_pb_use_builder":"","_et_pb_old_content":"","_et_gb_content_width":"","inline_featured_image":false,"footnotes":""},"categories":[125],"tags":[],"seus":[],"eixos":[],"class_list":["post-4547","post","type-post","status-publish","format-standard","has-post-thumbnail","hentry","category-noticias"],"acf":[],"yoast_head":"<!-- This site is optimized with the Yoast SEO plugin v27.4 - https:\/\/yoast.com\/product\/yoast-seo-wordpress\/ -->\n<title>Arranca la 6a edici\u00f3n de la Tapa Solidaria con m\u00e1s de 80 restaurantes solidarios - Casal dels Infants<\/title>\n<meta name=\"robots\" content=\"index, follow, max-snippet:-1, max-image-preview:large, max-video-preview:-1\" \/>\n<link rel=\"canonical\" href=\"https:\/\/www.casaldelsinfants.org\/es\/actualidad\/arranca-6a-edicion-tapa-solidaria-80-restaurantes\/\" \/>\n<meta property=\"og:locale\" content=\"es_ES\" \/>\n<meta property=\"og:type\" content=\"article\" \/>\n<meta property=\"og:title\" content=\"Arranca la 6a edici\u00f3n de la Tapa Solidaria con m\u00e1s de 80 restaurantes solidarios - Casal dels Infants\" \/>\n<meta property=\"og:description\" content=\"\u00a0 \u00b7Los hermanos Albert y Ferran Adri\u00e0 apadrinan la 6a edici\u00f3n de la iniciativa que involucra m\u00e1s de 80 restaurantes para dar oportunidades educativas a las madres y beb\u00e9s del proyecto \u00abV\u00ednculos\u00bb del Casal dels Infants. \u00a0 \u00b7Albert Adri\u00e0 destaca que \u00abla Tapa Solidaria desgraciadamente sigue siendo necesaria para que muchas personas con dificultades puedan [&hellip;]\" \/>\n<meta property=\"og:url\" content=\"https:\/\/www.casaldelsinfants.org\/es\/actualidad\/arranca-6a-edicion-tapa-solidaria-80-restaurantes\/\" \/>\n<meta property=\"og:site_name\" content=\"Casal dels Infants\" \/>\n<meta property=\"article:publisher\" content=\"https:\/\/www.facebook.com\/casalinfants\" \/>\n<meta property=\"article:published_time\" content=\"2017-11-17T14:45:07+00:00\" \/>\n<meta property=\"article:modified_time\" content=\"2023-05-01T17:08:31+00:00\" \/>\n<meta property=\"og:image\" content=\"https:\/\/www.casaldelsinfants.org\/wp-content\/uploads\/foto-familia-tapa-scaled.jpg\" \/>\n\t<meta property=\"og:image:width\" content=\"2560\" \/>\n\t<meta property=\"og:image:height\" content=\"1692\" \/>\n\t<meta property=\"og:image:type\" content=\"image\/jpeg\" \/>\n<meta name=\"author\" content=\"cdiAdmin\" \/>\n<meta name=\"twitter:card\" content=\"summary_large_image\" \/>\n<meta name=\"twitter:creator\" content=\"@casalinfants\" \/>\n<meta name=\"twitter:site\" content=\"@casalinfants\" \/>\n<meta name=\"twitter:label1\" content=\"Escrito por\" \/>\n\t<meta name=\"twitter:data1\" content=\"cdiAdmin\" \/>\n\t<meta name=\"twitter:label2\" content=\"Tiempo de lectura\" \/>\n\t<meta name=\"twitter:data2\" content=\"4 minutos\" \/>\n<script type=\"application\/ld+json\" class=\"yoast-schema-graph\">{\"@context\":\"https:\\\/\\\/schema.org\",\"@graph\":[{\"@type\":\"Article\",\"@id\":\"https:\\\/\\\/www.casaldelsinfants.org\\\/es\\\/actualidad\\\/arranca-6a-edicion-tapa-solidaria-80-restaurantes\\\/#article\",\"isPartOf\":{\"@id\":\"https:\\\/\\\/www.casaldelsinfants.org\\\/es\\\/actualidad\\\/arranca-6a-edicion-tapa-solidaria-80-restaurantes\\\/\"},\"author\":{\"name\":\"cdiAdmin\",\"@id\":\"https:\\\/\\\/www.casaldelsinfants.org\\\/es\\\/#\\\/schema\\\/person\\\/97707fc8c64900cf36891127dbf9fba8\"},\"headline\":\"Arranca la 6a edici\u00f3n de la Tapa Solidaria con m\u00e1s de 80 restaurantes solidarios\",\"datePublished\":\"2017-11-17T14:45:07+00:00\",\"dateModified\":\"2023-05-01T17:08:31+00:00\",\"mainEntityOfPage\":{\"@id\":\"https:\\\/\\\/www.casaldelsinfants.org\\\/es\\\/actualidad\\\/arranca-6a-edicion-tapa-solidaria-80-restaurantes\\\/\"},\"wordCount\":724,\"commentCount\":0,\"publisher\":{\"@id\":\"https:\\\/\\\/www.casaldelsinfants.org\\\/es\\\/#organization\"},\"image\":{\"@id\":\"https:\\\/\\\/www.casaldelsinfants.org\\\/es\\\/actualidad\\\/arranca-6a-edicion-tapa-solidaria-80-restaurantes\\\/#primaryimage\"},\"thumbnailUrl\":\"https:\\\/\\\/www.casaldelsinfants.org\\\/wp-content\\\/uploads\\\/foto-familia-tapa-scaled.jpg\",\"articleSection\":[\"Noticia\"],\"inLanguage\":\"es\",\"potentialAction\":[{\"@type\":\"CommentAction\",\"name\":\"Comment\",\"target\":[\"https:\\\/\\\/www.casaldelsinfants.org\\\/es\\\/actualidad\\\/arranca-6a-edicion-tapa-solidaria-80-restaurantes\\\/#respond\"]}]},{\"@type\":\"WebPage\",\"@id\":\"https:\\\/\\\/www.casaldelsinfants.org\\\/es\\\/actualidad\\\/arranca-6a-edicion-tapa-solidaria-80-restaurantes\\\/\",\"url\":\"https:\\\/\\\/www.casaldelsinfants.org\\\/es\\\/actualidad\\\/arranca-6a-edicion-tapa-solidaria-80-restaurantes\\\/\",\"name\":\"Arranca la 6a edici\u00f3n de la Tapa Solidaria con m\u00e1s de 80 restaurantes solidarios - Casal dels Infants\",\"isPartOf\":{\"@id\":\"https:\\\/\\\/www.casaldelsinfants.org\\\/es\\\/#website\"},\"primaryImageOfPage\":{\"@id\":\"https:\\\/\\\/www.casaldelsinfants.org\\\/es\\\/actualidad\\\/arranca-6a-edicion-tapa-solidaria-80-restaurantes\\\/#primaryimage\"},\"image\":{\"@id\":\"https:\\\/\\\/www.casaldelsinfants.org\\\/es\\\/actualidad\\\/arranca-6a-edicion-tapa-solidaria-80-restaurantes\\\/#primaryimage\"},\"thumbnailUrl\":\"https:\\\/\\\/www.casaldelsinfants.org\\\/wp-content\\\/uploads\\\/foto-familia-tapa-scaled.jpg\",\"datePublished\":\"2017-11-17T14:45:07+00:00\",\"dateModified\":\"2023-05-01T17:08:31+00:00\",\"breadcrumb\":{\"@id\":\"https:\\\/\\\/www.casaldelsinfants.org\\\/es\\\/actualidad\\\/arranca-6a-edicion-tapa-solidaria-80-restaurantes\\\/#breadcrumb\"},\"inLanguage\":\"es\",\"potentialAction\":[{\"@type\":\"ReadAction\",\"target\":[\"https:\\\/\\\/www.casaldelsinfants.org\\\/es\\\/actualidad\\\/arranca-6a-edicion-tapa-solidaria-80-restaurantes\\\/\"]}]},{\"@type\":\"ImageObject\",\"inLanguage\":\"es\",\"@id\":\"https:\\\/\\\/www.casaldelsinfants.org\\\/es\\\/actualidad\\\/arranca-6a-edicion-tapa-solidaria-80-restaurantes\\\/#primaryimage\",\"url\":\"https:\\\/\\\/www.casaldelsinfants.org\\\/wp-content\\\/uploads\\\/foto-familia-tapa-scaled.jpg\",\"contentUrl\":\"https:\\\/\\\/www.casaldelsinfants.org\\\/wp-content\\\/uploads\\\/foto-familia-tapa-scaled.jpg\",\"width\":2560,\"height\":1692,\"caption\":\"Arrenca la 6a edici\u00f3 de la Tapa Solid\u00e0ria amb m\u00e9s de 80 restaurants solidaris\"},{\"@type\":\"BreadcrumbList\",\"@id\":\"https:\\\/\\\/www.casaldelsinfants.org\\\/es\\\/actualidad\\\/arranca-6a-edicion-tapa-solidaria-80-restaurantes\\\/#breadcrumb\",\"itemListElement\":[{\"@type\":\"ListItem\",\"position\":1,\"name\":\"Inici\",\"item\":\"https:\\\/\\\/www.casaldelsinfants.org\\\/es\\\/\"},{\"@type\":\"ListItem\",\"position\":2,\"name\":\"Arranca la 6a edici\u00f3n de la Tapa Solidaria con m\u00e1s de 80 restaurantes solidarios\"}]},{\"@type\":\"WebSite\",\"@id\":\"https:\\\/\\\/www.casaldelsinfants.org\\\/es\\\/#website\",\"url\":\"https:\\\/\\\/www.casaldelsinfants.org\\\/es\\\/\",\"name\":\"Casal dels Infants\",\"description\":\"\",\"publisher\":{\"@id\":\"https:\\\/\\\/www.casaldelsinfants.org\\\/es\\\/#organization\"},\"potentialAction\":[{\"@type\":\"SearchAction\",\"target\":{\"@type\":\"EntryPoint\",\"urlTemplate\":\"https:\\\/\\\/www.casaldelsinfants.org\\\/es\\\/?s={search_term_string}\"},\"query-input\":{\"@type\":\"PropertyValueSpecification\",\"valueRequired\":true,\"valueName\":\"search_term_string\"}}],\"inLanguage\":\"es\"},{\"@type\":\"Organization\",\"@id\":\"https:\\\/\\\/www.casaldelsinfants.org\\\/es\\\/#organization\",\"name\":\"Casal dels Infants\",\"url\":\"https:\\\/\\\/www.casaldelsinfants.org\\\/es\\\/\",\"logo\":{\"@type\":\"ImageObject\",\"inLanguage\":\"es\",\"@id\":\"https:\\\/\\\/www.casaldelsinfants.org\\\/es\\\/#\\\/schema\\\/logo\\\/image\\\/\",\"url\":\"https:\\\/\\\/www.casaldelsinfants.org\\\/wp-content\\\/uploads\\\/logo-mail.png\",\"contentUrl\":\"https:\\\/\\\/www.casaldelsinfants.org\\\/wp-content\\\/uploads\\\/logo-mail.png\",\"width\":380,\"height\":158,\"caption\":\"Casal dels Infants\"},\"image\":{\"@id\":\"https:\\\/\\\/www.casaldelsinfants.org\\\/es\\\/#\\\/schema\\\/logo\\\/image\\\/\"},\"sameAs\":[\"https:\\\/\\\/www.facebook.com\\\/casalinfants\",\"https:\\\/\\\/x.com\\\/casalinfants\",\"https:\\\/\\\/www.youtube.com\\\/user\\\/CasaldelsInfants1\",\"https:\\\/\\\/www.instagram.com\\\/casalinfants\\\/\",\"https:\\\/\\\/www.linkedin.com\\\/company\\\/casaldelsinfants?trk=organization-update_share-update_actor-text\"]},{\"@type\":\"Person\",\"@id\":\"https:\\\/\\\/www.casaldelsinfants.org\\\/es\\\/#\\\/schema\\\/person\\\/97707fc8c64900cf36891127dbf9fba8\",\"name\":\"cdiAdmin\",\"sameAs\":[\"https:\\\/\\\/casaldelsinfants.org\"]}]}<\/script>\n<!-- \/ Yoast SEO plugin. -->","yoast_head_json":{"title":"Arranca la 6a edici\u00f3n de la Tapa Solidaria con m\u00e1s de 80 restaurantes solidarios - Casal dels Infants","robots":{"index":"index","follow":"follow","max-snippet":"max-snippet:-1","max-image-preview":"max-image-preview:large","max-video-preview":"max-video-preview:-1"},"canonical":"https:\/\/www.casaldelsinfants.org\/es\/actualidad\/arranca-6a-edicion-tapa-solidaria-80-restaurantes\/","og_locale":"es_ES","og_type":"article","og_title":"Arranca la 6a edici\u00f3n de la Tapa Solidaria con m\u00e1s de 80 restaurantes solidarios - Casal dels Infants","og_description":"\u00a0 \u00b7Los hermanos Albert y Ferran Adri\u00e0 apadrinan la 6a edici\u00f3n de la iniciativa que involucra m\u00e1s de 80 restaurantes para dar oportunidades educativas a las madres y beb\u00e9s del proyecto \u00abV\u00ednculos\u00bb del Casal dels Infants. \u00a0 \u00b7Albert Adri\u00e0 destaca que \u00abla Tapa Solidaria desgraciadamente sigue siendo necesaria para que muchas personas con dificultades puedan [&hellip;]","og_url":"https:\/\/www.casaldelsinfants.org\/es\/actualidad\/arranca-6a-edicion-tapa-solidaria-80-restaurantes\/","og_site_name":"Casal dels Infants","article_publisher":"https:\/\/www.facebook.com\/casalinfants","article_published_time":"2017-11-17T14:45:07+00:00","article_modified_time":"2023-05-01T17:08:31+00:00","og_image":[{"width":2560,"height":1692,"url":"https:\/\/www.casaldelsinfants.org\/wp-content\/uploads\/foto-familia-tapa-scaled.jpg","type":"image\/jpeg"}],"author":"cdiAdmin","twitter_card":"summary_large_image","twitter_creator":"@casalinfants","twitter_site":"@casalinfants","twitter_misc":{"Escrito por":"cdiAdmin","Tiempo de lectura":"4 minutos"},"schema":{"@context":"https:\/\/schema.org","@graph":[{"@type":"Article","@id":"https:\/\/www.casaldelsinfants.org\/es\/actualidad\/arranca-6a-edicion-tapa-solidaria-80-restaurantes\/#article","isPartOf":{"@id":"https:\/\/www.casaldelsinfants.org\/es\/actualidad\/arranca-6a-edicion-tapa-solidaria-80-restaurantes\/"},"author":{"name":"cdiAdmin","@id":"https:\/\/www.casaldelsinfants.org\/es\/#\/schema\/person\/97707fc8c64900cf36891127dbf9fba8"},"headline":"Arranca la 6a edici\u00f3n de la Tapa Solidaria con m\u00e1s de 80 restaurantes solidarios","datePublished":"2017-11-17T14:45:07+00:00","dateModified":"2023-05-01T17:08:31+00:00","mainEntityOfPage":{"@id":"https:\/\/www.casaldelsinfants.org\/es\/actualidad\/arranca-6a-edicion-tapa-solidaria-80-restaurantes\/"},"wordCount":724,"commentCount":0,"publisher":{"@id":"https:\/\/www.casaldelsinfants.org\/es\/#organization"},"image":{"@id":"https:\/\/www.casaldelsinfants.org\/es\/actualidad\/arranca-6a-edicion-tapa-solidaria-80-restaurantes\/#primaryimage"},"thumbnailUrl":"https:\/\/www.casaldelsinfants.org\/wp-content\/uploads\/foto-familia-tapa-scaled.jpg","articleSection":["Noticia"],"inLanguage":"es","potentialAction":[{"@type":"CommentAction","name":"Comment","target":["https:\/\/www.casaldelsinfants.org\/es\/actualidad\/arranca-6a-edicion-tapa-solidaria-80-restaurantes\/#respond"]}]},{"@type":"WebPage","@id":"https:\/\/www.casaldelsinfants.org\/es\/actualidad\/arranca-6a-edicion-tapa-solidaria-80-restaurantes\/","url":"https:\/\/www.casaldelsinfants.org\/es\/actualidad\/arranca-6a-edicion-tapa-solidaria-80-restaurantes\/","name":"Arranca la 6a edici\u00f3n de la Tapa Solidaria con m\u00e1s de 80 restaurantes solidarios - Casal dels Infants","isPartOf":{"@id":"https:\/\/www.casaldelsinfants.org\/es\/#website"},"primaryImageOfPage":{"@id":"https:\/\/www.casaldelsinfants.org\/es\/actualidad\/arranca-6a-edicion-tapa-solidaria-80-restaurantes\/#primaryimage"},"image":{"@id":"https:\/\/www.casaldelsinfants.org\/es\/actualidad\/arranca-6a-edicion-tapa-solidaria-80-restaurantes\/#primaryimage"},"thumbnailUrl":"https:\/\/www.casaldelsinfants.org\/wp-content\/uploads\/foto-familia-tapa-scaled.jpg","datePublished":"2017-11-17T14:45:07+00:00","dateModified":"2023-05-01T17:08:31+00:00","breadcrumb":{"@id":"https:\/\/www.casaldelsinfants.org\/es\/actualidad\/arranca-6a-edicion-tapa-solidaria-80-restaurantes\/#breadcrumb"},"inLanguage":"es","potentialAction":[{"@type":"ReadAction","target":["https:\/\/www.casaldelsinfants.org\/es\/actualidad\/arranca-6a-edicion-tapa-solidaria-80-restaurantes\/"]}]},{"@type":"ImageObject","inLanguage":"es","@id":"https:\/\/www.casaldelsinfants.org\/es\/actualidad\/arranca-6a-edicion-tapa-solidaria-80-restaurantes\/#primaryimage","url":"https:\/\/www.casaldelsinfants.org\/wp-content\/uploads\/foto-familia-tapa-scaled.jpg","contentUrl":"https:\/\/www.casaldelsinfants.org\/wp-content\/uploads\/foto-familia-tapa-scaled.jpg","width":2560,"height":1692,"caption":"Arrenca la 6a edici\u00f3 de la Tapa Solid\u00e0ria amb m\u00e9s de 80 restaurants solidaris"},{"@type":"BreadcrumbList","@id":"https:\/\/www.casaldelsinfants.org\/es\/actualidad\/arranca-6a-edicion-tapa-solidaria-80-restaurantes\/#breadcrumb","itemListElement":[{"@type":"ListItem","position":1,"name":"Inici","item":"https:\/\/www.casaldelsinfants.org\/es\/"},{"@type":"ListItem","position":2,"name":"Arranca la 6a edici\u00f3n de la Tapa Solidaria con m\u00e1s de 80 restaurantes solidarios"}]},{"@type":"WebSite","@id":"https:\/\/www.casaldelsinfants.org\/es\/#website","url":"https:\/\/www.casaldelsinfants.org\/es\/","name":"Casal dels Infants","description":"","publisher":{"@id":"https:\/\/www.casaldelsinfants.org\/es\/#organization"},"potentialAction":[{"@type":"SearchAction","target":{"@type":"EntryPoint","urlTemplate":"https:\/\/www.casaldelsinfants.org\/es\/?s={search_term_string}"},"query-input":{"@type":"PropertyValueSpecification","valueRequired":true,"valueName":"search_term_string"}}],"inLanguage":"es"},{"@type":"Organization","@id":"https:\/\/www.casaldelsinfants.org\/es\/#organization","name":"Casal dels Infants","url":"https:\/\/www.casaldelsinfants.org\/es\/","logo":{"@type":"ImageObject","inLanguage":"es","@id":"https:\/\/www.casaldelsinfants.org\/es\/#\/schema\/logo\/image\/","url":"https:\/\/www.casaldelsinfants.org\/wp-content\/uploads\/logo-mail.png","contentUrl":"https:\/\/www.casaldelsinfants.org\/wp-content\/uploads\/logo-mail.png","width":380,"height":158,"caption":"Casal dels Infants"},"image":{"@id":"https:\/\/www.casaldelsinfants.org\/es\/#\/schema\/logo\/image\/"},"sameAs":["https:\/\/www.facebook.com\/casalinfants","https:\/\/x.com\/casalinfants","https:\/\/www.youtube.com\/user\/CasaldelsInfants1","https:\/\/www.instagram.com\/casalinfants\/","https:\/\/www.linkedin.com\/company\/casaldelsinfants?trk=organization-update_share-update_actor-text"]},{"@type":"Person","@id":"https:\/\/www.casaldelsinfants.org\/es\/#\/schema\/person\/97707fc8c64900cf36891127dbf9fba8","name":"cdiAdmin","sameAs":["https:\/\/casaldelsinfants.org"]}]}},"publishpress_future_action":{"enabled":false,"date":"2026-05-09 10:31:14","action":"change-status","newStatus":"draft","terms":[],"taxonomy":"category","extraData":[]},"publishpress_future_workflow_manual_trigger":{"enabledWorkflows":[]},"_links":{"self":[{"href":"https:\/\/www.casaldelsinfants.org\/es\/wp-json\/wp\/v2\/posts\/4547","targetHints":{"allow":["GET"]}}],"collection":[{"href":"https:\/\/www.casaldelsinfants.org\/es\/wp-json\/wp\/v2\/posts"}],"about":[{"href":"https:\/\/www.casaldelsinfants.org\/es\/wp-json\/wp\/v2\/types\/post"}],"author":[{"embeddable":true,"href":"https:\/\/www.casaldelsinfants.org\/es\/wp-json\/wp\/v2\/users\/1"}],"replies":[{"embeddable":true,"href":"https:\/\/www.casaldelsinfants.org\/es\/wp-json\/wp\/v2\/comments?post=4547"}],"version-history":[{"count":1,"href":"https:\/\/www.casaldelsinfants.org\/es\/wp-json\/wp\/v2\/posts\/4547\/revisions"}],"predecessor-version":[{"id":6459,"href":"https:\/\/www.casaldelsinfants.org\/es\/wp-json\/wp\/v2\/posts\/4547\/revisions\/6459"}],"wp:featuredmedia":[{"embeddable":true,"href":"https:\/\/www.casaldelsinfants.org\/es\/wp-json\/wp\/v2\/media\/3602"}],"wp:attachment":[{"href":"https:\/\/www.casaldelsinfants.org\/es\/wp-json\/wp\/v2\/media?parent=4547"}],"wp:term":[{"taxonomy":"category","embeddable":true,"href":"https:\/\/www.casaldelsinfants.org\/es\/wp-json\/wp\/v2\/categories?post=4547"},{"taxonomy":"post_tag","embeddable":true,"href":"https:\/\/www.casaldelsinfants.org\/es\/wp-json\/wp\/v2\/tags?post=4547"},{"taxonomy":"seus","embeddable":true,"href":"https:\/\/www.casaldelsinfants.org\/es\/wp-json\/wp\/v2\/seus?post=4547"},{"taxonomy":"eixos","embeddable":true,"href":"https:\/\/www.casaldelsinfants.org\/es\/wp-json\/wp\/v2\/eixos?post=4547"}],"curies":[{"name":"wp","href":"https:\/\/api.w.org\/{rel}","templated":true}]}}