{"id":4548,"date":"2017-11-17T16:43:58","date_gmt":"2017-11-17T14:43:58","guid":{"rendered":"https:\/\/casal.puntzero.cat\/noticies\/tornar-de-colonies-amb-les-piles-carregades\/"},"modified":"2023-11-23T12:25:24","modified_gmt":"2023-11-23T10:25:24","slug":"tornar-de-colonies-amb-les-piles-carregades","status":"publish","type":"post","link":"https:\/\/www.casaldelsinfants.org\/es\/actualidad\/volver-de-colonias-con-las-pilas-cargadas\/","title":{"rendered":"\u00a1Volver de colonias con las pilas cargadas!"},"content":{"rendered":"<p><img decoding=\"async\" src=\"\/wp-content\/uploads\/adeu-estiu3.jpg\" width=\"690\" border=\"0\" \/><\/p>\n<h4><span style=\"font-family: Arial, Helvetica, sans-serif; font-size: 1em; font-weight: bold; line-height: 1.3em;\">Las colonias son un buen momento para romper la rutina del curso escolar pero tambi\u00e9n, y sobre todo, para desconectar del d\u00eda a d\u00eda. Significan tambi\u00e9n aprender a compartir, divertirse con los amigos y disfrutar de la naturaleza. La pasada semana, algunos ni\u00f1os, j\u00f3venes, educadores y educadoras del Casal volvieron de colonias y as\u00ed nos lo cuentan.<\/span><\/h4>\n<p><span style=\"font-family: 'courier new', courier;\">\u00a1P\u00f3rtate bien!, \u00a1Cu\u00eddate!<\/span><br \/>\n<span style=\"font-family: 'courier new', courier;\">\u00a1Tienes la linterna en la mochila peque\u00f1a!\u00bb<\/span><\/p>\n<p>En la Plaza Folch y Torres del Raval de Barcelona se oyen de fondo las \u00faltimas instrucciones que dan los padres y madres antes de irse. En medio de la plaza, ni\u00f1os con caras adormecidas que transmiten sentimientos de nervios pero sobre todo de ilusi\u00f3n. Despu\u00e9s de los abrazos de despedida y alguna que otra l\u00e1grima, el autocar finalmente se pone en marcha para dejar la ciudad durante unos d\u00edas.<\/p>\n<p>La \u00faltima semana y repartidos por el territorio catal\u00e1n, algunos grupos de ni\u00f1os y j\u00f3venes del Casal estaban a\u00fan de colonias: del Montseny hasta el Pla de l&#8217;Estany, pasando por el Giron\u00e8s y el Ripoll\u00e8s, instalados en casas de colonias o albergues, rodeados de naturaleza y ocupados todo el d\u00eda haciendo actividades. \u00abDurante las colonias, los ni\u00f1os y ni\u00f1as aprenden a pasar los d\u00edas sin los est\u00edmulos habituales: televisi\u00f3n, videojuegos, ordenadores, m\u00f3viles&#8230; Aprenden a jugar, a conversar con sus compa\u00f1eros y amigos y as\u00ed se crean relaciones m\u00e1s all\u00e1 de lo material. \u00abNos cuenta Cristina Artacho, educadora del Casal de Santa Coloma, que pone \u00e9nfasis en el hecho de que durante las colonias, educadores son, por encima de todo, acompa\u00f1antes de emociones:\u00bb Alejados de su casa, los ni\u00f1os son ellos mismos, se reencuentran con quienes son. Se ve muy claro el \u00faltimo d\u00eda, cuando algunos desean volver a casa y otros, en cambio, preferir\u00edan quedarse all\u00ed, lejos de su realidad.\u00bb Hay que saber c\u00f3mo gestionar las emociones durante el curso escolar, pero sobre todo durante las colonias; son d\u00edas muy intensos tanto por los ni\u00f1os y j\u00f3venes como para el equipo educativo.<\/p>\n<p><strong>Y tambi\u00e9n es momento para la reflexi\u00f3n.<\/strong><\/p>\n<p><span style=\"font-family: 'courier new', courier;\">\u00ab\u00bfPor qu\u00e9 en la ciudad vivimos todos pegados unos a otros?, \u00bfPor qu\u00e9 no hay animales como en la monta\u00f1a?\u00bb<\/span><\/p>\n<p>Estas son algunas de las preguntas que se hac\u00edan algunos ni\u00f1os desde lo alto del Montseny, observando Sant Celoni de fondo. \u00abTambi\u00e9n reflexionamos sobre por qu\u00e9 en la monta\u00f1a nos sentimos m\u00e1s tranquilos que en la ciudad. Hay ni\u00f1os que incluso dec\u00edan que pedir\u00edan a sus padres ir a vivir a un pueblo!\u00bb Nos cuenta tambi\u00e9n Cristina. A\u00f1ade que las colonias son un momento id\u00f3neo para educar de una manera integral: \u00abYa de buena ma\u00f1ana, el equipo de educadores y educadoras estamos bailando en las habitaciones para dar los buenos d\u00edas a los ni\u00f1os como se merecen. Despu\u00e9s de vestirse y lavarse la cara, hay que cargar pilas: \u00abLes sorprende que haya tanta comida para desayunar. Y a nosotros nos ha sorprendido que no hayan pedido comida industrial ning\u00fan d\u00eda, han acogido muy bien la comida saludable que hemos propuesto.\u00bb La tarde se combina con todo tipo de actividades, que van de las gincamas y juegos tradicionales, a las manualidades y las excursiones por la monta\u00f1a. Pero las actividades estrella son refrescarse en la piscina y el momento de la noche donde todo el mundo se estira y contempla las estrellas. Para algunos, es la primera vez que ven un cielo tan estrellado, y para la mayor\u00eda, es la \u00fanica vez en todo el a\u00f1o que est\u00e1n tan lejos de la ciudad.<\/p>\n<p>Y aparte de diversi\u00f3n, las colonias tambi\u00e9n generan momentos de aprendizaje. El equipo de educadoras y educadores destaca el trabajo que se hace en torno a la responsabilidad, tanto individual como dentro del grupo, as\u00ed como la capacidad de compartir, decidir y de trabajar en equipo; las colonias no s\u00f3lo son diversi\u00f3n, que tambi\u00e9n, sino sobre todo aprender a convivir y gestionar conflictos. Como afirma Juanma Mart\u00edn, el ocio educativo es una parte imprescindible de la educaci\u00f3n de los ni\u00f1os.<\/p>\n<p><strong>Una experiencia de aprendizaje tanto para peque\u00f1os como grandes<\/strong><\/p>\n<p>\u00abEl equipo de voluntarios y de pr\u00e1cticas que nos acompa\u00f1a en esta aventura que son las colonias reconoce que es una experiencia muy gratificante: te hace revivir la infancia y te hace compartir momentos muy bonitos con los ni\u00f1os y ni\u00f1as, y donde no s\u00f3lo se potencia los v\u00ednculos entre ellos sino tambi\u00e9n entre nosotros.\u00bb explica Marta Sebasti\u00e0, educadora del grupo de Petits del Raval. Noelia Corbal\u00e1n, educadora del Centre Obert Adolescent del Raval, a\u00f1ade que las colonias \u00abhan sido un aprendizaje tanto para ellos y ellas como para nosotros. Cada momento nos ha permitido acercarnos a la realidad de cada chico y chica; dialogando y escuchando sus voces hemos podido entender mejor sus intereses y necesidades\u00bb. Y eso te hace crecer como educadora y como persona.<\/p>\n<p>Y con tantas actividades y emociones, el tiempo pasa muy r\u00e1pido y todo el mundo sabe, unos m\u00e1s conscientes que otros, que tarde o temprano llega el momento de volver. Y tal como dice Marta Sebasti\u00e0: \u00abLos abrazos, besos y l\u00e1grimas son s\u00edmbolos indiscutibles del agradecimiento y la satisfacci\u00f3n de unos y otros, e inevitablemente, marcan el final del verano.\u00bb<\/p>\n<p>A continuaci\u00f3n, os dejamos tres divertidos v\u00eddeos de algunos momentos de estas \u00faltimas colonias:<\/p>\n<p><iframe loading=\"lazy\" src=\"https:\/\/www.youtube.com\/embed\/1e_jUrycaUw?controls=0&amp;showinfo=0\" width=\"700\" height=\"394\" frameborder=\"0\"><\/iframe><\/p>\n<p><iframe loading=\"lazy\" src=\"https:\/\/www.youtube.com\/embed\/x2Iza5Pl1pw?controls=0&amp;showinfo=0\" width=\"700\" height=\"394\" frameborder=\"0\"><\/iframe><\/p>\n<p><iframe loading=\"lazy\" src=\"https:\/\/www.youtube.com\/embed\/-mOBeFmAHXc?controls=0&amp;showinfo=0\" width=\"700\" height=\"394\" frameborder=\"0\"><\/iframe><\/p>\n<p><a href=\"https:\/\/www.socsomriure.org\/\" target=\"_blank\" rel=\"noopener\"><img decoding=\"async\" class=\"alignnone wp-image-13863 size-full\" src=\"https:\/\/www.casaldelsinfants.org\/wp-content\/uploads\/clica-i-participa-web-1.webp\" alt=\"\" width=\"1524\" height=\"969\" \/><\/a><\/p>\n","protected":false},"excerpt":{"rendered":"<p>Las colonias son un buen momento para romper la rutina del curso escolar pero tambi\u00e9n, y sobre todo, para desconectar del d\u00eda a d\u00eda. Significan tambi\u00e9n aprender a compartir, divertirse con los amigos y disfrutar de la naturaleza. La pasada semana, algunos ni\u00f1os, j\u00f3venes, educadores y educadoras del Casal volvieron de colonias y as\u00ed nos [&hellip;]<\/p>\n","protected":false},"author":1,"featured_media":3605,"comment_status":"open","ping_status":"open","sticky":false,"template":"","format":"standard","meta":{"_acf_changed":false,"_et_pb_use_builder":"","_et_pb_old_content":"","_et_gb_content_width":"","inline_featured_image":false,"footnotes":""},"categories":[125],"tags":[],"seus":[],"eixos":[],"class_list":["post-4548","post","type-post","status-publish","format-standard","has-post-thumbnail","hentry","category-noticias"],"acf":[],"yoast_head":"<!-- This site is optimized with the Yoast SEO plugin v27.4 - https:\/\/yoast.com\/product\/yoast-seo-wordpress\/ -->\n<title>\u00a1Volver de colonias con las pilas cargadas! - Casal dels Infants<\/title>\n<meta name=\"robots\" content=\"index, follow, max-snippet:-1, max-image-preview:large, max-video-preview:-1\" \/>\n<link rel=\"canonical\" href=\"https:\/\/www.casaldelsinfants.org\/es\/actualidad\/volver-de-colonias-con-las-pilas-cargadas\/\" \/>\n<meta property=\"og:locale\" content=\"es_ES\" \/>\n<meta property=\"og:type\" content=\"article\" \/>\n<meta property=\"og:title\" content=\"\u00a1Volver de colonias con las pilas cargadas! - Casal dels Infants\" \/>\n<meta property=\"og:description\" content=\"Las colonias son un buen momento para romper la rutina del curso escolar pero tambi\u00e9n, y sobre todo, para desconectar del d\u00eda a d\u00eda. Significan tambi\u00e9n aprender a compartir, divertirse con los amigos y disfrutar de la naturaleza. La pasada semana, algunos ni\u00f1os, j\u00f3venes, educadores y educadoras del Casal volvieron de colonias y as\u00ed nos [&hellip;]\" \/>\n<meta property=\"og:url\" content=\"https:\/\/www.casaldelsinfants.org\/es\/actualidad\/volver-de-colonias-con-las-pilas-cargadas\/\" \/>\n<meta property=\"og:site_name\" content=\"Casal dels Infants\" \/>\n<meta property=\"article:publisher\" content=\"https:\/\/www.facebook.com\/casalinfants\" \/>\n<meta property=\"article:published_time\" content=\"2017-11-17T14:43:58+00:00\" \/>\n<meta property=\"article:modified_time\" content=\"2023-11-23T10:25:24+00:00\" \/>\n<meta property=\"og:image\" content=\"https:\/\/www.casaldelsinfants.org\/wp-content\/uploads\/adeu-estiu3.jpg\" \/>\n\t<meta property=\"og:image:width\" content=\"1395\" \/>\n\t<meta property=\"og:image:height\" content=\"751\" \/>\n\t<meta property=\"og:image:type\" content=\"image\/jpeg\" \/>\n<meta name=\"author\" content=\"cdiAdmin\" \/>\n<meta name=\"twitter:card\" content=\"summary_large_image\" \/>\n<meta name=\"twitter:creator\" content=\"@casalinfants\" \/>\n<meta name=\"twitter:site\" content=\"@casalinfants\" \/>\n<meta name=\"twitter:label1\" content=\"Escrito por\" \/>\n\t<meta name=\"twitter:data1\" content=\"cdiAdmin\" \/>\n\t<meta name=\"twitter:label2\" content=\"Tiempo de lectura\" \/>\n\t<meta name=\"twitter:data2\" content=\"6 minutos\" \/>\n<script type=\"application\/ld+json\" class=\"yoast-schema-graph\">{\"@context\":\"https:\\\/\\\/schema.org\",\"@graph\":[{\"@type\":\"Article\",\"@id\":\"https:\\\/\\\/www.casaldelsinfants.org\\\/es\\\/actualidad\\\/volver-de-colonias-con-las-pilas-cargadas\\\/#article\",\"isPartOf\":{\"@id\":\"https:\\\/\\\/www.casaldelsinfants.org\\\/es\\\/actualidad\\\/volver-de-colonias-con-las-pilas-cargadas\\\/\"},\"author\":{\"name\":\"cdiAdmin\",\"@id\":\"https:\\\/\\\/www.casaldelsinfants.org\\\/es\\\/#\\\/schema\\\/person\\\/97707fc8c64900cf36891127dbf9fba8\"},\"headline\":\"\u00a1Volver de colonias con las pilas cargadas!\",\"datePublished\":\"2017-11-17T14:43:58+00:00\",\"dateModified\":\"2023-11-23T10:25:24+00:00\",\"mainEntityOfPage\":{\"@id\":\"https:\\\/\\\/www.casaldelsinfants.org\\\/es\\\/actualidad\\\/volver-de-colonias-con-las-pilas-cargadas\\\/\"},\"wordCount\":962,\"commentCount\":0,\"publisher\":{\"@id\":\"https:\\\/\\\/www.casaldelsinfants.org\\\/es\\\/#organization\"},\"image\":{\"@id\":\"https:\\\/\\\/www.casaldelsinfants.org\\\/es\\\/actualidad\\\/volver-de-colonias-con-las-pilas-cargadas\\\/#primaryimage\"},\"thumbnailUrl\":\"https:\\\/\\\/www.casaldelsinfants.org\\\/wp-content\\\/uploads\\\/adeu-estiu3.jpg\",\"articleSection\":[\"Noticia\"],\"inLanguage\":\"es\",\"potentialAction\":[{\"@type\":\"CommentAction\",\"name\":\"Comment\",\"target\":[\"https:\\\/\\\/www.casaldelsinfants.org\\\/es\\\/actualidad\\\/volver-de-colonias-con-las-pilas-cargadas\\\/#respond\"]}]},{\"@type\":\"WebPage\",\"@id\":\"https:\\\/\\\/www.casaldelsinfants.org\\\/es\\\/actualidad\\\/volver-de-colonias-con-las-pilas-cargadas\\\/\",\"url\":\"https:\\\/\\\/www.casaldelsinfants.org\\\/es\\\/actualidad\\\/volver-de-colonias-con-las-pilas-cargadas\\\/\",\"name\":\"\u00a1Volver de colonias con las pilas cargadas! - Casal dels Infants\",\"isPartOf\":{\"@id\":\"https:\\\/\\\/www.casaldelsinfants.org\\\/es\\\/#website\"},\"primaryImageOfPage\":{\"@id\":\"https:\\\/\\\/www.casaldelsinfants.org\\\/es\\\/actualidad\\\/volver-de-colonias-con-las-pilas-cargadas\\\/#primaryimage\"},\"image\":{\"@id\":\"https:\\\/\\\/www.casaldelsinfants.org\\\/es\\\/actualidad\\\/volver-de-colonias-con-las-pilas-cargadas\\\/#primaryimage\"},\"thumbnailUrl\":\"https:\\\/\\\/www.casaldelsinfants.org\\\/wp-content\\\/uploads\\\/adeu-estiu3.jpg\",\"datePublished\":\"2017-11-17T14:43:58+00:00\",\"dateModified\":\"2023-11-23T10:25:24+00:00\",\"breadcrumb\":{\"@id\":\"https:\\\/\\\/www.casaldelsinfants.org\\\/es\\\/actualidad\\\/volver-de-colonias-con-las-pilas-cargadas\\\/#breadcrumb\"},\"inLanguage\":\"es\",\"potentialAction\":[{\"@type\":\"ReadAction\",\"target\":[\"https:\\\/\\\/www.casaldelsinfants.org\\\/es\\\/actualidad\\\/volver-de-colonias-con-las-pilas-cargadas\\\/\"]}]},{\"@type\":\"ImageObject\",\"inLanguage\":\"es\",\"@id\":\"https:\\\/\\\/www.casaldelsinfants.org\\\/es\\\/actualidad\\\/volver-de-colonias-con-las-pilas-cargadas\\\/#primaryimage\",\"url\":\"https:\\\/\\\/www.casaldelsinfants.org\\\/wp-content\\\/uploads\\\/adeu-estiu3.jpg\",\"contentUrl\":\"https:\\\/\\\/www.casaldelsinfants.org\\\/wp-content\\\/uploads\\\/adeu-estiu3.jpg\",\"width\":1395,\"height\":751,\"caption\":\"Nens i monitors banyant-se a la platja durant l'estiu\"},{\"@type\":\"BreadcrumbList\",\"@id\":\"https:\\\/\\\/www.casaldelsinfants.org\\\/es\\\/actualidad\\\/volver-de-colonias-con-las-pilas-cargadas\\\/#breadcrumb\",\"itemListElement\":[{\"@type\":\"ListItem\",\"position\":1,\"name\":\"Inici\",\"item\":\"https:\\\/\\\/www.casaldelsinfants.org\\\/es\\\/\"},{\"@type\":\"ListItem\",\"position\":2,\"name\":\"\u00a1Volver de colonias con las pilas cargadas!\"}]},{\"@type\":\"WebSite\",\"@id\":\"https:\\\/\\\/www.casaldelsinfants.org\\\/es\\\/#website\",\"url\":\"https:\\\/\\\/www.casaldelsinfants.org\\\/es\\\/\",\"name\":\"Casal dels Infants\",\"description\":\"\",\"publisher\":{\"@id\":\"https:\\\/\\\/www.casaldelsinfants.org\\\/es\\\/#organization\"},\"potentialAction\":[{\"@type\":\"SearchAction\",\"target\":{\"@type\":\"EntryPoint\",\"urlTemplate\":\"https:\\\/\\\/www.casaldelsinfants.org\\\/es\\\/?s={search_term_string}\"},\"query-input\":{\"@type\":\"PropertyValueSpecification\",\"valueRequired\":true,\"valueName\":\"search_term_string\"}}],\"inLanguage\":\"es\"},{\"@type\":\"Organization\",\"@id\":\"https:\\\/\\\/www.casaldelsinfants.org\\\/es\\\/#organization\",\"name\":\"Casal dels Infants\",\"url\":\"https:\\\/\\\/www.casaldelsinfants.org\\\/es\\\/\",\"logo\":{\"@type\":\"ImageObject\",\"inLanguage\":\"es\",\"@id\":\"https:\\\/\\\/www.casaldelsinfants.org\\\/es\\\/#\\\/schema\\\/logo\\\/image\\\/\",\"url\":\"https:\\\/\\\/www.casaldelsinfants.org\\\/wp-content\\\/uploads\\\/logo-mail.png\",\"contentUrl\":\"https:\\\/\\\/www.casaldelsinfants.org\\\/wp-content\\\/uploads\\\/logo-mail.png\",\"width\":380,\"height\":158,\"caption\":\"Casal dels Infants\"},\"image\":{\"@id\":\"https:\\\/\\\/www.casaldelsinfants.org\\\/es\\\/#\\\/schema\\\/logo\\\/image\\\/\"},\"sameAs\":[\"https:\\\/\\\/www.facebook.com\\\/casalinfants\",\"https:\\\/\\\/x.com\\\/casalinfants\",\"https:\\\/\\\/www.youtube.com\\\/user\\\/CasaldelsInfants1\",\"https:\\\/\\\/www.instagram.com\\\/casalinfants\\\/\",\"https:\\\/\\\/www.linkedin.com\\\/company\\\/casaldelsinfants?trk=organization-update_share-update_actor-text\"]},{\"@type\":\"Person\",\"@id\":\"https:\\\/\\\/www.casaldelsinfants.org\\\/es\\\/#\\\/schema\\\/person\\\/97707fc8c64900cf36891127dbf9fba8\",\"name\":\"cdiAdmin\",\"sameAs\":[\"https:\\\/\\\/casaldelsinfants.org\"]}]}<\/script>\n<!-- \/ Yoast SEO plugin. -->","yoast_head_json":{"title":"\u00a1Volver de colonias con las pilas cargadas! - Casal dels Infants","robots":{"index":"index","follow":"follow","max-snippet":"max-snippet:-1","max-image-preview":"max-image-preview:large","max-video-preview":"max-video-preview:-1"},"canonical":"https:\/\/www.casaldelsinfants.org\/es\/actualidad\/volver-de-colonias-con-las-pilas-cargadas\/","og_locale":"es_ES","og_type":"article","og_title":"\u00a1Volver de colonias con las pilas cargadas! - Casal dels Infants","og_description":"Las colonias son un buen momento para romper la rutina del curso escolar pero tambi\u00e9n, y sobre todo, para desconectar del d\u00eda a d\u00eda. Significan tambi\u00e9n aprender a compartir, divertirse con los amigos y disfrutar de la naturaleza. La pasada semana, algunos ni\u00f1os, j\u00f3venes, educadores y educadoras del Casal volvieron de colonias y as\u00ed nos [&hellip;]","og_url":"https:\/\/www.casaldelsinfants.org\/es\/actualidad\/volver-de-colonias-con-las-pilas-cargadas\/","og_site_name":"Casal dels Infants","article_publisher":"https:\/\/www.facebook.com\/casalinfants","article_published_time":"2017-11-17T14:43:58+00:00","article_modified_time":"2023-11-23T10:25:24+00:00","og_image":[{"width":1395,"height":751,"url":"https:\/\/www.casaldelsinfants.org\/wp-content\/uploads\/adeu-estiu3.jpg","type":"image\/jpeg"}],"author":"cdiAdmin","twitter_card":"summary_large_image","twitter_creator":"@casalinfants","twitter_site":"@casalinfants","twitter_misc":{"Escrito por":"cdiAdmin","Tiempo de lectura":"6 minutos"},"schema":{"@context":"https:\/\/schema.org","@graph":[{"@type":"Article","@id":"https:\/\/www.casaldelsinfants.org\/es\/actualidad\/volver-de-colonias-con-las-pilas-cargadas\/#article","isPartOf":{"@id":"https:\/\/www.casaldelsinfants.org\/es\/actualidad\/volver-de-colonias-con-las-pilas-cargadas\/"},"author":{"name":"cdiAdmin","@id":"https:\/\/www.casaldelsinfants.org\/es\/#\/schema\/person\/97707fc8c64900cf36891127dbf9fba8"},"headline":"\u00a1Volver de colonias con las pilas cargadas!","datePublished":"2017-11-17T14:43:58+00:00","dateModified":"2023-11-23T10:25:24+00:00","mainEntityOfPage":{"@id":"https:\/\/www.casaldelsinfants.org\/es\/actualidad\/volver-de-colonias-con-las-pilas-cargadas\/"},"wordCount":962,"commentCount":0,"publisher":{"@id":"https:\/\/www.casaldelsinfants.org\/es\/#organization"},"image":{"@id":"https:\/\/www.casaldelsinfants.org\/es\/actualidad\/volver-de-colonias-con-las-pilas-cargadas\/#primaryimage"},"thumbnailUrl":"https:\/\/www.casaldelsinfants.org\/wp-content\/uploads\/adeu-estiu3.jpg","articleSection":["Noticia"],"inLanguage":"es","potentialAction":[{"@type":"CommentAction","name":"Comment","target":["https:\/\/www.casaldelsinfants.org\/es\/actualidad\/volver-de-colonias-con-las-pilas-cargadas\/#respond"]}]},{"@type":"WebPage","@id":"https:\/\/www.casaldelsinfants.org\/es\/actualidad\/volver-de-colonias-con-las-pilas-cargadas\/","url":"https:\/\/www.casaldelsinfants.org\/es\/actualidad\/volver-de-colonias-con-las-pilas-cargadas\/","name":"\u00a1Volver de colonias con las pilas cargadas! - Casal dels Infants","isPartOf":{"@id":"https:\/\/www.casaldelsinfants.org\/es\/#website"},"primaryImageOfPage":{"@id":"https:\/\/www.casaldelsinfants.org\/es\/actualidad\/volver-de-colonias-con-las-pilas-cargadas\/#primaryimage"},"image":{"@id":"https:\/\/www.casaldelsinfants.org\/es\/actualidad\/volver-de-colonias-con-las-pilas-cargadas\/#primaryimage"},"thumbnailUrl":"https:\/\/www.casaldelsinfants.org\/wp-content\/uploads\/adeu-estiu3.jpg","datePublished":"2017-11-17T14:43:58+00:00","dateModified":"2023-11-23T10:25:24+00:00","breadcrumb":{"@id":"https:\/\/www.casaldelsinfants.org\/es\/actualidad\/volver-de-colonias-con-las-pilas-cargadas\/#breadcrumb"},"inLanguage":"es","potentialAction":[{"@type":"ReadAction","target":["https:\/\/www.casaldelsinfants.org\/es\/actualidad\/volver-de-colonias-con-las-pilas-cargadas\/"]}]},{"@type":"ImageObject","inLanguage":"es","@id":"https:\/\/www.casaldelsinfants.org\/es\/actualidad\/volver-de-colonias-con-las-pilas-cargadas\/#primaryimage","url":"https:\/\/www.casaldelsinfants.org\/wp-content\/uploads\/adeu-estiu3.jpg","contentUrl":"https:\/\/www.casaldelsinfants.org\/wp-content\/uploads\/adeu-estiu3.jpg","width":1395,"height":751,"caption":"Nens i monitors banyant-se a la platja durant l'estiu"},{"@type":"BreadcrumbList","@id":"https:\/\/www.casaldelsinfants.org\/es\/actualidad\/volver-de-colonias-con-las-pilas-cargadas\/#breadcrumb","itemListElement":[{"@type":"ListItem","position":1,"name":"Inici","item":"https:\/\/www.casaldelsinfants.org\/es\/"},{"@type":"ListItem","position":2,"name":"\u00a1Volver de colonias con las pilas cargadas!"}]},{"@type":"WebSite","@id":"https:\/\/www.casaldelsinfants.org\/es\/#website","url":"https:\/\/www.casaldelsinfants.org\/es\/","name":"Casal dels Infants","description":"","publisher":{"@id":"https:\/\/www.casaldelsinfants.org\/es\/#organization"},"potentialAction":[{"@type":"SearchAction","target":{"@type":"EntryPoint","urlTemplate":"https:\/\/www.casaldelsinfants.org\/es\/?s={search_term_string}"},"query-input":{"@type":"PropertyValueSpecification","valueRequired":true,"valueName":"search_term_string"}}],"inLanguage":"es"},{"@type":"Organization","@id":"https:\/\/www.casaldelsinfants.org\/es\/#organization","name":"Casal dels Infants","url":"https:\/\/www.casaldelsinfants.org\/es\/","logo":{"@type":"ImageObject","inLanguage":"es","@id":"https:\/\/www.casaldelsinfants.org\/es\/#\/schema\/logo\/image\/","url":"https:\/\/www.casaldelsinfants.org\/wp-content\/uploads\/logo-mail.png","contentUrl":"https:\/\/www.casaldelsinfants.org\/wp-content\/uploads\/logo-mail.png","width":380,"height":158,"caption":"Casal dels Infants"},"image":{"@id":"https:\/\/www.casaldelsinfants.org\/es\/#\/schema\/logo\/image\/"},"sameAs":["https:\/\/www.facebook.com\/casalinfants","https:\/\/x.com\/casalinfants","https:\/\/www.youtube.com\/user\/CasaldelsInfants1","https:\/\/www.instagram.com\/casalinfants\/","https:\/\/www.linkedin.com\/company\/casaldelsinfants?trk=organization-update_share-update_actor-text"]},{"@type":"Person","@id":"https:\/\/www.casaldelsinfants.org\/es\/#\/schema\/person\/97707fc8c64900cf36891127dbf9fba8","name":"cdiAdmin","sameAs":["https:\/\/casaldelsinfants.org"]}]}},"publishpress_future_action":{"enabled":false,"date":"2026-05-09 10:36:16","action":"change-status","newStatus":"draft","terms":[],"taxonomy":"category","extraData":[]},"publishpress_future_workflow_manual_trigger":{"enabledWorkflows":[]},"_links":{"self":[{"href":"https:\/\/www.casaldelsinfants.org\/es\/wp-json\/wp\/v2\/posts\/4548","targetHints":{"allow":["GET"]}}],"collection":[{"href":"https:\/\/www.casaldelsinfants.org\/es\/wp-json\/wp\/v2\/posts"}],"about":[{"href":"https:\/\/www.casaldelsinfants.org\/es\/wp-json\/wp\/v2\/types\/post"}],"author":[{"embeddable":true,"href":"https:\/\/www.casaldelsinfants.org\/es\/wp-json\/wp\/v2\/users\/1"}],"replies":[{"embeddable":true,"href":"https:\/\/www.casaldelsinfants.org\/es\/wp-json\/wp\/v2\/comments?post=4548"}],"version-history":[{"count":4,"href":"https:\/\/www.casaldelsinfants.org\/es\/wp-json\/wp\/v2\/posts\/4548\/revisions"}],"predecessor-version":[{"id":16099,"href":"https:\/\/www.casaldelsinfants.org\/es\/wp-json\/wp\/v2\/posts\/4548\/revisions\/16099"}],"wp:featuredmedia":[{"embeddable":true,"href":"https:\/\/www.casaldelsinfants.org\/es\/wp-json\/wp\/v2\/media\/3605"}],"wp:attachment":[{"href":"https:\/\/www.casaldelsinfants.org\/es\/wp-json\/wp\/v2\/media?parent=4548"}],"wp:term":[{"taxonomy":"category","embeddable":true,"href":"https:\/\/www.casaldelsinfants.org\/es\/wp-json\/wp\/v2\/categories?post=4548"},{"taxonomy":"post_tag","embeddable":true,"href":"https:\/\/www.casaldelsinfants.org\/es\/wp-json\/wp\/v2\/tags?post=4548"},{"taxonomy":"seus","embeddable":true,"href":"https:\/\/www.casaldelsinfants.org\/es\/wp-json\/wp\/v2\/seus?post=4548"},{"taxonomy":"eixos","embeddable":true,"href":"https:\/\/www.casaldelsinfants.org\/es\/wp-json\/wp\/v2\/eixos?post=4548"}],"curies":[{"name":"wp","href":"https:\/\/api.w.org\/{rel}","templated":true}]}}