{"id":4549,"date":"2017-11-17T16:41:36","date_gmt":"2017-11-17T14:41:36","guid":{"rendered":"https:\/\/casal.puntzero.cat\/noticies\/colonies-destiu-divertir-se-i-creixer-en-valors\/"},"modified":"2023-05-01T19:08:48","modified_gmt":"2023-05-01T17:08:48","slug":"colonies-destiu-divertir-se-i-creixer-en-valors","status":"publish","type":"post","link":"https:\/\/www.casaldelsinfants.org\/es\/actualidad\/colonias-de-verano-para-divertirse-y-crecer-en-valores\/","title":{"rendered":"Colonias de verano para divertirse y crecer en valores"},"content":{"rendered":"<p>\u00a0<img decoding=\"async\" src=\"\/wp-content\/uploads\/colonies-estiu-noticia-web.jpg\" border=\"0\" width=\"700\" style=\"font-family: Arial, Helvetica, sans-serif; font-size: 1em; font-weight: bold; line-height: 1.3em;\" \/><\/p>\n<h4><span style=\"font-family: Arial, Helvetica, sans-serif; font-size: 1em; font-weight: bold; line-height: 1.3em;\">La llegada del verano es para muchos ni\u00f1os, ni\u00f1as y adolescentes sin\u00f3nimo de irse de colonias. Muchos ni\u00f1os de Barcelona, Santa Coloma y Badalona disfrutan estos d\u00edas de la naturaleza, las excursiones y los juegos de grupo y, los que a\u00fan no se han ido , preparan la maleta para hacerlo en los pr\u00f3ximos d\u00edas. Seg\u00fan los educadores , los ni\u00f1os est\u00e1n muy ilusionados con las colonias , despu\u00e9s de todo un a\u00f1o en la ciudad.<\/span><\/h4>\n<p>Se han ido a diferentes puntos de monta\u00f1a de la provincia de Girona y Barcelona: Seriny\u00e0, Vilopriu, Planoles o Brunyola (Girona) y Santa Mar\u00eda de Palautordera ( Barcelona). Para muchos de los ni\u00f1os y ni\u00f1as que hacen colonias\u00bb esta es la \u00fanica vez en todo el a\u00f1o que tienen la oportunidad de salir de la ciudad\u00bb, asegura Olga Gallo, educadora del Casal del Raval.<\/p>\n<p>Los m\u00e1s peque\u00f1os del barrio barcelon\u00e9s han marchado hasta Can Font, en Brunyola, cerca de Girona. Sus compa\u00f1eros del Casal Abierto Infantil, en cambio, est\u00e1n pasando unos d\u00edas en Seriny\u00e0, cerca de Banyoles mientras que los ni\u00f1os y ni\u00f1as de la Vamos y Volvemos de Santa Coloma lo pasan en grande en El Enebro y los de Badalona descubren el entorno incomparable del Castillo de Fluvi\u00e0, en Santa Maria de Palautordera ( Montseny ). Para los m\u00e1s peque\u00f1os, \u00aben muchos casos es la primera vez que se van de la ciudad, es su primer contacto con la naturaleza y, por tanto, es una gran oportunidad para vivirla y disfrutarla\u00bb , asegura Olga . Durante estos d\u00edas, adem\u00e1s, \u00abse trabaja la cohesi\u00f3n de grupo y la relaci\u00f3n entre iguales\u00bb y los ni\u00f1os pueden salir por unos d\u00edas\u00bb de su entorno habitual, a menudo, les ofrece unas condiciones dif\u00edciles\u00bb, a\u00f1ade.<\/p>\n<p>En cuanto a los m\u00e1s grandes , los adolescentes de Santa Coloma disfrutan estos d\u00edas de la naturaleza en el municipio de Planoles, en el Ripoll\u00e8s, donde la pr\u00f3xima semana ser\u00e1n relevados por sus compa\u00f1eros del Casal de la Mina &#8211; Bes\u00f2s, que ya est\u00e1n haciendo las mochilas. Para el director del Casal en este barrio, Juanma Mart\u00edn, \u00ablas colonias son una gran oportunidad para los j\u00f3venes ya que las esperan con motivaci\u00f3n y les sirve para ver que hay realidades muy diversas a las que ellos viven en su d\u00eda a d\u00eda. \u00abAdem\u00e1s, &#8211; a\u00f1ade- \u00bb sienten que las colonias son como un premio, una recompensa para el esfuerzo que han estado haciendo durante todo el curso.\u00bb<\/p>\n<p>El ocio, el contacto con la naturaleza y pasarlo bien con los amigos es algo que deber\u00eda ser una constante durante todo el a\u00f1o\u00bb da energ\u00eda, carga las pilas, es parte fundamental de nuestro desarrollo como personas, y esta necesidad crece cuanto m\u00e1s dura es nuestra realidad\u00bb, prosigue Mart\u00edn,\u00bb es por eso que el ocio educativo es una parte imprescindible de la educaci\u00f3n de los ni\u00f1os\u00bb.<\/p>\n","protected":false},"excerpt":{"rendered":"<p>\u00a0 La llegada del verano es para muchos ni\u00f1os, ni\u00f1as y adolescentes sin\u00f3nimo de irse de colonias. Muchos ni\u00f1os de Barcelona, Santa Coloma y Badalona disfrutan estos d\u00edas de la naturaleza, las excursiones y los juegos de grupo y, los que a\u00fan no se han ido , preparan la maleta para hacerlo en los pr\u00f3ximos [&hellip;]<\/p>\n","protected":false},"author":1,"featured_media":3608,"comment_status":"open","ping_status":"open","sticky":false,"template":"","format":"standard","meta":{"_acf_changed":false,"_et_pb_use_builder":"","_et_pb_old_content":"","_et_gb_content_width":"","inline_featured_image":false,"footnotes":""},"categories":[125],"tags":[],"seus":[],"eixos":[],"class_list":["post-4549","post","type-post","status-publish","format-standard","has-post-thumbnail","hentry","category-noticias"],"acf":[],"yoast_head":"<!-- This site is optimized with the Yoast SEO plugin v27.4 - https:\/\/yoast.com\/product\/yoast-seo-wordpress\/ -->\n<title>Colonias de verano para divertirse y crecer en valores - Casal dels Infants<\/title>\n<meta name=\"robots\" content=\"index, follow, max-snippet:-1, max-image-preview:large, max-video-preview:-1\" \/>\n<link rel=\"canonical\" href=\"https:\/\/www.casaldelsinfants.org\/es\/actualidad\/colonias-de-verano-para-divertirse-y-crecer-en-valores\/\" \/>\n<meta property=\"og:locale\" content=\"es_ES\" \/>\n<meta property=\"og:type\" content=\"article\" \/>\n<meta property=\"og:title\" content=\"Colonias de verano para divertirse y crecer en valores - Casal dels Infants\" \/>\n<meta property=\"og:description\" content=\"\u00a0 La llegada del verano es para muchos ni\u00f1os, ni\u00f1as y adolescentes sin\u00f3nimo de irse de colonias. Muchos ni\u00f1os de Barcelona, Santa Coloma y Badalona disfrutan estos d\u00edas de la naturaleza, las excursiones y los juegos de grupo y, los que a\u00fan no se han ido , preparan la maleta para hacerlo en los pr\u00f3ximos [&hellip;]\" \/>\n<meta property=\"og:url\" content=\"https:\/\/www.casaldelsinfants.org\/es\/actualidad\/colonias-de-verano-para-divertirse-y-crecer-en-valores\/\" \/>\n<meta property=\"og:site_name\" content=\"Casal dels Infants\" \/>\n<meta property=\"article:publisher\" content=\"https:\/\/www.facebook.com\/casalinfants\" \/>\n<meta property=\"article:published_time\" content=\"2017-11-17T14:41:36+00:00\" \/>\n<meta property=\"article:modified_time\" content=\"2023-05-01T17:08:48+00:00\" \/>\n<meta property=\"og:image\" content=\"https:\/\/www.casaldelsinfants.org\/wp-content\/uploads\/colonies-estiu-noticia-web.jpg\" \/>\n\t<meta property=\"og:image:width\" content=\"1600\" \/>\n\t<meta property=\"og:image:height\" content=\"678\" \/>\n\t<meta property=\"og:image:type\" content=\"image\/jpeg\" \/>\n<meta name=\"author\" content=\"cdiAdmin\" \/>\n<meta name=\"twitter:card\" content=\"summary_large_image\" \/>\n<meta name=\"twitter:creator\" content=\"@casalinfants\" \/>\n<meta name=\"twitter:site\" content=\"@casalinfants\" \/>\n<meta name=\"twitter:label1\" content=\"Escrito por\" \/>\n\t<meta name=\"twitter:data1\" content=\"cdiAdmin\" \/>\n\t<meta name=\"twitter:label2\" content=\"Tiempo de lectura\" \/>\n\t<meta name=\"twitter:data2\" content=\"3 minutos\" \/>\n<script type=\"application\/ld+json\" class=\"yoast-schema-graph\">{\"@context\":\"https:\\\/\\\/schema.org\",\"@graph\":[{\"@type\":\"Article\",\"@id\":\"https:\\\/\\\/www.casaldelsinfants.org\\\/es\\\/actualidad\\\/colonias-de-verano-para-divertirse-y-crecer-en-valores\\\/#article\",\"isPartOf\":{\"@id\":\"https:\\\/\\\/www.casaldelsinfants.org\\\/es\\\/actualidad\\\/colonias-de-verano-para-divertirse-y-crecer-en-valores\\\/\"},\"author\":{\"name\":\"cdiAdmin\",\"@id\":\"https:\\\/\\\/www.casaldelsinfants.org\\\/es\\\/#\\\/schema\\\/person\\\/97707fc8c64900cf36891127dbf9fba8\"},\"headline\":\"Colonias de verano para divertirse y crecer en valores\",\"datePublished\":\"2017-11-17T14:41:36+00:00\",\"dateModified\":\"2023-05-01T17:08:48+00:00\",\"mainEntityOfPage\":{\"@id\":\"https:\\\/\\\/www.casaldelsinfants.org\\\/es\\\/actualidad\\\/colonias-de-verano-para-divertirse-y-crecer-en-valores\\\/\"},\"wordCount\":529,\"commentCount\":0,\"publisher\":{\"@id\":\"https:\\\/\\\/www.casaldelsinfants.org\\\/es\\\/#organization\"},\"image\":{\"@id\":\"https:\\\/\\\/www.casaldelsinfants.org\\\/es\\\/actualidad\\\/colonias-de-verano-para-divertirse-y-crecer-en-valores\\\/#primaryimage\"},\"thumbnailUrl\":\"https:\\\/\\\/www.casaldelsinfants.org\\\/wp-content\\\/uploads\\\/colonies-estiu-noticia-web.jpg\",\"articleSection\":[\"Noticia\"],\"inLanguage\":\"es\",\"potentialAction\":[{\"@type\":\"CommentAction\",\"name\":\"Comment\",\"target\":[\"https:\\\/\\\/www.casaldelsinfants.org\\\/es\\\/actualidad\\\/colonias-de-verano-para-divertirse-y-crecer-en-valores\\\/#respond\"]}]},{\"@type\":\"WebPage\",\"@id\":\"https:\\\/\\\/www.casaldelsinfants.org\\\/es\\\/actualidad\\\/colonias-de-verano-para-divertirse-y-crecer-en-valores\\\/\",\"url\":\"https:\\\/\\\/www.casaldelsinfants.org\\\/es\\\/actualidad\\\/colonias-de-verano-para-divertirse-y-crecer-en-valores\\\/\",\"name\":\"Colonias de verano para divertirse y crecer en valores - Casal dels Infants\",\"isPartOf\":{\"@id\":\"https:\\\/\\\/www.casaldelsinfants.org\\\/es\\\/#website\"},\"primaryImageOfPage\":{\"@id\":\"https:\\\/\\\/www.casaldelsinfants.org\\\/es\\\/actualidad\\\/colonias-de-verano-para-divertirse-y-crecer-en-valores\\\/#primaryimage\"},\"image\":{\"@id\":\"https:\\\/\\\/www.casaldelsinfants.org\\\/es\\\/actualidad\\\/colonias-de-verano-para-divertirse-y-crecer-en-valores\\\/#primaryimage\"},\"thumbnailUrl\":\"https:\\\/\\\/www.casaldelsinfants.org\\\/wp-content\\\/uploads\\\/colonies-estiu-noticia-web.jpg\",\"datePublished\":\"2017-11-17T14:41:36+00:00\",\"dateModified\":\"2023-05-01T17:08:48+00:00\",\"breadcrumb\":{\"@id\":\"https:\\\/\\\/www.casaldelsinfants.org\\\/es\\\/actualidad\\\/colonias-de-verano-para-divertirse-y-crecer-en-valores\\\/#breadcrumb\"},\"inLanguage\":\"es\",\"potentialAction\":[{\"@type\":\"ReadAction\",\"target\":[\"https:\\\/\\\/www.casaldelsinfants.org\\\/es\\\/actualidad\\\/colonias-de-verano-para-divertirse-y-crecer-en-valores\\\/\"]}]},{\"@type\":\"ImageObject\",\"inLanguage\":\"es\",\"@id\":\"https:\\\/\\\/www.casaldelsinfants.org\\\/es\\\/actualidad\\\/colonias-de-verano-para-divertirse-y-crecer-en-valores\\\/#primaryimage\",\"url\":\"https:\\\/\\\/www.casaldelsinfants.org\\\/wp-content\\\/uploads\\\/colonies-estiu-noticia-web.jpg\",\"contentUrl\":\"https:\\\/\\\/www.casaldelsinfants.org\\\/wp-content\\\/uploads\\\/colonies-estiu-noticia-web.jpg\",\"width\":1600,\"height\":678,\"caption\":\"Col\u00f2nies d'estiu\"},{\"@type\":\"BreadcrumbList\",\"@id\":\"https:\\\/\\\/www.casaldelsinfants.org\\\/es\\\/actualidad\\\/colonias-de-verano-para-divertirse-y-crecer-en-valores\\\/#breadcrumb\",\"itemListElement\":[{\"@type\":\"ListItem\",\"position\":1,\"name\":\"Inici\",\"item\":\"https:\\\/\\\/www.casaldelsinfants.org\\\/es\\\/\"},{\"@type\":\"ListItem\",\"position\":2,\"name\":\"Colonias de verano para divertirse y crecer en valores\"}]},{\"@type\":\"WebSite\",\"@id\":\"https:\\\/\\\/www.casaldelsinfants.org\\\/es\\\/#website\",\"url\":\"https:\\\/\\\/www.casaldelsinfants.org\\\/es\\\/\",\"name\":\"Casal dels Infants\",\"description\":\"\",\"publisher\":{\"@id\":\"https:\\\/\\\/www.casaldelsinfants.org\\\/es\\\/#organization\"},\"potentialAction\":[{\"@type\":\"SearchAction\",\"target\":{\"@type\":\"EntryPoint\",\"urlTemplate\":\"https:\\\/\\\/www.casaldelsinfants.org\\\/es\\\/?s={search_term_string}\"},\"query-input\":{\"@type\":\"PropertyValueSpecification\",\"valueRequired\":true,\"valueName\":\"search_term_string\"}}],\"inLanguage\":\"es\"},{\"@type\":\"Organization\",\"@id\":\"https:\\\/\\\/www.casaldelsinfants.org\\\/es\\\/#organization\",\"name\":\"Casal dels Infants\",\"url\":\"https:\\\/\\\/www.casaldelsinfants.org\\\/es\\\/\",\"logo\":{\"@type\":\"ImageObject\",\"inLanguage\":\"es\",\"@id\":\"https:\\\/\\\/www.casaldelsinfants.org\\\/es\\\/#\\\/schema\\\/logo\\\/image\\\/\",\"url\":\"https:\\\/\\\/www.casaldelsinfants.org\\\/wp-content\\\/uploads\\\/logo-mail.png\",\"contentUrl\":\"https:\\\/\\\/www.casaldelsinfants.org\\\/wp-content\\\/uploads\\\/logo-mail.png\",\"width\":380,\"height\":158,\"caption\":\"Casal dels Infants\"},\"image\":{\"@id\":\"https:\\\/\\\/www.casaldelsinfants.org\\\/es\\\/#\\\/schema\\\/logo\\\/image\\\/\"},\"sameAs\":[\"https:\\\/\\\/www.facebook.com\\\/casalinfants\",\"https:\\\/\\\/x.com\\\/casalinfants\",\"https:\\\/\\\/www.youtube.com\\\/user\\\/CasaldelsInfants1\",\"https:\\\/\\\/www.instagram.com\\\/casalinfants\\\/\",\"https:\\\/\\\/www.linkedin.com\\\/company\\\/casaldelsinfants?trk=organization-update_share-update_actor-text\"]},{\"@type\":\"Person\",\"@id\":\"https:\\\/\\\/www.casaldelsinfants.org\\\/es\\\/#\\\/schema\\\/person\\\/97707fc8c64900cf36891127dbf9fba8\",\"name\":\"cdiAdmin\",\"sameAs\":[\"https:\\\/\\\/casaldelsinfants.org\"]}]}<\/script>\n<!-- \/ Yoast SEO plugin. -->","yoast_head_json":{"title":"Colonias de verano para divertirse y crecer en valores - Casal dels Infants","robots":{"index":"index","follow":"follow","max-snippet":"max-snippet:-1","max-image-preview":"max-image-preview:large","max-video-preview":"max-video-preview:-1"},"canonical":"https:\/\/www.casaldelsinfants.org\/es\/actualidad\/colonias-de-verano-para-divertirse-y-crecer-en-valores\/","og_locale":"es_ES","og_type":"article","og_title":"Colonias de verano para divertirse y crecer en valores - Casal dels Infants","og_description":"\u00a0 La llegada del verano es para muchos ni\u00f1os, ni\u00f1as y adolescentes sin\u00f3nimo de irse de colonias. Muchos ni\u00f1os de Barcelona, Santa Coloma y Badalona disfrutan estos d\u00edas de la naturaleza, las excursiones y los juegos de grupo y, los que a\u00fan no se han ido , preparan la maleta para hacerlo en los pr\u00f3ximos [&hellip;]","og_url":"https:\/\/www.casaldelsinfants.org\/es\/actualidad\/colonias-de-verano-para-divertirse-y-crecer-en-valores\/","og_site_name":"Casal dels Infants","article_publisher":"https:\/\/www.facebook.com\/casalinfants","article_published_time":"2017-11-17T14:41:36+00:00","article_modified_time":"2023-05-01T17:08:48+00:00","og_image":[{"width":1600,"height":678,"url":"https:\/\/www.casaldelsinfants.org\/wp-content\/uploads\/colonies-estiu-noticia-web.jpg","type":"image\/jpeg"}],"author":"cdiAdmin","twitter_card":"summary_large_image","twitter_creator":"@casalinfants","twitter_site":"@casalinfants","twitter_misc":{"Escrito por":"cdiAdmin","Tiempo de lectura":"3 minutos"},"schema":{"@context":"https:\/\/schema.org","@graph":[{"@type":"Article","@id":"https:\/\/www.casaldelsinfants.org\/es\/actualidad\/colonias-de-verano-para-divertirse-y-crecer-en-valores\/#article","isPartOf":{"@id":"https:\/\/www.casaldelsinfants.org\/es\/actualidad\/colonias-de-verano-para-divertirse-y-crecer-en-valores\/"},"author":{"name":"cdiAdmin","@id":"https:\/\/www.casaldelsinfants.org\/es\/#\/schema\/person\/97707fc8c64900cf36891127dbf9fba8"},"headline":"Colonias de verano para divertirse y crecer en valores","datePublished":"2017-11-17T14:41:36+00:00","dateModified":"2023-05-01T17:08:48+00:00","mainEntityOfPage":{"@id":"https:\/\/www.casaldelsinfants.org\/es\/actualidad\/colonias-de-verano-para-divertirse-y-crecer-en-valores\/"},"wordCount":529,"commentCount":0,"publisher":{"@id":"https:\/\/www.casaldelsinfants.org\/es\/#organization"},"image":{"@id":"https:\/\/www.casaldelsinfants.org\/es\/actualidad\/colonias-de-verano-para-divertirse-y-crecer-en-valores\/#primaryimage"},"thumbnailUrl":"https:\/\/www.casaldelsinfants.org\/wp-content\/uploads\/colonies-estiu-noticia-web.jpg","articleSection":["Noticia"],"inLanguage":"es","potentialAction":[{"@type":"CommentAction","name":"Comment","target":["https:\/\/www.casaldelsinfants.org\/es\/actualidad\/colonias-de-verano-para-divertirse-y-crecer-en-valores\/#respond"]}]},{"@type":"WebPage","@id":"https:\/\/www.casaldelsinfants.org\/es\/actualidad\/colonias-de-verano-para-divertirse-y-crecer-en-valores\/","url":"https:\/\/www.casaldelsinfants.org\/es\/actualidad\/colonias-de-verano-para-divertirse-y-crecer-en-valores\/","name":"Colonias de verano para divertirse y crecer en valores - Casal dels Infants","isPartOf":{"@id":"https:\/\/www.casaldelsinfants.org\/es\/#website"},"primaryImageOfPage":{"@id":"https:\/\/www.casaldelsinfants.org\/es\/actualidad\/colonias-de-verano-para-divertirse-y-crecer-en-valores\/#primaryimage"},"image":{"@id":"https:\/\/www.casaldelsinfants.org\/es\/actualidad\/colonias-de-verano-para-divertirse-y-crecer-en-valores\/#primaryimage"},"thumbnailUrl":"https:\/\/www.casaldelsinfants.org\/wp-content\/uploads\/colonies-estiu-noticia-web.jpg","datePublished":"2017-11-17T14:41:36+00:00","dateModified":"2023-05-01T17:08:48+00:00","breadcrumb":{"@id":"https:\/\/www.casaldelsinfants.org\/es\/actualidad\/colonias-de-verano-para-divertirse-y-crecer-en-valores\/#breadcrumb"},"inLanguage":"es","potentialAction":[{"@type":"ReadAction","target":["https:\/\/www.casaldelsinfants.org\/es\/actualidad\/colonias-de-verano-para-divertirse-y-crecer-en-valores\/"]}]},{"@type":"ImageObject","inLanguage":"es","@id":"https:\/\/www.casaldelsinfants.org\/es\/actualidad\/colonias-de-verano-para-divertirse-y-crecer-en-valores\/#primaryimage","url":"https:\/\/www.casaldelsinfants.org\/wp-content\/uploads\/colonies-estiu-noticia-web.jpg","contentUrl":"https:\/\/www.casaldelsinfants.org\/wp-content\/uploads\/colonies-estiu-noticia-web.jpg","width":1600,"height":678,"caption":"Col\u00f2nies d'estiu"},{"@type":"BreadcrumbList","@id":"https:\/\/www.casaldelsinfants.org\/es\/actualidad\/colonias-de-verano-para-divertirse-y-crecer-en-valores\/#breadcrumb","itemListElement":[{"@type":"ListItem","position":1,"name":"Inici","item":"https:\/\/www.casaldelsinfants.org\/es\/"},{"@type":"ListItem","position":2,"name":"Colonias de verano para divertirse y crecer en valores"}]},{"@type":"WebSite","@id":"https:\/\/www.casaldelsinfants.org\/es\/#website","url":"https:\/\/www.casaldelsinfants.org\/es\/","name":"Casal dels Infants","description":"","publisher":{"@id":"https:\/\/www.casaldelsinfants.org\/es\/#organization"},"potentialAction":[{"@type":"SearchAction","target":{"@type":"EntryPoint","urlTemplate":"https:\/\/www.casaldelsinfants.org\/es\/?s={search_term_string}"},"query-input":{"@type":"PropertyValueSpecification","valueRequired":true,"valueName":"search_term_string"}}],"inLanguage":"es"},{"@type":"Organization","@id":"https:\/\/www.casaldelsinfants.org\/es\/#organization","name":"Casal dels Infants","url":"https:\/\/www.casaldelsinfants.org\/es\/","logo":{"@type":"ImageObject","inLanguage":"es","@id":"https:\/\/www.casaldelsinfants.org\/es\/#\/schema\/logo\/image\/","url":"https:\/\/www.casaldelsinfants.org\/wp-content\/uploads\/logo-mail.png","contentUrl":"https:\/\/www.casaldelsinfants.org\/wp-content\/uploads\/logo-mail.png","width":380,"height":158,"caption":"Casal dels Infants"},"image":{"@id":"https:\/\/www.casaldelsinfants.org\/es\/#\/schema\/logo\/image\/"},"sameAs":["https:\/\/www.facebook.com\/casalinfants","https:\/\/x.com\/casalinfants","https:\/\/www.youtube.com\/user\/CasaldelsInfants1","https:\/\/www.instagram.com\/casalinfants\/","https:\/\/www.linkedin.com\/company\/casaldelsinfants?trk=organization-update_share-update_actor-text"]},{"@type":"Person","@id":"https:\/\/www.casaldelsinfants.org\/es\/#\/schema\/person\/97707fc8c64900cf36891127dbf9fba8","name":"cdiAdmin","sameAs":["https:\/\/casaldelsinfants.org"]}]}},"publishpress_future_action":{"enabled":false,"date":"2026-05-09 10:44:27","action":"change-status","newStatus":"draft","terms":[],"taxonomy":"category","extraData":[]},"publishpress_future_workflow_manual_trigger":{"enabledWorkflows":[]},"_links":{"self":[{"href":"https:\/\/www.casaldelsinfants.org\/es\/wp-json\/wp\/v2\/posts\/4549","targetHints":{"allow":["GET"]}}],"collection":[{"href":"https:\/\/www.casaldelsinfants.org\/es\/wp-json\/wp\/v2\/posts"}],"about":[{"href":"https:\/\/www.casaldelsinfants.org\/es\/wp-json\/wp\/v2\/types\/post"}],"author":[{"embeddable":true,"href":"https:\/\/www.casaldelsinfants.org\/es\/wp-json\/wp\/v2\/users\/1"}],"replies":[{"embeddable":true,"href":"https:\/\/www.casaldelsinfants.org\/es\/wp-json\/wp\/v2\/comments?post=4549"}],"version-history":[{"count":1,"href":"https:\/\/www.casaldelsinfants.org\/es\/wp-json\/wp\/v2\/posts\/4549\/revisions"}],"predecessor-version":[{"id":6461,"href":"https:\/\/www.casaldelsinfants.org\/es\/wp-json\/wp\/v2\/posts\/4549\/revisions\/6461"}],"wp:featuredmedia":[{"embeddable":true,"href":"https:\/\/www.casaldelsinfants.org\/es\/wp-json\/wp\/v2\/media\/3608"}],"wp:attachment":[{"href":"https:\/\/www.casaldelsinfants.org\/es\/wp-json\/wp\/v2\/media?parent=4549"}],"wp:term":[{"taxonomy":"category","embeddable":true,"href":"https:\/\/www.casaldelsinfants.org\/es\/wp-json\/wp\/v2\/categories?post=4549"},{"taxonomy":"post_tag","embeddable":true,"href":"https:\/\/www.casaldelsinfants.org\/es\/wp-json\/wp\/v2\/tags?post=4549"},{"taxonomy":"seus","embeddable":true,"href":"https:\/\/www.casaldelsinfants.org\/es\/wp-json\/wp\/v2\/seus?post=4549"},{"taxonomy":"eixos","embeddable":true,"href":"https:\/\/www.casaldelsinfants.org\/es\/wp-json\/wp\/v2\/eixos?post=4549"}],"curies":[{"name":"wp","href":"https:\/\/api.w.org\/{rel}","templated":true}]}}