{"id":4550,"date":"2017-11-17T16:39:59","date_gmt":"2017-11-17T14:39:59","guid":{"rendered":"https:\/\/casal.puntzero.cat\/noticies\/les-empreses-solidaries-fan-daltaveu-de-lestiu-del-casal\/"},"modified":"2023-05-01T19:08:58","modified_gmt":"2023-05-01T17:08:58","slug":"les-empreses-solidaries-fan-daltaveu-de-lestiu-del-casal","status":"publish","type":"post","link":"https:\/\/www.casaldelsinfants.org\/es\/actualidad\/las-empresas-solidarias-hacen-de-altavoz-del-verano-del-casal\/","title":{"rendered":"Las empresas solidarias hacen de altavoz del verano del Casal"},"content":{"rendered":"<p><iframe loading=\"lazy\" style=\"display: block; margin-left: auto; margin-right: auto;\" src=\"https:\/\/www.youtube.com\/embed\/5iQouIcbSco\" frameborder=\"0\" align=\"top\" width=\"700\" height=\"394\"><\/iframe><\/p>\n<h4>El Grupo Bala\u00f1a, entre otras empresas solidarias, ha emitido el spot de la campa\u00f1a Soy Sonrisa y de esta manera hace de altavoz del Casal. Seguimos sumando esfuerzos para dar la vuelta a las desigualdades!!<\/h4>\n<p>El verano es un punto de inflexi\u00f3n en la rutina de todos los ni\u00f1os y familias. Las jornadas son largas y un tiempo libre sin actividad agrava el riesgo de los ni\u00f1os y ni\u00f1as en situaciones m\u00e1s vulnerables. Los meses de vacaciones deben ser para todos los ni\u00f1os un momento de diversi\u00f3n, de sonrisa. Para que un ni\u00f1o que sonr\u00ede es un ni\u00f1o con m\u00e1s fuerza para salir adelante, con m\u00e1s oportunidades de salir adelante! es por ello que el Casal creemos que sonre\u00edr es revolucionario!!<\/p>\n<p>Pero hacerlo posible, necesitamos la ilusi\u00f3n y el esfuerzo de todos, sin excepci\u00f3n. Socios, colaboradores, vecinos y vecinas y empresas solidarias se suman en el Casal, cada d\u00eda, entendiendo que s\u00f3lo entre todos podemos dar la vuelta a las desigualdades.<\/p>\n<p>As\u00ed lo han entendido tambi\u00e9n las empresas del sector audiovisual que, altruistamente han sumado su esfuerzo para hacer posible un verano feliz para los 1.400 ni\u00f1os y ni\u00f1as que pasar\u00e1n por el Casal de Badalona , Barcelona, Santa Coloma, Sant Adri\u00e0 y Salt.<\/p>\n<p>Si ha ido al cine entre el 24 de junio y el 7 de julio, a cualquiera del Grupo Bala\u00f1a , no os extra\u00f1\u00e9is si ha visto c\u00f3mo los ni\u00f1os y ni\u00f1as del Casal os explican qu\u00e9 vienen a hacer en verano y porque quieren que te sumes ! tambi\u00e9n puede que veas el spot en la televisi\u00f3n, o que escuches la cu\u00f1a en la radio. MUCHAS GRACIAS a todas las personas que colaboren en hacer posible que miles de ni\u00f1os sonr\u00edan durante el verano y el resto del a\u00f1o!<\/p>\n<p>\u00a0<\/p>\n<p><a href=\"http:\/\/www.socsomriure.org\" target=\"_blank\" rel=\"noopener\"><img decoding=\"async\" src=\"images\/socsomriure-firma.png\" border=\"0\" alt=\"\" \/><\/a><\/p>\n","protected":false},"excerpt":{"rendered":"<p>El Grupo Bala\u00f1a, entre otras empresas solidarias, ha emitido el spot de la campa\u00f1a Soy Sonrisa y de esta manera hace de altavoz del Casal. Seguimos sumando esfuerzos para dar la vuelta a las desigualdades!! El verano es un punto de inflexi\u00f3n en la rutina de todos los ni\u00f1os y familias. Las jornadas son largas [&hellip;]<\/p>\n","protected":false},"author":1,"featured_media":3611,"comment_status":"open","ping_status":"open","sticky":false,"template":"","format":"standard","meta":{"_acf_changed":false,"_et_pb_use_builder":"","_et_pb_old_content":"","_et_gb_content_width":"","inline_featured_image":false,"footnotes":""},"categories":[125],"tags":[],"seus":[],"eixos":[],"class_list":["post-4550","post","type-post","status-publish","format-standard","has-post-thumbnail","hentry","category-noticias"],"acf":[],"yoast_head":"<!-- This site is optimized with the Yoast SEO plugin v27.4 - https:\/\/yoast.com\/product\/yoast-seo-wordpress\/ -->\n<title>Las empresas solidarias hacen de altavoz del verano del Casal - Casal dels Infants<\/title>\n<meta name=\"robots\" content=\"index, follow, max-snippet:-1, max-image-preview:large, max-video-preview:-1\" \/>\n<link rel=\"canonical\" href=\"https:\/\/www.casaldelsinfants.org\/es\/actualidad\/las-empresas-solidarias-hacen-de-altavoz-del-verano-del-casal\/\" \/>\n<meta property=\"og:locale\" content=\"es_ES\" \/>\n<meta property=\"og:type\" content=\"article\" \/>\n<meta property=\"og:title\" content=\"Las empresas solidarias hacen de altavoz del verano del Casal - Casal dels Infants\" \/>\n<meta property=\"og:description\" content=\"El Grupo Bala\u00f1a, entre otras empresas solidarias, ha emitido el spot de la campa\u00f1a Soy Sonrisa y de esta manera hace de altavoz del Casal. Seguimos sumando esfuerzos para dar la vuelta a las desigualdades!! El verano es un punto de inflexi\u00f3n en la rutina de todos los ni\u00f1os y familias. Las jornadas son largas [&hellip;]\" \/>\n<meta property=\"og:url\" content=\"https:\/\/www.casaldelsinfants.org\/es\/actualidad\/las-empresas-solidarias-hacen-de-altavoz-del-verano-del-casal\/\" \/>\n<meta property=\"og:site_name\" content=\"Casal dels Infants\" \/>\n<meta property=\"article:publisher\" content=\"https:\/\/www.facebook.com\/casalinfants\" \/>\n<meta property=\"article:published_time\" content=\"2017-11-17T14:39:59+00:00\" \/>\n<meta property=\"article:modified_time\" content=\"2023-05-01T17:08:58+00:00\" \/>\n<meta property=\"og:image\" content=\"https:\/\/www.casaldelsinfants.org\/wp-content\/uploads\/soc-somriure-firma.webp\" \/>\n\t<meta property=\"og:image:width\" content=\"300\" \/>\n\t<meta property=\"og:image:height\" content=\"50\" \/>\n\t<meta property=\"og:image:type\" content=\"image\/png\" \/>\n<meta name=\"author\" content=\"cdiAdmin\" \/>\n<meta name=\"twitter:card\" content=\"summary_large_image\" \/>\n<meta name=\"twitter:creator\" content=\"@casalinfants\" \/>\n<meta name=\"twitter:site\" content=\"@casalinfants\" \/>\n<meta name=\"twitter:label1\" content=\"Escrito por\" \/>\n\t<meta name=\"twitter:data1\" content=\"cdiAdmin\" \/>\n\t<meta name=\"twitter:label2\" content=\"Tiempo de lectura\" \/>\n\t<meta name=\"twitter:data2\" content=\"2 minutos\" \/>\n<script type=\"application\/ld+json\" class=\"yoast-schema-graph\">{\"@context\":\"https:\\\/\\\/schema.org\",\"@graph\":[{\"@type\":\"Article\",\"@id\":\"https:\\\/\\\/www.casaldelsinfants.org\\\/es\\\/actualidad\\\/las-empresas-solidarias-hacen-de-altavoz-del-verano-del-casal\\\/#article\",\"isPartOf\":{\"@id\":\"https:\\\/\\\/www.casaldelsinfants.org\\\/es\\\/actualidad\\\/las-empresas-solidarias-hacen-de-altavoz-del-verano-del-casal\\\/\"},\"author\":{\"name\":\"cdiAdmin\",\"@id\":\"https:\\\/\\\/www.casaldelsinfants.org\\\/es\\\/#\\\/schema\\\/person\\\/97707fc8c64900cf36891127dbf9fba8\"},\"headline\":\"Las empresas solidarias hacen de altavoz del verano del Casal\",\"datePublished\":\"2017-11-17T14:39:59+00:00\",\"dateModified\":\"2023-05-01T17:08:58+00:00\",\"mainEntityOfPage\":{\"@id\":\"https:\\\/\\\/www.casaldelsinfants.org\\\/es\\\/actualidad\\\/las-empresas-solidarias-hacen-de-altavoz-del-verano-del-casal\\\/\"},\"wordCount\":332,\"commentCount\":0,\"publisher\":{\"@id\":\"https:\\\/\\\/www.casaldelsinfants.org\\\/es\\\/#organization\"},\"image\":{\"@id\":\"https:\\\/\\\/www.casaldelsinfants.org\\\/es\\\/actualidad\\\/las-empresas-solidarias-hacen-de-altavoz-del-verano-del-casal\\\/#primaryimage\"},\"thumbnailUrl\":\"https:\\\/\\\/www.casaldelsinfants.org\\\/wp-content\\\/uploads\\\/soc-somriure-firma.webp\",\"articleSection\":[\"Noticia\"],\"inLanguage\":\"es\",\"potentialAction\":[{\"@type\":\"CommentAction\",\"name\":\"Comment\",\"target\":[\"https:\\\/\\\/www.casaldelsinfants.org\\\/es\\\/actualidad\\\/las-empresas-solidarias-hacen-de-altavoz-del-verano-del-casal\\\/#respond\"]}]},{\"@type\":\"WebPage\",\"@id\":\"https:\\\/\\\/www.casaldelsinfants.org\\\/es\\\/actualidad\\\/las-empresas-solidarias-hacen-de-altavoz-del-verano-del-casal\\\/\",\"url\":\"https:\\\/\\\/www.casaldelsinfants.org\\\/es\\\/actualidad\\\/las-empresas-solidarias-hacen-de-altavoz-del-verano-del-casal\\\/\",\"name\":\"Las empresas solidarias hacen de altavoz del verano del Casal - Casal dels Infants\",\"isPartOf\":{\"@id\":\"https:\\\/\\\/www.casaldelsinfants.org\\\/es\\\/#website\"},\"primaryImageOfPage\":{\"@id\":\"https:\\\/\\\/www.casaldelsinfants.org\\\/es\\\/actualidad\\\/las-empresas-solidarias-hacen-de-altavoz-del-verano-del-casal\\\/#primaryimage\"},\"image\":{\"@id\":\"https:\\\/\\\/www.casaldelsinfants.org\\\/es\\\/actualidad\\\/las-empresas-solidarias-hacen-de-altavoz-del-verano-del-casal\\\/#primaryimage\"},\"thumbnailUrl\":\"https:\\\/\\\/www.casaldelsinfants.org\\\/wp-content\\\/uploads\\\/soc-somriure-firma.webp\",\"datePublished\":\"2017-11-17T14:39:59+00:00\",\"dateModified\":\"2023-05-01T17:08:58+00:00\",\"breadcrumb\":{\"@id\":\"https:\\\/\\\/www.casaldelsinfants.org\\\/es\\\/actualidad\\\/las-empresas-solidarias-hacen-de-altavoz-del-verano-del-casal\\\/#breadcrumb\"},\"inLanguage\":\"es\",\"potentialAction\":[{\"@type\":\"ReadAction\",\"target\":[\"https:\\\/\\\/www.casaldelsinfants.org\\\/es\\\/actualidad\\\/las-empresas-solidarias-hacen-de-altavoz-del-verano-del-casal\\\/\"]}]},{\"@type\":\"ImageObject\",\"inLanguage\":\"es\",\"@id\":\"https:\\\/\\\/www.casaldelsinfants.org\\\/es\\\/actualidad\\\/las-empresas-solidarias-hacen-de-altavoz-del-verano-del-casal\\\/#primaryimage\",\"url\":\"https:\\\/\\\/www.casaldelsinfants.org\\\/wp-content\\\/uploads\\\/soc-somriure-firma.webp\",\"contentUrl\":\"https:\\\/\\\/www.casaldelsinfants.org\\\/wp-content\\\/uploads\\\/soc-somriure-firma.webp\",\"width\":300,\"height\":50,\"caption\":\"Soc Somriure firma\"},{\"@type\":\"BreadcrumbList\",\"@id\":\"https:\\\/\\\/www.casaldelsinfants.org\\\/es\\\/actualidad\\\/las-empresas-solidarias-hacen-de-altavoz-del-verano-del-casal\\\/#breadcrumb\",\"itemListElement\":[{\"@type\":\"ListItem\",\"position\":1,\"name\":\"Inici\",\"item\":\"https:\\\/\\\/www.casaldelsinfants.org\\\/es\\\/\"},{\"@type\":\"ListItem\",\"position\":2,\"name\":\"Las empresas solidarias hacen de altavoz del verano del Casal\"}]},{\"@type\":\"WebSite\",\"@id\":\"https:\\\/\\\/www.casaldelsinfants.org\\\/es\\\/#website\",\"url\":\"https:\\\/\\\/www.casaldelsinfants.org\\\/es\\\/\",\"name\":\"Casal dels Infants\",\"description\":\"\",\"publisher\":{\"@id\":\"https:\\\/\\\/www.casaldelsinfants.org\\\/es\\\/#organization\"},\"potentialAction\":[{\"@type\":\"SearchAction\",\"target\":{\"@type\":\"EntryPoint\",\"urlTemplate\":\"https:\\\/\\\/www.casaldelsinfants.org\\\/es\\\/?s={search_term_string}\"},\"query-input\":{\"@type\":\"PropertyValueSpecification\",\"valueRequired\":true,\"valueName\":\"search_term_string\"}}],\"inLanguage\":\"es\"},{\"@type\":\"Organization\",\"@id\":\"https:\\\/\\\/www.casaldelsinfants.org\\\/es\\\/#organization\",\"name\":\"Casal dels Infants\",\"url\":\"https:\\\/\\\/www.casaldelsinfants.org\\\/es\\\/\",\"logo\":{\"@type\":\"ImageObject\",\"inLanguage\":\"es\",\"@id\":\"https:\\\/\\\/www.casaldelsinfants.org\\\/es\\\/#\\\/schema\\\/logo\\\/image\\\/\",\"url\":\"https:\\\/\\\/www.casaldelsinfants.org\\\/wp-content\\\/uploads\\\/logo-mail.png\",\"contentUrl\":\"https:\\\/\\\/www.casaldelsinfants.org\\\/wp-content\\\/uploads\\\/logo-mail.png\",\"width\":380,\"height\":158,\"caption\":\"Casal dels Infants\"},\"image\":{\"@id\":\"https:\\\/\\\/www.casaldelsinfants.org\\\/es\\\/#\\\/schema\\\/logo\\\/image\\\/\"},\"sameAs\":[\"https:\\\/\\\/www.facebook.com\\\/casalinfants\",\"https:\\\/\\\/x.com\\\/casalinfants\",\"https:\\\/\\\/www.youtube.com\\\/user\\\/CasaldelsInfants1\",\"https:\\\/\\\/www.instagram.com\\\/casalinfants\\\/\",\"https:\\\/\\\/www.linkedin.com\\\/company\\\/casaldelsinfants?trk=organization-update_share-update_actor-text\"]},{\"@type\":\"Person\",\"@id\":\"https:\\\/\\\/www.casaldelsinfants.org\\\/es\\\/#\\\/schema\\\/person\\\/97707fc8c64900cf36891127dbf9fba8\",\"name\":\"cdiAdmin\",\"sameAs\":[\"https:\\\/\\\/casaldelsinfants.org\"]}]}<\/script>\n<!-- \/ Yoast SEO plugin. -->","yoast_head_json":{"title":"Las empresas solidarias hacen de altavoz del verano del Casal - Casal dels Infants","robots":{"index":"index","follow":"follow","max-snippet":"max-snippet:-1","max-image-preview":"max-image-preview:large","max-video-preview":"max-video-preview:-1"},"canonical":"https:\/\/www.casaldelsinfants.org\/es\/actualidad\/las-empresas-solidarias-hacen-de-altavoz-del-verano-del-casal\/","og_locale":"es_ES","og_type":"article","og_title":"Las empresas solidarias hacen de altavoz del verano del Casal - Casal dels Infants","og_description":"El Grupo Bala\u00f1a, entre otras empresas solidarias, ha emitido el spot de la campa\u00f1a Soy Sonrisa y de esta manera hace de altavoz del Casal. Seguimos sumando esfuerzos para dar la vuelta a las desigualdades!! El verano es un punto de inflexi\u00f3n en la rutina de todos los ni\u00f1os y familias. Las jornadas son largas [&hellip;]","og_url":"https:\/\/www.casaldelsinfants.org\/es\/actualidad\/las-empresas-solidarias-hacen-de-altavoz-del-verano-del-casal\/","og_site_name":"Casal dels Infants","article_publisher":"https:\/\/www.facebook.com\/casalinfants","article_published_time":"2017-11-17T14:39:59+00:00","article_modified_time":"2023-05-01T17:08:58+00:00","og_image":[{"width":300,"height":50,"url":"https:\/\/www.casaldelsinfants.org\/wp-content\/uploads\/soc-somriure-firma.webp","type":"image\/png"}],"author":"cdiAdmin","twitter_card":"summary_large_image","twitter_creator":"@casalinfants","twitter_site":"@casalinfants","twitter_misc":{"Escrito por":"cdiAdmin","Tiempo de lectura":"2 minutos"},"schema":{"@context":"https:\/\/schema.org","@graph":[{"@type":"Article","@id":"https:\/\/www.casaldelsinfants.org\/es\/actualidad\/las-empresas-solidarias-hacen-de-altavoz-del-verano-del-casal\/#article","isPartOf":{"@id":"https:\/\/www.casaldelsinfants.org\/es\/actualidad\/las-empresas-solidarias-hacen-de-altavoz-del-verano-del-casal\/"},"author":{"name":"cdiAdmin","@id":"https:\/\/www.casaldelsinfants.org\/es\/#\/schema\/person\/97707fc8c64900cf36891127dbf9fba8"},"headline":"Las empresas solidarias hacen de altavoz del verano del Casal","datePublished":"2017-11-17T14:39:59+00:00","dateModified":"2023-05-01T17:08:58+00:00","mainEntityOfPage":{"@id":"https:\/\/www.casaldelsinfants.org\/es\/actualidad\/las-empresas-solidarias-hacen-de-altavoz-del-verano-del-casal\/"},"wordCount":332,"commentCount":0,"publisher":{"@id":"https:\/\/www.casaldelsinfants.org\/es\/#organization"},"image":{"@id":"https:\/\/www.casaldelsinfants.org\/es\/actualidad\/las-empresas-solidarias-hacen-de-altavoz-del-verano-del-casal\/#primaryimage"},"thumbnailUrl":"https:\/\/www.casaldelsinfants.org\/wp-content\/uploads\/soc-somriure-firma.webp","articleSection":["Noticia"],"inLanguage":"es","potentialAction":[{"@type":"CommentAction","name":"Comment","target":["https:\/\/www.casaldelsinfants.org\/es\/actualidad\/las-empresas-solidarias-hacen-de-altavoz-del-verano-del-casal\/#respond"]}]},{"@type":"WebPage","@id":"https:\/\/www.casaldelsinfants.org\/es\/actualidad\/las-empresas-solidarias-hacen-de-altavoz-del-verano-del-casal\/","url":"https:\/\/www.casaldelsinfants.org\/es\/actualidad\/las-empresas-solidarias-hacen-de-altavoz-del-verano-del-casal\/","name":"Las empresas solidarias hacen de altavoz del verano del Casal - Casal dels Infants","isPartOf":{"@id":"https:\/\/www.casaldelsinfants.org\/es\/#website"},"primaryImageOfPage":{"@id":"https:\/\/www.casaldelsinfants.org\/es\/actualidad\/las-empresas-solidarias-hacen-de-altavoz-del-verano-del-casal\/#primaryimage"},"image":{"@id":"https:\/\/www.casaldelsinfants.org\/es\/actualidad\/las-empresas-solidarias-hacen-de-altavoz-del-verano-del-casal\/#primaryimage"},"thumbnailUrl":"https:\/\/www.casaldelsinfants.org\/wp-content\/uploads\/soc-somriure-firma.webp","datePublished":"2017-11-17T14:39:59+00:00","dateModified":"2023-05-01T17:08:58+00:00","breadcrumb":{"@id":"https:\/\/www.casaldelsinfants.org\/es\/actualidad\/las-empresas-solidarias-hacen-de-altavoz-del-verano-del-casal\/#breadcrumb"},"inLanguage":"es","potentialAction":[{"@type":"ReadAction","target":["https:\/\/www.casaldelsinfants.org\/es\/actualidad\/las-empresas-solidarias-hacen-de-altavoz-del-verano-del-casal\/"]}]},{"@type":"ImageObject","inLanguage":"es","@id":"https:\/\/www.casaldelsinfants.org\/es\/actualidad\/las-empresas-solidarias-hacen-de-altavoz-del-verano-del-casal\/#primaryimage","url":"https:\/\/www.casaldelsinfants.org\/wp-content\/uploads\/soc-somriure-firma.webp","contentUrl":"https:\/\/www.casaldelsinfants.org\/wp-content\/uploads\/soc-somriure-firma.webp","width":300,"height":50,"caption":"Soc Somriure firma"},{"@type":"BreadcrumbList","@id":"https:\/\/www.casaldelsinfants.org\/es\/actualidad\/las-empresas-solidarias-hacen-de-altavoz-del-verano-del-casal\/#breadcrumb","itemListElement":[{"@type":"ListItem","position":1,"name":"Inici","item":"https:\/\/www.casaldelsinfants.org\/es\/"},{"@type":"ListItem","position":2,"name":"Las empresas solidarias hacen de altavoz del verano del Casal"}]},{"@type":"WebSite","@id":"https:\/\/www.casaldelsinfants.org\/es\/#website","url":"https:\/\/www.casaldelsinfants.org\/es\/","name":"Casal dels Infants","description":"","publisher":{"@id":"https:\/\/www.casaldelsinfants.org\/es\/#organization"},"potentialAction":[{"@type":"SearchAction","target":{"@type":"EntryPoint","urlTemplate":"https:\/\/www.casaldelsinfants.org\/es\/?s={search_term_string}"},"query-input":{"@type":"PropertyValueSpecification","valueRequired":true,"valueName":"search_term_string"}}],"inLanguage":"es"},{"@type":"Organization","@id":"https:\/\/www.casaldelsinfants.org\/es\/#organization","name":"Casal dels Infants","url":"https:\/\/www.casaldelsinfants.org\/es\/","logo":{"@type":"ImageObject","inLanguage":"es","@id":"https:\/\/www.casaldelsinfants.org\/es\/#\/schema\/logo\/image\/","url":"https:\/\/www.casaldelsinfants.org\/wp-content\/uploads\/logo-mail.png","contentUrl":"https:\/\/www.casaldelsinfants.org\/wp-content\/uploads\/logo-mail.png","width":380,"height":158,"caption":"Casal dels Infants"},"image":{"@id":"https:\/\/www.casaldelsinfants.org\/es\/#\/schema\/logo\/image\/"},"sameAs":["https:\/\/www.facebook.com\/casalinfants","https:\/\/x.com\/casalinfants","https:\/\/www.youtube.com\/user\/CasaldelsInfants1","https:\/\/www.instagram.com\/casalinfants\/","https:\/\/www.linkedin.com\/company\/casaldelsinfants?trk=organization-update_share-update_actor-text"]},{"@type":"Person","@id":"https:\/\/www.casaldelsinfants.org\/es\/#\/schema\/person\/97707fc8c64900cf36891127dbf9fba8","name":"cdiAdmin","sameAs":["https:\/\/casaldelsinfants.org"]}]}},"publishpress_future_action":{"enabled":false,"date":"2026-05-07 07:54:21","action":"change-status","newStatus":"draft","terms":[],"taxonomy":"category","extraData":[]},"publishpress_future_workflow_manual_trigger":{"enabledWorkflows":[]},"_links":{"self":[{"href":"https:\/\/www.casaldelsinfants.org\/es\/wp-json\/wp\/v2\/posts\/4550","targetHints":{"allow":["GET"]}}],"collection":[{"href":"https:\/\/www.casaldelsinfants.org\/es\/wp-json\/wp\/v2\/posts"}],"about":[{"href":"https:\/\/www.casaldelsinfants.org\/es\/wp-json\/wp\/v2\/types\/post"}],"author":[{"embeddable":true,"href":"https:\/\/www.casaldelsinfants.org\/es\/wp-json\/wp\/v2\/users\/1"}],"replies":[{"embeddable":true,"href":"https:\/\/www.casaldelsinfants.org\/es\/wp-json\/wp\/v2\/comments?post=4550"}],"version-history":[{"count":1,"href":"https:\/\/www.casaldelsinfants.org\/es\/wp-json\/wp\/v2\/posts\/4550\/revisions"}],"predecessor-version":[{"id":6462,"href":"https:\/\/www.casaldelsinfants.org\/es\/wp-json\/wp\/v2\/posts\/4550\/revisions\/6462"}],"wp:featuredmedia":[{"embeddable":true,"href":"https:\/\/www.casaldelsinfants.org\/es\/wp-json\/wp\/v2\/media\/3611"}],"wp:attachment":[{"href":"https:\/\/www.casaldelsinfants.org\/es\/wp-json\/wp\/v2\/media?parent=4550"}],"wp:term":[{"taxonomy":"category","embeddable":true,"href":"https:\/\/www.casaldelsinfants.org\/es\/wp-json\/wp\/v2\/categories?post=4550"},{"taxonomy":"post_tag","embeddable":true,"href":"https:\/\/www.casaldelsinfants.org\/es\/wp-json\/wp\/v2\/tags?post=4550"},{"taxonomy":"seus","embeddable":true,"href":"https:\/\/www.casaldelsinfants.org\/es\/wp-json\/wp\/v2\/seus?post=4550"},{"taxonomy":"eixos","embeddable":true,"href":"https:\/\/www.casaldelsinfants.org\/es\/wp-json\/wp\/v2\/eixos?post=4550"}],"curies":[{"name":"wp","href":"https:\/\/api.w.org\/{rel}","templated":true}]}}