{"id":4551,"date":"2017-11-17T16:39:14","date_gmt":"2017-11-17T14:39:14","guid":{"rendered":"https:\/\/casal.puntzero.cat\/noticies\/700-nens-i-nenes-del-casal-dels-infants-mostren-que-es-possible-donar-la-volta-les\/"},"modified":"2023-06-08T12:25:59","modified_gmt":"2023-06-08T10:25:59","slug":"700-nens-i-nenes-del-casal-dels-infants-mostren-que-es-possible-donar-la-volta-les","status":"publish","type":"post","link":"https:\/\/www.casaldelsinfants.org\/es\/actualidad\/700-ninos-casal-infants-contra-desigualdade\/","title":{"rendered":"700 ni\u00f1os y ni\u00f1as del Casal muestran que es posible dar la vuelta a las desigualdades"},"content":{"rendered":"<p><img decoding=\"async\" border=\"0\" src=\"\/wp-content\/uploads\/Somriure-es-revolucionari.jpg\" style=\"margin-left: 10px; margin-right: 10px; float: left;\" width=\"350\" \/><\/p>\n<h4>Los ni\u00f1os celebran una gran fiesta y piden que m\u00e1s personas se unan al #S\u00f3cSomriure para hacer posible el gran sonrisa de verano del Casal.<\/h4>\n<p>\u00a1Sonre\u00edr es revolucionario! As\u00ed lo creen los ni\u00f1os y ni\u00f1as del Casal, que se han reunido para celebrar el inicio de verano y gritar bien alto que, si sonr\u00eden, si tienen oportunidades para salir adelante en igualdad de oportunidades, construiremos una sociedad mucho m\u00e1s justa e igualitaria.<\/p>\n<p>Con la llegada del verano llega tambi\u00e9n el punto de inflexi\u00f3n en la rutina de todos los ni\u00f1os y ni\u00f1as. Las jornadas son largas y un tiempo libre sin actividad agrava el riesgo de los ni\u00f1os y ni\u00f1as en situaciones vulnerables. En este sentido se expresa Rosa Balaguer, directora general del Casal \u00ablas familias a menudo no tienen recursos ni tiempo para hacerse cargo de sus hijos durante el verano, una \u00e9poca del a\u00f1o donde todo ni\u00f1o merece distraerse, relajarse y preparar con ganas el siguiente curso\u00bb.<\/p>\n<p>La entidad social, que naci\u00f3 hace m\u00e1s de 30 a\u00f1os en el barrio del Raval de Barcelona, se encuentra tambi\u00e9n en otros barrios de la ciudad como el Bes\u00f3s y en otras ciudades de Catalu\u00f1a como Salt (Girona), Santa Coloma de Gramenet (barrios de Fondo y Raval-Santa Rosa), Sant Adri\u00e0 de Bes\u00f2s (la Mina) y Badalona (Llefi\u00e0 y Sant Roc). Precisamente ha sido en las escuelas Rafael Alberti y Rafael Casanova de la ciudad badalonesa donde se ha celebrado la gran fiesta de bienvenida de verano, que ha reunido a unos 400 ni\u00f1os, 200 adolescentes de todos los barrios y casi un centenar de trabajadores, voluntarios y voluntarias.<\/p>\n<p>Los ni\u00f1os y ni\u00f1as han dibujado, detr\u00e1s de unas cartulinas con el emoticono de una sonrisa, lo que les da motivos para alegrarse cuando est\u00e1n tristes. No han tardado en aparecer mensajes como \u00ababrazar a mis &#8216;papas&#8217;, &#8216;jugar con mis amigos&#8217;, ir a la playa&#8217; o &#8216;sacar buenas notas&#8217;. Todas ellas metas f\u00e1cilmente alcanzables si destinamos los recursos suficientes y acompa\u00f1amos a los ni\u00f1os cuando lo necesitan. Hacerlos sonre\u00edr depende de todas y todos nosotros.<\/p>\n<p>En este sentido, el Casal ofrece 1.400 plazas de verano para ni\u00f1os y ni\u00f1as, adolescentes y j\u00f3venes, \u00abel descenso del n\u00famero de plazas ofertadas en agosto es considerable: no tenemos recursos suficientes para ofrecer toda la atenci\u00f3n que ser\u00eda necesaria\u00bb, prosigue la directora general de la entidad,\u00bbnecesitamos el apoyo de m\u00e1s socios, donantes particulares, empresas solidarias y voluntarios que nunca&#8230; Necesitamos la ilusi\u00f3n y el esfuerzo de todos. Entre todos conseguiremos que los ni\u00f1os, j\u00f3venes y familias tengan motivos para sonre\u00edr&#8230; En verano y todos los d\u00edas del a\u00f1o\u00bb, contin\u00faa Balaguer,\u00bb las necesidades no se detienen a hacer vacaciones\u00bb.<\/p>\n<p>La fiesta dur\u00f3 toda la ma\u00f1ana y los ni\u00f1os y ni\u00f1as se lo han pasado en grande haciendo juegos tradicionales, bailando \u00abzumba\u00bb, haciendo carreras de bandejas o jugando con globos de agua. Es el inicio del verano, el inicio de la sonrisa y de la fiesta. Vuelve el #S\u00f3cSomriure para demostrar que s\u00f3lo si nos unimos todas y todos podremos dar la vuelta a las desigualdades.<\/p>\n<p><a href=\"http:\/\/www.socsomriure.org\/\" target=\"_blank\" rel=\"noopener\"><img decoding=\"async\" alt=\"\" border=\"0\" height=\"234\" src=\"\/wp-content\/uploads\/clica-i-participa.png\" style=\"display: block; margin-left: auto; margin-right: auto;\" width=\"467\" \/><\/a><\/p>\n","protected":false},"excerpt":{"rendered":"<p>Los ni\u00f1os celebran una gran fiesta y piden que m\u00e1s personas se unan al #S\u00f3cSomriure para hacer posible el gran sonrisa de verano del Casal. \u00a1Sonre\u00edr es revolucionario! As\u00ed lo creen los ni\u00f1os y ni\u00f1as del Casal, que se han reunido para celebrar el inicio de verano y gritar bien alto que, si sonr\u00eden, si [&hellip;]<\/p>\n","protected":false},"author":1,"featured_media":3614,"comment_status":"open","ping_status":"open","sticky":false,"template":"","format":"standard","meta":{"_acf_changed":false,"_et_pb_use_builder":"","_et_pb_old_content":"","_et_gb_content_width":"","inline_featured_image":false,"footnotes":""},"categories":[125],"tags":[],"seus":[],"eixos":[],"class_list":["post-4551","post","type-post","status-publish","format-standard","has-post-thumbnail","hentry","category-noticias"],"acf":[],"yoast_head":"<!-- This site is optimized with the Yoast SEO plugin v27.4 - https:\/\/yoast.com\/product\/yoast-seo-wordpress\/ -->\n<title>Noticias| Casal dels Infants<\/title>\n<meta name=\"description\" content=\"El Casal dels Infants se encuentra tambi\u00e9n en otros barrios de la ciudad como el Bes\u00f3s y en otras ciudades de Catalu\u00f1a como Salt (Girona), Santa Coloma de Gramenet (barrios de Fondo y Raval-Santa Rosa), Sant Adri\u00e0 de Bes\u00f2s (la Mina) y Badalona (Llefi\u00e0 y Sant Roc). Precisamente ha sido en las escuelas Rafael Alberti y Rafael Casanova de la ciudad badalonesa donde se ha celebrado la gran fiesta de bienvenida de verano, que ha reunido a unos 400 ni\u00f1os, 200 adolescentes de todos los barrios y casi un centenar de trabajadores, voluntarios y voluntarias.\" \/>\n<meta name=\"robots\" content=\"index, follow, max-snippet:-1, max-image-preview:large, max-video-preview:-1\" \/>\n<link rel=\"canonical\" href=\"https:\/\/www.casaldelsinfants.org\/es\/actualidad\/700-ninos-casal-infants-contra-desigualdade\/\" \/>\n<meta property=\"og:locale\" content=\"es_ES\" \/>\n<meta property=\"og:type\" content=\"article\" \/>\n<meta property=\"og:title\" content=\"Noticias| Casal dels Infants\" \/>\n<meta property=\"og:description\" content=\"El Casal dels Infants se encuentra tambi\u00e9n en otros barrios de la ciudad como el Bes\u00f3s y en otras ciudades de Catalu\u00f1a como Salt (Girona), Santa Coloma de Gramenet (barrios de Fondo y Raval-Santa Rosa), Sant Adri\u00e0 de Bes\u00f2s (la Mina) y Badalona (Llefi\u00e0 y Sant Roc). Precisamente ha sido en las escuelas Rafael Alberti y Rafael Casanova de la ciudad badalonesa donde se ha celebrado la gran fiesta de bienvenida de verano, que ha reunido a unos 400 ni\u00f1os, 200 adolescentes de todos los barrios y casi un centenar de trabajadores, voluntarios y voluntarias.\" \/>\n<meta property=\"og:url\" content=\"https:\/\/www.casaldelsinfants.org\/es\/actualidad\/700-ninos-casal-infants-contra-desigualdade\/\" \/>\n<meta property=\"og:site_name\" content=\"Casal dels Infants\" \/>\n<meta property=\"article:publisher\" content=\"https:\/\/www.facebook.com\/casalinfants\" \/>\n<meta property=\"article:published_time\" content=\"2017-11-17T14:39:14+00:00\" \/>\n<meta property=\"article:modified_time\" content=\"2023-06-08T10:25:59+00:00\" \/>\n<meta property=\"og:image\" content=\"https:\/\/www.casaldelsinfants.org\/wp-content\/uploads\/Somriure-es-revolucionari-scaled.jpg\" \/>\n\t<meta property=\"og:image:width\" content=\"2560\" \/>\n\t<meta property=\"og:image:height\" content=\"1738\" \/>\n\t<meta property=\"og:image:type\" content=\"image\/jpeg\" \/>\n<meta name=\"author\" content=\"cdiAdmin\" \/>\n<meta name=\"twitter:card\" content=\"summary_large_image\" \/>\n<meta name=\"twitter:creator\" content=\"@casalinfants\" \/>\n<meta name=\"twitter:site\" content=\"@casalinfants\" \/>\n<meta name=\"twitter:label1\" content=\"Escrito por\" \/>\n\t<meta name=\"twitter:data1\" content=\"cdiAdmin\" \/>\n\t<meta name=\"twitter:label2\" content=\"Tiempo de lectura\" \/>\n\t<meta name=\"twitter:data2\" content=\"4 minutos\" \/>\n<script type=\"application\/ld+json\" class=\"yoast-schema-graph\">{\"@context\":\"https:\\\/\\\/schema.org\",\"@graph\":[{\"@type\":\"Article\",\"@id\":\"https:\\\/\\\/www.casaldelsinfants.org\\\/es\\\/actualidad\\\/700-ninos-casal-infants-contra-desigualdade\\\/#article\",\"isPartOf\":{\"@id\":\"https:\\\/\\\/www.casaldelsinfants.org\\\/es\\\/actualidad\\\/700-ninos-casal-infants-contra-desigualdade\\\/\"},\"author\":{\"name\":\"cdiAdmin\",\"@id\":\"https:\\\/\\\/www.casaldelsinfants.org\\\/es\\\/#\\\/schema\\\/person\\\/97707fc8c64900cf36891127dbf9fba8\"},\"headline\":\"700 ni\u00f1os y ni\u00f1as del Casal muestran que es posible dar la vuelta a las desigualdades\",\"datePublished\":\"2017-11-17T14:39:14+00:00\",\"dateModified\":\"2023-06-08T10:25:59+00:00\",\"mainEntityOfPage\":{\"@id\":\"https:\\\/\\\/www.casaldelsinfants.org\\\/es\\\/actualidad\\\/700-ninos-casal-infants-contra-desigualdade\\\/\"},\"wordCount\":571,\"commentCount\":0,\"publisher\":{\"@id\":\"https:\\\/\\\/www.casaldelsinfants.org\\\/es\\\/#organization\"},\"image\":{\"@id\":\"https:\\\/\\\/www.casaldelsinfants.org\\\/es\\\/actualidad\\\/700-ninos-casal-infants-contra-desigualdade\\\/#primaryimage\"},\"thumbnailUrl\":\"https:\\\/\\\/www.casaldelsinfants.org\\\/wp-content\\\/uploads\\\/Somriure-es-revolucionari-scaled.jpg\",\"articleSection\":[\"Noticia\"],\"inLanguage\":\"es\",\"potentialAction\":[{\"@type\":\"CommentAction\",\"name\":\"Comment\",\"target\":[\"https:\\\/\\\/www.casaldelsinfants.org\\\/es\\\/actualidad\\\/700-ninos-casal-infants-contra-desigualdade\\\/#respond\"]}]},{\"@type\":\"WebPage\",\"@id\":\"https:\\\/\\\/www.casaldelsinfants.org\\\/es\\\/actualidad\\\/700-ninos-casal-infants-contra-desigualdade\\\/\",\"url\":\"https:\\\/\\\/www.casaldelsinfants.org\\\/es\\\/actualidad\\\/700-ninos-casal-infants-contra-desigualdade\\\/\",\"name\":\"Noticias| Casal dels Infants\",\"isPartOf\":{\"@id\":\"https:\\\/\\\/www.casaldelsinfants.org\\\/es\\\/#website\"},\"primaryImageOfPage\":{\"@id\":\"https:\\\/\\\/www.casaldelsinfants.org\\\/es\\\/actualidad\\\/700-ninos-casal-infants-contra-desigualdade\\\/#primaryimage\"},\"image\":{\"@id\":\"https:\\\/\\\/www.casaldelsinfants.org\\\/es\\\/actualidad\\\/700-ninos-casal-infants-contra-desigualdade\\\/#primaryimage\"},\"thumbnailUrl\":\"https:\\\/\\\/www.casaldelsinfants.org\\\/wp-content\\\/uploads\\\/Somriure-es-revolucionari-scaled.jpg\",\"datePublished\":\"2017-11-17T14:39:14+00:00\",\"dateModified\":\"2023-06-08T10:25:59+00:00\",\"description\":\"El Casal dels Infants se encuentra tambi\u00e9n en otros barrios de la ciudad como el Bes\u00f3s y en otras ciudades de Catalu\u00f1a como Salt (Girona), Santa Coloma de Gramenet (barrios de Fondo y Raval-Santa Rosa), Sant Adri\u00e0 de Bes\u00f2s (la Mina) y Badalona (Llefi\u00e0 y Sant Roc). Precisamente ha sido en las escuelas Rafael Alberti y Rafael Casanova de la ciudad badalonesa donde se ha celebrado la gran fiesta de bienvenida de verano, que ha reunido a unos 400 ni\u00f1os, 200 adolescentes de todos los barrios y casi un centenar de trabajadores, voluntarios y voluntarias.\",\"breadcrumb\":{\"@id\":\"https:\\\/\\\/www.casaldelsinfants.org\\\/es\\\/actualidad\\\/700-ninos-casal-infants-contra-desigualdade\\\/#breadcrumb\"},\"inLanguage\":\"es\",\"potentialAction\":[{\"@type\":\"ReadAction\",\"target\":[\"https:\\\/\\\/www.casaldelsinfants.org\\\/es\\\/actualidad\\\/700-ninos-casal-infants-contra-desigualdade\\\/\"]}]},{\"@type\":\"ImageObject\",\"inLanguage\":\"es\",\"@id\":\"https:\\\/\\\/www.casaldelsinfants.org\\\/es\\\/actualidad\\\/700-ninos-casal-infants-contra-desigualdade\\\/#primaryimage\",\"url\":\"https:\\\/\\\/www.casaldelsinfants.org\\\/wp-content\\\/uploads\\\/Somriure-es-revolucionari-scaled.jpg\",\"contentUrl\":\"https:\\\/\\\/www.casaldelsinfants.org\\\/wp-content\\\/uploads\\\/Somriure-es-revolucionari-scaled.jpg\",\"width\":2560,\"height\":1738,\"caption\":\"Nens i nenes al\u00e7ant una cartolina amb un somriure dibuixat\"},{\"@type\":\"BreadcrumbList\",\"@id\":\"https:\\\/\\\/www.casaldelsinfants.org\\\/es\\\/actualidad\\\/700-ninos-casal-infants-contra-desigualdade\\\/#breadcrumb\",\"itemListElement\":[{\"@type\":\"ListItem\",\"position\":1,\"name\":\"Inici\",\"item\":\"https:\\\/\\\/www.casaldelsinfants.org\\\/es\\\/\"},{\"@type\":\"ListItem\",\"position\":2,\"name\":\"700 ni\u00f1os y ni\u00f1as del Casal muestran que es posible dar la vuelta a las desigualdades\"}]},{\"@type\":\"WebSite\",\"@id\":\"https:\\\/\\\/www.casaldelsinfants.org\\\/es\\\/#website\",\"url\":\"https:\\\/\\\/www.casaldelsinfants.org\\\/es\\\/\",\"name\":\"Casal dels Infants\",\"description\":\"\",\"publisher\":{\"@id\":\"https:\\\/\\\/www.casaldelsinfants.org\\\/es\\\/#organization\"},\"potentialAction\":[{\"@type\":\"SearchAction\",\"target\":{\"@type\":\"EntryPoint\",\"urlTemplate\":\"https:\\\/\\\/www.casaldelsinfants.org\\\/es\\\/?s={search_term_string}\"},\"query-input\":{\"@type\":\"PropertyValueSpecification\",\"valueRequired\":true,\"valueName\":\"search_term_string\"}}],\"inLanguage\":\"es\"},{\"@type\":\"Organization\",\"@id\":\"https:\\\/\\\/www.casaldelsinfants.org\\\/es\\\/#organization\",\"name\":\"Casal dels Infants\",\"url\":\"https:\\\/\\\/www.casaldelsinfants.org\\\/es\\\/\",\"logo\":{\"@type\":\"ImageObject\",\"inLanguage\":\"es\",\"@id\":\"https:\\\/\\\/www.casaldelsinfants.org\\\/es\\\/#\\\/schema\\\/logo\\\/image\\\/\",\"url\":\"https:\\\/\\\/www.casaldelsinfants.org\\\/wp-content\\\/uploads\\\/logo-mail.png\",\"contentUrl\":\"https:\\\/\\\/www.casaldelsinfants.org\\\/wp-content\\\/uploads\\\/logo-mail.png\",\"width\":380,\"height\":158,\"caption\":\"Casal dels Infants\"},\"image\":{\"@id\":\"https:\\\/\\\/www.casaldelsinfants.org\\\/es\\\/#\\\/schema\\\/logo\\\/image\\\/\"},\"sameAs\":[\"https:\\\/\\\/www.facebook.com\\\/casalinfants\",\"https:\\\/\\\/x.com\\\/casalinfants\",\"https:\\\/\\\/www.youtube.com\\\/user\\\/CasaldelsInfants1\",\"https:\\\/\\\/www.instagram.com\\\/casalinfants\\\/\",\"https:\\\/\\\/www.linkedin.com\\\/company\\\/casaldelsinfants?trk=organization-update_share-update_actor-text\"]},{\"@type\":\"Person\",\"@id\":\"https:\\\/\\\/www.casaldelsinfants.org\\\/es\\\/#\\\/schema\\\/person\\\/97707fc8c64900cf36891127dbf9fba8\",\"name\":\"cdiAdmin\",\"sameAs\":[\"https:\\\/\\\/casaldelsinfants.org\"]}]}<\/script>\n<!-- \/ Yoast SEO plugin. -->","yoast_head_json":{"title":"Noticias| Casal dels Infants","description":"El Casal dels Infants se encuentra tambi\u00e9n en otros barrios de la ciudad como el Bes\u00f3s y en otras ciudades de Catalu\u00f1a como Salt (Girona), Santa Coloma de Gramenet (barrios de Fondo y Raval-Santa Rosa), Sant Adri\u00e0 de Bes\u00f2s (la Mina) y Badalona (Llefi\u00e0 y Sant Roc). Precisamente ha sido en las escuelas Rafael Alberti y Rafael Casanova de la ciudad badalonesa donde se ha celebrado la gran fiesta de bienvenida de verano, que ha reunido a unos 400 ni\u00f1os, 200 adolescentes de todos los barrios y casi un centenar de trabajadores, voluntarios y voluntarias.","robots":{"index":"index","follow":"follow","max-snippet":"max-snippet:-1","max-image-preview":"max-image-preview:large","max-video-preview":"max-video-preview:-1"},"canonical":"https:\/\/www.casaldelsinfants.org\/es\/actualidad\/700-ninos-casal-infants-contra-desigualdade\/","og_locale":"es_ES","og_type":"article","og_title":"Noticias| Casal dels Infants","og_description":"El Casal dels Infants se encuentra tambi\u00e9n en otros barrios de la ciudad como el Bes\u00f3s y en otras ciudades de Catalu\u00f1a como Salt (Girona), Santa Coloma de Gramenet (barrios de Fondo y Raval-Santa Rosa), Sant Adri\u00e0 de Bes\u00f2s (la Mina) y Badalona (Llefi\u00e0 y Sant Roc). Precisamente ha sido en las escuelas Rafael Alberti y Rafael Casanova de la ciudad badalonesa donde se ha celebrado la gran fiesta de bienvenida de verano, que ha reunido a unos 400 ni\u00f1os, 200 adolescentes de todos los barrios y casi un centenar de trabajadores, voluntarios y voluntarias.","og_url":"https:\/\/www.casaldelsinfants.org\/es\/actualidad\/700-ninos-casal-infants-contra-desigualdade\/","og_site_name":"Casal dels Infants","article_publisher":"https:\/\/www.facebook.com\/casalinfants","article_published_time":"2017-11-17T14:39:14+00:00","article_modified_time":"2023-06-08T10:25:59+00:00","og_image":[{"width":2560,"height":1738,"url":"https:\/\/www.casaldelsinfants.org\/wp-content\/uploads\/Somriure-es-revolucionari-scaled.jpg","type":"image\/jpeg"}],"author":"cdiAdmin","twitter_card":"summary_large_image","twitter_creator":"@casalinfants","twitter_site":"@casalinfants","twitter_misc":{"Escrito por":"cdiAdmin","Tiempo de lectura":"4 minutos"},"schema":{"@context":"https:\/\/schema.org","@graph":[{"@type":"Article","@id":"https:\/\/www.casaldelsinfants.org\/es\/actualidad\/700-ninos-casal-infants-contra-desigualdade\/#article","isPartOf":{"@id":"https:\/\/www.casaldelsinfants.org\/es\/actualidad\/700-ninos-casal-infants-contra-desigualdade\/"},"author":{"name":"cdiAdmin","@id":"https:\/\/www.casaldelsinfants.org\/es\/#\/schema\/person\/97707fc8c64900cf36891127dbf9fba8"},"headline":"700 ni\u00f1os y ni\u00f1as del Casal muestran que es posible dar la vuelta a las desigualdades","datePublished":"2017-11-17T14:39:14+00:00","dateModified":"2023-06-08T10:25:59+00:00","mainEntityOfPage":{"@id":"https:\/\/www.casaldelsinfants.org\/es\/actualidad\/700-ninos-casal-infants-contra-desigualdade\/"},"wordCount":571,"commentCount":0,"publisher":{"@id":"https:\/\/www.casaldelsinfants.org\/es\/#organization"},"image":{"@id":"https:\/\/www.casaldelsinfants.org\/es\/actualidad\/700-ninos-casal-infants-contra-desigualdade\/#primaryimage"},"thumbnailUrl":"https:\/\/www.casaldelsinfants.org\/wp-content\/uploads\/Somriure-es-revolucionari-scaled.jpg","articleSection":["Noticia"],"inLanguage":"es","potentialAction":[{"@type":"CommentAction","name":"Comment","target":["https:\/\/www.casaldelsinfants.org\/es\/actualidad\/700-ninos-casal-infants-contra-desigualdade\/#respond"]}]},{"@type":"WebPage","@id":"https:\/\/www.casaldelsinfants.org\/es\/actualidad\/700-ninos-casal-infants-contra-desigualdade\/","url":"https:\/\/www.casaldelsinfants.org\/es\/actualidad\/700-ninos-casal-infants-contra-desigualdade\/","name":"Noticias| Casal dels Infants","isPartOf":{"@id":"https:\/\/www.casaldelsinfants.org\/es\/#website"},"primaryImageOfPage":{"@id":"https:\/\/www.casaldelsinfants.org\/es\/actualidad\/700-ninos-casal-infants-contra-desigualdade\/#primaryimage"},"image":{"@id":"https:\/\/www.casaldelsinfants.org\/es\/actualidad\/700-ninos-casal-infants-contra-desigualdade\/#primaryimage"},"thumbnailUrl":"https:\/\/www.casaldelsinfants.org\/wp-content\/uploads\/Somriure-es-revolucionari-scaled.jpg","datePublished":"2017-11-17T14:39:14+00:00","dateModified":"2023-06-08T10:25:59+00:00","description":"El Casal dels Infants se encuentra tambi\u00e9n en otros barrios de la ciudad como el Bes\u00f3s y en otras ciudades de Catalu\u00f1a como Salt (Girona), Santa Coloma de Gramenet (barrios de Fondo y Raval-Santa Rosa), Sant Adri\u00e0 de Bes\u00f2s (la Mina) y Badalona (Llefi\u00e0 y Sant Roc). Precisamente ha sido en las escuelas Rafael Alberti y Rafael Casanova de la ciudad badalonesa donde se ha celebrado la gran fiesta de bienvenida de verano, que ha reunido a unos 400 ni\u00f1os, 200 adolescentes de todos los barrios y casi un centenar de trabajadores, voluntarios y voluntarias.","breadcrumb":{"@id":"https:\/\/www.casaldelsinfants.org\/es\/actualidad\/700-ninos-casal-infants-contra-desigualdade\/#breadcrumb"},"inLanguage":"es","potentialAction":[{"@type":"ReadAction","target":["https:\/\/www.casaldelsinfants.org\/es\/actualidad\/700-ninos-casal-infants-contra-desigualdade\/"]}]},{"@type":"ImageObject","inLanguage":"es","@id":"https:\/\/www.casaldelsinfants.org\/es\/actualidad\/700-ninos-casal-infants-contra-desigualdade\/#primaryimage","url":"https:\/\/www.casaldelsinfants.org\/wp-content\/uploads\/Somriure-es-revolucionari-scaled.jpg","contentUrl":"https:\/\/www.casaldelsinfants.org\/wp-content\/uploads\/Somriure-es-revolucionari-scaled.jpg","width":2560,"height":1738,"caption":"Nens i nenes al\u00e7ant una cartolina amb un somriure dibuixat"},{"@type":"BreadcrumbList","@id":"https:\/\/www.casaldelsinfants.org\/es\/actualidad\/700-ninos-casal-infants-contra-desigualdade\/#breadcrumb","itemListElement":[{"@type":"ListItem","position":1,"name":"Inici","item":"https:\/\/www.casaldelsinfants.org\/es\/"},{"@type":"ListItem","position":2,"name":"700 ni\u00f1os y ni\u00f1as del Casal muestran que es posible dar la vuelta a las desigualdades"}]},{"@type":"WebSite","@id":"https:\/\/www.casaldelsinfants.org\/es\/#website","url":"https:\/\/www.casaldelsinfants.org\/es\/","name":"Casal dels Infants","description":"","publisher":{"@id":"https:\/\/www.casaldelsinfants.org\/es\/#organization"},"potentialAction":[{"@type":"SearchAction","target":{"@type":"EntryPoint","urlTemplate":"https:\/\/www.casaldelsinfants.org\/es\/?s={search_term_string}"},"query-input":{"@type":"PropertyValueSpecification","valueRequired":true,"valueName":"search_term_string"}}],"inLanguage":"es"},{"@type":"Organization","@id":"https:\/\/www.casaldelsinfants.org\/es\/#organization","name":"Casal dels Infants","url":"https:\/\/www.casaldelsinfants.org\/es\/","logo":{"@type":"ImageObject","inLanguage":"es","@id":"https:\/\/www.casaldelsinfants.org\/es\/#\/schema\/logo\/image\/","url":"https:\/\/www.casaldelsinfants.org\/wp-content\/uploads\/logo-mail.png","contentUrl":"https:\/\/www.casaldelsinfants.org\/wp-content\/uploads\/logo-mail.png","width":380,"height":158,"caption":"Casal dels Infants"},"image":{"@id":"https:\/\/www.casaldelsinfants.org\/es\/#\/schema\/logo\/image\/"},"sameAs":["https:\/\/www.facebook.com\/casalinfants","https:\/\/x.com\/casalinfants","https:\/\/www.youtube.com\/user\/CasaldelsInfants1","https:\/\/www.instagram.com\/casalinfants\/","https:\/\/www.linkedin.com\/company\/casaldelsinfants?trk=organization-update_share-update_actor-text"]},{"@type":"Person","@id":"https:\/\/www.casaldelsinfants.org\/es\/#\/schema\/person\/97707fc8c64900cf36891127dbf9fba8","name":"cdiAdmin","sameAs":["https:\/\/casaldelsinfants.org"]}]}},"publishpress_future_action":{"enabled":false,"date":"2026-05-09 11:19:18","action":"change-status","newStatus":"draft","terms":[],"taxonomy":"category","extraData":[]},"publishpress_future_workflow_manual_trigger":{"enabledWorkflows":[]},"_links":{"self":[{"href":"https:\/\/www.casaldelsinfants.org\/es\/wp-json\/wp\/v2\/posts\/4551","targetHints":{"allow":["GET"]}}],"collection":[{"href":"https:\/\/www.casaldelsinfants.org\/es\/wp-json\/wp\/v2\/posts"}],"about":[{"href":"https:\/\/www.casaldelsinfants.org\/es\/wp-json\/wp\/v2\/types\/post"}],"author":[{"embeddable":true,"href":"https:\/\/www.casaldelsinfants.org\/es\/wp-json\/wp\/v2\/users\/1"}],"replies":[{"embeddable":true,"href":"https:\/\/www.casaldelsinfants.org\/es\/wp-json\/wp\/v2\/comments?post=4551"}],"version-history":[{"count":1,"href":"https:\/\/www.casaldelsinfants.org\/es\/wp-json\/wp\/v2\/posts\/4551\/revisions"}],"predecessor-version":[{"id":6463,"href":"https:\/\/www.casaldelsinfants.org\/es\/wp-json\/wp\/v2\/posts\/4551\/revisions\/6463"}],"wp:featuredmedia":[{"embeddable":true,"href":"https:\/\/www.casaldelsinfants.org\/es\/wp-json\/wp\/v2\/media\/3614"}],"wp:attachment":[{"href":"https:\/\/www.casaldelsinfants.org\/es\/wp-json\/wp\/v2\/media?parent=4551"}],"wp:term":[{"taxonomy":"category","embeddable":true,"href":"https:\/\/www.casaldelsinfants.org\/es\/wp-json\/wp\/v2\/categories?post=4551"},{"taxonomy":"post_tag","embeddable":true,"href":"https:\/\/www.casaldelsinfants.org\/es\/wp-json\/wp\/v2\/tags?post=4551"},{"taxonomy":"seus","embeddable":true,"href":"https:\/\/www.casaldelsinfants.org\/es\/wp-json\/wp\/v2\/seus?post=4551"},{"taxonomy":"eixos","embeddable":true,"href":"https:\/\/www.casaldelsinfants.org\/es\/wp-json\/wp\/v2\/eixos?post=4551"}],"curies":[{"name":"wp","href":"https:\/\/api.w.org\/{rel}","templated":true}]}}