{"id":4552,"date":"2017-11-17T16:38:28","date_gmt":"2017-11-17T14:38:28","guid":{"rendered":"https:\/\/casal.puntzero.cat\/noticies\/aquest-any-hem-tornat-fer-el-cim\/"},"modified":"2023-05-01T19:09:13","modified_gmt":"2023-05-01T17:09:13","slug":"aquest-any-hem-tornat-fer-el-cim","status":"publish","type":"post","link":"https:\/\/www.casaldelsinfants.org\/es\/actualidad\/este-ano-hemos-vuelto-alcanzar-la-cima\/","title":{"rendered":"Este a\u00f1o, \u00a1Hemos vuelto a alcanzar la cima!"},"content":{"rendered":"<p><img decoding=\"async\" src=\"\/wp-content\/uploads\/pujada-a-montserrat.jpg\" border=\"0\" width=\"340\" style=\"margin-left: 10px; margin-right: 10px; float: left;\" \/><\/p>\n<h4><span style=\"font-family: Arial, Helvetica, sans-serif; font-size: 1em; font-weight: bold; line-height: 1.3em;\">M\u00e1s de cincuenta j\u00f3venes, voluntarios y educadores del Casal recorren a pie los m\u00e1s de 50 kil\u00f3metros que separan Barcelona de la cima de Montserrat. El esfuerzo, la superaci\u00f3n personal y la cohesi\u00f3n de grupo son valores que hacen que caminar m\u00e1s de 15 horas valga la pena.<\/span><\/h4>\n<p>La tradicional subida a Montserrat, que se celebra en el Casal desde hace ya 23 a\u00f1os, tiene la capacidad de reunir a j\u00f3venes y adolescentes de barrios distintos con el objetivo com\u00fan de alcanzar la cima de la emblem\u00e1tica monta\u00f1a. Este a\u00f1o, la participaci\u00f3n ha sido muy diversa: se han sumado chicos y chicas dels Centres Oberts Adolescents del Raval y Santa Coloma , del Casal de Joves de Badalona, Santa Coloma y el Raval , adem\u00e1s de contar con el soporte incondicional de varios voluntarios y voluntarias que participan en la subida desde hace a\u00f1os.<\/p>\n<p>El primer grupo ha salido de la Rambla del Raval a media tarde ya lo largo del recorrido se han ido uniendo el resto de chicos y chicas. \u00abEste a\u00f1o hemos tenido mucha suerte con el tiempo ya que ni nos ha llovido ni ha hecho fr\u00edo, y aunque ha habido alg\u00fan peque\u00f1o contratiempo, el \u00faltimo grupo ha llegado a Montserrat antes de las 12 del mediod\u00eda. El apoyo de los voluntarios y educadores ha vuelto a ser indispensable para lograr la cima, y aunque todo el mundo ha llegado muy cansado, la experiencia ha gustado mucho. Estoy seguro de que muchos repetir\u00e1n el a\u00f1o que viene!\u00bb Cuenta Enric Canet, director de Relacions Ciutadanes del Casal y alma de esta iniciativa.<\/p>\n<p>\u00abLa caminata es una prueba de superaci\u00f3n personal ante un reto dif\u00edcil de alcanzar, y para los y las j\u00f3venes del Casal la cima significa mucho m\u00e1s que eso: es un acto que sirve para descubrir capacidades como el esfuerzo y la superaci\u00f3n. Esto contribuye a su empoderamiento personal, un valor que trabajamos mucho en el Casal \u00abexplica Eva Ramos, educadora del Casal de Badalona-La Betsaida. Tambi\u00e9n explica que durante las casi 15 horas de trayecto hay muchos momentos de frustraci\u00f3n pero que, gracias al esfuerzo individual, y sobre todo al colectivo, se consigue que todo el mundo logre el objetivo. Eva hace hincapi\u00e9 en que el trabajo en equipo es indispensable y explica que alguna vez \u00abocurre que el joven que has animado a seguir caminando hace unas horas, es quiz\u00e1s el que despu\u00e9s anima a otro a no abandonar. El apoyo de grupo es lo que crea v\u00ednculos, y esta uni\u00f3n es indispensable para salir adelante, no s\u00f3lo para subir a Montserrat, sino sobre todo para superar el d\u00eda a d\u00eda. Fomentar la autonom\u00eda personal y al mismo tiempo hacer sentir a los j\u00f3venes que no est\u00e1n solos es uno de los objetivos principales del Casal\u00bb concluye la educadora.<\/p>\n<p>Hemos hablado con varios j\u00f3venes del Casal de Badalona para conocer en primera persona la experiencia. Uno es Omar, que nos cuenta que aunque para \u00e9l no supuso un gran esfuerzo f\u00edsico porque est\u00e1 acostumbrado a hacer deporte, caminar de noche tantos quil\u00f3metros fue un gran reto: \u00abEl cansancio y las ganas de dormir fueron lo peor\u00bb nos cuenta. \u00ab\u00bfCosas buenas? El paisaje, el ambiente que se genera dentro del grupo y conocer gente nueva.\u00bb Por otra parte, Mohammed nos cuenta que para \u00e9l subir a Montserrat ha sido no s\u00f3lo un reto f\u00edsico sino tambi\u00e9n personal y nos explica la importancia del trabajo en equipo: \u00abEn ning\u00fan momento me plante\u00e9 abandonar la caminata. Hay gente que lo hubiera hecho, pero hay mucho apoyo de grupo: aunque no conozcas a la gente, los animas a seguir.\u00bb Un buen ejemplo es Anthony, que desde un principio no lo ve\u00eda nada claro: \u00ab\u00a1Pensaba que me quedar\u00eda dormido a mitad del camino! Pero te sientes m\u00e1s fuerte f\u00edsica y mentalmente porque es un reto que te propones, y llegar al final te aporta mucha satisfacci\u00f3n y alegr\u00eda.\u00bb<\/p>\n<p>Los tres j\u00f3venes coinciden en que repetir\u00e1n el pr\u00f3ximo a\u00f1o y definen la experiencia como un equilibrio entre cansancio, dificultad, diversi\u00f3n y mucha satisfacci\u00f3n: \u00abAunque te sientas cansado a veces, al final sabes que puedes superar tus l\u00edmites.\u00bb concluye Mohammed.<\/p>\n","protected":false},"excerpt":{"rendered":"<p>M\u00e1s de cincuenta j\u00f3venes, voluntarios y educadores del Casal recorren a pie los m\u00e1s de 50 kil\u00f3metros que separan Barcelona de la cima de Montserrat. El esfuerzo, la superaci\u00f3n personal y la cohesi\u00f3n de grupo son valores que hacen que caminar m\u00e1s de 15 horas valga la pena. La tradicional subida a Montserrat, que se [&hellip;]<\/p>\n","protected":false},"author":1,"featured_media":3617,"comment_status":"open","ping_status":"open","sticky":false,"template":"","format":"standard","meta":{"_acf_changed":false,"_et_pb_use_builder":"","_et_pb_old_content":"","_et_gb_content_width":"","inline_featured_image":false,"footnotes":""},"categories":[125],"tags":[],"seus":[],"eixos":[],"class_list":["post-4552","post","type-post","status-publish","format-standard","has-post-thumbnail","hentry","category-noticias"],"acf":[],"yoast_head":"<!-- This site is optimized with the Yoast SEO plugin v27.4 - https:\/\/yoast.com\/product\/yoast-seo-wordpress\/ -->\n<title>Este a\u00f1o, \u00a1Hemos vuelto a alcanzar la cima! - Casal dels Infants<\/title>\n<meta name=\"robots\" content=\"index, follow, max-snippet:-1, max-image-preview:large, max-video-preview:-1\" \/>\n<link rel=\"canonical\" href=\"https:\/\/www.casaldelsinfants.org\/es\/actualidad\/este-ano-hemos-vuelto-alcanzar-la-cima\/\" \/>\n<meta property=\"og:locale\" content=\"es_ES\" \/>\n<meta property=\"og:type\" content=\"article\" \/>\n<meta property=\"og:title\" content=\"Este a\u00f1o, \u00a1Hemos vuelto a alcanzar la cima! - Casal dels Infants\" \/>\n<meta property=\"og:description\" content=\"M\u00e1s de cincuenta j\u00f3venes, voluntarios y educadores del Casal recorren a pie los m\u00e1s de 50 kil\u00f3metros que separan Barcelona de la cima de Montserrat. El esfuerzo, la superaci\u00f3n personal y la cohesi\u00f3n de grupo son valores que hacen que caminar m\u00e1s de 15 horas valga la pena. La tradicional subida a Montserrat, que se [&hellip;]\" \/>\n<meta property=\"og:url\" content=\"https:\/\/www.casaldelsinfants.org\/es\/actualidad\/este-ano-hemos-vuelto-alcanzar-la-cima\/\" \/>\n<meta property=\"og:site_name\" content=\"Casal dels Infants\" \/>\n<meta property=\"article:publisher\" content=\"https:\/\/www.facebook.com\/casalinfants\" \/>\n<meta property=\"article:published_time\" content=\"2017-11-17T14:38:28+00:00\" \/>\n<meta property=\"article:modified_time\" content=\"2023-05-01T17:09:13+00:00\" \/>\n<meta property=\"og:image\" content=\"https:\/\/www.casaldelsinfants.org\/wp-content\/uploads\/pujada-a-montserrat.jpg\" \/>\n\t<meta property=\"og:image:width\" content=\"1200\" \/>\n\t<meta property=\"og:image:height\" content=\"1244\" \/>\n\t<meta property=\"og:image:type\" content=\"image\/jpeg\" \/>\n<meta name=\"author\" content=\"cdiAdmin\" \/>\n<meta name=\"twitter:card\" content=\"summary_large_image\" \/>\n<meta name=\"twitter:creator\" content=\"@casalinfants\" \/>\n<meta name=\"twitter:site\" content=\"@casalinfants\" \/>\n<meta name=\"twitter:label1\" content=\"Escrito por\" \/>\n\t<meta name=\"twitter:data1\" content=\"cdiAdmin\" \/>\n\t<meta name=\"twitter:label2\" content=\"Tiempo de lectura\" \/>\n\t<meta name=\"twitter:data2\" content=\"4 minutos\" \/>\n<script type=\"application\/ld+json\" class=\"yoast-schema-graph\">{\"@context\":\"https:\\\/\\\/schema.org\",\"@graph\":[{\"@type\":\"Article\",\"@id\":\"https:\\\/\\\/www.casaldelsinfants.org\\\/es\\\/actualidad\\\/este-ano-hemos-vuelto-alcanzar-la-cima\\\/#article\",\"isPartOf\":{\"@id\":\"https:\\\/\\\/www.casaldelsinfants.org\\\/es\\\/actualidad\\\/este-ano-hemos-vuelto-alcanzar-la-cima\\\/\"},\"author\":{\"name\":\"cdiAdmin\",\"@id\":\"https:\\\/\\\/www.casaldelsinfants.org\\\/es\\\/#\\\/schema\\\/person\\\/97707fc8c64900cf36891127dbf9fba8\"},\"headline\":\"Este a\u00f1o, \u00a1Hemos vuelto a alcanzar la cima!\",\"datePublished\":\"2017-11-17T14:38:28+00:00\",\"dateModified\":\"2023-05-01T17:09:13+00:00\",\"mainEntityOfPage\":{\"@id\":\"https:\\\/\\\/www.casaldelsinfants.org\\\/es\\\/actualidad\\\/este-ano-hemos-vuelto-alcanzar-la-cima\\\/\"},\"wordCount\":752,\"commentCount\":0,\"publisher\":{\"@id\":\"https:\\\/\\\/www.casaldelsinfants.org\\\/es\\\/#organization\"},\"image\":{\"@id\":\"https:\\\/\\\/www.casaldelsinfants.org\\\/es\\\/actualidad\\\/este-ano-hemos-vuelto-alcanzar-la-cima\\\/#primaryimage\"},\"thumbnailUrl\":\"https:\\\/\\\/www.casaldelsinfants.org\\\/wp-content\\\/uploads\\\/pujada-a-montserrat.jpg\",\"articleSection\":[\"Noticia\"],\"inLanguage\":\"es\",\"potentialAction\":[{\"@type\":\"CommentAction\",\"name\":\"Comment\",\"target\":[\"https:\\\/\\\/www.casaldelsinfants.org\\\/es\\\/actualidad\\\/este-ano-hemos-vuelto-alcanzar-la-cima\\\/#respond\"]}]},{\"@type\":\"WebPage\",\"@id\":\"https:\\\/\\\/www.casaldelsinfants.org\\\/es\\\/actualidad\\\/este-ano-hemos-vuelto-alcanzar-la-cima\\\/\",\"url\":\"https:\\\/\\\/www.casaldelsinfants.org\\\/es\\\/actualidad\\\/este-ano-hemos-vuelto-alcanzar-la-cima\\\/\",\"name\":\"Este a\u00f1o, \u00a1Hemos vuelto a alcanzar la cima! - Casal dels Infants\",\"isPartOf\":{\"@id\":\"https:\\\/\\\/www.casaldelsinfants.org\\\/es\\\/#website\"},\"primaryImageOfPage\":{\"@id\":\"https:\\\/\\\/www.casaldelsinfants.org\\\/es\\\/actualidad\\\/este-ano-hemos-vuelto-alcanzar-la-cima\\\/#primaryimage\"},\"image\":{\"@id\":\"https:\\\/\\\/www.casaldelsinfants.org\\\/es\\\/actualidad\\\/este-ano-hemos-vuelto-alcanzar-la-cima\\\/#primaryimage\"},\"thumbnailUrl\":\"https:\\\/\\\/www.casaldelsinfants.org\\\/wp-content\\\/uploads\\\/pujada-a-montserrat.jpg\",\"datePublished\":\"2017-11-17T14:38:28+00:00\",\"dateModified\":\"2023-05-01T17:09:13+00:00\",\"breadcrumb\":{\"@id\":\"https:\\\/\\\/www.casaldelsinfants.org\\\/es\\\/actualidad\\\/este-ano-hemos-vuelto-alcanzar-la-cima\\\/#breadcrumb\"},\"inLanguage\":\"es\",\"potentialAction\":[{\"@type\":\"ReadAction\",\"target\":[\"https:\\\/\\\/www.casaldelsinfants.org\\\/es\\\/actualidad\\\/este-ano-hemos-vuelto-alcanzar-la-cima\\\/\"]}]},{\"@type\":\"ImageObject\",\"inLanguage\":\"es\",\"@id\":\"https:\\\/\\\/www.casaldelsinfants.org\\\/es\\\/actualidad\\\/este-ano-hemos-vuelto-alcanzar-la-cima\\\/#primaryimage\",\"url\":\"https:\\\/\\\/www.casaldelsinfants.org\\\/wp-content\\\/uploads\\\/pujada-a-montserrat.jpg\",\"contentUrl\":\"https:\\\/\\\/www.casaldelsinfants.org\\\/wp-content\\\/uploads\\\/pujada-a-montserrat.jpg\",\"width\":1200,\"height\":1244,\"caption\":\"Joves pujant a Montserrat\"},{\"@type\":\"BreadcrumbList\",\"@id\":\"https:\\\/\\\/www.casaldelsinfants.org\\\/es\\\/actualidad\\\/este-ano-hemos-vuelto-alcanzar-la-cima\\\/#breadcrumb\",\"itemListElement\":[{\"@type\":\"ListItem\",\"position\":1,\"name\":\"Inici\",\"item\":\"https:\\\/\\\/www.casaldelsinfants.org\\\/es\\\/\"},{\"@type\":\"ListItem\",\"position\":2,\"name\":\"Este a\u00f1o, \u00a1Hemos vuelto a alcanzar la cima!\"}]},{\"@type\":\"WebSite\",\"@id\":\"https:\\\/\\\/www.casaldelsinfants.org\\\/es\\\/#website\",\"url\":\"https:\\\/\\\/www.casaldelsinfants.org\\\/es\\\/\",\"name\":\"Casal dels Infants\",\"description\":\"\",\"publisher\":{\"@id\":\"https:\\\/\\\/www.casaldelsinfants.org\\\/es\\\/#organization\"},\"potentialAction\":[{\"@type\":\"SearchAction\",\"target\":{\"@type\":\"EntryPoint\",\"urlTemplate\":\"https:\\\/\\\/www.casaldelsinfants.org\\\/es\\\/?s={search_term_string}\"},\"query-input\":{\"@type\":\"PropertyValueSpecification\",\"valueRequired\":true,\"valueName\":\"search_term_string\"}}],\"inLanguage\":\"es\"},{\"@type\":\"Organization\",\"@id\":\"https:\\\/\\\/www.casaldelsinfants.org\\\/es\\\/#organization\",\"name\":\"Casal dels Infants\",\"url\":\"https:\\\/\\\/www.casaldelsinfants.org\\\/es\\\/\",\"logo\":{\"@type\":\"ImageObject\",\"inLanguage\":\"es\",\"@id\":\"https:\\\/\\\/www.casaldelsinfants.org\\\/es\\\/#\\\/schema\\\/logo\\\/image\\\/\",\"url\":\"https:\\\/\\\/www.casaldelsinfants.org\\\/wp-content\\\/uploads\\\/logo-mail.png\",\"contentUrl\":\"https:\\\/\\\/www.casaldelsinfants.org\\\/wp-content\\\/uploads\\\/logo-mail.png\",\"width\":380,\"height\":158,\"caption\":\"Casal dels Infants\"},\"image\":{\"@id\":\"https:\\\/\\\/www.casaldelsinfants.org\\\/es\\\/#\\\/schema\\\/logo\\\/image\\\/\"},\"sameAs\":[\"https:\\\/\\\/www.facebook.com\\\/casalinfants\",\"https:\\\/\\\/x.com\\\/casalinfants\",\"https:\\\/\\\/www.youtube.com\\\/user\\\/CasaldelsInfants1\",\"https:\\\/\\\/www.instagram.com\\\/casalinfants\\\/\",\"https:\\\/\\\/www.linkedin.com\\\/company\\\/casaldelsinfants?trk=organization-update_share-update_actor-text\"]},{\"@type\":\"Person\",\"@id\":\"https:\\\/\\\/www.casaldelsinfants.org\\\/es\\\/#\\\/schema\\\/person\\\/97707fc8c64900cf36891127dbf9fba8\",\"name\":\"cdiAdmin\",\"sameAs\":[\"https:\\\/\\\/casaldelsinfants.org\"]}]}<\/script>\n<!-- \/ Yoast SEO plugin. -->","yoast_head_json":{"title":"Este a\u00f1o, \u00a1Hemos vuelto a alcanzar la cima! - Casal dels Infants","robots":{"index":"index","follow":"follow","max-snippet":"max-snippet:-1","max-image-preview":"max-image-preview:large","max-video-preview":"max-video-preview:-1"},"canonical":"https:\/\/www.casaldelsinfants.org\/es\/actualidad\/este-ano-hemos-vuelto-alcanzar-la-cima\/","og_locale":"es_ES","og_type":"article","og_title":"Este a\u00f1o, \u00a1Hemos vuelto a alcanzar la cima! - Casal dels Infants","og_description":"M\u00e1s de cincuenta j\u00f3venes, voluntarios y educadores del Casal recorren a pie los m\u00e1s de 50 kil\u00f3metros que separan Barcelona de la cima de Montserrat. El esfuerzo, la superaci\u00f3n personal y la cohesi\u00f3n de grupo son valores que hacen que caminar m\u00e1s de 15 horas valga la pena. La tradicional subida a Montserrat, que se [&hellip;]","og_url":"https:\/\/www.casaldelsinfants.org\/es\/actualidad\/este-ano-hemos-vuelto-alcanzar-la-cima\/","og_site_name":"Casal dels Infants","article_publisher":"https:\/\/www.facebook.com\/casalinfants","article_published_time":"2017-11-17T14:38:28+00:00","article_modified_time":"2023-05-01T17:09:13+00:00","og_image":[{"width":1200,"height":1244,"url":"https:\/\/www.casaldelsinfants.org\/wp-content\/uploads\/pujada-a-montserrat.jpg","type":"image\/jpeg"}],"author":"cdiAdmin","twitter_card":"summary_large_image","twitter_creator":"@casalinfants","twitter_site":"@casalinfants","twitter_misc":{"Escrito por":"cdiAdmin","Tiempo de lectura":"4 minutos"},"schema":{"@context":"https:\/\/schema.org","@graph":[{"@type":"Article","@id":"https:\/\/www.casaldelsinfants.org\/es\/actualidad\/este-ano-hemos-vuelto-alcanzar-la-cima\/#article","isPartOf":{"@id":"https:\/\/www.casaldelsinfants.org\/es\/actualidad\/este-ano-hemos-vuelto-alcanzar-la-cima\/"},"author":{"name":"cdiAdmin","@id":"https:\/\/www.casaldelsinfants.org\/es\/#\/schema\/person\/97707fc8c64900cf36891127dbf9fba8"},"headline":"Este a\u00f1o, \u00a1Hemos vuelto a alcanzar la cima!","datePublished":"2017-11-17T14:38:28+00:00","dateModified":"2023-05-01T17:09:13+00:00","mainEntityOfPage":{"@id":"https:\/\/www.casaldelsinfants.org\/es\/actualidad\/este-ano-hemos-vuelto-alcanzar-la-cima\/"},"wordCount":752,"commentCount":0,"publisher":{"@id":"https:\/\/www.casaldelsinfants.org\/es\/#organization"},"image":{"@id":"https:\/\/www.casaldelsinfants.org\/es\/actualidad\/este-ano-hemos-vuelto-alcanzar-la-cima\/#primaryimage"},"thumbnailUrl":"https:\/\/www.casaldelsinfants.org\/wp-content\/uploads\/pujada-a-montserrat.jpg","articleSection":["Noticia"],"inLanguage":"es","potentialAction":[{"@type":"CommentAction","name":"Comment","target":["https:\/\/www.casaldelsinfants.org\/es\/actualidad\/este-ano-hemos-vuelto-alcanzar-la-cima\/#respond"]}]},{"@type":"WebPage","@id":"https:\/\/www.casaldelsinfants.org\/es\/actualidad\/este-ano-hemos-vuelto-alcanzar-la-cima\/","url":"https:\/\/www.casaldelsinfants.org\/es\/actualidad\/este-ano-hemos-vuelto-alcanzar-la-cima\/","name":"Este a\u00f1o, \u00a1Hemos vuelto a alcanzar la cima! - Casal dels Infants","isPartOf":{"@id":"https:\/\/www.casaldelsinfants.org\/es\/#website"},"primaryImageOfPage":{"@id":"https:\/\/www.casaldelsinfants.org\/es\/actualidad\/este-ano-hemos-vuelto-alcanzar-la-cima\/#primaryimage"},"image":{"@id":"https:\/\/www.casaldelsinfants.org\/es\/actualidad\/este-ano-hemos-vuelto-alcanzar-la-cima\/#primaryimage"},"thumbnailUrl":"https:\/\/www.casaldelsinfants.org\/wp-content\/uploads\/pujada-a-montserrat.jpg","datePublished":"2017-11-17T14:38:28+00:00","dateModified":"2023-05-01T17:09:13+00:00","breadcrumb":{"@id":"https:\/\/www.casaldelsinfants.org\/es\/actualidad\/este-ano-hemos-vuelto-alcanzar-la-cima\/#breadcrumb"},"inLanguage":"es","potentialAction":[{"@type":"ReadAction","target":["https:\/\/www.casaldelsinfants.org\/es\/actualidad\/este-ano-hemos-vuelto-alcanzar-la-cima\/"]}]},{"@type":"ImageObject","inLanguage":"es","@id":"https:\/\/www.casaldelsinfants.org\/es\/actualidad\/este-ano-hemos-vuelto-alcanzar-la-cima\/#primaryimage","url":"https:\/\/www.casaldelsinfants.org\/wp-content\/uploads\/pujada-a-montserrat.jpg","contentUrl":"https:\/\/www.casaldelsinfants.org\/wp-content\/uploads\/pujada-a-montserrat.jpg","width":1200,"height":1244,"caption":"Joves pujant a Montserrat"},{"@type":"BreadcrumbList","@id":"https:\/\/www.casaldelsinfants.org\/es\/actualidad\/este-ano-hemos-vuelto-alcanzar-la-cima\/#breadcrumb","itemListElement":[{"@type":"ListItem","position":1,"name":"Inici","item":"https:\/\/www.casaldelsinfants.org\/es\/"},{"@type":"ListItem","position":2,"name":"Este a\u00f1o, \u00a1Hemos vuelto a alcanzar la cima!"}]},{"@type":"WebSite","@id":"https:\/\/www.casaldelsinfants.org\/es\/#website","url":"https:\/\/www.casaldelsinfants.org\/es\/","name":"Casal dels Infants","description":"","publisher":{"@id":"https:\/\/www.casaldelsinfants.org\/es\/#organization"},"potentialAction":[{"@type":"SearchAction","target":{"@type":"EntryPoint","urlTemplate":"https:\/\/www.casaldelsinfants.org\/es\/?s={search_term_string}"},"query-input":{"@type":"PropertyValueSpecification","valueRequired":true,"valueName":"search_term_string"}}],"inLanguage":"es"},{"@type":"Organization","@id":"https:\/\/www.casaldelsinfants.org\/es\/#organization","name":"Casal dels Infants","url":"https:\/\/www.casaldelsinfants.org\/es\/","logo":{"@type":"ImageObject","inLanguage":"es","@id":"https:\/\/www.casaldelsinfants.org\/es\/#\/schema\/logo\/image\/","url":"https:\/\/www.casaldelsinfants.org\/wp-content\/uploads\/logo-mail.png","contentUrl":"https:\/\/www.casaldelsinfants.org\/wp-content\/uploads\/logo-mail.png","width":380,"height":158,"caption":"Casal dels Infants"},"image":{"@id":"https:\/\/www.casaldelsinfants.org\/es\/#\/schema\/logo\/image\/"},"sameAs":["https:\/\/www.facebook.com\/casalinfants","https:\/\/x.com\/casalinfants","https:\/\/www.youtube.com\/user\/CasaldelsInfants1","https:\/\/www.instagram.com\/casalinfants\/","https:\/\/www.linkedin.com\/company\/casaldelsinfants?trk=organization-update_share-update_actor-text"]},{"@type":"Person","@id":"https:\/\/www.casaldelsinfants.org\/es\/#\/schema\/person\/97707fc8c64900cf36891127dbf9fba8","name":"cdiAdmin","sameAs":["https:\/\/casaldelsinfants.org"]}]}},"publishpress_future_action":{"enabled":false,"date":"2026-05-09 12:20:14","action":"change-status","newStatus":"draft","terms":[],"taxonomy":"category","extraData":[]},"publishpress_future_workflow_manual_trigger":{"enabledWorkflows":[]},"_links":{"self":[{"href":"https:\/\/www.casaldelsinfants.org\/es\/wp-json\/wp\/v2\/posts\/4552","targetHints":{"allow":["GET"]}}],"collection":[{"href":"https:\/\/www.casaldelsinfants.org\/es\/wp-json\/wp\/v2\/posts"}],"about":[{"href":"https:\/\/www.casaldelsinfants.org\/es\/wp-json\/wp\/v2\/types\/post"}],"author":[{"embeddable":true,"href":"https:\/\/www.casaldelsinfants.org\/es\/wp-json\/wp\/v2\/users\/1"}],"replies":[{"embeddable":true,"href":"https:\/\/www.casaldelsinfants.org\/es\/wp-json\/wp\/v2\/comments?post=4552"}],"version-history":[{"count":1,"href":"https:\/\/www.casaldelsinfants.org\/es\/wp-json\/wp\/v2\/posts\/4552\/revisions"}],"predecessor-version":[{"id":6464,"href":"https:\/\/www.casaldelsinfants.org\/es\/wp-json\/wp\/v2\/posts\/4552\/revisions\/6464"}],"wp:featuredmedia":[{"embeddable":true,"href":"https:\/\/www.casaldelsinfants.org\/es\/wp-json\/wp\/v2\/media\/3617"}],"wp:attachment":[{"href":"https:\/\/www.casaldelsinfants.org\/es\/wp-json\/wp\/v2\/media?parent=4552"}],"wp:term":[{"taxonomy":"category","embeddable":true,"href":"https:\/\/www.casaldelsinfants.org\/es\/wp-json\/wp\/v2\/categories?post=4552"},{"taxonomy":"post_tag","embeddable":true,"href":"https:\/\/www.casaldelsinfants.org\/es\/wp-json\/wp\/v2\/tags?post=4552"},{"taxonomy":"seus","embeddable":true,"href":"https:\/\/www.casaldelsinfants.org\/es\/wp-json\/wp\/v2\/seus?post=4552"},{"taxonomy":"eixos","embeddable":true,"href":"https:\/\/www.casaldelsinfants.org\/es\/wp-json\/wp\/v2\/eixos?post=4552"}],"curies":[{"name":"wp","href":"https:\/\/api.w.org\/{rel}","templated":true}]}}