{"id":4553,"date":"2017-11-17T16:37:02","date_gmt":"2017-11-17T14:37:02","guid":{"rendered":"https:\/\/casal.puntzero.cat\/noticies\/economia-domestica-lautonomia-familiar\/"},"modified":"2023-05-01T19:09:20","modified_gmt":"2023-05-01T17:09:20","slug":"economia-domestica-lautonomia-familiar","status":"publish","type":"post","link":"https:\/\/www.casaldelsinfants.org\/es\/actualidad\/economia-domestica-para-la-autonomia-familiar\/","title":{"rendered":"Econom\u00eda dom\u00e9stica para la autonom\u00eda familiar"},"content":{"rendered":"<p><img decoding=\"async\" src=\"\/wp-content\/uploads\/economia-familiar.jpg\" border=\"0\" width=\"350\" style=\"float: left; margin-left: 10px; margin-right: 10px;\" \/><\/p>\n<h4>Las familias del Casal Familiar de los barrios de la Serra d\u2019En Mena (Santa Coloma) y del Raval (Barcelona) han participado en dos charlas en las que se les ha ense\u00f1ado conceptos b\u00e1sicos de econom\u00eda dom\u00e9stica como organizar los recursos econ\u00f3micos o completar con \u00e9xito operaciones bancarias. Los talleres han sido impartidos por voluntarios de la Obra Social de la Caixa, que tambi\u00e9n han dado conocimientos m\u00ednimos de finanzas y han resuelto las dudas pr\u00e1cticas de las madres y padres participantes.<\/h4>\n<p>Durante el primer taller, las familias aprendieron a organizar el dinero que reciben cada mes y jerarquizar los gastos en funci\u00f3n de si son \u00abprioritarias o no\u00bb, explica Beatriz Hern\u00e1n, educadora del Casal Familiar de Santa Coloma. Seg\u00fan Hern\u00e1n, el voluntario que impart\u00eda la charla les mostr\u00f3 un cuadrante, que hab\u00edan de llenar con su informaci\u00f3n personal y que les servir\u00eda de herramienta para organizarse mejor. \u00abCuando lo entendieron vieron muchas m\u00e1s posibilidades de organizarse y, en consecuencia, hacer m\u00e1s cosas\u00bb, contin\u00faa la educadora, \u00absalieron del taller con mucha confianza y ganas de aplicarlo\u00bb.<\/p>\n<p>El segundo encuentro, en cambio, estaba pensado para resolver las dudas financieras de las familias y darles alternativas en caso de que necesitaran cr\u00e9dito. Por ejemplo, se les habl\u00f3 de las cooperativas de trabajo como una alternativa diferente a los canales habituales para encontrar trabajo. \u00abEs muy importante que las familias vean que tienen herramientas para salir adelante por s\u00ed solas, que con el asesoramiento adecuado podemos ser aut\u00f3nomas y autosuficientes\u00bb, afirma la educadora del Casal Familiar del Raval, Mar\u00eda Jos\u00e9 Mu\u00f1oz. En este encuentro se mostraron los pros y los contras de pedir cr\u00e9ditos f\u00e1ciles y las familias pudieron preguntar en qu\u00e9 situaciones es conveniente pedir cr\u00e9ditos y en cu\u00e1les no.<\/p>\n<p>Las charlas estaban pensadas para los usuarios del Casal Familiar pero se abrieron tambi\u00e9n a familias de otras entidades de Santa Coloma y del barrio del Raval de Barcelona. Seg\u00fan la directora del Casal de Santa Coloma, Txell Teixid\u00f3, \u00abse trata de formaci\u00f3n esencial, ya que en muchos casos las familias tienen una falta de conocimiento importante respecto a determinadas materias econ\u00f3micas y eso las paraliza para sacar adelante proyectos familiares y personales.\u00bb<\/p>\n<p>Estas charlas, se enmarcan en el programa \u00abAprenent, millorem\u00bb que es una iniciativa conjunta del \u201cInstitut d\u2019Estudis Financers de Barcelona\u201d, la FEDAIA y la Obra Social La Caixa.<\/p>\n","protected":false},"excerpt":{"rendered":"<p>Las familias del Casal Familiar de los barrios de la Serra d\u2019En Mena (Santa Coloma) y del Raval (Barcelona) han participado en dos charlas en las que se les ha ense\u00f1ado conceptos b\u00e1sicos de econom\u00eda dom\u00e9stica como organizar los recursos econ\u00f3micos o completar con \u00e9xito operaciones bancarias. Los talleres han sido impartidos por voluntarios de [&hellip;]<\/p>\n","protected":false},"author":1,"featured_media":3620,"comment_status":"open","ping_status":"open","sticky":false,"template":"","format":"standard","meta":{"_acf_changed":false,"_et_pb_use_builder":"","_et_pb_old_content":"","_et_gb_content_width":"","inline_featured_image":false,"footnotes":""},"categories":[125],"tags":[],"seus":[],"eixos":[],"class_list":["post-4553","post","type-post","status-publish","format-standard","has-post-thumbnail","hentry","category-noticias"],"acf":[],"yoast_head":"<!-- This site is optimized with the Yoast SEO plugin v27.4 - https:\/\/yoast.com\/product\/yoast-seo-wordpress\/ -->\n<title>Econom\u00eda dom\u00e9stica para la autonom\u00eda familiar - Casal dels Infants<\/title>\n<meta name=\"robots\" content=\"index, follow, max-snippet:-1, max-image-preview:large, max-video-preview:-1\" \/>\n<link rel=\"canonical\" href=\"https:\/\/www.casaldelsinfants.org\/es\/actualidad\/economia-domestica-para-la-autonomia-familiar\/\" \/>\n<meta property=\"og:locale\" content=\"es_ES\" \/>\n<meta property=\"og:type\" content=\"article\" \/>\n<meta property=\"og:title\" content=\"Econom\u00eda dom\u00e9stica para la autonom\u00eda familiar - Casal dels Infants\" \/>\n<meta property=\"og:description\" content=\"Las familias del Casal Familiar de los barrios de la Serra d\u2019En Mena (Santa Coloma) y del Raval (Barcelona) han participado en dos charlas en las que se les ha ense\u00f1ado conceptos b\u00e1sicos de econom\u00eda dom\u00e9stica como organizar los recursos econ\u00f3micos o completar con \u00e9xito operaciones bancarias. Los talleres han sido impartidos por voluntarios de [&hellip;]\" \/>\n<meta property=\"og:url\" content=\"https:\/\/www.casaldelsinfants.org\/es\/actualidad\/economia-domestica-para-la-autonomia-familiar\/\" \/>\n<meta property=\"og:site_name\" content=\"Casal dels Infants\" \/>\n<meta property=\"article:publisher\" content=\"https:\/\/www.facebook.com\/casalinfants\" \/>\n<meta property=\"article:published_time\" content=\"2017-11-17T14:37:02+00:00\" \/>\n<meta property=\"article:modified_time\" content=\"2023-05-01T17:09:20+00:00\" \/>\n<meta property=\"og:image\" content=\"https:\/\/www.casaldelsinfants.org\/wp-content\/uploads\/economia-familiar-scaled.jpg\" \/>\n\t<meta property=\"og:image:width\" content=\"2560\" \/>\n\t<meta property=\"og:image:height\" content=\"1920\" \/>\n\t<meta property=\"og:image:type\" content=\"image\/jpeg\" \/>\n<meta name=\"author\" content=\"cdiAdmin\" \/>\n<meta name=\"twitter:card\" content=\"summary_large_image\" \/>\n<meta name=\"twitter:creator\" content=\"@casalinfants\" \/>\n<meta name=\"twitter:site\" content=\"@casalinfants\" \/>\n<meta name=\"twitter:label1\" content=\"Escrito por\" \/>\n\t<meta name=\"twitter:data1\" content=\"cdiAdmin\" \/>\n\t<meta name=\"twitter:label2\" content=\"Tiempo de lectura\" \/>\n\t<meta name=\"twitter:data2\" content=\"2 minutos\" \/>\n<script type=\"application\/ld+json\" class=\"yoast-schema-graph\">{\"@context\":\"https:\\\/\\\/schema.org\",\"@graph\":[{\"@type\":\"Article\",\"@id\":\"https:\\\/\\\/www.casaldelsinfants.org\\\/es\\\/actualidad\\\/economia-domestica-para-la-autonomia-familiar\\\/#article\",\"isPartOf\":{\"@id\":\"https:\\\/\\\/www.casaldelsinfants.org\\\/es\\\/actualidad\\\/economia-domestica-para-la-autonomia-familiar\\\/\"},\"author\":{\"name\":\"cdiAdmin\",\"@id\":\"https:\\\/\\\/www.casaldelsinfants.org\\\/es\\\/#\\\/schema\\\/person\\\/97707fc8c64900cf36891127dbf9fba8\"},\"headline\":\"Econom\u00eda dom\u00e9stica para la autonom\u00eda familiar\",\"datePublished\":\"2017-11-17T14:37:02+00:00\",\"dateModified\":\"2023-05-01T17:09:20+00:00\",\"mainEntityOfPage\":{\"@id\":\"https:\\\/\\\/www.casaldelsinfants.org\\\/es\\\/actualidad\\\/economia-domestica-para-la-autonomia-familiar\\\/\"},\"wordCount\":430,\"commentCount\":0,\"publisher\":{\"@id\":\"https:\\\/\\\/www.casaldelsinfants.org\\\/es\\\/#organization\"},\"image\":{\"@id\":\"https:\\\/\\\/www.casaldelsinfants.org\\\/es\\\/actualidad\\\/economia-domestica-para-la-autonomia-familiar\\\/#primaryimage\"},\"thumbnailUrl\":\"https:\\\/\\\/www.casaldelsinfants.org\\\/wp-content\\\/uploads\\\/economia-familiar-scaled.jpg\",\"articleSection\":[\"Noticia\"],\"inLanguage\":\"es\",\"potentialAction\":[{\"@type\":\"CommentAction\",\"name\":\"Comment\",\"target\":[\"https:\\\/\\\/www.casaldelsinfants.org\\\/es\\\/actualidad\\\/economia-domestica-para-la-autonomia-familiar\\\/#respond\"]}]},{\"@type\":\"WebPage\",\"@id\":\"https:\\\/\\\/www.casaldelsinfants.org\\\/es\\\/actualidad\\\/economia-domestica-para-la-autonomia-familiar\\\/\",\"url\":\"https:\\\/\\\/www.casaldelsinfants.org\\\/es\\\/actualidad\\\/economia-domestica-para-la-autonomia-familiar\\\/\",\"name\":\"Econom\u00eda dom\u00e9stica para la autonom\u00eda familiar - Casal dels Infants\",\"isPartOf\":{\"@id\":\"https:\\\/\\\/www.casaldelsinfants.org\\\/es\\\/#website\"},\"primaryImageOfPage\":{\"@id\":\"https:\\\/\\\/www.casaldelsinfants.org\\\/es\\\/actualidad\\\/economia-domestica-para-la-autonomia-familiar\\\/#primaryimage\"},\"image\":{\"@id\":\"https:\\\/\\\/www.casaldelsinfants.org\\\/es\\\/actualidad\\\/economia-domestica-para-la-autonomia-familiar\\\/#primaryimage\"},\"thumbnailUrl\":\"https:\\\/\\\/www.casaldelsinfants.org\\\/wp-content\\\/uploads\\\/economia-familiar-scaled.jpg\",\"datePublished\":\"2017-11-17T14:37:02+00:00\",\"dateModified\":\"2023-05-01T17:09:20+00:00\",\"breadcrumb\":{\"@id\":\"https:\\\/\\\/www.casaldelsinfants.org\\\/es\\\/actualidad\\\/economia-domestica-para-la-autonomia-familiar\\\/#breadcrumb\"},\"inLanguage\":\"es\",\"potentialAction\":[{\"@type\":\"ReadAction\",\"target\":[\"https:\\\/\\\/www.casaldelsinfants.org\\\/es\\\/actualidad\\\/economia-domestica-para-la-autonomia-familiar\\\/\"]}]},{\"@type\":\"ImageObject\",\"inLanguage\":\"es\",\"@id\":\"https:\\\/\\\/www.casaldelsinfants.org\\\/es\\\/actualidad\\\/economia-domestica-para-la-autonomia-familiar\\\/#primaryimage\",\"url\":\"https:\\\/\\\/www.casaldelsinfants.org\\\/wp-content\\\/uploads\\\/economia-familiar-scaled.jpg\",\"contentUrl\":\"https:\\\/\\\/www.casaldelsinfants.org\\\/wp-content\\\/uploads\\\/economia-familiar-scaled.jpg\",\"width\":2560,\"height\":1920,\"caption\":\"Economia dom\u00e8stica per a l\u2019autonomia familiar\"},{\"@type\":\"BreadcrumbList\",\"@id\":\"https:\\\/\\\/www.casaldelsinfants.org\\\/es\\\/actualidad\\\/economia-domestica-para-la-autonomia-familiar\\\/#breadcrumb\",\"itemListElement\":[{\"@type\":\"ListItem\",\"position\":1,\"name\":\"Inici\",\"item\":\"https:\\\/\\\/www.casaldelsinfants.org\\\/es\\\/\"},{\"@type\":\"ListItem\",\"position\":2,\"name\":\"Econom\u00eda dom\u00e9stica para la autonom\u00eda familiar\"}]},{\"@type\":\"WebSite\",\"@id\":\"https:\\\/\\\/www.casaldelsinfants.org\\\/es\\\/#website\",\"url\":\"https:\\\/\\\/www.casaldelsinfants.org\\\/es\\\/\",\"name\":\"Casal dels Infants\",\"description\":\"\",\"publisher\":{\"@id\":\"https:\\\/\\\/www.casaldelsinfants.org\\\/es\\\/#organization\"},\"potentialAction\":[{\"@type\":\"SearchAction\",\"target\":{\"@type\":\"EntryPoint\",\"urlTemplate\":\"https:\\\/\\\/www.casaldelsinfants.org\\\/es\\\/?s={search_term_string}\"},\"query-input\":{\"@type\":\"PropertyValueSpecification\",\"valueRequired\":true,\"valueName\":\"search_term_string\"}}],\"inLanguage\":\"es\"},{\"@type\":\"Organization\",\"@id\":\"https:\\\/\\\/www.casaldelsinfants.org\\\/es\\\/#organization\",\"name\":\"Casal dels Infants\",\"url\":\"https:\\\/\\\/www.casaldelsinfants.org\\\/es\\\/\",\"logo\":{\"@type\":\"ImageObject\",\"inLanguage\":\"es\",\"@id\":\"https:\\\/\\\/www.casaldelsinfants.org\\\/es\\\/#\\\/schema\\\/logo\\\/image\\\/\",\"url\":\"https:\\\/\\\/www.casaldelsinfants.org\\\/wp-content\\\/uploads\\\/logo-mail.png\",\"contentUrl\":\"https:\\\/\\\/www.casaldelsinfants.org\\\/wp-content\\\/uploads\\\/logo-mail.png\",\"width\":380,\"height\":158,\"caption\":\"Casal dels Infants\"},\"image\":{\"@id\":\"https:\\\/\\\/www.casaldelsinfants.org\\\/es\\\/#\\\/schema\\\/logo\\\/image\\\/\"},\"sameAs\":[\"https:\\\/\\\/www.facebook.com\\\/casalinfants\",\"https:\\\/\\\/x.com\\\/casalinfants\",\"https:\\\/\\\/www.youtube.com\\\/user\\\/CasaldelsInfants1\",\"https:\\\/\\\/www.instagram.com\\\/casalinfants\\\/\",\"https:\\\/\\\/www.linkedin.com\\\/company\\\/casaldelsinfants?trk=organization-update_share-update_actor-text\"]},{\"@type\":\"Person\",\"@id\":\"https:\\\/\\\/www.casaldelsinfants.org\\\/es\\\/#\\\/schema\\\/person\\\/97707fc8c64900cf36891127dbf9fba8\",\"name\":\"cdiAdmin\",\"sameAs\":[\"https:\\\/\\\/casaldelsinfants.org\"]}]}<\/script>\n<!-- \/ Yoast SEO plugin. -->","yoast_head_json":{"title":"Econom\u00eda dom\u00e9stica para la autonom\u00eda familiar - Casal dels Infants","robots":{"index":"index","follow":"follow","max-snippet":"max-snippet:-1","max-image-preview":"max-image-preview:large","max-video-preview":"max-video-preview:-1"},"canonical":"https:\/\/www.casaldelsinfants.org\/es\/actualidad\/economia-domestica-para-la-autonomia-familiar\/","og_locale":"es_ES","og_type":"article","og_title":"Econom\u00eda dom\u00e9stica para la autonom\u00eda familiar - Casal dels Infants","og_description":"Las familias del Casal Familiar de los barrios de la Serra d\u2019En Mena (Santa Coloma) y del Raval (Barcelona) han participado en dos charlas en las que se les ha ense\u00f1ado conceptos b\u00e1sicos de econom\u00eda dom\u00e9stica como organizar los recursos econ\u00f3micos o completar con \u00e9xito operaciones bancarias. Los talleres han sido impartidos por voluntarios de [&hellip;]","og_url":"https:\/\/www.casaldelsinfants.org\/es\/actualidad\/economia-domestica-para-la-autonomia-familiar\/","og_site_name":"Casal dels Infants","article_publisher":"https:\/\/www.facebook.com\/casalinfants","article_published_time":"2017-11-17T14:37:02+00:00","article_modified_time":"2023-05-01T17:09:20+00:00","og_image":[{"width":2560,"height":1920,"url":"https:\/\/www.casaldelsinfants.org\/wp-content\/uploads\/economia-familiar-scaled.jpg","type":"image\/jpeg"}],"author":"cdiAdmin","twitter_card":"summary_large_image","twitter_creator":"@casalinfants","twitter_site":"@casalinfants","twitter_misc":{"Escrito por":"cdiAdmin","Tiempo de lectura":"2 minutos"},"schema":{"@context":"https:\/\/schema.org","@graph":[{"@type":"Article","@id":"https:\/\/www.casaldelsinfants.org\/es\/actualidad\/economia-domestica-para-la-autonomia-familiar\/#article","isPartOf":{"@id":"https:\/\/www.casaldelsinfants.org\/es\/actualidad\/economia-domestica-para-la-autonomia-familiar\/"},"author":{"name":"cdiAdmin","@id":"https:\/\/www.casaldelsinfants.org\/es\/#\/schema\/person\/97707fc8c64900cf36891127dbf9fba8"},"headline":"Econom\u00eda dom\u00e9stica para la autonom\u00eda familiar","datePublished":"2017-11-17T14:37:02+00:00","dateModified":"2023-05-01T17:09:20+00:00","mainEntityOfPage":{"@id":"https:\/\/www.casaldelsinfants.org\/es\/actualidad\/economia-domestica-para-la-autonomia-familiar\/"},"wordCount":430,"commentCount":0,"publisher":{"@id":"https:\/\/www.casaldelsinfants.org\/es\/#organization"},"image":{"@id":"https:\/\/www.casaldelsinfants.org\/es\/actualidad\/economia-domestica-para-la-autonomia-familiar\/#primaryimage"},"thumbnailUrl":"https:\/\/www.casaldelsinfants.org\/wp-content\/uploads\/economia-familiar-scaled.jpg","articleSection":["Noticia"],"inLanguage":"es","potentialAction":[{"@type":"CommentAction","name":"Comment","target":["https:\/\/www.casaldelsinfants.org\/es\/actualidad\/economia-domestica-para-la-autonomia-familiar\/#respond"]}]},{"@type":"WebPage","@id":"https:\/\/www.casaldelsinfants.org\/es\/actualidad\/economia-domestica-para-la-autonomia-familiar\/","url":"https:\/\/www.casaldelsinfants.org\/es\/actualidad\/economia-domestica-para-la-autonomia-familiar\/","name":"Econom\u00eda dom\u00e9stica para la autonom\u00eda familiar - Casal dels Infants","isPartOf":{"@id":"https:\/\/www.casaldelsinfants.org\/es\/#website"},"primaryImageOfPage":{"@id":"https:\/\/www.casaldelsinfants.org\/es\/actualidad\/economia-domestica-para-la-autonomia-familiar\/#primaryimage"},"image":{"@id":"https:\/\/www.casaldelsinfants.org\/es\/actualidad\/economia-domestica-para-la-autonomia-familiar\/#primaryimage"},"thumbnailUrl":"https:\/\/www.casaldelsinfants.org\/wp-content\/uploads\/economia-familiar-scaled.jpg","datePublished":"2017-11-17T14:37:02+00:00","dateModified":"2023-05-01T17:09:20+00:00","breadcrumb":{"@id":"https:\/\/www.casaldelsinfants.org\/es\/actualidad\/economia-domestica-para-la-autonomia-familiar\/#breadcrumb"},"inLanguage":"es","potentialAction":[{"@type":"ReadAction","target":["https:\/\/www.casaldelsinfants.org\/es\/actualidad\/economia-domestica-para-la-autonomia-familiar\/"]}]},{"@type":"ImageObject","inLanguage":"es","@id":"https:\/\/www.casaldelsinfants.org\/es\/actualidad\/economia-domestica-para-la-autonomia-familiar\/#primaryimage","url":"https:\/\/www.casaldelsinfants.org\/wp-content\/uploads\/economia-familiar-scaled.jpg","contentUrl":"https:\/\/www.casaldelsinfants.org\/wp-content\/uploads\/economia-familiar-scaled.jpg","width":2560,"height":1920,"caption":"Economia dom\u00e8stica per a l\u2019autonomia familiar"},{"@type":"BreadcrumbList","@id":"https:\/\/www.casaldelsinfants.org\/es\/actualidad\/economia-domestica-para-la-autonomia-familiar\/#breadcrumb","itemListElement":[{"@type":"ListItem","position":1,"name":"Inici","item":"https:\/\/www.casaldelsinfants.org\/es\/"},{"@type":"ListItem","position":2,"name":"Econom\u00eda dom\u00e9stica para la autonom\u00eda familiar"}]},{"@type":"WebSite","@id":"https:\/\/www.casaldelsinfants.org\/es\/#website","url":"https:\/\/www.casaldelsinfants.org\/es\/","name":"Casal dels Infants","description":"","publisher":{"@id":"https:\/\/www.casaldelsinfants.org\/es\/#organization"},"potentialAction":[{"@type":"SearchAction","target":{"@type":"EntryPoint","urlTemplate":"https:\/\/www.casaldelsinfants.org\/es\/?s={search_term_string}"},"query-input":{"@type":"PropertyValueSpecification","valueRequired":true,"valueName":"search_term_string"}}],"inLanguage":"es"},{"@type":"Organization","@id":"https:\/\/www.casaldelsinfants.org\/es\/#organization","name":"Casal dels Infants","url":"https:\/\/www.casaldelsinfants.org\/es\/","logo":{"@type":"ImageObject","inLanguage":"es","@id":"https:\/\/www.casaldelsinfants.org\/es\/#\/schema\/logo\/image\/","url":"https:\/\/www.casaldelsinfants.org\/wp-content\/uploads\/logo-mail.png","contentUrl":"https:\/\/www.casaldelsinfants.org\/wp-content\/uploads\/logo-mail.png","width":380,"height":158,"caption":"Casal dels Infants"},"image":{"@id":"https:\/\/www.casaldelsinfants.org\/es\/#\/schema\/logo\/image\/"},"sameAs":["https:\/\/www.facebook.com\/casalinfants","https:\/\/x.com\/casalinfants","https:\/\/www.youtube.com\/user\/CasaldelsInfants1","https:\/\/www.instagram.com\/casalinfants\/","https:\/\/www.linkedin.com\/company\/casaldelsinfants?trk=organization-update_share-update_actor-text"]},{"@type":"Person","@id":"https:\/\/www.casaldelsinfants.org\/es\/#\/schema\/person\/97707fc8c64900cf36891127dbf9fba8","name":"cdiAdmin","sameAs":["https:\/\/casaldelsinfants.org"]}]}},"publishpress_future_action":{"enabled":false,"date":"2026-05-09 10:31:13","action":"change-status","newStatus":"draft","terms":[],"taxonomy":"category","extraData":[]},"publishpress_future_workflow_manual_trigger":{"enabledWorkflows":[]},"_links":{"self":[{"href":"https:\/\/www.casaldelsinfants.org\/es\/wp-json\/wp\/v2\/posts\/4553","targetHints":{"allow":["GET"]}}],"collection":[{"href":"https:\/\/www.casaldelsinfants.org\/es\/wp-json\/wp\/v2\/posts"}],"about":[{"href":"https:\/\/www.casaldelsinfants.org\/es\/wp-json\/wp\/v2\/types\/post"}],"author":[{"embeddable":true,"href":"https:\/\/www.casaldelsinfants.org\/es\/wp-json\/wp\/v2\/users\/1"}],"replies":[{"embeddable":true,"href":"https:\/\/www.casaldelsinfants.org\/es\/wp-json\/wp\/v2\/comments?post=4553"}],"version-history":[{"count":1,"href":"https:\/\/www.casaldelsinfants.org\/es\/wp-json\/wp\/v2\/posts\/4553\/revisions"}],"predecessor-version":[{"id":6465,"href":"https:\/\/www.casaldelsinfants.org\/es\/wp-json\/wp\/v2\/posts\/4553\/revisions\/6465"}],"wp:featuredmedia":[{"embeddable":true,"href":"https:\/\/www.casaldelsinfants.org\/es\/wp-json\/wp\/v2\/media\/3620"}],"wp:attachment":[{"href":"https:\/\/www.casaldelsinfants.org\/es\/wp-json\/wp\/v2\/media?parent=4553"}],"wp:term":[{"taxonomy":"category","embeddable":true,"href":"https:\/\/www.casaldelsinfants.org\/es\/wp-json\/wp\/v2\/categories?post=4553"},{"taxonomy":"post_tag","embeddable":true,"href":"https:\/\/www.casaldelsinfants.org\/es\/wp-json\/wp\/v2\/tags?post=4553"},{"taxonomy":"seus","embeddable":true,"href":"https:\/\/www.casaldelsinfants.org\/es\/wp-json\/wp\/v2\/seus?post=4553"},{"taxonomy":"eixos","embeddable":true,"href":"https:\/\/www.casaldelsinfants.org\/es\/wp-json\/wp\/v2\/eixos?post=4553"}],"curies":[{"name":"wp","href":"https:\/\/api.w.org\/{rel}","templated":true}]}}