{"id":4554,"date":"2017-11-17T16:36:15","date_gmt":"2017-11-17T14:36:15","guid":{"rendered":"https:\/\/casal.puntzero.cat\/noticies\/els-nens-i-nenes-del-casal-construeixen-el-seu-propi-raval\/"},"modified":"2023-05-01T19:09:26","modified_gmt":"2023-05-01T17:09:26","slug":"els-nens-i-nenes-del-casal-construeixen-el-seu-propi-raval","status":"publish","type":"post","link":"https:\/\/www.casaldelsinfants.org\/es\/actualidad\/los-ninos-y-ninas-del-casal-construyen-su-propio-raval\/","title":{"rendered":"Los ni\u00f1os y ni\u00f1as del Casal construyen su propio Raval"},"content":{"rendered":"<p><img decoding=\"async\" border=\"0\" src=\"\/wp-content\/uploads\/taller-maquetes-foto-noticia.jpg\" style=\"float: left; margin-left: 10px; margin-right: 10px;\" width=\"350\" \/><\/p>\n<h4>Raval\u00f3polis es realidad aumentada. Es trabajo en equipo. Es creatividad. Es aprendizaje compartido. Es identidad de barrio. Son tardes de trabajo y diversi\u00f3n. Son educadores trabajando con ni\u00f1os y ni\u00f1as descubriendo el Raval. \u00a1Raval\u00f3polis es el barrio particular del Casal!<\/h4>\n<p>Hace unas semanas que los ni\u00f1os y ni\u00f1as del proyecto \u201cEntorn Escolar\u201d del Casal han estado investigando sobre el barrio del Raval: un voluntario les ha contado su historia y entre todos y todas han descubierto y conocido los edificios m\u00e1s emblem\u00e1ticos del barrio. El objetivo era construir Raval\u00f3polis, una maqueta de realidad aumentada creada a trav\u00e9s del conocimiento compartido. Esta iniciativa, que se ha llevado a cabo desde \u201cEspaci Tecnol\u00f2gic\u201d del Casal, ha convertido a los ni\u00f1os en historiadores, artistas e incluso arquitectos, al mismo tiempoque se ha potenciado el trabajo en equipo y la vinculaci\u00f3n con el barrio. Tal y como afirma el educador Marc Pascual \u00abRaval\u00f3polis crea identidad a la vez que se potencia el aprendizaje compartido\u00bb.<\/p>\n<p>\u00abLos ni\u00f1os y ni\u00f1as\u201d \u2013 contin\u00faa\u2013 \u00abno s\u00f3lo han conocido un poco m\u00e1s el Raval sino que han trabajado en equipo y con el vecindario\u00bb. El primer paso ha sido recopilar informaci\u00f3n sobre el barrio, de esta manera se han convertido en historiadores e historiadoras durante unos d\u00edas. Despu\u00e9s, han hecho de arquitectos dibujando calles y plazas para luego construir los edificios del barrio. Pero, \u00bfC\u00f3mo es un barrio sin color? \u00a1Muy aburrido! As\u00ed que los ni\u00f1os han hecho tambi\u00e9n de artistas para dar el toque alegre a la maqueta, pint\u00e1ndola de diferentes colores. Por \u00faltimo, se ha incorporado una parte interactiva a trav\u00e9s de c\u00f3digos QR, que muestran v\u00eddeos donde los ni\u00f1os y ni\u00f1as explican su particular visi\u00f3n del Raval.<\/p>\n<p>En definitiva, Raval\u00f3polis no s\u00f3lo ha resultado ser uno de los trabajos m\u00e1s divertidos y participativos sino que, adem\u00e1s, ha permitido a los ni\u00f1os trabajar diferentes aspectos educativos mientras se lo han pasado en grande!<\/p>\n<p>\u00a0<\/p>\n<p>Puedes seguir el proyecto en twitter @espaitecnologic y la evoluci\u00f3n de la maqueta a trav\u00e9s del hashtag #ravalopolis:<\/p>\n<p><script charset=\"utf-8\" type=\"text\/javascript\" src=\"http:\/\/platform.twitter.com\/widgets.js\"><\/script><\/p>\n<blockquote class=\"twitter-tweet\" data-lang=\"ca\">\n<p dir=\"ltr\" lang=\"und\" xml_lang=\"und\"><a href=\"https:\/\/twitter.com\/hashtag\/ravalopolis?src=hash\">#ravalopolis<\/a> identitat d barri <a href=\"https:\/\/twitter.com\/hashtag\/somraval?src=hash\">#somraval<\/a> <a href=\"https:\/\/twitter.com\/casalinfants\">@casalinfants<\/a> <a href=\"https:\/\/twitter.com\/xarxaomnia\">@xarxaomnia<\/a> <a href=\"https:\/\/twitter.com\/punttic\">@punttic<\/a> realitat augmentada intergeneracional <a href=\"https:\/\/t.co\/rcCeGVB2v9\">pic.twitter.com\/rcCeGVB2v9<\/a><\/p>\n<p>\u2014 Espai Tecnol\u00f2gic (@espaitecnologic) <a href=\"https:\/\/twitter.com\/espaitecnologic\/status\/700631247496749060\">19 de febrer de 2016<\/a><\/p><\/blockquote>\n<p><script charset=\"utf-8\" type=\"text\/javascript\" src=\"http:\/\/platform.twitter.com\/widgets.js\"><\/script><\/p>\n","protected":false},"excerpt":{"rendered":"<p>Raval\u00f3polis es realidad aumentada. Es trabajo en equipo. Es creatividad. Es aprendizaje compartido. Es identidad de barrio. Son tardes de trabajo y diversi\u00f3n. Son educadores trabajando con ni\u00f1os y ni\u00f1as descubriendo el Raval. \u00a1Raval\u00f3polis es el barrio particular del Casal! Hace unas semanas que los ni\u00f1os y ni\u00f1as del proyecto \u201cEntorn Escolar\u201d del Casal han [&hellip;]<\/p>\n","protected":false},"author":1,"featured_media":3623,"comment_status":"open","ping_status":"open","sticky":false,"template":"","format":"standard","meta":{"_acf_changed":false,"_et_pb_use_builder":"","_et_pb_old_content":"","_et_gb_content_width":"","inline_featured_image":false,"footnotes":""},"categories":[125],"tags":[],"seus":[],"eixos":[],"class_list":["post-4554","post","type-post","status-publish","format-standard","has-post-thumbnail","hentry","category-noticias"],"acf":[],"yoast_head":"<!-- This site is optimized with the Yoast SEO plugin v27.4 - https:\/\/yoast.com\/product\/yoast-seo-wordpress\/ -->\n<title>Noticias | Casal dels Infants<\/title>\n<meta name=\"description\" content=\"Raval\u00f3polis es una maqueta de realidad aumentada creada a trav\u00e9s del conocimiento compartido. Esta iniciativa, que se ha llevado a cabo desde \u201cEspai Tecnol\u00f2gic\u201d del Casal, ha convertido a los ni\u00f1os en historiadores, artistas e incluso arquitectos, al mismo tiempo que se ha potenciado el trabajo en equipo y la vinculaci\u00f3n con el barrio.\" \/>\n<meta name=\"robots\" content=\"index, follow, max-snippet:-1, max-image-preview:large, max-video-preview:-1\" \/>\n<link rel=\"canonical\" href=\"https:\/\/www.casaldelsinfants.org\/es\/actualidad\/los-ninos-y-ninas-del-casal-construyen-su-propio-raval\/\" \/>\n<meta property=\"og:locale\" content=\"es_ES\" \/>\n<meta property=\"og:type\" content=\"article\" \/>\n<meta property=\"og:title\" content=\"Noticias | Casal dels Infants\" \/>\n<meta property=\"og:description\" content=\"Raval\u00f3polis es una maqueta de realidad aumentada creada a trav\u00e9s del conocimiento compartido. Esta iniciativa, que se ha llevado a cabo desde \u201cEspai Tecnol\u00f2gic\u201d del Casal, ha convertido a los ni\u00f1os en historiadores, artistas e incluso arquitectos, al mismo tiempo que se ha potenciado el trabajo en equipo y la vinculaci\u00f3n con el barrio.\" \/>\n<meta property=\"og:url\" content=\"https:\/\/www.casaldelsinfants.org\/es\/actualidad\/los-ninos-y-ninas-del-casal-construyen-su-propio-raval\/\" \/>\n<meta property=\"og:site_name\" content=\"Casal dels Infants\" \/>\n<meta property=\"article:publisher\" content=\"https:\/\/www.facebook.com\/casalinfants\" \/>\n<meta property=\"article:published_time\" content=\"2017-11-17T14:36:15+00:00\" \/>\n<meta property=\"article:modified_time\" content=\"2023-05-01T17:09:26+00:00\" \/>\n<meta property=\"og:image\" content=\"https:\/\/www.casaldelsinfants.org\/wp-content\/uploads\/taller-maquetes-foto-noticia-scaled.jpg\" \/>\n\t<meta property=\"og:image:width\" content=\"2560\" \/>\n\t<meta property=\"og:image:height\" content=\"1733\" \/>\n\t<meta property=\"og:image:type\" content=\"image\/jpeg\" \/>\n<meta name=\"author\" content=\"cdiAdmin\" \/>\n<meta name=\"twitter:card\" content=\"summary_large_image\" \/>\n<meta name=\"twitter:creator\" content=\"@casalinfants\" \/>\n<meta name=\"twitter:site\" content=\"@casalinfants\" \/>\n<meta name=\"twitter:label1\" content=\"Escrito por\" \/>\n\t<meta name=\"twitter:data1\" content=\"cdiAdmin\" \/>\n\t<meta name=\"twitter:label2\" content=\"Tiempo de lectura\" \/>\n\t<meta name=\"twitter:data2\" content=\"2 minutos\" \/>\n<script type=\"application\/ld+json\" class=\"yoast-schema-graph\">{\"@context\":\"https:\\\/\\\/schema.org\",\"@graph\":[{\"@type\":\"Article\",\"@id\":\"https:\\\/\\\/www.casaldelsinfants.org\\\/es\\\/actualidad\\\/los-ninos-y-ninas-del-casal-construyen-su-propio-raval\\\/#article\",\"isPartOf\":{\"@id\":\"https:\\\/\\\/www.casaldelsinfants.org\\\/es\\\/actualidad\\\/los-ninos-y-ninas-del-casal-construyen-su-propio-raval\\\/\"},\"author\":{\"name\":\"cdiAdmin\",\"@id\":\"https:\\\/\\\/www.casaldelsinfants.org\\\/es\\\/#\\\/schema\\\/person\\\/97707fc8c64900cf36891127dbf9fba8\"},\"headline\":\"Los ni\u00f1os y ni\u00f1as del Casal construyen su propio Raval\",\"datePublished\":\"2017-11-17T14:36:15+00:00\",\"dateModified\":\"2023-05-01T17:09:26+00:00\",\"mainEntityOfPage\":{\"@id\":\"https:\\\/\\\/www.casaldelsinfants.org\\\/es\\\/actualidad\\\/los-ninos-y-ninas-del-casal-construyen-su-propio-raval\\\/\"},\"wordCount\":408,\"commentCount\":0,\"publisher\":{\"@id\":\"https:\\\/\\\/www.casaldelsinfants.org\\\/es\\\/#organization\"},\"image\":{\"@id\":\"https:\\\/\\\/www.casaldelsinfants.org\\\/es\\\/actualidad\\\/los-ninos-y-ninas-del-casal-construyen-su-propio-raval\\\/#primaryimage\"},\"thumbnailUrl\":\"https:\\\/\\\/www.casaldelsinfants.org\\\/wp-content\\\/uploads\\\/taller-maquetes-foto-noticia-scaled.jpg\",\"articleSection\":[\"Noticia\"],\"inLanguage\":\"es\",\"potentialAction\":[{\"@type\":\"CommentAction\",\"name\":\"Comment\",\"target\":[\"https:\\\/\\\/www.casaldelsinfants.org\\\/es\\\/actualidad\\\/los-ninos-y-ninas-del-casal-construyen-su-propio-raval\\\/#respond\"]}]},{\"@type\":\"WebPage\",\"@id\":\"https:\\\/\\\/www.casaldelsinfants.org\\\/es\\\/actualidad\\\/los-ninos-y-ninas-del-casal-construyen-su-propio-raval\\\/\",\"url\":\"https:\\\/\\\/www.casaldelsinfants.org\\\/es\\\/actualidad\\\/los-ninos-y-ninas-del-casal-construyen-su-propio-raval\\\/\",\"name\":\"Noticias | Casal dels Infants\",\"isPartOf\":{\"@id\":\"https:\\\/\\\/www.casaldelsinfants.org\\\/es\\\/#website\"},\"primaryImageOfPage\":{\"@id\":\"https:\\\/\\\/www.casaldelsinfants.org\\\/es\\\/actualidad\\\/los-ninos-y-ninas-del-casal-construyen-su-propio-raval\\\/#primaryimage\"},\"image\":{\"@id\":\"https:\\\/\\\/www.casaldelsinfants.org\\\/es\\\/actualidad\\\/los-ninos-y-ninas-del-casal-construyen-su-propio-raval\\\/#primaryimage\"},\"thumbnailUrl\":\"https:\\\/\\\/www.casaldelsinfants.org\\\/wp-content\\\/uploads\\\/taller-maquetes-foto-noticia-scaled.jpg\",\"datePublished\":\"2017-11-17T14:36:15+00:00\",\"dateModified\":\"2023-05-01T17:09:26+00:00\",\"description\":\"Raval\u00f3polis es una maqueta de realidad aumentada creada a trav\u00e9s del conocimiento compartido. Esta iniciativa, que se ha llevado a cabo desde \u201cEspai Tecnol\u00f2gic\u201d del Casal, ha convertido a los ni\u00f1os en historiadores, artistas e incluso arquitectos, al mismo tiempo que se ha potenciado el trabajo en equipo y la vinculaci\u00f3n con el barrio.\",\"breadcrumb\":{\"@id\":\"https:\\\/\\\/www.casaldelsinfants.org\\\/es\\\/actualidad\\\/los-ninos-y-ninas-del-casal-construyen-su-propio-raval\\\/#breadcrumb\"},\"inLanguage\":\"es\",\"potentialAction\":[{\"@type\":\"ReadAction\",\"target\":[\"https:\\\/\\\/www.casaldelsinfants.org\\\/es\\\/actualidad\\\/los-ninos-y-ninas-del-casal-construyen-su-propio-raval\\\/\"]}]},{\"@type\":\"ImageObject\",\"inLanguage\":\"es\",\"@id\":\"https:\\\/\\\/www.casaldelsinfants.org\\\/es\\\/actualidad\\\/los-ninos-y-ninas-del-casal-construyen-su-propio-raval\\\/#primaryimage\",\"url\":\"https:\\\/\\\/www.casaldelsinfants.org\\\/wp-content\\\/uploads\\\/taller-maquetes-foto-noticia-scaled.jpg\",\"contentUrl\":\"https:\\\/\\\/www.casaldelsinfants.org\\\/wp-content\\\/uploads\\\/taller-maquetes-foto-noticia-scaled.jpg\",\"width\":2560,\"height\":1733,\"caption\":\"Els nens i nenes del Casal construeixen el seu propi Raval\"},{\"@type\":\"BreadcrumbList\",\"@id\":\"https:\\\/\\\/www.casaldelsinfants.org\\\/es\\\/actualidad\\\/los-ninos-y-ninas-del-casal-construyen-su-propio-raval\\\/#breadcrumb\",\"itemListElement\":[{\"@type\":\"ListItem\",\"position\":1,\"name\":\"Inici\",\"item\":\"https:\\\/\\\/www.casaldelsinfants.org\\\/es\\\/\"},{\"@type\":\"ListItem\",\"position\":2,\"name\":\"Los ni\u00f1os y ni\u00f1as del Casal construyen su propio Raval\"}]},{\"@type\":\"WebSite\",\"@id\":\"https:\\\/\\\/www.casaldelsinfants.org\\\/es\\\/#website\",\"url\":\"https:\\\/\\\/www.casaldelsinfants.org\\\/es\\\/\",\"name\":\"Casal dels Infants\",\"description\":\"\",\"publisher\":{\"@id\":\"https:\\\/\\\/www.casaldelsinfants.org\\\/es\\\/#organization\"},\"potentialAction\":[{\"@type\":\"SearchAction\",\"target\":{\"@type\":\"EntryPoint\",\"urlTemplate\":\"https:\\\/\\\/www.casaldelsinfants.org\\\/es\\\/?s={search_term_string}\"},\"query-input\":{\"@type\":\"PropertyValueSpecification\",\"valueRequired\":true,\"valueName\":\"search_term_string\"}}],\"inLanguage\":\"es\"},{\"@type\":\"Organization\",\"@id\":\"https:\\\/\\\/www.casaldelsinfants.org\\\/es\\\/#organization\",\"name\":\"Casal dels Infants\",\"url\":\"https:\\\/\\\/www.casaldelsinfants.org\\\/es\\\/\",\"logo\":{\"@type\":\"ImageObject\",\"inLanguage\":\"es\",\"@id\":\"https:\\\/\\\/www.casaldelsinfants.org\\\/es\\\/#\\\/schema\\\/logo\\\/image\\\/\",\"url\":\"https:\\\/\\\/www.casaldelsinfants.org\\\/wp-content\\\/uploads\\\/logo-mail.png\",\"contentUrl\":\"https:\\\/\\\/www.casaldelsinfants.org\\\/wp-content\\\/uploads\\\/logo-mail.png\",\"width\":380,\"height\":158,\"caption\":\"Casal dels Infants\"},\"image\":{\"@id\":\"https:\\\/\\\/www.casaldelsinfants.org\\\/es\\\/#\\\/schema\\\/logo\\\/image\\\/\"},\"sameAs\":[\"https:\\\/\\\/www.facebook.com\\\/casalinfants\",\"https:\\\/\\\/x.com\\\/casalinfants\",\"https:\\\/\\\/www.youtube.com\\\/user\\\/CasaldelsInfants1\",\"https:\\\/\\\/www.instagram.com\\\/casalinfants\\\/\",\"https:\\\/\\\/www.linkedin.com\\\/company\\\/casaldelsinfants?trk=organization-update_share-update_actor-text\"]},{\"@type\":\"Person\",\"@id\":\"https:\\\/\\\/www.casaldelsinfants.org\\\/es\\\/#\\\/schema\\\/person\\\/97707fc8c64900cf36891127dbf9fba8\",\"name\":\"cdiAdmin\",\"sameAs\":[\"https:\\\/\\\/casaldelsinfants.org\"]}]}<\/script>\n<!-- \/ Yoast SEO plugin. -->","yoast_head_json":{"title":"Noticias | Casal dels Infants","description":"Raval\u00f3polis es una maqueta de realidad aumentada creada a trav\u00e9s del conocimiento compartido. Esta iniciativa, que se ha llevado a cabo desde \u201cEspai Tecnol\u00f2gic\u201d del Casal, ha convertido a los ni\u00f1os en historiadores, artistas e incluso arquitectos, al mismo tiempo que se ha potenciado el trabajo en equipo y la vinculaci\u00f3n con el barrio.","robots":{"index":"index","follow":"follow","max-snippet":"max-snippet:-1","max-image-preview":"max-image-preview:large","max-video-preview":"max-video-preview:-1"},"canonical":"https:\/\/www.casaldelsinfants.org\/es\/actualidad\/los-ninos-y-ninas-del-casal-construyen-su-propio-raval\/","og_locale":"es_ES","og_type":"article","og_title":"Noticias | Casal dels Infants","og_description":"Raval\u00f3polis es una maqueta de realidad aumentada creada a trav\u00e9s del conocimiento compartido. Esta iniciativa, que se ha llevado a cabo desde \u201cEspai Tecnol\u00f2gic\u201d del Casal, ha convertido a los ni\u00f1os en historiadores, artistas e incluso arquitectos, al mismo tiempo que se ha potenciado el trabajo en equipo y la vinculaci\u00f3n con el barrio.","og_url":"https:\/\/www.casaldelsinfants.org\/es\/actualidad\/los-ninos-y-ninas-del-casal-construyen-su-propio-raval\/","og_site_name":"Casal dels Infants","article_publisher":"https:\/\/www.facebook.com\/casalinfants","article_published_time":"2017-11-17T14:36:15+00:00","article_modified_time":"2023-05-01T17:09:26+00:00","og_image":[{"width":2560,"height":1733,"url":"https:\/\/www.casaldelsinfants.org\/wp-content\/uploads\/taller-maquetes-foto-noticia-scaled.jpg","type":"image\/jpeg"}],"author":"cdiAdmin","twitter_card":"summary_large_image","twitter_creator":"@casalinfants","twitter_site":"@casalinfants","twitter_misc":{"Escrito por":"cdiAdmin","Tiempo de lectura":"2 minutos"},"schema":{"@context":"https:\/\/schema.org","@graph":[{"@type":"Article","@id":"https:\/\/www.casaldelsinfants.org\/es\/actualidad\/los-ninos-y-ninas-del-casal-construyen-su-propio-raval\/#article","isPartOf":{"@id":"https:\/\/www.casaldelsinfants.org\/es\/actualidad\/los-ninos-y-ninas-del-casal-construyen-su-propio-raval\/"},"author":{"name":"cdiAdmin","@id":"https:\/\/www.casaldelsinfants.org\/es\/#\/schema\/person\/97707fc8c64900cf36891127dbf9fba8"},"headline":"Los ni\u00f1os y ni\u00f1as del Casal construyen su propio Raval","datePublished":"2017-11-17T14:36:15+00:00","dateModified":"2023-05-01T17:09:26+00:00","mainEntityOfPage":{"@id":"https:\/\/www.casaldelsinfants.org\/es\/actualidad\/los-ninos-y-ninas-del-casal-construyen-su-propio-raval\/"},"wordCount":408,"commentCount":0,"publisher":{"@id":"https:\/\/www.casaldelsinfants.org\/es\/#organization"},"image":{"@id":"https:\/\/www.casaldelsinfants.org\/es\/actualidad\/los-ninos-y-ninas-del-casal-construyen-su-propio-raval\/#primaryimage"},"thumbnailUrl":"https:\/\/www.casaldelsinfants.org\/wp-content\/uploads\/taller-maquetes-foto-noticia-scaled.jpg","articleSection":["Noticia"],"inLanguage":"es","potentialAction":[{"@type":"CommentAction","name":"Comment","target":["https:\/\/www.casaldelsinfants.org\/es\/actualidad\/los-ninos-y-ninas-del-casal-construyen-su-propio-raval\/#respond"]}]},{"@type":"WebPage","@id":"https:\/\/www.casaldelsinfants.org\/es\/actualidad\/los-ninos-y-ninas-del-casal-construyen-su-propio-raval\/","url":"https:\/\/www.casaldelsinfants.org\/es\/actualidad\/los-ninos-y-ninas-del-casal-construyen-su-propio-raval\/","name":"Noticias | Casal dels Infants","isPartOf":{"@id":"https:\/\/www.casaldelsinfants.org\/es\/#website"},"primaryImageOfPage":{"@id":"https:\/\/www.casaldelsinfants.org\/es\/actualidad\/los-ninos-y-ninas-del-casal-construyen-su-propio-raval\/#primaryimage"},"image":{"@id":"https:\/\/www.casaldelsinfants.org\/es\/actualidad\/los-ninos-y-ninas-del-casal-construyen-su-propio-raval\/#primaryimage"},"thumbnailUrl":"https:\/\/www.casaldelsinfants.org\/wp-content\/uploads\/taller-maquetes-foto-noticia-scaled.jpg","datePublished":"2017-11-17T14:36:15+00:00","dateModified":"2023-05-01T17:09:26+00:00","description":"Raval\u00f3polis es una maqueta de realidad aumentada creada a trav\u00e9s del conocimiento compartido. Esta iniciativa, que se ha llevado a cabo desde \u201cEspai Tecnol\u00f2gic\u201d del Casal, ha convertido a los ni\u00f1os en historiadores, artistas e incluso arquitectos, al mismo tiempo que se ha potenciado el trabajo en equipo y la vinculaci\u00f3n con el barrio.","breadcrumb":{"@id":"https:\/\/www.casaldelsinfants.org\/es\/actualidad\/los-ninos-y-ninas-del-casal-construyen-su-propio-raval\/#breadcrumb"},"inLanguage":"es","potentialAction":[{"@type":"ReadAction","target":["https:\/\/www.casaldelsinfants.org\/es\/actualidad\/los-ninos-y-ninas-del-casal-construyen-su-propio-raval\/"]}]},{"@type":"ImageObject","inLanguage":"es","@id":"https:\/\/www.casaldelsinfants.org\/es\/actualidad\/los-ninos-y-ninas-del-casal-construyen-su-propio-raval\/#primaryimage","url":"https:\/\/www.casaldelsinfants.org\/wp-content\/uploads\/taller-maquetes-foto-noticia-scaled.jpg","contentUrl":"https:\/\/www.casaldelsinfants.org\/wp-content\/uploads\/taller-maquetes-foto-noticia-scaled.jpg","width":2560,"height":1733,"caption":"Els nens i nenes del Casal construeixen el seu propi Raval"},{"@type":"BreadcrumbList","@id":"https:\/\/www.casaldelsinfants.org\/es\/actualidad\/los-ninos-y-ninas-del-casal-construyen-su-propio-raval\/#breadcrumb","itemListElement":[{"@type":"ListItem","position":1,"name":"Inici","item":"https:\/\/www.casaldelsinfants.org\/es\/"},{"@type":"ListItem","position":2,"name":"Los ni\u00f1os y ni\u00f1as del Casal construyen su propio Raval"}]},{"@type":"WebSite","@id":"https:\/\/www.casaldelsinfants.org\/es\/#website","url":"https:\/\/www.casaldelsinfants.org\/es\/","name":"Casal dels Infants","description":"","publisher":{"@id":"https:\/\/www.casaldelsinfants.org\/es\/#organization"},"potentialAction":[{"@type":"SearchAction","target":{"@type":"EntryPoint","urlTemplate":"https:\/\/www.casaldelsinfants.org\/es\/?s={search_term_string}"},"query-input":{"@type":"PropertyValueSpecification","valueRequired":true,"valueName":"search_term_string"}}],"inLanguage":"es"},{"@type":"Organization","@id":"https:\/\/www.casaldelsinfants.org\/es\/#organization","name":"Casal dels Infants","url":"https:\/\/www.casaldelsinfants.org\/es\/","logo":{"@type":"ImageObject","inLanguage":"es","@id":"https:\/\/www.casaldelsinfants.org\/es\/#\/schema\/logo\/image\/","url":"https:\/\/www.casaldelsinfants.org\/wp-content\/uploads\/logo-mail.png","contentUrl":"https:\/\/www.casaldelsinfants.org\/wp-content\/uploads\/logo-mail.png","width":380,"height":158,"caption":"Casal dels Infants"},"image":{"@id":"https:\/\/www.casaldelsinfants.org\/es\/#\/schema\/logo\/image\/"},"sameAs":["https:\/\/www.facebook.com\/casalinfants","https:\/\/x.com\/casalinfants","https:\/\/www.youtube.com\/user\/CasaldelsInfants1","https:\/\/www.instagram.com\/casalinfants\/","https:\/\/www.linkedin.com\/company\/casaldelsinfants?trk=organization-update_share-update_actor-text"]},{"@type":"Person","@id":"https:\/\/www.casaldelsinfants.org\/es\/#\/schema\/person\/97707fc8c64900cf36891127dbf9fba8","name":"cdiAdmin","sameAs":["https:\/\/casaldelsinfants.org"]}]}},"publishpress_future_action":{"enabled":false,"date":"2026-05-09 11:19:07","action":"change-status","newStatus":"draft","terms":[],"taxonomy":"category","extraData":[]},"publishpress_future_workflow_manual_trigger":{"enabledWorkflows":[]},"_links":{"self":[{"href":"https:\/\/www.casaldelsinfants.org\/es\/wp-json\/wp\/v2\/posts\/4554","targetHints":{"allow":["GET"]}}],"collection":[{"href":"https:\/\/www.casaldelsinfants.org\/es\/wp-json\/wp\/v2\/posts"}],"about":[{"href":"https:\/\/www.casaldelsinfants.org\/es\/wp-json\/wp\/v2\/types\/post"}],"author":[{"embeddable":true,"href":"https:\/\/www.casaldelsinfants.org\/es\/wp-json\/wp\/v2\/users\/1"}],"replies":[{"embeddable":true,"href":"https:\/\/www.casaldelsinfants.org\/es\/wp-json\/wp\/v2\/comments?post=4554"}],"version-history":[{"count":1,"href":"https:\/\/www.casaldelsinfants.org\/es\/wp-json\/wp\/v2\/posts\/4554\/revisions"}],"predecessor-version":[{"id":6466,"href":"https:\/\/www.casaldelsinfants.org\/es\/wp-json\/wp\/v2\/posts\/4554\/revisions\/6466"}],"wp:featuredmedia":[{"embeddable":true,"href":"https:\/\/www.casaldelsinfants.org\/es\/wp-json\/wp\/v2\/media\/3623"}],"wp:attachment":[{"href":"https:\/\/www.casaldelsinfants.org\/es\/wp-json\/wp\/v2\/media?parent=4554"}],"wp:term":[{"taxonomy":"category","embeddable":true,"href":"https:\/\/www.casaldelsinfants.org\/es\/wp-json\/wp\/v2\/categories?post=4554"},{"taxonomy":"post_tag","embeddable":true,"href":"https:\/\/www.casaldelsinfants.org\/es\/wp-json\/wp\/v2\/tags?post=4554"},{"taxonomy":"seus","embeddable":true,"href":"https:\/\/www.casaldelsinfants.org\/es\/wp-json\/wp\/v2\/seus?post=4554"},{"taxonomy":"eixos","embeddable":true,"href":"https:\/\/www.casaldelsinfants.org\/es\/wp-json\/wp\/v2\/eixos?post=4554"}],"curies":[{"name":"wp","href":"https:\/\/api.w.org\/{rel}","templated":true}]}}