{"id":4555,"date":"2017-11-17T16:34:47","date_gmt":"2017-11-17T14:34:47","guid":{"rendered":"https:\/\/casal.puntzero.cat\/noticies\/els-joves-del-casal-protagonistes-duna-gran-festa-electronica-al-museu-maritim\/"},"modified":"2023-03-24T11:07:19","modified_gmt":"2023-03-24T09:07:19","slug":"els-joves-del-casal-protagonistes-duna-gran-festa-electronica-al-museu-maritim","status":"publish","type":"post","link":"https:\/\/www.casaldelsinfants.org\/es\/actualidad\/jovenes-casal-protagonistas-fiesta-electronica-museo-maritimo\/","title":{"rendered":"Los j\u00f3venes del Casal, protagonistas de una gran fiesta electr\u00f3nica en el Museu Mar\u00edtim"},"content":{"rendered":"<h4><img decoding=\"async\" style=\"float: left; margin-left: 10px; margin-right: 10px;\" src=\"\/wp-content\/uploads\/INVASIO3.jpg\" width=\"350\" border=\"0\" \/>El <em>Museu Mar\u00edtim de Barcelon<\/em>a y el Casal dels Infants han organizado un espect\u00e1culo de m\u00fasica electr\u00f3nica en el vest\u00edbulo del museo. La iniciativa, que ya se ha puesto en marcha anteriormente en Italia, se llama invasi\u00f3n digital y han participado los j\u00f3venes de los cursos de <em>Formaci\u00f3 Inicial en Electrot\u00e8cnia i en Instal\u00b7ladors<\/em> del Casal, que han aprendido la parte t\u00e9cnica del montaje de un espect\u00e1culo musical y han hecho de \u00abDJ\u00bb para animar la fiesta.<\/h4>\n<p>El proyecto <strong><em>Invasioni Digital<\/em><\/strong> ha reunido a DJ\u2019s como Wagner Pa (Ojos de Brujo) y Andy Loop que, con el grupo DJ\u2019s Trotamundos, han formado los chicos y chicas de la <em>Formaci\u00f3 Inicial en Instal\u00b7ladors i Electrot\u00e8cnia<\/em> del Casal en la creaci\u00f3n de un espect\u00e1culo de m\u00fasica electr\u00f3nica.<\/p>\n<p>Despu\u00e9s de semanas de preparaci\u00f3n, la sesi\u00f3n se ha celebrado en el vest\u00edbulo del <em>Museu Mar\u00edtim de Barcelona<\/em>, donde cientos de personas han podido disfrutar tambi\u00e9n de un <strong><em>spoken word<\/em><\/strong> -una <strong><em>performance<\/em><\/strong> de poes\u00eda y m\u00fasica- y visitar la exposici\u00f3n <strong><em>7 hist\u00f2ries, 7 vaixells<\/em><\/strong> del museo.<\/p>\n<p>El objetivo de la iniciativa, que ha coordinado el <em>Museu Mar\u00edtim<\/em> en colaboraci\u00f3n con los \u00abDJ\u2019s\u00bb profesionales y el Casal es \u00abacercar el museo a la gente joven del barrio y hacer comunidad\u00bb. Seg\u00fan el educador de la <em>Formaci\u00f3 Inicial<\/em> del Casal, Christian Pach\u00e1, esto se ha conseguido y los chicos y chicas \u00abse han motivado mucho\u00bb porque \u00abse han sentido en todo momento protagonistas y han podido poner en pr\u00e1ctica los conocimientos de sonido, de electr\u00f3nica y de formatos de reproducci\u00f3n que han aprendido durante su formaci\u00f3n en el Casal\u00bb.<\/p>\n<p>Durante el proceso de preparaci\u00f3n, los j\u00f3venes han podido profundizar tambi\u00e9n en sus conocimientos musicales y han visitado la exposici\u00f3n del museo, donde se han inspirado para escribir varias frases que se han introducido en el <strong><em>spoke word<\/em><\/strong> del espect\u00e1culo. Para Pach\u00e1, el espect\u00e1culo ha permitido a los chicos trabajar \u00abde manera transversal, ya que han visto todas las partes del proceso de preparaci\u00f3n, y se han implicado en un proyecto que les une a otros chicos y chicas del barrio.\u00bb<\/p>\n<p>Pod\u00e9is ver c\u00f3mo ha transcurrido la jornada en Twitter e Instagram consultando los hashtags #invasi\u00f3 y #7vaixells.<\/p>\n","protected":false},"excerpt":{"rendered":"<p>El Museu Mar\u00edtim de Barcelona y el Casal dels Infants han organizado un espect\u00e1culo de m\u00fasica electr\u00f3nica en el vest\u00edbulo del museo. La iniciativa, que ya se ha puesto en marcha anteriormente en Italia, se llama invasi\u00f3n digital y han participado los j\u00f3venes de los cursos de Formaci\u00f3 Inicial en Electrot\u00e8cnia i en Instal\u00b7ladors del [&hellip;]<\/p>\n","protected":false},"author":1,"featured_media":3626,"comment_status":"open","ping_status":"open","sticky":false,"template":"","format":"standard","meta":{"_acf_changed":false,"_et_pb_use_builder":"","_et_pb_old_content":"","_et_gb_content_width":"","inline_featured_image":false,"footnotes":""},"categories":[125],"tags":[],"seus":[],"eixos":[],"class_list":["post-4555","post","type-post","status-publish","format-standard","has-post-thumbnail","hentry","category-noticias"],"acf":[],"yoast_head":"<!-- This site is optimized with the Yoast SEO plugin v27.4 - https:\/\/yoast.com\/product\/yoast-seo-wordpress\/ -->\n<title>Los j\u00f3venes del Casal, protagonistas de una gran fiesta electr\u00f3nica en el Museu Mar\u00edtim - Casal dels Infants<\/title>\n<meta name=\"robots\" content=\"index, follow, max-snippet:-1, max-image-preview:large, max-video-preview:-1\" \/>\n<link rel=\"canonical\" href=\"https:\/\/www.casaldelsinfants.org\/es\/actualidad\/jovenes-casal-protagonistas-fiesta-electronica-museo-maritimo\/\" \/>\n<meta property=\"og:locale\" content=\"es_ES\" \/>\n<meta property=\"og:type\" content=\"article\" \/>\n<meta property=\"og:title\" content=\"Los j\u00f3venes del Casal, protagonistas de una gran fiesta electr\u00f3nica en el Museu Mar\u00edtim - Casal dels Infants\" \/>\n<meta property=\"og:description\" content=\"El Museu Mar\u00edtim de Barcelona y el Casal dels Infants han organizado un espect\u00e1culo de m\u00fasica electr\u00f3nica en el vest\u00edbulo del museo. La iniciativa, que ya se ha puesto en marcha anteriormente en Italia, se llama invasi\u00f3n digital y han participado los j\u00f3venes de los cursos de Formaci\u00f3 Inicial en Electrot\u00e8cnia i en Instal\u00b7ladors del [&hellip;]\" \/>\n<meta property=\"og:url\" content=\"https:\/\/www.casaldelsinfants.org\/es\/actualidad\/jovenes-casal-protagonistas-fiesta-electronica-museo-maritimo\/\" \/>\n<meta property=\"og:site_name\" content=\"Casal dels Infants\" \/>\n<meta property=\"article:publisher\" content=\"https:\/\/www.facebook.com\/casalinfants\" \/>\n<meta property=\"article:published_time\" content=\"2017-11-17T14:34:47+00:00\" \/>\n<meta property=\"article:modified_time\" content=\"2023-03-24T09:07:19+00:00\" \/>\n<meta property=\"og:image\" content=\"https:\/\/www.casaldelsinfants.org\/wp-content\/uploads\/INVASIO3.jpg\" \/>\n\t<meta property=\"og:image:width\" content=\"1023\" \/>\n\t<meta property=\"og:image:height\" content=\"767\" \/>\n\t<meta property=\"og:image:type\" content=\"image\/jpeg\" \/>\n<meta name=\"author\" content=\"cdiAdmin\" \/>\n<meta name=\"twitter:card\" content=\"summary_large_image\" \/>\n<meta name=\"twitter:creator\" content=\"@casalinfants\" \/>\n<meta name=\"twitter:site\" content=\"@casalinfants\" \/>\n<meta name=\"twitter:label1\" content=\"Escrito por\" \/>\n\t<meta name=\"twitter:data1\" content=\"cdiAdmin\" \/>\n\t<meta name=\"twitter:label2\" content=\"Tiempo de lectura\" \/>\n\t<meta name=\"twitter:data2\" content=\"3 minutos\" \/>\n<script type=\"application\/ld+json\" class=\"yoast-schema-graph\">{\"@context\":\"https:\\\/\\\/schema.org\",\"@graph\":[{\"@type\":\"Article\",\"@id\":\"https:\\\/\\\/www.casaldelsinfants.org\\\/es\\\/actualidad\\\/jovenes-casal-protagonistas-fiesta-electronica-museo-maritimo\\\/#article\",\"isPartOf\":{\"@id\":\"https:\\\/\\\/www.casaldelsinfants.org\\\/es\\\/actualidad\\\/jovenes-casal-protagonistas-fiesta-electronica-museo-maritimo\\\/\"},\"author\":{\"name\":\"cdiAdmin\",\"@id\":\"https:\\\/\\\/www.casaldelsinfants.org\\\/es\\\/#\\\/schema\\\/person\\\/97707fc8c64900cf36891127dbf9fba8\"},\"headline\":\"Los j\u00f3venes del Casal, protagonistas de una gran fiesta electr\u00f3nica en el Museu Mar\u00edtim\",\"datePublished\":\"2017-11-17T14:34:47+00:00\",\"dateModified\":\"2023-03-24T09:07:19+00:00\",\"mainEntityOfPage\":{\"@id\":\"https:\\\/\\\/www.casaldelsinfants.org\\\/es\\\/actualidad\\\/jovenes-casal-protagonistas-fiesta-electronica-museo-maritimo\\\/\"},\"wordCount\":421,\"commentCount\":0,\"publisher\":{\"@id\":\"https:\\\/\\\/www.casaldelsinfants.org\\\/es\\\/#organization\"},\"image\":{\"@id\":\"https:\\\/\\\/www.casaldelsinfants.org\\\/es\\\/actualidad\\\/jovenes-casal-protagonistas-fiesta-electronica-museo-maritimo\\\/#primaryimage\"},\"thumbnailUrl\":\"https:\\\/\\\/www.casaldelsinfants.org\\\/wp-content\\\/uploads\\\/INVASIO3.jpg\",\"articleSection\":[\"Noticia\"],\"inLanguage\":\"es\",\"potentialAction\":[{\"@type\":\"CommentAction\",\"name\":\"Comment\",\"target\":[\"https:\\\/\\\/www.casaldelsinfants.org\\\/es\\\/actualidad\\\/jovenes-casal-protagonistas-fiesta-electronica-museo-maritimo\\\/#respond\"]}]},{\"@type\":\"WebPage\",\"@id\":\"https:\\\/\\\/www.casaldelsinfants.org\\\/es\\\/actualidad\\\/jovenes-casal-protagonistas-fiesta-electronica-museo-maritimo\\\/\",\"url\":\"https:\\\/\\\/www.casaldelsinfants.org\\\/es\\\/actualidad\\\/jovenes-casal-protagonistas-fiesta-electronica-museo-maritimo\\\/\",\"name\":\"Los j\u00f3venes del Casal, protagonistas de una gran fiesta electr\u00f3nica en el Museu Mar\u00edtim - Casal dels Infants\",\"isPartOf\":{\"@id\":\"https:\\\/\\\/www.casaldelsinfants.org\\\/es\\\/#website\"},\"primaryImageOfPage\":{\"@id\":\"https:\\\/\\\/www.casaldelsinfants.org\\\/es\\\/actualidad\\\/jovenes-casal-protagonistas-fiesta-electronica-museo-maritimo\\\/#primaryimage\"},\"image\":{\"@id\":\"https:\\\/\\\/www.casaldelsinfants.org\\\/es\\\/actualidad\\\/jovenes-casal-protagonistas-fiesta-electronica-museo-maritimo\\\/#primaryimage\"},\"thumbnailUrl\":\"https:\\\/\\\/www.casaldelsinfants.org\\\/wp-content\\\/uploads\\\/INVASIO3.jpg\",\"datePublished\":\"2017-11-17T14:34:47+00:00\",\"dateModified\":\"2023-03-24T09:07:19+00:00\",\"breadcrumb\":{\"@id\":\"https:\\\/\\\/www.casaldelsinfants.org\\\/es\\\/actualidad\\\/jovenes-casal-protagonistas-fiesta-electronica-museo-maritimo\\\/#breadcrumb\"},\"inLanguage\":\"es\",\"potentialAction\":[{\"@type\":\"ReadAction\",\"target\":[\"https:\\\/\\\/www.casaldelsinfants.org\\\/es\\\/actualidad\\\/jovenes-casal-protagonistas-fiesta-electronica-museo-maritimo\\\/\"]}]},{\"@type\":\"ImageObject\",\"inLanguage\":\"es\",\"@id\":\"https:\\\/\\\/www.casaldelsinfants.org\\\/es\\\/actualidad\\\/jovenes-casal-protagonistas-fiesta-electronica-museo-maritimo\\\/#primaryimage\",\"url\":\"https:\\\/\\\/www.casaldelsinfants.org\\\/wp-content\\\/uploads\\\/INVASIO3.jpg\",\"contentUrl\":\"https:\\\/\\\/www.casaldelsinfants.org\\\/wp-content\\\/uploads\\\/INVASIO3.jpg\",\"width\":1023,\"height\":767,\"caption\":\"Foto grupal de joves a la gran festa electr\u00f2nica al Museu Mar\u00edtim\"},{\"@type\":\"BreadcrumbList\",\"@id\":\"https:\\\/\\\/www.casaldelsinfants.org\\\/es\\\/actualidad\\\/jovenes-casal-protagonistas-fiesta-electronica-museo-maritimo\\\/#breadcrumb\",\"itemListElement\":[{\"@type\":\"ListItem\",\"position\":1,\"name\":\"Inici\",\"item\":\"https:\\\/\\\/www.casaldelsinfants.org\\\/es\\\/\"},{\"@type\":\"ListItem\",\"position\":2,\"name\":\"Los j\u00f3venes del Casal, protagonistas de una gran fiesta electr\u00f3nica en el Museu Mar\u00edtim\"}]},{\"@type\":\"WebSite\",\"@id\":\"https:\\\/\\\/www.casaldelsinfants.org\\\/es\\\/#website\",\"url\":\"https:\\\/\\\/www.casaldelsinfants.org\\\/es\\\/\",\"name\":\"Casal dels Infants\",\"description\":\"\",\"publisher\":{\"@id\":\"https:\\\/\\\/www.casaldelsinfants.org\\\/es\\\/#organization\"},\"potentialAction\":[{\"@type\":\"SearchAction\",\"target\":{\"@type\":\"EntryPoint\",\"urlTemplate\":\"https:\\\/\\\/www.casaldelsinfants.org\\\/es\\\/?s={search_term_string}\"},\"query-input\":{\"@type\":\"PropertyValueSpecification\",\"valueRequired\":true,\"valueName\":\"search_term_string\"}}],\"inLanguage\":\"es\"},{\"@type\":\"Organization\",\"@id\":\"https:\\\/\\\/www.casaldelsinfants.org\\\/es\\\/#organization\",\"name\":\"Casal dels Infants\",\"url\":\"https:\\\/\\\/www.casaldelsinfants.org\\\/es\\\/\",\"logo\":{\"@type\":\"ImageObject\",\"inLanguage\":\"es\",\"@id\":\"https:\\\/\\\/www.casaldelsinfants.org\\\/es\\\/#\\\/schema\\\/logo\\\/image\\\/\",\"url\":\"https:\\\/\\\/www.casaldelsinfants.org\\\/wp-content\\\/uploads\\\/logo-mail.png\",\"contentUrl\":\"https:\\\/\\\/www.casaldelsinfants.org\\\/wp-content\\\/uploads\\\/logo-mail.png\",\"width\":380,\"height\":158,\"caption\":\"Casal dels Infants\"},\"image\":{\"@id\":\"https:\\\/\\\/www.casaldelsinfants.org\\\/es\\\/#\\\/schema\\\/logo\\\/image\\\/\"},\"sameAs\":[\"https:\\\/\\\/www.facebook.com\\\/casalinfants\",\"https:\\\/\\\/x.com\\\/casalinfants\",\"https:\\\/\\\/www.youtube.com\\\/user\\\/CasaldelsInfants1\",\"https:\\\/\\\/www.instagram.com\\\/casalinfants\\\/\",\"https:\\\/\\\/www.linkedin.com\\\/company\\\/casaldelsinfants?trk=organization-update_share-update_actor-text\"]},{\"@type\":\"Person\",\"@id\":\"https:\\\/\\\/www.casaldelsinfants.org\\\/es\\\/#\\\/schema\\\/person\\\/97707fc8c64900cf36891127dbf9fba8\",\"name\":\"cdiAdmin\",\"sameAs\":[\"https:\\\/\\\/casaldelsinfants.org\"]}]}<\/script>\n<!-- \/ Yoast SEO plugin. -->","yoast_head_json":{"title":"Los j\u00f3venes del Casal, protagonistas de una gran fiesta electr\u00f3nica en el Museu Mar\u00edtim - Casal dels Infants","robots":{"index":"index","follow":"follow","max-snippet":"max-snippet:-1","max-image-preview":"max-image-preview:large","max-video-preview":"max-video-preview:-1"},"canonical":"https:\/\/www.casaldelsinfants.org\/es\/actualidad\/jovenes-casal-protagonistas-fiesta-electronica-museo-maritimo\/","og_locale":"es_ES","og_type":"article","og_title":"Los j\u00f3venes del Casal, protagonistas de una gran fiesta electr\u00f3nica en el Museu Mar\u00edtim - Casal dels Infants","og_description":"El Museu Mar\u00edtim de Barcelona y el Casal dels Infants han organizado un espect\u00e1culo de m\u00fasica electr\u00f3nica en el vest\u00edbulo del museo. La iniciativa, que ya se ha puesto en marcha anteriormente en Italia, se llama invasi\u00f3n digital y han participado los j\u00f3venes de los cursos de Formaci\u00f3 Inicial en Electrot\u00e8cnia i en Instal\u00b7ladors del [&hellip;]","og_url":"https:\/\/www.casaldelsinfants.org\/es\/actualidad\/jovenes-casal-protagonistas-fiesta-electronica-museo-maritimo\/","og_site_name":"Casal dels Infants","article_publisher":"https:\/\/www.facebook.com\/casalinfants","article_published_time":"2017-11-17T14:34:47+00:00","article_modified_time":"2023-03-24T09:07:19+00:00","og_image":[{"width":1023,"height":767,"url":"https:\/\/www.casaldelsinfants.org\/wp-content\/uploads\/INVASIO3.jpg","type":"image\/jpeg"}],"author":"cdiAdmin","twitter_card":"summary_large_image","twitter_creator":"@casalinfants","twitter_site":"@casalinfants","twitter_misc":{"Escrito por":"cdiAdmin","Tiempo de lectura":"3 minutos"},"schema":{"@context":"https:\/\/schema.org","@graph":[{"@type":"Article","@id":"https:\/\/www.casaldelsinfants.org\/es\/actualidad\/jovenes-casal-protagonistas-fiesta-electronica-museo-maritimo\/#article","isPartOf":{"@id":"https:\/\/www.casaldelsinfants.org\/es\/actualidad\/jovenes-casal-protagonistas-fiesta-electronica-museo-maritimo\/"},"author":{"name":"cdiAdmin","@id":"https:\/\/www.casaldelsinfants.org\/es\/#\/schema\/person\/97707fc8c64900cf36891127dbf9fba8"},"headline":"Los j\u00f3venes del Casal, protagonistas de una gran fiesta electr\u00f3nica en el Museu Mar\u00edtim","datePublished":"2017-11-17T14:34:47+00:00","dateModified":"2023-03-24T09:07:19+00:00","mainEntityOfPage":{"@id":"https:\/\/www.casaldelsinfants.org\/es\/actualidad\/jovenes-casal-protagonistas-fiesta-electronica-museo-maritimo\/"},"wordCount":421,"commentCount":0,"publisher":{"@id":"https:\/\/www.casaldelsinfants.org\/es\/#organization"},"image":{"@id":"https:\/\/www.casaldelsinfants.org\/es\/actualidad\/jovenes-casal-protagonistas-fiesta-electronica-museo-maritimo\/#primaryimage"},"thumbnailUrl":"https:\/\/www.casaldelsinfants.org\/wp-content\/uploads\/INVASIO3.jpg","articleSection":["Noticia"],"inLanguage":"es","potentialAction":[{"@type":"CommentAction","name":"Comment","target":["https:\/\/www.casaldelsinfants.org\/es\/actualidad\/jovenes-casal-protagonistas-fiesta-electronica-museo-maritimo\/#respond"]}]},{"@type":"WebPage","@id":"https:\/\/www.casaldelsinfants.org\/es\/actualidad\/jovenes-casal-protagonistas-fiesta-electronica-museo-maritimo\/","url":"https:\/\/www.casaldelsinfants.org\/es\/actualidad\/jovenes-casal-protagonistas-fiesta-electronica-museo-maritimo\/","name":"Los j\u00f3venes del Casal, protagonistas de una gran fiesta electr\u00f3nica en el Museu Mar\u00edtim - Casal dels Infants","isPartOf":{"@id":"https:\/\/www.casaldelsinfants.org\/es\/#website"},"primaryImageOfPage":{"@id":"https:\/\/www.casaldelsinfants.org\/es\/actualidad\/jovenes-casal-protagonistas-fiesta-electronica-museo-maritimo\/#primaryimage"},"image":{"@id":"https:\/\/www.casaldelsinfants.org\/es\/actualidad\/jovenes-casal-protagonistas-fiesta-electronica-museo-maritimo\/#primaryimage"},"thumbnailUrl":"https:\/\/www.casaldelsinfants.org\/wp-content\/uploads\/INVASIO3.jpg","datePublished":"2017-11-17T14:34:47+00:00","dateModified":"2023-03-24T09:07:19+00:00","breadcrumb":{"@id":"https:\/\/www.casaldelsinfants.org\/es\/actualidad\/jovenes-casal-protagonistas-fiesta-electronica-museo-maritimo\/#breadcrumb"},"inLanguage":"es","potentialAction":[{"@type":"ReadAction","target":["https:\/\/www.casaldelsinfants.org\/es\/actualidad\/jovenes-casal-protagonistas-fiesta-electronica-museo-maritimo\/"]}]},{"@type":"ImageObject","inLanguage":"es","@id":"https:\/\/www.casaldelsinfants.org\/es\/actualidad\/jovenes-casal-protagonistas-fiesta-electronica-museo-maritimo\/#primaryimage","url":"https:\/\/www.casaldelsinfants.org\/wp-content\/uploads\/INVASIO3.jpg","contentUrl":"https:\/\/www.casaldelsinfants.org\/wp-content\/uploads\/INVASIO3.jpg","width":1023,"height":767,"caption":"Foto grupal de joves a la gran festa electr\u00f2nica al Museu Mar\u00edtim"},{"@type":"BreadcrumbList","@id":"https:\/\/www.casaldelsinfants.org\/es\/actualidad\/jovenes-casal-protagonistas-fiesta-electronica-museo-maritimo\/#breadcrumb","itemListElement":[{"@type":"ListItem","position":1,"name":"Inici","item":"https:\/\/www.casaldelsinfants.org\/es\/"},{"@type":"ListItem","position":2,"name":"Los j\u00f3venes del Casal, protagonistas de una gran fiesta electr\u00f3nica en el Museu Mar\u00edtim"}]},{"@type":"WebSite","@id":"https:\/\/www.casaldelsinfants.org\/es\/#website","url":"https:\/\/www.casaldelsinfants.org\/es\/","name":"Casal dels Infants","description":"","publisher":{"@id":"https:\/\/www.casaldelsinfants.org\/es\/#organization"},"potentialAction":[{"@type":"SearchAction","target":{"@type":"EntryPoint","urlTemplate":"https:\/\/www.casaldelsinfants.org\/es\/?s={search_term_string}"},"query-input":{"@type":"PropertyValueSpecification","valueRequired":true,"valueName":"search_term_string"}}],"inLanguage":"es"},{"@type":"Organization","@id":"https:\/\/www.casaldelsinfants.org\/es\/#organization","name":"Casal dels Infants","url":"https:\/\/www.casaldelsinfants.org\/es\/","logo":{"@type":"ImageObject","inLanguage":"es","@id":"https:\/\/www.casaldelsinfants.org\/es\/#\/schema\/logo\/image\/","url":"https:\/\/www.casaldelsinfants.org\/wp-content\/uploads\/logo-mail.png","contentUrl":"https:\/\/www.casaldelsinfants.org\/wp-content\/uploads\/logo-mail.png","width":380,"height":158,"caption":"Casal dels Infants"},"image":{"@id":"https:\/\/www.casaldelsinfants.org\/es\/#\/schema\/logo\/image\/"},"sameAs":["https:\/\/www.facebook.com\/casalinfants","https:\/\/x.com\/casalinfants","https:\/\/www.youtube.com\/user\/CasaldelsInfants1","https:\/\/www.instagram.com\/casalinfants\/","https:\/\/www.linkedin.com\/company\/casaldelsinfants?trk=organization-update_share-update_actor-text"]},{"@type":"Person","@id":"https:\/\/www.casaldelsinfants.org\/es\/#\/schema\/person\/97707fc8c64900cf36891127dbf9fba8","name":"cdiAdmin","sameAs":["https:\/\/casaldelsinfants.org"]}]}},"publishpress_future_action":{"enabled":false,"date":"2026-05-09 10:31:27","action":"change-status","newStatus":"draft","terms":[],"taxonomy":"category","extraData":[]},"publishpress_future_workflow_manual_trigger":{"enabledWorkflows":[]},"_links":{"self":[{"href":"https:\/\/www.casaldelsinfants.org\/es\/wp-json\/wp\/v2\/posts\/4555","targetHints":{"allow":["GET"]}}],"collection":[{"href":"https:\/\/www.casaldelsinfants.org\/es\/wp-json\/wp\/v2\/posts"}],"about":[{"href":"https:\/\/www.casaldelsinfants.org\/es\/wp-json\/wp\/v2\/types\/post"}],"author":[{"embeddable":true,"href":"https:\/\/www.casaldelsinfants.org\/es\/wp-json\/wp\/v2\/users\/1"}],"replies":[{"embeddable":true,"href":"https:\/\/www.casaldelsinfants.org\/es\/wp-json\/wp\/v2\/comments?post=4555"}],"version-history":[{"count":2,"href":"https:\/\/www.casaldelsinfants.org\/es\/wp-json\/wp\/v2\/posts\/4555\/revisions"}],"predecessor-version":[{"id":9271,"href":"https:\/\/www.casaldelsinfants.org\/es\/wp-json\/wp\/v2\/posts\/4555\/revisions\/9271"}],"wp:featuredmedia":[{"embeddable":true,"href":"https:\/\/www.casaldelsinfants.org\/es\/wp-json\/wp\/v2\/media\/3626"}],"wp:attachment":[{"href":"https:\/\/www.casaldelsinfants.org\/es\/wp-json\/wp\/v2\/media?parent=4555"}],"wp:term":[{"taxonomy":"category","embeddable":true,"href":"https:\/\/www.casaldelsinfants.org\/es\/wp-json\/wp\/v2\/categories?post=4555"},{"taxonomy":"post_tag","embeddable":true,"href":"https:\/\/www.casaldelsinfants.org\/es\/wp-json\/wp\/v2\/tags?post=4555"},{"taxonomy":"seus","embeddable":true,"href":"https:\/\/www.casaldelsinfants.org\/es\/wp-json\/wp\/v2\/seus?post=4555"},{"taxonomy":"eixos","embeddable":true,"href":"https:\/\/www.casaldelsinfants.org\/es\/wp-json\/wp\/v2\/eixos?post=4555"}],"curies":[{"name":"wp","href":"https:\/\/api.w.org\/{rel}","templated":true}]}}