{"id":4556,"date":"2017-11-17T16:33:48","date_gmt":"2017-11-17T14:33:48","guid":{"rendered":"https:\/\/casal.puntzero.cat\/noticies\/omplim-carrers-i-places-de-solidaritat-sant-jordi\/"},"modified":"2023-03-24T11:03:01","modified_gmt":"2023-03-24T09:03:01","slug":"omplim-carrers-i-places-de-solidaritat-sant-jordi","status":"publish","type":"post","link":"https:\/\/www.casaldelsinfants.org\/es\/actualidad\/llenamos-calles-y-plazas-de-solidaridad-por-sant-jordi\/","title":{"rendered":"\u00a1Llenamos calles y plazas de solidaridad por Sant Jordi!"},"content":{"rendered":"<h4><img decoding=\"async\" class=\"size-full wp-image-3629 aligncenter\" src=\"https:\/\/casaldelsinfants.org\/wp-content\/uploads\/Sant-Jordi-2016.jpg\" alt=\"\" width=\"747\" height=\"923\" srcset=\"https:\/\/www.casaldelsinfants.org\/wp-content\/uploads\/Sant-Jordi-2016.jpg 747w, https:\/\/www.casaldelsinfants.org\/wp-content\/uploads\/Sant-Jordi-2016-480x593.jpg 480w\" sizes=\"(max-width: 747px) 100vw, 747px\" \/><\/h4>\n<h4>Los ni\u00f1os, ni\u00f1as y j\u00f3venes del Casal han celebrado Sant Jordi saliendo a la calle para conocer a los vecinos y vecinas de los diferentes barrios. Con la ayuda de voluntarios y voluntarias, en las paraditas se han encontrado, no s\u00f3lo rosas y libros, sino tambi\u00e9n talleres de manualidades, muestras de artesan\u00eda e incluso concursos literarios!<\/h4>\n<p>Este Sant Jordi ha ca\u00eddo en s\u00e1bado y las calles y plazas de Badalona, Barcelona, Sant Adri\u00e0 de Bes\u00f2s, Salt y Santa Coloma se han llenado de peatones, de solidaridad y de todo tipo de actividades. Hemos vendido rosas y libros solidarios, pero la actividad m\u00e1s presente en las paradas han sido las manualidades. En Barcelona, en el barrio del Raval, las familias del Casal han organizado un taller infantil de creaci\u00f3n de dragones en medio de la Rambla del Raval. M\u00e1s de 200 ni\u00f1os del barrio, junto con sus padres y madres, han participado de esta actividad dinamizada por el equipo del Casal, todo un \u00e9xito de participaci\u00f3n!<\/p>\n<p>En Badalona, el Casal ha tenido por primera vez parada en el centro de la ciudad, donde muchos vecinos se han acercado a conocer la entidad. Sumando lo recaudado en la parada y a\u00f1adiendo lo conseguido con la suma de esfuerzos de 3 colegios y 14 empresas colaboradoras, hemos conseguido casi 5000 euros, 1000 m\u00e1s que el a\u00f1o anterior!<\/p>\n<p>Tambi\u00e9n en Badalona, y durante toda la semana, los ni\u00f1os, ni\u00f1as y j\u00f3venes de la Betsaida han participado de la \u00abSetmana del llibre\u00bb y han representado la leyenda de Sant Jordi con t\u00edteres. Por su parte, en el Casal del Bes\u00f2s-Mina, conjuntamente con otras entidades del barrio, se ha organizado \u00abEsperant Sant Jordi\u00bb, una fiesta infantil donde los chicos y chicas del Casal Obert Adolescent han dinamizado talleres de rosas artesanales para los m\u00e1s peque\u00f1os.<\/p>\n<p>En Salt, en el Giron\u00e8s, los ni\u00f1os y ni\u00f1as han estrenado parada del d\u00eda en frente del nuevo local. En medio de la calle Mayor de la localidad gerundense, los saltencs y saltenques han podido acercarse a los ni\u00f1os y j\u00f3venes del Casal mientras se han hecho un \u00abselfie\u00bb y otras fotos con el \u00abphotocall\u00bb tem\u00e1tico de Sant Jordi. \u00abNos hemos disfrazado de dragones, de princesas y caballeros!\u00bb, comentaba Ferran L\u00f3pez, director del Casal de Salt, \u00abfue una actividad diferente que anim\u00f3 mucho a los vecinos y vecinas.\u00bb<\/p>\n<p>En definitiva, el #SantJordiCasal16 ha sido una fiesta tradicional pero tambi\u00e9n innovadora, solidaria, participativa, inclusiva y muy, muy divertida!<\/p>\n","protected":false},"excerpt":{"rendered":"<p>Los ni\u00f1os, ni\u00f1as y j\u00f3venes del Casal han celebrado Sant Jordi saliendo a la calle para conocer a los vecinos y vecinas de los diferentes barrios. Con la ayuda de voluntarios y voluntarias, en las paraditas se han encontrado, no s\u00f3lo rosas y libros, sino tambi\u00e9n talleres de manualidades, muestras de artesan\u00eda e incluso concursos [&hellip;]<\/p>\n","protected":false},"author":1,"featured_media":3629,"comment_status":"open","ping_status":"open","sticky":false,"template":"","format":"standard","meta":{"_acf_changed":false,"_et_pb_use_builder":"","_et_pb_old_content":"","_et_gb_content_width":"","inline_featured_image":false,"footnotes":""},"categories":[125],"tags":[],"seus":[],"eixos":[],"class_list":["post-4556","post","type-post","status-publish","format-standard","has-post-thumbnail","hentry","category-noticias"],"acf":[],"yoast_head":"<!-- This site is optimized with the Yoast SEO plugin v27.4 - https:\/\/yoast.com\/product\/yoast-seo-wordpress\/ -->\n<title>\u00a1Llenamos calles y plazas de solidaridad por Sant Jordi! - Casal dels Infants<\/title>\n<meta name=\"robots\" content=\"index, follow, max-snippet:-1, max-image-preview:large, max-video-preview:-1\" \/>\n<link rel=\"canonical\" href=\"https:\/\/www.casaldelsinfants.org\/es\/actualidad\/llenamos-calles-y-plazas-de-solidaridad-por-sant-jordi\/\" \/>\n<meta property=\"og:locale\" content=\"es_ES\" \/>\n<meta property=\"og:type\" content=\"article\" \/>\n<meta property=\"og:title\" content=\"\u00a1Llenamos calles y plazas de solidaridad por Sant Jordi! - Casal dels Infants\" \/>\n<meta property=\"og:description\" content=\"Los ni\u00f1os, ni\u00f1as y j\u00f3venes del Casal han celebrado Sant Jordi saliendo a la calle para conocer a los vecinos y vecinas de los diferentes barrios. Con la ayuda de voluntarios y voluntarias, en las paraditas se han encontrado, no s\u00f3lo rosas y libros, sino tambi\u00e9n talleres de manualidades, muestras de artesan\u00eda e incluso concursos [&hellip;]\" \/>\n<meta property=\"og:url\" content=\"https:\/\/www.casaldelsinfants.org\/es\/actualidad\/llenamos-calles-y-plazas-de-solidaridad-por-sant-jordi\/\" \/>\n<meta property=\"og:site_name\" content=\"Casal dels Infants\" \/>\n<meta property=\"article:publisher\" content=\"https:\/\/www.facebook.com\/casalinfants\" \/>\n<meta property=\"article:published_time\" content=\"2017-11-17T14:33:48+00:00\" \/>\n<meta property=\"article:modified_time\" content=\"2023-03-24T09:03:01+00:00\" \/>\n<meta property=\"og:image\" content=\"https:\/\/www.casaldelsinfants.org\/wp-content\/uploads\/Sant-Jordi-2016.jpg\" \/>\n\t<meta property=\"og:image:width\" content=\"747\" \/>\n\t<meta property=\"og:image:height\" content=\"923\" \/>\n\t<meta property=\"og:image:type\" content=\"image\/jpeg\" \/>\n<meta name=\"author\" content=\"cdiAdmin\" \/>\n<meta name=\"twitter:card\" content=\"summary_large_image\" \/>\n<meta name=\"twitter:creator\" content=\"@casalinfants\" \/>\n<meta name=\"twitter:site\" content=\"@casalinfants\" \/>\n<meta name=\"twitter:label1\" content=\"Escrito por\" \/>\n\t<meta name=\"twitter:data1\" content=\"cdiAdmin\" \/>\n\t<meta name=\"twitter:label2\" content=\"Tiempo de lectura\" \/>\n\t<meta name=\"twitter:data2\" content=\"3 minutos\" \/>\n<script type=\"application\/ld+json\" class=\"yoast-schema-graph\">{\"@context\":\"https:\\\/\\\/schema.org\",\"@graph\":[{\"@type\":\"Article\",\"@id\":\"https:\\\/\\\/www.casaldelsinfants.org\\\/es\\\/actualidad\\\/llenamos-calles-y-plazas-de-solidaridad-por-sant-jordi\\\/#article\",\"isPartOf\":{\"@id\":\"https:\\\/\\\/www.casaldelsinfants.org\\\/es\\\/actualidad\\\/llenamos-calles-y-plazas-de-solidaridad-por-sant-jordi\\\/\"},\"author\":{\"name\":\"cdiAdmin\",\"@id\":\"https:\\\/\\\/www.casaldelsinfants.org\\\/es\\\/#\\\/schema\\\/person\\\/97707fc8c64900cf36891127dbf9fba8\"},\"headline\":\"\u00a1Llenamos calles y plazas de solidaridad por Sant Jordi!\",\"datePublished\":\"2017-11-17T14:33:48+00:00\",\"dateModified\":\"2023-03-24T09:03:01+00:00\",\"mainEntityOfPage\":{\"@id\":\"https:\\\/\\\/www.casaldelsinfants.org\\\/es\\\/actualidad\\\/llenamos-calles-y-plazas-de-solidaridad-por-sant-jordi\\\/\"},\"wordCount\":444,\"commentCount\":0,\"publisher\":{\"@id\":\"https:\\\/\\\/www.casaldelsinfants.org\\\/es\\\/#organization\"},\"image\":{\"@id\":\"https:\\\/\\\/www.casaldelsinfants.org\\\/es\\\/actualidad\\\/llenamos-calles-y-plazas-de-solidaridad-por-sant-jordi\\\/#primaryimage\"},\"thumbnailUrl\":\"https:\\\/\\\/www.casaldelsinfants.org\\\/wp-content\\\/uploads\\\/Sant-Jordi-2016.jpg\",\"articleSection\":[\"Noticia\"],\"inLanguage\":\"es\",\"potentialAction\":[{\"@type\":\"CommentAction\",\"name\":\"Comment\",\"target\":[\"https:\\\/\\\/www.casaldelsinfants.org\\\/es\\\/actualidad\\\/llenamos-calles-y-plazas-de-solidaridad-por-sant-jordi\\\/#respond\"]}]},{\"@type\":\"WebPage\",\"@id\":\"https:\\\/\\\/www.casaldelsinfants.org\\\/es\\\/actualidad\\\/llenamos-calles-y-plazas-de-solidaridad-por-sant-jordi\\\/\",\"url\":\"https:\\\/\\\/www.casaldelsinfants.org\\\/es\\\/actualidad\\\/llenamos-calles-y-plazas-de-solidaridad-por-sant-jordi\\\/\",\"name\":\"\u00a1Llenamos calles y plazas de solidaridad por Sant Jordi! - Casal dels Infants\",\"isPartOf\":{\"@id\":\"https:\\\/\\\/www.casaldelsinfants.org\\\/es\\\/#website\"},\"primaryImageOfPage\":{\"@id\":\"https:\\\/\\\/www.casaldelsinfants.org\\\/es\\\/actualidad\\\/llenamos-calles-y-plazas-de-solidaridad-por-sant-jordi\\\/#primaryimage\"},\"image\":{\"@id\":\"https:\\\/\\\/www.casaldelsinfants.org\\\/es\\\/actualidad\\\/llenamos-calles-y-plazas-de-solidaridad-por-sant-jordi\\\/#primaryimage\"},\"thumbnailUrl\":\"https:\\\/\\\/www.casaldelsinfants.org\\\/wp-content\\\/uploads\\\/Sant-Jordi-2016.jpg\",\"datePublished\":\"2017-11-17T14:33:48+00:00\",\"dateModified\":\"2023-03-24T09:03:01+00:00\",\"breadcrumb\":{\"@id\":\"https:\\\/\\\/www.casaldelsinfants.org\\\/es\\\/actualidad\\\/llenamos-calles-y-plazas-de-solidaridad-por-sant-jordi\\\/#breadcrumb\"},\"inLanguage\":\"es\",\"potentialAction\":[{\"@type\":\"ReadAction\",\"target\":[\"https:\\\/\\\/www.casaldelsinfants.org\\\/es\\\/actualidad\\\/llenamos-calles-y-plazas-de-solidaridad-por-sant-jordi\\\/\"]}]},{\"@type\":\"ImageObject\",\"inLanguage\":\"es\",\"@id\":\"https:\\\/\\\/www.casaldelsinfants.org\\\/es\\\/actualidad\\\/llenamos-calles-y-plazas-de-solidaridad-por-sant-jordi\\\/#primaryimage\",\"url\":\"https:\\\/\\\/www.casaldelsinfants.org\\\/wp-content\\\/uploads\\\/Sant-Jordi-2016.jpg\",\"contentUrl\":\"https:\\\/\\\/www.casaldelsinfants.org\\\/wp-content\\\/uploads\\\/Sant-Jordi-2016.jpg\",\"width\":747,\"height\":923,\"caption\":\"Omplim carrers i places de solidaritat per Sant Jordi!\"},{\"@type\":\"BreadcrumbList\",\"@id\":\"https:\\\/\\\/www.casaldelsinfants.org\\\/es\\\/actualidad\\\/llenamos-calles-y-plazas-de-solidaridad-por-sant-jordi\\\/#breadcrumb\",\"itemListElement\":[{\"@type\":\"ListItem\",\"position\":1,\"name\":\"Inici\",\"item\":\"https:\\\/\\\/www.casaldelsinfants.org\\\/es\\\/\"},{\"@type\":\"ListItem\",\"position\":2,\"name\":\"\u00a1Llenamos calles y plazas de solidaridad por Sant Jordi!\"}]},{\"@type\":\"WebSite\",\"@id\":\"https:\\\/\\\/www.casaldelsinfants.org\\\/es\\\/#website\",\"url\":\"https:\\\/\\\/www.casaldelsinfants.org\\\/es\\\/\",\"name\":\"Casal dels Infants\",\"description\":\"\",\"publisher\":{\"@id\":\"https:\\\/\\\/www.casaldelsinfants.org\\\/es\\\/#organization\"},\"potentialAction\":[{\"@type\":\"SearchAction\",\"target\":{\"@type\":\"EntryPoint\",\"urlTemplate\":\"https:\\\/\\\/www.casaldelsinfants.org\\\/es\\\/?s={search_term_string}\"},\"query-input\":{\"@type\":\"PropertyValueSpecification\",\"valueRequired\":true,\"valueName\":\"search_term_string\"}}],\"inLanguage\":\"es\"},{\"@type\":\"Organization\",\"@id\":\"https:\\\/\\\/www.casaldelsinfants.org\\\/es\\\/#organization\",\"name\":\"Casal dels Infants\",\"url\":\"https:\\\/\\\/www.casaldelsinfants.org\\\/es\\\/\",\"logo\":{\"@type\":\"ImageObject\",\"inLanguage\":\"es\",\"@id\":\"https:\\\/\\\/www.casaldelsinfants.org\\\/es\\\/#\\\/schema\\\/logo\\\/image\\\/\",\"url\":\"https:\\\/\\\/www.casaldelsinfants.org\\\/wp-content\\\/uploads\\\/logo-mail.png\",\"contentUrl\":\"https:\\\/\\\/www.casaldelsinfants.org\\\/wp-content\\\/uploads\\\/logo-mail.png\",\"width\":380,\"height\":158,\"caption\":\"Casal dels Infants\"},\"image\":{\"@id\":\"https:\\\/\\\/www.casaldelsinfants.org\\\/es\\\/#\\\/schema\\\/logo\\\/image\\\/\"},\"sameAs\":[\"https:\\\/\\\/www.facebook.com\\\/casalinfants\",\"https:\\\/\\\/x.com\\\/casalinfants\",\"https:\\\/\\\/www.youtube.com\\\/user\\\/CasaldelsInfants1\",\"https:\\\/\\\/www.instagram.com\\\/casalinfants\\\/\",\"https:\\\/\\\/www.linkedin.com\\\/company\\\/casaldelsinfants?trk=organization-update_share-update_actor-text\"]},{\"@type\":\"Person\",\"@id\":\"https:\\\/\\\/www.casaldelsinfants.org\\\/es\\\/#\\\/schema\\\/person\\\/97707fc8c64900cf36891127dbf9fba8\",\"name\":\"cdiAdmin\",\"sameAs\":[\"https:\\\/\\\/casaldelsinfants.org\"]}]}<\/script>\n<!-- \/ Yoast SEO plugin. -->","yoast_head_json":{"title":"\u00a1Llenamos calles y plazas de solidaridad por Sant Jordi! - Casal dels Infants","robots":{"index":"index","follow":"follow","max-snippet":"max-snippet:-1","max-image-preview":"max-image-preview:large","max-video-preview":"max-video-preview:-1"},"canonical":"https:\/\/www.casaldelsinfants.org\/es\/actualidad\/llenamos-calles-y-plazas-de-solidaridad-por-sant-jordi\/","og_locale":"es_ES","og_type":"article","og_title":"\u00a1Llenamos calles y plazas de solidaridad por Sant Jordi! - Casal dels Infants","og_description":"Los ni\u00f1os, ni\u00f1as y j\u00f3venes del Casal han celebrado Sant Jordi saliendo a la calle para conocer a los vecinos y vecinas de los diferentes barrios. Con la ayuda de voluntarios y voluntarias, en las paraditas se han encontrado, no s\u00f3lo rosas y libros, sino tambi\u00e9n talleres de manualidades, muestras de artesan\u00eda e incluso concursos [&hellip;]","og_url":"https:\/\/www.casaldelsinfants.org\/es\/actualidad\/llenamos-calles-y-plazas-de-solidaridad-por-sant-jordi\/","og_site_name":"Casal dels Infants","article_publisher":"https:\/\/www.facebook.com\/casalinfants","article_published_time":"2017-11-17T14:33:48+00:00","article_modified_time":"2023-03-24T09:03:01+00:00","og_image":[{"width":747,"height":923,"url":"https:\/\/www.casaldelsinfants.org\/wp-content\/uploads\/Sant-Jordi-2016.jpg","type":"image\/jpeg"}],"author":"cdiAdmin","twitter_card":"summary_large_image","twitter_creator":"@casalinfants","twitter_site":"@casalinfants","twitter_misc":{"Escrito por":"cdiAdmin","Tiempo de lectura":"3 minutos"},"schema":{"@context":"https:\/\/schema.org","@graph":[{"@type":"Article","@id":"https:\/\/www.casaldelsinfants.org\/es\/actualidad\/llenamos-calles-y-plazas-de-solidaridad-por-sant-jordi\/#article","isPartOf":{"@id":"https:\/\/www.casaldelsinfants.org\/es\/actualidad\/llenamos-calles-y-plazas-de-solidaridad-por-sant-jordi\/"},"author":{"name":"cdiAdmin","@id":"https:\/\/www.casaldelsinfants.org\/es\/#\/schema\/person\/97707fc8c64900cf36891127dbf9fba8"},"headline":"\u00a1Llenamos calles y plazas de solidaridad por Sant Jordi!","datePublished":"2017-11-17T14:33:48+00:00","dateModified":"2023-03-24T09:03:01+00:00","mainEntityOfPage":{"@id":"https:\/\/www.casaldelsinfants.org\/es\/actualidad\/llenamos-calles-y-plazas-de-solidaridad-por-sant-jordi\/"},"wordCount":444,"commentCount":0,"publisher":{"@id":"https:\/\/www.casaldelsinfants.org\/es\/#organization"},"image":{"@id":"https:\/\/www.casaldelsinfants.org\/es\/actualidad\/llenamos-calles-y-plazas-de-solidaridad-por-sant-jordi\/#primaryimage"},"thumbnailUrl":"https:\/\/www.casaldelsinfants.org\/wp-content\/uploads\/Sant-Jordi-2016.jpg","articleSection":["Noticia"],"inLanguage":"es","potentialAction":[{"@type":"CommentAction","name":"Comment","target":["https:\/\/www.casaldelsinfants.org\/es\/actualidad\/llenamos-calles-y-plazas-de-solidaridad-por-sant-jordi\/#respond"]}]},{"@type":"WebPage","@id":"https:\/\/www.casaldelsinfants.org\/es\/actualidad\/llenamos-calles-y-plazas-de-solidaridad-por-sant-jordi\/","url":"https:\/\/www.casaldelsinfants.org\/es\/actualidad\/llenamos-calles-y-plazas-de-solidaridad-por-sant-jordi\/","name":"\u00a1Llenamos calles y plazas de solidaridad por Sant Jordi! - Casal dels Infants","isPartOf":{"@id":"https:\/\/www.casaldelsinfants.org\/es\/#website"},"primaryImageOfPage":{"@id":"https:\/\/www.casaldelsinfants.org\/es\/actualidad\/llenamos-calles-y-plazas-de-solidaridad-por-sant-jordi\/#primaryimage"},"image":{"@id":"https:\/\/www.casaldelsinfants.org\/es\/actualidad\/llenamos-calles-y-plazas-de-solidaridad-por-sant-jordi\/#primaryimage"},"thumbnailUrl":"https:\/\/www.casaldelsinfants.org\/wp-content\/uploads\/Sant-Jordi-2016.jpg","datePublished":"2017-11-17T14:33:48+00:00","dateModified":"2023-03-24T09:03:01+00:00","breadcrumb":{"@id":"https:\/\/www.casaldelsinfants.org\/es\/actualidad\/llenamos-calles-y-plazas-de-solidaridad-por-sant-jordi\/#breadcrumb"},"inLanguage":"es","potentialAction":[{"@type":"ReadAction","target":["https:\/\/www.casaldelsinfants.org\/es\/actualidad\/llenamos-calles-y-plazas-de-solidaridad-por-sant-jordi\/"]}]},{"@type":"ImageObject","inLanguage":"es","@id":"https:\/\/www.casaldelsinfants.org\/es\/actualidad\/llenamos-calles-y-plazas-de-solidaridad-por-sant-jordi\/#primaryimage","url":"https:\/\/www.casaldelsinfants.org\/wp-content\/uploads\/Sant-Jordi-2016.jpg","contentUrl":"https:\/\/www.casaldelsinfants.org\/wp-content\/uploads\/Sant-Jordi-2016.jpg","width":747,"height":923,"caption":"Omplim carrers i places de solidaritat per Sant Jordi!"},{"@type":"BreadcrumbList","@id":"https:\/\/www.casaldelsinfants.org\/es\/actualidad\/llenamos-calles-y-plazas-de-solidaridad-por-sant-jordi\/#breadcrumb","itemListElement":[{"@type":"ListItem","position":1,"name":"Inici","item":"https:\/\/www.casaldelsinfants.org\/es\/"},{"@type":"ListItem","position":2,"name":"\u00a1Llenamos calles y plazas de solidaridad por Sant Jordi!"}]},{"@type":"WebSite","@id":"https:\/\/www.casaldelsinfants.org\/es\/#website","url":"https:\/\/www.casaldelsinfants.org\/es\/","name":"Casal dels Infants","description":"","publisher":{"@id":"https:\/\/www.casaldelsinfants.org\/es\/#organization"},"potentialAction":[{"@type":"SearchAction","target":{"@type":"EntryPoint","urlTemplate":"https:\/\/www.casaldelsinfants.org\/es\/?s={search_term_string}"},"query-input":{"@type":"PropertyValueSpecification","valueRequired":true,"valueName":"search_term_string"}}],"inLanguage":"es"},{"@type":"Organization","@id":"https:\/\/www.casaldelsinfants.org\/es\/#organization","name":"Casal dels Infants","url":"https:\/\/www.casaldelsinfants.org\/es\/","logo":{"@type":"ImageObject","inLanguage":"es","@id":"https:\/\/www.casaldelsinfants.org\/es\/#\/schema\/logo\/image\/","url":"https:\/\/www.casaldelsinfants.org\/wp-content\/uploads\/logo-mail.png","contentUrl":"https:\/\/www.casaldelsinfants.org\/wp-content\/uploads\/logo-mail.png","width":380,"height":158,"caption":"Casal dels Infants"},"image":{"@id":"https:\/\/www.casaldelsinfants.org\/es\/#\/schema\/logo\/image\/"},"sameAs":["https:\/\/www.facebook.com\/casalinfants","https:\/\/x.com\/casalinfants","https:\/\/www.youtube.com\/user\/CasaldelsInfants1","https:\/\/www.instagram.com\/casalinfants\/","https:\/\/www.linkedin.com\/company\/casaldelsinfants?trk=organization-update_share-update_actor-text"]},{"@type":"Person","@id":"https:\/\/www.casaldelsinfants.org\/es\/#\/schema\/person\/97707fc8c64900cf36891127dbf9fba8","name":"cdiAdmin","sameAs":["https:\/\/casaldelsinfants.org"]}]}},"publishpress_future_action":{"enabled":false,"date":"2026-05-09 10:19:07","action":"change-status","newStatus":"draft","terms":[],"taxonomy":"category","extraData":[]},"publishpress_future_workflow_manual_trigger":{"enabledWorkflows":[]},"_links":{"self":[{"href":"https:\/\/www.casaldelsinfants.org\/es\/wp-json\/wp\/v2\/posts\/4556","targetHints":{"allow":["GET"]}}],"collection":[{"href":"https:\/\/www.casaldelsinfants.org\/es\/wp-json\/wp\/v2\/posts"}],"about":[{"href":"https:\/\/www.casaldelsinfants.org\/es\/wp-json\/wp\/v2\/types\/post"}],"author":[{"embeddable":true,"href":"https:\/\/www.casaldelsinfants.org\/es\/wp-json\/wp\/v2\/users\/1"}],"replies":[{"embeddable":true,"href":"https:\/\/www.casaldelsinfants.org\/es\/wp-json\/wp\/v2\/comments?post=4556"}],"version-history":[{"count":2,"href":"https:\/\/www.casaldelsinfants.org\/es\/wp-json\/wp\/v2\/posts\/4556\/revisions"}],"predecessor-version":[{"id":9269,"href":"https:\/\/www.casaldelsinfants.org\/es\/wp-json\/wp\/v2\/posts\/4556\/revisions\/9269"}],"wp:featuredmedia":[{"embeddable":true,"href":"https:\/\/www.casaldelsinfants.org\/es\/wp-json\/wp\/v2\/media\/3629"}],"wp:attachment":[{"href":"https:\/\/www.casaldelsinfants.org\/es\/wp-json\/wp\/v2\/media?parent=4556"}],"wp:term":[{"taxonomy":"category","embeddable":true,"href":"https:\/\/www.casaldelsinfants.org\/es\/wp-json\/wp\/v2\/categories?post=4556"},{"taxonomy":"post_tag","embeddable":true,"href":"https:\/\/www.casaldelsinfants.org\/es\/wp-json\/wp\/v2\/tags?post=4556"},{"taxonomy":"seus","embeddable":true,"href":"https:\/\/www.casaldelsinfants.org\/es\/wp-json\/wp\/v2\/seus?post=4556"},{"taxonomy":"eixos","embeddable":true,"href":"https:\/\/www.casaldelsinfants.org\/es\/wp-json\/wp\/v2\/eixos?post=4556"}],"curies":[{"name":"wp","href":"https:\/\/api.w.org\/{rel}","templated":true}]}}