{"id":4557,"date":"2017-11-17T16:32:53","date_gmt":"2017-11-17T14:32:53","guid":{"rendered":"https:\/\/casal.puntzero.cat\/noticies\/formacio-dual-aconseguir-feina\/"},"modified":"2023-05-01T19:09:35","modified_gmt":"2023-05-01T17:09:35","slug":"formacio-dual-aconseguir-feina","status":"publish","type":"post","link":"https:\/\/www.casaldelsinfants.org\/es\/actualidad\/formacion-dual-para-conseguir-trabajo\/","title":{"rendered":"Formaci\u00f3n dual para conseguir trabajo"},"content":{"rendered":"<h4><span style=\"font-size: 12.16px; line-height: 1.3em;\"><img decoding=\"async\" src=\"\/wp-content\/uploads\/marmi.jpg\" border=\"0\" width=\"350\" style=\"float: left; margin-left: 10px; margin-right: 10px;\" \/><\/span><\/h4>\n<h4>Una treintena de chicos y chicas con dificultades para conseguir trabajo se forman en el Casal de Badalona-La Betsaida y en varias empresas para ganar autonom\u00eda y confianza y salir adelante.<\/h4>\n<p>La Renta M\u00ednima de Inserci\u00f3n es una ayuda que reciben algunas personas en riesgo de exclusi\u00f3n social que no tienen ingresos suficientes para alcanzar unas condiciones de vida digna. Estas personas, que no tienen trabajo y a menudo entran en una espiral de dificultades de las que les cuesta mucho salir, son las participantes en el Curso de Atenci\u00f3n al Cliente y Comercio que el Casal de Badalona-La Betsaida imparte bajo el programa MARMI (Itinerarios de Inserci\u00f3n para personas en situaci\u00f3n de desempleo y perceptoras de la renta m\u00ednima de inserci\u00f3n) que cuenta con el apoyo del Departamento de Trabajo, Asuntos Exteriores y Familias de la Direcci\u00f3n General de Econom\u00eda Social, el Tercer Sector, las Cooperativas y la Autoempresa de la Generalidad de Catalu\u00f1a y el Fondo Social Europeo.<\/p>\n<p>\u00abCreemos en el potencial de aprendizaje y mejora de las personas y, para desarrollarlo, hemos creado una formaci\u00f3n destinada no s\u00f3lo a la adquisici\u00f3n de conocimientos y habilidades, sino tambi\u00e9n al fortalecimiento de aquellas con las que ya cuentan\u00bb, explica Jos\u00e9 Rold\u00e1n, responsable de los programas de formaci\u00f3n del Casal, que no duda de la capacidad de las personas participantes de salir adelante \u00abtodas y todos necesitamos de un acompa\u00f1amiento en alg\u00fan momento dif\u00edcil de nuestra vida, esto nos permite recuperarnos, ganar confianza y salir de \u00e9l\u00bb.<\/p>\n<p>Los 30 chicos y chicas de hasta 35 a\u00f1os que participan en el curso, reciben una formaci\u00f3n te\u00f3rica y pr\u00e1ctica con clases presenciales en el local del Casal de Badalona-La Betsaida y visitas formativas a las empresas. \u00abHemos visitado la sede de Mango, los puestos del Mercado del Ninot&#8230; El primer contacto con las empresas es esencial para los j\u00f3venes, se sit\u00faan, ven el camino y se motivan para salir adelante\u00bb, explica la educadora del curso, Susana Rodr\u00edguez. Una vez terminado este m\u00f3dulo, los participantes har\u00e1n 100 horas de pr\u00e1cticas en empresas de diferentes \u00e1mbitos vinculados a la atenci\u00f3n al cliente y el comercio y, si tienen suerte, acabar\u00e1n consiguiendo un trabajo.<\/p>\n<p>Sin embargo, \u00abno se trata s\u00f3lo de conseguir un trabajo\u00bb, matiza Jos\u00e9 Rold\u00e1n, \u00absino m\u00e1s bien de adquirir una serie de habilidades, de competencias, de actitud y de conocimientos que les permitir\u00e1n, a la larga, conseguir una oportunidad laboral\u00bb.<\/p>\n<p>\u00a0<\/p>\n<p>\u00a0<\/p>\n<p>Colaboran con el programa:<\/p>\n<p><img decoding=\"async\" src=\"\/wp-content\/uploads\/inline-images\/UE-FSE-Invierte-en-tu-futur.gif\" border=\"0\" alt=\"\" \/>\u00a0 \u00a0 \u00a0<img decoding=\"async\" src=\"\/wp-content\/uploads\/inline-images\/generalitat-generic.gif\" border=\"0\" width=\"190\" height=\"49\" \/><\/p>\n<p><!--<img decoding=\"async\" src=\"\/wp-content\/uploads\/marmi.jpg\" border=\"0\" width=\"350\" height=\"197\" style=\"float: left; margin-left: 10px; margin-right: 10px;\" \/>--><\/p>\n","protected":false},"excerpt":{"rendered":"<p>Una treintena de chicos y chicas con dificultades para conseguir trabajo se forman en el Casal de Badalona-La Betsaida y en varias empresas para ganar autonom\u00eda y confianza y salir adelante. La Renta M\u00ednima de Inserci\u00f3n es una ayuda que reciben algunas personas en riesgo de exclusi\u00f3n social que no tienen ingresos suficientes para alcanzar [&hellip;]<\/p>\n","protected":false},"author":1,"featured_media":3632,"comment_status":"open","ping_status":"open","sticky":false,"template":"","format":"standard","meta":{"_acf_changed":false,"_et_pb_use_builder":"","_et_pb_old_content":"","_et_gb_content_width":"","inline_featured_image":false,"footnotes":""},"categories":[125],"tags":[],"seus":[],"eixos":[],"class_list":["post-4557","post","type-post","status-publish","format-standard","has-post-thumbnail","hentry","category-noticias"],"acf":[],"yoast_head":"<!-- This site is optimized with the Yoast SEO plugin v27.4 - https:\/\/yoast.com\/product\/yoast-seo-wordpress\/ -->\n<title>Formaci\u00f3n dual para conseguir trabajo - Casal dels Infants<\/title>\n<meta name=\"robots\" content=\"index, follow, max-snippet:-1, max-image-preview:large, max-video-preview:-1\" \/>\n<link rel=\"canonical\" href=\"https:\/\/www.casaldelsinfants.org\/es\/actualidad\/formacion-dual-para-conseguir-trabajo\/\" \/>\n<meta property=\"og:locale\" content=\"es_ES\" \/>\n<meta property=\"og:type\" content=\"article\" \/>\n<meta property=\"og:title\" content=\"Formaci\u00f3n dual para conseguir trabajo - Casal dels Infants\" \/>\n<meta property=\"og:description\" content=\"Una treintena de chicos y chicas con dificultades para conseguir trabajo se forman en el Casal de Badalona-La Betsaida y en varias empresas para ganar autonom\u00eda y confianza y salir adelante. La Renta M\u00ednima de Inserci\u00f3n es una ayuda que reciben algunas personas en riesgo de exclusi\u00f3n social que no tienen ingresos suficientes para alcanzar [&hellip;]\" \/>\n<meta property=\"og:url\" content=\"https:\/\/www.casaldelsinfants.org\/es\/actualidad\/formacion-dual-para-conseguir-trabajo\/\" \/>\n<meta property=\"og:site_name\" content=\"Casal dels Infants\" \/>\n<meta property=\"article:publisher\" content=\"https:\/\/www.facebook.com\/casalinfants\" \/>\n<meta property=\"article:published_time\" content=\"2017-11-17T14:32:53+00:00\" \/>\n<meta property=\"article:modified_time\" content=\"2023-05-01T17:09:35+00:00\" \/>\n<meta property=\"og:image\" content=\"https:\/\/www.casaldelsinfants.org\/wp-content\/uploads\/marmi.jpg\" \/>\n\t<meta property=\"og:image:width\" content=\"1020\" \/>\n\t<meta property=\"og:image:height\" content=\"573\" \/>\n\t<meta property=\"og:image:type\" content=\"image\/jpeg\" \/>\n<meta name=\"author\" content=\"cdiAdmin\" \/>\n<meta name=\"twitter:card\" content=\"summary_large_image\" \/>\n<meta name=\"twitter:creator\" content=\"@casalinfants\" \/>\n<meta name=\"twitter:site\" content=\"@casalinfants\" \/>\n<meta name=\"twitter:label1\" content=\"Escrito por\" \/>\n\t<meta name=\"twitter:data1\" content=\"cdiAdmin\" \/>\n\t<meta name=\"twitter:label2\" content=\"Tiempo de lectura\" \/>\n\t<meta name=\"twitter:data2\" content=\"2 minutos\" \/>\n<script type=\"application\/ld+json\" class=\"yoast-schema-graph\">{\"@context\":\"https:\\\/\\\/schema.org\",\"@graph\":[{\"@type\":\"Article\",\"@id\":\"https:\\\/\\\/www.casaldelsinfants.org\\\/es\\\/actualidad\\\/formacion-dual-para-conseguir-trabajo\\\/#article\",\"isPartOf\":{\"@id\":\"https:\\\/\\\/www.casaldelsinfants.org\\\/es\\\/actualidad\\\/formacion-dual-para-conseguir-trabajo\\\/\"},\"author\":{\"name\":\"cdiAdmin\",\"@id\":\"https:\\\/\\\/www.casaldelsinfants.org\\\/es\\\/#\\\/schema\\\/person\\\/97707fc8c64900cf36891127dbf9fba8\"},\"headline\":\"Formaci\u00f3n dual para conseguir trabajo\",\"datePublished\":\"2017-11-17T14:32:53+00:00\",\"dateModified\":\"2023-05-01T17:09:35+00:00\",\"mainEntityOfPage\":{\"@id\":\"https:\\\/\\\/www.casaldelsinfants.org\\\/es\\\/actualidad\\\/formacion-dual-para-conseguir-trabajo\\\/\"},\"wordCount\":442,\"commentCount\":0,\"publisher\":{\"@id\":\"https:\\\/\\\/www.casaldelsinfants.org\\\/es\\\/#organization\"},\"image\":{\"@id\":\"https:\\\/\\\/www.casaldelsinfants.org\\\/es\\\/actualidad\\\/formacion-dual-para-conseguir-trabajo\\\/#primaryimage\"},\"thumbnailUrl\":\"https:\\\/\\\/www.casaldelsinfants.org\\\/wp-content\\\/uploads\\\/marmi.jpg\",\"articleSection\":[\"Noticia\"],\"inLanguage\":\"es\",\"potentialAction\":[{\"@type\":\"CommentAction\",\"name\":\"Comment\",\"target\":[\"https:\\\/\\\/www.casaldelsinfants.org\\\/es\\\/actualidad\\\/formacion-dual-para-conseguir-trabajo\\\/#respond\"]}]},{\"@type\":\"WebPage\",\"@id\":\"https:\\\/\\\/www.casaldelsinfants.org\\\/es\\\/actualidad\\\/formacion-dual-para-conseguir-trabajo\\\/\",\"url\":\"https:\\\/\\\/www.casaldelsinfants.org\\\/es\\\/actualidad\\\/formacion-dual-para-conseguir-trabajo\\\/\",\"name\":\"Formaci\u00f3n dual para conseguir trabajo - Casal dels Infants\",\"isPartOf\":{\"@id\":\"https:\\\/\\\/www.casaldelsinfants.org\\\/es\\\/#website\"},\"primaryImageOfPage\":{\"@id\":\"https:\\\/\\\/www.casaldelsinfants.org\\\/es\\\/actualidad\\\/formacion-dual-para-conseguir-trabajo\\\/#primaryimage\"},\"image\":{\"@id\":\"https:\\\/\\\/www.casaldelsinfants.org\\\/es\\\/actualidad\\\/formacion-dual-para-conseguir-trabajo\\\/#primaryimage\"},\"thumbnailUrl\":\"https:\\\/\\\/www.casaldelsinfants.org\\\/wp-content\\\/uploads\\\/marmi.jpg\",\"datePublished\":\"2017-11-17T14:32:53+00:00\",\"dateModified\":\"2023-05-01T17:09:35+00:00\",\"breadcrumb\":{\"@id\":\"https:\\\/\\\/www.casaldelsinfants.org\\\/es\\\/actualidad\\\/formacion-dual-para-conseguir-trabajo\\\/#breadcrumb\"},\"inLanguage\":\"es\",\"potentialAction\":[{\"@type\":\"ReadAction\",\"target\":[\"https:\\\/\\\/www.casaldelsinfants.org\\\/es\\\/actualidad\\\/formacion-dual-para-conseguir-trabajo\\\/\"]}]},{\"@type\":\"ImageObject\",\"inLanguage\":\"es\",\"@id\":\"https:\\\/\\\/www.casaldelsinfants.org\\\/es\\\/actualidad\\\/formacion-dual-para-conseguir-trabajo\\\/#primaryimage\",\"url\":\"https:\\\/\\\/www.casaldelsinfants.org\\\/wp-content\\\/uploads\\\/marmi.jpg\",\"contentUrl\":\"https:\\\/\\\/www.casaldelsinfants.org\\\/wp-content\\\/uploads\\\/marmi.jpg\",\"width\":1020,\"height\":573,\"caption\":\"Joves formaci\u00f3 dual per aconseguir feina\"},{\"@type\":\"BreadcrumbList\",\"@id\":\"https:\\\/\\\/www.casaldelsinfants.org\\\/es\\\/actualidad\\\/formacion-dual-para-conseguir-trabajo\\\/#breadcrumb\",\"itemListElement\":[{\"@type\":\"ListItem\",\"position\":1,\"name\":\"Inici\",\"item\":\"https:\\\/\\\/www.casaldelsinfants.org\\\/es\\\/\"},{\"@type\":\"ListItem\",\"position\":2,\"name\":\"Formaci\u00f3n dual para conseguir trabajo\"}]},{\"@type\":\"WebSite\",\"@id\":\"https:\\\/\\\/www.casaldelsinfants.org\\\/es\\\/#website\",\"url\":\"https:\\\/\\\/www.casaldelsinfants.org\\\/es\\\/\",\"name\":\"Casal dels Infants\",\"description\":\"\",\"publisher\":{\"@id\":\"https:\\\/\\\/www.casaldelsinfants.org\\\/es\\\/#organization\"},\"potentialAction\":[{\"@type\":\"SearchAction\",\"target\":{\"@type\":\"EntryPoint\",\"urlTemplate\":\"https:\\\/\\\/www.casaldelsinfants.org\\\/es\\\/?s={search_term_string}\"},\"query-input\":{\"@type\":\"PropertyValueSpecification\",\"valueRequired\":true,\"valueName\":\"search_term_string\"}}],\"inLanguage\":\"es\"},{\"@type\":\"Organization\",\"@id\":\"https:\\\/\\\/www.casaldelsinfants.org\\\/es\\\/#organization\",\"name\":\"Casal dels Infants\",\"url\":\"https:\\\/\\\/www.casaldelsinfants.org\\\/es\\\/\",\"logo\":{\"@type\":\"ImageObject\",\"inLanguage\":\"es\",\"@id\":\"https:\\\/\\\/www.casaldelsinfants.org\\\/es\\\/#\\\/schema\\\/logo\\\/image\\\/\",\"url\":\"https:\\\/\\\/www.casaldelsinfants.org\\\/wp-content\\\/uploads\\\/logo-mail.png\",\"contentUrl\":\"https:\\\/\\\/www.casaldelsinfants.org\\\/wp-content\\\/uploads\\\/logo-mail.png\",\"width\":380,\"height\":158,\"caption\":\"Casal dels Infants\"},\"image\":{\"@id\":\"https:\\\/\\\/www.casaldelsinfants.org\\\/es\\\/#\\\/schema\\\/logo\\\/image\\\/\"},\"sameAs\":[\"https:\\\/\\\/www.facebook.com\\\/casalinfants\",\"https:\\\/\\\/x.com\\\/casalinfants\",\"https:\\\/\\\/www.youtube.com\\\/user\\\/CasaldelsInfants1\",\"https:\\\/\\\/www.instagram.com\\\/casalinfants\\\/\",\"https:\\\/\\\/www.linkedin.com\\\/company\\\/casaldelsinfants?trk=organization-update_share-update_actor-text\"]},{\"@type\":\"Person\",\"@id\":\"https:\\\/\\\/www.casaldelsinfants.org\\\/es\\\/#\\\/schema\\\/person\\\/97707fc8c64900cf36891127dbf9fba8\",\"name\":\"cdiAdmin\",\"sameAs\":[\"https:\\\/\\\/casaldelsinfants.org\"]}]}<\/script>\n<!-- \/ Yoast SEO plugin. -->","yoast_head_json":{"title":"Formaci\u00f3n dual para conseguir trabajo - Casal dels Infants","robots":{"index":"index","follow":"follow","max-snippet":"max-snippet:-1","max-image-preview":"max-image-preview:large","max-video-preview":"max-video-preview:-1"},"canonical":"https:\/\/www.casaldelsinfants.org\/es\/actualidad\/formacion-dual-para-conseguir-trabajo\/","og_locale":"es_ES","og_type":"article","og_title":"Formaci\u00f3n dual para conseguir trabajo - Casal dels Infants","og_description":"Una treintena de chicos y chicas con dificultades para conseguir trabajo se forman en el Casal de Badalona-La Betsaida y en varias empresas para ganar autonom\u00eda y confianza y salir adelante. La Renta M\u00ednima de Inserci\u00f3n es una ayuda que reciben algunas personas en riesgo de exclusi\u00f3n social que no tienen ingresos suficientes para alcanzar [&hellip;]","og_url":"https:\/\/www.casaldelsinfants.org\/es\/actualidad\/formacion-dual-para-conseguir-trabajo\/","og_site_name":"Casal dels Infants","article_publisher":"https:\/\/www.facebook.com\/casalinfants","article_published_time":"2017-11-17T14:32:53+00:00","article_modified_time":"2023-05-01T17:09:35+00:00","og_image":[{"width":1020,"height":573,"url":"https:\/\/www.casaldelsinfants.org\/wp-content\/uploads\/marmi.jpg","type":"image\/jpeg"}],"author":"cdiAdmin","twitter_card":"summary_large_image","twitter_creator":"@casalinfants","twitter_site":"@casalinfants","twitter_misc":{"Escrito por":"cdiAdmin","Tiempo de lectura":"2 minutos"},"schema":{"@context":"https:\/\/schema.org","@graph":[{"@type":"Article","@id":"https:\/\/www.casaldelsinfants.org\/es\/actualidad\/formacion-dual-para-conseguir-trabajo\/#article","isPartOf":{"@id":"https:\/\/www.casaldelsinfants.org\/es\/actualidad\/formacion-dual-para-conseguir-trabajo\/"},"author":{"name":"cdiAdmin","@id":"https:\/\/www.casaldelsinfants.org\/es\/#\/schema\/person\/97707fc8c64900cf36891127dbf9fba8"},"headline":"Formaci\u00f3n dual para conseguir trabajo","datePublished":"2017-11-17T14:32:53+00:00","dateModified":"2023-05-01T17:09:35+00:00","mainEntityOfPage":{"@id":"https:\/\/www.casaldelsinfants.org\/es\/actualidad\/formacion-dual-para-conseguir-trabajo\/"},"wordCount":442,"commentCount":0,"publisher":{"@id":"https:\/\/www.casaldelsinfants.org\/es\/#organization"},"image":{"@id":"https:\/\/www.casaldelsinfants.org\/es\/actualidad\/formacion-dual-para-conseguir-trabajo\/#primaryimage"},"thumbnailUrl":"https:\/\/www.casaldelsinfants.org\/wp-content\/uploads\/marmi.jpg","articleSection":["Noticia"],"inLanguage":"es","potentialAction":[{"@type":"CommentAction","name":"Comment","target":["https:\/\/www.casaldelsinfants.org\/es\/actualidad\/formacion-dual-para-conseguir-trabajo\/#respond"]}]},{"@type":"WebPage","@id":"https:\/\/www.casaldelsinfants.org\/es\/actualidad\/formacion-dual-para-conseguir-trabajo\/","url":"https:\/\/www.casaldelsinfants.org\/es\/actualidad\/formacion-dual-para-conseguir-trabajo\/","name":"Formaci\u00f3n dual para conseguir trabajo - Casal dels Infants","isPartOf":{"@id":"https:\/\/www.casaldelsinfants.org\/es\/#website"},"primaryImageOfPage":{"@id":"https:\/\/www.casaldelsinfants.org\/es\/actualidad\/formacion-dual-para-conseguir-trabajo\/#primaryimage"},"image":{"@id":"https:\/\/www.casaldelsinfants.org\/es\/actualidad\/formacion-dual-para-conseguir-trabajo\/#primaryimage"},"thumbnailUrl":"https:\/\/www.casaldelsinfants.org\/wp-content\/uploads\/marmi.jpg","datePublished":"2017-11-17T14:32:53+00:00","dateModified":"2023-05-01T17:09:35+00:00","breadcrumb":{"@id":"https:\/\/www.casaldelsinfants.org\/es\/actualidad\/formacion-dual-para-conseguir-trabajo\/#breadcrumb"},"inLanguage":"es","potentialAction":[{"@type":"ReadAction","target":["https:\/\/www.casaldelsinfants.org\/es\/actualidad\/formacion-dual-para-conseguir-trabajo\/"]}]},{"@type":"ImageObject","inLanguage":"es","@id":"https:\/\/www.casaldelsinfants.org\/es\/actualidad\/formacion-dual-para-conseguir-trabajo\/#primaryimage","url":"https:\/\/www.casaldelsinfants.org\/wp-content\/uploads\/marmi.jpg","contentUrl":"https:\/\/www.casaldelsinfants.org\/wp-content\/uploads\/marmi.jpg","width":1020,"height":573,"caption":"Joves formaci\u00f3 dual per aconseguir feina"},{"@type":"BreadcrumbList","@id":"https:\/\/www.casaldelsinfants.org\/es\/actualidad\/formacion-dual-para-conseguir-trabajo\/#breadcrumb","itemListElement":[{"@type":"ListItem","position":1,"name":"Inici","item":"https:\/\/www.casaldelsinfants.org\/es\/"},{"@type":"ListItem","position":2,"name":"Formaci\u00f3n dual para conseguir trabajo"}]},{"@type":"WebSite","@id":"https:\/\/www.casaldelsinfants.org\/es\/#website","url":"https:\/\/www.casaldelsinfants.org\/es\/","name":"Casal dels Infants","description":"","publisher":{"@id":"https:\/\/www.casaldelsinfants.org\/es\/#organization"},"potentialAction":[{"@type":"SearchAction","target":{"@type":"EntryPoint","urlTemplate":"https:\/\/www.casaldelsinfants.org\/es\/?s={search_term_string}"},"query-input":{"@type":"PropertyValueSpecification","valueRequired":true,"valueName":"search_term_string"}}],"inLanguage":"es"},{"@type":"Organization","@id":"https:\/\/www.casaldelsinfants.org\/es\/#organization","name":"Casal dels Infants","url":"https:\/\/www.casaldelsinfants.org\/es\/","logo":{"@type":"ImageObject","inLanguage":"es","@id":"https:\/\/www.casaldelsinfants.org\/es\/#\/schema\/logo\/image\/","url":"https:\/\/www.casaldelsinfants.org\/wp-content\/uploads\/logo-mail.png","contentUrl":"https:\/\/www.casaldelsinfants.org\/wp-content\/uploads\/logo-mail.png","width":380,"height":158,"caption":"Casal dels Infants"},"image":{"@id":"https:\/\/www.casaldelsinfants.org\/es\/#\/schema\/logo\/image\/"},"sameAs":["https:\/\/www.facebook.com\/casalinfants","https:\/\/x.com\/casalinfants","https:\/\/www.youtube.com\/user\/CasaldelsInfants1","https:\/\/www.instagram.com\/casalinfants\/","https:\/\/www.linkedin.com\/company\/casaldelsinfants?trk=organization-update_share-update_actor-text"]},{"@type":"Person","@id":"https:\/\/www.casaldelsinfants.org\/es\/#\/schema\/person\/97707fc8c64900cf36891127dbf9fba8","name":"cdiAdmin","sameAs":["https:\/\/casaldelsinfants.org"]}]}},"publishpress_future_action":{"enabled":false,"date":"2026-05-09 10:27:13","action":"change-status","newStatus":"draft","terms":[],"taxonomy":"category","extraData":[]},"publishpress_future_workflow_manual_trigger":{"enabledWorkflows":[]},"_links":{"self":[{"href":"https:\/\/www.casaldelsinfants.org\/es\/wp-json\/wp\/v2\/posts\/4557","targetHints":{"allow":["GET"]}}],"collection":[{"href":"https:\/\/www.casaldelsinfants.org\/es\/wp-json\/wp\/v2\/posts"}],"about":[{"href":"https:\/\/www.casaldelsinfants.org\/es\/wp-json\/wp\/v2\/types\/post"}],"author":[{"embeddable":true,"href":"https:\/\/www.casaldelsinfants.org\/es\/wp-json\/wp\/v2\/users\/1"}],"replies":[{"embeddable":true,"href":"https:\/\/www.casaldelsinfants.org\/es\/wp-json\/wp\/v2\/comments?post=4557"}],"version-history":[{"count":1,"href":"https:\/\/www.casaldelsinfants.org\/es\/wp-json\/wp\/v2\/posts\/4557\/revisions"}],"predecessor-version":[{"id":6469,"href":"https:\/\/www.casaldelsinfants.org\/es\/wp-json\/wp\/v2\/posts\/4557\/revisions\/6469"}],"wp:featuredmedia":[{"embeddable":true,"href":"https:\/\/www.casaldelsinfants.org\/es\/wp-json\/wp\/v2\/media\/3632"}],"wp:attachment":[{"href":"https:\/\/www.casaldelsinfants.org\/es\/wp-json\/wp\/v2\/media?parent=4557"}],"wp:term":[{"taxonomy":"category","embeddable":true,"href":"https:\/\/www.casaldelsinfants.org\/es\/wp-json\/wp\/v2\/categories?post=4557"},{"taxonomy":"post_tag","embeddable":true,"href":"https:\/\/www.casaldelsinfants.org\/es\/wp-json\/wp\/v2\/tags?post=4557"},{"taxonomy":"seus","embeddable":true,"href":"https:\/\/www.casaldelsinfants.org\/es\/wp-json\/wp\/v2\/seus?post=4557"},{"taxonomy":"eixos","embeddable":true,"href":"https:\/\/www.casaldelsinfants.org\/es\/wp-json\/wp\/v2\/eixos?post=4557"}],"curies":[{"name":"wp","href":"https:\/\/api.w.org\/{rel}","templated":true}]}}