{"id":4558,"date":"2017-11-17T16:32:05","date_gmt":"2017-11-17T14:32:05","guid":{"rendered":"https:\/\/casal.puntzero.cat\/noticies\/el-casal-participa-la-3a-lliga-de-futsal-del-besos\/"},"modified":"2023-05-01T19:09:49","modified_gmt":"2023-05-01T17:09:49","slug":"el-casal-participa-la-3a-lliga-de-futsal-del-besos","status":"publish","type":"post","link":"https:\/\/www.casaldelsinfants.org\/es\/actualidad\/el-casal-participa-en-la-3a-liga-de-futsal-del-besos\/","title":{"rendered":"El Casal participa en la 3\u00aa Liga de Futsal del Bes\u00f2s"},"content":{"rendered":"<h4><img decoding=\"async\" src=\"\/wp-content\/uploads\/IMG-20160229-WA0007.jpg\" border=\"0\" width=\"350\" style=\"margin-left: 10px; margin-right: 10px; float: left;\" \/>La liga quiere fomentar el respeto entre los participantes y potenciar el compromiso, la responsabilidad y la tolerancia a trav\u00e9s de la pr\u00e1ctica deportiva.<\/h4>\n<p>La 3\u00aa Liga de Futsal del Barrio Bes\u00f2s &#8211; Maresme de Barcelona celebra un partido quincenal cada viernes de febrero a mayo. Ya hace tres a\u00f1os que esta liga de f\u00fatbol sala involucra a j\u00f3venes del barrio de 10 a 14 a\u00f1os que no pueden participar en un equipo federado. Tal como nos cuenta Mireia Mirasol, educadora responsable Centre Obert d\u2019Adolescents (COA) del Bes\u00f2s, que participa activamente, \u00abla liga potencia los valores por encima de la competici\u00f3n y fomenta el respeto entre los participantes, potencia el compromiso , la responsabilidad y la tolerancia a trav\u00e9s de la pr\u00e1ctica deportiva.\u00bb La educadora explica que es tambi\u00e9n una manera de fomentar la cohesi\u00f3n social ya que, a trav\u00e9s de la liga, \u00abse involucran diferentes grupos de adolescentes del Bes\u00f2s &#8211; Maresme, se conocen y se relacionan en un ambiente sano y de disfrute.\u201d<\/p>\n<p>Los inicios de la liga se sit\u00faan en el curso 2013-2014 a trav\u00e9s del acuerdo entre cuatro entidades y servicios del barrio: el Casal Infantil El Vaixell, Grup d&#8217;Esports-Associaci\u00f3 En Xarxa, la asociaci\u00f3n Sant Mart\u00ed Esport (ASME) i el Centre Obert d\u2019Adolescents (COA) del Casal dels Infants. A la siguiente edici\u00f3n se sumaron la associaci\u00f3n Arts Esc\u00e8niques Jove i el instituto IES Rambla Prim. Mireia tambi\u00e9n comenta que \u00aben la entrega de premios de la segunda edici\u00f3n se premi\u00f3 a todos los equipos para poner en valor el respeto y solidaridad entre los participantes por encima de la competici\u00f3n.\u00bb<\/p>\n<p>En esta \u00faltima edici\u00f3n ha aumentado la participaci\u00f3n de j\u00f3venes del barrio y, como novedad, se ha sumado la entidad FutbolNet de la Fundaci\u00f3n del FC Barcelona como participante en la liga. En total participan 6 entidades del barrio con 7 equipos, donde el Centre Obert d\u2019Adolescents del Casal presenta dos equipos por primera vez. Adem\u00e1s, se intenta que los \u00e1rbitros de los partidos sean j\u00f3venes de 16 a 20 del barrio y el Casal aporta un educador, este a\u00f1o Toni Machado, que hace el seguimiento y coordinaci\u00f3n de los partidos y vela por el buen desarrollo de la liga.<\/p>\n<p>Se calcula que en esta tercera edici\u00f3n participan unos 150 j\u00f3venes del barrio, y teniendo en cuenta que cada a\u00f1o aumenta tambi\u00e9n el n\u00famero de entidades y p\u00fablico que participa, podemos decir que la liga es todo un \u00e9xito.<\/p>\n","protected":false},"excerpt":{"rendered":"<p>La liga quiere fomentar el respeto entre los participantes y potenciar el compromiso, la responsabilidad y la tolerancia a trav\u00e9s de la pr\u00e1ctica deportiva. La 3\u00aa Liga de Futsal del Barrio Bes\u00f2s &#8211; Maresme de Barcelona celebra un partido quincenal cada viernes de febrero a mayo. Ya hace tres a\u00f1os que esta liga de f\u00fatbol [&hellip;]<\/p>\n","protected":false},"author":1,"featured_media":3635,"comment_status":"open","ping_status":"open","sticky":false,"template":"","format":"standard","meta":{"_acf_changed":false,"_et_pb_use_builder":"","_et_pb_old_content":"","_et_gb_content_width":"","inline_featured_image":false,"footnotes":""},"categories":[125],"tags":[],"seus":[],"eixos":[],"class_list":["post-4558","post","type-post","status-publish","format-standard","has-post-thumbnail","hentry","category-noticias"],"acf":[],"yoast_head":"<!-- This site is optimized with the Yoast SEO plugin v27.4 - https:\/\/yoast.com\/product\/yoast-seo-wordpress\/ -->\n<title>El Casal participa en la 3\u00aa Liga de Futsal del Bes\u00f2s - Casal dels Infants<\/title>\n<meta name=\"robots\" content=\"index, follow, max-snippet:-1, max-image-preview:large, max-video-preview:-1\" \/>\n<link rel=\"canonical\" href=\"https:\/\/www.casaldelsinfants.org\/es\/actualidad\/el-casal-participa-en-la-3a-liga-de-futsal-del-besos\/\" \/>\n<meta property=\"og:locale\" content=\"es_ES\" \/>\n<meta property=\"og:type\" content=\"article\" \/>\n<meta property=\"og:title\" content=\"El Casal participa en la 3\u00aa Liga de Futsal del Bes\u00f2s - Casal dels Infants\" \/>\n<meta property=\"og:description\" content=\"La liga quiere fomentar el respeto entre los participantes y potenciar el compromiso, la responsabilidad y la tolerancia a trav\u00e9s de la pr\u00e1ctica deportiva. La 3\u00aa Liga de Futsal del Barrio Bes\u00f2s &#8211; Maresme de Barcelona celebra un partido quincenal cada viernes de febrero a mayo. Ya hace tres a\u00f1os que esta liga de f\u00fatbol [&hellip;]\" \/>\n<meta property=\"og:url\" content=\"https:\/\/www.casaldelsinfants.org\/es\/actualidad\/el-casal-participa-en-la-3a-liga-de-futsal-del-besos\/\" \/>\n<meta property=\"og:site_name\" content=\"Casal dels Infants\" \/>\n<meta property=\"article:publisher\" content=\"https:\/\/www.facebook.com\/casalinfants\" \/>\n<meta property=\"article:published_time\" content=\"2017-11-17T14:32:05+00:00\" \/>\n<meta property=\"article:modified_time\" content=\"2023-05-01T17:09:49+00:00\" \/>\n<meta property=\"og:image\" content=\"https:\/\/www.casaldelsinfants.org\/wp-content\/uploads\/IMG-20160229-WA0007.jpg\" \/>\n\t<meta property=\"og:image:width\" content=\"960\" \/>\n\t<meta property=\"og:image:height\" content=\"1600\" \/>\n\t<meta property=\"og:image:type\" content=\"image\/jpeg\" \/>\n<meta name=\"author\" content=\"cdiAdmin\" \/>\n<meta name=\"twitter:card\" content=\"summary_large_image\" \/>\n<meta name=\"twitter:creator\" content=\"@casalinfants\" \/>\n<meta name=\"twitter:site\" content=\"@casalinfants\" \/>\n<meta name=\"twitter:label1\" content=\"Escrito por\" \/>\n\t<meta name=\"twitter:data1\" content=\"cdiAdmin\" \/>\n\t<meta name=\"twitter:label2\" content=\"Tiempo de lectura\" \/>\n\t<meta name=\"twitter:data2\" content=\"2 minutos\" \/>\n<script type=\"application\/ld+json\" class=\"yoast-schema-graph\">{\"@context\":\"https:\\\/\\\/schema.org\",\"@graph\":[{\"@type\":\"Article\",\"@id\":\"https:\\\/\\\/www.casaldelsinfants.org\\\/es\\\/actualidad\\\/el-casal-participa-en-la-3a-liga-de-futsal-del-besos\\\/#article\",\"isPartOf\":{\"@id\":\"https:\\\/\\\/www.casaldelsinfants.org\\\/es\\\/actualidad\\\/el-casal-participa-en-la-3a-liga-de-futsal-del-besos\\\/\"},\"author\":{\"name\":\"cdiAdmin\",\"@id\":\"https:\\\/\\\/www.casaldelsinfants.org\\\/es\\\/#\\\/schema\\\/person\\\/97707fc8c64900cf36891127dbf9fba8\"},\"headline\":\"El Casal participa en la 3\u00aa Liga de Futsal del Bes\u00f2s\",\"datePublished\":\"2017-11-17T14:32:05+00:00\",\"dateModified\":\"2023-05-01T17:09:49+00:00\",\"mainEntityOfPage\":{\"@id\":\"https:\\\/\\\/www.casaldelsinfants.org\\\/es\\\/actualidad\\\/el-casal-participa-en-la-3a-liga-de-futsal-del-besos\\\/\"},\"wordCount\":447,\"commentCount\":0,\"publisher\":{\"@id\":\"https:\\\/\\\/www.casaldelsinfants.org\\\/es\\\/#organization\"},\"image\":{\"@id\":\"https:\\\/\\\/www.casaldelsinfants.org\\\/es\\\/actualidad\\\/el-casal-participa-en-la-3a-liga-de-futsal-del-besos\\\/#primaryimage\"},\"thumbnailUrl\":\"https:\\\/\\\/www.casaldelsinfants.org\\\/wp-content\\\/uploads\\\/IMG-20160229-WA0007.jpg\",\"articleSection\":[\"Noticia\"],\"inLanguage\":\"es\",\"potentialAction\":[{\"@type\":\"CommentAction\",\"name\":\"Comment\",\"target\":[\"https:\\\/\\\/www.casaldelsinfants.org\\\/es\\\/actualidad\\\/el-casal-participa-en-la-3a-liga-de-futsal-del-besos\\\/#respond\"]}]},{\"@type\":\"WebPage\",\"@id\":\"https:\\\/\\\/www.casaldelsinfants.org\\\/es\\\/actualidad\\\/el-casal-participa-en-la-3a-liga-de-futsal-del-besos\\\/\",\"url\":\"https:\\\/\\\/www.casaldelsinfants.org\\\/es\\\/actualidad\\\/el-casal-participa-en-la-3a-liga-de-futsal-del-besos\\\/\",\"name\":\"El Casal participa en la 3\u00aa Liga de Futsal del Bes\u00f2s - Casal dels Infants\",\"isPartOf\":{\"@id\":\"https:\\\/\\\/www.casaldelsinfants.org\\\/es\\\/#website\"},\"primaryImageOfPage\":{\"@id\":\"https:\\\/\\\/www.casaldelsinfants.org\\\/es\\\/actualidad\\\/el-casal-participa-en-la-3a-liga-de-futsal-del-besos\\\/#primaryimage\"},\"image\":{\"@id\":\"https:\\\/\\\/www.casaldelsinfants.org\\\/es\\\/actualidad\\\/el-casal-participa-en-la-3a-liga-de-futsal-del-besos\\\/#primaryimage\"},\"thumbnailUrl\":\"https:\\\/\\\/www.casaldelsinfants.org\\\/wp-content\\\/uploads\\\/IMG-20160229-WA0007.jpg\",\"datePublished\":\"2017-11-17T14:32:05+00:00\",\"dateModified\":\"2023-05-01T17:09:49+00:00\",\"breadcrumb\":{\"@id\":\"https:\\\/\\\/www.casaldelsinfants.org\\\/es\\\/actualidad\\\/el-casal-participa-en-la-3a-liga-de-futsal-del-besos\\\/#breadcrumb\"},\"inLanguage\":\"es\",\"potentialAction\":[{\"@type\":\"ReadAction\",\"target\":[\"https:\\\/\\\/www.casaldelsinfants.org\\\/es\\\/actualidad\\\/el-casal-participa-en-la-3a-liga-de-futsal-del-besos\\\/\"]}]},{\"@type\":\"ImageObject\",\"inLanguage\":\"es\",\"@id\":\"https:\\\/\\\/www.casaldelsinfants.org\\\/es\\\/actualidad\\\/el-casal-participa-en-la-3a-liga-de-futsal-del-besos\\\/#primaryimage\",\"url\":\"https:\\\/\\\/www.casaldelsinfants.org\\\/wp-content\\\/uploads\\\/IMG-20160229-WA0007.jpg\",\"contentUrl\":\"https:\\\/\\\/www.casaldelsinfants.org\\\/wp-content\\\/uploads\\\/IMG-20160229-WA0007.jpg\",\"width\":960,\"height\":1600,\"caption\":\"El Casal participa a la 3a Lliga de Futsal del Bes\u00f2s\"},{\"@type\":\"BreadcrumbList\",\"@id\":\"https:\\\/\\\/www.casaldelsinfants.org\\\/es\\\/actualidad\\\/el-casal-participa-en-la-3a-liga-de-futsal-del-besos\\\/#breadcrumb\",\"itemListElement\":[{\"@type\":\"ListItem\",\"position\":1,\"name\":\"Inici\",\"item\":\"https:\\\/\\\/www.casaldelsinfants.org\\\/es\\\/\"},{\"@type\":\"ListItem\",\"position\":2,\"name\":\"El Casal participa en la 3\u00aa Liga de Futsal del Bes\u00f2s\"}]},{\"@type\":\"WebSite\",\"@id\":\"https:\\\/\\\/www.casaldelsinfants.org\\\/es\\\/#website\",\"url\":\"https:\\\/\\\/www.casaldelsinfants.org\\\/es\\\/\",\"name\":\"Casal dels Infants\",\"description\":\"\",\"publisher\":{\"@id\":\"https:\\\/\\\/www.casaldelsinfants.org\\\/es\\\/#organization\"},\"potentialAction\":[{\"@type\":\"SearchAction\",\"target\":{\"@type\":\"EntryPoint\",\"urlTemplate\":\"https:\\\/\\\/www.casaldelsinfants.org\\\/es\\\/?s={search_term_string}\"},\"query-input\":{\"@type\":\"PropertyValueSpecification\",\"valueRequired\":true,\"valueName\":\"search_term_string\"}}],\"inLanguage\":\"es\"},{\"@type\":\"Organization\",\"@id\":\"https:\\\/\\\/www.casaldelsinfants.org\\\/es\\\/#organization\",\"name\":\"Casal dels Infants\",\"url\":\"https:\\\/\\\/www.casaldelsinfants.org\\\/es\\\/\",\"logo\":{\"@type\":\"ImageObject\",\"inLanguage\":\"es\",\"@id\":\"https:\\\/\\\/www.casaldelsinfants.org\\\/es\\\/#\\\/schema\\\/logo\\\/image\\\/\",\"url\":\"https:\\\/\\\/www.casaldelsinfants.org\\\/wp-content\\\/uploads\\\/logo-mail.png\",\"contentUrl\":\"https:\\\/\\\/www.casaldelsinfants.org\\\/wp-content\\\/uploads\\\/logo-mail.png\",\"width\":380,\"height\":158,\"caption\":\"Casal dels Infants\"},\"image\":{\"@id\":\"https:\\\/\\\/www.casaldelsinfants.org\\\/es\\\/#\\\/schema\\\/logo\\\/image\\\/\"},\"sameAs\":[\"https:\\\/\\\/www.facebook.com\\\/casalinfants\",\"https:\\\/\\\/x.com\\\/casalinfants\",\"https:\\\/\\\/www.youtube.com\\\/user\\\/CasaldelsInfants1\",\"https:\\\/\\\/www.instagram.com\\\/casalinfants\\\/\",\"https:\\\/\\\/www.linkedin.com\\\/company\\\/casaldelsinfants?trk=organization-update_share-update_actor-text\"]},{\"@type\":\"Person\",\"@id\":\"https:\\\/\\\/www.casaldelsinfants.org\\\/es\\\/#\\\/schema\\\/person\\\/97707fc8c64900cf36891127dbf9fba8\",\"name\":\"cdiAdmin\",\"sameAs\":[\"https:\\\/\\\/casaldelsinfants.org\"]}]}<\/script>\n<!-- \/ Yoast SEO plugin. -->","yoast_head_json":{"title":"El Casal participa en la 3\u00aa Liga de Futsal del Bes\u00f2s - Casal dels Infants","robots":{"index":"index","follow":"follow","max-snippet":"max-snippet:-1","max-image-preview":"max-image-preview:large","max-video-preview":"max-video-preview:-1"},"canonical":"https:\/\/www.casaldelsinfants.org\/es\/actualidad\/el-casal-participa-en-la-3a-liga-de-futsal-del-besos\/","og_locale":"es_ES","og_type":"article","og_title":"El Casal participa en la 3\u00aa Liga de Futsal del Bes\u00f2s - Casal dels Infants","og_description":"La liga quiere fomentar el respeto entre los participantes y potenciar el compromiso, la responsabilidad y la tolerancia a trav\u00e9s de la pr\u00e1ctica deportiva. La 3\u00aa Liga de Futsal del Barrio Bes\u00f2s &#8211; Maresme de Barcelona celebra un partido quincenal cada viernes de febrero a mayo. Ya hace tres a\u00f1os que esta liga de f\u00fatbol [&hellip;]","og_url":"https:\/\/www.casaldelsinfants.org\/es\/actualidad\/el-casal-participa-en-la-3a-liga-de-futsal-del-besos\/","og_site_name":"Casal dels Infants","article_publisher":"https:\/\/www.facebook.com\/casalinfants","article_published_time":"2017-11-17T14:32:05+00:00","article_modified_time":"2023-05-01T17:09:49+00:00","og_image":[{"width":960,"height":1600,"url":"https:\/\/www.casaldelsinfants.org\/wp-content\/uploads\/IMG-20160229-WA0007.jpg","type":"image\/jpeg"}],"author":"cdiAdmin","twitter_card":"summary_large_image","twitter_creator":"@casalinfants","twitter_site":"@casalinfants","twitter_misc":{"Escrito por":"cdiAdmin","Tiempo de lectura":"2 minutos"},"schema":{"@context":"https:\/\/schema.org","@graph":[{"@type":"Article","@id":"https:\/\/www.casaldelsinfants.org\/es\/actualidad\/el-casal-participa-en-la-3a-liga-de-futsal-del-besos\/#article","isPartOf":{"@id":"https:\/\/www.casaldelsinfants.org\/es\/actualidad\/el-casal-participa-en-la-3a-liga-de-futsal-del-besos\/"},"author":{"name":"cdiAdmin","@id":"https:\/\/www.casaldelsinfants.org\/es\/#\/schema\/person\/97707fc8c64900cf36891127dbf9fba8"},"headline":"El Casal participa en la 3\u00aa Liga de Futsal del Bes\u00f2s","datePublished":"2017-11-17T14:32:05+00:00","dateModified":"2023-05-01T17:09:49+00:00","mainEntityOfPage":{"@id":"https:\/\/www.casaldelsinfants.org\/es\/actualidad\/el-casal-participa-en-la-3a-liga-de-futsal-del-besos\/"},"wordCount":447,"commentCount":0,"publisher":{"@id":"https:\/\/www.casaldelsinfants.org\/es\/#organization"},"image":{"@id":"https:\/\/www.casaldelsinfants.org\/es\/actualidad\/el-casal-participa-en-la-3a-liga-de-futsal-del-besos\/#primaryimage"},"thumbnailUrl":"https:\/\/www.casaldelsinfants.org\/wp-content\/uploads\/IMG-20160229-WA0007.jpg","articleSection":["Noticia"],"inLanguage":"es","potentialAction":[{"@type":"CommentAction","name":"Comment","target":["https:\/\/www.casaldelsinfants.org\/es\/actualidad\/el-casal-participa-en-la-3a-liga-de-futsal-del-besos\/#respond"]}]},{"@type":"WebPage","@id":"https:\/\/www.casaldelsinfants.org\/es\/actualidad\/el-casal-participa-en-la-3a-liga-de-futsal-del-besos\/","url":"https:\/\/www.casaldelsinfants.org\/es\/actualidad\/el-casal-participa-en-la-3a-liga-de-futsal-del-besos\/","name":"El Casal participa en la 3\u00aa Liga de Futsal del Bes\u00f2s - Casal dels Infants","isPartOf":{"@id":"https:\/\/www.casaldelsinfants.org\/es\/#website"},"primaryImageOfPage":{"@id":"https:\/\/www.casaldelsinfants.org\/es\/actualidad\/el-casal-participa-en-la-3a-liga-de-futsal-del-besos\/#primaryimage"},"image":{"@id":"https:\/\/www.casaldelsinfants.org\/es\/actualidad\/el-casal-participa-en-la-3a-liga-de-futsal-del-besos\/#primaryimage"},"thumbnailUrl":"https:\/\/www.casaldelsinfants.org\/wp-content\/uploads\/IMG-20160229-WA0007.jpg","datePublished":"2017-11-17T14:32:05+00:00","dateModified":"2023-05-01T17:09:49+00:00","breadcrumb":{"@id":"https:\/\/www.casaldelsinfants.org\/es\/actualidad\/el-casal-participa-en-la-3a-liga-de-futsal-del-besos\/#breadcrumb"},"inLanguage":"es","potentialAction":[{"@type":"ReadAction","target":["https:\/\/www.casaldelsinfants.org\/es\/actualidad\/el-casal-participa-en-la-3a-liga-de-futsal-del-besos\/"]}]},{"@type":"ImageObject","inLanguage":"es","@id":"https:\/\/www.casaldelsinfants.org\/es\/actualidad\/el-casal-participa-en-la-3a-liga-de-futsal-del-besos\/#primaryimage","url":"https:\/\/www.casaldelsinfants.org\/wp-content\/uploads\/IMG-20160229-WA0007.jpg","contentUrl":"https:\/\/www.casaldelsinfants.org\/wp-content\/uploads\/IMG-20160229-WA0007.jpg","width":960,"height":1600,"caption":"El Casal participa a la 3a Lliga de Futsal del Bes\u00f2s"},{"@type":"BreadcrumbList","@id":"https:\/\/www.casaldelsinfants.org\/es\/actualidad\/el-casal-participa-en-la-3a-liga-de-futsal-del-besos\/#breadcrumb","itemListElement":[{"@type":"ListItem","position":1,"name":"Inici","item":"https:\/\/www.casaldelsinfants.org\/es\/"},{"@type":"ListItem","position":2,"name":"El Casal participa en la 3\u00aa Liga de Futsal del Bes\u00f2s"}]},{"@type":"WebSite","@id":"https:\/\/www.casaldelsinfants.org\/es\/#website","url":"https:\/\/www.casaldelsinfants.org\/es\/","name":"Casal dels Infants","description":"","publisher":{"@id":"https:\/\/www.casaldelsinfants.org\/es\/#organization"},"potentialAction":[{"@type":"SearchAction","target":{"@type":"EntryPoint","urlTemplate":"https:\/\/www.casaldelsinfants.org\/es\/?s={search_term_string}"},"query-input":{"@type":"PropertyValueSpecification","valueRequired":true,"valueName":"search_term_string"}}],"inLanguage":"es"},{"@type":"Organization","@id":"https:\/\/www.casaldelsinfants.org\/es\/#organization","name":"Casal dels Infants","url":"https:\/\/www.casaldelsinfants.org\/es\/","logo":{"@type":"ImageObject","inLanguage":"es","@id":"https:\/\/www.casaldelsinfants.org\/es\/#\/schema\/logo\/image\/","url":"https:\/\/www.casaldelsinfants.org\/wp-content\/uploads\/logo-mail.png","contentUrl":"https:\/\/www.casaldelsinfants.org\/wp-content\/uploads\/logo-mail.png","width":380,"height":158,"caption":"Casal dels Infants"},"image":{"@id":"https:\/\/www.casaldelsinfants.org\/es\/#\/schema\/logo\/image\/"},"sameAs":["https:\/\/www.facebook.com\/casalinfants","https:\/\/x.com\/casalinfants","https:\/\/www.youtube.com\/user\/CasaldelsInfants1","https:\/\/www.instagram.com\/casalinfants\/","https:\/\/www.linkedin.com\/company\/casaldelsinfants?trk=organization-update_share-update_actor-text"]},{"@type":"Person","@id":"https:\/\/www.casaldelsinfants.org\/es\/#\/schema\/person\/97707fc8c64900cf36891127dbf9fba8","name":"cdiAdmin","sameAs":["https:\/\/casaldelsinfants.org"]}]}},"publishpress_future_action":{"enabled":false,"date":"2026-05-09 10:27:01","action":"change-status","newStatus":"draft","terms":[],"taxonomy":"category","extraData":[]},"publishpress_future_workflow_manual_trigger":{"enabledWorkflows":[]},"_links":{"self":[{"href":"https:\/\/www.casaldelsinfants.org\/es\/wp-json\/wp\/v2\/posts\/4558","targetHints":{"allow":["GET"]}}],"collection":[{"href":"https:\/\/www.casaldelsinfants.org\/es\/wp-json\/wp\/v2\/posts"}],"about":[{"href":"https:\/\/www.casaldelsinfants.org\/es\/wp-json\/wp\/v2\/types\/post"}],"author":[{"embeddable":true,"href":"https:\/\/www.casaldelsinfants.org\/es\/wp-json\/wp\/v2\/users\/1"}],"replies":[{"embeddable":true,"href":"https:\/\/www.casaldelsinfants.org\/es\/wp-json\/wp\/v2\/comments?post=4558"}],"version-history":[{"count":1,"href":"https:\/\/www.casaldelsinfants.org\/es\/wp-json\/wp\/v2\/posts\/4558\/revisions"}],"predecessor-version":[{"id":6470,"href":"https:\/\/www.casaldelsinfants.org\/es\/wp-json\/wp\/v2\/posts\/4558\/revisions\/6470"}],"wp:featuredmedia":[{"embeddable":true,"href":"https:\/\/www.casaldelsinfants.org\/es\/wp-json\/wp\/v2\/media\/3635"}],"wp:attachment":[{"href":"https:\/\/www.casaldelsinfants.org\/es\/wp-json\/wp\/v2\/media?parent=4558"}],"wp:term":[{"taxonomy":"category","embeddable":true,"href":"https:\/\/www.casaldelsinfants.org\/es\/wp-json\/wp\/v2\/categories?post=4558"},{"taxonomy":"post_tag","embeddable":true,"href":"https:\/\/www.casaldelsinfants.org\/es\/wp-json\/wp\/v2\/tags?post=4558"},{"taxonomy":"seus","embeddable":true,"href":"https:\/\/www.casaldelsinfants.org\/es\/wp-json\/wp\/v2\/seus?post=4558"},{"taxonomy":"eixos","embeddable":true,"href":"https:\/\/www.casaldelsinfants.org\/es\/wp-json\/wp\/v2\/eixos?post=4558"}],"curies":[{"name":"wp","href":"https:\/\/api.w.org\/{rel}","templated":true}]}}