{"id":4560,"date":"2017-11-17T16:30:33","date_gmt":"2017-11-17T14:30:33","guid":{"rendered":"https:\/\/casal.puntzero.cat\/noticies\/cuina-i-teatre-al-creixement-personal-dels-infants\/"},"modified":"2023-05-01T19:10:03","modified_gmt":"2023-05-01T17:10:03","slug":"cuina-i-teatre-al-creixement-personal-dels-infants","status":"publish","type":"post","link":"https:\/\/www.casaldelsinfants.org\/es\/actualidad\/cocina-y-teatro-para-el-crecimiento-personal-de-los-ninos-y-ninas\/","title":{"rendered":"Cocina y teatro para el crecimiento personal  de los ni\u00f1os y ni\u00f1as"},"content":{"rendered":"<h4><img decoding=\"async\" src=\"\/wp-content\/uploads\/Cuinateatre.jpg\" border=\"0\" width=\"350\" style=\"float: left; margin-left: 10px; margin-right: 10px;\" \/>Los ni\u00f1os y ni\u00f1as de los Casals de Santa Coloma y Badalona preparan una obra de teatro muy especial: un men\u00fa degustaci\u00f3n de los sentidos con el que aprenden a conocerse mientras hacen de actores y actrices. Para hilar fino con el papel de cocineros\/as que representar\u00e1n, han visitado el restaurante Can Armengol de Santa Coloma y han aprendido mucho!<\/h4>\n<p>La representaci\u00f3n de la obra de teatro se har\u00e1 el s\u00e1bado 28 de mayo pero no ser\u00e1 una obra corriente: el p\u00fablico har\u00e1 de comensal. Los asistentes podr\u00e1n viajar por todo el mundo a trav\u00e9s del men\u00fa degustaci\u00f3n, que incluir\u00e1 recetas de todo tipo. Eso s\u00ed, no habr\u00e1 comida, s\u00f3lo interpretaci\u00f3n y sonidos.<\/p>\n<p>La representaci\u00f3n es s\u00f3lo el final del camino, pero los ni\u00f1os y ni\u00f1as est\u00e1n sacando mucho provecho de la preparaci\u00f3n, asegura la actriz, tallerista y voluntaria del Casal, Mamen Duch, que lidera la iniciativa junto con la tambi\u00e9n actriz Lisa Marrani. Los grupos son de 10 ni\u00f1os, de or\u00edgenes diversos, que explican cu\u00e1les son sus costumbres con la comida. \u00abSe trabaja mucho la escucha, la parte sensorial, la fantas\u00eda, la imaginaci\u00f3n, el enriquecimiento entre culturas&#8230;\u00bb asegura Duch.<\/p>\n<p>Durante los talleres, la gastronom\u00eda sirve como excusa para que los ni\u00f1os hagan un proceso de autoconocimiento, a la vez que aprenden t\u00e9cnicas de relajaci\u00f3n, de yoga y de representaci\u00f3n. Adem\u00e1s, ellos mismos toman sus propias decisiones. Hacer la obra de teatro ha sido la principal, asegura Sara Herranz, educadora de los ni\u00f1os y ni\u00f1as de la Vamos y Volvemos de Santa Coloma, \u00abhubieran podido decantarse por no hacerla, pero decidieron tener este objetivo al final del curso&#8230; \u00a1Est\u00e1n muy contentos y motivados!<\/p>\n<p>El proceso creativo ha sido muy completo, tanto, que los chicos y chicas visitaron el restaurante Can Armengol de Santa Coloma para ponerse en el papel de un cocinero. All\u00ed los atendi\u00f3 Francesc que respondi\u00f3 todas las preguntas de los ni\u00f1os y ni\u00f1as, que se mostraron muy interesados. El restaurante, adem\u00e1s, se comprometi\u00f3 a dejarlos utensilios de cocina para la elaboraci\u00f3n de la obra de teatro y los regal\u00f3 sombreros de cocina.<\/p>\n<p>Quedan pocas semanas para la representaci\u00f3n y los ni\u00f1os y ni\u00f1as est\u00e1n impacientes para mostrar qu\u00e9 han aprendido&#8230; \u00a1Os esperamos!<\/p>\n","protected":false},"excerpt":{"rendered":"<p>Los ni\u00f1os y ni\u00f1as de los Casals de Santa Coloma y Badalona preparan una obra de teatro muy especial: un men\u00fa degustaci\u00f3n de los sentidos con el que aprenden a conocerse mientras hacen de actores y actrices. Para hilar fino con el papel de cocineros\/as que representar\u00e1n, han visitado el restaurante Can Armengol de Santa [&hellip;]<\/p>\n","protected":false},"author":1,"featured_media":3641,"comment_status":"open","ping_status":"open","sticky":false,"template":"","format":"standard","meta":{"_acf_changed":false,"_et_pb_use_builder":"","_et_pb_old_content":"","_et_gb_content_width":"","inline_featured_image":false,"footnotes":""},"categories":[125],"tags":[],"seus":[],"eixos":[],"class_list":["post-4560","post","type-post","status-publish","format-standard","has-post-thumbnail","hentry","category-noticias"],"acf":[],"yoast_head":"<!-- This site is optimized with the Yoast SEO plugin v27.4 - https:\/\/yoast.com\/product\/yoast-seo-wordpress\/ -->\n<title>Cocina y teatro para el crecimiento personal de los ni\u00f1os y ni\u00f1as - Casal dels Infants<\/title>\n<meta name=\"robots\" content=\"index, follow, max-snippet:-1, max-image-preview:large, max-video-preview:-1\" \/>\n<link rel=\"canonical\" href=\"https:\/\/www.casaldelsinfants.org\/es\/actualidad\/cocina-y-teatro-para-el-crecimiento-personal-de-los-ninos-y-ninas\/\" \/>\n<meta property=\"og:locale\" content=\"es_ES\" \/>\n<meta property=\"og:type\" content=\"article\" \/>\n<meta property=\"og:title\" content=\"Cocina y teatro para el crecimiento personal de los ni\u00f1os y ni\u00f1as - Casal dels Infants\" \/>\n<meta property=\"og:description\" content=\"Los ni\u00f1os y ni\u00f1as de los Casals de Santa Coloma y Badalona preparan una obra de teatro muy especial: un men\u00fa degustaci\u00f3n de los sentidos con el que aprenden a conocerse mientras hacen de actores y actrices. Para hilar fino con el papel de cocineros\/as que representar\u00e1n, han visitado el restaurante Can Armengol de Santa [&hellip;]\" \/>\n<meta property=\"og:url\" content=\"https:\/\/www.casaldelsinfants.org\/es\/actualidad\/cocina-y-teatro-para-el-crecimiento-personal-de-los-ninos-y-ninas\/\" \/>\n<meta property=\"og:site_name\" content=\"Casal dels Infants\" \/>\n<meta property=\"article:publisher\" content=\"https:\/\/www.facebook.com\/casalinfants\" \/>\n<meta property=\"article:published_time\" content=\"2017-11-17T14:30:33+00:00\" \/>\n<meta property=\"article:modified_time\" content=\"2023-05-01T17:10:03+00:00\" \/>\n<meta property=\"og:image\" content=\"https:\/\/www.casaldelsinfants.org\/wp-content\/uploads\/Cuinateatre.jpg\" \/>\n\t<meta property=\"og:image:width\" content=\"1600\" \/>\n\t<meta property=\"og:image:height\" content=\"1195\" \/>\n\t<meta property=\"og:image:type\" content=\"image\/jpeg\" \/>\n<meta name=\"author\" content=\"cdiAdmin\" \/>\n<meta name=\"twitter:card\" content=\"summary_large_image\" \/>\n<meta name=\"twitter:creator\" content=\"@casalinfants\" \/>\n<meta name=\"twitter:site\" content=\"@casalinfants\" \/>\n<meta name=\"twitter:label1\" content=\"Escrito por\" \/>\n\t<meta name=\"twitter:data1\" content=\"cdiAdmin\" \/>\n\t<meta name=\"twitter:label2\" content=\"Tiempo de lectura\" \/>\n\t<meta name=\"twitter:data2\" content=\"2 minutos\" \/>\n<script type=\"application\/ld+json\" class=\"yoast-schema-graph\">{\"@context\":\"https:\\\/\\\/schema.org\",\"@graph\":[{\"@type\":\"Article\",\"@id\":\"https:\\\/\\\/www.casaldelsinfants.org\\\/es\\\/actualidad\\\/cocina-y-teatro-para-el-crecimiento-personal-de-los-ninos-y-ninas\\\/#article\",\"isPartOf\":{\"@id\":\"https:\\\/\\\/www.casaldelsinfants.org\\\/es\\\/actualidad\\\/cocina-y-teatro-para-el-crecimiento-personal-de-los-ninos-y-ninas\\\/\"},\"author\":{\"name\":\"cdiAdmin\",\"@id\":\"https:\\\/\\\/www.casaldelsinfants.org\\\/es\\\/#\\\/schema\\\/person\\\/97707fc8c64900cf36891127dbf9fba8\"},\"headline\":\"Cocina y teatro para el crecimiento personal de los ni\u00f1os y ni\u00f1as\",\"datePublished\":\"2017-11-17T14:30:33+00:00\",\"dateModified\":\"2023-05-01T17:10:03+00:00\",\"mainEntityOfPage\":{\"@id\":\"https:\\\/\\\/www.casaldelsinfants.org\\\/es\\\/actualidad\\\/cocina-y-teatro-para-el-crecimiento-personal-de-los-ninos-y-ninas\\\/\"},\"wordCount\":419,\"commentCount\":0,\"publisher\":{\"@id\":\"https:\\\/\\\/www.casaldelsinfants.org\\\/es\\\/#organization\"},\"image\":{\"@id\":\"https:\\\/\\\/www.casaldelsinfants.org\\\/es\\\/actualidad\\\/cocina-y-teatro-para-el-crecimiento-personal-de-los-ninos-y-ninas\\\/#primaryimage\"},\"thumbnailUrl\":\"https:\\\/\\\/www.casaldelsinfants.org\\\/wp-content\\\/uploads\\\/Cuinateatre.jpg\",\"articleSection\":[\"Noticia\"],\"inLanguage\":\"es\",\"potentialAction\":[{\"@type\":\"CommentAction\",\"name\":\"Comment\",\"target\":[\"https:\\\/\\\/www.casaldelsinfants.org\\\/es\\\/actualidad\\\/cocina-y-teatro-para-el-crecimiento-personal-de-los-ninos-y-ninas\\\/#respond\"]}]},{\"@type\":\"WebPage\",\"@id\":\"https:\\\/\\\/www.casaldelsinfants.org\\\/es\\\/actualidad\\\/cocina-y-teatro-para-el-crecimiento-personal-de-los-ninos-y-ninas\\\/\",\"url\":\"https:\\\/\\\/www.casaldelsinfants.org\\\/es\\\/actualidad\\\/cocina-y-teatro-para-el-crecimiento-personal-de-los-ninos-y-ninas\\\/\",\"name\":\"Cocina y teatro para el crecimiento personal de los ni\u00f1os y ni\u00f1as - Casal dels Infants\",\"isPartOf\":{\"@id\":\"https:\\\/\\\/www.casaldelsinfants.org\\\/es\\\/#website\"},\"primaryImageOfPage\":{\"@id\":\"https:\\\/\\\/www.casaldelsinfants.org\\\/es\\\/actualidad\\\/cocina-y-teatro-para-el-crecimiento-personal-de-los-ninos-y-ninas\\\/#primaryimage\"},\"image\":{\"@id\":\"https:\\\/\\\/www.casaldelsinfants.org\\\/es\\\/actualidad\\\/cocina-y-teatro-para-el-crecimiento-personal-de-los-ninos-y-ninas\\\/#primaryimage\"},\"thumbnailUrl\":\"https:\\\/\\\/www.casaldelsinfants.org\\\/wp-content\\\/uploads\\\/Cuinateatre.jpg\",\"datePublished\":\"2017-11-17T14:30:33+00:00\",\"dateModified\":\"2023-05-01T17:10:03+00:00\",\"breadcrumb\":{\"@id\":\"https:\\\/\\\/www.casaldelsinfants.org\\\/es\\\/actualidad\\\/cocina-y-teatro-para-el-crecimiento-personal-de-los-ninos-y-ninas\\\/#breadcrumb\"},\"inLanguage\":\"es\",\"potentialAction\":[{\"@type\":\"ReadAction\",\"target\":[\"https:\\\/\\\/www.casaldelsinfants.org\\\/es\\\/actualidad\\\/cocina-y-teatro-para-el-crecimiento-personal-de-los-ninos-y-ninas\\\/\"]}]},{\"@type\":\"ImageObject\",\"inLanguage\":\"es\",\"@id\":\"https:\\\/\\\/www.casaldelsinfants.org\\\/es\\\/actualidad\\\/cocina-y-teatro-para-el-crecimiento-personal-de-los-ninos-y-ninas\\\/#primaryimage\",\"url\":\"https:\\\/\\\/www.casaldelsinfants.org\\\/wp-content\\\/uploads\\\/Cuinateatre.jpg\",\"contentUrl\":\"https:\\\/\\\/www.casaldelsinfants.org\\\/wp-content\\\/uploads\\\/Cuinateatre.jpg\",\"width\":1600,\"height\":1195,\"caption\":\"Un cuiner est\u00e0 fent una explicaci\u00f3 a un grup de nens i nenes a un restaurant.\"},{\"@type\":\"BreadcrumbList\",\"@id\":\"https:\\\/\\\/www.casaldelsinfants.org\\\/es\\\/actualidad\\\/cocina-y-teatro-para-el-crecimiento-personal-de-los-ninos-y-ninas\\\/#breadcrumb\",\"itemListElement\":[{\"@type\":\"ListItem\",\"position\":1,\"name\":\"Inici\",\"item\":\"https:\\\/\\\/www.casaldelsinfants.org\\\/es\\\/\"},{\"@type\":\"ListItem\",\"position\":2,\"name\":\"Cocina y teatro para el crecimiento personal de los ni\u00f1os y ni\u00f1as\"}]},{\"@type\":\"WebSite\",\"@id\":\"https:\\\/\\\/www.casaldelsinfants.org\\\/es\\\/#website\",\"url\":\"https:\\\/\\\/www.casaldelsinfants.org\\\/es\\\/\",\"name\":\"Casal dels Infants\",\"description\":\"\",\"publisher\":{\"@id\":\"https:\\\/\\\/www.casaldelsinfants.org\\\/es\\\/#organization\"},\"potentialAction\":[{\"@type\":\"SearchAction\",\"target\":{\"@type\":\"EntryPoint\",\"urlTemplate\":\"https:\\\/\\\/www.casaldelsinfants.org\\\/es\\\/?s={search_term_string}\"},\"query-input\":{\"@type\":\"PropertyValueSpecification\",\"valueRequired\":true,\"valueName\":\"search_term_string\"}}],\"inLanguage\":\"es\"},{\"@type\":\"Organization\",\"@id\":\"https:\\\/\\\/www.casaldelsinfants.org\\\/es\\\/#organization\",\"name\":\"Casal dels Infants\",\"url\":\"https:\\\/\\\/www.casaldelsinfants.org\\\/es\\\/\",\"logo\":{\"@type\":\"ImageObject\",\"inLanguage\":\"es\",\"@id\":\"https:\\\/\\\/www.casaldelsinfants.org\\\/es\\\/#\\\/schema\\\/logo\\\/image\\\/\",\"url\":\"https:\\\/\\\/www.casaldelsinfants.org\\\/wp-content\\\/uploads\\\/logo-mail.png\",\"contentUrl\":\"https:\\\/\\\/www.casaldelsinfants.org\\\/wp-content\\\/uploads\\\/logo-mail.png\",\"width\":380,\"height\":158,\"caption\":\"Casal dels Infants\"},\"image\":{\"@id\":\"https:\\\/\\\/www.casaldelsinfants.org\\\/es\\\/#\\\/schema\\\/logo\\\/image\\\/\"},\"sameAs\":[\"https:\\\/\\\/www.facebook.com\\\/casalinfants\",\"https:\\\/\\\/x.com\\\/casalinfants\",\"https:\\\/\\\/www.youtube.com\\\/user\\\/CasaldelsInfants1\",\"https:\\\/\\\/www.instagram.com\\\/casalinfants\\\/\",\"https:\\\/\\\/www.linkedin.com\\\/company\\\/casaldelsinfants?trk=organization-update_share-update_actor-text\"]},{\"@type\":\"Person\",\"@id\":\"https:\\\/\\\/www.casaldelsinfants.org\\\/es\\\/#\\\/schema\\\/person\\\/97707fc8c64900cf36891127dbf9fba8\",\"name\":\"cdiAdmin\",\"sameAs\":[\"https:\\\/\\\/casaldelsinfants.org\"]}]}<\/script>\n<!-- \/ Yoast SEO plugin. -->","yoast_head_json":{"title":"Cocina y teatro para el crecimiento personal de los ni\u00f1os y ni\u00f1as - Casal dels Infants","robots":{"index":"index","follow":"follow","max-snippet":"max-snippet:-1","max-image-preview":"max-image-preview:large","max-video-preview":"max-video-preview:-1"},"canonical":"https:\/\/www.casaldelsinfants.org\/es\/actualidad\/cocina-y-teatro-para-el-crecimiento-personal-de-los-ninos-y-ninas\/","og_locale":"es_ES","og_type":"article","og_title":"Cocina y teatro para el crecimiento personal de los ni\u00f1os y ni\u00f1as - Casal dels Infants","og_description":"Los ni\u00f1os y ni\u00f1as de los Casals de Santa Coloma y Badalona preparan una obra de teatro muy especial: un men\u00fa degustaci\u00f3n de los sentidos con el que aprenden a conocerse mientras hacen de actores y actrices. Para hilar fino con el papel de cocineros\/as que representar\u00e1n, han visitado el restaurante Can Armengol de Santa [&hellip;]","og_url":"https:\/\/www.casaldelsinfants.org\/es\/actualidad\/cocina-y-teatro-para-el-crecimiento-personal-de-los-ninos-y-ninas\/","og_site_name":"Casal dels Infants","article_publisher":"https:\/\/www.facebook.com\/casalinfants","article_published_time":"2017-11-17T14:30:33+00:00","article_modified_time":"2023-05-01T17:10:03+00:00","og_image":[{"width":1600,"height":1195,"url":"https:\/\/www.casaldelsinfants.org\/wp-content\/uploads\/Cuinateatre.jpg","type":"image\/jpeg"}],"author":"cdiAdmin","twitter_card":"summary_large_image","twitter_creator":"@casalinfants","twitter_site":"@casalinfants","twitter_misc":{"Escrito por":"cdiAdmin","Tiempo de lectura":"2 minutos"},"schema":{"@context":"https:\/\/schema.org","@graph":[{"@type":"Article","@id":"https:\/\/www.casaldelsinfants.org\/es\/actualidad\/cocina-y-teatro-para-el-crecimiento-personal-de-los-ninos-y-ninas\/#article","isPartOf":{"@id":"https:\/\/www.casaldelsinfants.org\/es\/actualidad\/cocina-y-teatro-para-el-crecimiento-personal-de-los-ninos-y-ninas\/"},"author":{"name":"cdiAdmin","@id":"https:\/\/www.casaldelsinfants.org\/es\/#\/schema\/person\/97707fc8c64900cf36891127dbf9fba8"},"headline":"Cocina y teatro para el crecimiento personal de los ni\u00f1os y ni\u00f1as","datePublished":"2017-11-17T14:30:33+00:00","dateModified":"2023-05-01T17:10:03+00:00","mainEntityOfPage":{"@id":"https:\/\/www.casaldelsinfants.org\/es\/actualidad\/cocina-y-teatro-para-el-crecimiento-personal-de-los-ninos-y-ninas\/"},"wordCount":419,"commentCount":0,"publisher":{"@id":"https:\/\/www.casaldelsinfants.org\/es\/#organization"},"image":{"@id":"https:\/\/www.casaldelsinfants.org\/es\/actualidad\/cocina-y-teatro-para-el-crecimiento-personal-de-los-ninos-y-ninas\/#primaryimage"},"thumbnailUrl":"https:\/\/www.casaldelsinfants.org\/wp-content\/uploads\/Cuinateatre.jpg","articleSection":["Noticia"],"inLanguage":"es","potentialAction":[{"@type":"CommentAction","name":"Comment","target":["https:\/\/www.casaldelsinfants.org\/es\/actualidad\/cocina-y-teatro-para-el-crecimiento-personal-de-los-ninos-y-ninas\/#respond"]}]},{"@type":"WebPage","@id":"https:\/\/www.casaldelsinfants.org\/es\/actualidad\/cocina-y-teatro-para-el-crecimiento-personal-de-los-ninos-y-ninas\/","url":"https:\/\/www.casaldelsinfants.org\/es\/actualidad\/cocina-y-teatro-para-el-crecimiento-personal-de-los-ninos-y-ninas\/","name":"Cocina y teatro para el crecimiento personal de los ni\u00f1os y ni\u00f1as - Casal dels Infants","isPartOf":{"@id":"https:\/\/www.casaldelsinfants.org\/es\/#website"},"primaryImageOfPage":{"@id":"https:\/\/www.casaldelsinfants.org\/es\/actualidad\/cocina-y-teatro-para-el-crecimiento-personal-de-los-ninos-y-ninas\/#primaryimage"},"image":{"@id":"https:\/\/www.casaldelsinfants.org\/es\/actualidad\/cocina-y-teatro-para-el-crecimiento-personal-de-los-ninos-y-ninas\/#primaryimage"},"thumbnailUrl":"https:\/\/www.casaldelsinfants.org\/wp-content\/uploads\/Cuinateatre.jpg","datePublished":"2017-11-17T14:30:33+00:00","dateModified":"2023-05-01T17:10:03+00:00","breadcrumb":{"@id":"https:\/\/www.casaldelsinfants.org\/es\/actualidad\/cocina-y-teatro-para-el-crecimiento-personal-de-los-ninos-y-ninas\/#breadcrumb"},"inLanguage":"es","potentialAction":[{"@type":"ReadAction","target":["https:\/\/www.casaldelsinfants.org\/es\/actualidad\/cocina-y-teatro-para-el-crecimiento-personal-de-los-ninos-y-ninas\/"]}]},{"@type":"ImageObject","inLanguage":"es","@id":"https:\/\/www.casaldelsinfants.org\/es\/actualidad\/cocina-y-teatro-para-el-crecimiento-personal-de-los-ninos-y-ninas\/#primaryimage","url":"https:\/\/www.casaldelsinfants.org\/wp-content\/uploads\/Cuinateatre.jpg","contentUrl":"https:\/\/www.casaldelsinfants.org\/wp-content\/uploads\/Cuinateatre.jpg","width":1600,"height":1195,"caption":"Un cuiner est\u00e0 fent una explicaci\u00f3 a un grup de nens i nenes a un restaurant."},{"@type":"BreadcrumbList","@id":"https:\/\/www.casaldelsinfants.org\/es\/actualidad\/cocina-y-teatro-para-el-crecimiento-personal-de-los-ninos-y-ninas\/#breadcrumb","itemListElement":[{"@type":"ListItem","position":1,"name":"Inici","item":"https:\/\/www.casaldelsinfants.org\/es\/"},{"@type":"ListItem","position":2,"name":"Cocina y teatro para el crecimiento personal de los ni\u00f1os y ni\u00f1as"}]},{"@type":"WebSite","@id":"https:\/\/www.casaldelsinfants.org\/es\/#website","url":"https:\/\/www.casaldelsinfants.org\/es\/","name":"Casal dels Infants","description":"","publisher":{"@id":"https:\/\/www.casaldelsinfants.org\/es\/#organization"},"potentialAction":[{"@type":"SearchAction","target":{"@type":"EntryPoint","urlTemplate":"https:\/\/www.casaldelsinfants.org\/es\/?s={search_term_string}"},"query-input":{"@type":"PropertyValueSpecification","valueRequired":true,"valueName":"search_term_string"}}],"inLanguage":"es"},{"@type":"Organization","@id":"https:\/\/www.casaldelsinfants.org\/es\/#organization","name":"Casal dels Infants","url":"https:\/\/www.casaldelsinfants.org\/es\/","logo":{"@type":"ImageObject","inLanguage":"es","@id":"https:\/\/www.casaldelsinfants.org\/es\/#\/schema\/logo\/image\/","url":"https:\/\/www.casaldelsinfants.org\/wp-content\/uploads\/logo-mail.png","contentUrl":"https:\/\/www.casaldelsinfants.org\/wp-content\/uploads\/logo-mail.png","width":380,"height":158,"caption":"Casal dels Infants"},"image":{"@id":"https:\/\/www.casaldelsinfants.org\/es\/#\/schema\/logo\/image\/"},"sameAs":["https:\/\/www.facebook.com\/casalinfants","https:\/\/x.com\/casalinfants","https:\/\/www.youtube.com\/user\/CasaldelsInfants1","https:\/\/www.instagram.com\/casalinfants\/","https:\/\/www.linkedin.com\/company\/casaldelsinfants?trk=organization-update_share-update_actor-text"]},{"@type":"Person","@id":"https:\/\/www.casaldelsinfants.org\/es\/#\/schema\/person\/97707fc8c64900cf36891127dbf9fba8","name":"cdiAdmin","sameAs":["https:\/\/casaldelsinfants.org"]}]}},"publishpress_future_action":{"enabled":false,"date":"2026-05-09 00:08:32","action":"change-status","newStatus":"draft","terms":[],"taxonomy":"category","extraData":[]},"publishpress_future_workflow_manual_trigger":{"enabledWorkflows":[]},"_links":{"self":[{"href":"https:\/\/www.casaldelsinfants.org\/es\/wp-json\/wp\/v2\/posts\/4560","targetHints":{"allow":["GET"]}}],"collection":[{"href":"https:\/\/www.casaldelsinfants.org\/es\/wp-json\/wp\/v2\/posts"}],"about":[{"href":"https:\/\/www.casaldelsinfants.org\/es\/wp-json\/wp\/v2\/types\/post"}],"author":[{"embeddable":true,"href":"https:\/\/www.casaldelsinfants.org\/es\/wp-json\/wp\/v2\/users\/1"}],"replies":[{"embeddable":true,"href":"https:\/\/www.casaldelsinfants.org\/es\/wp-json\/wp\/v2\/comments?post=4560"}],"version-history":[{"count":1,"href":"https:\/\/www.casaldelsinfants.org\/es\/wp-json\/wp\/v2\/posts\/4560\/revisions"}],"predecessor-version":[{"id":6472,"href":"https:\/\/www.casaldelsinfants.org\/es\/wp-json\/wp\/v2\/posts\/4560\/revisions\/6472"}],"wp:featuredmedia":[{"embeddable":true,"href":"https:\/\/www.casaldelsinfants.org\/es\/wp-json\/wp\/v2\/media\/3641"}],"wp:attachment":[{"href":"https:\/\/www.casaldelsinfants.org\/es\/wp-json\/wp\/v2\/media?parent=4560"}],"wp:term":[{"taxonomy":"category","embeddable":true,"href":"https:\/\/www.casaldelsinfants.org\/es\/wp-json\/wp\/v2\/categories?post=4560"},{"taxonomy":"post_tag","embeddable":true,"href":"https:\/\/www.casaldelsinfants.org\/es\/wp-json\/wp\/v2\/tags?post=4560"},{"taxonomy":"seus","embeddable":true,"href":"https:\/\/www.casaldelsinfants.org\/es\/wp-json\/wp\/v2\/seus?post=4560"},{"taxonomy":"eixos","embeddable":true,"href":"https:\/\/www.casaldelsinfants.org\/es\/wp-json\/wp\/v2\/eixos?post=4560"}],"curies":[{"name":"wp","href":"https:\/\/api.w.org\/{rel}","templated":true}]}}